{"id":7626,"date":"2023-05-16T10:17:38","date_gmt":"2023-05-16T10:17:38","guid":{"rendered":"https:\/\/arte351.pt\/art\/?p=7626"},"modified":"2023-05-16T10:26:53","modified_gmt":"2023-05-16T10:26:53","slug":"feira-das-colheitas-arouca-2023-uma-celebracao-de-tradicoes-e-sabores","status":"publish","type":"post","link":"https:\/\/arte351.pt\/art\/2023\/05\/16\/feira-das-colheitas-arouca-2023-uma-celebracao-de-tradicoes-e-sabores\/","title":{"rendered":"Feira das Colheitas Arouca 2023: Uma celebra\u00e7\u00e3o de tradi\u00e7\u00f5es e sabores"},"content":{"rendered":"<p>Arouca est\u00e1 a se preparar para receber a t\u00e3o esperada <strong>Feira das Colheitas Arouca 2023<\/strong>, um evento que atrai visitantes de todo o pa\u00eds em busca de uma experi\u00eancia \u00fanica e aut\u00eantica. Esta celebra\u00e7\u00e3o anual, que acontecer\u00e1 de 21 a 24 de setembro, promete encantar os participantes com uma variedade de atividades culturais, gastron\u00f3micas e folcl\u00f3ricas.<\/p>\n<p>A <strong>Feira das Colheitas Arouca 2023<\/strong> \u00e9 um evento tradicional que remonta \u00e0s ra\u00edzes agr\u00edcolas da regi\u00e3o de Arouca. Ela representa a gratid\u00e3o pela colheita abundante e \u00e9 uma oportunidade para os agricultores locais mostrarem o fruto do seu trabalho \u00e1rduo ao longo do ano. A atmosfera vibrante e acolhedora da feira reflete a identidade cultural e a hospitalidade do povo de Arouca.<\/p>\n<p>Durante os quatro dias de festividades, os visitantes poder\u00e3o explorar uma ampla variedade de barracas tem\u00e1ticas, onde agricultores, produtores locais e artes\u00e3os exibir\u00e3o seus produtos e habilidades. Desde frutas frescas e legumes coloridos at\u00e9 queijos artesanais, mel, compotas e vinhos regionais, a feira oferece uma verdadeira festa para os sentidos. Os visitantes tamb\u00e9m ter\u00e3o a oportunidade de adquirir artesanato local, como tecelagem, cestaria e cer\u00e1mica, para levar para casa como lembran\u00e7a.<\/p>\n<p>Al\u00e9m disso, a<strong> Feira das Colheitas<\/strong> apresenta um programa cultural diversificado, com apresenta\u00e7\u00f5es de m\u00fasica tradicional, dan\u00e7as folcl\u00f3ricas e teatro. Os grupos locais demonstram o seu talento em espet\u00e1culos emocionantes, repletos de tradi\u00e7\u00e3o e hist\u00f3ria. Os visitantes poder\u00e3o vivenciar de perto a riqueza cultural e o folclore da regi\u00e3o de Arouca, mergulhando em tradi\u00e7\u00f5es que foram preservadas ao longo dos anos.<\/p>\n<p>Uma das atra\u00e7\u00f5es mais esperadas da feira \u00e9, sem d\u00favida, a deliciosa gastronomia local. Os restaurantes e tasquinhas montados especialmente para o evento oferecem pratos t\u00edpicos da regi\u00e3o, preparados com ingredientes frescos e sabores aut\u00eanticos. Dos famosos pratos de carne, como a vitela arouquesa e o cabrito assado, aos doces conventuais e licores tradicionais, os visitantes ter\u00e3o a oportunidade de saborear a verdadeira culin\u00e1ria de Arouca.<\/p>\n<p>Al\u00e9m disso, a Feira das Colheitas tamb\u00e9m promove atividades educativas e l\u00fadicas para crian\u00e7as e fam\u00edlias. Oficinas de artesanato, jogos tradicionais e passeios de charrete s\u00e3o algumas das op\u00e7\u00f5es dispon\u00edveis para entreter os mais jovens. \u00c9 uma oportunidade perfeita para as fam\u00edlias desfrutarem de momentos memor\u00e1veis juntos, ao mesmo tempo em que aprendem sobre a import\u00e2ncia da agricultura e da preserva\u00e7\u00e3o das tradi\u00e7\u00f5es.<\/p>\n<p>A <strong>Feira das Colheitas de Arouca 2023<\/strong> promete ser um evento emocionante, reunindo pessoas de todas as idades e proporcionando uma experi\u00eancia aut\u00eantica no cora\u00e7\u00e3o da regi\u00e3o.<\/p>\n<p>&nbsp;<\/p>\n<h3>Feira das Colheitas Arouca 2023 &#8211; Programa<\/h3>\n<p>O programa incluir\u00e1 ainda concursos de produtos agr\u00edcolas, como o &#8220;Melhor Queijo de Arouca&#8221; e o &#8220;Melhor Doce Caseiro&#8221;, nos quais os participantes competir\u00e3o para mostrar sua habilidade e talento na produ\u00e7\u00e3o desses alimentos tradicionais.<\/p>\n<p>Al\u00e9m disso, os visitantes ter\u00e3o a oportunidade de explorar as belezas naturais de Arouca, aproveitando passeios guiados pelas paisagens deslumbrantes da regi\u00e3o. Caminhadas pelas serras, visitas a miradouros panor\u00e2micos e trilhas ao ar livre ser\u00e3o organizadas para aqueles que desejam conectar-se com a natureza e desfrutar da serenidade do ambiente rural.<\/p>\n<p>A <strong>Feira das Colheitas de Arouca<\/strong> \u00e9 muito mais do que um simples evento. Ela \u00e9 uma celebra\u00e7\u00e3o do esp\u00edrito comunit\u00e1rio, da hist\u00f3ria e das tradi\u00e7\u00f5es que moldaram essa regi\u00e3o. Ao participar desse evento, os visitantes ter\u00e3o a oportunidade de mergulhar na cultura local, conhecer pessoas amig\u00e1veis e aut\u00eanticas, al\u00e9m de desfrutar da deliciosa gastronomia e da beleza natural de Arouca.<\/p>\n<p>A organiza\u00e7\u00e3o da <strong>Feira das Colheitas de Arouca 2023<\/strong> est\u00e1 empenhada em garantir a seguran\u00e7a e o bem-estar de todos os participantes. Medidas de sa\u00fade e higiene ser\u00e3o implementadas, seguindo as diretrizes das autoridades locais e nacionais, para garantir que o evento seja realizado de forma segura e respons\u00e1vel.<\/p>\n<p>Portanto, marque suas agendas e prepare-se para uma experi\u00eancia inesquec\u00edvel na <strong>Feira das Colheitas de Arouca 2023<\/strong>. Venha descobrir os encantos dessa regi\u00e3o, saborear os sabores aut\u00eanticos, vivenciar a cultura local e criar mem\u00f3rias duradouras. Arouca espera por voc\u00ea de bra\u00e7os abertos para celebrar as colheitas e a tradi\u00e7\u00e3o!<\/p>\n","protected":false},"excerpt":{"rendered":"<p>Arouca est\u00e1 a se preparar para receber a t\u00e3o esperada Feira das Colheitas Arouca 2023, um evento que atrai visitantes de todo o pa\u00eds em busca de uma experi\u00eancia \u00fanica [&hellip;]<\/p>\n","protected":false},"author":3,"featured_media":7628,"comment_status":"closed","ping_status":"closed","sticky":false,"template":"","format":"standard","meta":{"_exactmetrics_skip_tracking":false,"_exactmetrics_sitenote_active":false,"_exactmetrics_sitenote_note":"","_exactmetrics_sitenote_category":0,"_uf_show_specific_survey":0,"_uf_disable_surveys":false,"footnotes":""},"categories":[1],"tags":[1860,1861],"class_list":["post-7626","post","type-post","status-publish","format-standard","has-post-thumbnail","hentry","category-sem-categoria","tag-arouca","tag-feira-das-colheitas"],"yoast_head":"<!-- This site is optimized with the Yoast SEO plugin v27.3 - https:\/\/yoast.com\/product\/yoast-seo-wordpress\/ -->\n<title>Feira das Colheitas Arouca 2023: Uma celebra\u00e7\u00e3o de tradi\u00e7\u00f5es e sabores - Arte351 - Art Magazine Portugal<\/title>\n<meta name=\"robots\" content=\"index, follow, max-snippet:-1, max-image-preview:large, max-video-preview:-1\" \/>\n<link rel=\"canonical\" href=\"https:\/\/arte351.pt\/art\/2023\/05\/16\/feira-das-colheitas-arouca-2023-uma-celebracao-de-tradicoes-e-sabores\/\" \/>\n<meta property=\"og:locale\" content=\"pt_BR\" \/>\n<meta property=\"og:type\" content=\"article\" \/>\n<meta property=\"og:title\" content=\"Feira das Colheitas Arouca 2023: Uma celebra\u00e7\u00e3o de tradi\u00e7\u00f5es e sabores - Arte351 - Art Magazine Portugal\" \/>\n<meta property=\"og:description\" content=\"Arouca est\u00e1 a se preparar para receber a t\u00e3o esperada Feira das Colheitas Arouca 2023, um evento que atrai visitantes de todo o pa\u00eds em busca de uma experi\u00eancia \u00fanica [&hellip;]\" \/>\n<meta property=\"og:url\" content=\"https:\/\/arte351.pt\/art\/2023\/05\/16\/feira-das-colheitas-arouca-2023-uma-celebracao-de-tradicoes-e-sabores\/\" \/>\n<meta property=\"og:site_name\" content=\"Arte351 - Art Magazine Portugal\" \/>\n<meta property=\"article:publisher\" content=\"https:\/\/www.facebook.com\/arte351magazine\/\" \/>\n<meta property=\"article:published_time\" content=\"2023-05-16T10:17:38+00:00\" \/>\n<meta property=\"article:modified_time\" content=\"2023-05-16T10:26:53+00:00\" \/>\n<meta property=\"og:image\" content=\"https:\/\/arte351.pt\/art\/wp-content\/uploads\/2023\/05\/Feira-das-Colheitas-Arouca-2023.jpg\" \/>\n\t<meta property=\"og:image:width\" content=\"1200\" \/>\n\t<meta property=\"og:image:height\" content=\"578\" \/>\n\t<meta property=\"og:image:type\" content=\"image\/jpeg\" \/>\n<meta name=\"author\" content=\"Equipa Arte351\" \/>\n<meta name=\"twitter:label1\" content=\"Escrito por\" \/>\n\t<meta name=\"twitter:data1\" content=\"Equipa Arte351\" \/>\n\t<meta name=\"twitter:label2\" content=\"Est. tempo de leitura\" \/>\n\t<meta name=\"twitter:data2\" content=\"4 minutos\" \/>\n<script type=\"application\/ld+json\" class=\"yoast-schema-graph\">{\"@context\":\"https:\\\/\\\/schema.org\",\"@graph\":[{\"@type\":\"Article\",\"@id\":\"https:\\\/\\\/arte351.pt\\\/art\\\/2023\\\/05\\\/16\\\/feira-das-colheitas-arouca-2023-uma-celebracao-de-tradicoes-e-sabores\\\/#article\",\"isPartOf\":{\"@id\":\"https:\\\/\\\/arte351.pt\\\/art\\\/2023\\\/05\\\/16\\\/feira-das-colheitas-arouca-2023-uma-celebracao-de-tradicoes-e-sabores\\\/\"},\"author\":{\"name\":\"Equipa Arte351\",\"@id\":\"https:\\\/\\\/arte351.pt\\\/art\\\/#\\\/schema\\\/person\\\/f2cfae59497206be61c53c217757b930\"},\"headline\":\"Feira das Colheitas Arouca 2023: Uma celebra\u00e7\u00e3o de tradi\u00e7\u00f5es e sabores\",\"datePublished\":\"2023-05-16T10:17:38+00:00\",\"dateModified\":\"2023-05-16T10:26:53+00:00\",\"mainEntityOfPage\":{\"@id\":\"https:\\\/\\\/arte351.pt\\\/art\\\/2023\\\/05\\\/16\\\/feira-das-colheitas-arouca-2023-uma-celebracao-de-tradicoes-e-sabores\\\/\"},\"wordCount\":742,\"publisher\":{\"@id\":\"https:\\\/\\\/arte351.pt\\\/art\\\/#organization\"},\"image\":{\"@id\":\"https:\\\/\\\/arte351.pt\\\/art\\\/2023\\\/05\\\/16\\\/feira-das-colheitas-arouca-2023-uma-celebracao-de-tradicoes-e-sabores\\\/#primaryimage\"},\"thumbnailUrl\":\"https:\\\/\\\/arte351.pt\\\/art\\\/wp-content\\\/uploads\\\/2023\\\/05\\\/Feira-das-Colheitas-Arouca-2023.jpg\",\"keywords\":[\"Arouca\",\"Feira das Colheitas\"],\"articleSection\":[\"Blog ARTE-351\"],\"inLanguage\":\"pt-BR\"},{\"@type\":\"WebPage\",\"@id\":\"https:\\\/\\\/arte351.pt\\\/art\\\/2023\\\/05\\\/16\\\/feira-das-colheitas-arouca-2023-uma-celebracao-de-tradicoes-e-sabores\\\/\",\"url\":\"https:\\\/\\\/arte351.pt\\\/art\\\/2023\\\/05\\\/16\\\/feira-das-colheitas-arouca-2023-uma-celebracao-de-tradicoes-e-sabores\\\/\",\"name\":\"Feira das Colheitas Arouca 2023: Uma celebra\u00e7\u00e3o de tradi\u00e7\u00f5es e sabores - Arte351 - Art Magazine Portugal\",\"isPartOf\":{\"@id\":\"https:\\\/\\\/arte351.pt\\\/art\\\/#website\"},\"primaryImageOfPage\":{\"@id\":\"https:\\\/\\\/arte351.pt\\\/art\\\/2023\\\/05\\\/16\\\/feira-das-colheitas-arouca-2023-uma-celebracao-de-tradicoes-e-sabores\\\/#primaryimage\"},\"image\":{\"@id\":\"https:\\\/\\\/arte351.pt\\\/art\\\/2023\\\/05\\\/16\\\/feira-das-colheitas-arouca-2023-uma-celebracao-de-tradicoes-e-sabores\\\/#primaryimage\"},\"thumbnailUrl\":\"https:\\\/\\\/arte351.pt\\\/art\\\/wp-content\\\/uploads\\\/2023\\\/05\\\/Feira-das-Colheitas-Arouca-2023.jpg\",\"datePublished\":\"2023-05-16T10:17:38+00:00\",\"dateModified\":\"2023-05-16T10:26:53+00:00\",\"breadcrumb\":{\"@id\":\"https:\\\/\\\/arte351.pt\\\/art\\\/2023\\\/05\\\/16\\\/feira-das-colheitas-arouca-2023-uma-celebracao-de-tradicoes-e-sabores\\\/#breadcrumb\"},\"inLanguage\":\"pt-BR\",\"potentialAction\":[{\"@type\":\"ReadAction\",\"target\":[\"https:\\\/\\\/arte351.pt\\\/art\\\/2023\\\/05\\\/16\\\/feira-das-colheitas-arouca-2023-uma-celebracao-de-tradicoes-e-sabores\\\/\"]}]},{\"@type\":\"ImageObject\",\"inLanguage\":\"pt-BR\",\"@id\":\"https:\\\/\\\/arte351.pt\\\/art\\\/2023\\\/05\\\/16\\\/feira-das-colheitas-arouca-2023-uma-celebracao-de-tradicoes-e-sabores\\\/#primaryimage\",\"url\":\"https:\\\/\\\/arte351.pt\\\/art\\\/wp-content\\\/uploads\\\/2023\\\/05\\\/Feira-das-Colheitas-Arouca-2023.jpg\",\"contentUrl\":\"https:\\\/\\\/arte351.pt\\\/art\\\/wp-content\\\/uploads\\\/2023\\\/05\\\/Feira-das-Colheitas-Arouca-2023.jpg\",\"width\":1200,\"height\":578},{\"@type\":\"BreadcrumbList\",\"@id\":\"https:\\\/\\\/arte351.pt\\\/art\\\/2023\\\/05\\\/16\\\/feira-das-colheitas-arouca-2023-uma-celebracao-de-tradicoes-e-sabores\\\/#breadcrumb\",\"itemListElement\":[{\"@type\":\"ListItem\",\"position\":1,\"name\":\"In\u00edcio\",\"item\":\"https:\\\/\\\/arte351.pt\\\/art\\\/\"},{\"@type\":\"ListItem\",\"position\":2,\"name\":\"Feira das Colheitas Arouca 2023: Uma celebra\u00e7\u00e3o de tradi\u00e7\u00f5es e sabores\"}]},{\"@type\":\"WebSite\",\"@id\":\"https:\\\/\\\/arte351.pt\\\/art\\\/#website\",\"url\":\"https:\\\/\\\/arte351.pt\\\/art\\\/\",\"name\":\"Arte351 - Art Magazine Portugal\",\"description\":\"\",\"publisher\":{\"@id\":\"https:\\\/\\\/arte351.pt\\\/art\\\/#organization\"},\"potentialAction\":[{\"@type\":\"SearchAction\",\"target\":{\"@type\":\"EntryPoint\",\"urlTemplate\":\"https:\\\/\\\/arte351.pt\\\/art\\\/?s={search_term_string}\"},\"query-input\":{\"@type\":\"PropertyValueSpecification\",\"valueRequired\":true,\"valueName\":\"search_term_string\"}}],\"inLanguage\":\"pt-BR\"},{\"@type\":\"Organization\",\"@id\":\"https:\\\/\\\/arte351.pt\\\/art\\\/#organization\",\"name\":\"Arte351 - Art Magazine Portugal\",\"url\":\"https:\\\/\\\/arte351.pt\\\/art\\\/\",\"logo\":{\"@type\":\"ImageObject\",\"inLanguage\":\"pt-BR\",\"@id\":\"https:\\\/\\\/arte351.pt\\\/art\\\/#\\\/schema\\\/logo\\\/image\\\/\",\"url\":\"https:\\\/\\\/arte351.pt\\\/art\\\/wp-content\\\/uploads\\\/2020\\\/03\\\/cropped-logo-arte351-color.png\",\"contentUrl\":\"https:\\\/\\\/arte351.pt\\\/art\\\/wp-content\\\/uploads\\\/2020\\\/03\\\/cropped-logo-arte351-color.png\",\"width\":514,\"height\":200,\"caption\":\"Arte351 - Art Magazine Portugal\"},\"image\":{\"@id\":\"https:\\\/\\\/arte351.pt\\\/art\\\/#\\\/schema\\\/logo\\\/image\\\/\"},\"sameAs\":[\"https:\\\/\\\/www.facebook.com\\\/arte351magazine\\\/\"]},{\"@type\":\"Person\",\"@id\":\"https:\\\/\\\/arte351.pt\\\/art\\\/#\\\/schema\\\/person\\\/f2cfae59497206be61c53c217757b930\",\"name\":\"Equipa Arte351\",\"image\":{\"@type\":\"ImageObject\",\"inLanguage\":\"pt-BR\",\"@id\":\"https:\\\/\\\/secure.gravatar.com\\\/avatar\\\/6caca56323d52e15e83fc5635240c86f7e52fd46fa8d5df9a709d99f5aa1638e?s=96&d=mm&r=g\",\"url\":\"https:\\\/\\\/secure.gravatar.com\\\/avatar\\\/6caca56323d52e15e83fc5635240c86f7e52fd46fa8d5df9a709d99f5aa1638e?s=96&d=mm&r=g\",\"contentUrl\":\"https:\\\/\\\/secure.gravatar.com\\\/avatar\\\/6caca56323d52e15e83fc5635240c86f7e52fd46fa8d5df9a709d99f5aa1638e?s=96&d=mm&r=g\",\"caption\":\"Equipa Arte351\"},\"url\":\"https:\\\/\\\/arte351.pt\\\/art\\\/author\\\/caroleenbass\\\/\"}]}<\/script>\n<!-- \/ Yoast SEO plugin. -->","yoast_head_json":{"title":"Feira das Colheitas Arouca 2023: Uma celebra\u00e7\u00e3o de tradi\u00e7\u00f5es e sabores - Arte351 - Art Magazine Portugal","robots":{"index":"index","follow":"follow","max-snippet":"max-snippet:-1","max-image-preview":"max-image-preview:large","max-video-preview":"max-video-preview:-1"},"canonical":"https:\/\/arte351.pt\/art\/2023\/05\/16\/feira-das-colheitas-arouca-2023-uma-celebracao-de-tradicoes-e-sabores\/","og_locale":"pt_BR","og_type":"article","og_title":"Feira das Colheitas Arouca 2023: Uma celebra\u00e7\u00e3o de tradi\u00e7\u00f5es e sabores - Arte351 - Art Magazine Portugal","og_description":"Arouca est\u00e1 a se preparar para receber a t\u00e3o esperada Feira das Colheitas Arouca 2023, um evento que atrai visitantes de todo o pa\u00eds em busca de uma experi\u00eancia \u00fanica [&hellip;]","og_url":"https:\/\/arte351.pt\/art\/2023\/05\/16\/feira-das-colheitas-arouca-2023-uma-celebracao-de-tradicoes-e-sabores\/","og_site_name":"Arte351 - Art Magazine Portugal","article_publisher":"https:\/\/www.facebook.com\/arte351magazine\/","article_published_time":"2023-05-16T10:17:38+00:00","article_modified_time":"2023-05-16T10:26:53+00:00","og_image":[{"width":1200,"height":578,"url":"https:\/\/arte351.pt\/art\/wp-content\/uploads\/2023\/05\/Feira-das-Colheitas-Arouca-2023.jpg","type":"image\/jpeg"}],"author":"Equipa Arte351","twitter_misc":{"Escrito por":"Equipa Arte351","Est. tempo de leitura":"4 minutos"},"schema":{"@context":"https:\/\/schema.org","@graph":[{"@type":"Article","@id":"https:\/\/arte351.pt\/art\/2023\/05\/16\/feira-das-colheitas-arouca-2023-uma-celebracao-de-tradicoes-e-sabores\/#article","isPartOf":{"@id":"https:\/\/arte351.pt\/art\/2023\/05\/16\/feira-das-colheitas-arouca-2023-uma-celebracao-de-tradicoes-e-sabores\/"},"author":{"name":"Equipa Arte351","@id":"https:\/\/arte351.pt\/art\/#\/schema\/person\/f2cfae59497206be61c53c217757b930"},"headline":"Feira das Colheitas Arouca 2023: Uma celebra\u00e7\u00e3o de tradi\u00e7\u00f5es e sabores","datePublished":"2023-05-16T10:17:38+00:00","dateModified":"2023-05-16T10:26:53+00:00","mainEntityOfPage":{"@id":"https:\/\/arte351.pt\/art\/2023\/05\/16\/feira-das-colheitas-arouca-2023-uma-celebracao-de-tradicoes-e-sabores\/"},"wordCount":742,"publisher":{"@id":"https:\/\/arte351.pt\/art\/#organization"},"image":{"@id":"https:\/\/arte351.pt\/art\/2023\/05\/16\/feira-das-colheitas-arouca-2023-uma-celebracao-de-tradicoes-e-sabores\/#primaryimage"},"thumbnailUrl":"https:\/\/arte351.pt\/art\/wp-content\/uploads\/2023\/05\/Feira-das-Colheitas-Arouca-2023.jpg","keywords":["Arouca","Feira das Colheitas"],"articleSection":["Blog ARTE-351"],"inLanguage":"pt-BR"},{"@type":"WebPage","@id":"https:\/\/arte351.pt\/art\/2023\/05\/16\/feira-das-colheitas-arouca-2023-uma-celebracao-de-tradicoes-e-sabores\/","url":"https:\/\/arte351.pt\/art\/2023\/05\/16\/feira-das-colheitas-arouca-2023-uma-celebracao-de-tradicoes-e-sabores\/","name":"Feira das Colheitas Arouca 2023: Uma celebra\u00e7\u00e3o de tradi\u00e7\u00f5es e sabores - Arte351 - Art Magazine Portugal","isPartOf":{"@id":"https:\/\/arte351.pt\/art\/#website"},"primaryImageOfPage":{"@id":"https:\/\/arte351.pt\/art\/2023\/05\/16\/feira-das-colheitas-arouca-2023-uma-celebracao-de-tradicoes-e-sabores\/#primaryimage"},"image":{"@id":"https:\/\/arte351.pt\/art\/2023\/05\/16\/feira-das-colheitas-arouca-2023-uma-celebracao-de-tradicoes-e-sabores\/#primaryimage"},"thumbnailUrl":"https:\/\/arte351.pt\/art\/wp-content\/uploads\/2023\/05\/Feira-das-Colheitas-Arouca-2023.jpg","datePublished":"2023-05-16T10:17:38+00:00","dateModified":"2023-05-16T10:26:53+00:00","breadcrumb":{"@id":"https:\/\/arte351.pt\/art\/2023\/05\/16\/feira-das-colheitas-arouca-2023-uma-celebracao-de-tradicoes-e-sabores\/#breadcrumb"},"inLanguage":"pt-BR","potentialAction":[{"@type":"ReadAction","target":["https:\/\/arte351.pt\/art\/2023\/05\/16\/feira-das-colheitas-arouca-2023-uma-celebracao-de-tradicoes-e-sabores\/"]}]},{"@type":"ImageObject","inLanguage":"pt-BR","@id":"https:\/\/arte351.pt\/art\/2023\/05\/16\/feira-das-colheitas-arouca-2023-uma-celebracao-de-tradicoes-e-sabores\/#primaryimage","url":"https:\/\/arte351.pt\/art\/wp-content\/uploads\/2023\/05\/Feira-das-Colheitas-Arouca-2023.jpg","contentUrl":"https:\/\/arte351.pt\/art\/wp-content\/uploads\/2023\/05\/Feira-das-Colheitas-Arouca-2023.jpg","width":1200,"height":578},{"@type":"BreadcrumbList","@id":"https:\/\/arte351.pt\/art\/2023\/05\/16\/feira-das-colheitas-arouca-2023-uma-celebracao-de-tradicoes-e-sabores\/#breadcrumb","itemListElement":[{"@type":"ListItem","position":1,"name":"In\u00edcio","item":"https:\/\/arte351.pt\/art\/"},{"@type":"ListItem","position":2,"name":"Feira das Colheitas Arouca 2023: Uma celebra\u00e7\u00e3o de tradi\u00e7\u00f5es e sabores"}]},{"@type":"WebSite","@id":"https:\/\/arte351.pt\/art\/#website","url":"https:\/\/arte351.pt\/art\/","name":"Arte351 - Art Magazine Portugal","description":"","publisher":{"@id":"https:\/\/arte351.pt\/art\/#organization"},"potentialAction":[{"@type":"SearchAction","target":{"@type":"EntryPoint","urlTemplate":"https:\/\/arte351.pt\/art\/?s={search_term_string}"},"query-input":{"@type":"PropertyValueSpecification","valueRequired":true,"valueName":"search_term_string"}}],"inLanguage":"pt-BR"},{"@type":"Organization","@id":"https:\/\/arte351.pt\/art\/#organization","name":"Arte351 - Art Magazine Portugal","url":"https:\/\/arte351.pt\/art\/","logo":{"@type":"ImageObject","inLanguage":"pt-BR","@id":"https:\/\/arte351.pt\/art\/#\/schema\/logo\/image\/","url":"https:\/\/arte351.pt\/art\/wp-content\/uploads\/2020\/03\/cropped-logo-arte351-color.png","contentUrl":"https:\/\/arte351.pt\/art\/wp-content\/uploads\/2020\/03\/cropped-logo-arte351-color.png","width":514,"height":200,"caption":"Arte351 - Art Magazine Portugal"},"image":{"@id":"https:\/\/arte351.pt\/art\/#\/schema\/logo\/image\/"},"sameAs":["https:\/\/www.facebook.com\/arte351magazine\/"]},{"@type":"Person","@id":"https:\/\/arte351.pt\/art\/#\/schema\/person\/f2cfae59497206be61c53c217757b930","name":"Equipa Arte351","image":{"@type":"ImageObject","inLanguage":"pt-BR","@id":"https:\/\/secure.gravatar.com\/avatar\/6caca56323d52e15e83fc5635240c86f7e52fd46fa8d5df9a709d99f5aa1638e?s=96&d=mm&r=g","url":"https:\/\/secure.gravatar.com\/avatar\/6caca56323d52e15e83fc5635240c86f7e52fd46fa8d5df9a709d99f5aa1638e?s=96&d=mm&r=g","contentUrl":"https:\/\/secure.gravatar.com\/avatar\/6caca56323d52e15e83fc5635240c86f7e52fd46fa8d5df9a709d99f5aa1638e?s=96&d=mm&r=g","caption":"Equipa Arte351"},"url":"https:\/\/arte351.pt\/art\/author\/caroleenbass\/"}]}},"_links":{"self":[{"href":"https:\/\/arte351.pt\/art\/wp-json\/wp\/v2\/posts\/7626","targetHints":{"allow":["GET"]}}],"collection":[{"href":"https:\/\/arte351.pt\/art\/wp-json\/wp\/v2\/posts"}],"about":[{"href":"https:\/\/arte351.pt\/art\/wp-json\/wp\/v2\/types\/post"}],"author":[{"embeddable":true,"href":"https:\/\/arte351.pt\/art\/wp-json\/wp\/v2\/users\/3"}],"replies":[{"embeddable":true,"href":"https:\/\/arte351.pt\/art\/wp-json\/wp\/v2\/comments?post=7626"}],"version-history":[{"count":1,"href":"https:\/\/arte351.pt\/art\/wp-json\/wp\/v2\/posts\/7626\/revisions"}],"predecessor-version":[{"id":7627,"href":"https:\/\/arte351.pt\/art\/wp-json\/wp\/v2\/posts\/7626\/revisions\/7627"}],"wp:featuredmedia":[{"embeddable":true,"href":"https:\/\/arte351.pt\/art\/wp-json\/wp\/v2\/media\/7628"}],"wp:attachment":[{"href":"https:\/\/arte351.pt\/art\/wp-json\/wp\/v2\/media?parent=7626"}],"wp:term":[{"taxonomy":"category","embeddable":true,"href":"https:\/\/arte351.pt\/art\/wp-json\/wp\/v2\/categories?post=7626"},{"taxonomy":"post_tag","embeddable":true,"href":"https:\/\/arte351.pt\/art\/wp-json\/wp\/v2\/tags?post=7626"}],"curies":[{"name":"wp","href":"https:\/\/api.w.org\/{rel}","templated":true}]}}