{"id":7632,"date":"2023-05-16T10:53:56","date_gmt":"2023-05-16T10:53:56","guid":{"rendered":"https:\/\/arte351.pt\/art\/?p=7632"},"modified":"2023-05-16T10:53:56","modified_gmt":"2023-05-16T10:53:56","slug":"universidade-portucalense-e-municipio-de-santo-tirso-celebram-dia-internacional-dos-museus-com-visitas-guiadas","status":"publish","type":"post","link":"https:\/\/arte351.pt\/art\/2023\/05\/16\/universidade-portucalense-e-municipio-de-santo-tirso-celebram-dia-internacional-dos-museus-com-visitas-guiadas\/","title":{"rendered":"Universidade Portucalense e Munic\u00edpio de Santo Tirso celebram Dia Internacional dos Museus com visitas guiadas"},"content":{"rendered":"<p>No dia 18 de maio, a Universidade Portucalense (UPT) e o Munic\u00edpio de Santo Tirso unem-se para promover visitas guiadas a diversos museus e locais hist\u00f3ricos em comemora\u00e7\u00e3o ao Dia Internacional dos Museus. O tema deste ano, proposto pela ICOM Internacional, \u00e9 &#8220;Museus, Sustentabilidade e Bem-Estar&#8221;, visando contribuir para o desenvolvimento sustent\u00e1vel das comunidades.<\/p>\n<p>O evento ter\u00e1 in\u00edcio \u00e0s 14h, com a rece\u00e7\u00e3o dos participantes no Museu Municipal Abade Pedrosa, onde \u00c1lvaro Moreira, diretor do MIEC|MMAP e do CAAC, e diretor do Departamento de Desenvolvimento Econ\u00f3mico, Emprego e Cultura, guiar\u00e1 os visitantes pelos diversos equipamentos culturais do Munic\u00edpio de Santo Tirso, al\u00e9m do Mosteiro Beneditino de Santo Tirso.<\/p>\n<p>F\u00e1tima Matos Silva, docente do departamento de Turismo, Patrim\u00f3nio e Cultura da UPT, e coordenadora do projeto Cultura@Portucalense, e Isabel Vaz de Freitas, diretora do Departamento de Turismo, Patrim\u00f3nio e Cultura da UPT, tamb\u00e9m acompanhar\u00e3o a visita guiada.<\/p>\n<p>Al\u00e9m dos museus e do Centro de Arte Alberto Carneiro (CAAC), o itiner\u00e1rio inclui a visita ao Mosteiro de S. Bento, um monumento nacional desde 1910, que abrange uma \u00e1rea de 14,5 hectares e \u00e9 composto pela igreja, convento, cerca e cruzeiro processional.<\/p>\n<p>A participa\u00e7\u00e3o no evento \u00e9 gratuita, mas \u00e9 necess\u00e1rio realizar inscri\u00e7\u00e3o pr\u00e9via na p\u00e1gina do projeto Cultura@Portucalense. A iniciativa \u00e9 organizada pela Cultura@Portucalense e pelo Departamento de Turismo, Patrim\u00f3nio e Cultura da UPT, em parceria com o Munic\u00edpio de Santo Tirso.<\/p>\n<p>A Universidade Portucalense Infante D. Henrique (UPT) \u00e9 uma institui\u00e7\u00e3o de ensino superior cooperativo sediada na cidade do Porto, oferecendo programas de estudo e pesquisa em diversas \u00e1reas, incluindo Arquitetura e Urbanismo, Multim\u00e9dia e Artes, Direito e Solicitadoria, Rela\u00e7\u00f5es Internacionais e Diplomacia, Economia, Gest\u00e3o, Marketing, Engenharia e Gest\u00e3o Industrial, Engenharia Inform\u00e1tica, Sistemas de Informa\u00e7\u00e3o, Psicologia, Educa\u00e7\u00e3o, Turismo e Hospitalidade, Patrim\u00f3nio e Cultura.<\/p>\n<p>O Museu Municipal Abade Pedrosa (MMAP) est\u00e1 localizado na antiga hospedaria do Mosteiro de Santo Tirso, um monumento fundado em 978 e que foi ampliado no s\u00e9culo XVII. O museu exp\u00f5e objetos arqueol\u00f3gicos que abrangem desde o Paleol\u00edtico M\u00e9dio at\u00e9 a industrializa\u00e7\u00e3o, retratando o quotidiano das popula\u00e7\u00f5es ao longo da hist\u00f3ria da regi\u00e3o.<\/p>\n<p>O Museu Internacional de Escultura Contempor\u00e2nea de Santo Tirso (MIECST) \u00e9 uma refer\u00eancia art\u00edstica internacional que possui uma cole\u00e7\u00e3o diversificada de esculturas ao ar livre, distribu\u00eddas pelos espa\u00e7os e jardins da cidade. O MIECST conta com mais de<\/p>\n<p>50 propostas art\u00edsticas e \u00e9 dedicado \u00e0 arte contempor\u00e2nea.<\/p>\n<p>J\u00e1 o Centro de Arte Alberto Carneiro (CAAC) \u00e9 um local municipal destinado \u00e0 preserva\u00e7\u00e3o, pesquisa e divulga\u00e7\u00e3o do legado art\u00edstico do escultor Alberto Carneiro. O CAAC promove o desenvolvimento sustent\u00e1vel, a criatividade e a produ\u00e7\u00e3o de conhecimento, buscando sensibilizar o p\u00fablico para a express\u00e3o art\u00edstica, especialmente a arte ecol\u00f3gica defendida e trabalhada por Alberto Carneiro ao longo de sua vida.<\/p>\n<p>Com essa iniciativa conjunta, a UPT e o Munic\u00edpio de Santo Tirso refor\u00e7am o valor dos museus como ve\u00edculos de preserva\u00e7\u00e3o hist\u00f3rica, bem-estar, sustentabilidade e integra\u00e7\u00e3o social, enriquecendo a experi\u00eancia cultural da comunidade e incentivando a valoriza\u00e7\u00e3o do patrim\u00f3nio.<\/p>\n","protected":false},"excerpt":{"rendered":"<p>No dia 18 de maio, a Universidade Portucalense (UPT) e o Munic\u00edpio de Santo Tirso unem-se para promover visitas guiadas a diversos museus e locais hist\u00f3ricos em comemora\u00e7\u00e3o ao Dia [&hellip;]<\/p>\n","protected":false},"author":3,"featured_media":0,"comment_status":"closed","ping_status":"closed","sticky":false,"template":"","format":"standard","meta":{"_exactmetrics_skip_tracking":false,"_exactmetrics_sitenote_active":false,"_exactmetrics_sitenote_note":"","_exactmetrics_sitenote_category":0,"_uf_show_specific_survey":0,"_uf_disable_surveys":false,"footnotes":""},"categories":[1],"tags":[1862,1780],"class_list":["post-7632","post","type-post","status-publish","format-standard","hentry","category-sem-categoria","tag-municipio-de-santo-tirso","tag-universidade-portucalense"],"yoast_head":"<!-- This site is optimized with the Yoast SEO plugin v27.3 - https:\/\/yoast.com\/product\/yoast-seo-wordpress\/ -->\n<title>Universidade Portucalense e Munic\u00edpio de Santo Tirso celebram Dia Internacional dos Museus com visitas guiadas<\/title>\n<meta name=\"description\" content=\"a Universidade Portucalense (UPT) e o Munic\u00edpio de Santo Tirso unem-se para promover visitas guiadas.. leia mais aqui sobre\" \/>\n<meta name=\"robots\" content=\"index, follow, max-snippet:-1, max-image-preview:large, max-video-preview:-1\" \/>\n<link rel=\"canonical\" href=\"https:\/\/arte351.pt\/art\/2023\/05\/16\/universidade-portucalense-e-municipio-de-santo-tirso-celebram-dia-internacional-dos-museus-com-visitas-guiadas\/\" \/>\n<meta property=\"og:locale\" content=\"pt_BR\" \/>\n<meta property=\"og:type\" content=\"article\" \/>\n<meta property=\"og:title\" content=\"Universidade Portucalense e Munic\u00edpio de Santo Tirso celebram Dia Internacional dos Museus com visitas guiadas\" \/>\n<meta property=\"og:description\" content=\"a Universidade Portucalense (UPT) e o Munic\u00edpio de Santo Tirso unem-se para promover visitas guiadas.. leia mais aqui sobre\" \/>\n<meta property=\"og:url\" content=\"https:\/\/arte351.pt\/art\/2023\/05\/16\/universidade-portucalense-e-municipio-de-santo-tirso-celebram-dia-internacional-dos-museus-com-visitas-guiadas\/\" \/>\n<meta property=\"og:site_name\" content=\"Arte351 - Art Magazine Portugal\" \/>\n<meta property=\"article:publisher\" content=\"https:\/\/www.facebook.com\/arte351magazine\/\" \/>\n<meta property=\"article:published_time\" content=\"2023-05-16T10:53:56+00:00\" \/>\n<meta name=\"author\" content=\"Equipa Arte351\" \/>\n<meta name=\"twitter:label1\" content=\"Escrito por\" \/>\n\t<meta name=\"twitter:data1\" content=\"Equipa Arte351\" \/>\n\t<meta name=\"twitter:label2\" content=\"Est. tempo de leitura\" \/>\n\t<meta name=\"twitter:data2\" content=\"3 minutos\" \/>\n<script type=\"application\/ld+json\" class=\"yoast-schema-graph\">{\"@context\":\"https:\\\/\\\/schema.org\",\"@graph\":[{\"@type\":\"Article\",\"@id\":\"https:\\\/\\\/arte351.pt\\\/art\\\/2023\\\/05\\\/16\\\/universidade-portucalense-e-municipio-de-santo-tirso-celebram-dia-internacional-dos-museus-com-visitas-guiadas\\\/#article\",\"isPartOf\":{\"@id\":\"https:\\\/\\\/arte351.pt\\\/art\\\/2023\\\/05\\\/16\\\/universidade-portucalense-e-municipio-de-santo-tirso-celebram-dia-internacional-dos-museus-com-visitas-guiadas\\\/\"},\"author\":{\"name\":\"Equipa Arte351\",\"@id\":\"https:\\\/\\\/arte351.pt\\\/art\\\/#\\\/schema\\\/person\\\/f2cfae59497206be61c53c217757b930\"},\"headline\":\"Universidade Portucalense e Munic\u00edpio de Santo Tirso celebram Dia Internacional dos Museus com visitas guiadas\",\"datePublished\":\"2023-05-16T10:53:56+00:00\",\"mainEntityOfPage\":{\"@id\":\"https:\\\/\\\/arte351.pt\\\/art\\\/2023\\\/05\\\/16\\\/universidade-portucalense-e-municipio-de-santo-tirso-celebram-dia-internacional-dos-museus-com-visitas-guiadas\\\/\"},\"wordCount\":563,\"publisher\":{\"@id\":\"https:\\\/\\\/arte351.pt\\\/art\\\/#organization\"},\"keywords\":[\"Munic\u00edpio de Santo Tirso\",\"Universidade Portucalense\"],\"articleSection\":[\"Blog ARTE-351\"],\"inLanguage\":\"pt-BR\"},{\"@type\":\"WebPage\",\"@id\":\"https:\\\/\\\/arte351.pt\\\/art\\\/2023\\\/05\\\/16\\\/universidade-portucalense-e-municipio-de-santo-tirso-celebram-dia-internacional-dos-museus-com-visitas-guiadas\\\/\",\"url\":\"https:\\\/\\\/arte351.pt\\\/art\\\/2023\\\/05\\\/16\\\/universidade-portucalense-e-municipio-de-santo-tirso-celebram-dia-internacional-dos-museus-com-visitas-guiadas\\\/\",\"name\":\"Universidade Portucalense e Munic\u00edpio de Santo Tirso celebram Dia Internacional dos Museus com visitas guiadas\",\"isPartOf\":{\"@id\":\"https:\\\/\\\/arte351.pt\\\/art\\\/#website\"},\"datePublished\":\"2023-05-16T10:53:56+00:00\",\"description\":\"a Universidade Portucalense (UPT) e o Munic\u00edpio de Santo Tirso unem-se para promover visitas guiadas.. leia mais aqui sobre\",\"breadcrumb\":{\"@id\":\"https:\\\/\\\/arte351.pt\\\/art\\\/2023\\\/05\\\/16\\\/universidade-portucalense-e-municipio-de-santo-tirso-celebram-dia-internacional-dos-museus-com-visitas-guiadas\\\/#breadcrumb\"},\"inLanguage\":\"pt-BR\",\"potentialAction\":[{\"@type\":\"ReadAction\",\"target\":[\"https:\\\/\\\/arte351.pt\\\/art\\\/2023\\\/05\\\/16\\\/universidade-portucalense-e-municipio-de-santo-tirso-celebram-dia-internacional-dos-museus-com-visitas-guiadas\\\/\"]}]},{\"@type\":\"BreadcrumbList\",\"@id\":\"https:\\\/\\\/arte351.pt\\\/art\\\/2023\\\/05\\\/16\\\/universidade-portucalense-e-municipio-de-santo-tirso-celebram-dia-internacional-dos-museus-com-visitas-guiadas\\\/#breadcrumb\",\"itemListElement\":[{\"@type\":\"ListItem\",\"position\":1,\"name\":\"In\u00edcio\",\"item\":\"https:\\\/\\\/arte351.pt\\\/art\\\/\"},{\"@type\":\"ListItem\",\"position\":2,\"name\":\"Universidade Portucalense e Munic\u00edpio de Santo Tirso celebram Dia Internacional dos Museus com visitas guiadas\"}]},{\"@type\":\"WebSite\",\"@id\":\"https:\\\/\\\/arte351.pt\\\/art\\\/#website\",\"url\":\"https:\\\/\\\/arte351.pt\\\/art\\\/\",\"name\":\"Arte351 - Art Magazine Portugal\",\"description\":\"\",\"publisher\":{\"@id\":\"https:\\\/\\\/arte351.pt\\\/art\\\/#organization\"},\"potentialAction\":[{\"@type\":\"SearchAction\",\"target\":{\"@type\":\"EntryPoint\",\"urlTemplate\":\"https:\\\/\\\/arte351.pt\\\/art\\\/?s={search_term_string}\"},\"query-input\":{\"@type\":\"PropertyValueSpecification\",\"valueRequired\":true,\"valueName\":\"search_term_string\"}}],\"inLanguage\":\"pt-BR\"},{\"@type\":\"Organization\",\"@id\":\"https:\\\/\\\/arte351.pt\\\/art\\\/#organization\",\"name\":\"Arte351 - Art Magazine Portugal\",\"url\":\"https:\\\/\\\/arte351.pt\\\/art\\\/\",\"logo\":{\"@type\":\"ImageObject\",\"inLanguage\":\"pt-BR\",\"@id\":\"https:\\\/\\\/arte351.pt\\\/art\\\/#\\\/schema\\\/logo\\\/image\\\/\",\"url\":\"https:\\\/\\\/arte351.pt\\\/art\\\/wp-content\\\/uploads\\\/2020\\\/03\\\/cropped-logo-arte351-color.png\",\"contentUrl\":\"https:\\\/\\\/arte351.pt\\\/art\\\/wp-content\\\/uploads\\\/2020\\\/03\\\/cropped-logo-arte351-color.png\",\"width\":514,\"height\":200,\"caption\":\"Arte351 - Art Magazine Portugal\"},\"image\":{\"@id\":\"https:\\\/\\\/arte351.pt\\\/art\\\/#\\\/schema\\\/logo\\\/image\\\/\"},\"sameAs\":[\"https:\\\/\\\/www.facebook.com\\\/arte351magazine\\\/\"]},{\"@type\":\"Person\",\"@id\":\"https:\\\/\\\/arte351.pt\\\/art\\\/#\\\/schema\\\/person\\\/f2cfae59497206be61c53c217757b930\",\"name\":\"Equipa Arte351\",\"image\":{\"@type\":\"ImageObject\",\"inLanguage\":\"pt-BR\",\"@id\":\"https:\\\/\\\/secure.gravatar.com\\\/avatar\\\/6caca56323d52e15e83fc5635240c86f7e52fd46fa8d5df9a709d99f5aa1638e?s=96&d=mm&r=g\",\"url\":\"https:\\\/\\\/secure.gravatar.com\\\/avatar\\\/6caca56323d52e15e83fc5635240c86f7e52fd46fa8d5df9a709d99f5aa1638e?s=96&d=mm&r=g\",\"contentUrl\":\"https:\\\/\\\/secure.gravatar.com\\\/avatar\\\/6caca56323d52e15e83fc5635240c86f7e52fd46fa8d5df9a709d99f5aa1638e?s=96&d=mm&r=g\",\"caption\":\"Equipa Arte351\"},\"url\":\"https:\\\/\\\/arte351.pt\\\/art\\\/author\\\/caroleenbass\\\/\"}]}<\/script>\n<!-- \/ Yoast SEO plugin. -->","yoast_head_json":{"title":"Universidade Portucalense e Munic\u00edpio de Santo Tirso celebram Dia Internacional dos Museus com visitas guiadas","description":"a Universidade Portucalense (UPT) e o Munic\u00edpio de Santo Tirso unem-se para promover visitas guiadas.. leia mais aqui sobre","robots":{"index":"index","follow":"follow","max-snippet":"max-snippet:-1","max-image-preview":"max-image-preview:large","max-video-preview":"max-video-preview:-1"},"canonical":"https:\/\/arte351.pt\/art\/2023\/05\/16\/universidade-portucalense-e-municipio-de-santo-tirso-celebram-dia-internacional-dos-museus-com-visitas-guiadas\/","og_locale":"pt_BR","og_type":"article","og_title":"Universidade Portucalense e Munic\u00edpio de Santo Tirso celebram Dia Internacional dos Museus com visitas guiadas","og_description":"a Universidade Portucalense (UPT) e o Munic\u00edpio de Santo Tirso unem-se para promover visitas guiadas.. leia mais aqui sobre","og_url":"https:\/\/arte351.pt\/art\/2023\/05\/16\/universidade-portucalense-e-municipio-de-santo-tirso-celebram-dia-internacional-dos-museus-com-visitas-guiadas\/","og_site_name":"Arte351 - Art Magazine Portugal","article_publisher":"https:\/\/www.facebook.com\/arte351magazine\/","article_published_time":"2023-05-16T10:53:56+00:00","author":"Equipa Arte351","twitter_misc":{"Escrito por":"Equipa Arte351","Est. tempo de leitura":"3 minutos"},"schema":{"@context":"https:\/\/schema.org","@graph":[{"@type":"Article","@id":"https:\/\/arte351.pt\/art\/2023\/05\/16\/universidade-portucalense-e-municipio-de-santo-tirso-celebram-dia-internacional-dos-museus-com-visitas-guiadas\/#article","isPartOf":{"@id":"https:\/\/arte351.pt\/art\/2023\/05\/16\/universidade-portucalense-e-municipio-de-santo-tirso-celebram-dia-internacional-dos-museus-com-visitas-guiadas\/"},"author":{"name":"Equipa Arte351","@id":"https:\/\/arte351.pt\/art\/#\/schema\/person\/f2cfae59497206be61c53c217757b930"},"headline":"Universidade Portucalense e Munic\u00edpio de Santo Tirso celebram Dia Internacional dos Museus com visitas guiadas","datePublished":"2023-05-16T10:53:56+00:00","mainEntityOfPage":{"@id":"https:\/\/arte351.pt\/art\/2023\/05\/16\/universidade-portucalense-e-municipio-de-santo-tirso-celebram-dia-internacional-dos-museus-com-visitas-guiadas\/"},"wordCount":563,"publisher":{"@id":"https:\/\/arte351.pt\/art\/#organization"},"keywords":["Munic\u00edpio de Santo Tirso","Universidade Portucalense"],"articleSection":["Blog ARTE-351"],"inLanguage":"pt-BR"},{"@type":"WebPage","@id":"https:\/\/arte351.pt\/art\/2023\/05\/16\/universidade-portucalense-e-municipio-de-santo-tirso-celebram-dia-internacional-dos-museus-com-visitas-guiadas\/","url":"https:\/\/arte351.pt\/art\/2023\/05\/16\/universidade-portucalense-e-municipio-de-santo-tirso-celebram-dia-internacional-dos-museus-com-visitas-guiadas\/","name":"Universidade Portucalense e Munic\u00edpio de Santo Tirso celebram Dia Internacional dos Museus com visitas guiadas","isPartOf":{"@id":"https:\/\/arte351.pt\/art\/#website"},"datePublished":"2023-05-16T10:53:56+00:00","description":"a Universidade Portucalense (UPT) e o Munic\u00edpio de Santo Tirso unem-se para promover visitas guiadas.. leia mais aqui sobre","breadcrumb":{"@id":"https:\/\/arte351.pt\/art\/2023\/05\/16\/universidade-portucalense-e-municipio-de-santo-tirso-celebram-dia-internacional-dos-museus-com-visitas-guiadas\/#breadcrumb"},"inLanguage":"pt-BR","potentialAction":[{"@type":"ReadAction","target":["https:\/\/arte351.pt\/art\/2023\/05\/16\/universidade-portucalense-e-municipio-de-santo-tirso-celebram-dia-internacional-dos-museus-com-visitas-guiadas\/"]}]},{"@type":"BreadcrumbList","@id":"https:\/\/arte351.pt\/art\/2023\/05\/16\/universidade-portucalense-e-municipio-de-santo-tirso-celebram-dia-internacional-dos-museus-com-visitas-guiadas\/#breadcrumb","itemListElement":[{"@type":"ListItem","position":1,"name":"In\u00edcio","item":"https:\/\/arte351.pt\/art\/"},{"@type":"ListItem","position":2,"name":"Universidade Portucalense e Munic\u00edpio de Santo Tirso celebram Dia Internacional dos Museus com visitas guiadas"}]},{"@type":"WebSite","@id":"https:\/\/arte351.pt\/art\/#website","url":"https:\/\/arte351.pt\/art\/","name":"Arte351 - Art Magazine Portugal","description":"","publisher":{"@id":"https:\/\/arte351.pt\/art\/#organization"},"potentialAction":[{"@type":"SearchAction","target":{"@type":"EntryPoint","urlTemplate":"https:\/\/arte351.pt\/art\/?s={search_term_string}"},"query-input":{"@type":"PropertyValueSpecification","valueRequired":true,"valueName":"search_term_string"}}],"inLanguage":"pt-BR"},{"@type":"Organization","@id":"https:\/\/arte351.pt\/art\/#organization","name":"Arte351 - Art Magazine Portugal","url":"https:\/\/arte351.pt\/art\/","logo":{"@type":"ImageObject","inLanguage":"pt-BR","@id":"https:\/\/arte351.pt\/art\/#\/schema\/logo\/image\/","url":"https:\/\/arte351.pt\/art\/wp-content\/uploads\/2020\/03\/cropped-logo-arte351-color.png","contentUrl":"https:\/\/arte351.pt\/art\/wp-content\/uploads\/2020\/03\/cropped-logo-arte351-color.png","width":514,"height":200,"caption":"Arte351 - Art Magazine Portugal"},"image":{"@id":"https:\/\/arte351.pt\/art\/#\/schema\/logo\/image\/"},"sameAs":["https:\/\/www.facebook.com\/arte351magazine\/"]},{"@type":"Person","@id":"https:\/\/arte351.pt\/art\/#\/schema\/person\/f2cfae59497206be61c53c217757b930","name":"Equipa Arte351","image":{"@type":"ImageObject","inLanguage":"pt-BR","@id":"https:\/\/secure.gravatar.com\/avatar\/6caca56323d52e15e83fc5635240c86f7e52fd46fa8d5df9a709d99f5aa1638e?s=96&d=mm&r=g","url":"https:\/\/secure.gravatar.com\/avatar\/6caca56323d52e15e83fc5635240c86f7e52fd46fa8d5df9a709d99f5aa1638e?s=96&d=mm&r=g","contentUrl":"https:\/\/secure.gravatar.com\/avatar\/6caca56323d52e15e83fc5635240c86f7e52fd46fa8d5df9a709d99f5aa1638e?s=96&d=mm&r=g","caption":"Equipa Arte351"},"url":"https:\/\/arte351.pt\/art\/author\/caroleenbass\/"}]}},"_links":{"self":[{"href":"https:\/\/arte351.pt\/art\/wp-json\/wp\/v2\/posts\/7632","targetHints":{"allow":["GET"]}}],"collection":[{"href":"https:\/\/arte351.pt\/art\/wp-json\/wp\/v2\/posts"}],"about":[{"href":"https:\/\/arte351.pt\/art\/wp-json\/wp\/v2\/types\/post"}],"author":[{"embeddable":true,"href":"https:\/\/arte351.pt\/art\/wp-json\/wp\/v2\/users\/3"}],"replies":[{"embeddable":true,"href":"https:\/\/arte351.pt\/art\/wp-json\/wp\/v2\/comments?post=7632"}],"version-history":[{"count":1,"href":"https:\/\/arte351.pt\/art\/wp-json\/wp\/v2\/posts\/7632\/revisions"}],"predecessor-version":[{"id":7633,"href":"https:\/\/arte351.pt\/art\/wp-json\/wp\/v2\/posts\/7632\/revisions\/7633"}],"wp:attachment":[{"href":"https:\/\/arte351.pt\/art\/wp-json\/wp\/v2\/media?parent=7632"}],"wp:term":[{"taxonomy":"category","embeddable":true,"href":"https:\/\/arte351.pt\/art\/wp-json\/wp\/v2\/categories?post=7632"},{"taxonomy":"post_tag","embeddable":true,"href":"https:\/\/arte351.pt\/art\/wp-json\/wp\/v2\/tags?post=7632"}],"curies":[{"name":"wp","href":"https:\/\/api.w.org\/{rel}","templated":true}]}}