{"id":7634,"date":"2023-05-21T08:04:41","date_gmt":"2023-05-21T08:04:41","guid":{"rendered":"https:\/\/arte351.pt\/art\/?p=7634"},"modified":"2023-05-16T11:13:20","modified_gmt":"2023-05-16T11:13:20","slug":"rainhas-do-autoengano-ao-vivo-com-o-espetaculo-gota-na-galaxia","status":"publish","type":"post","link":"https:\/\/arte351.pt\/art\/2023\/05\/21\/rainhas-do-autoengano-ao-vivo-com-o-espetaculo-gota-na-galaxia\/","title":{"rendered":"Rainhas do AutoEngano ao vivo com o espet\u00e1culo Gota na Gal\u00e1xia"},"content":{"rendered":"<p>No dia 1\u00ba de junho, o <a href=\"https:\/\/arte351.pt\/art\/tag\/centro-cultural-de-belem\/\" target=\"_blank\" rel=\"noopener\">Centro Cultural de Bel\u00e9m<\/a>, em Lisboa, receber\u00e1 o espet\u00e1culo &#8220;Gota na Gal\u00e1xia&#8221; das Rainhas do AutoEngano. O projeto musical, com dire\u00e7\u00e3o c\u00e9nica da atriz Sara Carinhas, apresentar\u00e1 sua proposta \u00fanica no Pequeno Audit\u00f3rio \u00e0s 21h.<\/p>\n<p>As Rainhas do AutoEngano s\u00e3o compostas pela portuguesa Madalena Palmeirim e pelas brasileiras residentes em Lisboa, Kali Peres e Natalia Green. Elas cantam um repert\u00f3rio original que abra\u00e7a diferentes idiomas, como portugu\u00eas e franc\u00eas, e suas vozes s\u00e3o acompanhadas por cavaquinho, guitarras ac\u00fasticas e baixo, em uma mistura de estilos que passeia entre a Pop, Bossa Nova, MPB e Folk.<\/p>\n<p>No espet\u00e1culo &#8220;Gota na Gal\u00e1xia&#8221;, a m\u00fasica \u00e9 o ponto de partida, e \u00e0 medida que a melodia toma forma, as tr\u00eas Rainhas do AutoEngano se revelam lentamente, sentadas com pouca dist\u00e2ncia entre si. Como multi-instrumentistas e celebrantes da alegria e do choro, elas nos levar\u00e3o da do\u00e7ura ao grito de liberdade. Mas o que significa o autoengano? Rainhas de qu\u00ea? Que rainha-m\u00e3e \u00e9 essa que beija o anel? Coroando emo\u00e7\u00f5es \u00e0 for\u00e7a, persistindo no \u00e2mago de nossos cora\u00e7\u00f5es. Rainhas de qu\u00ea? Que engano \u00e9 esse? Bilhetinhos magoados dobrados em mil. Nenhum remetente enviando not\u00edcias. Abrir nossas cartas-surpresa e ler suas letras, pedindo socorro, sorrindo em seu pr\u00f3prio pranto. Que rainhas s\u00e3o essas? E que viol\u00e3o? Que cora\u00e7\u00e3o-m\u00e3e? Que engano imenso?<\/p>\n<p>As Rainhas do AutoEngano surgiram em 2020 e, em 2021, lan\u00e7aram o single &#8220;Eu Jurei&#8221;, que integra o disco &#8220;Novos Talentos&#8221; da FNAC. Em seguida, lan\u00e7aram os singles &#8220;Quarentena&#8221;, &#8220;Gota&#8221; e &#8220;N\u00e3o falta nada&#8221;, que fizeram parte de diversas playlists editoriais do Spotify, Apple Music e Tidal.<\/p>\n<p>Desde sua estreia ao vivo, o trio j\u00e1 se apresentou em diversos locais, incluindo o Super Bock em Stock, Casa do Capit\u00e3o, Quintas de Leitura e Maus H\u00e1bitos (Porto), Ciclo de Poliniza\u00e7\u00e3o, A Vida Secreta das Palavras &#8211; MAP (Oeiras), Teatro Municipal de Vila Real, TM de Bragan\u00e7a, Olh\u00e3o, Figueira da Foz, Coimbra e \u00c9vora. Internacionalmente, j\u00e1 se apresentaram na Fran\u00e7a e em Cabo Verde.<\/p>\n<p>Antes de se apresentarem no CCB, as Rainhas do AutoEngano se apresentar\u00e3o no Favo das Artes, em Mondim de Basto, no dia 27 de maio. Os bilhetes para o espet\u00e1culo no CCB est\u00e3o \u00e0 venda na <a href=\"https:\/\/ticketline.sapo.pt\/evento\/gota-na-galaxia-rainhas-do-autoengano-72671\" target=\"_blank\" rel=\"noopener\">Ticketline<\/a>.<\/p>\n","protected":false},"excerpt":{"rendered":"<p>No dia 1\u00ba de junho, o Centro Cultural de Bel\u00e9m, em Lisboa, receber\u00e1 o espet\u00e1culo &#8220;Gota na Gal\u00e1xia&#8221; das Rainhas do AutoEngano. O projeto musical, com dire\u00e7\u00e3o c\u00e9nica da atriz [&hellip;]<\/p>\n","protected":false},"author":3,"featured_media":7635,"comment_status":"closed","ping_status":"closed","sticky":false,"template":"","format":"standard","meta":{"_exactmetrics_skip_tracking":false,"_exactmetrics_sitenote_active":false,"_exactmetrics_sitenote_note":"","_exactmetrics_sitenote_category":0,"_uf_show_specific_survey":0,"_uf_disable_surveys":false,"footnotes":""},"categories":[457],"tags":[973,1863],"class_list":["post-7634","post","type-post","status-publish","format-standard","has-post-thumbnail","hentry","category-musica","tag-centro-cultural-de-belem","tag-rainhas-do-autoengano"],"yoast_head":"<!-- This site is optimized with the Yoast SEO plugin v27.3 - https:\/\/yoast.com\/product\/yoast-seo-wordpress\/ -->\n<title>Rainhas do AutoEngano ao vivo com o espet\u00e1culo Gota na Gal\u00e1xia<\/title>\n<meta name=\"description\" content=\"o Centro Cultural de Bel\u00e9m, em Lisboa, receber\u00e1 o espet\u00e1culo &quot;Gota na Gal\u00e1xia&quot; das Rainhas do AutoEngano...\" \/>\n<meta name=\"robots\" content=\"index, follow, max-snippet:-1, max-image-preview:large, max-video-preview:-1\" \/>\n<link rel=\"canonical\" href=\"https:\/\/arte351.pt\/art\/2023\/05\/21\/rainhas-do-autoengano-ao-vivo-com-o-espetaculo-gota-na-galaxia\/\" \/>\n<meta property=\"og:locale\" content=\"pt_BR\" \/>\n<meta property=\"og:type\" content=\"article\" \/>\n<meta property=\"og:title\" content=\"Rainhas do AutoEngano ao vivo com o espet\u00e1culo Gota na Gal\u00e1xia\" \/>\n<meta property=\"og:description\" content=\"o Centro Cultural de Bel\u00e9m, em Lisboa, receber\u00e1 o espet\u00e1culo &quot;Gota na Gal\u00e1xia&quot; das Rainhas do AutoEngano...\" \/>\n<meta property=\"og:url\" content=\"https:\/\/arte351.pt\/art\/2023\/05\/21\/rainhas-do-autoengano-ao-vivo-com-o-espetaculo-gota-na-galaxia\/\" \/>\n<meta property=\"og:site_name\" content=\"Arte351 - Art Magazine Portugal\" \/>\n<meta property=\"article:publisher\" content=\"https:\/\/www.facebook.com\/arte351magazine\/\" \/>\n<meta property=\"article:published_time\" content=\"2023-05-21T08:04:41+00:00\" \/>\n<meta property=\"og:image\" content=\"https:\/\/arte351.pt\/art\/wp-content\/uploads\/2023\/05\/ranhas-do-autoengano.jpg\" \/>\n\t<meta property=\"og:image:width\" content=\"1200\" \/>\n\t<meta property=\"og:image:height\" content=\"578\" \/>\n\t<meta property=\"og:image:type\" content=\"image\/jpeg\" \/>\n<meta name=\"author\" content=\"Equipa Arte351\" \/>\n<meta name=\"twitter:label1\" content=\"Escrito por\" \/>\n\t<meta name=\"twitter:data1\" content=\"Equipa Arte351\" \/>\n\t<meta name=\"twitter:label2\" content=\"Est. tempo de leitura\" \/>\n\t<meta name=\"twitter:data2\" content=\"3 minutos\" \/>\n<script type=\"application\/ld+json\" class=\"yoast-schema-graph\">{\"@context\":\"https:\\\/\\\/schema.org\",\"@graph\":[{\"@type\":\"Article\",\"@id\":\"https:\\\/\\\/arte351.pt\\\/art\\\/2023\\\/05\\\/21\\\/rainhas-do-autoengano-ao-vivo-com-o-espetaculo-gota-na-galaxia\\\/#article\",\"isPartOf\":{\"@id\":\"https:\\\/\\\/arte351.pt\\\/art\\\/2023\\\/05\\\/21\\\/rainhas-do-autoengano-ao-vivo-com-o-espetaculo-gota-na-galaxia\\\/\"},\"author\":{\"name\":\"Equipa Arte351\",\"@id\":\"https:\\\/\\\/arte351.pt\\\/art\\\/#\\\/schema\\\/person\\\/f2cfae59497206be61c53c217757b930\"},\"headline\":\"Rainhas do AutoEngano ao vivo com o espet\u00e1culo Gota na Gal\u00e1xia\",\"datePublished\":\"2023-05-21T08:04:41+00:00\",\"mainEntityOfPage\":{\"@id\":\"https:\\\/\\\/arte351.pt\\\/art\\\/2023\\\/05\\\/21\\\/rainhas-do-autoengano-ao-vivo-com-o-espetaculo-gota-na-galaxia\\\/\"},\"wordCount\":416,\"publisher\":{\"@id\":\"https:\\\/\\\/arte351.pt\\\/art\\\/#organization\"},\"image\":{\"@id\":\"https:\\\/\\\/arte351.pt\\\/art\\\/2023\\\/05\\\/21\\\/rainhas-do-autoengano-ao-vivo-com-o-espetaculo-gota-na-galaxia\\\/#primaryimage\"},\"thumbnailUrl\":\"https:\\\/\\\/arte351.pt\\\/art\\\/wp-content\\\/uploads\\\/2023\\\/05\\\/ranhas-do-autoengano.jpg\",\"keywords\":[\"Centro Cultural de Bel\u00e9m\",\"Rainhas do AutoEngano\"],\"articleSection\":[\"M\u00fasica\"],\"inLanguage\":\"pt-BR\"},{\"@type\":\"WebPage\",\"@id\":\"https:\\\/\\\/arte351.pt\\\/art\\\/2023\\\/05\\\/21\\\/rainhas-do-autoengano-ao-vivo-com-o-espetaculo-gota-na-galaxia\\\/\",\"url\":\"https:\\\/\\\/arte351.pt\\\/art\\\/2023\\\/05\\\/21\\\/rainhas-do-autoengano-ao-vivo-com-o-espetaculo-gota-na-galaxia\\\/\",\"name\":\"Rainhas do AutoEngano ao vivo com o espet\u00e1culo Gota na Gal\u00e1xia\",\"isPartOf\":{\"@id\":\"https:\\\/\\\/arte351.pt\\\/art\\\/#website\"},\"primaryImageOfPage\":{\"@id\":\"https:\\\/\\\/arte351.pt\\\/art\\\/2023\\\/05\\\/21\\\/rainhas-do-autoengano-ao-vivo-com-o-espetaculo-gota-na-galaxia\\\/#primaryimage\"},\"image\":{\"@id\":\"https:\\\/\\\/arte351.pt\\\/art\\\/2023\\\/05\\\/21\\\/rainhas-do-autoengano-ao-vivo-com-o-espetaculo-gota-na-galaxia\\\/#primaryimage\"},\"thumbnailUrl\":\"https:\\\/\\\/arte351.pt\\\/art\\\/wp-content\\\/uploads\\\/2023\\\/05\\\/ranhas-do-autoengano.jpg\",\"datePublished\":\"2023-05-21T08:04:41+00:00\",\"description\":\"o Centro Cultural de Bel\u00e9m, em Lisboa, receber\u00e1 o espet\u00e1culo \\\"Gota na Gal\u00e1xia\\\" das Rainhas do AutoEngano...\",\"breadcrumb\":{\"@id\":\"https:\\\/\\\/arte351.pt\\\/art\\\/2023\\\/05\\\/21\\\/rainhas-do-autoengano-ao-vivo-com-o-espetaculo-gota-na-galaxia\\\/#breadcrumb\"},\"inLanguage\":\"pt-BR\",\"potentialAction\":[{\"@type\":\"ReadAction\",\"target\":[\"https:\\\/\\\/arte351.pt\\\/art\\\/2023\\\/05\\\/21\\\/rainhas-do-autoengano-ao-vivo-com-o-espetaculo-gota-na-galaxia\\\/\"]}]},{\"@type\":\"ImageObject\",\"inLanguage\":\"pt-BR\",\"@id\":\"https:\\\/\\\/arte351.pt\\\/art\\\/2023\\\/05\\\/21\\\/rainhas-do-autoengano-ao-vivo-com-o-espetaculo-gota-na-galaxia\\\/#primaryimage\",\"url\":\"https:\\\/\\\/arte351.pt\\\/art\\\/wp-content\\\/uploads\\\/2023\\\/05\\\/ranhas-do-autoengano.jpg\",\"contentUrl\":\"https:\\\/\\\/arte351.pt\\\/art\\\/wp-content\\\/uploads\\\/2023\\\/05\\\/ranhas-do-autoengano.jpg\",\"width\":1200,\"height\":578},{\"@type\":\"BreadcrumbList\",\"@id\":\"https:\\\/\\\/arte351.pt\\\/art\\\/2023\\\/05\\\/21\\\/rainhas-do-autoengano-ao-vivo-com-o-espetaculo-gota-na-galaxia\\\/#breadcrumb\",\"itemListElement\":[{\"@type\":\"ListItem\",\"position\":1,\"name\":\"In\u00edcio\",\"item\":\"https:\\\/\\\/arte351.pt\\\/art\\\/\"},{\"@type\":\"ListItem\",\"position\":2,\"name\":\"Rainhas do AutoEngano ao vivo com o espet\u00e1culo Gota na Gal\u00e1xia\"}]},{\"@type\":\"WebSite\",\"@id\":\"https:\\\/\\\/arte351.pt\\\/art\\\/#website\",\"url\":\"https:\\\/\\\/arte351.pt\\\/art\\\/\",\"name\":\"Arte351 - Art Magazine Portugal\",\"description\":\"\",\"publisher\":{\"@id\":\"https:\\\/\\\/arte351.pt\\\/art\\\/#organization\"},\"potentialAction\":[{\"@type\":\"SearchAction\",\"target\":{\"@type\":\"EntryPoint\",\"urlTemplate\":\"https:\\\/\\\/arte351.pt\\\/art\\\/?s={search_term_string}\"},\"query-input\":{\"@type\":\"PropertyValueSpecification\",\"valueRequired\":true,\"valueName\":\"search_term_string\"}}],\"inLanguage\":\"pt-BR\"},{\"@type\":\"Organization\",\"@id\":\"https:\\\/\\\/arte351.pt\\\/art\\\/#organization\",\"name\":\"Arte351 - Art Magazine Portugal\",\"url\":\"https:\\\/\\\/arte351.pt\\\/art\\\/\",\"logo\":{\"@type\":\"ImageObject\",\"inLanguage\":\"pt-BR\",\"@id\":\"https:\\\/\\\/arte351.pt\\\/art\\\/#\\\/schema\\\/logo\\\/image\\\/\",\"url\":\"https:\\\/\\\/arte351.pt\\\/art\\\/wp-content\\\/uploads\\\/2020\\\/03\\\/cropped-logo-arte351-color.png\",\"contentUrl\":\"https:\\\/\\\/arte351.pt\\\/art\\\/wp-content\\\/uploads\\\/2020\\\/03\\\/cropped-logo-arte351-color.png\",\"width\":514,\"height\":200,\"caption\":\"Arte351 - Art Magazine Portugal\"},\"image\":{\"@id\":\"https:\\\/\\\/arte351.pt\\\/art\\\/#\\\/schema\\\/logo\\\/image\\\/\"},\"sameAs\":[\"https:\\\/\\\/www.facebook.com\\\/arte351magazine\\\/\"]},{\"@type\":\"Person\",\"@id\":\"https:\\\/\\\/arte351.pt\\\/art\\\/#\\\/schema\\\/person\\\/f2cfae59497206be61c53c217757b930\",\"name\":\"Equipa Arte351\",\"image\":{\"@type\":\"ImageObject\",\"inLanguage\":\"pt-BR\",\"@id\":\"https:\\\/\\\/secure.gravatar.com\\\/avatar\\\/6caca56323d52e15e83fc5635240c86f7e52fd46fa8d5df9a709d99f5aa1638e?s=96&d=mm&r=g\",\"url\":\"https:\\\/\\\/secure.gravatar.com\\\/avatar\\\/6caca56323d52e15e83fc5635240c86f7e52fd46fa8d5df9a709d99f5aa1638e?s=96&d=mm&r=g\",\"contentUrl\":\"https:\\\/\\\/secure.gravatar.com\\\/avatar\\\/6caca56323d52e15e83fc5635240c86f7e52fd46fa8d5df9a709d99f5aa1638e?s=96&d=mm&r=g\",\"caption\":\"Equipa Arte351\"},\"url\":\"https:\\\/\\\/arte351.pt\\\/art\\\/author\\\/caroleenbass\\\/\"}]}<\/script>\n<!-- \/ Yoast SEO plugin. -->","yoast_head_json":{"title":"Rainhas do AutoEngano ao vivo com o espet\u00e1culo Gota na Gal\u00e1xia","description":"o Centro Cultural de Bel\u00e9m, em Lisboa, receber\u00e1 o espet\u00e1culo \"Gota na Gal\u00e1xia\" das Rainhas do AutoEngano...","robots":{"index":"index","follow":"follow","max-snippet":"max-snippet:-1","max-image-preview":"max-image-preview:large","max-video-preview":"max-video-preview:-1"},"canonical":"https:\/\/arte351.pt\/art\/2023\/05\/21\/rainhas-do-autoengano-ao-vivo-com-o-espetaculo-gota-na-galaxia\/","og_locale":"pt_BR","og_type":"article","og_title":"Rainhas do AutoEngano ao vivo com o espet\u00e1culo Gota na Gal\u00e1xia","og_description":"o Centro Cultural de Bel\u00e9m, em Lisboa, receber\u00e1 o espet\u00e1culo \"Gota na Gal\u00e1xia\" das Rainhas do AutoEngano...","og_url":"https:\/\/arte351.pt\/art\/2023\/05\/21\/rainhas-do-autoengano-ao-vivo-com-o-espetaculo-gota-na-galaxia\/","og_site_name":"Arte351 - Art Magazine Portugal","article_publisher":"https:\/\/www.facebook.com\/arte351magazine\/","article_published_time":"2023-05-21T08:04:41+00:00","og_image":[{"width":1200,"height":578,"url":"https:\/\/arte351.pt\/art\/wp-content\/uploads\/2023\/05\/ranhas-do-autoengano.jpg","type":"image\/jpeg"}],"author":"Equipa Arte351","twitter_misc":{"Escrito por":"Equipa Arte351","Est. tempo de leitura":"3 minutos"},"schema":{"@context":"https:\/\/schema.org","@graph":[{"@type":"Article","@id":"https:\/\/arte351.pt\/art\/2023\/05\/21\/rainhas-do-autoengano-ao-vivo-com-o-espetaculo-gota-na-galaxia\/#article","isPartOf":{"@id":"https:\/\/arte351.pt\/art\/2023\/05\/21\/rainhas-do-autoengano-ao-vivo-com-o-espetaculo-gota-na-galaxia\/"},"author":{"name":"Equipa Arte351","@id":"https:\/\/arte351.pt\/art\/#\/schema\/person\/f2cfae59497206be61c53c217757b930"},"headline":"Rainhas do AutoEngano ao vivo com o espet\u00e1culo Gota na Gal\u00e1xia","datePublished":"2023-05-21T08:04:41+00:00","mainEntityOfPage":{"@id":"https:\/\/arte351.pt\/art\/2023\/05\/21\/rainhas-do-autoengano-ao-vivo-com-o-espetaculo-gota-na-galaxia\/"},"wordCount":416,"publisher":{"@id":"https:\/\/arte351.pt\/art\/#organization"},"image":{"@id":"https:\/\/arte351.pt\/art\/2023\/05\/21\/rainhas-do-autoengano-ao-vivo-com-o-espetaculo-gota-na-galaxia\/#primaryimage"},"thumbnailUrl":"https:\/\/arte351.pt\/art\/wp-content\/uploads\/2023\/05\/ranhas-do-autoengano.jpg","keywords":["Centro Cultural de Bel\u00e9m","Rainhas do AutoEngano"],"articleSection":["M\u00fasica"],"inLanguage":"pt-BR"},{"@type":"WebPage","@id":"https:\/\/arte351.pt\/art\/2023\/05\/21\/rainhas-do-autoengano-ao-vivo-com-o-espetaculo-gota-na-galaxia\/","url":"https:\/\/arte351.pt\/art\/2023\/05\/21\/rainhas-do-autoengano-ao-vivo-com-o-espetaculo-gota-na-galaxia\/","name":"Rainhas do AutoEngano ao vivo com o espet\u00e1culo Gota na Gal\u00e1xia","isPartOf":{"@id":"https:\/\/arte351.pt\/art\/#website"},"primaryImageOfPage":{"@id":"https:\/\/arte351.pt\/art\/2023\/05\/21\/rainhas-do-autoengano-ao-vivo-com-o-espetaculo-gota-na-galaxia\/#primaryimage"},"image":{"@id":"https:\/\/arte351.pt\/art\/2023\/05\/21\/rainhas-do-autoengano-ao-vivo-com-o-espetaculo-gota-na-galaxia\/#primaryimage"},"thumbnailUrl":"https:\/\/arte351.pt\/art\/wp-content\/uploads\/2023\/05\/ranhas-do-autoengano.jpg","datePublished":"2023-05-21T08:04:41+00:00","description":"o Centro Cultural de Bel\u00e9m, em Lisboa, receber\u00e1 o espet\u00e1culo \"Gota na Gal\u00e1xia\" das Rainhas do AutoEngano...","breadcrumb":{"@id":"https:\/\/arte351.pt\/art\/2023\/05\/21\/rainhas-do-autoengano-ao-vivo-com-o-espetaculo-gota-na-galaxia\/#breadcrumb"},"inLanguage":"pt-BR","potentialAction":[{"@type":"ReadAction","target":["https:\/\/arte351.pt\/art\/2023\/05\/21\/rainhas-do-autoengano-ao-vivo-com-o-espetaculo-gota-na-galaxia\/"]}]},{"@type":"ImageObject","inLanguage":"pt-BR","@id":"https:\/\/arte351.pt\/art\/2023\/05\/21\/rainhas-do-autoengano-ao-vivo-com-o-espetaculo-gota-na-galaxia\/#primaryimage","url":"https:\/\/arte351.pt\/art\/wp-content\/uploads\/2023\/05\/ranhas-do-autoengano.jpg","contentUrl":"https:\/\/arte351.pt\/art\/wp-content\/uploads\/2023\/05\/ranhas-do-autoengano.jpg","width":1200,"height":578},{"@type":"BreadcrumbList","@id":"https:\/\/arte351.pt\/art\/2023\/05\/21\/rainhas-do-autoengano-ao-vivo-com-o-espetaculo-gota-na-galaxia\/#breadcrumb","itemListElement":[{"@type":"ListItem","position":1,"name":"In\u00edcio","item":"https:\/\/arte351.pt\/art\/"},{"@type":"ListItem","position":2,"name":"Rainhas do AutoEngano ao vivo com o espet\u00e1culo Gota na Gal\u00e1xia"}]},{"@type":"WebSite","@id":"https:\/\/arte351.pt\/art\/#website","url":"https:\/\/arte351.pt\/art\/","name":"Arte351 - Art Magazine Portugal","description":"","publisher":{"@id":"https:\/\/arte351.pt\/art\/#organization"},"potentialAction":[{"@type":"SearchAction","target":{"@type":"EntryPoint","urlTemplate":"https:\/\/arte351.pt\/art\/?s={search_term_string}"},"query-input":{"@type":"PropertyValueSpecification","valueRequired":true,"valueName":"search_term_string"}}],"inLanguage":"pt-BR"},{"@type":"Organization","@id":"https:\/\/arte351.pt\/art\/#organization","name":"Arte351 - Art Magazine Portugal","url":"https:\/\/arte351.pt\/art\/","logo":{"@type":"ImageObject","inLanguage":"pt-BR","@id":"https:\/\/arte351.pt\/art\/#\/schema\/logo\/image\/","url":"https:\/\/arte351.pt\/art\/wp-content\/uploads\/2020\/03\/cropped-logo-arte351-color.png","contentUrl":"https:\/\/arte351.pt\/art\/wp-content\/uploads\/2020\/03\/cropped-logo-arte351-color.png","width":514,"height":200,"caption":"Arte351 - Art Magazine Portugal"},"image":{"@id":"https:\/\/arte351.pt\/art\/#\/schema\/logo\/image\/"},"sameAs":["https:\/\/www.facebook.com\/arte351magazine\/"]},{"@type":"Person","@id":"https:\/\/arte351.pt\/art\/#\/schema\/person\/f2cfae59497206be61c53c217757b930","name":"Equipa Arte351","image":{"@type":"ImageObject","inLanguage":"pt-BR","@id":"https:\/\/secure.gravatar.com\/avatar\/6caca56323d52e15e83fc5635240c86f7e52fd46fa8d5df9a709d99f5aa1638e?s=96&d=mm&r=g","url":"https:\/\/secure.gravatar.com\/avatar\/6caca56323d52e15e83fc5635240c86f7e52fd46fa8d5df9a709d99f5aa1638e?s=96&d=mm&r=g","contentUrl":"https:\/\/secure.gravatar.com\/avatar\/6caca56323d52e15e83fc5635240c86f7e52fd46fa8d5df9a709d99f5aa1638e?s=96&d=mm&r=g","caption":"Equipa Arte351"},"url":"https:\/\/arte351.pt\/art\/author\/caroleenbass\/"}]}},"_links":{"self":[{"href":"https:\/\/arte351.pt\/art\/wp-json\/wp\/v2\/posts\/7634","targetHints":{"allow":["GET"]}}],"collection":[{"href":"https:\/\/arte351.pt\/art\/wp-json\/wp\/v2\/posts"}],"about":[{"href":"https:\/\/arte351.pt\/art\/wp-json\/wp\/v2\/types\/post"}],"author":[{"embeddable":true,"href":"https:\/\/arte351.pt\/art\/wp-json\/wp\/v2\/users\/3"}],"replies":[{"embeddable":true,"href":"https:\/\/arte351.pt\/art\/wp-json\/wp\/v2\/comments?post=7634"}],"version-history":[{"count":1,"href":"https:\/\/arte351.pt\/art\/wp-json\/wp\/v2\/posts\/7634\/revisions"}],"predecessor-version":[{"id":7636,"href":"https:\/\/arte351.pt\/art\/wp-json\/wp\/v2\/posts\/7634\/revisions\/7636"}],"wp:featuredmedia":[{"embeddable":true,"href":"https:\/\/arte351.pt\/art\/wp-json\/wp\/v2\/media\/7635"}],"wp:attachment":[{"href":"https:\/\/arte351.pt\/art\/wp-json\/wp\/v2\/media?parent=7634"}],"wp:term":[{"taxonomy":"category","embeddable":true,"href":"https:\/\/arte351.pt\/art\/wp-json\/wp\/v2\/categories?post=7634"},{"taxonomy":"post_tag","embeddable":true,"href":"https:\/\/arte351.pt\/art\/wp-json\/wp\/v2\/tags?post=7634"}],"curies":[{"name":"wp","href":"https:\/\/api.w.org\/{rel}","templated":true}]}}