{"id":7644,"date":"2023-05-18T10:32:37","date_gmt":"2023-05-18T10:32:37","guid":{"rendered":"https:\/\/arte351.pt\/art\/?p=7644"},"modified":"2023-05-16T20:37:54","modified_gmt":"2023-05-16T20:37:54","slug":"descubra-a-historia-dos-antigos-conventos-e-mosteiros-de-lisboa-em-um-evento-especial","status":"publish","type":"post","link":"https:\/\/arte351.pt\/art\/2023\/05\/18\/descubra-a-historia-dos-antigos-conventos-e-mosteiros-de-lisboa-em-um-evento-especial\/","title":{"rendered":"Descubra a hist\u00f3ria dos antigos Conventos e Mosteiros de Lisboa em um evento especial"},"content":{"rendered":"<p><strong>Lisboa, 18 de maio de 2023 &#8211;<\/strong> Prepare-se para uma jornada fascinante pelo passado religioso da capital portuguesa. A Assembleia da Rep\u00fablica, o <a href=\"https:\/\/arte351.pt\/art\/tag\/museu-nacional-de-arte-antiga\/\" target=\"_blank\" rel=\"noopener\">Museu Nacional de Arte Antiga<\/a> e a C\u00faria Patriarcal t\u00eam algo em comum: todos eles j\u00e1 foram conventos ou mosteiros. Essas antigas casas religiosas, que um dia serviram como locais de ora\u00e7\u00e3o, acolhimento, educa\u00e7\u00e3o e apoio aos necessitados, agora desempenham novos prop\u00f3sitos, mas ainda s\u00e3o um reflexo do melhor que temos a oferecer.<\/p>\n<p>No evento intitulado &#8220;<strong>Deslumbrando-se com as Mem\u00f3rias dos Conventos e Mosteiros de Lisboa<\/strong>&#8220;, voc\u00ea ter\u00e1 a oportunidade de explorar essas antigas constru\u00e7\u00f5es e mergulhar na rica hist\u00f3ria e arquitetura que elas abrigam. A participa\u00e7\u00e3o \u00e9 gratuita, com exce\u00e7\u00e3o do Mosteiro de S\u00e3o Vicente de Fora, onde h\u00e1 um custo de entrada de \u20ac3,5. No entanto, \u00e9 necess\u00e1rio fazer uma reserva pr\u00e9via, pois as vagas s\u00e3o limitadas a um m\u00ednimo de 10 e um m\u00e1ximo de 30 participantes para as visitas guiadas. As visitas livres n\u00e3o exigem inscri\u00e7\u00e3o.<\/p>\n<p>O evento \u00e9 organizado em parceria pela Cultura &#8211; SCML, C\u00e2mara Municipal de Lisboa, Quo Vadis &#8211; Turismo &gt; Patriarcado Lisboa e IHA &#8211; NOVA FCSH. Com essa colabora\u00e7\u00e3o, eles pretendem oferecer aos participantes uma vis\u00e3o abrangente do legado dos conventos e mosteiros de Lisboa.<\/p>\n<p>A programa\u00e7\u00e3o do evento se estende ao longo de tr\u00eas dias, de 24 a 27 de maio, e inclui uma variedade de atividades emocionantes para os participantes aproveitarem. A abertura acontecer\u00e1 na Sala de Extra\u00e7\u00f5es da Lotaria Nacional, da Santa Casa da Miseric\u00f3rdia de Lisboa, com uma poss\u00edvel exibi\u00e7\u00e3o do filme &#8220;A Miss\u00e3o&#8221;, seguida de uma apresenta\u00e7\u00e3o conduzida pelo Pe. Ant\u00f3nio Trigueiros, SJ.<\/p>\n<p>No dia 25 de maio, haver\u00e1 uma conversa aberta sobre &#8220;Conventos e habita\u00e7\u00e3o&#8221; no Convento das Bernardas, que atualmente abriga o Museu da Marioneta. O painel contar\u00e1 com a presen\u00e7a de Pedro Pinto, arquiteto do ISCTE, Ant\u00f3nio Tudella, arquiteto, e Jos\u00e9 Miguel Silva, arquiteto da FAUL.<\/p>\n<p>No dia 26 de maio, os participantes ter\u00e3o a oportunidade de explorar diferentes itiner\u00e1rios tem\u00e1ticos, como &#8220;Conventos da Madragoa&#8221;, &#8220;Conventos da Pampulha&#8221;, &#8220;Santo Ant\u00f3nio&#8221;, &#8220;Companhia de Jesus&#8221;, &#8220;Do Campo das Cebolas ao Convento de Santos-o-Novo&#8221;, &#8220;Conventos do Bairro Alto&#8221; e &#8220;Conventos Hospitais&#8221;. Cada itiner\u00e1rio ser\u00e1 acompanhado por especialistas e guias que compartilhar\u00e3o seus conhecimentos sobre as hist\u00f3rias e os locais visitados.<\/p>\n<p>No dia 27 de maio, o evento continuar\u00e1 com mais itiner\u00e1rios, incluindo &#8220;Conventos do Chiado&#8221;, &#8220;Conventos do Bairro Alto&#8221;, &#8220;Conventos Hospitais&#8221;, &#8220;Conventos de Alfama&#8221; e &#8220;Conventos de Bel\u00e9m&#8221;. Esses itiner\u00e1rios explorar\u00e3o diferentes bairros e regi\u00f5es de Lisboa, revelando os conventos e mosteiros que os habitaram.<\/p>\n<p>Al\u00e9m das visitas guiadas, haver\u00e1 tamb\u00e9m palestras e apresenta\u00e7\u00f5es em locais hist\u00f3ricos, como o Convento de S\u00e3o Pedro de Alc\u00e2ntara e o Convento de Santa Clara-a-Velha. Nessas palestras, renomados historiadores, arquitetos e especialistas em arte compartilhar\u00e3o suas pesquisas e descobertas sobre a import\u00e2ncia dos conventos e mosteiros na hist\u00f3ria de Lisboa.<\/p>\n<p>Durante todo o evento, haver\u00e1 exposi\u00e7\u00f5es de arte sacra, documentos hist\u00f3ricos e objetos relacionados aos conventos e mosteiros. Os participantes ter\u00e3o a oportunidade de admirar pinturas, esculturas, manuscritos antigos e outros tesouros art\u00edsticos que foram preservados ao longo dos s\u00e9culos.<\/p>\n<p>Para encerrar o evento, no dia 27 de maio, ser\u00e1 realizado um concerto de m\u00fasica sacra na Igreja de S\u00e3o Roque, antigo local do Col\u00e9gio da Companhia de Jesus. O concerto contar\u00e1 com a participa\u00e7\u00e3o de coros e m\u00fasicos talentosos que apresentar\u00e3o composi\u00e7\u00f5es inspiradas na hist\u00f3ria e espiritualidade dos conventos e mosteiros.<\/p>\n<p>&#8220;Deslumbrando-se com as Mem\u00f3rias dos Conventos e Mosteiros de Lisboa&#8221; \u00e9 uma oportunidade \u00fanica para mergulhar no passado religioso e cultural da cidade, descobrindo a influ\u00eancia que os conventos e mosteiros exerceram na forma\u00e7\u00e3o de Lisboa como a conhecemos hoje. Se voc\u00ea \u00e9 apaixonado por hist\u00f3ria, arquitetura ou arte sacra, n\u00e3o perca essa oportunidade de explorar esses locais fascinantes e conhecer mais sobre o seu legado.<\/p>\n<p>Para mais informa\u00e7\u00f5es sobre o evento, itiner\u00e1rios, hor\u00e1rios e reservas, voc\u00ea pode entrar em contato com a organiza\u00e7\u00e3o por meio do <a href=\"https:\/\/www.quovadislisboa.com\/pt\/event\/open-conventos-2023\" target=\"_blank\" rel=\"noopener\">site oficial do evento<\/a> ou dos canais de comunica\u00e7\u00e3o dispon\u00edveis.<\/p>\n","protected":false},"excerpt":{"rendered":"<p>Lisboa, 18 de maio de 2023 &#8211; Prepare-se para uma jornada fascinante pelo passado religioso da capital portuguesa. A Assembleia da Rep\u00fablica, o Museu Nacional de Arte Antiga e a [&hellip;]<\/p>\n","protected":false},"author":3,"featured_media":0,"comment_status":"closed","ping_status":"closed","sticky":false,"template":"","format":"standard","meta":{"_exactmetrics_skip_tracking":false,"_exactmetrics_sitenote_active":false,"_exactmetrics_sitenote_note":"","_exactmetrics_sitenote_category":0,"_uf_show_specific_survey":0,"_uf_disable_surveys":false,"footnotes":""},"categories":[1],"tags":[1209],"class_list":["post-7644","post","type-post","status-publish","format-standard","hentry","category-sem-categoria","tag-museu-nacional-de-arte-antiga"],"yoast_head":"<!-- This site is optimized with the Yoast SEO plugin v27.3 - https:\/\/yoast.com\/product\/yoast-seo-wordpress\/ -->\n<title>Descubra a hist\u00f3ria dos antigos Conventos e Mosteiros de Lisboa em um evento especial<\/title>\n<meta name=\"robots\" content=\"index, follow, max-snippet:-1, max-image-preview:large, max-video-preview:-1\" \/>\n<link rel=\"canonical\" href=\"https:\/\/arte351.pt\/art\/2023\/05\/18\/descubra-a-historia-dos-antigos-conventos-e-mosteiros-de-lisboa-em-um-evento-especial\/\" \/>\n<meta property=\"og:locale\" content=\"pt_BR\" \/>\n<meta property=\"og:type\" content=\"article\" \/>\n<meta property=\"og:title\" content=\"Descubra a hist\u00f3ria dos antigos Conventos e Mosteiros de Lisboa em um evento especial\" \/>\n<meta property=\"og:description\" content=\"Lisboa, 18 de maio de 2023 &#8211; Prepare-se para uma jornada fascinante pelo passado religioso da capital portuguesa. A Assembleia da Rep\u00fablica, o Museu Nacional de Arte Antiga e a [&hellip;]\" \/>\n<meta property=\"og:url\" content=\"https:\/\/arte351.pt\/art\/2023\/05\/18\/descubra-a-historia-dos-antigos-conventos-e-mosteiros-de-lisboa-em-um-evento-especial\/\" \/>\n<meta property=\"og:site_name\" content=\"Arte351 - Art Magazine Portugal\" \/>\n<meta property=\"article:publisher\" content=\"https:\/\/www.facebook.com\/arte351magazine\/\" \/>\n<meta property=\"article:published_time\" content=\"2023-05-18T10:32:37+00:00\" \/>\n<meta name=\"author\" content=\"Equipa Arte351\" \/>\n<meta name=\"twitter:label1\" content=\"Escrito por\" \/>\n\t<meta name=\"twitter:data1\" content=\"Equipa Arte351\" \/>\n\t<meta name=\"twitter:label2\" content=\"Est. tempo de leitura\" \/>\n\t<meta name=\"twitter:data2\" content=\"4 minutos\" \/>\n<script type=\"application\/ld+json\" class=\"yoast-schema-graph\">{\"@context\":\"https:\\\/\\\/schema.org\",\"@graph\":[{\"@type\":\"Article\",\"@id\":\"https:\\\/\\\/arte351.pt\\\/art\\\/2023\\\/05\\\/18\\\/descubra-a-historia-dos-antigos-conventos-e-mosteiros-de-lisboa-em-um-evento-especial\\\/#article\",\"isPartOf\":{\"@id\":\"https:\\\/\\\/arte351.pt\\\/art\\\/2023\\\/05\\\/18\\\/descubra-a-historia-dos-antigos-conventos-e-mosteiros-de-lisboa-em-um-evento-especial\\\/\"},\"author\":{\"name\":\"Equipa Arte351\",\"@id\":\"https:\\\/\\\/arte351.pt\\\/art\\\/#\\\/schema\\\/person\\\/f2cfae59497206be61c53c217757b930\"},\"headline\":\"Descubra a hist\u00f3ria dos antigos Conventos e Mosteiros de Lisboa em um evento especial\",\"datePublished\":\"2023-05-18T10:32:37+00:00\",\"mainEntityOfPage\":{\"@id\":\"https:\\\/\\\/arte351.pt\\\/art\\\/2023\\\/05\\\/18\\\/descubra-a-historia-dos-antigos-conventos-e-mosteiros-de-lisboa-em-um-evento-especial\\\/\"},\"wordCount\":742,\"publisher\":{\"@id\":\"https:\\\/\\\/arte351.pt\\\/art\\\/#organization\"},\"keywords\":[\"Museu Nacional de Arte Antiga\"],\"articleSection\":[\"Blog ARTE-351\"],\"inLanguage\":\"pt-BR\"},{\"@type\":\"WebPage\",\"@id\":\"https:\\\/\\\/arte351.pt\\\/art\\\/2023\\\/05\\\/18\\\/descubra-a-historia-dos-antigos-conventos-e-mosteiros-de-lisboa-em-um-evento-especial\\\/\",\"url\":\"https:\\\/\\\/arte351.pt\\\/art\\\/2023\\\/05\\\/18\\\/descubra-a-historia-dos-antigos-conventos-e-mosteiros-de-lisboa-em-um-evento-especial\\\/\",\"name\":\"Descubra a hist\u00f3ria dos antigos Conventos e Mosteiros de Lisboa em um evento especial\",\"isPartOf\":{\"@id\":\"https:\\\/\\\/arte351.pt\\\/art\\\/#website\"},\"datePublished\":\"2023-05-18T10:32:37+00:00\",\"breadcrumb\":{\"@id\":\"https:\\\/\\\/arte351.pt\\\/art\\\/2023\\\/05\\\/18\\\/descubra-a-historia-dos-antigos-conventos-e-mosteiros-de-lisboa-em-um-evento-especial\\\/#breadcrumb\"},\"inLanguage\":\"pt-BR\",\"potentialAction\":[{\"@type\":\"ReadAction\",\"target\":[\"https:\\\/\\\/arte351.pt\\\/art\\\/2023\\\/05\\\/18\\\/descubra-a-historia-dos-antigos-conventos-e-mosteiros-de-lisboa-em-um-evento-especial\\\/\"]}]},{\"@type\":\"BreadcrumbList\",\"@id\":\"https:\\\/\\\/arte351.pt\\\/art\\\/2023\\\/05\\\/18\\\/descubra-a-historia-dos-antigos-conventos-e-mosteiros-de-lisboa-em-um-evento-especial\\\/#breadcrumb\",\"itemListElement\":[{\"@type\":\"ListItem\",\"position\":1,\"name\":\"In\u00edcio\",\"item\":\"https:\\\/\\\/arte351.pt\\\/art\\\/\"},{\"@type\":\"ListItem\",\"position\":2,\"name\":\"Descubra a hist\u00f3ria dos antigos Conventos e Mosteiros de Lisboa em um evento especial\"}]},{\"@type\":\"WebSite\",\"@id\":\"https:\\\/\\\/arte351.pt\\\/art\\\/#website\",\"url\":\"https:\\\/\\\/arte351.pt\\\/art\\\/\",\"name\":\"Arte351 - Art Magazine Portugal\",\"description\":\"\",\"publisher\":{\"@id\":\"https:\\\/\\\/arte351.pt\\\/art\\\/#organization\"},\"potentialAction\":[{\"@type\":\"SearchAction\",\"target\":{\"@type\":\"EntryPoint\",\"urlTemplate\":\"https:\\\/\\\/arte351.pt\\\/art\\\/?s={search_term_string}\"},\"query-input\":{\"@type\":\"PropertyValueSpecification\",\"valueRequired\":true,\"valueName\":\"search_term_string\"}}],\"inLanguage\":\"pt-BR\"},{\"@type\":\"Organization\",\"@id\":\"https:\\\/\\\/arte351.pt\\\/art\\\/#organization\",\"name\":\"Arte351 - Art Magazine Portugal\",\"url\":\"https:\\\/\\\/arte351.pt\\\/art\\\/\",\"logo\":{\"@type\":\"ImageObject\",\"inLanguage\":\"pt-BR\",\"@id\":\"https:\\\/\\\/arte351.pt\\\/art\\\/#\\\/schema\\\/logo\\\/image\\\/\",\"url\":\"https:\\\/\\\/arte351.pt\\\/art\\\/wp-content\\\/uploads\\\/2020\\\/03\\\/cropped-logo-arte351-color.png\",\"contentUrl\":\"https:\\\/\\\/arte351.pt\\\/art\\\/wp-content\\\/uploads\\\/2020\\\/03\\\/cropped-logo-arte351-color.png\",\"width\":514,\"height\":200,\"caption\":\"Arte351 - Art Magazine Portugal\"},\"image\":{\"@id\":\"https:\\\/\\\/arte351.pt\\\/art\\\/#\\\/schema\\\/logo\\\/image\\\/\"},\"sameAs\":[\"https:\\\/\\\/www.facebook.com\\\/arte351magazine\\\/\"]},{\"@type\":\"Person\",\"@id\":\"https:\\\/\\\/arte351.pt\\\/art\\\/#\\\/schema\\\/person\\\/f2cfae59497206be61c53c217757b930\",\"name\":\"Equipa Arte351\",\"image\":{\"@type\":\"ImageObject\",\"inLanguage\":\"pt-BR\",\"@id\":\"https:\\\/\\\/secure.gravatar.com\\\/avatar\\\/6caca56323d52e15e83fc5635240c86f7e52fd46fa8d5df9a709d99f5aa1638e?s=96&d=mm&r=g\",\"url\":\"https:\\\/\\\/secure.gravatar.com\\\/avatar\\\/6caca56323d52e15e83fc5635240c86f7e52fd46fa8d5df9a709d99f5aa1638e?s=96&d=mm&r=g\",\"contentUrl\":\"https:\\\/\\\/secure.gravatar.com\\\/avatar\\\/6caca56323d52e15e83fc5635240c86f7e52fd46fa8d5df9a709d99f5aa1638e?s=96&d=mm&r=g\",\"caption\":\"Equipa Arte351\"},\"url\":\"https:\\\/\\\/arte351.pt\\\/art\\\/author\\\/caroleenbass\\\/\"}]}<\/script>\n<!-- \/ Yoast SEO plugin. -->","yoast_head_json":{"title":"Descubra a hist\u00f3ria dos antigos Conventos e Mosteiros de Lisboa em um evento especial","robots":{"index":"index","follow":"follow","max-snippet":"max-snippet:-1","max-image-preview":"max-image-preview:large","max-video-preview":"max-video-preview:-1"},"canonical":"https:\/\/arte351.pt\/art\/2023\/05\/18\/descubra-a-historia-dos-antigos-conventos-e-mosteiros-de-lisboa-em-um-evento-especial\/","og_locale":"pt_BR","og_type":"article","og_title":"Descubra a hist\u00f3ria dos antigos Conventos e Mosteiros de Lisboa em um evento especial","og_description":"Lisboa, 18 de maio de 2023 &#8211; Prepare-se para uma jornada fascinante pelo passado religioso da capital portuguesa. A Assembleia da Rep\u00fablica, o Museu Nacional de Arte Antiga e a [&hellip;]","og_url":"https:\/\/arte351.pt\/art\/2023\/05\/18\/descubra-a-historia-dos-antigos-conventos-e-mosteiros-de-lisboa-em-um-evento-especial\/","og_site_name":"Arte351 - Art Magazine Portugal","article_publisher":"https:\/\/www.facebook.com\/arte351magazine\/","article_published_time":"2023-05-18T10:32:37+00:00","author":"Equipa Arte351","twitter_misc":{"Escrito por":"Equipa Arte351","Est. tempo de leitura":"4 minutos"},"schema":{"@context":"https:\/\/schema.org","@graph":[{"@type":"Article","@id":"https:\/\/arte351.pt\/art\/2023\/05\/18\/descubra-a-historia-dos-antigos-conventos-e-mosteiros-de-lisboa-em-um-evento-especial\/#article","isPartOf":{"@id":"https:\/\/arte351.pt\/art\/2023\/05\/18\/descubra-a-historia-dos-antigos-conventos-e-mosteiros-de-lisboa-em-um-evento-especial\/"},"author":{"name":"Equipa Arte351","@id":"https:\/\/arte351.pt\/art\/#\/schema\/person\/f2cfae59497206be61c53c217757b930"},"headline":"Descubra a hist\u00f3ria dos antigos Conventos e Mosteiros de Lisboa em um evento especial","datePublished":"2023-05-18T10:32:37+00:00","mainEntityOfPage":{"@id":"https:\/\/arte351.pt\/art\/2023\/05\/18\/descubra-a-historia-dos-antigos-conventos-e-mosteiros-de-lisboa-em-um-evento-especial\/"},"wordCount":742,"publisher":{"@id":"https:\/\/arte351.pt\/art\/#organization"},"keywords":["Museu Nacional de Arte Antiga"],"articleSection":["Blog ARTE-351"],"inLanguage":"pt-BR"},{"@type":"WebPage","@id":"https:\/\/arte351.pt\/art\/2023\/05\/18\/descubra-a-historia-dos-antigos-conventos-e-mosteiros-de-lisboa-em-um-evento-especial\/","url":"https:\/\/arte351.pt\/art\/2023\/05\/18\/descubra-a-historia-dos-antigos-conventos-e-mosteiros-de-lisboa-em-um-evento-especial\/","name":"Descubra a hist\u00f3ria dos antigos Conventos e Mosteiros de Lisboa em um evento especial","isPartOf":{"@id":"https:\/\/arte351.pt\/art\/#website"},"datePublished":"2023-05-18T10:32:37+00:00","breadcrumb":{"@id":"https:\/\/arte351.pt\/art\/2023\/05\/18\/descubra-a-historia-dos-antigos-conventos-e-mosteiros-de-lisboa-em-um-evento-especial\/#breadcrumb"},"inLanguage":"pt-BR","potentialAction":[{"@type":"ReadAction","target":["https:\/\/arte351.pt\/art\/2023\/05\/18\/descubra-a-historia-dos-antigos-conventos-e-mosteiros-de-lisboa-em-um-evento-especial\/"]}]},{"@type":"BreadcrumbList","@id":"https:\/\/arte351.pt\/art\/2023\/05\/18\/descubra-a-historia-dos-antigos-conventos-e-mosteiros-de-lisboa-em-um-evento-especial\/#breadcrumb","itemListElement":[{"@type":"ListItem","position":1,"name":"In\u00edcio","item":"https:\/\/arte351.pt\/art\/"},{"@type":"ListItem","position":2,"name":"Descubra a hist\u00f3ria dos antigos Conventos e Mosteiros de Lisboa em um evento especial"}]},{"@type":"WebSite","@id":"https:\/\/arte351.pt\/art\/#website","url":"https:\/\/arte351.pt\/art\/","name":"Arte351 - Art Magazine Portugal","description":"","publisher":{"@id":"https:\/\/arte351.pt\/art\/#organization"},"potentialAction":[{"@type":"SearchAction","target":{"@type":"EntryPoint","urlTemplate":"https:\/\/arte351.pt\/art\/?s={search_term_string}"},"query-input":{"@type":"PropertyValueSpecification","valueRequired":true,"valueName":"search_term_string"}}],"inLanguage":"pt-BR"},{"@type":"Organization","@id":"https:\/\/arte351.pt\/art\/#organization","name":"Arte351 - Art Magazine Portugal","url":"https:\/\/arte351.pt\/art\/","logo":{"@type":"ImageObject","inLanguage":"pt-BR","@id":"https:\/\/arte351.pt\/art\/#\/schema\/logo\/image\/","url":"https:\/\/arte351.pt\/art\/wp-content\/uploads\/2020\/03\/cropped-logo-arte351-color.png","contentUrl":"https:\/\/arte351.pt\/art\/wp-content\/uploads\/2020\/03\/cropped-logo-arte351-color.png","width":514,"height":200,"caption":"Arte351 - Art Magazine Portugal"},"image":{"@id":"https:\/\/arte351.pt\/art\/#\/schema\/logo\/image\/"},"sameAs":["https:\/\/www.facebook.com\/arte351magazine\/"]},{"@type":"Person","@id":"https:\/\/arte351.pt\/art\/#\/schema\/person\/f2cfae59497206be61c53c217757b930","name":"Equipa Arte351","image":{"@type":"ImageObject","inLanguage":"pt-BR","@id":"https:\/\/secure.gravatar.com\/avatar\/6caca56323d52e15e83fc5635240c86f7e52fd46fa8d5df9a709d99f5aa1638e?s=96&d=mm&r=g","url":"https:\/\/secure.gravatar.com\/avatar\/6caca56323d52e15e83fc5635240c86f7e52fd46fa8d5df9a709d99f5aa1638e?s=96&d=mm&r=g","contentUrl":"https:\/\/secure.gravatar.com\/avatar\/6caca56323d52e15e83fc5635240c86f7e52fd46fa8d5df9a709d99f5aa1638e?s=96&d=mm&r=g","caption":"Equipa Arte351"},"url":"https:\/\/arte351.pt\/art\/author\/caroleenbass\/"}]}},"_links":{"self":[{"href":"https:\/\/arte351.pt\/art\/wp-json\/wp\/v2\/posts\/7644","targetHints":{"allow":["GET"]}}],"collection":[{"href":"https:\/\/arte351.pt\/art\/wp-json\/wp\/v2\/posts"}],"about":[{"href":"https:\/\/arte351.pt\/art\/wp-json\/wp\/v2\/types\/post"}],"author":[{"embeddable":true,"href":"https:\/\/arte351.pt\/art\/wp-json\/wp\/v2\/users\/3"}],"replies":[{"embeddable":true,"href":"https:\/\/arte351.pt\/art\/wp-json\/wp\/v2\/comments?post=7644"}],"version-history":[{"count":1,"href":"https:\/\/arte351.pt\/art\/wp-json\/wp\/v2\/posts\/7644\/revisions"}],"predecessor-version":[{"id":7645,"href":"https:\/\/arte351.pt\/art\/wp-json\/wp\/v2\/posts\/7644\/revisions\/7645"}],"wp:attachment":[{"href":"https:\/\/arte351.pt\/art\/wp-json\/wp\/v2\/media?parent=7644"}],"wp:term":[{"taxonomy":"category","embeddable":true,"href":"https:\/\/arte351.pt\/art\/wp-json\/wp\/v2\/categories?post=7644"},{"taxonomy":"post_tag","embeddable":true,"href":"https:\/\/arte351.pt\/art\/wp-json\/wp\/v2\/tags?post=7644"}],"curies":[{"name":"wp","href":"https:\/\/api.w.org\/{rel}","templated":true}]}}