{"id":7741,"date":"2023-06-13T22:08:58","date_gmt":"2023-06-13T22:08:58","guid":{"rendered":"https:\/\/arte351.pt\/art\/?p=7741"},"modified":"2023-06-13T22:08:58","modified_gmt":"2023-06-13T22:08:58","slug":"festival-jazz-no-parque-retorna-ao-barreiro-com-entrada-gratuita","status":"publish","type":"post","link":"https:\/\/arte351.pt\/art\/2023\/06\/13\/festival-jazz-no-parque-retorna-ao-barreiro-com-entrada-gratuita\/","title":{"rendered":"Festival Jazz no Parque retorna ao Barreiro com entrada gratuita!"},"content":{"rendered":"<p><strong>FESTIVAL JAZZ NO PARQUE DA CIDADE DO BARREIRO REGRESSA DE 30 DE JUNHO A 2 DE JULHO<\/strong><\/p>\n<p>A terceira edi\u00e7\u00e3o do Festival Jazz no Parque est\u00e1 de volta ao Parque da Cidade do Barreiro, de 30 de junho a 2 de julho. O Festival apresenta grandes nomes do jazz nacional e internacional.<\/p>\n<p>&nbsp;<\/p>\n<p><strong>Um Cartaz de Luxo<\/strong><\/p>\n<p>O festival apresenta uma sele\u00e7\u00e3o de bandas de renome, incluindo os <strong>Ignition<\/strong>, <strong>Shai Maestro Quartet<\/strong>, <strong>Escola de Jazz do Barreiro<\/strong>, <strong>Do Acaso<\/strong>, <strong>Ricardo Pinheiro Quinteto feat. Chris Cheek<\/strong>, <strong>Mark Turner Quartet<\/strong>, <strong>Academia de Jazz &#8220;Os Franceses&#8221;<\/strong>, <strong>Jo\u00e3o Mort\u00e1gua Math Trio feat. Tom\u00e1s Marques<\/strong> e <strong>Fred Hersch Trio<\/strong>. Essas bandas prometem oferecer performances musicais emocionantes e envolventes.<\/p>\n<p>&nbsp;<\/p>\n<p><strong>Local Encantador e Entrada Gratuita<\/strong><\/p>\n<p>O Festival Jazz no Parque acontece no id\u00edlico Parque da Cidade do Barreiro, proporcionando um cen\u00e1rio encantador para os amantes do jazz. Al\u00e9m disso, o evento \u00e9 de entrada gratuita, permitindo que o p\u00fablico desfrute da m\u00fasica de alta qualidade sem custo.<\/p>\n<p>&nbsp;<\/p>\n<p><strong>Destaques do Programa<\/strong><\/p>\n<p>O festival ter\u00e1 uma programa\u00e7\u00e3o diversificada, incluindo concertos de diferentes estilos e forma\u00e7\u00f5es musicais. Desde a energia contagiante dos <strong>Ignition<\/strong> ao virtuosismo do <strong>Shai Maestro Quartet<\/strong>, passando pela criatividade da <strong>Escola de Jazz do Barreiro<\/strong> e pelas experi\u00eancias sonoras do <strong>Do Acaso<\/strong>, os espectadores ter\u00e3o a oportunidade de apreciar uma ampla variedade de performances jazz\u00edsticas.<\/p>\n<figure class=\"thumbnail wp-caption alignnone\" style=\"width: 2143px\"><img fetchpriority=\"high\" decoding=\"async\" class=\"size-large\" src=\"https:\/\/www.cm-barreiro.pt\/thumbs\/cmbarreiro\/uploads\/content_image\/image\/3026\/markturnerquartet_kat7732_bw_2022_fotodr_1_2500_2500.jpg\" width=\"2133\" height=\"1600\" \/><figcaption class=\"caption wp-caption-text\"><strong>Mark Turner Quartet (Divulga\u00e7\u00e3o)<\/strong><\/figcaption><\/figure>\n<p>&nbsp;<\/p>\n<p><strong>Reconhecimento Internacional<\/strong><\/p>\n<p>Algumas das bandas convidadas s\u00e3o reconhecidas internacionalmente e t\u00eam se destacado na cena do jazz mundial. Com artistas premiados e aclamados pela cr\u00edtica, o Festival Jazz no Parque oferece aos espectadores a oportunidade de desfrutar de m\u00fasica de alto n\u00edvel.<\/p>\n<p>&nbsp;<\/p>\n<p><strong>Uma Experi\u00eancia Imperd\u00edvel<\/strong><\/p>\n<p>A terceira edi\u00e7\u00e3o do Festival Jazz no Parque ocorrer\u00e1 de 30 de junho a 2 de julho no Parque da Cidade do Barreiro. O evento contar\u00e1 com a presen\u00e7a de bandas renomadas, incluindo <strong>Ignition<\/strong>, <strong>Shai Maestro Quartet<\/strong>, <strong>Escola de Jazz do Barreiro<\/strong>, <strong>Do Acaso<\/strong>, <strong>Ricardo Pinheiro Quinteto feat. Chris Cheek<\/strong>, <strong>Mark Turner Quartet<\/strong>, <strong>Academia de Jazz &#8220;Os Franceses&#8221;<\/strong>, <strong>Jo\u00e3o Mort\u00e1gua Math Trio feat. Tom\u00e1s Marques<\/strong> e <strong>Fred Hersch Trio<\/strong>. Com um cen\u00e1rio encantador e entrada gratuita, o festival promete proporcionar aos espectadores uma experi\u00eancia musical \u00fanica e envolvente.<\/p>\n<p>&nbsp;<\/p>\n<p><strong>30 JUNHO<br \/>\n<\/strong><span>22h &#8211; Ignition<br \/>\n23h30 &#8211; Shai Maestro Quartet<\/span><span><\/p>\n<p><strong>01 Julho<\/strong><br \/>\n<\/span><span>17h &#8211; Escola de Jazz do Barreiro<br \/>\n18h30 &#8211; Do Acaso<br \/>\n22h &#8211; Ricardo Pinheiro + Chris Cheek Quinteto<br \/>\n23h30 &#8211; Mark Turner Quartet<\/span><span><\/p>\n<p><strong>2 Julho<\/strong><br \/>\n<\/span><span>16h30 &#8211; Academia de Jazz &#8220;Os Franceses&#8221;<br \/>\n18h &#8211; Jo\u00e3o Mort\u00e1gua Math Trio com Tom\u00e1s Marques<br \/>\n19h30 &#8211; Fred Hersch Trio<\/span><\/p>\n","protected":false},"excerpt":{"rendered":"<p>FESTIVAL JAZZ NO PARQUE DA CIDADE DO BARREIRO REGRESSA DE 30 DE JUNHO A 2 DE JULHO A terceira edi\u00e7\u00e3o do Festival Jazz no Parque est\u00e1 de volta ao Parque [&hellip;]<\/p>\n","protected":false},"author":3,"featured_media":7742,"comment_status":"closed","ping_status":"closed","sticky":false,"template":"","format":"standard","meta":{"_exactmetrics_skip_tracking":false,"_exactmetrics_sitenote_active":false,"_exactmetrics_sitenote_note":"","_exactmetrics_sitenote_category":0,"_uf_show_specific_survey":0,"_uf_disable_surveys":false,"footnotes":""},"categories":[457],"tags":[1886],"class_list":["post-7741","post","type-post","status-publish","format-standard","has-post-thumbnail","hentry","category-musica","tag-festival-jazz-no-parque"],"yoast_head":"<!-- This site is optimized with the Yoast SEO plugin v27.3 - https:\/\/yoast.com\/product\/yoast-seo-wordpress\/ -->\n<title>Festival Jazz no Parque retorna ao Barreiro com entrada gratuita!<\/title>\n<meta name=\"description\" content=\"JAZZ NO PARQUE DA CIDADE DO BARREIRO REGRESSA DE 30 DE JUNHO A 2 DE JULHO! L\u00ea mais sobre o Festival Jazz, aqui, em nosso site!\" \/>\n<meta name=\"robots\" content=\"index, follow, max-snippet:-1, max-image-preview:large, max-video-preview:-1\" \/>\n<link rel=\"canonical\" href=\"https:\/\/arte351.pt\/art\/2023\/06\/13\/festival-jazz-no-parque-retorna-ao-barreiro-com-entrada-gratuita\/\" \/>\n<meta property=\"og:locale\" content=\"pt_BR\" \/>\n<meta property=\"og:type\" content=\"article\" \/>\n<meta property=\"og:title\" content=\"Festival Jazz no Parque retorna ao Barreiro com entrada gratuita!\" \/>\n<meta property=\"og:description\" content=\"JAZZ NO PARQUE DA CIDADE DO BARREIRO REGRESSA DE 30 DE JUNHO A 2 DE JULHO! L\u00ea mais sobre o Festival Jazz, aqui, em nosso site!\" \/>\n<meta property=\"og:url\" content=\"https:\/\/arte351.pt\/art\/2023\/06\/13\/festival-jazz-no-parque-retorna-ao-barreiro-com-entrada-gratuita\/\" \/>\n<meta property=\"og:site_name\" content=\"Arte351 - Art Magazine Portugal\" \/>\n<meta property=\"article:publisher\" content=\"https:\/\/www.facebook.com\/arte351magazine\/\" \/>\n<meta property=\"article:published_time\" content=\"2023-06-13T22:08:58+00:00\" \/>\n<meta property=\"og:image\" content=\"https:\/\/arte351.pt\/art\/wp-content\/uploads\/2023\/06\/festival-jazz-no-parque.jpg\" \/>\n\t<meta property=\"og:image:width\" content=\"1200\" \/>\n\t<meta property=\"og:image:height\" content=\"578\" \/>\n\t<meta property=\"og:image:type\" content=\"image\/jpeg\" \/>\n<meta name=\"author\" content=\"Equipa Arte351\" \/>\n<meta name=\"twitter:label1\" content=\"Escrito por\" \/>\n\t<meta name=\"twitter:data1\" content=\"Equipa Arte351\" \/>\n\t<meta name=\"twitter:label2\" content=\"Est. tempo de leitura\" \/>\n\t<meta name=\"twitter:data2\" content=\"3 minutos\" \/>\n<script type=\"application\/ld+json\" class=\"yoast-schema-graph\">{\"@context\":\"https:\\\/\\\/schema.org\",\"@graph\":[{\"@type\":\"Article\",\"@id\":\"https:\\\/\\\/arte351.pt\\\/art\\\/2023\\\/06\\\/13\\\/festival-jazz-no-parque-retorna-ao-barreiro-com-entrada-gratuita\\\/#article\",\"isPartOf\":{\"@id\":\"https:\\\/\\\/arte351.pt\\\/art\\\/2023\\\/06\\\/13\\\/festival-jazz-no-parque-retorna-ao-barreiro-com-entrada-gratuita\\\/\"},\"author\":{\"name\":\"Equipa Arte351\",\"@id\":\"https:\\\/\\\/arte351.pt\\\/art\\\/#\\\/schema\\\/person\\\/f2cfae59497206be61c53c217757b930\"},\"headline\":\"Festival Jazz no Parque retorna ao Barreiro com entrada gratuita!\",\"datePublished\":\"2023-06-13T22:08:58+00:00\",\"mainEntityOfPage\":{\"@id\":\"https:\\\/\\\/arte351.pt\\\/art\\\/2023\\\/06\\\/13\\\/festival-jazz-no-parque-retorna-ao-barreiro-com-entrada-gratuita\\\/\"},\"wordCount\":457,\"publisher\":{\"@id\":\"https:\\\/\\\/arte351.pt\\\/art\\\/#organization\"},\"image\":{\"@id\":\"https:\\\/\\\/arte351.pt\\\/art\\\/2023\\\/06\\\/13\\\/festival-jazz-no-parque-retorna-ao-barreiro-com-entrada-gratuita\\\/#primaryimage\"},\"thumbnailUrl\":\"https:\\\/\\\/arte351.pt\\\/art\\\/wp-content\\\/uploads\\\/2023\\\/06\\\/festival-jazz-no-parque.jpg\",\"keywords\":[\"Festival Jazz no Parque\"],\"articleSection\":[\"M\u00fasica\"],\"inLanguage\":\"pt-BR\"},{\"@type\":\"WebPage\",\"@id\":\"https:\\\/\\\/arte351.pt\\\/art\\\/2023\\\/06\\\/13\\\/festival-jazz-no-parque-retorna-ao-barreiro-com-entrada-gratuita\\\/\",\"url\":\"https:\\\/\\\/arte351.pt\\\/art\\\/2023\\\/06\\\/13\\\/festival-jazz-no-parque-retorna-ao-barreiro-com-entrada-gratuita\\\/\",\"name\":\"Festival Jazz no Parque retorna ao Barreiro com entrada gratuita!\",\"isPartOf\":{\"@id\":\"https:\\\/\\\/arte351.pt\\\/art\\\/#website\"},\"primaryImageOfPage\":{\"@id\":\"https:\\\/\\\/arte351.pt\\\/art\\\/2023\\\/06\\\/13\\\/festival-jazz-no-parque-retorna-ao-barreiro-com-entrada-gratuita\\\/#primaryimage\"},\"image\":{\"@id\":\"https:\\\/\\\/arte351.pt\\\/art\\\/2023\\\/06\\\/13\\\/festival-jazz-no-parque-retorna-ao-barreiro-com-entrada-gratuita\\\/#primaryimage\"},\"thumbnailUrl\":\"https:\\\/\\\/arte351.pt\\\/art\\\/wp-content\\\/uploads\\\/2023\\\/06\\\/festival-jazz-no-parque.jpg\",\"datePublished\":\"2023-06-13T22:08:58+00:00\",\"description\":\"JAZZ NO PARQUE DA CIDADE DO BARREIRO REGRESSA DE 30 DE JUNHO A 2 DE JULHO! L\u00ea mais sobre o Festival Jazz, aqui, em nosso site!\",\"breadcrumb\":{\"@id\":\"https:\\\/\\\/arte351.pt\\\/art\\\/2023\\\/06\\\/13\\\/festival-jazz-no-parque-retorna-ao-barreiro-com-entrada-gratuita\\\/#breadcrumb\"},\"inLanguage\":\"pt-BR\",\"potentialAction\":[{\"@type\":\"ReadAction\",\"target\":[\"https:\\\/\\\/arte351.pt\\\/art\\\/2023\\\/06\\\/13\\\/festival-jazz-no-parque-retorna-ao-barreiro-com-entrada-gratuita\\\/\"]}]},{\"@type\":\"ImageObject\",\"inLanguage\":\"pt-BR\",\"@id\":\"https:\\\/\\\/arte351.pt\\\/art\\\/2023\\\/06\\\/13\\\/festival-jazz-no-parque-retorna-ao-barreiro-com-entrada-gratuita\\\/#primaryimage\",\"url\":\"https:\\\/\\\/arte351.pt\\\/art\\\/wp-content\\\/uploads\\\/2023\\\/06\\\/festival-jazz-no-parque.jpg\",\"contentUrl\":\"https:\\\/\\\/arte351.pt\\\/art\\\/wp-content\\\/uploads\\\/2023\\\/06\\\/festival-jazz-no-parque.jpg\",\"width\":1200,\"height\":578},{\"@type\":\"BreadcrumbList\",\"@id\":\"https:\\\/\\\/arte351.pt\\\/art\\\/2023\\\/06\\\/13\\\/festival-jazz-no-parque-retorna-ao-barreiro-com-entrada-gratuita\\\/#breadcrumb\",\"itemListElement\":[{\"@type\":\"ListItem\",\"position\":1,\"name\":\"In\u00edcio\",\"item\":\"https:\\\/\\\/arte351.pt\\\/art\\\/\"},{\"@type\":\"ListItem\",\"position\":2,\"name\":\"Festival Jazz no Parque retorna ao Barreiro com entrada gratuita!\"}]},{\"@type\":\"WebSite\",\"@id\":\"https:\\\/\\\/arte351.pt\\\/art\\\/#website\",\"url\":\"https:\\\/\\\/arte351.pt\\\/art\\\/\",\"name\":\"Arte351 - Art Magazine Portugal\",\"description\":\"\",\"publisher\":{\"@id\":\"https:\\\/\\\/arte351.pt\\\/art\\\/#organization\"},\"potentialAction\":[{\"@type\":\"SearchAction\",\"target\":{\"@type\":\"EntryPoint\",\"urlTemplate\":\"https:\\\/\\\/arte351.pt\\\/art\\\/?s={search_term_string}\"},\"query-input\":{\"@type\":\"PropertyValueSpecification\",\"valueRequired\":true,\"valueName\":\"search_term_string\"}}],\"inLanguage\":\"pt-BR\"},{\"@type\":\"Organization\",\"@id\":\"https:\\\/\\\/arte351.pt\\\/art\\\/#organization\",\"name\":\"Arte351 - Art Magazine Portugal\",\"url\":\"https:\\\/\\\/arte351.pt\\\/art\\\/\",\"logo\":{\"@type\":\"ImageObject\",\"inLanguage\":\"pt-BR\",\"@id\":\"https:\\\/\\\/arte351.pt\\\/art\\\/#\\\/schema\\\/logo\\\/image\\\/\",\"url\":\"https:\\\/\\\/arte351.pt\\\/art\\\/wp-content\\\/uploads\\\/2020\\\/03\\\/cropped-logo-arte351-color.png\",\"contentUrl\":\"https:\\\/\\\/arte351.pt\\\/art\\\/wp-content\\\/uploads\\\/2020\\\/03\\\/cropped-logo-arte351-color.png\",\"width\":514,\"height\":200,\"caption\":\"Arte351 - Art Magazine Portugal\"},\"image\":{\"@id\":\"https:\\\/\\\/arte351.pt\\\/art\\\/#\\\/schema\\\/logo\\\/image\\\/\"},\"sameAs\":[\"https:\\\/\\\/www.facebook.com\\\/arte351magazine\\\/\"]},{\"@type\":\"Person\",\"@id\":\"https:\\\/\\\/arte351.pt\\\/art\\\/#\\\/schema\\\/person\\\/f2cfae59497206be61c53c217757b930\",\"name\":\"Equipa Arte351\",\"image\":{\"@type\":\"ImageObject\",\"inLanguage\":\"pt-BR\",\"@id\":\"https:\\\/\\\/secure.gravatar.com\\\/avatar\\\/6caca56323d52e15e83fc5635240c86f7e52fd46fa8d5df9a709d99f5aa1638e?s=96&d=mm&r=g\",\"url\":\"https:\\\/\\\/secure.gravatar.com\\\/avatar\\\/6caca56323d52e15e83fc5635240c86f7e52fd46fa8d5df9a709d99f5aa1638e?s=96&d=mm&r=g\",\"contentUrl\":\"https:\\\/\\\/secure.gravatar.com\\\/avatar\\\/6caca56323d52e15e83fc5635240c86f7e52fd46fa8d5df9a709d99f5aa1638e?s=96&d=mm&r=g\",\"caption\":\"Equipa Arte351\"},\"url\":\"https:\\\/\\\/arte351.pt\\\/art\\\/author\\\/caroleenbass\\\/\"}]}<\/script>\n<!-- \/ Yoast SEO plugin. -->","yoast_head_json":{"title":"Festival Jazz no Parque retorna ao Barreiro com entrada gratuita!","description":"JAZZ NO PARQUE DA CIDADE DO BARREIRO REGRESSA DE 30 DE JUNHO A 2 DE JULHO! L\u00ea mais sobre o Festival Jazz, aqui, em nosso site!","robots":{"index":"index","follow":"follow","max-snippet":"max-snippet:-1","max-image-preview":"max-image-preview:large","max-video-preview":"max-video-preview:-1"},"canonical":"https:\/\/arte351.pt\/art\/2023\/06\/13\/festival-jazz-no-parque-retorna-ao-barreiro-com-entrada-gratuita\/","og_locale":"pt_BR","og_type":"article","og_title":"Festival Jazz no Parque retorna ao Barreiro com entrada gratuita!","og_description":"JAZZ NO PARQUE DA CIDADE DO BARREIRO REGRESSA DE 30 DE JUNHO A 2 DE JULHO! L\u00ea mais sobre o Festival Jazz, aqui, em nosso site!","og_url":"https:\/\/arte351.pt\/art\/2023\/06\/13\/festival-jazz-no-parque-retorna-ao-barreiro-com-entrada-gratuita\/","og_site_name":"Arte351 - Art Magazine Portugal","article_publisher":"https:\/\/www.facebook.com\/arte351magazine\/","article_published_time":"2023-06-13T22:08:58+00:00","og_image":[{"width":1200,"height":578,"url":"https:\/\/arte351.pt\/art\/wp-content\/uploads\/2023\/06\/festival-jazz-no-parque.jpg","type":"image\/jpeg"}],"author":"Equipa Arte351","twitter_misc":{"Escrito por":"Equipa Arte351","Est. tempo de leitura":"3 minutos"},"schema":{"@context":"https:\/\/schema.org","@graph":[{"@type":"Article","@id":"https:\/\/arte351.pt\/art\/2023\/06\/13\/festival-jazz-no-parque-retorna-ao-barreiro-com-entrada-gratuita\/#article","isPartOf":{"@id":"https:\/\/arte351.pt\/art\/2023\/06\/13\/festival-jazz-no-parque-retorna-ao-barreiro-com-entrada-gratuita\/"},"author":{"name":"Equipa Arte351","@id":"https:\/\/arte351.pt\/art\/#\/schema\/person\/f2cfae59497206be61c53c217757b930"},"headline":"Festival Jazz no Parque retorna ao Barreiro com entrada gratuita!","datePublished":"2023-06-13T22:08:58+00:00","mainEntityOfPage":{"@id":"https:\/\/arte351.pt\/art\/2023\/06\/13\/festival-jazz-no-parque-retorna-ao-barreiro-com-entrada-gratuita\/"},"wordCount":457,"publisher":{"@id":"https:\/\/arte351.pt\/art\/#organization"},"image":{"@id":"https:\/\/arte351.pt\/art\/2023\/06\/13\/festival-jazz-no-parque-retorna-ao-barreiro-com-entrada-gratuita\/#primaryimage"},"thumbnailUrl":"https:\/\/arte351.pt\/art\/wp-content\/uploads\/2023\/06\/festival-jazz-no-parque.jpg","keywords":["Festival Jazz no Parque"],"articleSection":["M\u00fasica"],"inLanguage":"pt-BR"},{"@type":"WebPage","@id":"https:\/\/arte351.pt\/art\/2023\/06\/13\/festival-jazz-no-parque-retorna-ao-barreiro-com-entrada-gratuita\/","url":"https:\/\/arte351.pt\/art\/2023\/06\/13\/festival-jazz-no-parque-retorna-ao-barreiro-com-entrada-gratuita\/","name":"Festival Jazz no Parque retorna ao Barreiro com entrada gratuita!","isPartOf":{"@id":"https:\/\/arte351.pt\/art\/#website"},"primaryImageOfPage":{"@id":"https:\/\/arte351.pt\/art\/2023\/06\/13\/festival-jazz-no-parque-retorna-ao-barreiro-com-entrada-gratuita\/#primaryimage"},"image":{"@id":"https:\/\/arte351.pt\/art\/2023\/06\/13\/festival-jazz-no-parque-retorna-ao-barreiro-com-entrada-gratuita\/#primaryimage"},"thumbnailUrl":"https:\/\/arte351.pt\/art\/wp-content\/uploads\/2023\/06\/festival-jazz-no-parque.jpg","datePublished":"2023-06-13T22:08:58+00:00","description":"JAZZ NO PARQUE DA CIDADE DO BARREIRO REGRESSA DE 30 DE JUNHO A 2 DE JULHO! L\u00ea mais sobre o Festival Jazz, aqui, em nosso site!","breadcrumb":{"@id":"https:\/\/arte351.pt\/art\/2023\/06\/13\/festival-jazz-no-parque-retorna-ao-barreiro-com-entrada-gratuita\/#breadcrumb"},"inLanguage":"pt-BR","potentialAction":[{"@type":"ReadAction","target":["https:\/\/arte351.pt\/art\/2023\/06\/13\/festival-jazz-no-parque-retorna-ao-barreiro-com-entrada-gratuita\/"]}]},{"@type":"ImageObject","inLanguage":"pt-BR","@id":"https:\/\/arte351.pt\/art\/2023\/06\/13\/festival-jazz-no-parque-retorna-ao-barreiro-com-entrada-gratuita\/#primaryimage","url":"https:\/\/arte351.pt\/art\/wp-content\/uploads\/2023\/06\/festival-jazz-no-parque.jpg","contentUrl":"https:\/\/arte351.pt\/art\/wp-content\/uploads\/2023\/06\/festival-jazz-no-parque.jpg","width":1200,"height":578},{"@type":"BreadcrumbList","@id":"https:\/\/arte351.pt\/art\/2023\/06\/13\/festival-jazz-no-parque-retorna-ao-barreiro-com-entrada-gratuita\/#breadcrumb","itemListElement":[{"@type":"ListItem","position":1,"name":"In\u00edcio","item":"https:\/\/arte351.pt\/art\/"},{"@type":"ListItem","position":2,"name":"Festival Jazz no Parque retorna ao Barreiro com entrada gratuita!"}]},{"@type":"WebSite","@id":"https:\/\/arte351.pt\/art\/#website","url":"https:\/\/arte351.pt\/art\/","name":"Arte351 - Art Magazine Portugal","description":"","publisher":{"@id":"https:\/\/arte351.pt\/art\/#organization"},"potentialAction":[{"@type":"SearchAction","target":{"@type":"EntryPoint","urlTemplate":"https:\/\/arte351.pt\/art\/?s={search_term_string}"},"query-input":{"@type":"PropertyValueSpecification","valueRequired":true,"valueName":"search_term_string"}}],"inLanguage":"pt-BR"},{"@type":"Organization","@id":"https:\/\/arte351.pt\/art\/#organization","name":"Arte351 - Art Magazine Portugal","url":"https:\/\/arte351.pt\/art\/","logo":{"@type":"ImageObject","inLanguage":"pt-BR","@id":"https:\/\/arte351.pt\/art\/#\/schema\/logo\/image\/","url":"https:\/\/arte351.pt\/art\/wp-content\/uploads\/2020\/03\/cropped-logo-arte351-color.png","contentUrl":"https:\/\/arte351.pt\/art\/wp-content\/uploads\/2020\/03\/cropped-logo-arte351-color.png","width":514,"height":200,"caption":"Arte351 - Art Magazine Portugal"},"image":{"@id":"https:\/\/arte351.pt\/art\/#\/schema\/logo\/image\/"},"sameAs":["https:\/\/www.facebook.com\/arte351magazine\/"]},{"@type":"Person","@id":"https:\/\/arte351.pt\/art\/#\/schema\/person\/f2cfae59497206be61c53c217757b930","name":"Equipa Arte351","image":{"@type":"ImageObject","inLanguage":"pt-BR","@id":"https:\/\/secure.gravatar.com\/avatar\/6caca56323d52e15e83fc5635240c86f7e52fd46fa8d5df9a709d99f5aa1638e?s=96&d=mm&r=g","url":"https:\/\/secure.gravatar.com\/avatar\/6caca56323d52e15e83fc5635240c86f7e52fd46fa8d5df9a709d99f5aa1638e?s=96&d=mm&r=g","contentUrl":"https:\/\/secure.gravatar.com\/avatar\/6caca56323d52e15e83fc5635240c86f7e52fd46fa8d5df9a709d99f5aa1638e?s=96&d=mm&r=g","caption":"Equipa Arte351"},"url":"https:\/\/arte351.pt\/art\/author\/caroleenbass\/"}]}},"_links":{"self":[{"href":"https:\/\/arte351.pt\/art\/wp-json\/wp\/v2\/posts\/7741","targetHints":{"allow":["GET"]}}],"collection":[{"href":"https:\/\/arte351.pt\/art\/wp-json\/wp\/v2\/posts"}],"about":[{"href":"https:\/\/arte351.pt\/art\/wp-json\/wp\/v2\/types\/post"}],"author":[{"embeddable":true,"href":"https:\/\/arte351.pt\/art\/wp-json\/wp\/v2\/users\/3"}],"replies":[{"embeddable":true,"href":"https:\/\/arte351.pt\/art\/wp-json\/wp\/v2\/comments?post=7741"}],"version-history":[{"count":1,"href":"https:\/\/arte351.pt\/art\/wp-json\/wp\/v2\/posts\/7741\/revisions"}],"predecessor-version":[{"id":7743,"href":"https:\/\/arte351.pt\/art\/wp-json\/wp\/v2\/posts\/7741\/revisions\/7743"}],"wp:featuredmedia":[{"embeddable":true,"href":"https:\/\/arte351.pt\/art\/wp-json\/wp\/v2\/media\/7742"}],"wp:attachment":[{"href":"https:\/\/arte351.pt\/art\/wp-json\/wp\/v2\/media?parent=7741"}],"wp:term":[{"taxonomy":"category","embeddable":true,"href":"https:\/\/arte351.pt\/art\/wp-json\/wp\/v2\/categories?post=7741"},{"taxonomy":"post_tag","embeddable":true,"href":"https:\/\/arte351.pt\/art\/wp-json\/wp\/v2\/tags?post=7741"}],"curies":[{"name":"wp","href":"https:\/\/api.w.org\/{rel}","templated":true}]}}