{"id":7811,"date":"2023-06-30T07:18:08","date_gmt":"2023-06-30T07:18:08","guid":{"rendered":"https:\/\/arte351.pt\/art\/?p=7811"},"modified":"2023-06-29T16:31:58","modified_gmt":"2023-06-29T16:31:58","slug":"festival-provincia-sonora-esta-de-volta-celebrando-a-musica-em-comunhao-com-a-natureza","status":"publish","type":"post","link":"https:\/\/arte351.pt\/art\/2023\/06\/30\/festival-provincia-sonora-esta-de-volta-celebrando-a-musica-em-comunhao-com-a-natureza\/","title":{"rendered":"Festival Prov\u00edncia Sonora est\u00e1 de volta, celebrando a m\u00fasica em comunh\u00e3o com a natureza"},"content":{"rendered":"<p>O Festival itinerante Prov\u00edncia Sonora, que combina a m\u00fasica erudita e tradicional, retorna com for\u00e7a total nos meses de julho e setembro. Ap\u00f3s o in\u00edcio da edi\u00e7\u00e3o deste ano em mar\u00e7o, o festival continua sua jornada por diferentes locais, levando consigo a ess\u00eancia da itiner\u00e2ncia, descentraliza\u00e7\u00e3o e internacionaliza\u00e7\u00e3o.<\/p>\n<p>Com um repert\u00f3rio diversificado, o p\u00fablico ter\u00e1 a oportunidade de desfrutar de concertos \u00fanicos, protagonizados por renomados m\u00fasicos nacionais e internacionais. O pianista Ant\u00f3nio Rosado e o violoncelista Filipe Quaresma ir\u00e3o encantar os espectadores com sonoridades ricas da m\u00fasica dos s\u00e9culos XIX e XX. O Bando de Surunyo, especializado em m\u00fasica dos s\u00e9culos XVI e XVII, tamb\u00e9m se apresentar\u00e1, assim como L\u00edvia &amp; Fred, que exploram o universo das serestas, g\u00eanero que surgiu no s\u00e9culo XIX no Rio de Janeiro. Outros destaques incluem o talentoso compositor e bandoneonista argentino Mart\u00edn Sued, e a dupla Nuno Pinto e Bernardo Soares, que percorrer\u00e3o diversos estilos musicais em um recital de clarinete e piano.<\/p>\n<p>Todos os concertos do festival s\u00e3o de entrada gratuita, permitindo que um p\u00fablico diversificado desfrute da celebra\u00e7\u00e3o da m\u00fasica em um ambiente de conex\u00e3o com a natureza. O Prov\u00edncia Sonora busca n\u00e3o apenas proporcionar experi\u00eancias musicais enriquecedoras, mas tamb\u00e9m promover a conscientiza\u00e7\u00e3o ambiental e a preserva\u00e7\u00e3o dos territ\u00f3rios.<\/p>\n<p>Com um conceito original e inovador, o festival estende-se de mar\u00e7o a setembro de 2023, convidando todos a explorar diferentes regi\u00f5es e culturas atrav\u00e9s dos sons e das tradi\u00e7\u00f5es locais. Atrav\u00e9s da m\u00fasica, o Prov\u00edncia Sonora promove a uni\u00e3o entre pessoas desconhecidas, conectando comunidades distantes e despertando a consci\u00eancia ecol\u00f3gica.<\/p>\n<p>O Festival Prov\u00edncia Sonora \u00e9 uma iniciativa da Artway, empresa dedicada \u00e0 gest\u00e3o cultural, gest\u00e3o art\u00edstica, produ\u00e7\u00e3o e edi\u00e7\u00e3o discogr\u00e1fica, com foco especial na m\u00fasica erudita. O evento recebeu o apoio do Programa de Apoio Sustentado da DGArtes, reconhecendo sua import\u00e2ncia e contribui\u00e7\u00e3o para a cena cultural.<\/p>\n<p>Confira a agenda do festival e aproveite as incr\u00edveis apresenta\u00e7\u00f5es que o Prov\u00edncia Sonora proporciona:<\/p>\n<p><strong>Zamora, Espanha &#8211; 15 de julho<\/strong> Ant\u00f3nio Rosado e Filipe Quaresma Concerto ao Luar na Funda\u00e7\u00e3o Rei Afonso Henriques | 22h<\/p>\n<p><strong>Macedo de Cavaleiros &#8211; 16 de julho<\/strong> O Bando de Surunyo Concerto ao Luar na Igreja de S\u00e3o Pedro | 21h30<\/p>\n<p><strong>Vieira do Minho &#8211; 21 de julho<\/strong> L\u00edvia &amp; Fred: Nuvem R\u00f3sea, Ch\u00e3o de Estrelas Concerto ao Luar na Pra\u00e7a Guilherme de Abreu | 22h<\/p>\n<p><strong>Vieira do Minho &#8211; 22 de julho<\/strong> Mart\u00edn Sued Paisagem Sonora no Caminho Aniss\u00f3-Soutelo | 10h<\/p>\n<p>Quarteto Rostos: M\u00fasica no Feminino Concerto Fam\u00edlias na Casa de Lamas | 17h30<\/p>\n<p>Ant\u00f3nio Rosado e Filipe Quaresma Concerto Vespertino na Casa de Lamas | 19h<\/p>\n<p>Ensemble Provinciano e Artistas Locais Desgarrada Encantada na Pra\u00e7a Guilherme de Abreu | 22h<\/p>\n<p><strong>Vieira do Minho &#8211; 23 de julho<\/strong> Podcast Efeitos Colaterartes com convidados especiais na Casa de Lamas | 11h<\/p>\n<p>Nuno Pinto e Bernardo Soares: Volta ao Mundo em 1 Hora Concerto Vespertino na Casa de Lamas | 19h30<\/p>\n<p>Mart\u00edn Sued e Orquestra Assintom\u00e1tica Concerto ao Luar na Pra\u00e7a Guilherme de Abreu | 22h<\/p>\n<p><strong>Valtellina, It\u00e1lia &#8211; 25 de julho<\/strong> Coprodu\u00e7\u00e3o Festival LaltraNote Ant\u00f3nio Rosado e Filipe Quaresma Concerto ao Luar no Auditorium scuole Valdisotto | 22h<\/p>\n<p><strong>Castelo Branco &#8211; 8 de setembro<\/strong> Daniel Bernardes, Filipe Quaresma e Jo\u00e3o Barradas: Vignette Concerto ao Luar no Centro de Cultura Contempor\u00e2nea de Castelo Branco | 21h30<\/p>\n<p><strong>Castelo Branco &#8211; 9 de setembro<\/strong> Podcast Efeitos Colaterartes com convidados especiais no Centro de Cultura Contempor\u00e2nea de Castelo Branco | 12h<\/p>\n<p><strong>Faial &#8211; 28 de setembro<\/strong> Coprodu\u00e7\u00e3o Festival Lava Daniel Bernardes, Filipe Quaresma e Jo\u00e3o Barradas: Vignette Concerto ao Luar no Audit\u00f3rio da Biblioteca P\u00fablica e Arquivo Regional da Horta | 21h<\/p>\n<p>Para obter mais informa\u00e7\u00f5es sobre o Festival Prov\u00edncia Sonora, acesse o site oficial em <a href=\"https:\/\/www.provinciasonora.pt\/\" target=\"_new\" rel=\"noopener\">www.provinciasonora.pt<\/a>. Aproveite essa oportunidade \u00fanica de vivenciar a m\u00fasica em harmonia com a natureza e explorar novos horizontes culturais.<\/p>\n","protected":false},"excerpt":{"rendered":"<p>O Festival itinerante Prov\u00edncia Sonora, que combina a m\u00fasica erudita e tradicional, retorna com for\u00e7a total nos meses de julho e setembro. Ap\u00f3s o in\u00edcio da edi\u00e7\u00e3o deste ano em [&hellip;]<\/p>\n","protected":false},"author":3,"featured_media":7812,"comment_status":"closed","ping_status":"closed","sticky":false,"template":"","format":"standard","meta":{"_exactmetrics_skip_tracking":false,"_exactmetrics_sitenote_active":false,"_exactmetrics_sitenote_note":"","_exactmetrics_sitenote_category":0,"_uf_show_specific_survey":0,"_uf_disable_surveys":false,"footnotes":""},"categories":[1],"tags":[1902],"class_list":["post-7811","post","type-post","status-publish","format-standard","has-post-thumbnail","hentry","category-sem-categoria","tag-festival-provincia-sonora"],"yoast_head":"<!-- This site is optimized with the Yoast SEO plugin v27.3 - https:\/\/yoast.com\/product\/yoast-seo-wordpress\/ -->\n<title>Festival Prov\u00edncia Sonora est\u00e1 de volta, celebrando a m\u00fasica em comunh\u00e3o com a natureza<\/title>\n<meta name=\"description\" content=\"O Festival Prov\u00edncia Sonora \u00e9 uma iniciativa da Artway, empresa dedicada \u00e0 gest\u00e3o cultural, gest\u00e3o art\u00edstica, produ\u00e7\u00e3o e edi\u00e7\u00e3o discogr\u00e1fica\" \/>\n<meta name=\"robots\" content=\"index, follow, max-snippet:-1, max-image-preview:large, max-video-preview:-1\" \/>\n<link rel=\"canonical\" href=\"https:\/\/arte351.pt\/art\/2023\/06\/30\/festival-provincia-sonora-esta-de-volta-celebrando-a-musica-em-comunhao-com-a-natureza\/\" \/>\n<meta property=\"og:locale\" content=\"pt_BR\" \/>\n<meta property=\"og:type\" content=\"article\" \/>\n<meta property=\"og:title\" content=\"Festival Prov\u00edncia Sonora est\u00e1 de volta, celebrando a m\u00fasica em comunh\u00e3o com a natureza\" \/>\n<meta property=\"og:description\" content=\"O Festival Prov\u00edncia Sonora \u00e9 uma iniciativa da Artway, empresa dedicada \u00e0 gest\u00e3o cultural, gest\u00e3o art\u00edstica, produ\u00e7\u00e3o e edi\u00e7\u00e3o discogr\u00e1fica\" \/>\n<meta property=\"og:url\" content=\"https:\/\/arte351.pt\/art\/2023\/06\/30\/festival-provincia-sonora-esta-de-volta-celebrando-a-musica-em-comunhao-com-a-natureza\/\" \/>\n<meta property=\"og:site_name\" content=\"Arte351 - Art Magazine Portugal\" \/>\n<meta property=\"article:publisher\" content=\"https:\/\/www.facebook.com\/arte351magazine\/\" \/>\n<meta property=\"article:published_time\" content=\"2023-06-30T07:18:08+00:00\" \/>\n<meta property=\"og:image\" content=\"https:\/\/arte351.pt\/art\/wp-content\/uploads\/2023\/06\/martin-sued.jpg\" \/>\n\t<meta property=\"og:image:width\" content=\"1200\" \/>\n\t<meta property=\"og:image:height\" content=\"578\" \/>\n\t<meta property=\"og:image:type\" content=\"image\/jpeg\" \/>\n<meta name=\"author\" content=\"Equipa Arte351\" \/>\n<meta name=\"twitter:label1\" content=\"Escrito por\" \/>\n\t<meta name=\"twitter:data1\" content=\"Equipa Arte351\" \/>\n\t<meta name=\"twitter:label2\" content=\"Est. tempo de leitura\" \/>\n\t<meta name=\"twitter:data2\" content=\"4 minutos\" \/>\n<script type=\"application\/ld+json\" class=\"yoast-schema-graph\">{\"@context\":\"https:\\\/\\\/schema.org\",\"@graph\":[{\"@type\":\"Article\",\"@id\":\"https:\\\/\\\/arte351.pt\\\/art\\\/2023\\\/06\\\/30\\\/festival-provincia-sonora-esta-de-volta-celebrando-a-musica-em-comunhao-com-a-natureza\\\/#article\",\"isPartOf\":{\"@id\":\"https:\\\/\\\/arte351.pt\\\/art\\\/2023\\\/06\\\/30\\\/festival-provincia-sonora-esta-de-volta-celebrando-a-musica-em-comunhao-com-a-natureza\\\/\"},\"author\":{\"name\":\"Equipa Arte351\",\"@id\":\"https:\\\/\\\/arte351.pt\\\/art\\\/#\\\/schema\\\/person\\\/f2cfae59497206be61c53c217757b930\"},\"headline\":\"Festival Prov\u00edncia Sonora est\u00e1 de volta, celebrando a m\u00fasica em comunh\u00e3o com a natureza\",\"datePublished\":\"2023-06-30T07:18:08+00:00\",\"mainEntityOfPage\":{\"@id\":\"https:\\\/\\\/arte351.pt\\\/art\\\/2023\\\/06\\\/30\\\/festival-provincia-sonora-esta-de-volta-celebrando-a-musica-em-comunhao-com-a-natureza\\\/\"},\"wordCount\":713,\"publisher\":{\"@id\":\"https:\\\/\\\/arte351.pt\\\/art\\\/#organization\"},\"image\":{\"@id\":\"https:\\\/\\\/arte351.pt\\\/art\\\/2023\\\/06\\\/30\\\/festival-provincia-sonora-esta-de-volta-celebrando-a-musica-em-comunhao-com-a-natureza\\\/#primaryimage\"},\"thumbnailUrl\":\"https:\\\/\\\/arte351.pt\\\/art\\\/wp-content\\\/uploads\\\/2023\\\/06\\\/martin-sued.jpg\",\"keywords\":[\"Festival Prov\u00edncia Sonora\"],\"articleSection\":[\"Blog ARTE-351\"],\"inLanguage\":\"pt-BR\"},{\"@type\":\"WebPage\",\"@id\":\"https:\\\/\\\/arte351.pt\\\/art\\\/2023\\\/06\\\/30\\\/festival-provincia-sonora-esta-de-volta-celebrando-a-musica-em-comunhao-com-a-natureza\\\/\",\"url\":\"https:\\\/\\\/arte351.pt\\\/art\\\/2023\\\/06\\\/30\\\/festival-provincia-sonora-esta-de-volta-celebrando-a-musica-em-comunhao-com-a-natureza\\\/\",\"name\":\"Festival Prov\u00edncia Sonora est\u00e1 de volta, celebrando a m\u00fasica em comunh\u00e3o com a natureza\",\"isPartOf\":{\"@id\":\"https:\\\/\\\/arte351.pt\\\/art\\\/#website\"},\"primaryImageOfPage\":{\"@id\":\"https:\\\/\\\/arte351.pt\\\/art\\\/2023\\\/06\\\/30\\\/festival-provincia-sonora-esta-de-volta-celebrando-a-musica-em-comunhao-com-a-natureza\\\/#primaryimage\"},\"image\":{\"@id\":\"https:\\\/\\\/arte351.pt\\\/art\\\/2023\\\/06\\\/30\\\/festival-provincia-sonora-esta-de-volta-celebrando-a-musica-em-comunhao-com-a-natureza\\\/#primaryimage\"},\"thumbnailUrl\":\"https:\\\/\\\/arte351.pt\\\/art\\\/wp-content\\\/uploads\\\/2023\\\/06\\\/martin-sued.jpg\",\"datePublished\":\"2023-06-30T07:18:08+00:00\",\"description\":\"O Festival Prov\u00edncia Sonora \u00e9 uma iniciativa da Artway, empresa dedicada \u00e0 gest\u00e3o cultural, gest\u00e3o art\u00edstica, produ\u00e7\u00e3o e edi\u00e7\u00e3o discogr\u00e1fica\",\"breadcrumb\":{\"@id\":\"https:\\\/\\\/arte351.pt\\\/art\\\/2023\\\/06\\\/30\\\/festival-provincia-sonora-esta-de-volta-celebrando-a-musica-em-comunhao-com-a-natureza\\\/#breadcrumb\"},\"inLanguage\":\"pt-BR\",\"potentialAction\":[{\"@type\":\"ReadAction\",\"target\":[\"https:\\\/\\\/arte351.pt\\\/art\\\/2023\\\/06\\\/30\\\/festival-provincia-sonora-esta-de-volta-celebrando-a-musica-em-comunhao-com-a-natureza\\\/\"]}]},{\"@type\":\"ImageObject\",\"inLanguage\":\"pt-BR\",\"@id\":\"https:\\\/\\\/arte351.pt\\\/art\\\/2023\\\/06\\\/30\\\/festival-provincia-sonora-esta-de-volta-celebrando-a-musica-em-comunhao-com-a-natureza\\\/#primaryimage\",\"url\":\"https:\\\/\\\/arte351.pt\\\/art\\\/wp-content\\\/uploads\\\/2023\\\/06\\\/martin-sued.jpg\",\"contentUrl\":\"https:\\\/\\\/arte351.pt\\\/art\\\/wp-content\\\/uploads\\\/2023\\\/06\\\/martin-sued.jpg\",\"width\":1200,\"height\":578},{\"@type\":\"BreadcrumbList\",\"@id\":\"https:\\\/\\\/arte351.pt\\\/art\\\/2023\\\/06\\\/30\\\/festival-provincia-sonora-esta-de-volta-celebrando-a-musica-em-comunhao-com-a-natureza\\\/#breadcrumb\",\"itemListElement\":[{\"@type\":\"ListItem\",\"position\":1,\"name\":\"In\u00edcio\",\"item\":\"https:\\\/\\\/arte351.pt\\\/art\\\/\"},{\"@type\":\"ListItem\",\"position\":2,\"name\":\"Festival Prov\u00edncia Sonora est\u00e1 de volta, celebrando a m\u00fasica em comunh\u00e3o com a natureza\"}]},{\"@type\":\"WebSite\",\"@id\":\"https:\\\/\\\/arte351.pt\\\/art\\\/#website\",\"url\":\"https:\\\/\\\/arte351.pt\\\/art\\\/\",\"name\":\"Arte351 - Art Magazine Portugal\",\"description\":\"\",\"publisher\":{\"@id\":\"https:\\\/\\\/arte351.pt\\\/art\\\/#organization\"},\"potentialAction\":[{\"@type\":\"SearchAction\",\"target\":{\"@type\":\"EntryPoint\",\"urlTemplate\":\"https:\\\/\\\/arte351.pt\\\/art\\\/?s={search_term_string}\"},\"query-input\":{\"@type\":\"PropertyValueSpecification\",\"valueRequired\":true,\"valueName\":\"search_term_string\"}}],\"inLanguage\":\"pt-BR\"},{\"@type\":\"Organization\",\"@id\":\"https:\\\/\\\/arte351.pt\\\/art\\\/#organization\",\"name\":\"Arte351 - Art Magazine Portugal\",\"url\":\"https:\\\/\\\/arte351.pt\\\/art\\\/\",\"logo\":{\"@type\":\"ImageObject\",\"inLanguage\":\"pt-BR\",\"@id\":\"https:\\\/\\\/arte351.pt\\\/art\\\/#\\\/schema\\\/logo\\\/image\\\/\",\"url\":\"https:\\\/\\\/arte351.pt\\\/art\\\/wp-content\\\/uploads\\\/2020\\\/03\\\/cropped-logo-arte351-color.png\",\"contentUrl\":\"https:\\\/\\\/arte351.pt\\\/art\\\/wp-content\\\/uploads\\\/2020\\\/03\\\/cropped-logo-arte351-color.png\",\"width\":514,\"height\":200,\"caption\":\"Arte351 - Art Magazine Portugal\"},\"image\":{\"@id\":\"https:\\\/\\\/arte351.pt\\\/art\\\/#\\\/schema\\\/logo\\\/image\\\/\"},\"sameAs\":[\"https:\\\/\\\/www.facebook.com\\\/arte351magazine\\\/\"]},{\"@type\":\"Person\",\"@id\":\"https:\\\/\\\/arte351.pt\\\/art\\\/#\\\/schema\\\/person\\\/f2cfae59497206be61c53c217757b930\",\"name\":\"Equipa Arte351\",\"image\":{\"@type\":\"ImageObject\",\"inLanguage\":\"pt-BR\",\"@id\":\"https:\\\/\\\/secure.gravatar.com\\\/avatar\\\/6caca56323d52e15e83fc5635240c86f7e52fd46fa8d5df9a709d99f5aa1638e?s=96&d=mm&r=g\",\"url\":\"https:\\\/\\\/secure.gravatar.com\\\/avatar\\\/6caca56323d52e15e83fc5635240c86f7e52fd46fa8d5df9a709d99f5aa1638e?s=96&d=mm&r=g\",\"contentUrl\":\"https:\\\/\\\/secure.gravatar.com\\\/avatar\\\/6caca56323d52e15e83fc5635240c86f7e52fd46fa8d5df9a709d99f5aa1638e?s=96&d=mm&r=g\",\"caption\":\"Equipa Arte351\"},\"url\":\"https:\\\/\\\/arte351.pt\\\/art\\\/author\\\/caroleenbass\\\/\"}]}<\/script>\n<!-- \/ Yoast SEO plugin. -->","yoast_head_json":{"title":"Festival Prov\u00edncia Sonora est\u00e1 de volta, celebrando a m\u00fasica em comunh\u00e3o com a natureza","description":"O Festival Prov\u00edncia Sonora \u00e9 uma iniciativa da Artway, empresa dedicada \u00e0 gest\u00e3o cultural, gest\u00e3o art\u00edstica, produ\u00e7\u00e3o e edi\u00e7\u00e3o discogr\u00e1fica","robots":{"index":"index","follow":"follow","max-snippet":"max-snippet:-1","max-image-preview":"max-image-preview:large","max-video-preview":"max-video-preview:-1"},"canonical":"https:\/\/arte351.pt\/art\/2023\/06\/30\/festival-provincia-sonora-esta-de-volta-celebrando-a-musica-em-comunhao-com-a-natureza\/","og_locale":"pt_BR","og_type":"article","og_title":"Festival Prov\u00edncia Sonora est\u00e1 de volta, celebrando a m\u00fasica em comunh\u00e3o com a natureza","og_description":"O Festival Prov\u00edncia Sonora \u00e9 uma iniciativa da Artway, empresa dedicada \u00e0 gest\u00e3o cultural, gest\u00e3o art\u00edstica, produ\u00e7\u00e3o e edi\u00e7\u00e3o discogr\u00e1fica","og_url":"https:\/\/arte351.pt\/art\/2023\/06\/30\/festival-provincia-sonora-esta-de-volta-celebrando-a-musica-em-comunhao-com-a-natureza\/","og_site_name":"Arte351 - Art Magazine Portugal","article_publisher":"https:\/\/www.facebook.com\/arte351magazine\/","article_published_time":"2023-06-30T07:18:08+00:00","og_image":[{"width":1200,"height":578,"url":"https:\/\/arte351.pt\/art\/wp-content\/uploads\/2023\/06\/martin-sued.jpg","type":"image\/jpeg"}],"author":"Equipa Arte351","twitter_misc":{"Escrito por":"Equipa Arte351","Est. tempo de leitura":"4 minutos"},"schema":{"@context":"https:\/\/schema.org","@graph":[{"@type":"Article","@id":"https:\/\/arte351.pt\/art\/2023\/06\/30\/festival-provincia-sonora-esta-de-volta-celebrando-a-musica-em-comunhao-com-a-natureza\/#article","isPartOf":{"@id":"https:\/\/arte351.pt\/art\/2023\/06\/30\/festival-provincia-sonora-esta-de-volta-celebrando-a-musica-em-comunhao-com-a-natureza\/"},"author":{"name":"Equipa Arte351","@id":"https:\/\/arte351.pt\/art\/#\/schema\/person\/f2cfae59497206be61c53c217757b930"},"headline":"Festival Prov\u00edncia Sonora est\u00e1 de volta, celebrando a m\u00fasica em comunh\u00e3o com a natureza","datePublished":"2023-06-30T07:18:08+00:00","mainEntityOfPage":{"@id":"https:\/\/arte351.pt\/art\/2023\/06\/30\/festival-provincia-sonora-esta-de-volta-celebrando-a-musica-em-comunhao-com-a-natureza\/"},"wordCount":713,"publisher":{"@id":"https:\/\/arte351.pt\/art\/#organization"},"image":{"@id":"https:\/\/arte351.pt\/art\/2023\/06\/30\/festival-provincia-sonora-esta-de-volta-celebrando-a-musica-em-comunhao-com-a-natureza\/#primaryimage"},"thumbnailUrl":"https:\/\/arte351.pt\/art\/wp-content\/uploads\/2023\/06\/martin-sued.jpg","keywords":["Festival Prov\u00edncia Sonora"],"articleSection":["Blog ARTE-351"],"inLanguage":"pt-BR"},{"@type":"WebPage","@id":"https:\/\/arte351.pt\/art\/2023\/06\/30\/festival-provincia-sonora-esta-de-volta-celebrando-a-musica-em-comunhao-com-a-natureza\/","url":"https:\/\/arte351.pt\/art\/2023\/06\/30\/festival-provincia-sonora-esta-de-volta-celebrando-a-musica-em-comunhao-com-a-natureza\/","name":"Festival Prov\u00edncia Sonora est\u00e1 de volta, celebrando a m\u00fasica em comunh\u00e3o com a natureza","isPartOf":{"@id":"https:\/\/arte351.pt\/art\/#website"},"primaryImageOfPage":{"@id":"https:\/\/arte351.pt\/art\/2023\/06\/30\/festival-provincia-sonora-esta-de-volta-celebrando-a-musica-em-comunhao-com-a-natureza\/#primaryimage"},"image":{"@id":"https:\/\/arte351.pt\/art\/2023\/06\/30\/festival-provincia-sonora-esta-de-volta-celebrando-a-musica-em-comunhao-com-a-natureza\/#primaryimage"},"thumbnailUrl":"https:\/\/arte351.pt\/art\/wp-content\/uploads\/2023\/06\/martin-sued.jpg","datePublished":"2023-06-30T07:18:08+00:00","description":"O Festival Prov\u00edncia Sonora \u00e9 uma iniciativa da Artway, empresa dedicada \u00e0 gest\u00e3o cultural, gest\u00e3o art\u00edstica, produ\u00e7\u00e3o e edi\u00e7\u00e3o discogr\u00e1fica","breadcrumb":{"@id":"https:\/\/arte351.pt\/art\/2023\/06\/30\/festival-provincia-sonora-esta-de-volta-celebrando-a-musica-em-comunhao-com-a-natureza\/#breadcrumb"},"inLanguage":"pt-BR","potentialAction":[{"@type":"ReadAction","target":["https:\/\/arte351.pt\/art\/2023\/06\/30\/festival-provincia-sonora-esta-de-volta-celebrando-a-musica-em-comunhao-com-a-natureza\/"]}]},{"@type":"ImageObject","inLanguage":"pt-BR","@id":"https:\/\/arte351.pt\/art\/2023\/06\/30\/festival-provincia-sonora-esta-de-volta-celebrando-a-musica-em-comunhao-com-a-natureza\/#primaryimage","url":"https:\/\/arte351.pt\/art\/wp-content\/uploads\/2023\/06\/martin-sued.jpg","contentUrl":"https:\/\/arte351.pt\/art\/wp-content\/uploads\/2023\/06\/martin-sued.jpg","width":1200,"height":578},{"@type":"BreadcrumbList","@id":"https:\/\/arte351.pt\/art\/2023\/06\/30\/festival-provincia-sonora-esta-de-volta-celebrando-a-musica-em-comunhao-com-a-natureza\/#breadcrumb","itemListElement":[{"@type":"ListItem","position":1,"name":"In\u00edcio","item":"https:\/\/arte351.pt\/art\/"},{"@type":"ListItem","position":2,"name":"Festival Prov\u00edncia Sonora est\u00e1 de volta, celebrando a m\u00fasica em comunh\u00e3o com a natureza"}]},{"@type":"WebSite","@id":"https:\/\/arte351.pt\/art\/#website","url":"https:\/\/arte351.pt\/art\/","name":"Arte351 - Art Magazine Portugal","description":"","publisher":{"@id":"https:\/\/arte351.pt\/art\/#organization"},"potentialAction":[{"@type":"SearchAction","target":{"@type":"EntryPoint","urlTemplate":"https:\/\/arte351.pt\/art\/?s={search_term_string}"},"query-input":{"@type":"PropertyValueSpecification","valueRequired":true,"valueName":"search_term_string"}}],"inLanguage":"pt-BR"},{"@type":"Organization","@id":"https:\/\/arte351.pt\/art\/#organization","name":"Arte351 - Art Magazine Portugal","url":"https:\/\/arte351.pt\/art\/","logo":{"@type":"ImageObject","inLanguage":"pt-BR","@id":"https:\/\/arte351.pt\/art\/#\/schema\/logo\/image\/","url":"https:\/\/arte351.pt\/art\/wp-content\/uploads\/2020\/03\/cropped-logo-arte351-color.png","contentUrl":"https:\/\/arte351.pt\/art\/wp-content\/uploads\/2020\/03\/cropped-logo-arte351-color.png","width":514,"height":200,"caption":"Arte351 - Art Magazine Portugal"},"image":{"@id":"https:\/\/arte351.pt\/art\/#\/schema\/logo\/image\/"},"sameAs":["https:\/\/www.facebook.com\/arte351magazine\/"]},{"@type":"Person","@id":"https:\/\/arte351.pt\/art\/#\/schema\/person\/f2cfae59497206be61c53c217757b930","name":"Equipa Arte351","image":{"@type":"ImageObject","inLanguage":"pt-BR","@id":"https:\/\/secure.gravatar.com\/avatar\/6caca56323d52e15e83fc5635240c86f7e52fd46fa8d5df9a709d99f5aa1638e?s=96&d=mm&r=g","url":"https:\/\/secure.gravatar.com\/avatar\/6caca56323d52e15e83fc5635240c86f7e52fd46fa8d5df9a709d99f5aa1638e?s=96&d=mm&r=g","contentUrl":"https:\/\/secure.gravatar.com\/avatar\/6caca56323d52e15e83fc5635240c86f7e52fd46fa8d5df9a709d99f5aa1638e?s=96&d=mm&r=g","caption":"Equipa Arte351"},"url":"https:\/\/arte351.pt\/art\/author\/caroleenbass\/"}]}},"_links":{"self":[{"href":"https:\/\/arte351.pt\/art\/wp-json\/wp\/v2\/posts\/7811","targetHints":{"allow":["GET"]}}],"collection":[{"href":"https:\/\/arte351.pt\/art\/wp-json\/wp\/v2\/posts"}],"about":[{"href":"https:\/\/arte351.pt\/art\/wp-json\/wp\/v2\/types\/post"}],"author":[{"embeddable":true,"href":"https:\/\/arte351.pt\/art\/wp-json\/wp\/v2\/users\/3"}],"replies":[{"embeddable":true,"href":"https:\/\/arte351.pt\/art\/wp-json\/wp\/v2\/comments?post=7811"}],"version-history":[{"count":1,"href":"https:\/\/arte351.pt\/art\/wp-json\/wp\/v2\/posts\/7811\/revisions"}],"predecessor-version":[{"id":7813,"href":"https:\/\/arte351.pt\/art\/wp-json\/wp\/v2\/posts\/7811\/revisions\/7813"}],"wp:featuredmedia":[{"embeddable":true,"href":"https:\/\/arte351.pt\/art\/wp-json\/wp\/v2\/media\/7812"}],"wp:attachment":[{"href":"https:\/\/arte351.pt\/art\/wp-json\/wp\/v2\/media?parent=7811"}],"wp:term":[{"taxonomy":"category","embeddable":true,"href":"https:\/\/arte351.pt\/art\/wp-json\/wp\/v2\/categories?post=7811"},{"taxonomy":"post_tag","embeddable":true,"href":"https:\/\/arte351.pt\/art\/wp-json\/wp\/v2\/tags?post=7811"}],"curies":[{"name":"wp","href":"https:\/\/api.w.org\/{rel}","templated":true}]}}