{"id":7889,"date":"2023-07-15T08:18:06","date_gmt":"2023-07-15T08:18:06","guid":{"rendered":"https:\/\/arte351.pt\/art\/?p=7889"},"modified":"2023-07-13T11:27:25","modified_gmt":"2023-07-13T11:27:25","slug":"ccb-e-festival-de-almada-apresentam-everywoman-de-milo-rau-e-ursina-lardi","status":"publish","type":"post","link":"https:\/\/arte351.pt\/art\/2023\/07\/15\/ccb-e-festival-de-almada-apresentam-everywoman-de-milo-rau-e-ursina-lardi\/","title":{"rendered":"CCB e Festival de Almada apresentam &#8220;Everywoman&#8221;, de Milo Rau e Ursina Lardi"},"content":{"rendered":"<p>O <a href=\"https:\/\/arte351.pt\/art\/tag\/centro-cultural-de-belem\/\" target=\"_blank\" rel=\"noopener\">Centro Cultural de Bel\u00e9m (CCB)<\/a> e o <a href=\"https:\/\/arte351.pt\/art\/tag\/festival-de-almada\/\" target=\"_blank\" rel=\"noopener\">Festival de Almada<\/a> coapresentam a pe\u00e7a &#8220;Everywoman&#8221;, dirigida por Milo Rau e com atua\u00e7\u00e3o de Ursina Lardi. O espet\u00e1culo ser\u00e1 realizado nos dias 15 e 16 de julho no Pequeno Audit\u00f3rio do CCB.<\/p>\n<p>&#8220;Everywoman&#8221; aborda quest\u00f5es sobre a vida, a morte, a solid\u00e3o e a comunidade. A trama envolve uma atriz bem-sucedida que conhece uma mulher diagnosticada com uma doen\u00e7a fatal, cujo \u00faltimo desejo \u00e9 atuar em uma pe\u00e7a. A hist\u00f3ria come\u00e7a com a pe\u00e7a moral aleg\u00f3rica &#8220;Jedermann&#8221;, que aborda um estilo de vida justo e a reden\u00e7\u00e3o pela f\u00e9, e evolui para uma conversa \u00edntima sobre o passado e o futuro.<\/p>\n<p>Milo Rau e Ursina Lardi j\u00e1 colaboraram em projetos anteriores, como &#8220;Mitleid. Die Geschichte des Maschinengewehrs&#8221; e &#8220;LENIN&#8221;, explorando tem\u00e1ticas filos\u00f3ficas e existenciais. Em &#8220;Everywoman&#8221;, eles buscam compreender a morte, a experi\u00eancia solit\u00e1ria que a acompanha e a aus\u00eancia de novas perspectivas sobre esse assunto.<\/p>\n<p>A pe\u00e7a \u00e9 uma coprodu\u00e7\u00e3o com o Salzburg Festival, e a encena\u00e7\u00e3o conta com a participa\u00e7\u00e3o de outros artistas, como Helga Bedau, respons\u00e1vel pela parte audiovisual, e Georg Arms, Irina Arms, Jochen Arms, Julia B\u00fcrki, Keziah B\u00fcrki, Samuel B\u00fcrki, Achim Heinecke e Lisa Heinecke nas estat\u00edsticas.<\/p>\n<p>&#8220;Everywoman&#8221; \u00e9 uma oportunidade para refletir sobre a condi\u00e7\u00e3o humana, a finitude da vida e o poder transformador da arte. Os espet\u00e1culos ser\u00e3o realizados no s\u00e1bado, \u00e0s 21h00, e no domingo, \u00e0s 19h00, no Pequeno Audit\u00f3rio do CCB.<\/p>\n<p>&nbsp;<\/p>\n<h3>CCB e Festival de Almada apresentam &#8220;Everywoman&#8221; de Milo Rau e Ursina Lardi<\/h3>\n<ul>\n<li>A pe\u00e7a &#8220;Everywoman&#8221; ser\u00e1 coapresentada pelo Centro Cultural de Bel\u00e9m (CCB) e o Festival de Almada.<\/li>\n<li>Dirigida por Milo Rau e com atua\u00e7\u00e3o de Ursina Lardi.<\/li>\n<li>Realiza\u00e7\u00e3o nos dias 15 e 16 de julho no Pequeno Audit\u00f3rio do CCB.<\/li>\n<li>Aborda quest\u00f5es sobre vida, morte, solid\u00e3o e comunidade.<\/li>\n<li>A trama envolve uma atriz bem-sucedida e uma mulher diagnosticada com uma doen\u00e7a fatal.<\/li>\n<li>Explora a pe\u00e7a moral aleg\u00f3rica &#8220;Jedermann&#8221; e promove uma conversa \u00edntima sobre passado e futuro.<\/li>\n<li>Milo Rau e Ursina Lardi j\u00e1 colaboraram em projetos anteriores, explorando tem\u00e1ticas filos\u00f3ficas e existenciais.<\/li>\n<li>Coprodu\u00e7\u00e3o com o Salzburg Festival.<\/li>\n<li>Participa\u00e7\u00e3o de outros artistas, como Helga Bedau e um elenco de estat\u00edsticas.<\/li>\n<li>O espet\u00e1culo convida a refletir sobre a condi\u00e7\u00e3o humana, a finitude da vida e o poder transformador da arte.<\/li>\n<li>Apresenta\u00e7\u00f5es no s\u00e1bado, \u00e0s 21h00, e domingo, \u00e0s 19h00, no Pequeno Audit\u00f3rio do CCB.<\/li>\n<\/ul>\n","protected":false},"excerpt":{"rendered":"<p>O Centro Cultural de Bel\u00e9m (CCB) e o Festival de Almada coapresentam a pe\u00e7a &#8220;Everywoman&#8221;, dirigida por Milo Rau e com atua\u00e7\u00e3o de Ursina Lardi. O espet\u00e1culo ser\u00e1 realizado nos [&hellip;]<\/p>\n","protected":false},"author":3,"featured_media":7890,"comment_status":"closed","ping_status":"closed","sticky":false,"template":"","format":"standard","meta":{"_exactmetrics_skip_tracking":false,"_exactmetrics_sitenote_active":false,"_exactmetrics_sitenote_note":"","_exactmetrics_sitenote_category":0,"_uf_show_specific_survey":0,"_uf_disable_surveys":false,"footnotes":""},"categories":[811],"tags":[973,351],"class_list":["post-7889","post","type-post","status-publish","format-standard","has-post-thumbnail","hentry","category-teatro","tag-centro-cultural-de-belem","tag-festival-de-almada"],"yoast_head":"<!-- This site is optimized with the Yoast SEO plugin v27.3 - https:\/\/yoast.com\/product\/yoast-seo-wordpress\/ -->\n<title>CCB e Festival de Almada apresentam &quot;Everywoman&quot;, de Milo Rau e Ursina Lardi<\/title>\n<meta name=\"description\" content=\"Milo Rau e com atua\u00e7\u00e3o de Ursina Lardi. O espet\u00e1culo ser\u00e1 realizado nos dias 15 e 16 de julho no Pequeno Audit\u00f3rio do CCB.\" \/>\n<meta name=\"robots\" content=\"index, follow, max-snippet:-1, max-image-preview:large, max-video-preview:-1\" \/>\n<link rel=\"canonical\" href=\"https:\/\/arte351.pt\/art\/2023\/07\/15\/ccb-e-festival-de-almada-apresentam-everywoman-de-milo-rau-e-ursina-lardi\/\" \/>\n<meta property=\"og:locale\" content=\"pt_BR\" \/>\n<meta property=\"og:type\" content=\"article\" \/>\n<meta property=\"og:title\" content=\"CCB e Festival de Almada apresentam &quot;Everywoman&quot;, de Milo Rau e Ursina Lardi\" \/>\n<meta property=\"og:description\" content=\"Milo Rau e com atua\u00e7\u00e3o de Ursina Lardi. O espet\u00e1culo ser\u00e1 realizado nos dias 15 e 16 de julho no Pequeno Audit\u00f3rio do CCB.\" \/>\n<meta property=\"og:url\" content=\"https:\/\/arte351.pt\/art\/2023\/07\/15\/ccb-e-festival-de-almada-apresentam-everywoman-de-milo-rau-e-ursina-lardi\/\" \/>\n<meta property=\"og:site_name\" content=\"Arte351 - Art Magazine Portugal\" \/>\n<meta property=\"article:publisher\" content=\"https:\/\/www.facebook.com\/arte351magazine\/\" \/>\n<meta property=\"article:published_time\" content=\"2023-07-15T08:18:06+00:00\" \/>\n<meta property=\"og:image\" content=\"https:\/\/arte351.pt\/art\/wp-content\/uploads\/2023\/07\/Milo-Rau.jpg\" \/>\n\t<meta property=\"og:image:width\" content=\"1200\" \/>\n\t<meta property=\"og:image:height\" content=\"578\" \/>\n\t<meta property=\"og:image:type\" content=\"image\/jpeg\" \/>\n<meta name=\"author\" content=\"Equipa Arte351\" \/>\n<meta name=\"twitter:label1\" content=\"Escrito por\" \/>\n\t<meta name=\"twitter:data1\" content=\"Equipa Arte351\" \/>\n\t<meta name=\"twitter:label2\" content=\"Est. tempo de leitura\" \/>\n\t<meta name=\"twitter:data2\" content=\"3 minutos\" \/>\n<script type=\"application\/ld+json\" class=\"yoast-schema-graph\">{\"@context\":\"https:\\\/\\\/schema.org\",\"@graph\":[{\"@type\":\"Article\",\"@id\":\"https:\\\/\\\/arte351.pt\\\/art\\\/2023\\\/07\\\/15\\\/ccb-e-festival-de-almada-apresentam-everywoman-de-milo-rau-e-ursina-lardi\\\/#article\",\"isPartOf\":{\"@id\":\"https:\\\/\\\/arte351.pt\\\/art\\\/2023\\\/07\\\/15\\\/ccb-e-festival-de-almada-apresentam-everywoman-de-milo-rau-e-ursina-lardi\\\/\"},\"author\":{\"name\":\"Equipa Arte351\",\"@id\":\"https:\\\/\\\/arte351.pt\\\/art\\\/#\\\/schema\\\/person\\\/f2cfae59497206be61c53c217757b930\"},\"headline\":\"CCB e Festival de Almada apresentam &#8220;Everywoman&#8221;, de Milo Rau e Ursina Lardi\",\"datePublished\":\"2023-07-15T08:18:06+00:00\",\"mainEntityOfPage\":{\"@id\":\"https:\\\/\\\/arte351.pt\\\/art\\\/2023\\\/07\\\/15\\\/ccb-e-festival-de-almada-apresentam-everywoman-de-milo-rau-e-ursina-lardi\\\/\"},\"wordCount\":453,\"publisher\":{\"@id\":\"https:\\\/\\\/arte351.pt\\\/art\\\/#organization\"},\"image\":{\"@id\":\"https:\\\/\\\/arte351.pt\\\/art\\\/2023\\\/07\\\/15\\\/ccb-e-festival-de-almada-apresentam-everywoman-de-milo-rau-e-ursina-lardi\\\/#primaryimage\"},\"thumbnailUrl\":\"https:\\\/\\\/arte351.pt\\\/art\\\/wp-content\\\/uploads\\\/2023\\\/07\\\/Milo-Rau.jpg\",\"keywords\":[\"Centro Cultural de Bel\u00e9m\",\"Festival de Almada\"],\"articleSection\":[\"Teatro\"],\"inLanguage\":\"pt-BR\"},{\"@type\":\"WebPage\",\"@id\":\"https:\\\/\\\/arte351.pt\\\/art\\\/2023\\\/07\\\/15\\\/ccb-e-festival-de-almada-apresentam-everywoman-de-milo-rau-e-ursina-lardi\\\/\",\"url\":\"https:\\\/\\\/arte351.pt\\\/art\\\/2023\\\/07\\\/15\\\/ccb-e-festival-de-almada-apresentam-everywoman-de-milo-rau-e-ursina-lardi\\\/\",\"name\":\"CCB e Festival de Almada apresentam \\\"Everywoman\\\", de Milo Rau e Ursina Lardi\",\"isPartOf\":{\"@id\":\"https:\\\/\\\/arte351.pt\\\/art\\\/#website\"},\"primaryImageOfPage\":{\"@id\":\"https:\\\/\\\/arte351.pt\\\/art\\\/2023\\\/07\\\/15\\\/ccb-e-festival-de-almada-apresentam-everywoman-de-milo-rau-e-ursina-lardi\\\/#primaryimage\"},\"image\":{\"@id\":\"https:\\\/\\\/arte351.pt\\\/art\\\/2023\\\/07\\\/15\\\/ccb-e-festival-de-almada-apresentam-everywoman-de-milo-rau-e-ursina-lardi\\\/#primaryimage\"},\"thumbnailUrl\":\"https:\\\/\\\/arte351.pt\\\/art\\\/wp-content\\\/uploads\\\/2023\\\/07\\\/Milo-Rau.jpg\",\"datePublished\":\"2023-07-15T08:18:06+00:00\",\"description\":\"Milo Rau e com atua\u00e7\u00e3o de Ursina Lardi. O espet\u00e1culo ser\u00e1 realizado nos dias 15 e 16 de julho no Pequeno Audit\u00f3rio do CCB.\",\"breadcrumb\":{\"@id\":\"https:\\\/\\\/arte351.pt\\\/art\\\/2023\\\/07\\\/15\\\/ccb-e-festival-de-almada-apresentam-everywoman-de-milo-rau-e-ursina-lardi\\\/#breadcrumb\"},\"inLanguage\":\"pt-BR\",\"potentialAction\":[{\"@type\":\"ReadAction\",\"target\":[\"https:\\\/\\\/arte351.pt\\\/art\\\/2023\\\/07\\\/15\\\/ccb-e-festival-de-almada-apresentam-everywoman-de-milo-rau-e-ursina-lardi\\\/\"]}]},{\"@type\":\"ImageObject\",\"inLanguage\":\"pt-BR\",\"@id\":\"https:\\\/\\\/arte351.pt\\\/art\\\/2023\\\/07\\\/15\\\/ccb-e-festival-de-almada-apresentam-everywoman-de-milo-rau-e-ursina-lardi\\\/#primaryimage\",\"url\":\"https:\\\/\\\/arte351.pt\\\/art\\\/wp-content\\\/uploads\\\/2023\\\/07\\\/Milo-Rau.jpg\",\"contentUrl\":\"https:\\\/\\\/arte351.pt\\\/art\\\/wp-content\\\/uploads\\\/2023\\\/07\\\/Milo-Rau.jpg\",\"width\":1200,\"height\":578},{\"@type\":\"BreadcrumbList\",\"@id\":\"https:\\\/\\\/arte351.pt\\\/art\\\/2023\\\/07\\\/15\\\/ccb-e-festival-de-almada-apresentam-everywoman-de-milo-rau-e-ursina-lardi\\\/#breadcrumb\",\"itemListElement\":[{\"@type\":\"ListItem\",\"position\":1,\"name\":\"In\u00edcio\",\"item\":\"https:\\\/\\\/arte351.pt\\\/art\\\/\"},{\"@type\":\"ListItem\",\"position\":2,\"name\":\"CCB e Festival de Almada apresentam &#8220;Everywoman&#8221;, de Milo Rau e Ursina Lardi\"}]},{\"@type\":\"WebSite\",\"@id\":\"https:\\\/\\\/arte351.pt\\\/art\\\/#website\",\"url\":\"https:\\\/\\\/arte351.pt\\\/art\\\/\",\"name\":\"Arte351 - Art Magazine Portugal\",\"description\":\"\",\"publisher\":{\"@id\":\"https:\\\/\\\/arte351.pt\\\/art\\\/#organization\"},\"potentialAction\":[{\"@type\":\"SearchAction\",\"target\":{\"@type\":\"EntryPoint\",\"urlTemplate\":\"https:\\\/\\\/arte351.pt\\\/art\\\/?s={search_term_string}\"},\"query-input\":{\"@type\":\"PropertyValueSpecification\",\"valueRequired\":true,\"valueName\":\"search_term_string\"}}],\"inLanguage\":\"pt-BR\"},{\"@type\":\"Organization\",\"@id\":\"https:\\\/\\\/arte351.pt\\\/art\\\/#organization\",\"name\":\"Arte351 - Art Magazine Portugal\",\"url\":\"https:\\\/\\\/arte351.pt\\\/art\\\/\",\"logo\":{\"@type\":\"ImageObject\",\"inLanguage\":\"pt-BR\",\"@id\":\"https:\\\/\\\/arte351.pt\\\/art\\\/#\\\/schema\\\/logo\\\/image\\\/\",\"url\":\"https:\\\/\\\/arte351.pt\\\/art\\\/wp-content\\\/uploads\\\/2020\\\/03\\\/cropped-logo-arte351-color.png\",\"contentUrl\":\"https:\\\/\\\/arte351.pt\\\/art\\\/wp-content\\\/uploads\\\/2020\\\/03\\\/cropped-logo-arte351-color.png\",\"width\":514,\"height\":200,\"caption\":\"Arte351 - Art Magazine Portugal\"},\"image\":{\"@id\":\"https:\\\/\\\/arte351.pt\\\/art\\\/#\\\/schema\\\/logo\\\/image\\\/\"},\"sameAs\":[\"https:\\\/\\\/www.facebook.com\\\/arte351magazine\\\/\"]},{\"@type\":\"Person\",\"@id\":\"https:\\\/\\\/arte351.pt\\\/art\\\/#\\\/schema\\\/person\\\/f2cfae59497206be61c53c217757b930\",\"name\":\"Equipa Arte351\",\"image\":{\"@type\":\"ImageObject\",\"inLanguage\":\"pt-BR\",\"@id\":\"https:\\\/\\\/secure.gravatar.com\\\/avatar\\\/6caca56323d52e15e83fc5635240c86f7e52fd46fa8d5df9a709d99f5aa1638e?s=96&d=mm&r=g\",\"url\":\"https:\\\/\\\/secure.gravatar.com\\\/avatar\\\/6caca56323d52e15e83fc5635240c86f7e52fd46fa8d5df9a709d99f5aa1638e?s=96&d=mm&r=g\",\"contentUrl\":\"https:\\\/\\\/secure.gravatar.com\\\/avatar\\\/6caca56323d52e15e83fc5635240c86f7e52fd46fa8d5df9a709d99f5aa1638e?s=96&d=mm&r=g\",\"caption\":\"Equipa Arte351\"},\"url\":\"https:\\\/\\\/arte351.pt\\\/art\\\/author\\\/caroleenbass\\\/\"}]}<\/script>\n<!-- \/ Yoast SEO plugin. -->","yoast_head_json":{"title":"CCB e Festival de Almada apresentam \"Everywoman\", de Milo Rau e Ursina Lardi","description":"Milo Rau e com atua\u00e7\u00e3o de Ursina Lardi. O espet\u00e1culo ser\u00e1 realizado nos dias 15 e 16 de julho no Pequeno Audit\u00f3rio do CCB.","robots":{"index":"index","follow":"follow","max-snippet":"max-snippet:-1","max-image-preview":"max-image-preview:large","max-video-preview":"max-video-preview:-1"},"canonical":"https:\/\/arte351.pt\/art\/2023\/07\/15\/ccb-e-festival-de-almada-apresentam-everywoman-de-milo-rau-e-ursina-lardi\/","og_locale":"pt_BR","og_type":"article","og_title":"CCB e Festival de Almada apresentam \"Everywoman\", de Milo Rau e Ursina Lardi","og_description":"Milo Rau e com atua\u00e7\u00e3o de Ursina Lardi. O espet\u00e1culo ser\u00e1 realizado nos dias 15 e 16 de julho no Pequeno Audit\u00f3rio do CCB.","og_url":"https:\/\/arte351.pt\/art\/2023\/07\/15\/ccb-e-festival-de-almada-apresentam-everywoman-de-milo-rau-e-ursina-lardi\/","og_site_name":"Arte351 - Art Magazine Portugal","article_publisher":"https:\/\/www.facebook.com\/arte351magazine\/","article_published_time":"2023-07-15T08:18:06+00:00","og_image":[{"width":1200,"height":578,"url":"https:\/\/arte351.pt\/art\/wp-content\/uploads\/2023\/07\/Milo-Rau.jpg","type":"image\/jpeg"}],"author":"Equipa Arte351","twitter_misc":{"Escrito por":"Equipa Arte351","Est. tempo de leitura":"3 minutos"},"schema":{"@context":"https:\/\/schema.org","@graph":[{"@type":"Article","@id":"https:\/\/arte351.pt\/art\/2023\/07\/15\/ccb-e-festival-de-almada-apresentam-everywoman-de-milo-rau-e-ursina-lardi\/#article","isPartOf":{"@id":"https:\/\/arte351.pt\/art\/2023\/07\/15\/ccb-e-festival-de-almada-apresentam-everywoman-de-milo-rau-e-ursina-lardi\/"},"author":{"name":"Equipa Arte351","@id":"https:\/\/arte351.pt\/art\/#\/schema\/person\/f2cfae59497206be61c53c217757b930"},"headline":"CCB e Festival de Almada apresentam &#8220;Everywoman&#8221;, de Milo Rau e Ursina Lardi","datePublished":"2023-07-15T08:18:06+00:00","mainEntityOfPage":{"@id":"https:\/\/arte351.pt\/art\/2023\/07\/15\/ccb-e-festival-de-almada-apresentam-everywoman-de-milo-rau-e-ursina-lardi\/"},"wordCount":453,"publisher":{"@id":"https:\/\/arte351.pt\/art\/#organization"},"image":{"@id":"https:\/\/arte351.pt\/art\/2023\/07\/15\/ccb-e-festival-de-almada-apresentam-everywoman-de-milo-rau-e-ursina-lardi\/#primaryimage"},"thumbnailUrl":"https:\/\/arte351.pt\/art\/wp-content\/uploads\/2023\/07\/Milo-Rau.jpg","keywords":["Centro Cultural de Bel\u00e9m","Festival de Almada"],"articleSection":["Teatro"],"inLanguage":"pt-BR"},{"@type":"WebPage","@id":"https:\/\/arte351.pt\/art\/2023\/07\/15\/ccb-e-festival-de-almada-apresentam-everywoman-de-milo-rau-e-ursina-lardi\/","url":"https:\/\/arte351.pt\/art\/2023\/07\/15\/ccb-e-festival-de-almada-apresentam-everywoman-de-milo-rau-e-ursina-lardi\/","name":"CCB e Festival de Almada apresentam \"Everywoman\", de Milo Rau e Ursina Lardi","isPartOf":{"@id":"https:\/\/arte351.pt\/art\/#website"},"primaryImageOfPage":{"@id":"https:\/\/arte351.pt\/art\/2023\/07\/15\/ccb-e-festival-de-almada-apresentam-everywoman-de-milo-rau-e-ursina-lardi\/#primaryimage"},"image":{"@id":"https:\/\/arte351.pt\/art\/2023\/07\/15\/ccb-e-festival-de-almada-apresentam-everywoman-de-milo-rau-e-ursina-lardi\/#primaryimage"},"thumbnailUrl":"https:\/\/arte351.pt\/art\/wp-content\/uploads\/2023\/07\/Milo-Rau.jpg","datePublished":"2023-07-15T08:18:06+00:00","description":"Milo Rau e com atua\u00e7\u00e3o de Ursina Lardi. O espet\u00e1culo ser\u00e1 realizado nos dias 15 e 16 de julho no Pequeno Audit\u00f3rio do CCB.","breadcrumb":{"@id":"https:\/\/arte351.pt\/art\/2023\/07\/15\/ccb-e-festival-de-almada-apresentam-everywoman-de-milo-rau-e-ursina-lardi\/#breadcrumb"},"inLanguage":"pt-BR","potentialAction":[{"@type":"ReadAction","target":["https:\/\/arte351.pt\/art\/2023\/07\/15\/ccb-e-festival-de-almada-apresentam-everywoman-de-milo-rau-e-ursina-lardi\/"]}]},{"@type":"ImageObject","inLanguage":"pt-BR","@id":"https:\/\/arte351.pt\/art\/2023\/07\/15\/ccb-e-festival-de-almada-apresentam-everywoman-de-milo-rau-e-ursina-lardi\/#primaryimage","url":"https:\/\/arte351.pt\/art\/wp-content\/uploads\/2023\/07\/Milo-Rau.jpg","contentUrl":"https:\/\/arte351.pt\/art\/wp-content\/uploads\/2023\/07\/Milo-Rau.jpg","width":1200,"height":578},{"@type":"BreadcrumbList","@id":"https:\/\/arte351.pt\/art\/2023\/07\/15\/ccb-e-festival-de-almada-apresentam-everywoman-de-milo-rau-e-ursina-lardi\/#breadcrumb","itemListElement":[{"@type":"ListItem","position":1,"name":"In\u00edcio","item":"https:\/\/arte351.pt\/art\/"},{"@type":"ListItem","position":2,"name":"CCB e Festival de Almada apresentam &#8220;Everywoman&#8221;, de Milo Rau e Ursina Lardi"}]},{"@type":"WebSite","@id":"https:\/\/arte351.pt\/art\/#website","url":"https:\/\/arte351.pt\/art\/","name":"Arte351 - Art Magazine Portugal","description":"","publisher":{"@id":"https:\/\/arte351.pt\/art\/#organization"},"potentialAction":[{"@type":"SearchAction","target":{"@type":"EntryPoint","urlTemplate":"https:\/\/arte351.pt\/art\/?s={search_term_string}"},"query-input":{"@type":"PropertyValueSpecification","valueRequired":true,"valueName":"search_term_string"}}],"inLanguage":"pt-BR"},{"@type":"Organization","@id":"https:\/\/arte351.pt\/art\/#organization","name":"Arte351 - Art Magazine Portugal","url":"https:\/\/arte351.pt\/art\/","logo":{"@type":"ImageObject","inLanguage":"pt-BR","@id":"https:\/\/arte351.pt\/art\/#\/schema\/logo\/image\/","url":"https:\/\/arte351.pt\/art\/wp-content\/uploads\/2020\/03\/cropped-logo-arte351-color.png","contentUrl":"https:\/\/arte351.pt\/art\/wp-content\/uploads\/2020\/03\/cropped-logo-arte351-color.png","width":514,"height":200,"caption":"Arte351 - Art Magazine Portugal"},"image":{"@id":"https:\/\/arte351.pt\/art\/#\/schema\/logo\/image\/"},"sameAs":["https:\/\/www.facebook.com\/arte351magazine\/"]},{"@type":"Person","@id":"https:\/\/arte351.pt\/art\/#\/schema\/person\/f2cfae59497206be61c53c217757b930","name":"Equipa Arte351","image":{"@type":"ImageObject","inLanguage":"pt-BR","@id":"https:\/\/secure.gravatar.com\/avatar\/6caca56323d52e15e83fc5635240c86f7e52fd46fa8d5df9a709d99f5aa1638e?s=96&d=mm&r=g","url":"https:\/\/secure.gravatar.com\/avatar\/6caca56323d52e15e83fc5635240c86f7e52fd46fa8d5df9a709d99f5aa1638e?s=96&d=mm&r=g","contentUrl":"https:\/\/secure.gravatar.com\/avatar\/6caca56323d52e15e83fc5635240c86f7e52fd46fa8d5df9a709d99f5aa1638e?s=96&d=mm&r=g","caption":"Equipa Arte351"},"url":"https:\/\/arte351.pt\/art\/author\/caroleenbass\/"}]}},"_links":{"self":[{"href":"https:\/\/arte351.pt\/art\/wp-json\/wp\/v2\/posts\/7889","targetHints":{"allow":["GET"]}}],"collection":[{"href":"https:\/\/arte351.pt\/art\/wp-json\/wp\/v2\/posts"}],"about":[{"href":"https:\/\/arte351.pt\/art\/wp-json\/wp\/v2\/types\/post"}],"author":[{"embeddable":true,"href":"https:\/\/arte351.pt\/art\/wp-json\/wp\/v2\/users\/3"}],"replies":[{"embeddable":true,"href":"https:\/\/arte351.pt\/art\/wp-json\/wp\/v2\/comments?post=7889"}],"version-history":[{"count":1,"href":"https:\/\/arte351.pt\/art\/wp-json\/wp\/v2\/posts\/7889\/revisions"}],"predecessor-version":[{"id":7891,"href":"https:\/\/arte351.pt\/art\/wp-json\/wp\/v2\/posts\/7889\/revisions\/7891"}],"wp:featuredmedia":[{"embeddable":true,"href":"https:\/\/arte351.pt\/art\/wp-json\/wp\/v2\/media\/7890"}],"wp:attachment":[{"href":"https:\/\/arte351.pt\/art\/wp-json\/wp\/v2\/media?parent=7889"}],"wp:term":[{"taxonomy":"category","embeddable":true,"href":"https:\/\/arte351.pt\/art\/wp-json\/wp\/v2\/categories?post=7889"},{"taxonomy":"post_tag","embeddable":true,"href":"https:\/\/arte351.pt\/art\/wp-json\/wp\/v2\/tags?post=7889"}],"curies":[{"name":"wp","href":"https:\/\/api.w.org\/{rel}","templated":true}]}}