{"id":7892,"date":"2023-07-14T12:34:38","date_gmt":"2023-07-14T12:34:38","guid":{"rendered":"https:\/\/arte351.pt\/art\/?p=7892"},"modified":"2023-07-13T11:43:55","modified_gmt":"2023-07-13T11:43:55","slug":"roberto-menescal-celebra-85-anos-com-o-album-nos-e-o-mar-uma-jornada-musical-na-bossa-nova","status":"publish","type":"post","link":"https:\/\/arte351.pt\/art\/2023\/07\/14\/roberto-menescal-celebra-85-anos-com-o-album-nos-e-o-mar-uma-jornada-musical-na-bossa-nova\/","title":{"rendered":"Roberto Menescal celebra 85 anos com o \u00e1lbum &#8220;N\u00f3s e o Mar&#8221;: Uma Jornada Musical na Bossa Nova"},"content":{"rendered":"<p>O ic\u00f3nico m\u00fasico brasileiro Roberto Menescal, mestre da Bossa Nova, comemora seus 85 anos a grande cena com o lan\u00e7amento do \u00e1lbum &#8220;N\u00f3s e o Mar&#8221;. Em parceria com Diogo Monzo e Ricardo Bacelar, o projecto apresenta vers\u00f5es instrumentais e vocais de parcerias do mestre com Ronaldo B\u00f4scoli. O \u00e1lbum tamb\u00e9m conta com a participa\u00e7\u00e3o especial da renomada cantora Leila Pinheiro. A data de lan\u00e7amento est\u00e1 marcada para o dia 14 de julho e estar\u00e1 dispon\u00edvel em todas as plataformas de streaming.<\/p>\n<p>&#8220;N\u00f3s e o Mar&#8221; \u00e9 um projecto concebido por Roberto Menescal, Diogo Monzo e Ricardo Bacelar, com a inten\u00e7\u00e3o de prestar homenagem ao talento e legado de Menescal na Bossa Nova. O \u00e1lbum apresenta vers\u00f5es instrumentais das parcerias do m\u00fasico com Ronaldo B\u00f4scoli, a destacar a sonoridade \u00fanica do viol\u00e3o de Menescal. Para al\u00e9m disso, o \u00e1lbum traz tr\u00eas faixas cantadas, inclusive com a participa\u00e7\u00e3o especial de Leila Pinheiro na vers\u00e3o de &#8220;Bye Bye Brasil&#8221;.<\/p>\n<p>O projecto nasceu por iniciativa da produtora cultural Fernanda Quinder\u00e9, que prop\u00f4s a grava\u00e7\u00e3o de um \u00e1lbum instrumental. No entanto, a ideia evoluiu e tr\u00eas faixas cantadas foram inclu\u00eddas. O \u00e1lbum foi produzido por Ricardo Bacelar, que tamb\u00e9m \u00e9 co-fundador do selo Jasmin Music, respons\u00e1vel pelo lan\u00e7amento. O pianista Diogo Monzo contribuiu com os arranjos e tamb\u00e9m participa das grava\u00e7\u00f5es, juntamente com Ricardo Bacelar, que al\u00e9m de piano e teclados, tamb\u00e9m assume a percuss\u00e3o em algumas faixas.<\/p>\n<p>Roberto Menescal, conhecido por sua genialidade no viol\u00e3o, surpreende os f\u00e3s ao assumir os vocais em duas faixas do \u00e1lbum, &#8220;<em>O Barquinho<\/em>&#8221; e &#8220;<em>Ah! Se eu pudesse<\/em>&#8220;. Essa \u00e9 uma oportunidade \u00fanica de ouvir Menescal a cantar duas joias de seu repert\u00f3rio, uma vez que ele se considera mais um violonista do que um cantor. O m\u00fasico relembra com humor a primeira e \u00fanica vez que cantou &#8220;O Barquinho&#8221; em sua carreira, no Carnegie Hall, em Nova Iorque, em 1962.<\/p>\n<p>Diogo Monzo, pianista, compositor e arranjador, teve a honra de trabalhar com Roberto Menescal em 2017, quando lan\u00e7ou um \u00e1lbum em homenagem ao pianista Luiz E\u00e7a. A experi\u00eancia foi maravilhosa para Monzo, que destaca a generosidade e amabilidade de Menescal.<\/p>\n<p>Ricardo Bacelar e Roberto Menescal s\u00e3o conhecidos h\u00e1 anos e j\u00e1 colaboraram em diversos projectos musicais. Bacelar, al\u00e9m de contribuir com arranjos para algumas faixas, tamb\u00e9m atua como produtor do \u00e1lbum. Sua proposta foi preservar o estilo \u00fanico do viol\u00e3o de Menescal e trazer uma abordagem contempor\u00e1nea \u00e0 Bossa Nova, com o uso de \u00f3rg\u00e3o Hammond e outros teclados para enriquecer a sonoridade.<\/p>\n<p>Al\u00e9m do lan\u00e7amento nas plataformas digitais, o \u00e1lbum &#8220;N\u00f3s e o Mar&#8221; tamb\u00e9m estar\u00e1 dispon\u00edvel em formato f\u00edsico, em CD.<\/p>\n<p>N\u00e3o perca a oportunidade de mergulhar na atmosfera da Bossa Nova com o \u00e1lbum &#8220;N\u00f3s e o Mar&#8221; de Roberto Menescal, Diogo Monzo e Ricardo Bacelar. Celebre os 85 anos desse mestre da <a href=\"https:\/\/arte351.pt\/art\/category\/musica\/\" target=\"_blank\" rel=\"noopener\">m\u00fasica<\/a> brasileira e desfrute de vers\u00f5es instrumentais e vocais cativantes!!!<\/p>\n","protected":false},"excerpt":{"rendered":"<p>O ic\u00f3nico m\u00fasico brasileiro Roberto Menescal, mestre da Bossa Nova, comemora seus 85 anos a grande cena com o lan\u00e7amento do \u00e1lbum &#8220;N\u00f3s e o Mar&#8221;. Em parceria com Diogo [&hellip;]<\/p>\n","protected":false},"author":3,"featured_media":7893,"comment_status":"closed","ping_status":"closed","sticky":false,"template":"","format":"standard","meta":{"_exactmetrics_skip_tracking":false,"_exactmetrics_sitenote_active":false,"_exactmetrics_sitenote_note":"","_exactmetrics_sitenote_category":0,"_uf_show_specific_survey":0,"_uf_disable_surveys":false,"footnotes":""},"categories":[457],"tags":[1921],"class_list":["post-7892","post","type-post","status-publish","format-standard","has-post-thumbnail","hentry","category-musica","tag-roberto-menescal"],"yoast_head":"<!-- This site is optimized with the Yoast SEO plugin v27.3 - https:\/\/yoast.com\/product\/yoast-seo-wordpress\/ -->\n<title>Roberto Menescal celebra 85 anos com o \u00e1lbum &quot;N\u00f3s e o Mar&quot;: Uma Jornada Musical na Bossa Nova<\/title>\n<meta name=\"description\" content=\"N\u00e3o perca a oportunidade de mergulhar na atmosfera da Bossa Nova com o \u00e1lbum &quot;N\u00f3s e o Mar&quot; de Roberto Menescal...\" \/>\n<meta name=\"robots\" content=\"index, follow, max-snippet:-1, max-image-preview:large, max-video-preview:-1\" \/>\n<link rel=\"canonical\" href=\"https:\/\/arte351.pt\/art\/2023\/07\/14\/roberto-menescal-celebra-85-anos-com-o-album-nos-e-o-mar-uma-jornada-musical-na-bossa-nova\/\" \/>\n<meta property=\"og:locale\" content=\"pt_BR\" \/>\n<meta property=\"og:type\" content=\"article\" \/>\n<meta property=\"og:title\" content=\"Roberto Menescal celebra 85 anos com o \u00e1lbum &quot;N\u00f3s e o Mar&quot;: Uma Jornada Musical na Bossa Nova\" \/>\n<meta property=\"og:description\" content=\"N\u00e3o perca a oportunidade de mergulhar na atmosfera da Bossa Nova com o \u00e1lbum &quot;N\u00f3s e o Mar&quot; de Roberto Menescal...\" \/>\n<meta property=\"og:url\" content=\"https:\/\/arte351.pt\/art\/2023\/07\/14\/roberto-menescal-celebra-85-anos-com-o-album-nos-e-o-mar-uma-jornada-musical-na-bossa-nova\/\" \/>\n<meta property=\"og:site_name\" content=\"Arte351 - Art Magazine Portugal\" \/>\n<meta property=\"article:publisher\" content=\"https:\/\/www.facebook.com\/arte351magazine\/\" \/>\n<meta property=\"article:published_time\" content=\"2023-07-14T12:34:38+00:00\" \/>\n<meta property=\"og:image\" content=\"https:\/\/arte351.pt\/art\/wp-content\/uploads\/2023\/07\/Roberto-Menescal-celebra-85-anos-com-o-album-Nos-e-o-Mar-Uma-Jornada-Musical-na-Bossa-Nova.jpg\" \/>\n\t<meta property=\"og:image:width\" content=\"1200\" \/>\n\t<meta property=\"og:image:height\" content=\"578\" \/>\n\t<meta property=\"og:image:type\" content=\"image\/jpeg\" \/>\n<meta name=\"author\" content=\"Equipa Arte351\" \/>\n<meta name=\"twitter:label1\" content=\"Escrito por\" \/>\n\t<meta name=\"twitter:data1\" content=\"Equipa Arte351\" \/>\n\t<meta name=\"twitter:label2\" content=\"Est. tempo de leitura\" \/>\n\t<meta name=\"twitter:data2\" content=\"3 minutos\" \/>\n<script type=\"application\/ld+json\" class=\"yoast-schema-graph\">{\"@context\":\"https:\\\/\\\/schema.org\",\"@graph\":[{\"@type\":\"Article\",\"@id\":\"https:\\\/\\\/arte351.pt\\\/art\\\/2023\\\/07\\\/14\\\/roberto-menescal-celebra-85-anos-com-o-album-nos-e-o-mar-uma-jornada-musical-na-bossa-nova\\\/#article\",\"isPartOf\":{\"@id\":\"https:\\\/\\\/arte351.pt\\\/art\\\/2023\\\/07\\\/14\\\/roberto-menescal-celebra-85-anos-com-o-album-nos-e-o-mar-uma-jornada-musical-na-bossa-nova\\\/\"},\"author\":{\"name\":\"Equipa Arte351\",\"@id\":\"https:\\\/\\\/arte351.pt\\\/art\\\/#\\\/schema\\\/person\\\/f2cfae59497206be61c53c217757b930\"},\"headline\":\"Roberto Menescal celebra 85 anos com o \u00e1lbum &#8220;N\u00f3s e o Mar&#8221;: Uma Jornada Musical na Bossa Nova\",\"datePublished\":\"2023-07-14T12:34:38+00:00\",\"mainEntityOfPage\":{\"@id\":\"https:\\\/\\\/arte351.pt\\\/art\\\/2023\\\/07\\\/14\\\/roberto-menescal-celebra-85-anos-com-o-album-nos-e-o-mar-uma-jornada-musical-na-bossa-nova\\\/\"},\"wordCount\":544,\"publisher\":{\"@id\":\"https:\\\/\\\/arte351.pt\\\/art\\\/#organization\"},\"image\":{\"@id\":\"https:\\\/\\\/arte351.pt\\\/art\\\/2023\\\/07\\\/14\\\/roberto-menescal-celebra-85-anos-com-o-album-nos-e-o-mar-uma-jornada-musical-na-bossa-nova\\\/#primaryimage\"},\"thumbnailUrl\":\"https:\\\/\\\/arte351.pt\\\/art\\\/wp-content\\\/uploads\\\/2023\\\/07\\\/Roberto-Menescal-celebra-85-anos-com-o-album-Nos-e-o-Mar-Uma-Jornada-Musical-na-Bossa-Nova.jpg\",\"keywords\":[\"Roberto Menescal\"],\"articleSection\":[\"M\u00fasica\"],\"inLanguage\":\"pt-BR\"},{\"@type\":\"WebPage\",\"@id\":\"https:\\\/\\\/arte351.pt\\\/art\\\/2023\\\/07\\\/14\\\/roberto-menescal-celebra-85-anos-com-o-album-nos-e-o-mar-uma-jornada-musical-na-bossa-nova\\\/\",\"url\":\"https:\\\/\\\/arte351.pt\\\/art\\\/2023\\\/07\\\/14\\\/roberto-menescal-celebra-85-anos-com-o-album-nos-e-o-mar-uma-jornada-musical-na-bossa-nova\\\/\",\"name\":\"Roberto Menescal celebra 85 anos com o \u00e1lbum \\\"N\u00f3s e o Mar\\\": Uma Jornada Musical na Bossa Nova\",\"isPartOf\":{\"@id\":\"https:\\\/\\\/arte351.pt\\\/art\\\/#website\"},\"primaryImageOfPage\":{\"@id\":\"https:\\\/\\\/arte351.pt\\\/art\\\/2023\\\/07\\\/14\\\/roberto-menescal-celebra-85-anos-com-o-album-nos-e-o-mar-uma-jornada-musical-na-bossa-nova\\\/#primaryimage\"},\"image\":{\"@id\":\"https:\\\/\\\/arte351.pt\\\/art\\\/2023\\\/07\\\/14\\\/roberto-menescal-celebra-85-anos-com-o-album-nos-e-o-mar-uma-jornada-musical-na-bossa-nova\\\/#primaryimage\"},\"thumbnailUrl\":\"https:\\\/\\\/arte351.pt\\\/art\\\/wp-content\\\/uploads\\\/2023\\\/07\\\/Roberto-Menescal-celebra-85-anos-com-o-album-Nos-e-o-Mar-Uma-Jornada-Musical-na-Bossa-Nova.jpg\",\"datePublished\":\"2023-07-14T12:34:38+00:00\",\"description\":\"N\u00e3o perca a oportunidade de mergulhar na atmosfera da Bossa Nova com o \u00e1lbum \\\"N\u00f3s e o Mar\\\" de Roberto Menescal...\",\"breadcrumb\":{\"@id\":\"https:\\\/\\\/arte351.pt\\\/art\\\/2023\\\/07\\\/14\\\/roberto-menescal-celebra-85-anos-com-o-album-nos-e-o-mar-uma-jornada-musical-na-bossa-nova\\\/#breadcrumb\"},\"inLanguage\":\"pt-BR\",\"potentialAction\":[{\"@type\":\"ReadAction\",\"target\":[\"https:\\\/\\\/arte351.pt\\\/art\\\/2023\\\/07\\\/14\\\/roberto-menescal-celebra-85-anos-com-o-album-nos-e-o-mar-uma-jornada-musical-na-bossa-nova\\\/\"]}]},{\"@type\":\"ImageObject\",\"inLanguage\":\"pt-BR\",\"@id\":\"https:\\\/\\\/arte351.pt\\\/art\\\/2023\\\/07\\\/14\\\/roberto-menescal-celebra-85-anos-com-o-album-nos-e-o-mar-uma-jornada-musical-na-bossa-nova\\\/#primaryimage\",\"url\":\"https:\\\/\\\/arte351.pt\\\/art\\\/wp-content\\\/uploads\\\/2023\\\/07\\\/Roberto-Menescal-celebra-85-anos-com-o-album-Nos-e-o-Mar-Uma-Jornada-Musical-na-Bossa-Nova.jpg\",\"contentUrl\":\"https:\\\/\\\/arte351.pt\\\/art\\\/wp-content\\\/uploads\\\/2023\\\/07\\\/Roberto-Menescal-celebra-85-anos-com-o-album-Nos-e-o-Mar-Uma-Jornada-Musical-na-Bossa-Nova.jpg\",\"width\":1200,\"height\":578},{\"@type\":\"BreadcrumbList\",\"@id\":\"https:\\\/\\\/arte351.pt\\\/art\\\/2023\\\/07\\\/14\\\/roberto-menescal-celebra-85-anos-com-o-album-nos-e-o-mar-uma-jornada-musical-na-bossa-nova\\\/#breadcrumb\",\"itemListElement\":[{\"@type\":\"ListItem\",\"position\":1,\"name\":\"In\u00edcio\",\"item\":\"https:\\\/\\\/arte351.pt\\\/art\\\/\"},{\"@type\":\"ListItem\",\"position\":2,\"name\":\"Roberto Menescal celebra 85 anos com o \u00e1lbum &#8220;N\u00f3s e o Mar&#8221;: Uma Jornada Musical na Bossa Nova\"}]},{\"@type\":\"WebSite\",\"@id\":\"https:\\\/\\\/arte351.pt\\\/art\\\/#website\",\"url\":\"https:\\\/\\\/arte351.pt\\\/art\\\/\",\"name\":\"Arte351 - Art Magazine Portugal\",\"description\":\"\",\"publisher\":{\"@id\":\"https:\\\/\\\/arte351.pt\\\/art\\\/#organization\"},\"potentialAction\":[{\"@type\":\"SearchAction\",\"target\":{\"@type\":\"EntryPoint\",\"urlTemplate\":\"https:\\\/\\\/arte351.pt\\\/art\\\/?s={search_term_string}\"},\"query-input\":{\"@type\":\"PropertyValueSpecification\",\"valueRequired\":true,\"valueName\":\"search_term_string\"}}],\"inLanguage\":\"pt-BR\"},{\"@type\":\"Organization\",\"@id\":\"https:\\\/\\\/arte351.pt\\\/art\\\/#organization\",\"name\":\"Arte351 - Art Magazine Portugal\",\"url\":\"https:\\\/\\\/arte351.pt\\\/art\\\/\",\"logo\":{\"@type\":\"ImageObject\",\"inLanguage\":\"pt-BR\",\"@id\":\"https:\\\/\\\/arte351.pt\\\/art\\\/#\\\/schema\\\/logo\\\/image\\\/\",\"url\":\"https:\\\/\\\/arte351.pt\\\/art\\\/wp-content\\\/uploads\\\/2020\\\/03\\\/cropped-logo-arte351-color.png\",\"contentUrl\":\"https:\\\/\\\/arte351.pt\\\/art\\\/wp-content\\\/uploads\\\/2020\\\/03\\\/cropped-logo-arte351-color.png\",\"width\":514,\"height\":200,\"caption\":\"Arte351 - Art Magazine Portugal\"},\"image\":{\"@id\":\"https:\\\/\\\/arte351.pt\\\/art\\\/#\\\/schema\\\/logo\\\/image\\\/\"},\"sameAs\":[\"https:\\\/\\\/www.facebook.com\\\/arte351magazine\\\/\"]},{\"@type\":\"Person\",\"@id\":\"https:\\\/\\\/arte351.pt\\\/art\\\/#\\\/schema\\\/person\\\/f2cfae59497206be61c53c217757b930\",\"name\":\"Equipa Arte351\",\"image\":{\"@type\":\"ImageObject\",\"inLanguage\":\"pt-BR\",\"@id\":\"https:\\\/\\\/secure.gravatar.com\\\/avatar\\\/6caca56323d52e15e83fc5635240c86f7e52fd46fa8d5df9a709d99f5aa1638e?s=96&d=mm&r=g\",\"url\":\"https:\\\/\\\/secure.gravatar.com\\\/avatar\\\/6caca56323d52e15e83fc5635240c86f7e52fd46fa8d5df9a709d99f5aa1638e?s=96&d=mm&r=g\",\"contentUrl\":\"https:\\\/\\\/secure.gravatar.com\\\/avatar\\\/6caca56323d52e15e83fc5635240c86f7e52fd46fa8d5df9a709d99f5aa1638e?s=96&d=mm&r=g\",\"caption\":\"Equipa Arte351\"},\"url\":\"https:\\\/\\\/arte351.pt\\\/art\\\/author\\\/caroleenbass\\\/\"}]}<\/script>\n<!-- \/ Yoast SEO plugin. -->","yoast_head_json":{"title":"Roberto Menescal celebra 85 anos com o \u00e1lbum \"N\u00f3s e o Mar\": Uma Jornada Musical na Bossa Nova","description":"N\u00e3o perca a oportunidade de mergulhar na atmosfera da Bossa Nova com o \u00e1lbum \"N\u00f3s e o Mar\" de Roberto Menescal...","robots":{"index":"index","follow":"follow","max-snippet":"max-snippet:-1","max-image-preview":"max-image-preview:large","max-video-preview":"max-video-preview:-1"},"canonical":"https:\/\/arte351.pt\/art\/2023\/07\/14\/roberto-menescal-celebra-85-anos-com-o-album-nos-e-o-mar-uma-jornada-musical-na-bossa-nova\/","og_locale":"pt_BR","og_type":"article","og_title":"Roberto Menescal celebra 85 anos com o \u00e1lbum \"N\u00f3s e o Mar\": Uma Jornada Musical na Bossa Nova","og_description":"N\u00e3o perca a oportunidade de mergulhar na atmosfera da Bossa Nova com o \u00e1lbum \"N\u00f3s e o Mar\" de Roberto Menescal...","og_url":"https:\/\/arte351.pt\/art\/2023\/07\/14\/roberto-menescal-celebra-85-anos-com-o-album-nos-e-o-mar-uma-jornada-musical-na-bossa-nova\/","og_site_name":"Arte351 - Art Magazine Portugal","article_publisher":"https:\/\/www.facebook.com\/arte351magazine\/","article_published_time":"2023-07-14T12:34:38+00:00","og_image":[{"width":1200,"height":578,"url":"https:\/\/arte351.pt\/art\/wp-content\/uploads\/2023\/07\/Roberto-Menescal-celebra-85-anos-com-o-album-Nos-e-o-Mar-Uma-Jornada-Musical-na-Bossa-Nova.jpg","type":"image\/jpeg"}],"author":"Equipa Arte351","twitter_misc":{"Escrito por":"Equipa Arte351","Est. tempo de leitura":"3 minutos"},"schema":{"@context":"https:\/\/schema.org","@graph":[{"@type":"Article","@id":"https:\/\/arte351.pt\/art\/2023\/07\/14\/roberto-menescal-celebra-85-anos-com-o-album-nos-e-o-mar-uma-jornada-musical-na-bossa-nova\/#article","isPartOf":{"@id":"https:\/\/arte351.pt\/art\/2023\/07\/14\/roberto-menescal-celebra-85-anos-com-o-album-nos-e-o-mar-uma-jornada-musical-na-bossa-nova\/"},"author":{"name":"Equipa Arte351","@id":"https:\/\/arte351.pt\/art\/#\/schema\/person\/f2cfae59497206be61c53c217757b930"},"headline":"Roberto Menescal celebra 85 anos com o \u00e1lbum &#8220;N\u00f3s e o Mar&#8221;: Uma Jornada Musical na Bossa Nova","datePublished":"2023-07-14T12:34:38+00:00","mainEntityOfPage":{"@id":"https:\/\/arte351.pt\/art\/2023\/07\/14\/roberto-menescal-celebra-85-anos-com-o-album-nos-e-o-mar-uma-jornada-musical-na-bossa-nova\/"},"wordCount":544,"publisher":{"@id":"https:\/\/arte351.pt\/art\/#organization"},"image":{"@id":"https:\/\/arte351.pt\/art\/2023\/07\/14\/roberto-menescal-celebra-85-anos-com-o-album-nos-e-o-mar-uma-jornada-musical-na-bossa-nova\/#primaryimage"},"thumbnailUrl":"https:\/\/arte351.pt\/art\/wp-content\/uploads\/2023\/07\/Roberto-Menescal-celebra-85-anos-com-o-album-Nos-e-o-Mar-Uma-Jornada-Musical-na-Bossa-Nova.jpg","keywords":["Roberto Menescal"],"articleSection":["M\u00fasica"],"inLanguage":"pt-BR"},{"@type":"WebPage","@id":"https:\/\/arte351.pt\/art\/2023\/07\/14\/roberto-menescal-celebra-85-anos-com-o-album-nos-e-o-mar-uma-jornada-musical-na-bossa-nova\/","url":"https:\/\/arte351.pt\/art\/2023\/07\/14\/roberto-menescal-celebra-85-anos-com-o-album-nos-e-o-mar-uma-jornada-musical-na-bossa-nova\/","name":"Roberto Menescal celebra 85 anos com o \u00e1lbum \"N\u00f3s e o Mar\": Uma Jornada Musical na Bossa Nova","isPartOf":{"@id":"https:\/\/arte351.pt\/art\/#website"},"primaryImageOfPage":{"@id":"https:\/\/arte351.pt\/art\/2023\/07\/14\/roberto-menescal-celebra-85-anos-com-o-album-nos-e-o-mar-uma-jornada-musical-na-bossa-nova\/#primaryimage"},"image":{"@id":"https:\/\/arte351.pt\/art\/2023\/07\/14\/roberto-menescal-celebra-85-anos-com-o-album-nos-e-o-mar-uma-jornada-musical-na-bossa-nova\/#primaryimage"},"thumbnailUrl":"https:\/\/arte351.pt\/art\/wp-content\/uploads\/2023\/07\/Roberto-Menescal-celebra-85-anos-com-o-album-Nos-e-o-Mar-Uma-Jornada-Musical-na-Bossa-Nova.jpg","datePublished":"2023-07-14T12:34:38+00:00","description":"N\u00e3o perca a oportunidade de mergulhar na atmosfera da Bossa Nova com o \u00e1lbum \"N\u00f3s e o Mar\" de Roberto Menescal...","breadcrumb":{"@id":"https:\/\/arte351.pt\/art\/2023\/07\/14\/roberto-menescal-celebra-85-anos-com-o-album-nos-e-o-mar-uma-jornada-musical-na-bossa-nova\/#breadcrumb"},"inLanguage":"pt-BR","potentialAction":[{"@type":"ReadAction","target":["https:\/\/arte351.pt\/art\/2023\/07\/14\/roberto-menescal-celebra-85-anos-com-o-album-nos-e-o-mar-uma-jornada-musical-na-bossa-nova\/"]}]},{"@type":"ImageObject","inLanguage":"pt-BR","@id":"https:\/\/arte351.pt\/art\/2023\/07\/14\/roberto-menescal-celebra-85-anos-com-o-album-nos-e-o-mar-uma-jornada-musical-na-bossa-nova\/#primaryimage","url":"https:\/\/arte351.pt\/art\/wp-content\/uploads\/2023\/07\/Roberto-Menescal-celebra-85-anos-com-o-album-Nos-e-o-Mar-Uma-Jornada-Musical-na-Bossa-Nova.jpg","contentUrl":"https:\/\/arte351.pt\/art\/wp-content\/uploads\/2023\/07\/Roberto-Menescal-celebra-85-anos-com-o-album-Nos-e-o-Mar-Uma-Jornada-Musical-na-Bossa-Nova.jpg","width":1200,"height":578},{"@type":"BreadcrumbList","@id":"https:\/\/arte351.pt\/art\/2023\/07\/14\/roberto-menescal-celebra-85-anos-com-o-album-nos-e-o-mar-uma-jornada-musical-na-bossa-nova\/#breadcrumb","itemListElement":[{"@type":"ListItem","position":1,"name":"In\u00edcio","item":"https:\/\/arte351.pt\/art\/"},{"@type":"ListItem","position":2,"name":"Roberto Menescal celebra 85 anos com o \u00e1lbum &#8220;N\u00f3s e o Mar&#8221;: Uma Jornada Musical na Bossa Nova"}]},{"@type":"WebSite","@id":"https:\/\/arte351.pt\/art\/#website","url":"https:\/\/arte351.pt\/art\/","name":"Arte351 - Art Magazine Portugal","description":"","publisher":{"@id":"https:\/\/arte351.pt\/art\/#organization"},"potentialAction":[{"@type":"SearchAction","target":{"@type":"EntryPoint","urlTemplate":"https:\/\/arte351.pt\/art\/?s={search_term_string}"},"query-input":{"@type":"PropertyValueSpecification","valueRequired":true,"valueName":"search_term_string"}}],"inLanguage":"pt-BR"},{"@type":"Organization","@id":"https:\/\/arte351.pt\/art\/#organization","name":"Arte351 - Art Magazine Portugal","url":"https:\/\/arte351.pt\/art\/","logo":{"@type":"ImageObject","inLanguage":"pt-BR","@id":"https:\/\/arte351.pt\/art\/#\/schema\/logo\/image\/","url":"https:\/\/arte351.pt\/art\/wp-content\/uploads\/2020\/03\/cropped-logo-arte351-color.png","contentUrl":"https:\/\/arte351.pt\/art\/wp-content\/uploads\/2020\/03\/cropped-logo-arte351-color.png","width":514,"height":200,"caption":"Arte351 - Art Magazine Portugal"},"image":{"@id":"https:\/\/arte351.pt\/art\/#\/schema\/logo\/image\/"},"sameAs":["https:\/\/www.facebook.com\/arte351magazine\/"]},{"@type":"Person","@id":"https:\/\/arte351.pt\/art\/#\/schema\/person\/f2cfae59497206be61c53c217757b930","name":"Equipa Arte351","image":{"@type":"ImageObject","inLanguage":"pt-BR","@id":"https:\/\/secure.gravatar.com\/avatar\/6caca56323d52e15e83fc5635240c86f7e52fd46fa8d5df9a709d99f5aa1638e?s=96&d=mm&r=g","url":"https:\/\/secure.gravatar.com\/avatar\/6caca56323d52e15e83fc5635240c86f7e52fd46fa8d5df9a709d99f5aa1638e?s=96&d=mm&r=g","contentUrl":"https:\/\/secure.gravatar.com\/avatar\/6caca56323d52e15e83fc5635240c86f7e52fd46fa8d5df9a709d99f5aa1638e?s=96&d=mm&r=g","caption":"Equipa Arte351"},"url":"https:\/\/arte351.pt\/art\/author\/caroleenbass\/"}]}},"_links":{"self":[{"href":"https:\/\/arte351.pt\/art\/wp-json\/wp\/v2\/posts\/7892","targetHints":{"allow":["GET"]}}],"collection":[{"href":"https:\/\/arte351.pt\/art\/wp-json\/wp\/v2\/posts"}],"about":[{"href":"https:\/\/arte351.pt\/art\/wp-json\/wp\/v2\/types\/post"}],"author":[{"embeddable":true,"href":"https:\/\/arte351.pt\/art\/wp-json\/wp\/v2\/users\/3"}],"replies":[{"embeddable":true,"href":"https:\/\/arte351.pt\/art\/wp-json\/wp\/v2\/comments?post=7892"}],"version-history":[{"count":2,"href":"https:\/\/arte351.pt\/art\/wp-json\/wp\/v2\/posts\/7892\/revisions"}],"predecessor-version":[{"id":7896,"href":"https:\/\/arte351.pt\/art\/wp-json\/wp\/v2\/posts\/7892\/revisions\/7896"}],"wp:featuredmedia":[{"embeddable":true,"href":"https:\/\/arte351.pt\/art\/wp-json\/wp\/v2\/media\/7893"}],"wp:attachment":[{"href":"https:\/\/arte351.pt\/art\/wp-json\/wp\/v2\/media?parent=7892"}],"wp:term":[{"taxonomy":"category","embeddable":true,"href":"https:\/\/arte351.pt\/art\/wp-json\/wp\/v2\/categories?post=7892"},{"taxonomy":"post_tag","embeddable":true,"href":"https:\/\/arte351.pt\/art\/wp-json\/wp\/v2\/tags?post=7892"}],"curies":[{"name":"wp","href":"https:\/\/api.w.org\/{rel}","templated":true}]}}