{"id":7897,"date":"2023-07-14T09:44:24","date_gmt":"2023-07-14T09:44:24","guid":{"rendered":"https:\/\/arte351.pt\/art\/?p=7897"},"modified":"2023-07-14T09:44:26","modified_gmt":"2023-07-14T09:44:26","slug":"optraken-espetaculo-acrobatico-desafia-a-gravidade-no-palco-grande","status":"publish","type":"post","link":"https:\/\/arte351.pt\/art\/2023\/07\/14\/optraken-espetaculo-acrobatico-desafia-a-gravidade-no-palco-grande\/","title":{"rendered":"Optraken: Espet\u00e1culo acrob\u00e1tico desafia a gravidade no Palco Grande"},"content":{"rendered":"<p>Hoje (14), no Palco Grande da Escola D. Ant\u00f3nio da Costa, a companhia francesa Galactik Ensemble apresenta &#8220;Optraken&#8221;, um espet\u00e1culo acrob\u00e1tico que desafia a gravidade. Cinco acrobatas habilidosos driblam objetos e obst\u00e1culos durante uma hora, mantendo-se sempre em equil\u00edbrio e evitando quedas.<\/p>\n<p>Neste espet\u00e1culo, a acrobacia vai al\u00e9m de desafiar as leis da gravidade, sendo uma forma de experimenta\u00e7\u00e3o e enfrentamento do imprevis\u00edvel. Os int\u00e9rpretes buscam superar momentos em que o controle escapa, esquivando-se da queda e retomando o equil\u00edbrio.<\/p>\n<p>Optraken \u00e9 uma palavra divertida que significa desviar as pernas em uma pista de esqui para evitar obst\u00e1culos. Tamb\u00e9m remete \u00e0 ideia de equil\u00edbrio inst\u00e1vel, representado pelo termo &#8220;saca-rolhas&#8221; em noruegu\u00eas. O espet\u00e1culo se desenvolve como um mosaico, com estruturas polif\u00f4nicas e transi\u00e7\u00f5es entre diferentes cen\u00e1rios e situa\u00e7\u00f5es.<\/p>\n<p>Dirigido por Victor Fernandes, o espet\u00e1culo conta com a interpreta\u00e7\u00e3o de Mathieu Bleton, Mosi Espinoza, Jonas Julliand, Karim Messaoudi e Cyril Pernot. A constru\u00e7\u00e3o de maquinaria \u00e9 de responsabilidade de Franck Breuil, enquanto Ad\u00e8le Gr\u00e9pinet cuida do desenho de luz e Denis Mariotte \u00e9 respons\u00e1vel pelo desenho de som e m\u00fasica.<\/p>\n<p><em>Para mais informa\u00e7\u00f5es, acesse o site <a href=\"http:\/\/ctalmada.pt\">ctalmada.pt.<\/a><\/em><\/p>\n","protected":false},"excerpt":{"rendered":"<p>Hoje (14), no Palco Grande da Escola D. Ant\u00f3nio da Costa, a companhia francesa Galactik Ensemble apresenta &#8220;Optraken&#8221;, um espet\u00e1culo acrob\u00e1tico que desafia a gravidade. Cinco acrobatas habilidosos driblam objetos [&hellip;]<\/p>\n","protected":false},"author":3,"featured_media":0,"comment_status":"closed","ping_status":"closed","sticky":false,"template":"","format":"standard","meta":{"_exactmetrics_skip_tracking":false,"_exactmetrics_sitenote_active":false,"_exactmetrics_sitenote_note":"","_exactmetrics_sitenote_category":0,"_uf_show_specific_survey":0,"_uf_disable_surveys":false,"footnotes":""},"categories":[642,811],"tags":[351],"class_list":["post-7897","post","type-post","status-publish","format-standard","hentry","category-edgardo","category-teatro","tag-festival-de-almada"],"yoast_head":"<!-- This site is optimized with the Yoast SEO plugin v27.3 - https:\/\/yoast.com\/product\/yoast-seo-wordpress\/ -->\n<title>Optraken: Espet\u00e1culo acrob\u00e1tico desafia a gravidade no Palco Grande<\/title>\n<meta name=\"description\" content=\"Palco Grande da Escola D. Ant\u00f3nio da Costa, a companhia francesa Galactik Ensemble apresenta &quot;Optraken&quot;... le mais para saber\" \/>\n<meta name=\"robots\" content=\"index, follow, max-snippet:-1, max-image-preview:large, max-video-preview:-1\" \/>\n<link rel=\"canonical\" href=\"https:\/\/arte351.pt\/art\/2023\/07\/14\/optraken-espetaculo-acrobatico-desafia-a-gravidade-no-palco-grande\/\" \/>\n<meta property=\"og:locale\" content=\"pt_BR\" \/>\n<meta property=\"og:type\" content=\"article\" \/>\n<meta property=\"og:title\" content=\"Optraken: Espet\u00e1culo acrob\u00e1tico desafia a gravidade no Palco Grande\" \/>\n<meta property=\"og:description\" content=\"Palco Grande da Escola D. Ant\u00f3nio da Costa, a companhia francesa Galactik Ensemble apresenta &quot;Optraken&quot;... le mais para saber\" \/>\n<meta property=\"og:url\" content=\"https:\/\/arte351.pt\/art\/2023\/07\/14\/optraken-espetaculo-acrobatico-desafia-a-gravidade-no-palco-grande\/\" \/>\n<meta property=\"og:site_name\" content=\"Arte351 - Art Magazine Portugal\" \/>\n<meta property=\"article:publisher\" content=\"https:\/\/www.facebook.com\/arte351magazine\/\" \/>\n<meta property=\"article:published_time\" content=\"2023-07-14T09:44:24+00:00\" \/>\n<meta property=\"article:modified_time\" content=\"2023-07-14T09:44:26+00:00\" \/>\n<meta name=\"author\" content=\"Equipa Arte351\" \/>\n<meta name=\"twitter:label1\" content=\"Escrito por\" \/>\n\t<meta name=\"twitter:data1\" content=\"Equipa Arte351\" \/>\n\t<meta name=\"twitter:label2\" content=\"Est. tempo de leitura\" \/>\n\t<meta name=\"twitter:data2\" content=\"2 minutos\" \/>\n<script type=\"application\/ld+json\" class=\"yoast-schema-graph\">{\"@context\":\"https:\\\/\\\/schema.org\",\"@graph\":[{\"@type\":\"Article\",\"@id\":\"https:\\\/\\\/arte351.pt\\\/art\\\/2023\\\/07\\\/14\\\/optraken-espetaculo-acrobatico-desafia-a-gravidade-no-palco-grande\\\/#article\",\"isPartOf\":{\"@id\":\"https:\\\/\\\/arte351.pt\\\/art\\\/2023\\\/07\\\/14\\\/optraken-espetaculo-acrobatico-desafia-a-gravidade-no-palco-grande\\\/\"},\"author\":{\"name\":\"Equipa Arte351\",\"@id\":\"https:\\\/\\\/arte351.pt\\\/art\\\/#\\\/schema\\\/person\\\/f2cfae59497206be61c53c217757b930\"},\"headline\":\"Optraken: Espet\u00e1culo acrob\u00e1tico desafia a gravidade no Palco Grande\",\"datePublished\":\"2023-07-14T09:44:24+00:00\",\"dateModified\":\"2023-07-14T09:44:26+00:00\",\"mainEntityOfPage\":{\"@id\":\"https:\\\/\\\/arte351.pt\\\/art\\\/2023\\\/07\\\/14\\\/optraken-espetaculo-acrobatico-desafia-a-gravidade-no-palco-grande\\\/\"},\"wordCount\":222,\"publisher\":{\"@id\":\"https:\\\/\\\/arte351.pt\\\/art\\\/#organization\"},\"keywords\":[\"Festival de Almada\"],\"articleSection\":[\"Coluna \u2013 Edgardo Xavier\",\"Teatro\"],\"inLanguage\":\"pt-BR\"},{\"@type\":\"WebPage\",\"@id\":\"https:\\\/\\\/arte351.pt\\\/art\\\/2023\\\/07\\\/14\\\/optraken-espetaculo-acrobatico-desafia-a-gravidade-no-palco-grande\\\/\",\"url\":\"https:\\\/\\\/arte351.pt\\\/art\\\/2023\\\/07\\\/14\\\/optraken-espetaculo-acrobatico-desafia-a-gravidade-no-palco-grande\\\/\",\"name\":\"Optraken: Espet\u00e1culo acrob\u00e1tico desafia a gravidade no Palco Grande\",\"isPartOf\":{\"@id\":\"https:\\\/\\\/arte351.pt\\\/art\\\/#website\"},\"datePublished\":\"2023-07-14T09:44:24+00:00\",\"dateModified\":\"2023-07-14T09:44:26+00:00\",\"description\":\"Palco Grande da Escola D. Ant\u00f3nio da Costa, a companhia francesa Galactik Ensemble apresenta \\\"Optraken\\\"... le mais para saber\",\"breadcrumb\":{\"@id\":\"https:\\\/\\\/arte351.pt\\\/art\\\/2023\\\/07\\\/14\\\/optraken-espetaculo-acrobatico-desafia-a-gravidade-no-palco-grande\\\/#breadcrumb\"},\"inLanguage\":\"pt-BR\",\"potentialAction\":[{\"@type\":\"ReadAction\",\"target\":[\"https:\\\/\\\/arte351.pt\\\/art\\\/2023\\\/07\\\/14\\\/optraken-espetaculo-acrobatico-desafia-a-gravidade-no-palco-grande\\\/\"]}]},{\"@type\":\"BreadcrumbList\",\"@id\":\"https:\\\/\\\/arte351.pt\\\/art\\\/2023\\\/07\\\/14\\\/optraken-espetaculo-acrobatico-desafia-a-gravidade-no-palco-grande\\\/#breadcrumb\",\"itemListElement\":[{\"@type\":\"ListItem\",\"position\":1,\"name\":\"In\u00edcio\",\"item\":\"https:\\\/\\\/arte351.pt\\\/art\\\/\"},{\"@type\":\"ListItem\",\"position\":2,\"name\":\"Optraken: Espet\u00e1culo acrob\u00e1tico desafia a gravidade no Palco Grande\"}]},{\"@type\":\"WebSite\",\"@id\":\"https:\\\/\\\/arte351.pt\\\/art\\\/#website\",\"url\":\"https:\\\/\\\/arte351.pt\\\/art\\\/\",\"name\":\"Arte351 - Art Magazine Portugal\",\"description\":\"\",\"publisher\":{\"@id\":\"https:\\\/\\\/arte351.pt\\\/art\\\/#organization\"},\"potentialAction\":[{\"@type\":\"SearchAction\",\"target\":{\"@type\":\"EntryPoint\",\"urlTemplate\":\"https:\\\/\\\/arte351.pt\\\/art\\\/?s={search_term_string}\"},\"query-input\":{\"@type\":\"PropertyValueSpecification\",\"valueRequired\":true,\"valueName\":\"search_term_string\"}}],\"inLanguage\":\"pt-BR\"},{\"@type\":\"Organization\",\"@id\":\"https:\\\/\\\/arte351.pt\\\/art\\\/#organization\",\"name\":\"Arte351 - Art Magazine Portugal\",\"url\":\"https:\\\/\\\/arte351.pt\\\/art\\\/\",\"logo\":{\"@type\":\"ImageObject\",\"inLanguage\":\"pt-BR\",\"@id\":\"https:\\\/\\\/arte351.pt\\\/art\\\/#\\\/schema\\\/logo\\\/image\\\/\",\"url\":\"https:\\\/\\\/arte351.pt\\\/art\\\/wp-content\\\/uploads\\\/2020\\\/03\\\/cropped-logo-arte351-color.png\",\"contentUrl\":\"https:\\\/\\\/arte351.pt\\\/art\\\/wp-content\\\/uploads\\\/2020\\\/03\\\/cropped-logo-arte351-color.png\",\"width\":514,\"height\":200,\"caption\":\"Arte351 - Art Magazine Portugal\"},\"image\":{\"@id\":\"https:\\\/\\\/arte351.pt\\\/art\\\/#\\\/schema\\\/logo\\\/image\\\/\"},\"sameAs\":[\"https:\\\/\\\/www.facebook.com\\\/arte351magazine\\\/\"]},{\"@type\":\"Person\",\"@id\":\"https:\\\/\\\/arte351.pt\\\/art\\\/#\\\/schema\\\/person\\\/f2cfae59497206be61c53c217757b930\",\"name\":\"Equipa Arte351\",\"image\":{\"@type\":\"ImageObject\",\"inLanguage\":\"pt-BR\",\"@id\":\"https:\\\/\\\/secure.gravatar.com\\\/avatar\\\/6caca56323d52e15e83fc5635240c86f7e52fd46fa8d5df9a709d99f5aa1638e?s=96&d=mm&r=g\",\"url\":\"https:\\\/\\\/secure.gravatar.com\\\/avatar\\\/6caca56323d52e15e83fc5635240c86f7e52fd46fa8d5df9a709d99f5aa1638e?s=96&d=mm&r=g\",\"contentUrl\":\"https:\\\/\\\/secure.gravatar.com\\\/avatar\\\/6caca56323d52e15e83fc5635240c86f7e52fd46fa8d5df9a709d99f5aa1638e?s=96&d=mm&r=g\",\"caption\":\"Equipa Arte351\"},\"url\":\"https:\\\/\\\/arte351.pt\\\/art\\\/author\\\/caroleenbass\\\/\"}]}<\/script>\n<!-- \/ Yoast SEO plugin. -->","yoast_head_json":{"title":"Optraken: Espet\u00e1culo acrob\u00e1tico desafia a gravidade no Palco Grande","description":"Palco Grande da Escola D. Ant\u00f3nio da Costa, a companhia francesa Galactik Ensemble apresenta \"Optraken\"... le mais para saber","robots":{"index":"index","follow":"follow","max-snippet":"max-snippet:-1","max-image-preview":"max-image-preview:large","max-video-preview":"max-video-preview:-1"},"canonical":"https:\/\/arte351.pt\/art\/2023\/07\/14\/optraken-espetaculo-acrobatico-desafia-a-gravidade-no-palco-grande\/","og_locale":"pt_BR","og_type":"article","og_title":"Optraken: Espet\u00e1culo acrob\u00e1tico desafia a gravidade no Palco Grande","og_description":"Palco Grande da Escola D. Ant\u00f3nio da Costa, a companhia francesa Galactik Ensemble apresenta \"Optraken\"... le mais para saber","og_url":"https:\/\/arte351.pt\/art\/2023\/07\/14\/optraken-espetaculo-acrobatico-desafia-a-gravidade-no-palco-grande\/","og_site_name":"Arte351 - Art Magazine Portugal","article_publisher":"https:\/\/www.facebook.com\/arte351magazine\/","article_published_time":"2023-07-14T09:44:24+00:00","article_modified_time":"2023-07-14T09:44:26+00:00","author":"Equipa Arte351","twitter_misc":{"Escrito por":"Equipa Arte351","Est. tempo de leitura":"2 minutos"},"schema":{"@context":"https:\/\/schema.org","@graph":[{"@type":"Article","@id":"https:\/\/arte351.pt\/art\/2023\/07\/14\/optraken-espetaculo-acrobatico-desafia-a-gravidade-no-palco-grande\/#article","isPartOf":{"@id":"https:\/\/arte351.pt\/art\/2023\/07\/14\/optraken-espetaculo-acrobatico-desafia-a-gravidade-no-palco-grande\/"},"author":{"name":"Equipa Arte351","@id":"https:\/\/arte351.pt\/art\/#\/schema\/person\/f2cfae59497206be61c53c217757b930"},"headline":"Optraken: Espet\u00e1culo acrob\u00e1tico desafia a gravidade no Palco Grande","datePublished":"2023-07-14T09:44:24+00:00","dateModified":"2023-07-14T09:44:26+00:00","mainEntityOfPage":{"@id":"https:\/\/arte351.pt\/art\/2023\/07\/14\/optraken-espetaculo-acrobatico-desafia-a-gravidade-no-palco-grande\/"},"wordCount":222,"publisher":{"@id":"https:\/\/arte351.pt\/art\/#organization"},"keywords":["Festival de Almada"],"articleSection":["Coluna \u2013 Edgardo Xavier","Teatro"],"inLanguage":"pt-BR"},{"@type":"WebPage","@id":"https:\/\/arte351.pt\/art\/2023\/07\/14\/optraken-espetaculo-acrobatico-desafia-a-gravidade-no-palco-grande\/","url":"https:\/\/arte351.pt\/art\/2023\/07\/14\/optraken-espetaculo-acrobatico-desafia-a-gravidade-no-palco-grande\/","name":"Optraken: Espet\u00e1culo acrob\u00e1tico desafia a gravidade no Palco Grande","isPartOf":{"@id":"https:\/\/arte351.pt\/art\/#website"},"datePublished":"2023-07-14T09:44:24+00:00","dateModified":"2023-07-14T09:44:26+00:00","description":"Palco Grande da Escola D. Ant\u00f3nio da Costa, a companhia francesa Galactik Ensemble apresenta \"Optraken\"... le mais para saber","breadcrumb":{"@id":"https:\/\/arte351.pt\/art\/2023\/07\/14\/optraken-espetaculo-acrobatico-desafia-a-gravidade-no-palco-grande\/#breadcrumb"},"inLanguage":"pt-BR","potentialAction":[{"@type":"ReadAction","target":["https:\/\/arte351.pt\/art\/2023\/07\/14\/optraken-espetaculo-acrobatico-desafia-a-gravidade-no-palco-grande\/"]}]},{"@type":"BreadcrumbList","@id":"https:\/\/arte351.pt\/art\/2023\/07\/14\/optraken-espetaculo-acrobatico-desafia-a-gravidade-no-palco-grande\/#breadcrumb","itemListElement":[{"@type":"ListItem","position":1,"name":"In\u00edcio","item":"https:\/\/arte351.pt\/art\/"},{"@type":"ListItem","position":2,"name":"Optraken: Espet\u00e1culo acrob\u00e1tico desafia a gravidade no Palco Grande"}]},{"@type":"WebSite","@id":"https:\/\/arte351.pt\/art\/#website","url":"https:\/\/arte351.pt\/art\/","name":"Arte351 - Art Magazine Portugal","description":"","publisher":{"@id":"https:\/\/arte351.pt\/art\/#organization"},"potentialAction":[{"@type":"SearchAction","target":{"@type":"EntryPoint","urlTemplate":"https:\/\/arte351.pt\/art\/?s={search_term_string}"},"query-input":{"@type":"PropertyValueSpecification","valueRequired":true,"valueName":"search_term_string"}}],"inLanguage":"pt-BR"},{"@type":"Organization","@id":"https:\/\/arte351.pt\/art\/#organization","name":"Arte351 - Art Magazine Portugal","url":"https:\/\/arte351.pt\/art\/","logo":{"@type":"ImageObject","inLanguage":"pt-BR","@id":"https:\/\/arte351.pt\/art\/#\/schema\/logo\/image\/","url":"https:\/\/arte351.pt\/art\/wp-content\/uploads\/2020\/03\/cropped-logo-arte351-color.png","contentUrl":"https:\/\/arte351.pt\/art\/wp-content\/uploads\/2020\/03\/cropped-logo-arte351-color.png","width":514,"height":200,"caption":"Arte351 - Art Magazine Portugal"},"image":{"@id":"https:\/\/arte351.pt\/art\/#\/schema\/logo\/image\/"},"sameAs":["https:\/\/www.facebook.com\/arte351magazine\/"]},{"@type":"Person","@id":"https:\/\/arte351.pt\/art\/#\/schema\/person\/f2cfae59497206be61c53c217757b930","name":"Equipa Arte351","image":{"@type":"ImageObject","inLanguage":"pt-BR","@id":"https:\/\/secure.gravatar.com\/avatar\/6caca56323d52e15e83fc5635240c86f7e52fd46fa8d5df9a709d99f5aa1638e?s=96&d=mm&r=g","url":"https:\/\/secure.gravatar.com\/avatar\/6caca56323d52e15e83fc5635240c86f7e52fd46fa8d5df9a709d99f5aa1638e?s=96&d=mm&r=g","contentUrl":"https:\/\/secure.gravatar.com\/avatar\/6caca56323d52e15e83fc5635240c86f7e52fd46fa8d5df9a709d99f5aa1638e?s=96&d=mm&r=g","caption":"Equipa Arte351"},"url":"https:\/\/arte351.pt\/art\/author\/caroleenbass\/"}]}},"_links":{"self":[{"href":"https:\/\/arte351.pt\/art\/wp-json\/wp\/v2\/posts\/7897","targetHints":{"allow":["GET"]}}],"collection":[{"href":"https:\/\/arte351.pt\/art\/wp-json\/wp\/v2\/posts"}],"about":[{"href":"https:\/\/arte351.pt\/art\/wp-json\/wp\/v2\/types\/post"}],"author":[{"embeddable":true,"href":"https:\/\/arte351.pt\/art\/wp-json\/wp\/v2\/users\/3"}],"replies":[{"embeddable":true,"href":"https:\/\/arte351.pt\/art\/wp-json\/wp\/v2\/comments?post=7897"}],"version-history":[{"count":1,"href":"https:\/\/arte351.pt\/art\/wp-json\/wp\/v2\/posts\/7897\/revisions"}],"predecessor-version":[{"id":7898,"href":"https:\/\/arte351.pt\/art\/wp-json\/wp\/v2\/posts\/7897\/revisions\/7898"}],"wp:attachment":[{"href":"https:\/\/arte351.pt\/art\/wp-json\/wp\/v2\/media?parent=7897"}],"wp:term":[{"taxonomy":"category","embeddable":true,"href":"https:\/\/arte351.pt\/art\/wp-json\/wp\/v2\/categories?post=7897"},{"taxonomy":"post_tag","embeddable":true,"href":"https:\/\/arte351.pt\/art\/wp-json\/wp\/v2\/tags?post=7897"}],"curies":[{"name":"wp","href":"https:\/\/api.w.org\/{rel}","templated":true}]}}