{"id":7995,"date":"2023-08-15T18:58:57","date_gmt":"2023-08-15T18:58:57","guid":{"rendered":"https:\/\/arte351.pt\/art\/?p=7995"},"modified":"2023-08-16T19:02:22","modified_gmt":"2023-08-16T19:02:22","slug":"teatro-sao-luiz-apresenta-opera-ecofeminista-virino-kaj-naturo","status":"publish","type":"post","link":"https:\/\/arte351.pt\/art\/2023\/08\/15\/teatro-sao-luiz-apresenta-opera-ecofeminista-virino-kaj-naturo\/","title":{"rendered":"Teatro S\u00e3o Luiz apresenta \u00f3pera ecofeminista virino kaj naturo"},"content":{"rendered":"<h2 data-sourcepos=\"5:1-5:93\">Espet\u00e1culo ser\u00e1 realizado no dia 7 de setembro, \u00e0s 19h30, na Sala M\u00e1rio Viegas<\/h2>\n<p data-sourcepos=\"9:1-9:548\">O Teatro S\u00e3o Luiz apresenta, em antestreia, a \u00f3pera filmada virino kaj naturo #, com m\u00fasica de V\u00edtor Rua e libreto de Ilda Teresa Castro. A <a href=\"https:\/\/www.teatrosaoluiz.pt\/espetaculo\/virino-kaj-naturo\/\" target=\"_blank\" rel=\"noopener\">\u00f3pera<\/a> \u00e9 um espet\u00e1culo ecofeminista e ecomulherista, que foca o paralelismo entre a subjuga\u00e7\u00e3o e manipula\u00e7\u00e3o da situa\u00e7\u00e3o feminina e o dom\u00ednio e instrumentaliza\u00e7\u00e3o da Natureza. Com o t\u00edtulo em esperanto, virino kaj naturo, que significa Mulher e Natureza, o espet\u00e1culo faz um percurso hist\u00f3rico e socio-filos\u00f3fico at\u00e9 ao Black Feminism e ao Black Lives Matter, criados e liderados por mulheres afro-americanas.<\/p>\n<p data-sourcepos=\"11:1-11:555\">O espet\u00e1culo conta com a participa\u00e7\u00e3o da performer Regina Frank, das sopranos B\u00e1rbara do Canto Lagido, Orlanda Guilande e Sara Ribeiro, e com esculturas cenogr\u00e1ficas de Rui Chafes. No mesmo dia, ser\u00e3o lan\u00e7ados o DVD+CD com o filme e a banda sonora da \u00f3pera e o livro ecofeminista e o ecofeminismo da bruxa \u2014 cinema e ecologia #, de Ilda Teresa Castro, a fonte de inspira\u00e7\u00e3o do libreto sobre os movimentos Ecofeminista e sobre a hist\u00f3ria da Mulher na Ecologia. Acontece, ainda, uma interven\u00e7\u00e3o musical das sopranos B\u00e1rbara do Canto Lagido e Sara Ribeiro.<\/p>\n<p data-sourcepos=\"13:1-13:244\">A \u00f3pera ecofeminista ser\u00e1 realizada no dia 7 de setembro, \u00e0s 19h30, na Sala M\u00e1rio Viegas do Teatro S\u00e3o Luiz. A entrada \u00e9 gratuita, sujeita \u00e0 lota\u00e7\u00e3o da sala. Bilhetes dispon\u00edveis no pr\u00f3prio dia na bilheteira do Teatro a partir das 15h (m\u00e1ximo 2 por pessoa).<\/p>\n<p data-sourcepos=\"15:1-15:18\">\n<ul data-sourcepos=\"17:1-29:0\">\n<li data-sourcepos=\"17:1-17:44\">Realiza\u00e7\u00e3o: Ilda Teresa Castro e V\u00edtor Rua<\/li>\n<li data-sourcepos=\"18:1-18:41\">Composi\u00e7\u00e3o e dire\u00e7\u00e3o musical: V\u00edtor Rua<\/li>\n<li data-sourcepos=\"19:1-19:39\">Dire\u00e7\u00e3o art\u00edstica: Ilda Teresa Castro<\/li>\n<li data-sourcepos=\"20:1-20:29\">Libreto: Ilda Teresa Castro<\/li>\n<li data-sourcepos=\"21:1-21:46\">Produ\u00e7\u00e3o: V\u00edtor Rua &amp; Ilda Teresa Castro<\/li>\n<li data-sourcepos=\"22:1-22:57\">Encena\u00e7\u00e3o e coreografia: Ilda Teresa Castro e V\u00edtor Rua<\/li>\n<li data-sourcepos=\"23:1-23:24\">Cenografia: Rui Chafes<\/li>\n<li data-sourcepos=\"24:1-24:27\">Performance: Regina Frank<\/li>\n<li data-sourcepos=\"25:1-25:64\">Cantoras\/Performers: B\u00e1rbara do Canto Lagido, Orlanda Guilande<\/li>\n<li data-sourcepos=\"26:1-26:43\">Narradora\/Cantora\/Performer: Sara Ribeiro<\/li>\n<li data-sourcepos=\"27:1-27:51\">Produ\u00e7\u00e3o: Asoka Productions | Portugal, 2023, 80`<\/li>\n<li data-sourcepos=\"28:1-29:0\">\u00d3pera apoiada pelo Fundo Cultural da Sociedade Portuguesa de Autores<\/li>\n<\/ul>\n<p data-sourcepos=\"30:1-30:28\">\n<p data-sourcepos=\"32:1-32:317\">O <a href=\"https:\/\/arte351.pt\/art\/tag\/sao-luiz-teatro-municipal\/\" target=\"_blank\" rel=\"noopener\">Teatro S\u00e3o Luiz<\/a> \u00e9 um teatro municipal de Lisboa, Portugal. Foi fundado em 1974 e \u00e9 um dos teatros mais importantes da cidade. O Teatro S\u00e3o Luiz apresenta uma programa\u00e7\u00e3o variada, que inclui teatro, m\u00fasica, dan\u00e7a, cinema e teatro infantil. O Teatro S\u00e3o Luiz tamb\u00e9m \u00e9 um espa\u00e7o de experimenta\u00e7\u00e3o e inova\u00e7\u00e3o art\u00edstica.<\/p>\n","protected":false},"excerpt":{"rendered":"<p>Espet\u00e1culo ser\u00e1 realizado no dia 7 de setembro, \u00e0s 19h30, na Sala M\u00e1rio Viegas O Teatro S\u00e3o Luiz apresenta, em antestreia, a \u00f3pera filmada virino kaj naturo #, com m\u00fasica [&hellip;]<\/p>\n","protected":false},"author":3,"featured_media":0,"comment_status":"closed","ping_status":"closed","sticky":false,"template":"","format":"standard","meta":{"_exactmetrics_skip_tracking":false,"_exactmetrics_sitenote_active":false,"_exactmetrics_sitenote_note":"","_exactmetrics_sitenote_category":0,"_uf_show_specific_survey":0,"_uf_disable_surveys":false,"footnotes":""},"categories":[1],"tags":[552],"class_list":["post-7995","post","type-post","status-publish","format-standard","hentry","category-sem-categoria","tag-teatro-sao-luiz"],"yoast_head":"<!-- This site is optimized with the Yoast SEO plugin v27.3 - https:\/\/yoast.com\/product\/yoast-seo-wordpress\/ -->\n<title>Teatro S\u00e3o Luiz apresenta \u00f3pera ecofeminista virino kaj naturo<\/title>\n<meta name=\"description\" content=\"A \u00f3pera \u00e9 um espet\u00e1culo ecofeminista e ecomulherista, que foca o paralelismo entre a subjuga\u00e7\u00e3o e manipula\u00e7\u00e3o..\" \/>\n<meta name=\"robots\" content=\"index, follow, max-snippet:-1, max-image-preview:large, max-video-preview:-1\" \/>\n<link rel=\"canonical\" href=\"https:\/\/arte351.pt\/art\/2023\/08\/15\/teatro-sao-luiz-apresenta-opera-ecofeminista-virino-kaj-naturo\/\" \/>\n<meta property=\"og:locale\" content=\"pt_BR\" \/>\n<meta property=\"og:type\" content=\"article\" \/>\n<meta property=\"og:title\" content=\"Teatro S\u00e3o Luiz apresenta \u00f3pera ecofeminista virino kaj naturo\" \/>\n<meta property=\"og:description\" content=\"A \u00f3pera \u00e9 um espet\u00e1culo ecofeminista e ecomulherista, que foca o paralelismo entre a subjuga\u00e7\u00e3o e manipula\u00e7\u00e3o..\" \/>\n<meta property=\"og:url\" content=\"https:\/\/arte351.pt\/art\/2023\/08\/15\/teatro-sao-luiz-apresenta-opera-ecofeminista-virino-kaj-naturo\/\" \/>\n<meta property=\"og:site_name\" content=\"Arte351 - Art Magazine Portugal\" \/>\n<meta property=\"article:publisher\" content=\"https:\/\/www.facebook.com\/arte351magazine\/\" \/>\n<meta property=\"article:published_time\" content=\"2023-08-15T18:58:57+00:00\" \/>\n<meta property=\"article:modified_time\" content=\"2023-08-16T19:02:22+00:00\" \/>\n<meta name=\"author\" content=\"Equipa Arte351\" \/>\n<meta name=\"twitter:label1\" content=\"Escrito por\" \/>\n\t<meta name=\"twitter:data1\" content=\"Equipa Arte351\" \/>\n\t<meta name=\"twitter:label2\" content=\"Est. tempo de leitura\" \/>\n\t<meta name=\"twitter:data2\" content=\"3 minutos\" \/>\n<script type=\"application\/ld+json\" class=\"yoast-schema-graph\">{\"@context\":\"https:\\\/\\\/schema.org\",\"@graph\":[{\"@type\":\"Article\",\"@id\":\"https:\\\/\\\/arte351.pt\\\/art\\\/2023\\\/08\\\/15\\\/teatro-sao-luiz-apresenta-opera-ecofeminista-virino-kaj-naturo\\\/#article\",\"isPartOf\":{\"@id\":\"https:\\\/\\\/arte351.pt\\\/art\\\/2023\\\/08\\\/15\\\/teatro-sao-luiz-apresenta-opera-ecofeminista-virino-kaj-naturo\\\/\"},\"author\":{\"name\":\"Equipa Arte351\",\"@id\":\"https:\\\/\\\/arte351.pt\\\/art\\\/#\\\/schema\\\/person\\\/f2cfae59497206be61c53c217757b930\"},\"headline\":\"Teatro S\u00e3o Luiz apresenta \u00f3pera ecofeminista virino kaj naturo\",\"datePublished\":\"2023-08-15T18:58:57+00:00\",\"dateModified\":\"2023-08-16T19:02:22+00:00\",\"mainEntityOfPage\":{\"@id\":\"https:\\\/\\\/arte351.pt\\\/art\\\/2023\\\/08\\\/15\\\/teatro-sao-luiz-apresenta-opera-ecofeminista-virino-kaj-naturo\\\/\"},\"wordCount\":420,\"publisher\":{\"@id\":\"https:\\\/\\\/arte351.pt\\\/art\\\/#organization\"},\"keywords\":[\"Teatro S\u00e3o Luiz\"],\"articleSection\":[\"Blog ARTE-351\"],\"inLanguage\":\"pt-BR\"},{\"@type\":\"WebPage\",\"@id\":\"https:\\\/\\\/arte351.pt\\\/art\\\/2023\\\/08\\\/15\\\/teatro-sao-luiz-apresenta-opera-ecofeminista-virino-kaj-naturo\\\/\",\"url\":\"https:\\\/\\\/arte351.pt\\\/art\\\/2023\\\/08\\\/15\\\/teatro-sao-luiz-apresenta-opera-ecofeminista-virino-kaj-naturo\\\/\",\"name\":\"Teatro S\u00e3o Luiz apresenta \u00f3pera ecofeminista virino kaj naturo\",\"isPartOf\":{\"@id\":\"https:\\\/\\\/arte351.pt\\\/art\\\/#website\"},\"datePublished\":\"2023-08-15T18:58:57+00:00\",\"dateModified\":\"2023-08-16T19:02:22+00:00\",\"description\":\"A \u00f3pera \u00e9 um espet\u00e1culo ecofeminista e ecomulherista, que foca o paralelismo entre a subjuga\u00e7\u00e3o e manipula\u00e7\u00e3o..\",\"breadcrumb\":{\"@id\":\"https:\\\/\\\/arte351.pt\\\/art\\\/2023\\\/08\\\/15\\\/teatro-sao-luiz-apresenta-opera-ecofeminista-virino-kaj-naturo\\\/#breadcrumb\"},\"inLanguage\":\"pt-BR\",\"potentialAction\":[{\"@type\":\"ReadAction\",\"target\":[\"https:\\\/\\\/arte351.pt\\\/art\\\/2023\\\/08\\\/15\\\/teatro-sao-luiz-apresenta-opera-ecofeminista-virino-kaj-naturo\\\/\"]}]},{\"@type\":\"BreadcrumbList\",\"@id\":\"https:\\\/\\\/arte351.pt\\\/art\\\/2023\\\/08\\\/15\\\/teatro-sao-luiz-apresenta-opera-ecofeminista-virino-kaj-naturo\\\/#breadcrumb\",\"itemListElement\":[{\"@type\":\"ListItem\",\"position\":1,\"name\":\"In\u00edcio\",\"item\":\"https:\\\/\\\/arte351.pt\\\/art\\\/\"},{\"@type\":\"ListItem\",\"position\":2,\"name\":\"Teatro S\u00e3o Luiz apresenta \u00f3pera ecofeminista virino kaj naturo\"}]},{\"@type\":\"WebSite\",\"@id\":\"https:\\\/\\\/arte351.pt\\\/art\\\/#website\",\"url\":\"https:\\\/\\\/arte351.pt\\\/art\\\/\",\"name\":\"Arte351 - Art Magazine Portugal\",\"description\":\"\",\"publisher\":{\"@id\":\"https:\\\/\\\/arte351.pt\\\/art\\\/#organization\"},\"potentialAction\":[{\"@type\":\"SearchAction\",\"target\":{\"@type\":\"EntryPoint\",\"urlTemplate\":\"https:\\\/\\\/arte351.pt\\\/art\\\/?s={search_term_string}\"},\"query-input\":{\"@type\":\"PropertyValueSpecification\",\"valueRequired\":true,\"valueName\":\"search_term_string\"}}],\"inLanguage\":\"pt-BR\"},{\"@type\":\"Organization\",\"@id\":\"https:\\\/\\\/arte351.pt\\\/art\\\/#organization\",\"name\":\"Arte351 - Art Magazine Portugal\",\"url\":\"https:\\\/\\\/arte351.pt\\\/art\\\/\",\"logo\":{\"@type\":\"ImageObject\",\"inLanguage\":\"pt-BR\",\"@id\":\"https:\\\/\\\/arte351.pt\\\/art\\\/#\\\/schema\\\/logo\\\/image\\\/\",\"url\":\"https:\\\/\\\/arte351.pt\\\/art\\\/wp-content\\\/uploads\\\/2020\\\/03\\\/cropped-logo-arte351-color.png\",\"contentUrl\":\"https:\\\/\\\/arte351.pt\\\/art\\\/wp-content\\\/uploads\\\/2020\\\/03\\\/cropped-logo-arte351-color.png\",\"width\":514,\"height\":200,\"caption\":\"Arte351 - Art Magazine Portugal\"},\"image\":{\"@id\":\"https:\\\/\\\/arte351.pt\\\/art\\\/#\\\/schema\\\/logo\\\/image\\\/\"},\"sameAs\":[\"https:\\\/\\\/www.facebook.com\\\/arte351magazine\\\/\"]},{\"@type\":\"Person\",\"@id\":\"https:\\\/\\\/arte351.pt\\\/art\\\/#\\\/schema\\\/person\\\/f2cfae59497206be61c53c217757b930\",\"name\":\"Equipa Arte351\",\"image\":{\"@type\":\"ImageObject\",\"inLanguage\":\"pt-BR\",\"@id\":\"https:\\\/\\\/secure.gravatar.com\\\/avatar\\\/6caca56323d52e15e83fc5635240c86f7e52fd46fa8d5df9a709d99f5aa1638e?s=96&d=mm&r=g\",\"url\":\"https:\\\/\\\/secure.gravatar.com\\\/avatar\\\/6caca56323d52e15e83fc5635240c86f7e52fd46fa8d5df9a709d99f5aa1638e?s=96&d=mm&r=g\",\"contentUrl\":\"https:\\\/\\\/secure.gravatar.com\\\/avatar\\\/6caca56323d52e15e83fc5635240c86f7e52fd46fa8d5df9a709d99f5aa1638e?s=96&d=mm&r=g\",\"caption\":\"Equipa Arte351\"},\"url\":\"https:\\\/\\\/arte351.pt\\\/art\\\/author\\\/caroleenbass\\\/\"}]}<\/script>\n<!-- \/ Yoast SEO plugin. -->","yoast_head_json":{"title":"Teatro S\u00e3o Luiz apresenta \u00f3pera ecofeminista virino kaj naturo","description":"A \u00f3pera \u00e9 um espet\u00e1culo ecofeminista e ecomulherista, que foca o paralelismo entre a subjuga\u00e7\u00e3o e manipula\u00e7\u00e3o..","robots":{"index":"index","follow":"follow","max-snippet":"max-snippet:-1","max-image-preview":"max-image-preview:large","max-video-preview":"max-video-preview:-1"},"canonical":"https:\/\/arte351.pt\/art\/2023\/08\/15\/teatro-sao-luiz-apresenta-opera-ecofeminista-virino-kaj-naturo\/","og_locale":"pt_BR","og_type":"article","og_title":"Teatro S\u00e3o Luiz apresenta \u00f3pera ecofeminista virino kaj naturo","og_description":"A \u00f3pera \u00e9 um espet\u00e1culo ecofeminista e ecomulherista, que foca o paralelismo entre a subjuga\u00e7\u00e3o e manipula\u00e7\u00e3o..","og_url":"https:\/\/arte351.pt\/art\/2023\/08\/15\/teatro-sao-luiz-apresenta-opera-ecofeminista-virino-kaj-naturo\/","og_site_name":"Arte351 - Art Magazine Portugal","article_publisher":"https:\/\/www.facebook.com\/arte351magazine\/","article_published_time":"2023-08-15T18:58:57+00:00","article_modified_time":"2023-08-16T19:02:22+00:00","author":"Equipa Arte351","twitter_misc":{"Escrito por":"Equipa Arte351","Est. tempo de leitura":"3 minutos"},"schema":{"@context":"https:\/\/schema.org","@graph":[{"@type":"Article","@id":"https:\/\/arte351.pt\/art\/2023\/08\/15\/teatro-sao-luiz-apresenta-opera-ecofeminista-virino-kaj-naturo\/#article","isPartOf":{"@id":"https:\/\/arte351.pt\/art\/2023\/08\/15\/teatro-sao-luiz-apresenta-opera-ecofeminista-virino-kaj-naturo\/"},"author":{"name":"Equipa Arte351","@id":"https:\/\/arte351.pt\/art\/#\/schema\/person\/f2cfae59497206be61c53c217757b930"},"headline":"Teatro S\u00e3o Luiz apresenta \u00f3pera ecofeminista virino kaj naturo","datePublished":"2023-08-15T18:58:57+00:00","dateModified":"2023-08-16T19:02:22+00:00","mainEntityOfPage":{"@id":"https:\/\/arte351.pt\/art\/2023\/08\/15\/teatro-sao-luiz-apresenta-opera-ecofeminista-virino-kaj-naturo\/"},"wordCount":420,"publisher":{"@id":"https:\/\/arte351.pt\/art\/#organization"},"keywords":["Teatro S\u00e3o Luiz"],"articleSection":["Blog ARTE-351"],"inLanguage":"pt-BR"},{"@type":"WebPage","@id":"https:\/\/arte351.pt\/art\/2023\/08\/15\/teatro-sao-luiz-apresenta-opera-ecofeminista-virino-kaj-naturo\/","url":"https:\/\/arte351.pt\/art\/2023\/08\/15\/teatro-sao-luiz-apresenta-opera-ecofeminista-virino-kaj-naturo\/","name":"Teatro S\u00e3o Luiz apresenta \u00f3pera ecofeminista virino kaj naturo","isPartOf":{"@id":"https:\/\/arte351.pt\/art\/#website"},"datePublished":"2023-08-15T18:58:57+00:00","dateModified":"2023-08-16T19:02:22+00:00","description":"A \u00f3pera \u00e9 um espet\u00e1culo ecofeminista e ecomulherista, que foca o paralelismo entre a subjuga\u00e7\u00e3o e manipula\u00e7\u00e3o..","breadcrumb":{"@id":"https:\/\/arte351.pt\/art\/2023\/08\/15\/teatro-sao-luiz-apresenta-opera-ecofeminista-virino-kaj-naturo\/#breadcrumb"},"inLanguage":"pt-BR","potentialAction":[{"@type":"ReadAction","target":["https:\/\/arte351.pt\/art\/2023\/08\/15\/teatro-sao-luiz-apresenta-opera-ecofeminista-virino-kaj-naturo\/"]}]},{"@type":"BreadcrumbList","@id":"https:\/\/arte351.pt\/art\/2023\/08\/15\/teatro-sao-luiz-apresenta-opera-ecofeminista-virino-kaj-naturo\/#breadcrumb","itemListElement":[{"@type":"ListItem","position":1,"name":"In\u00edcio","item":"https:\/\/arte351.pt\/art\/"},{"@type":"ListItem","position":2,"name":"Teatro S\u00e3o Luiz apresenta \u00f3pera ecofeminista virino kaj naturo"}]},{"@type":"WebSite","@id":"https:\/\/arte351.pt\/art\/#website","url":"https:\/\/arte351.pt\/art\/","name":"Arte351 - Art Magazine Portugal","description":"","publisher":{"@id":"https:\/\/arte351.pt\/art\/#organization"},"potentialAction":[{"@type":"SearchAction","target":{"@type":"EntryPoint","urlTemplate":"https:\/\/arte351.pt\/art\/?s={search_term_string}"},"query-input":{"@type":"PropertyValueSpecification","valueRequired":true,"valueName":"search_term_string"}}],"inLanguage":"pt-BR"},{"@type":"Organization","@id":"https:\/\/arte351.pt\/art\/#organization","name":"Arte351 - Art Magazine Portugal","url":"https:\/\/arte351.pt\/art\/","logo":{"@type":"ImageObject","inLanguage":"pt-BR","@id":"https:\/\/arte351.pt\/art\/#\/schema\/logo\/image\/","url":"https:\/\/arte351.pt\/art\/wp-content\/uploads\/2020\/03\/cropped-logo-arte351-color.png","contentUrl":"https:\/\/arte351.pt\/art\/wp-content\/uploads\/2020\/03\/cropped-logo-arte351-color.png","width":514,"height":200,"caption":"Arte351 - Art Magazine Portugal"},"image":{"@id":"https:\/\/arte351.pt\/art\/#\/schema\/logo\/image\/"},"sameAs":["https:\/\/www.facebook.com\/arte351magazine\/"]},{"@type":"Person","@id":"https:\/\/arte351.pt\/art\/#\/schema\/person\/f2cfae59497206be61c53c217757b930","name":"Equipa Arte351","image":{"@type":"ImageObject","inLanguage":"pt-BR","@id":"https:\/\/secure.gravatar.com\/avatar\/6caca56323d52e15e83fc5635240c86f7e52fd46fa8d5df9a709d99f5aa1638e?s=96&d=mm&r=g","url":"https:\/\/secure.gravatar.com\/avatar\/6caca56323d52e15e83fc5635240c86f7e52fd46fa8d5df9a709d99f5aa1638e?s=96&d=mm&r=g","contentUrl":"https:\/\/secure.gravatar.com\/avatar\/6caca56323d52e15e83fc5635240c86f7e52fd46fa8d5df9a709d99f5aa1638e?s=96&d=mm&r=g","caption":"Equipa Arte351"},"url":"https:\/\/arte351.pt\/art\/author\/caroleenbass\/"}]}},"_links":{"self":[{"href":"https:\/\/arte351.pt\/art\/wp-json\/wp\/v2\/posts\/7995","targetHints":{"allow":["GET"]}}],"collection":[{"href":"https:\/\/arte351.pt\/art\/wp-json\/wp\/v2\/posts"}],"about":[{"href":"https:\/\/arte351.pt\/art\/wp-json\/wp\/v2\/types\/post"}],"author":[{"embeddable":true,"href":"https:\/\/arte351.pt\/art\/wp-json\/wp\/v2\/users\/3"}],"replies":[{"embeddable":true,"href":"https:\/\/arte351.pt\/art\/wp-json\/wp\/v2\/comments?post=7995"}],"version-history":[{"count":1,"href":"https:\/\/arte351.pt\/art\/wp-json\/wp\/v2\/posts\/7995\/revisions"}],"predecessor-version":[{"id":7996,"href":"https:\/\/arte351.pt\/art\/wp-json\/wp\/v2\/posts\/7995\/revisions\/7996"}],"wp:attachment":[{"href":"https:\/\/arte351.pt\/art\/wp-json\/wp\/v2\/media?parent=7995"}],"wp:term":[{"taxonomy":"category","embeddable":true,"href":"https:\/\/arte351.pt\/art\/wp-json\/wp\/v2\/categories?post=7995"},{"taxonomy":"post_tag","embeddable":true,"href":"https:\/\/arte351.pt\/art\/wp-json\/wp\/v2\/tags?post=7995"}],"curies":[{"name":"wp","href":"https:\/\/api.w.org\/{rel}","templated":true}]}}