{"id":8129,"date":"2023-09-20T08:11:37","date_gmt":"2023-09-20T08:11:37","guid":{"rendered":"https:\/\/arte351.pt\/art\/?p=8129"},"modified":"2023-09-11T13:29:37","modified_gmt":"2023-09-11T13:29:37","slug":"exposicao-de-arte-politica-de-christopher-sperandio-inaugura-em-lisboa","status":"publish","type":"post","link":"https:\/\/arte351.pt\/art\/2023\/09\/20\/exposicao-de-arte-politica-de-christopher-sperandio-inaugura-em-lisboa\/","title":{"rendered":"Exposi\u00e7\u00e3o de arte pol\u00edtica de Christopher Sperandio inaugura em Lisboa"},"content":{"rendered":"<p data-sourcepos=\"3:1-3:183\">A Tinta nos Nervos, galeria de arte em Lisboa, inaugura, no dia 23 de Setembro, a exposi\u00e7\u00e3o &#8220;Pinko Joe: A Arte Pol\u00edtica de Christopher Sperandio&#8221;.<\/p>\n<p data-sourcepos=\"5:1-5:174\">A exposi\u00e7\u00e3o, que estar\u00e1 patente at\u00e9 29 de Outubro, re\u00fane obras do artista e professor americano Christopher Sperandio, que exploram temas pol\u00edticos e sociais atrav\u00e9s da arte.<\/p>\n<p data-sourcepos=\"7:1-7:211\">&#8220;A minha obra \u00e9 uma forma de resist\u00eancia ao fascismo&#8221;, afirma Sperandio. &#8220;Acredito que a arte pode ser um instrumento de mudan\u00e7a social e que \u00e9 importante usar a nossa voz para denunciar as injusti\u00e7as do mundo.&#8221;<\/p>\n<p data-sourcepos=\"9:1-9:39\">A exposi\u00e7\u00e3o \u00e9 dividida em tr\u00eas sec\u00e7\u00f5es:<\/p>\n<ul data-sourcepos=\"11:1-14:0\">\n<li data-sourcepos=\"11:1-11:98\"><strong>Active Shooter:<\/strong><span>\u00a0<\/span>uma reflex\u00e3o c\u00f3mica sobre a epidemia de viol\u00eancia armada nos Estados Unidos.<\/li>\n<li data-sourcepos=\"12:1-12:129\"><strong>Impress\u00f5es risogr\u00e1ficas:<\/strong><span>\u00a0<\/span>par\u00f3dias de an\u00fancios dos anos 1970 a produtos Hostess usando personagens da Marvel e da DC Comics.<\/li>\n<li data-sourcepos=\"13:1-14:0\"><strong>Pr\u00e1tica di\u00e1ria do desenho:<\/strong><span>\u00a0<\/span>selec\u00e7\u00e3o de 48 estampas produzidas pelo artista a partir de publica\u00e7\u00f5es di\u00e1rias no Instagram.<\/li>\n<\/ul>\n<p data-sourcepos=\"15:1-15:305\">Sperandio \u00e9 Professor Associado de arte na Rice University, em Houston, Texas, onde fundou o Comic Art Teaching and Study Workshop em 2015. As suas obras t\u00eam sido expostas em museus e centros de arte de todo o mundo, tendo sido comissariadas pelo MoMA\/PS1, ou o Instituto de Arte Contempor\u00e2nea de Londres.<\/p>\n<p data-sourcepos=\"17:1-17:83\">A inaugura\u00e7\u00e3o da exposi\u00e7\u00e3o ser\u00e1 no dia 23 de Setembro, \u00e0s 16h, na Tinta nos Nervos.<\/p>\n<p>&nbsp;<\/p>\n<h3>Exposi\u00e7\u00e3o de arte pol\u00edtica de Christopher Sperandio inaugura em Lisboa<\/h3>\n<p>A Tinta nos Nervos, galeria de arte em Lisboa, inaugura, no dia 23 de Setembro, a exposi\u00e7\u00e3o &#8220;Pinko Joe: A Arte Pol\u00edtica de Christopher Sperandio&#8221;.<\/p>\n<p>A exposi\u00e7\u00e3o re\u00fane obras do artista e professor americano Christopher Sperandio, que exploram temas pol\u00edticos e sociais atrav\u00e9s da arte. A exposi\u00e7\u00e3o \u00e9 uma oportunidade de conhecer o trabalho de um artista comprometido com a justi\u00e7a social.<\/p>\n<p data-sourcepos=\"34:1-34:23\">\n<p data-sourcepos=\"34:1-34:23\"><strong>Outras informa\u00e7\u00f5es:<\/strong><\/p>\n<ul data-sourcepos=\"36:1-38:0\">\n<li data-sourcepos=\"36:1-36:101\">A exposi\u00e7\u00e3o est\u00e1 patente de segunda-feira a s\u00e1bado, das 10h \u00e0s 19h, e aos domingos, das 11h \u00e0s 19h.<\/li>\n<li data-sourcepos=\"37:1-38:0\">A inaugura\u00e7\u00e3o da exposi\u00e7\u00e3o ser\u00e1 no dia 23 de Setembro, \u00e0s 16h, na Tinta nos Nervos \u00b7 Rua da Esperan\u00e7a 39 \u00b7 Lisboa 1200-655 \u00b7 Portugal<\/li>\n<\/ul>\n","protected":false},"excerpt":{"rendered":"<p>A Tinta nos Nervos, galeria de arte em Lisboa, inaugura, no dia 23 de Setembro, a exposi\u00e7\u00e3o &#8220;Pinko Joe: A Arte Pol\u00edtica de Christopher Sperandio&#8221;. A exposi\u00e7\u00e3o, que estar\u00e1 patente [&hellip;]<\/p>\n","protected":false},"author":3,"featured_media":0,"comment_status":"closed","ping_status":"closed","sticky":false,"template":"","format":"standard","meta":{"_exactmetrics_skip_tracking":false,"_exactmetrics_sitenote_active":false,"_exactmetrics_sitenote_note":"","_exactmetrics_sitenote_category":0,"_uf_show_specific_survey":0,"_uf_disable_surveys":false,"footnotes":""},"categories":[1],"tags":[1953,1796],"class_list":["post-8129","post","type-post","status-publish","format-standard","hentry","category-sem-categoria","tag-christopher-sperandio","tag-tinta-nos-nervos"],"yoast_head":"<!-- This site is optimized with the Yoast SEO plugin v27.3 - https:\/\/yoast.com\/product\/yoast-seo-wordpress\/ -->\n<title>Exposi\u00e7\u00e3o de arte pol\u00edtica de Christopher Sperandio inaugura em Lisboa<\/title>\n<meta name=\"description\" content=\"A exposi\u00e7\u00e3o re\u00fane obras do artista e professor americano Christopher Sperandio, que exploram temas pol\u00edticos e sociais atrav\u00e9s da arte.\" \/>\n<meta name=\"robots\" content=\"index, follow, max-snippet:-1, max-image-preview:large, max-video-preview:-1\" \/>\n<link rel=\"canonical\" href=\"https:\/\/arte351.pt\/art\/2023\/09\/20\/exposicao-de-arte-politica-de-christopher-sperandio-inaugura-em-lisboa\/\" \/>\n<meta property=\"og:locale\" content=\"pt_BR\" \/>\n<meta property=\"og:type\" content=\"article\" \/>\n<meta property=\"og:title\" content=\"Exposi\u00e7\u00e3o de arte pol\u00edtica de Christopher Sperandio inaugura em Lisboa\" \/>\n<meta property=\"og:description\" content=\"A exposi\u00e7\u00e3o re\u00fane obras do artista e professor americano Christopher Sperandio, que exploram temas pol\u00edticos e sociais atrav\u00e9s da arte.\" \/>\n<meta property=\"og:url\" content=\"https:\/\/arte351.pt\/art\/2023\/09\/20\/exposicao-de-arte-politica-de-christopher-sperandio-inaugura-em-lisboa\/\" \/>\n<meta property=\"og:site_name\" content=\"Arte351 - Art Magazine Portugal\" \/>\n<meta property=\"article:publisher\" content=\"https:\/\/www.facebook.com\/arte351magazine\/\" \/>\n<meta property=\"article:published_time\" content=\"2023-09-20T08:11:37+00:00\" \/>\n<meta name=\"author\" content=\"Equipa Arte351\" \/>\n<meta name=\"twitter:label1\" content=\"Escrito por\" \/>\n\t<meta name=\"twitter:data1\" content=\"Equipa Arte351\" \/>\n\t<meta name=\"twitter:label2\" content=\"Est. tempo de leitura\" \/>\n\t<meta name=\"twitter:data2\" content=\"2 minutos\" \/>\n<script type=\"application\/ld+json\" class=\"yoast-schema-graph\">{\"@context\":\"https:\\\/\\\/schema.org\",\"@graph\":[{\"@type\":\"Article\",\"@id\":\"https:\\\/\\\/arte351.pt\\\/art\\\/2023\\\/09\\\/20\\\/exposicao-de-arte-politica-de-christopher-sperandio-inaugura-em-lisboa\\\/#article\",\"isPartOf\":{\"@id\":\"https:\\\/\\\/arte351.pt\\\/art\\\/2023\\\/09\\\/20\\\/exposicao-de-arte-politica-de-christopher-sperandio-inaugura-em-lisboa\\\/\"},\"author\":{\"name\":\"Equipa Arte351\",\"@id\":\"https:\\\/\\\/arte351.pt\\\/art\\\/#\\\/schema\\\/person\\\/f2cfae59497206be61c53c217757b930\"},\"headline\":\"Exposi\u00e7\u00e3o de arte pol\u00edtica de Christopher Sperandio inaugura em Lisboa\",\"datePublished\":\"2023-09-20T08:11:37+00:00\",\"mainEntityOfPage\":{\"@id\":\"https:\\\/\\\/arte351.pt\\\/art\\\/2023\\\/09\\\/20\\\/exposicao-de-arte-politica-de-christopher-sperandio-inaugura-em-lisboa\\\/\"},\"wordCount\":375,\"publisher\":{\"@id\":\"https:\\\/\\\/arte351.pt\\\/art\\\/#organization\"},\"keywords\":[\"Christopher Sperandio\",\"Tinta nos Nervos\"],\"articleSection\":[\"Blog ARTE-351\"],\"inLanguage\":\"pt-BR\"},{\"@type\":\"WebPage\",\"@id\":\"https:\\\/\\\/arte351.pt\\\/art\\\/2023\\\/09\\\/20\\\/exposicao-de-arte-politica-de-christopher-sperandio-inaugura-em-lisboa\\\/\",\"url\":\"https:\\\/\\\/arte351.pt\\\/art\\\/2023\\\/09\\\/20\\\/exposicao-de-arte-politica-de-christopher-sperandio-inaugura-em-lisboa\\\/\",\"name\":\"Exposi\u00e7\u00e3o de arte pol\u00edtica de Christopher Sperandio inaugura em Lisboa\",\"isPartOf\":{\"@id\":\"https:\\\/\\\/arte351.pt\\\/art\\\/#website\"},\"datePublished\":\"2023-09-20T08:11:37+00:00\",\"description\":\"A exposi\u00e7\u00e3o re\u00fane obras do artista e professor americano Christopher Sperandio, que exploram temas pol\u00edticos e sociais atrav\u00e9s da arte.\",\"breadcrumb\":{\"@id\":\"https:\\\/\\\/arte351.pt\\\/art\\\/2023\\\/09\\\/20\\\/exposicao-de-arte-politica-de-christopher-sperandio-inaugura-em-lisboa\\\/#breadcrumb\"},\"inLanguage\":\"pt-BR\",\"potentialAction\":[{\"@type\":\"ReadAction\",\"target\":[\"https:\\\/\\\/arte351.pt\\\/art\\\/2023\\\/09\\\/20\\\/exposicao-de-arte-politica-de-christopher-sperandio-inaugura-em-lisboa\\\/\"]}]},{\"@type\":\"BreadcrumbList\",\"@id\":\"https:\\\/\\\/arte351.pt\\\/art\\\/2023\\\/09\\\/20\\\/exposicao-de-arte-politica-de-christopher-sperandio-inaugura-em-lisboa\\\/#breadcrumb\",\"itemListElement\":[{\"@type\":\"ListItem\",\"position\":1,\"name\":\"In\u00edcio\",\"item\":\"https:\\\/\\\/arte351.pt\\\/art\\\/\"},{\"@type\":\"ListItem\",\"position\":2,\"name\":\"Exposi\u00e7\u00e3o de arte pol\u00edtica de Christopher Sperandio inaugura em Lisboa\"}]},{\"@type\":\"WebSite\",\"@id\":\"https:\\\/\\\/arte351.pt\\\/art\\\/#website\",\"url\":\"https:\\\/\\\/arte351.pt\\\/art\\\/\",\"name\":\"Arte351 - Art Magazine Portugal\",\"description\":\"\",\"publisher\":{\"@id\":\"https:\\\/\\\/arte351.pt\\\/art\\\/#organization\"},\"potentialAction\":[{\"@type\":\"SearchAction\",\"target\":{\"@type\":\"EntryPoint\",\"urlTemplate\":\"https:\\\/\\\/arte351.pt\\\/art\\\/?s={search_term_string}\"},\"query-input\":{\"@type\":\"PropertyValueSpecification\",\"valueRequired\":true,\"valueName\":\"search_term_string\"}}],\"inLanguage\":\"pt-BR\"},{\"@type\":\"Organization\",\"@id\":\"https:\\\/\\\/arte351.pt\\\/art\\\/#organization\",\"name\":\"Arte351 - Art Magazine Portugal\",\"url\":\"https:\\\/\\\/arte351.pt\\\/art\\\/\",\"logo\":{\"@type\":\"ImageObject\",\"inLanguage\":\"pt-BR\",\"@id\":\"https:\\\/\\\/arte351.pt\\\/art\\\/#\\\/schema\\\/logo\\\/image\\\/\",\"url\":\"https:\\\/\\\/arte351.pt\\\/art\\\/wp-content\\\/uploads\\\/2020\\\/03\\\/cropped-logo-arte351-color.png\",\"contentUrl\":\"https:\\\/\\\/arte351.pt\\\/art\\\/wp-content\\\/uploads\\\/2020\\\/03\\\/cropped-logo-arte351-color.png\",\"width\":514,\"height\":200,\"caption\":\"Arte351 - Art Magazine Portugal\"},\"image\":{\"@id\":\"https:\\\/\\\/arte351.pt\\\/art\\\/#\\\/schema\\\/logo\\\/image\\\/\"},\"sameAs\":[\"https:\\\/\\\/www.facebook.com\\\/arte351magazine\\\/\"]},{\"@type\":\"Person\",\"@id\":\"https:\\\/\\\/arte351.pt\\\/art\\\/#\\\/schema\\\/person\\\/f2cfae59497206be61c53c217757b930\",\"name\":\"Equipa Arte351\",\"image\":{\"@type\":\"ImageObject\",\"inLanguage\":\"pt-BR\",\"@id\":\"https:\\\/\\\/secure.gravatar.com\\\/avatar\\\/6caca56323d52e15e83fc5635240c86f7e52fd46fa8d5df9a709d99f5aa1638e?s=96&d=mm&r=g\",\"url\":\"https:\\\/\\\/secure.gravatar.com\\\/avatar\\\/6caca56323d52e15e83fc5635240c86f7e52fd46fa8d5df9a709d99f5aa1638e?s=96&d=mm&r=g\",\"contentUrl\":\"https:\\\/\\\/secure.gravatar.com\\\/avatar\\\/6caca56323d52e15e83fc5635240c86f7e52fd46fa8d5df9a709d99f5aa1638e?s=96&d=mm&r=g\",\"caption\":\"Equipa Arte351\"},\"url\":\"https:\\\/\\\/arte351.pt\\\/art\\\/author\\\/caroleenbass\\\/\"}]}<\/script>\n<!-- \/ Yoast SEO plugin. -->","yoast_head_json":{"title":"Exposi\u00e7\u00e3o de arte pol\u00edtica de Christopher Sperandio inaugura em Lisboa","description":"A exposi\u00e7\u00e3o re\u00fane obras do artista e professor americano Christopher Sperandio, que exploram temas pol\u00edticos e sociais atrav\u00e9s da arte.","robots":{"index":"index","follow":"follow","max-snippet":"max-snippet:-1","max-image-preview":"max-image-preview:large","max-video-preview":"max-video-preview:-1"},"canonical":"https:\/\/arte351.pt\/art\/2023\/09\/20\/exposicao-de-arte-politica-de-christopher-sperandio-inaugura-em-lisboa\/","og_locale":"pt_BR","og_type":"article","og_title":"Exposi\u00e7\u00e3o de arte pol\u00edtica de Christopher Sperandio inaugura em Lisboa","og_description":"A exposi\u00e7\u00e3o re\u00fane obras do artista e professor americano Christopher Sperandio, que exploram temas pol\u00edticos e sociais atrav\u00e9s da arte.","og_url":"https:\/\/arte351.pt\/art\/2023\/09\/20\/exposicao-de-arte-politica-de-christopher-sperandio-inaugura-em-lisboa\/","og_site_name":"Arte351 - Art Magazine Portugal","article_publisher":"https:\/\/www.facebook.com\/arte351magazine\/","article_published_time":"2023-09-20T08:11:37+00:00","author":"Equipa Arte351","twitter_misc":{"Escrito por":"Equipa Arte351","Est. tempo de leitura":"2 minutos"},"schema":{"@context":"https:\/\/schema.org","@graph":[{"@type":"Article","@id":"https:\/\/arte351.pt\/art\/2023\/09\/20\/exposicao-de-arte-politica-de-christopher-sperandio-inaugura-em-lisboa\/#article","isPartOf":{"@id":"https:\/\/arte351.pt\/art\/2023\/09\/20\/exposicao-de-arte-politica-de-christopher-sperandio-inaugura-em-lisboa\/"},"author":{"name":"Equipa Arte351","@id":"https:\/\/arte351.pt\/art\/#\/schema\/person\/f2cfae59497206be61c53c217757b930"},"headline":"Exposi\u00e7\u00e3o de arte pol\u00edtica de Christopher Sperandio inaugura em Lisboa","datePublished":"2023-09-20T08:11:37+00:00","mainEntityOfPage":{"@id":"https:\/\/arte351.pt\/art\/2023\/09\/20\/exposicao-de-arte-politica-de-christopher-sperandio-inaugura-em-lisboa\/"},"wordCount":375,"publisher":{"@id":"https:\/\/arte351.pt\/art\/#organization"},"keywords":["Christopher Sperandio","Tinta nos Nervos"],"articleSection":["Blog ARTE-351"],"inLanguage":"pt-BR"},{"@type":"WebPage","@id":"https:\/\/arte351.pt\/art\/2023\/09\/20\/exposicao-de-arte-politica-de-christopher-sperandio-inaugura-em-lisboa\/","url":"https:\/\/arte351.pt\/art\/2023\/09\/20\/exposicao-de-arte-politica-de-christopher-sperandio-inaugura-em-lisboa\/","name":"Exposi\u00e7\u00e3o de arte pol\u00edtica de Christopher Sperandio inaugura em Lisboa","isPartOf":{"@id":"https:\/\/arte351.pt\/art\/#website"},"datePublished":"2023-09-20T08:11:37+00:00","description":"A exposi\u00e7\u00e3o re\u00fane obras do artista e professor americano Christopher Sperandio, que exploram temas pol\u00edticos e sociais atrav\u00e9s da arte.","breadcrumb":{"@id":"https:\/\/arte351.pt\/art\/2023\/09\/20\/exposicao-de-arte-politica-de-christopher-sperandio-inaugura-em-lisboa\/#breadcrumb"},"inLanguage":"pt-BR","potentialAction":[{"@type":"ReadAction","target":["https:\/\/arte351.pt\/art\/2023\/09\/20\/exposicao-de-arte-politica-de-christopher-sperandio-inaugura-em-lisboa\/"]}]},{"@type":"BreadcrumbList","@id":"https:\/\/arte351.pt\/art\/2023\/09\/20\/exposicao-de-arte-politica-de-christopher-sperandio-inaugura-em-lisboa\/#breadcrumb","itemListElement":[{"@type":"ListItem","position":1,"name":"In\u00edcio","item":"https:\/\/arte351.pt\/art\/"},{"@type":"ListItem","position":2,"name":"Exposi\u00e7\u00e3o de arte pol\u00edtica de Christopher Sperandio inaugura em Lisboa"}]},{"@type":"WebSite","@id":"https:\/\/arte351.pt\/art\/#website","url":"https:\/\/arte351.pt\/art\/","name":"Arte351 - Art Magazine Portugal","description":"","publisher":{"@id":"https:\/\/arte351.pt\/art\/#organization"},"potentialAction":[{"@type":"SearchAction","target":{"@type":"EntryPoint","urlTemplate":"https:\/\/arte351.pt\/art\/?s={search_term_string}"},"query-input":{"@type":"PropertyValueSpecification","valueRequired":true,"valueName":"search_term_string"}}],"inLanguage":"pt-BR"},{"@type":"Organization","@id":"https:\/\/arte351.pt\/art\/#organization","name":"Arte351 - Art Magazine Portugal","url":"https:\/\/arte351.pt\/art\/","logo":{"@type":"ImageObject","inLanguage":"pt-BR","@id":"https:\/\/arte351.pt\/art\/#\/schema\/logo\/image\/","url":"https:\/\/arte351.pt\/art\/wp-content\/uploads\/2020\/03\/cropped-logo-arte351-color.png","contentUrl":"https:\/\/arte351.pt\/art\/wp-content\/uploads\/2020\/03\/cropped-logo-arte351-color.png","width":514,"height":200,"caption":"Arte351 - Art Magazine Portugal"},"image":{"@id":"https:\/\/arte351.pt\/art\/#\/schema\/logo\/image\/"},"sameAs":["https:\/\/www.facebook.com\/arte351magazine\/"]},{"@type":"Person","@id":"https:\/\/arte351.pt\/art\/#\/schema\/person\/f2cfae59497206be61c53c217757b930","name":"Equipa Arte351","image":{"@type":"ImageObject","inLanguage":"pt-BR","@id":"https:\/\/secure.gravatar.com\/avatar\/6caca56323d52e15e83fc5635240c86f7e52fd46fa8d5df9a709d99f5aa1638e?s=96&d=mm&r=g","url":"https:\/\/secure.gravatar.com\/avatar\/6caca56323d52e15e83fc5635240c86f7e52fd46fa8d5df9a709d99f5aa1638e?s=96&d=mm&r=g","contentUrl":"https:\/\/secure.gravatar.com\/avatar\/6caca56323d52e15e83fc5635240c86f7e52fd46fa8d5df9a709d99f5aa1638e?s=96&d=mm&r=g","caption":"Equipa Arte351"},"url":"https:\/\/arte351.pt\/art\/author\/caroleenbass\/"}]}},"_links":{"self":[{"href":"https:\/\/arte351.pt\/art\/wp-json\/wp\/v2\/posts\/8129","targetHints":{"allow":["GET"]}}],"collection":[{"href":"https:\/\/arte351.pt\/art\/wp-json\/wp\/v2\/posts"}],"about":[{"href":"https:\/\/arte351.pt\/art\/wp-json\/wp\/v2\/types\/post"}],"author":[{"embeddable":true,"href":"https:\/\/arte351.pt\/art\/wp-json\/wp\/v2\/users\/3"}],"replies":[{"embeddable":true,"href":"https:\/\/arte351.pt\/art\/wp-json\/wp\/v2\/comments?post=8129"}],"version-history":[{"count":1,"href":"https:\/\/arte351.pt\/art\/wp-json\/wp\/v2\/posts\/8129\/revisions"}],"predecessor-version":[{"id":8130,"href":"https:\/\/arte351.pt\/art\/wp-json\/wp\/v2\/posts\/8129\/revisions\/8130"}],"wp:attachment":[{"href":"https:\/\/arte351.pt\/art\/wp-json\/wp\/v2\/media?parent=8129"}],"wp:term":[{"taxonomy":"category","embeddable":true,"href":"https:\/\/arte351.pt\/art\/wp-json\/wp\/v2\/categories?post=8129"},{"taxonomy":"post_tag","embeddable":true,"href":"https:\/\/arte351.pt\/art\/wp-json\/wp\/v2\/tags?post=8129"}],"curies":[{"name":"wp","href":"https:\/\/api.w.org\/{rel}","templated":true}]}}