{"id":8131,"date":"2023-09-26T07:33:41","date_gmt":"2023-09-26T07:33:41","guid":{"rendered":"https:\/\/arte351.pt\/art\/?p=8131"},"modified":"2023-09-11T13:36:18","modified_gmt":"2023-09-11T13:36:18","slug":"exposicao-how-to-live-de-joao-motta-guedes-questiona-o-sentido-da-vida","status":"publish","type":"post","link":"https:\/\/arte351.pt\/art\/2023\/09\/26\/exposicao-how-to-live-de-joao-motta-guedes-questiona-o-sentido-da-vida\/","title":{"rendered":"Exposi\u00e7\u00e3o &#8220;How to Live?&#8221; de Jo\u00e3o Motta Guedes questiona o sentido da vida"},"content":{"rendered":"<p data-sourcepos=\"3:1-3:164\">A Galeria NAVE, em Lisboa, inaugura, no dia 28 de Setembro, a exposi\u00e7\u00e3o individual &#8220;How to Live?&#8221; do artista Jo\u00e3o Motta Guedes.<\/p>\n<p data-sourcepos=\"5:1-5:260\">A exposi\u00e7\u00e3o, que estar\u00e1 patente at\u00e9 29 de Outubro, \u00e9 uma instala\u00e7\u00e3o que explora a ideia de viagem enquanto met\u00e1fora da vida. Motta Guedes apresenta uma s\u00e9rie de obras que questionam o percurso a percorrer, o destino e os sentidos que cada pessoa d\u00e1 \u00e0 sua vida.<\/p>\n<p data-sourcepos=\"7:1-7:201\">&#8220;A exposi\u00e7\u00e3o \u00e9 um convite a uma reflex\u00e3o sobre o sentido da vida&#8221;, afirma o artista. &#8220;Atrav\u00e9s da met\u00e1fora da viagem, procuro explorar as interroga\u00e7\u00f5es que todos n\u00f3s temos sobre o nosso lugar no mundo.&#8221;<\/p>\n<p data-sourcepos=\"9:1-9:232\">A exposi\u00e7\u00e3o \u00e9 composta por uma variedade de obras, incluindo instala\u00e7\u00f5es, esculturas, fotografias, desenhos e poesia. As obras s\u00e3o apresentadas em um espa\u00e7o envolvente e sensorial, que convida o visitante a uma experi\u00eancia imersiva.<\/p>\n<p data-sourcepos=\"11:1-11:210\">&#8220;A exposi\u00e7\u00e3o \u00e9 um desafio ao espectador&#8221;, afirma a curadora da exposi\u00e7\u00e3o, Carolina Quintela. &#8220;Jo\u00e3o Motta Guedes n\u00e3o nos d\u00e1 respostas f\u00e1ceis, mas nos convida a pensar sobre o que \u00e9 realmente importante na vida.&#8221;<\/p>\n<p data-sourcepos=\"13:1-13:84\">A inaugura\u00e7\u00e3o da exposi\u00e7\u00e3o ser\u00e1 no dia 28 de Setembro, \u00e0s 19 horas, na Galeria NAVE &#8211; Travessa do Noronha, 11B &#8211;\u00a0Lisboa<\/p>\n","protected":false},"excerpt":{"rendered":"<p>A Galeria NAVE, em Lisboa, inaugura, no dia 28 de Setembro, a exposi\u00e7\u00e3o individual &#8220;How to Live?&#8221; do artista Jo\u00e3o Motta Guedes. A exposi\u00e7\u00e3o, que estar\u00e1 patente at\u00e9 29 de [&hellip;]<\/p>\n","protected":false},"author":3,"featured_media":0,"comment_status":"closed","ping_status":"closed","sticky":false,"template":"","format":"standard","meta":{"_exactmetrics_skip_tracking":false,"_exactmetrics_sitenote_active":false,"_exactmetrics_sitenote_note":"","_exactmetrics_sitenote_category":0,"_uf_show_specific_survey":0,"_uf_disable_surveys":false,"footnotes":""},"categories":[1],"tags":[1635],"class_list":["post-8131","post","type-post","status-publish","format-standard","hentry","category-sem-categoria","tag-nave-galeria"],"yoast_head":"<!-- This site is optimized with the Yoast SEO plugin v27.3 - https:\/\/yoast.com\/product\/yoast-seo-wordpress\/ -->\n<title>Exposi\u00e7\u00e3o &quot;How to Live?&quot; de Jo\u00e3o Motta Guedes questiona o sentido da vida<\/title>\n<meta name=\"description\" content=\"A Galeria NAVE, em Lisboa, inaugura, no dia 28 de Setembro, a exposi\u00e7\u00e3o individual &quot;How to Live?&quot; do artista Jo\u00e3o Motta Guedes.\" \/>\n<meta name=\"robots\" content=\"index, follow, max-snippet:-1, max-image-preview:large, max-video-preview:-1\" \/>\n<link rel=\"canonical\" href=\"https:\/\/arte351.pt\/art\/2023\/09\/26\/exposicao-how-to-live-de-joao-motta-guedes-questiona-o-sentido-da-vida\/\" \/>\n<meta property=\"og:locale\" content=\"pt_BR\" \/>\n<meta property=\"og:type\" content=\"article\" \/>\n<meta property=\"og:title\" content=\"Exposi\u00e7\u00e3o &quot;How to Live?&quot; de Jo\u00e3o Motta Guedes questiona o sentido da vida\" \/>\n<meta property=\"og:description\" content=\"A Galeria NAVE, em Lisboa, inaugura, no dia 28 de Setembro, a exposi\u00e7\u00e3o individual &quot;How to Live?&quot; do artista Jo\u00e3o Motta Guedes.\" \/>\n<meta property=\"og:url\" content=\"https:\/\/arte351.pt\/art\/2023\/09\/26\/exposicao-how-to-live-de-joao-motta-guedes-questiona-o-sentido-da-vida\/\" \/>\n<meta property=\"og:site_name\" content=\"Arte351 - Art Magazine Portugal\" \/>\n<meta property=\"article:publisher\" content=\"https:\/\/www.facebook.com\/arte351magazine\/\" \/>\n<meta property=\"article:published_time\" content=\"2023-09-26T07:33:41+00:00\" \/>\n<meta name=\"author\" content=\"Equipa Arte351\" \/>\n<meta name=\"twitter:label1\" content=\"Escrito por\" \/>\n\t<meta name=\"twitter:data1\" content=\"Equipa Arte351\" \/>\n\t<meta name=\"twitter:label2\" content=\"Est. tempo de leitura\" \/>\n\t<meta name=\"twitter:data2\" content=\"2 minutos\" \/>\n<script type=\"application\/ld+json\" class=\"yoast-schema-graph\">{\"@context\":\"https:\\\/\\\/schema.org\",\"@graph\":[{\"@type\":\"Article\",\"@id\":\"https:\\\/\\\/arte351.pt\\\/art\\\/2023\\\/09\\\/26\\\/exposicao-how-to-live-de-joao-motta-guedes-questiona-o-sentido-da-vida\\\/#article\",\"isPartOf\":{\"@id\":\"https:\\\/\\\/arte351.pt\\\/art\\\/2023\\\/09\\\/26\\\/exposicao-how-to-live-de-joao-motta-guedes-questiona-o-sentido-da-vida\\\/\"},\"author\":{\"name\":\"Equipa Arte351\",\"@id\":\"https:\\\/\\\/arte351.pt\\\/art\\\/#\\\/schema\\\/person\\\/f2cfae59497206be61c53c217757b930\"},\"headline\":\"Exposi\u00e7\u00e3o &#8220;How to Live?&#8221; de Jo\u00e3o Motta Guedes questiona o sentido da vida\",\"datePublished\":\"2023-09-26T07:33:41+00:00\",\"mainEntityOfPage\":{\"@id\":\"https:\\\/\\\/arte351.pt\\\/art\\\/2023\\\/09\\\/26\\\/exposicao-how-to-live-de-joao-motta-guedes-questiona-o-sentido-da-vida\\\/\"},\"wordCount\":225,\"publisher\":{\"@id\":\"https:\\\/\\\/arte351.pt\\\/art\\\/#organization\"},\"keywords\":[\"NAVE galeria\"],\"articleSection\":[\"Blog ARTE-351\"],\"inLanguage\":\"pt-BR\"},{\"@type\":\"WebPage\",\"@id\":\"https:\\\/\\\/arte351.pt\\\/art\\\/2023\\\/09\\\/26\\\/exposicao-how-to-live-de-joao-motta-guedes-questiona-o-sentido-da-vida\\\/\",\"url\":\"https:\\\/\\\/arte351.pt\\\/art\\\/2023\\\/09\\\/26\\\/exposicao-how-to-live-de-joao-motta-guedes-questiona-o-sentido-da-vida\\\/\",\"name\":\"Exposi\u00e7\u00e3o \\\"How to Live?\\\" de Jo\u00e3o Motta Guedes questiona o sentido da vida\",\"isPartOf\":{\"@id\":\"https:\\\/\\\/arte351.pt\\\/art\\\/#website\"},\"datePublished\":\"2023-09-26T07:33:41+00:00\",\"description\":\"A Galeria NAVE, em Lisboa, inaugura, no dia 28 de Setembro, a exposi\u00e7\u00e3o individual \\\"How to Live?\\\" do artista Jo\u00e3o Motta Guedes.\",\"breadcrumb\":{\"@id\":\"https:\\\/\\\/arte351.pt\\\/art\\\/2023\\\/09\\\/26\\\/exposicao-how-to-live-de-joao-motta-guedes-questiona-o-sentido-da-vida\\\/#breadcrumb\"},\"inLanguage\":\"pt-BR\",\"potentialAction\":[{\"@type\":\"ReadAction\",\"target\":[\"https:\\\/\\\/arte351.pt\\\/art\\\/2023\\\/09\\\/26\\\/exposicao-how-to-live-de-joao-motta-guedes-questiona-o-sentido-da-vida\\\/\"]}]},{\"@type\":\"BreadcrumbList\",\"@id\":\"https:\\\/\\\/arte351.pt\\\/art\\\/2023\\\/09\\\/26\\\/exposicao-how-to-live-de-joao-motta-guedes-questiona-o-sentido-da-vida\\\/#breadcrumb\",\"itemListElement\":[{\"@type\":\"ListItem\",\"position\":1,\"name\":\"In\u00edcio\",\"item\":\"https:\\\/\\\/arte351.pt\\\/art\\\/\"},{\"@type\":\"ListItem\",\"position\":2,\"name\":\"Exposi\u00e7\u00e3o &#8220;How to Live?&#8221; de Jo\u00e3o Motta Guedes questiona o sentido da vida\"}]},{\"@type\":\"WebSite\",\"@id\":\"https:\\\/\\\/arte351.pt\\\/art\\\/#website\",\"url\":\"https:\\\/\\\/arte351.pt\\\/art\\\/\",\"name\":\"Arte351 - Art Magazine Portugal\",\"description\":\"\",\"publisher\":{\"@id\":\"https:\\\/\\\/arte351.pt\\\/art\\\/#organization\"},\"potentialAction\":[{\"@type\":\"SearchAction\",\"target\":{\"@type\":\"EntryPoint\",\"urlTemplate\":\"https:\\\/\\\/arte351.pt\\\/art\\\/?s={search_term_string}\"},\"query-input\":{\"@type\":\"PropertyValueSpecification\",\"valueRequired\":true,\"valueName\":\"search_term_string\"}}],\"inLanguage\":\"pt-BR\"},{\"@type\":\"Organization\",\"@id\":\"https:\\\/\\\/arte351.pt\\\/art\\\/#organization\",\"name\":\"Arte351 - Art Magazine Portugal\",\"url\":\"https:\\\/\\\/arte351.pt\\\/art\\\/\",\"logo\":{\"@type\":\"ImageObject\",\"inLanguage\":\"pt-BR\",\"@id\":\"https:\\\/\\\/arte351.pt\\\/art\\\/#\\\/schema\\\/logo\\\/image\\\/\",\"url\":\"https:\\\/\\\/arte351.pt\\\/art\\\/wp-content\\\/uploads\\\/2020\\\/03\\\/cropped-logo-arte351-color.png\",\"contentUrl\":\"https:\\\/\\\/arte351.pt\\\/art\\\/wp-content\\\/uploads\\\/2020\\\/03\\\/cropped-logo-arte351-color.png\",\"width\":514,\"height\":200,\"caption\":\"Arte351 - Art Magazine Portugal\"},\"image\":{\"@id\":\"https:\\\/\\\/arte351.pt\\\/art\\\/#\\\/schema\\\/logo\\\/image\\\/\"},\"sameAs\":[\"https:\\\/\\\/www.facebook.com\\\/arte351magazine\\\/\"]},{\"@type\":\"Person\",\"@id\":\"https:\\\/\\\/arte351.pt\\\/art\\\/#\\\/schema\\\/person\\\/f2cfae59497206be61c53c217757b930\",\"name\":\"Equipa Arte351\",\"image\":{\"@type\":\"ImageObject\",\"inLanguage\":\"pt-BR\",\"@id\":\"https:\\\/\\\/secure.gravatar.com\\\/avatar\\\/6caca56323d52e15e83fc5635240c86f7e52fd46fa8d5df9a709d99f5aa1638e?s=96&d=mm&r=g\",\"url\":\"https:\\\/\\\/secure.gravatar.com\\\/avatar\\\/6caca56323d52e15e83fc5635240c86f7e52fd46fa8d5df9a709d99f5aa1638e?s=96&d=mm&r=g\",\"contentUrl\":\"https:\\\/\\\/secure.gravatar.com\\\/avatar\\\/6caca56323d52e15e83fc5635240c86f7e52fd46fa8d5df9a709d99f5aa1638e?s=96&d=mm&r=g\",\"caption\":\"Equipa Arte351\"},\"url\":\"https:\\\/\\\/arte351.pt\\\/art\\\/author\\\/caroleenbass\\\/\"}]}<\/script>\n<!-- \/ Yoast SEO plugin. -->","yoast_head_json":{"title":"Exposi\u00e7\u00e3o \"How to Live?\" de Jo\u00e3o Motta Guedes questiona o sentido da vida","description":"A Galeria NAVE, em Lisboa, inaugura, no dia 28 de Setembro, a exposi\u00e7\u00e3o individual \"How to Live?\" do artista Jo\u00e3o Motta Guedes.","robots":{"index":"index","follow":"follow","max-snippet":"max-snippet:-1","max-image-preview":"max-image-preview:large","max-video-preview":"max-video-preview:-1"},"canonical":"https:\/\/arte351.pt\/art\/2023\/09\/26\/exposicao-how-to-live-de-joao-motta-guedes-questiona-o-sentido-da-vida\/","og_locale":"pt_BR","og_type":"article","og_title":"Exposi\u00e7\u00e3o \"How to Live?\" de Jo\u00e3o Motta Guedes questiona o sentido da vida","og_description":"A Galeria NAVE, em Lisboa, inaugura, no dia 28 de Setembro, a exposi\u00e7\u00e3o individual \"How to Live?\" do artista Jo\u00e3o Motta Guedes.","og_url":"https:\/\/arte351.pt\/art\/2023\/09\/26\/exposicao-how-to-live-de-joao-motta-guedes-questiona-o-sentido-da-vida\/","og_site_name":"Arte351 - Art Magazine Portugal","article_publisher":"https:\/\/www.facebook.com\/arte351magazine\/","article_published_time":"2023-09-26T07:33:41+00:00","author":"Equipa Arte351","twitter_misc":{"Escrito por":"Equipa Arte351","Est. tempo de leitura":"2 minutos"},"schema":{"@context":"https:\/\/schema.org","@graph":[{"@type":"Article","@id":"https:\/\/arte351.pt\/art\/2023\/09\/26\/exposicao-how-to-live-de-joao-motta-guedes-questiona-o-sentido-da-vida\/#article","isPartOf":{"@id":"https:\/\/arte351.pt\/art\/2023\/09\/26\/exposicao-how-to-live-de-joao-motta-guedes-questiona-o-sentido-da-vida\/"},"author":{"name":"Equipa Arte351","@id":"https:\/\/arte351.pt\/art\/#\/schema\/person\/f2cfae59497206be61c53c217757b930"},"headline":"Exposi\u00e7\u00e3o &#8220;How to Live?&#8221; de Jo\u00e3o Motta Guedes questiona o sentido da vida","datePublished":"2023-09-26T07:33:41+00:00","mainEntityOfPage":{"@id":"https:\/\/arte351.pt\/art\/2023\/09\/26\/exposicao-how-to-live-de-joao-motta-guedes-questiona-o-sentido-da-vida\/"},"wordCount":225,"publisher":{"@id":"https:\/\/arte351.pt\/art\/#organization"},"keywords":["NAVE galeria"],"articleSection":["Blog ARTE-351"],"inLanguage":"pt-BR"},{"@type":"WebPage","@id":"https:\/\/arte351.pt\/art\/2023\/09\/26\/exposicao-how-to-live-de-joao-motta-guedes-questiona-o-sentido-da-vida\/","url":"https:\/\/arte351.pt\/art\/2023\/09\/26\/exposicao-how-to-live-de-joao-motta-guedes-questiona-o-sentido-da-vida\/","name":"Exposi\u00e7\u00e3o \"How to Live?\" de Jo\u00e3o Motta Guedes questiona o sentido da vida","isPartOf":{"@id":"https:\/\/arte351.pt\/art\/#website"},"datePublished":"2023-09-26T07:33:41+00:00","description":"A Galeria NAVE, em Lisboa, inaugura, no dia 28 de Setembro, a exposi\u00e7\u00e3o individual \"How to Live?\" do artista Jo\u00e3o Motta Guedes.","breadcrumb":{"@id":"https:\/\/arte351.pt\/art\/2023\/09\/26\/exposicao-how-to-live-de-joao-motta-guedes-questiona-o-sentido-da-vida\/#breadcrumb"},"inLanguage":"pt-BR","potentialAction":[{"@type":"ReadAction","target":["https:\/\/arte351.pt\/art\/2023\/09\/26\/exposicao-how-to-live-de-joao-motta-guedes-questiona-o-sentido-da-vida\/"]}]},{"@type":"BreadcrumbList","@id":"https:\/\/arte351.pt\/art\/2023\/09\/26\/exposicao-how-to-live-de-joao-motta-guedes-questiona-o-sentido-da-vida\/#breadcrumb","itemListElement":[{"@type":"ListItem","position":1,"name":"In\u00edcio","item":"https:\/\/arte351.pt\/art\/"},{"@type":"ListItem","position":2,"name":"Exposi\u00e7\u00e3o &#8220;How to Live?&#8221; de Jo\u00e3o Motta Guedes questiona o sentido da vida"}]},{"@type":"WebSite","@id":"https:\/\/arte351.pt\/art\/#website","url":"https:\/\/arte351.pt\/art\/","name":"Arte351 - Art Magazine Portugal","description":"","publisher":{"@id":"https:\/\/arte351.pt\/art\/#organization"},"potentialAction":[{"@type":"SearchAction","target":{"@type":"EntryPoint","urlTemplate":"https:\/\/arte351.pt\/art\/?s={search_term_string}"},"query-input":{"@type":"PropertyValueSpecification","valueRequired":true,"valueName":"search_term_string"}}],"inLanguage":"pt-BR"},{"@type":"Organization","@id":"https:\/\/arte351.pt\/art\/#organization","name":"Arte351 - Art Magazine Portugal","url":"https:\/\/arte351.pt\/art\/","logo":{"@type":"ImageObject","inLanguage":"pt-BR","@id":"https:\/\/arte351.pt\/art\/#\/schema\/logo\/image\/","url":"https:\/\/arte351.pt\/art\/wp-content\/uploads\/2020\/03\/cropped-logo-arte351-color.png","contentUrl":"https:\/\/arte351.pt\/art\/wp-content\/uploads\/2020\/03\/cropped-logo-arte351-color.png","width":514,"height":200,"caption":"Arte351 - Art Magazine Portugal"},"image":{"@id":"https:\/\/arte351.pt\/art\/#\/schema\/logo\/image\/"},"sameAs":["https:\/\/www.facebook.com\/arte351magazine\/"]},{"@type":"Person","@id":"https:\/\/arte351.pt\/art\/#\/schema\/person\/f2cfae59497206be61c53c217757b930","name":"Equipa Arte351","image":{"@type":"ImageObject","inLanguage":"pt-BR","@id":"https:\/\/secure.gravatar.com\/avatar\/6caca56323d52e15e83fc5635240c86f7e52fd46fa8d5df9a709d99f5aa1638e?s=96&d=mm&r=g","url":"https:\/\/secure.gravatar.com\/avatar\/6caca56323d52e15e83fc5635240c86f7e52fd46fa8d5df9a709d99f5aa1638e?s=96&d=mm&r=g","contentUrl":"https:\/\/secure.gravatar.com\/avatar\/6caca56323d52e15e83fc5635240c86f7e52fd46fa8d5df9a709d99f5aa1638e?s=96&d=mm&r=g","caption":"Equipa Arte351"},"url":"https:\/\/arte351.pt\/art\/author\/caroleenbass\/"}]}},"_links":{"self":[{"href":"https:\/\/arte351.pt\/art\/wp-json\/wp\/v2\/posts\/8131","targetHints":{"allow":["GET"]}}],"collection":[{"href":"https:\/\/arte351.pt\/art\/wp-json\/wp\/v2\/posts"}],"about":[{"href":"https:\/\/arte351.pt\/art\/wp-json\/wp\/v2\/types\/post"}],"author":[{"embeddable":true,"href":"https:\/\/arte351.pt\/art\/wp-json\/wp\/v2\/users\/3"}],"replies":[{"embeddable":true,"href":"https:\/\/arte351.pt\/art\/wp-json\/wp\/v2\/comments?post=8131"}],"version-history":[{"count":1,"href":"https:\/\/arte351.pt\/art\/wp-json\/wp\/v2\/posts\/8131\/revisions"}],"predecessor-version":[{"id":8132,"href":"https:\/\/arte351.pt\/art\/wp-json\/wp\/v2\/posts\/8131\/revisions\/8132"}],"wp:attachment":[{"href":"https:\/\/arte351.pt\/art\/wp-json\/wp\/v2\/media?parent=8131"}],"wp:term":[{"taxonomy":"category","embeddable":true,"href":"https:\/\/arte351.pt\/art\/wp-json\/wp\/v2\/categories?post=8131"},{"taxonomy":"post_tag","embeddable":true,"href":"https:\/\/arte351.pt\/art\/wp-json\/wp\/v2\/tags?post=8131"}],"curies":[{"name":"wp","href":"https:\/\/api.w.org\/{rel}","templated":true}]}}