{"id":8158,"date":"2023-09-25T22:48:09","date_gmt":"2023-09-25T22:48:09","guid":{"rendered":"https:\/\/arte351.pt\/art\/?p=8158"},"modified":"2023-09-25T22:48:09","modified_gmt":"2023-09-25T22:48:09","slug":"dois-projectos-portugueses-presentes-na-9a-edicao-do-laboratorio-arche","status":"publish","type":"post","link":"https:\/\/arte351.pt\/art\/2023\/09\/25\/dois-projectos-portugueses-presentes-na-9a-edicao-do-laboratorio-arche\/","title":{"rendered":"Dois projectos portugueses presentes na 9\u00aa edi\u00e7\u00e3o do laborat\u00f3rio Arch\u00e9"},"content":{"rendered":"<h1><span>DOIS PROJECTOS PORTUGUESES PRESENTES NA 9\u00aa\u00a0EDI\u00c7\u00c3O DO LABORAT\u00d3RIO ARCH\u00c9<\/span><\/h1>\n<p><span>\u00a0<\/span><\/p>\n<p dir=\"ltr\">O<span>\u00a0<\/span><strong>Arch\u00e9<\/strong>, laborat\u00f3rio de desenvolvimento de projectos da<span>\u00a0<\/span><a href=\"https:\/\/doclisboa.us11.list-manage.com\/track\/click?u=217593f2fea91a45c724f359c&amp;id=f673e7f455&amp;e=56c96dee95\" target=\"_blank\" rel=\"noopener\" data-saferedirecturl=\"https:\/\/www.google.com\/url?q=https:\/\/doclisboa.us11.list-manage.com\/track\/click?u%3D217593f2fea91a45c724f359c%26id%3Df673e7f455%26e%3D56c96dee95&amp;source=gmail&amp;ust=1695768302895000&amp;usg=AOvVaw3vSNlMAW2xP1OIlBAzjgN3\">Apordoc<\/a>, acontece de 19 a 25 de Outubro no contexto do Nebulae &#8211; programa de ind\u00fastria do Doclisboa, e conta este ano com dois projectos portugueses:<span>\u00a0<\/span><strong><em>O Corpo Dela<\/em><\/strong>, de<span>\u00a0<\/span><strong>Ana Moreira<\/strong><span>\u00a0<\/span>(C.R.I.M.); e<span>\u00a0<\/span><strong><em>As Tuas Costas Ainda Ardem<\/em><\/strong>, de<span>\u00a0<\/span><strong>F\u00e1bio Silva<\/strong><span>\u00a0<\/span>(Cedro Pl\u00e1tano).<\/p>\n<p>Inscreveram-se, este ano, 354 projectos oriundos de 20 pa\u00edses ibero-americanos e It\u00e1lia, dos quais foram seleccionadas 12 produ\u00e7\u00f5es e tr\u00eas projectos de investiga\u00e7\u00e3o e cr\u00edtica\u00a0de 10 pa\u00edses (mais informa\u00e7\u00e3o sobre todos os projectos<span>\u00a0<\/span><a href=\"https:\/\/doclisboa.us11.list-manage.com\/track\/click?u=217593f2fea91a45c724f359c&amp;id=a2e4bb25b5&amp;e=56c96dee95\" target=\"_blank\" rel=\"noopener\" data-saferedirecturl=\"https:\/\/www.google.com\/url?q=https:\/\/doclisboa.us11.list-manage.com\/track\/click?u%3D217593f2fea91a45c724f359c%26id%3Da2e4bb25b5%26e%3D56c96dee95&amp;source=gmail&amp;ust=1695768302895000&amp;usg=AOvVaw1Sh-DAfJGIDNlpQAjntuHe\">aqui<\/a>). Os realizadores e produtores ir\u00e3o apresentar os seus projectos numa sess\u00e3o de pitching no dia 21 de Outubro, seguindo-se uma ronda de reuni\u00f5es individuais com agentes da ind\u00fastria internacional, com vista ao alargamento de oportunidades de co-produ\u00e7\u00e3o, distribui\u00e7\u00e3o e financiamento.<\/p>\n<p>No que toca aos dois projectos com produ\u00e7\u00e3o em Portugal,<span>\u00a0<\/span><strong><em>O Corpo Dela<\/em><\/strong>, com realiza\u00e7\u00e3o de<span>\u00a0<\/span><strong>Ana Moreira<\/strong><span>\u00a0<\/span>e produzido por Isabel Machado da C.R.I.M. Produ\u00e7\u00f5es, prop\u00f5e um vislumbre sobre o quotidiano e pr\u00e1tica art\u00edstica de Ana Isabel Castro, bailarina que nasceu na P\u00f3voa de Varzim.<\/p>\n<p>Em<span>\u00a0<\/span><strong><em>As Tuas Costas Ainda Ardem<\/em><\/strong>, de\u00a0<strong>F\u00e1bio Silva<\/strong>, com produ\u00e7\u00e3o de Renata Sancho da Cedro Pl\u00e1tano, o realizador viaja com a sua m\u00e3e para Cabo Verde para compreender a evolu\u00e7\u00e3o das rela\u00e7\u00f5es extraconjugais no pa\u00eds, fen\u00f3meno social bastante presente ao longo do s\u00e9culo XX em Cabo Verde.<\/p>\n<p><img fetchpriority=\"high\" decoding=\"async\" class=\"CToWUd a6T\" tabindex=\"0\" src=\"https:\/\/ci6.googleusercontent.com\/proxy\/mUkvdGmjt64Vf3dwGLNfFeIRLNZ5QiloyjTBIEj_loGTPaiUb3DgX-YJJma5cSx8cPXudWI0HfCiYBS7pIzj_gcz5He6zwhQN708UREWf4Chz_CaNyjoYdiIWQfcC37v97kZWUwu3lny56YObzrZlxZvkwrxzA=s0-d-e1-ft#https:\/\/mcusercontent.com\/217593f2fea91a45c724f359c\/images\/ed57ffe2-9b91-7eaf-00e9-bfab0bb16a40.jpg\" width=\"600\" height=\"337\" data-bit=\"iit\" \/><br \/>\n<span><em>As Tuas Costas Ainda Ardem<\/em>, F\u00e1bio Silva, 2023<\/span><\/p>\n<p>Os dois projectos encontram-se em fase de desenvolvimento, com previs\u00e3o de finaliza\u00e7\u00e3o em 2024. As oficinas do<span>\u00a0<\/span><strong>Arch\u00e9<\/strong><span>\u00a0<\/span>visam o aprofundamento tem\u00e1tico e reflex\u00e3o sobre as estrat\u00e9gias a implementar no filme. O pitching e sess\u00e3o de encontros individuais com profissionais do sector visam a promo\u00e7\u00e3o, a internacionaliza\u00e7\u00e3o e o alargamento de oportunidades dos projectos participantes.<\/p>\n<p><u><strong>Sobre Ana Moreira, realizadora de<span>\u00a0<\/span><em>O Corpo Dela\u00a0<\/em><\/strong><\/u><br \/>\nActriz, encenadora, realizadora de cinema e artista visual. O seu primeiro filme,<span>\u00a0<\/span><em>Aquaparque<\/em>, ganhou o Pr\u00e9mio de Melhor Realiza\u00e7\u00e3o e uma nomea\u00e7\u00e3o para os European Film Awards no Curtas Vila do Conde, bem como o Pr\u00e9mio da Cr\u00edtica no Festival Luso-Brasileiro de Santa\u00a0Maria da Feira. Participou do projecto Cont\u00e1gio em 2020, e realizou dois epis\u00f3dios do programa<span>\u00a0<\/span><em>Cassandra<\/em><span>\u00a0<\/span>(RTP). Em 2022, recebeu o Pr\u00e9mio SPA de Melhor Actriz de Teatro.<\/p>\n<p><u><strong>Sobre F\u00e1bio Silva, realizador de<span>\u00a0<\/span><em>As Tuas Costas Ainda Ardem<\/em><\/strong><\/u><br \/>\nNasceu em Lisboa, em 1992, e fez mestrado em realiza\u00e7\u00e3o na Escola Superior de Teatro e Cinema. Em 2018, co-realiza a longa documental<span>\u00a0<\/span><em>Hip to da Hop<\/em>. Em 2020 estreia a curta-metragem<span>\u00a0<\/span><em>A Morte de Isaac<\/em>. No ano seguinte termina o<span>\u00a0<\/span><em>Fruto do Vosso Ventre<\/em>, curta documental exibida em v\u00e1rios festivais nacionais e internacionais, e vencedora de v\u00e1rios pr\u00e9mios. Actualmente est\u00e1 a trabalhar na sua nova longa documental,<span>\u00a0<\/span><strong><em>As Tuas Costas Ainda Ardem<\/em><\/strong>.<\/p>\n<p><u><strong>Sobre a Isabel Machado, produtora de<span>\u00a0<\/span><em>O Corpo Dela<\/em><\/strong><\/u><br \/>\nIsabel Machado \u00e9 produtora de cinema, co-fundadora da<span>\u00a0<\/span><a href=\"https:\/\/doclisboa.us11.list-manage.com\/track\/click?u=217593f2fea91a45c724f359c&amp;id=f39fc8e8c6&amp;e=56c96dee95\" target=\"_blank\" rel=\"noopener\" data-saferedirecturl=\"https:\/\/www.google.com\/url?q=https:\/\/doclisboa.us11.list-manage.com\/track\/click?u%3D217593f2fea91a45c724f359c%26id%3Df39fc8e8c6%26e%3D56c96dee95&amp;source=gmail&amp;ust=1695768302895000&amp;usg=AOvVaw0QqAcedhdAntiYjDeXJLQh\">*C.R.I.M.<\/a><span>\u00a0<\/span>em 2005. Um ref\u00fagio reconhecido para o cinema inovador, *C.R.I.M. est\u00e1 sediada em Lisboa e produz curtas e longas-metragens de fic\u00e7\u00e3o, document\u00e1rios criativos, programas de televis\u00e3o e projectos de artes visuais.<\/p>\n<p><u><strong>Sobre a Cedro Pl\u00e1tano, empresa produtora de<span>\u00a0<\/span><em>As Tuas Costas Ainda Ardem<\/em><\/strong><\/u><br \/>\n<a href=\"https:\/\/doclisboa.us11.list-manage.com\/track\/click?u=217593f2fea91a45c724f359c&amp;id=788a33140b&amp;e=56c96dee95\" target=\"_blank\" rel=\"noopener\" data-saferedirecturl=\"https:\/\/www.google.com\/url?q=https:\/\/doclisboa.us11.list-manage.com\/track\/click?u%3D217593f2fea91a45c724f359c%26id%3D788a33140b%26e%3D56c96dee95&amp;source=gmail&amp;ust=1695768302895000&amp;usg=AOvVaw2-fJAZVRHgUSHt-A7I_CR3\">Cedro Pl\u00e1tano<\/a><span>\u00a0<\/span>\u00e9 uma produtora e distribuidora de filmes portuguesa. Dedica-se principalmente \u00e0 produ\u00e7\u00e3o de cinema de autor independente (document\u00e1rio e fic\u00e7\u00e3o). Obras:<em><span>\u00a0<\/span>A Visita e um Jardim Secreto<\/em><span>\u00a0<\/span>(2022) dir.Irene B. Borrego \u2013 co-produ\u00e7\u00e3o 59 em Conserva (ES);<span>\u00a0<\/span><em>Entre Pa\u00edses<\/em><span>\u00a0<\/span>(2022) dir. Amaya Sumpsi; e recentemente<em><span>\u00a0<\/span>I&#8217;m Not Afraid<\/em><span>\u00a0<\/span>(2023) dir. Paulo Catrica.<\/p>\n","protected":false},"excerpt":{"rendered":"<p>DOIS PROJECTOS PORTUGUESES PRESENTES NA 9\u00aa\u00a0EDI\u00c7\u00c3O DO LABORAT\u00d3RIO ARCH\u00c9 \u00a0 O\u00a0Arch\u00e9, laborat\u00f3rio de desenvolvimento de projectos da\u00a0Apordoc, acontece de 19 a 25 de Outubro no contexto do Nebulae &#8211; programa [&hellip;]<\/p>\n","protected":false},"author":3,"featured_media":0,"comment_status":"closed","ping_status":"closed","sticky":false,"template":"","format":"standard","meta":{"_exactmetrics_skip_tracking":false,"_exactmetrics_sitenote_active":false,"_exactmetrics_sitenote_note":"","_exactmetrics_sitenote_category":0,"_uf_show_specific_survey":0,"_uf_disable_surveys":false,"footnotes":""},"categories":[1],"tags":[1184],"class_list":["post-8158","post","type-post","status-publish","format-standard","hentry","category-sem-categoria","tag-doclisboa"],"yoast_head":"<!-- This site is optimized with the Yoast SEO plugin v27.3 - https:\/\/yoast.com\/product\/yoast-seo-wordpress\/ -->\n<title>Dois projectos portugueses presentes na 9\u00aa edi\u00e7\u00e3o do laborat\u00f3rio Arch\u00e9 - Arte351 - Art Magazine Portugal<\/title>\n<meta name=\"robots\" content=\"index, follow, max-snippet:-1, max-image-preview:large, max-video-preview:-1\" \/>\n<link rel=\"canonical\" href=\"https:\/\/arte351.pt\/art\/2023\/09\/25\/dois-projectos-portugueses-presentes-na-9a-edicao-do-laboratorio-arche\/\" \/>\n<meta property=\"og:locale\" content=\"pt_BR\" \/>\n<meta property=\"og:type\" content=\"article\" \/>\n<meta property=\"og:title\" content=\"Dois projectos portugueses presentes na 9\u00aa edi\u00e7\u00e3o do laborat\u00f3rio Arch\u00e9 - Arte351 - Art Magazine Portugal\" \/>\n<meta property=\"og:description\" content=\"DOIS PROJECTOS PORTUGUESES PRESENTES NA 9\u00aa\u00a0EDI\u00c7\u00c3O DO LABORAT\u00d3RIO ARCH\u00c9 \u00a0 O\u00a0Arch\u00e9, laborat\u00f3rio de desenvolvimento de projectos da\u00a0Apordoc, acontece de 19 a 25 de Outubro no contexto do Nebulae &#8211; programa [&hellip;]\" \/>\n<meta property=\"og:url\" content=\"https:\/\/arte351.pt\/art\/2023\/09\/25\/dois-projectos-portugueses-presentes-na-9a-edicao-do-laboratorio-arche\/\" \/>\n<meta property=\"og:site_name\" content=\"Arte351 - Art Magazine Portugal\" \/>\n<meta property=\"article:publisher\" content=\"https:\/\/www.facebook.com\/arte351magazine\/\" \/>\n<meta property=\"article:published_time\" content=\"2023-09-25T22:48:09+00:00\" \/>\n<meta property=\"og:image\" content=\"https:\/\/ci6.googleusercontent.com\/proxy\/mUkvdGmjt64Vf3dwGLNfFeIRLNZ5QiloyjTBIEj_loGTPaiUb3DgX-YJJma5cSx8cPXudWI0HfCiYBS7pIzj_gcz5He6zwhQN708UREWf4Chz_CaNyjoYdiIWQfcC37v97kZWUwu3lny56YObzrZlxZvkwrxzA=s0-d-e1-ft#https:\/\/mcusercontent.com\/217593f2fea91a45c724f359c\/images\/ed57ffe2-9b91-7eaf-00e9-bfab0bb16a40.jpg\" \/>\n<meta name=\"author\" content=\"Equipa Arte351\" \/>\n<meta name=\"twitter:label1\" content=\"Escrito por\" \/>\n\t<meta name=\"twitter:data1\" content=\"Equipa Arte351\" \/>\n\t<meta name=\"twitter:label2\" content=\"Est. tempo de leitura\" \/>\n\t<meta name=\"twitter:data2\" content=\"4 minutos\" \/>\n<script type=\"application\/ld+json\" class=\"yoast-schema-graph\">{\"@context\":\"https:\\\/\\\/schema.org\",\"@graph\":[{\"@type\":\"Article\",\"@id\":\"https:\\\/\\\/arte351.pt\\\/art\\\/2023\\\/09\\\/25\\\/dois-projectos-portugueses-presentes-na-9a-edicao-do-laboratorio-arche\\\/#article\",\"isPartOf\":{\"@id\":\"https:\\\/\\\/arte351.pt\\\/art\\\/2023\\\/09\\\/25\\\/dois-projectos-portugueses-presentes-na-9a-edicao-do-laboratorio-arche\\\/\"},\"author\":{\"name\":\"Equipa Arte351\",\"@id\":\"https:\\\/\\\/arte351.pt\\\/art\\\/#\\\/schema\\\/person\\\/f2cfae59497206be61c53c217757b930\"},\"headline\":\"Dois projectos portugueses presentes na 9\u00aa edi\u00e7\u00e3o do laborat\u00f3rio Arch\u00e9\",\"datePublished\":\"2023-09-25T22:48:09+00:00\",\"mainEntityOfPage\":{\"@id\":\"https:\\\/\\\/arte351.pt\\\/art\\\/2023\\\/09\\\/25\\\/dois-projectos-portugueses-presentes-na-9a-edicao-do-laboratorio-arche\\\/\"},\"wordCount\":640,\"publisher\":{\"@id\":\"https:\\\/\\\/arte351.pt\\\/art\\\/#organization\"},\"image\":{\"@id\":\"https:\\\/\\\/arte351.pt\\\/art\\\/2023\\\/09\\\/25\\\/dois-projectos-portugueses-presentes-na-9a-edicao-do-laboratorio-arche\\\/#primaryimage\"},\"thumbnailUrl\":\"https:\\\/\\\/ci6.googleusercontent.com\\\/proxy\\\/mUkvdGmjt64Vf3dwGLNfFeIRLNZ5QiloyjTBIEj_loGTPaiUb3DgX-YJJma5cSx8cPXudWI0HfCiYBS7pIzj_gcz5He6zwhQN708UREWf4Chz_CaNyjoYdiIWQfcC37v97kZWUwu3lny56YObzrZlxZvkwrxzA=s0-d-e1-ft#https:\\\/\\\/mcusercontent.com\\\/217593f2fea91a45c724f359c\\\/images\\\/ed57ffe2-9b91-7eaf-00e9-bfab0bb16a40.jpg\",\"keywords\":[\"Doclisboa\"],\"articleSection\":[\"Blog ARTE-351\"],\"inLanguage\":\"pt-BR\"},{\"@type\":\"WebPage\",\"@id\":\"https:\\\/\\\/arte351.pt\\\/art\\\/2023\\\/09\\\/25\\\/dois-projectos-portugueses-presentes-na-9a-edicao-do-laboratorio-arche\\\/\",\"url\":\"https:\\\/\\\/arte351.pt\\\/art\\\/2023\\\/09\\\/25\\\/dois-projectos-portugueses-presentes-na-9a-edicao-do-laboratorio-arche\\\/\",\"name\":\"Dois projectos portugueses presentes na 9\u00aa edi\u00e7\u00e3o do laborat\u00f3rio Arch\u00e9 - Arte351 - Art Magazine Portugal\",\"isPartOf\":{\"@id\":\"https:\\\/\\\/arte351.pt\\\/art\\\/#website\"},\"primaryImageOfPage\":{\"@id\":\"https:\\\/\\\/arte351.pt\\\/art\\\/2023\\\/09\\\/25\\\/dois-projectos-portugueses-presentes-na-9a-edicao-do-laboratorio-arche\\\/#primaryimage\"},\"image\":{\"@id\":\"https:\\\/\\\/arte351.pt\\\/art\\\/2023\\\/09\\\/25\\\/dois-projectos-portugueses-presentes-na-9a-edicao-do-laboratorio-arche\\\/#primaryimage\"},\"thumbnailUrl\":\"https:\\\/\\\/ci6.googleusercontent.com\\\/proxy\\\/mUkvdGmjt64Vf3dwGLNfFeIRLNZ5QiloyjTBIEj_loGTPaiUb3DgX-YJJma5cSx8cPXudWI0HfCiYBS7pIzj_gcz5He6zwhQN708UREWf4Chz_CaNyjoYdiIWQfcC37v97kZWUwu3lny56YObzrZlxZvkwrxzA=s0-d-e1-ft#https:\\\/\\\/mcusercontent.com\\\/217593f2fea91a45c724f359c\\\/images\\\/ed57ffe2-9b91-7eaf-00e9-bfab0bb16a40.jpg\",\"datePublished\":\"2023-09-25T22:48:09+00:00\",\"breadcrumb\":{\"@id\":\"https:\\\/\\\/arte351.pt\\\/art\\\/2023\\\/09\\\/25\\\/dois-projectos-portugueses-presentes-na-9a-edicao-do-laboratorio-arche\\\/#breadcrumb\"},\"inLanguage\":\"pt-BR\",\"potentialAction\":[{\"@type\":\"ReadAction\",\"target\":[\"https:\\\/\\\/arte351.pt\\\/art\\\/2023\\\/09\\\/25\\\/dois-projectos-portugueses-presentes-na-9a-edicao-do-laboratorio-arche\\\/\"]}]},{\"@type\":\"ImageObject\",\"inLanguage\":\"pt-BR\",\"@id\":\"https:\\\/\\\/arte351.pt\\\/art\\\/2023\\\/09\\\/25\\\/dois-projectos-portugueses-presentes-na-9a-edicao-do-laboratorio-arche\\\/#primaryimage\",\"url\":\"https:\\\/\\\/ci6.googleusercontent.com\\\/proxy\\\/mUkvdGmjt64Vf3dwGLNfFeIRLNZ5QiloyjTBIEj_loGTPaiUb3DgX-YJJma5cSx8cPXudWI0HfCiYBS7pIzj_gcz5He6zwhQN708UREWf4Chz_CaNyjoYdiIWQfcC37v97kZWUwu3lny56YObzrZlxZvkwrxzA=s0-d-e1-ft#https:\\\/\\\/mcusercontent.com\\\/217593f2fea91a45c724f359c\\\/images\\\/ed57ffe2-9b91-7eaf-00e9-bfab0bb16a40.jpg\",\"contentUrl\":\"https:\\\/\\\/ci6.googleusercontent.com\\\/proxy\\\/mUkvdGmjt64Vf3dwGLNfFeIRLNZ5QiloyjTBIEj_loGTPaiUb3DgX-YJJma5cSx8cPXudWI0HfCiYBS7pIzj_gcz5He6zwhQN708UREWf4Chz_CaNyjoYdiIWQfcC37v97kZWUwu3lny56YObzrZlxZvkwrxzA=s0-d-e1-ft#https:\\\/\\\/mcusercontent.com\\\/217593f2fea91a45c724f359c\\\/images\\\/ed57ffe2-9b91-7eaf-00e9-bfab0bb16a40.jpg\"},{\"@type\":\"BreadcrumbList\",\"@id\":\"https:\\\/\\\/arte351.pt\\\/art\\\/2023\\\/09\\\/25\\\/dois-projectos-portugueses-presentes-na-9a-edicao-do-laboratorio-arche\\\/#breadcrumb\",\"itemListElement\":[{\"@type\":\"ListItem\",\"position\":1,\"name\":\"In\u00edcio\",\"item\":\"https:\\\/\\\/arte351.pt\\\/art\\\/\"},{\"@type\":\"ListItem\",\"position\":2,\"name\":\"Dois projectos portugueses presentes na 9\u00aa edi\u00e7\u00e3o do laborat\u00f3rio Arch\u00e9\"}]},{\"@type\":\"WebSite\",\"@id\":\"https:\\\/\\\/arte351.pt\\\/art\\\/#website\",\"url\":\"https:\\\/\\\/arte351.pt\\\/art\\\/\",\"name\":\"Arte351 - Art Magazine Portugal\",\"description\":\"\",\"publisher\":{\"@id\":\"https:\\\/\\\/arte351.pt\\\/art\\\/#organization\"},\"potentialAction\":[{\"@type\":\"SearchAction\",\"target\":{\"@type\":\"EntryPoint\",\"urlTemplate\":\"https:\\\/\\\/arte351.pt\\\/art\\\/?s={search_term_string}\"},\"query-input\":{\"@type\":\"PropertyValueSpecification\",\"valueRequired\":true,\"valueName\":\"search_term_string\"}}],\"inLanguage\":\"pt-BR\"},{\"@type\":\"Organization\",\"@id\":\"https:\\\/\\\/arte351.pt\\\/art\\\/#organization\",\"name\":\"Arte351 - Art Magazine Portugal\",\"url\":\"https:\\\/\\\/arte351.pt\\\/art\\\/\",\"logo\":{\"@type\":\"ImageObject\",\"inLanguage\":\"pt-BR\",\"@id\":\"https:\\\/\\\/arte351.pt\\\/art\\\/#\\\/schema\\\/logo\\\/image\\\/\",\"url\":\"https:\\\/\\\/arte351.pt\\\/art\\\/wp-content\\\/uploads\\\/2020\\\/03\\\/cropped-logo-arte351-color.png\",\"contentUrl\":\"https:\\\/\\\/arte351.pt\\\/art\\\/wp-content\\\/uploads\\\/2020\\\/03\\\/cropped-logo-arte351-color.png\",\"width\":514,\"height\":200,\"caption\":\"Arte351 - Art Magazine Portugal\"},\"image\":{\"@id\":\"https:\\\/\\\/arte351.pt\\\/art\\\/#\\\/schema\\\/logo\\\/image\\\/\"},\"sameAs\":[\"https:\\\/\\\/www.facebook.com\\\/arte351magazine\\\/\"]},{\"@type\":\"Person\",\"@id\":\"https:\\\/\\\/arte351.pt\\\/art\\\/#\\\/schema\\\/person\\\/f2cfae59497206be61c53c217757b930\",\"name\":\"Equipa Arte351\",\"image\":{\"@type\":\"ImageObject\",\"inLanguage\":\"pt-BR\",\"@id\":\"https:\\\/\\\/secure.gravatar.com\\\/avatar\\\/6caca56323d52e15e83fc5635240c86f7e52fd46fa8d5df9a709d99f5aa1638e?s=96&d=mm&r=g\",\"url\":\"https:\\\/\\\/secure.gravatar.com\\\/avatar\\\/6caca56323d52e15e83fc5635240c86f7e52fd46fa8d5df9a709d99f5aa1638e?s=96&d=mm&r=g\",\"contentUrl\":\"https:\\\/\\\/secure.gravatar.com\\\/avatar\\\/6caca56323d52e15e83fc5635240c86f7e52fd46fa8d5df9a709d99f5aa1638e?s=96&d=mm&r=g\",\"caption\":\"Equipa Arte351\"},\"url\":\"https:\\\/\\\/arte351.pt\\\/art\\\/author\\\/caroleenbass\\\/\"}]}<\/script>\n<!-- \/ Yoast SEO plugin. -->","yoast_head_json":{"title":"Dois projectos portugueses presentes na 9\u00aa edi\u00e7\u00e3o do laborat\u00f3rio Arch\u00e9 - Arte351 - Art Magazine Portugal","robots":{"index":"index","follow":"follow","max-snippet":"max-snippet:-1","max-image-preview":"max-image-preview:large","max-video-preview":"max-video-preview:-1"},"canonical":"https:\/\/arte351.pt\/art\/2023\/09\/25\/dois-projectos-portugueses-presentes-na-9a-edicao-do-laboratorio-arche\/","og_locale":"pt_BR","og_type":"article","og_title":"Dois projectos portugueses presentes na 9\u00aa edi\u00e7\u00e3o do laborat\u00f3rio Arch\u00e9 - Arte351 - Art Magazine Portugal","og_description":"DOIS PROJECTOS PORTUGUESES PRESENTES NA 9\u00aa\u00a0EDI\u00c7\u00c3O DO LABORAT\u00d3RIO ARCH\u00c9 \u00a0 O\u00a0Arch\u00e9, laborat\u00f3rio de desenvolvimento de projectos da\u00a0Apordoc, acontece de 19 a 25 de Outubro no contexto do Nebulae &#8211; programa [&hellip;]","og_url":"https:\/\/arte351.pt\/art\/2023\/09\/25\/dois-projectos-portugueses-presentes-na-9a-edicao-do-laboratorio-arche\/","og_site_name":"Arte351 - Art Magazine Portugal","article_publisher":"https:\/\/www.facebook.com\/arte351magazine\/","article_published_time":"2023-09-25T22:48:09+00:00","og_image":[{"url":"https:\/\/ci6.googleusercontent.com\/proxy\/mUkvdGmjt64Vf3dwGLNfFeIRLNZ5QiloyjTBIEj_loGTPaiUb3DgX-YJJma5cSx8cPXudWI0HfCiYBS7pIzj_gcz5He6zwhQN708UREWf4Chz_CaNyjoYdiIWQfcC37v97kZWUwu3lny56YObzrZlxZvkwrxzA=s0-d-e1-ft#https:\/\/mcusercontent.com\/217593f2fea91a45c724f359c\/images\/ed57ffe2-9b91-7eaf-00e9-bfab0bb16a40.jpg","type":"","width":"","height":""}],"author":"Equipa Arte351","twitter_misc":{"Escrito por":"Equipa Arte351","Est. tempo de leitura":"4 minutos"},"schema":{"@context":"https:\/\/schema.org","@graph":[{"@type":"Article","@id":"https:\/\/arte351.pt\/art\/2023\/09\/25\/dois-projectos-portugueses-presentes-na-9a-edicao-do-laboratorio-arche\/#article","isPartOf":{"@id":"https:\/\/arte351.pt\/art\/2023\/09\/25\/dois-projectos-portugueses-presentes-na-9a-edicao-do-laboratorio-arche\/"},"author":{"name":"Equipa Arte351","@id":"https:\/\/arte351.pt\/art\/#\/schema\/person\/f2cfae59497206be61c53c217757b930"},"headline":"Dois projectos portugueses presentes na 9\u00aa edi\u00e7\u00e3o do laborat\u00f3rio Arch\u00e9","datePublished":"2023-09-25T22:48:09+00:00","mainEntityOfPage":{"@id":"https:\/\/arte351.pt\/art\/2023\/09\/25\/dois-projectos-portugueses-presentes-na-9a-edicao-do-laboratorio-arche\/"},"wordCount":640,"publisher":{"@id":"https:\/\/arte351.pt\/art\/#organization"},"image":{"@id":"https:\/\/arte351.pt\/art\/2023\/09\/25\/dois-projectos-portugueses-presentes-na-9a-edicao-do-laboratorio-arche\/#primaryimage"},"thumbnailUrl":"https:\/\/ci6.googleusercontent.com\/proxy\/mUkvdGmjt64Vf3dwGLNfFeIRLNZ5QiloyjTBIEj_loGTPaiUb3DgX-YJJma5cSx8cPXudWI0HfCiYBS7pIzj_gcz5He6zwhQN708UREWf4Chz_CaNyjoYdiIWQfcC37v97kZWUwu3lny56YObzrZlxZvkwrxzA=s0-d-e1-ft#https:\/\/mcusercontent.com\/217593f2fea91a45c724f359c\/images\/ed57ffe2-9b91-7eaf-00e9-bfab0bb16a40.jpg","keywords":["Doclisboa"],"articleSection":["Blog ARTE-351"],"inLanguage":"pt-BR"},{"@type":"WebPage","@id":"https:\/\/arte351.pt\/art\/2023\/09\/25\/dois-projectos-portugueses-presentes-na-9a-edicao-do-laboratorio-arche\/","url":"https:\/\/arte351.pt\/art\/2023\/09\/25\/dois-projectos-portugueses-presentes-na-9a-edicao-do-laboratorio-arche\/","name":"Dois projectos portugueses presentes na 9\u00aa edi\u00e7\u00e3o do laborat\u00f3rio Arch\u00e9 - Arte351 - Art Magazine Portugal","isPartOf":{"@id":"https:\/\/arte351.pt\/art\/#website"},"primaryImageOfPage":{"@id":"https:\/\/arte351.pt\/art\/2023\/09\/25\/dois-projectos-portugueses-presentes-na-9a-edicao-do-laboratorio-arche\/#primaryimage"},"image":{"@id":"https:\/\/arte351.pt\/art\/2023\/09\/25\/dois-projectos-portugueses-presentes-na-9a-edicao-do-laboratorio-arche\/#primaryimage"},"thumbnailUrl":"https:\/\/ci6.googleusercontent.com\/proxy\/mUkvdGmjt64Vf3dwGLNfFeIRLNZ5QiloyjTBIEj_loGTPaiUb3DgX-YJJma5cSx8cPXudWI0HfCiYBS7pIzj_gcz5He6zwhQN708UREWf4Chz_CaNyjoYdiIWQfcC37v97kZWUwu3lny56YObzrZlxZvkwrxzA=s0-d-e1-ft#https:\/\/mcusercontent.com\/217593f2fea91a45c724f359c\/images\/ed57ffe2-9b91-7eaf-00e9-bfab0bb16a40.jpg","datePublished":"2023-09-25T22:48:09+00:00","breadcrumb":{"@id":"https:\/\/arte351.pt\/art\/2023\/09\/25\/dois-projectos-portugueses-presentes-na-9a-edicao-do-laboratorio-arche\/#breadcrumb"},"inLanguage":"pt-BR","potentialAction":[{"@type":"ReadAction","target":["https:\/\/arte351.pt\/art\/2023\/09\/25\/dois-projectos-portugueses-presentes-na-9a-edicao-do-laboratorio-arche\/"]}]},{"@type":"ImageObject","inLanguage":"pt-BR","@id":"https:\/\/arte351.pt\/art\/2023\/09\/25\/dois-projectos-portugueses-presentes-na-9a-edicao-do-laboratorio-arche\/#primaryimage","url":"https:\/\/ci6.googleusercontent.com\/proxy\/mUkvdGmjt64Vf3dwGLNfFeIRLNZ5QiloyjTBIEj_loGTPaiUb3DgX-YJJma5cSx8cPXudWI0HfCiYBS7pIzj_gcz5He6zwhQN708UREWf4Chz_CaNyjoYdiIWQfcC37v97kZWUwu3lny56YObzrZlxZvkwrxzA=s0-d-e1-ft#https:\/\/mcusercontent.com\/217593f2fea91a45c724f359c\/images\/ed57ffe2-9b91-7eaf-00e9-bfab0bb16a40.jpg","contentUrl":"https:\/\/ci6.googleusercontent.com\/proxy\/mUkvdGmjt64Vf3dwGLNfFeIRLNZ5QiloyjTBIEj_loGTPaiUb3DgX-YJJma5cSx8cPXudWI0HfCiYBS7pIzj_gcz5He6zwhQN708UREWf4Chz_CaNyjoYdiIWQfcC37v97kZWUwu3lny56YObzrZlxZvkwrxzA=s0-d-e1-ft#https:\/\/mcusercontent.com\/217593f2fea91a45c724f359c\/images\/ed57ffe2-9b91-7eaf-00e9-bfab0bb16a40.jpg"},{"@type":"BreadcrumbList","@id":"https:\/\/arte351.pt\/art\/2023\/09\/25\/dois-projectos-portugueses-presentes-na-9a-edicao-do-laboratorio-arche\/#breadcrumb","itemListElement":[{"@type":"ListItem","position":1,"name":"In\u00edcio","item":"https:\/\/arte351.pt\/art\/"},{"@type":"ListItem","position":2,"name":"Dois projectos portugueses presentes na 9\u00aa edi\u00e7\u00e3o do laborat\u00f3rio Arch\u00e9"}]},{"@type":"WebSite","@id":"https:\/\/arte351.pt\/art\/#website","url":"https:\/\/arte351.pt\/art\/","name":"Arte351 - Art Magazine Portugal","description":"","publisher":{"@id":"https:\/\/arte351.pt\/art\/#organization"},"potentialAction":[{"@type":"SearchAction","target":{"@type":"EntryPoint","urlTemplate":"https:\/\/arte351.pt\/art\/?s={search_term_string}"},"query-input":{"@type":"PropertyValueSpecification","valueRequired":true,"valueName":"search_term_string"}}],"inLanguage":"pt-BR"},{"@type":"Organization","@id":"https:\/\/arte351.pt\/art\/#organization","name":"Arte351 - Art Magazine Portugal","url":"https:\/\/arte351.pt\/art\/","logo":{"@type":"ImageObject","inLanguage":"pt-BR","@id":"https:\/\/arte351.pt\/art\/#\/schema\/logo\/image\/","url":"https:\/\/arte351.pt\/art\/wp-content\/uploads\/2020\/03\/cropped-logo-arte351-color.png","contentUrl":"https:\/\/arte351.pt\/art\/wp-content\/uploads\/2020\/03\/cropped-logo-arte351-color.png","width":514,"height":200,"caption":"Arte351 - Art Magazine Portugal"},"image":{"@id":"https:\/\/arte351.pt\/art\/#\/schema\/logo\/image\/"},"sameAs":["https:\/\/www.facebook.com\/arte351magazine\/"]},{"@type":"Person","@id":"https:\/\/arte351.pt\/art\/#\/schema\/person\/f2cfae59497206be61c53c217757b930","name":"Equipa Arte351","image":{"@type":"ImageObject","inLanguage":"pt-BR","@id":"https:\/\/secure.gravatar.com\/avatar\/6caca56323d52e15e83fc5635240c86f7e52fd46fa8d5df9a709d99f5aa1638e?s=96&d=mm&r=g","url":"https:\/\/secure.gravatar.com\/avatar\/6caca56323d52e15e83fc5635240c86f7e52fd46fa8d5df9a709d99f5aa1638e?s=96&d=mm&r=g","contentUrl":"https:\/\/secure.gravatar.com\/avatar\/6caca56323d52e15e83fc5635240c86f7e52fd46fa8d5df9a709d99f5aa1638e?s=96&d=mm&r=g","caption":"Equipa Arte351"},"url":"https:\/\/arte351.pt\/art\/author\/caroleenbass\/"}]}},"_links":{"self":[{"href":"https:\/\/arte351.pt\/art\/wp-json\/wp\/v2\/posts\/8158","targetHints":{"allow":["GET"]}}],"collection":[{"href":"https:\/\/arte351.pt\/art\/wp-json\/wp\/v2\/posts"}],"about":[{"href":"https:\/\/arte351.pt\/art\/wp-json\/wp\/v2\/types\/post"}],"author":[{"embeddable":true,"href":"https:\/\/arte351.pt\/art\/wp-json\/wp\/v2\/users\/3"}],"replies":[{"embeddable":true,"href":"https:\/\/arte351.pt\/art\/wp-json\/wp\/v2\/comments?post=8158"}],"version-history":[{"count":1,"href":"https:\/\/arte351.pt\/art\/wp-json\/wp\/v2\/posts\/8158\/revisions"}],"predecessor-version":[{"id":8159,"href":"https:\/\/arte351.pt\/art\/wp-json\/wp\/v2\/posts\/8158\/revisions\/8159"}],"wp:attachment":[{"href":"https:\/\/arte351.pt\/art\/wp-json\/wp\/v2\/media?parent=8158"}],"wp:term":[{"taxonomy":"category","embeddable":true,"href":"https:\/\/arte351.pt\/art\/wp-json\/wp\/v2\/categories?post=8158"},{"taxonomy":"post_tag","embeddable":true,"href":"https:\/\/arte351.pt\/art\/wp-json\/wp\/v2\/tags?post=8158"}],"curies":[{"name":"wp","href":"https:\/\/api.w.org\/{rel}","templated":true}]}}