{"id":8169,"date":"2023-09-21T23:05:29","date_gmt":"2023-09-21T23:05:29","guid":{"rendered":"https:\/\/arte351.pt\/art\/?p=8169"},"modified":"2023-09-25T23:10:07","modified_gmt":"2023-09-25T23:10:07","slug":"conferencia-sobre-o-livro-luz-de-lisboa-a-cidade-aos-olhos-de-um-holandes","status":"publish","type":"post","link":"https:\/\/arte351.pt\/art\/2023\/09\/21\/conferencia-sobre-o-livro-luz-de-lisboa-a-cidade-aos-olhos-de-um-holandes\/","title":{"rendered":"Confer\u00eancia sobre o livro \u201cLuz de Lisboa \u2013 A Cidade aos olhos de um Holand\u00eas\u201d"},"content":{"rendered":"<p data-sourcepos=\"3:1-3:213\">O \u00c2mbito Cultural do El Corte Ingl\u00e9s e a Editora Contraponto t\u00eam o prazer de convidar para uma confer\u00eancia sobre o livro \u201cLuz de Lisboa \u2013 A Cidade aos olhos de um Holand\u00eas\u201d, de Harrie Lemmens, com Pedro Mexia.<\/p>\n<p data-sourcepos=\"5:1-5:129\">A confer\u00eancia ter\u00e1 lugar no dia 27 de setembro, pelas 18h30, na Sala de \u00c2mbito Cultural, piso 6 do <a href=\"https:\/\/arte351.pt\/art\/2023\/04\/25\/el-corte-ingles-e-temas-e-debates-editora-apresentam-livro-sobre-historia-global-da-alimentacao-na-sala-de-ambito-cultural-de-lisboa\/\" target=\"_blank\" rel=\"noopener\">El Corte Ingl\u00e9s<\/a> de Lisboa.<\/p>\n<p data-sourcepos=\"7:1-7:250\">Na sua obra, Harrie Lemmens, um tradutor e escritor holand\u00eas, apresenta uma vis\u00e3o \u00fanica de Lisboa. Atrav\u00e9s de oito trajetos, o autor convida-nos a descobrir a cidade de forma pessoal e intimista, sempre com o olhar atento de um leitor e viajante.<\/p>\n<p data-sourcepos=\"9:1-9:120\">Pedro Mexia, escritor, cr\u00edtico liter\u00e1rio e comentador, ir\u00e1 falar sobre a obra de Lemmens e o seu olhar sobre Lisboa.<\/p>\n<p data-sourcepos=\"11:1-11:65\"><strong>A entrada \u00e9 livre e gratuita. N\u00e3o \u00e9 necess\u00e1ria pr\u00e9-inscri\u00e7\u00e3o.<\/strong><\/p>\n<p data-sourcepos=\"13:1-13:17\"><strong>Sobre o livro<\/strong><\/p>\n<p data-sourcepos=\"15:1-15:402\">No in\u00edcio da escrita deste livro, o autor tinha uma ideia de como queria apresentar a cidade, mas, pelo caminho, apercebeu-se de que Lisboa \u00e9 um ser vivo com vontade pr\u00f3pria e o melhor (e mais recomend\u00e1vel) \u00e9 deixar-se guiar pelos seus bairros, ruas e casas. A perspetiva de Harrie Lemmens \u00e9 sobretudo a perspetiva de um viajante e leitor que se deixa envolver com os ambientes e personagens da cidade.<\/p>\n<p data-sourcepos=\"17:1-17:310\"><strong>Luz de Lisboa est\u00e1 dividido em 8 cap\u00edtulos que correspondem a 8 trajetos, preenchidos por fragmentos de cartas escritas pelo autor e por v\u00e1rios escritores contempor\u00e2neos. Esta Lisboa est\u00e1 intrinsecamente relacionada com a literatura portuguesa e, portanto, com uma das maiores riquezas da cidade e do pa\u00eds.<\/strong><\/p>\n<p data-sourcepos=\"19:1-19:20\"><strong>Sobre os autores<\/strong><\/p>\n<ul data-sourcepos=\"21:1-23:467\">\n<li data-sourcepos=\"21:1-22:0\">\n<p data-sourcepos=\"21:3-21:977\"><strong>Harrie Lemmens<\/strong> (1953) \u00e9 tradutor e escritor, respons\u00e1vel por traduzir para neerland\u00eas autores como <span class=\"citation-0 citation-end-0\">Fernando Pessoa, E\u00e7a de Queiroz, Machado de Assis, Padre Ant\u00f3nio Vieira, Jos\u00e9 Saramago, Ant\u00f3nio Lobo Antunes, Clarice Lispector, Mia Couto, Jos\u00e9 Eduardo Agualusa, Jo\u00e3o Ubaldo Ribeiro<\/span> e muitos outros. Recebeu em 2006 o pr\u00e9mio de tradu\u00e7\u00e3o da Funda\u00e7\u00e3o Nederlands Letterenfonds. Escreveu livros sobre o Brasil, Angola e Berlim e ensaios, cr\u00edticas liter\u00e1rias e posf\u00e1cios. Participou em v\u00e1rias mesas de debate sobre a tradu\u00e7\u00e3o liter\u00e1ria e em 2015 fundou, junto com a mulher, a fot\u00f3grafa portuguesa Ana Carvalho, a revista liter\u00e1ria digital Zuca Magazine (www.zuca-magazine.nl), cujo objetivo \u00e9 divulgar a literatura lus\u00f3fona na Holanda e na Flandres. Em 2022 foi agraciado pelo Presidente da Rep\u00fablica, Marcelo Rebelo de Sousa, com o grau de Comendador da Ordem do Infante Dom Henrique. Depois de ter vivido em Berlim, Lisboa e Bruxelas, vive atualmente, em Almere.<\/p>\n<\/li>\n<li data-sourcepos=\"23:1-23:467\">\n<p data-sourcepos=\"23:3-23:467\"><strong>Ana Carvalho<\/strong> (1952) \u00e9 tradutora e fot\u00f3grafa. Foi leitora de Portugu\u00eas em Berlim (RDA) e traduziu prosa e poesia a partir do neerland\u00eas e do alem\u00e3o, designadamente, Cees Nooteboom, Hugo Claus, Ernst J\u00fcnger e Judith Herzberg. As suas fotografias foram objeto de v\u00e1rias exposi\u00e7\u00f5es em cidades como Porto, Lisboa, Amesterd\u00e3o, Bruxelas e Paris e v\u00e1rias delas foram inclu\u00eddas em diversas obras, entre elas O rel\u00f3gio da alma, sobre Fernando Pessoa, e Deus \u00c9 Brasileiro.<\/p>\n<\/li>\n<\/ul>\n","protected":false},"excerpt":{"rendered":"<p>O \u00c2mbito Cultural do El Corte Ingl\u00e9s e a Editora Contraponto t\u00eam o prazer de convidar para uma confer\u00eancia sobre o livro \u201cLuz de Lisboa \u2013 A Cidade aos olhos [&hellip;]<\/p>\n","protected":false},"author":3,"featured_media":0,"comment_status":"closed","ping_status":"closed","sticky":false,"template":"","format":"standard","meta":{"_exactmetrics_skip_tracking":false,"_exactmetrics_sitenote_active":false,"_exactmetrics_sitenote_note":"","_exactmetrics_sitenote_category":0,"_uf_show_specific_survey":0,"_uf_disable_surveys":false,"footnotes":""},"categories":[1],"tags":[1849],"class_list":["post-8169","post","type-post","status-publish","format-standard","hentry","category-sem-categoria","tag-el-corte-ingles"],"yoast_head":"<!-- This site is optimized with the Yoast SEO plugin v27.3 - https:\/\/yoast.com\/product\/yoast-seo-wordpress\/ -->\n<title>Confer\u00eancia sobre o livro \u201cLuz de Lisboa \u2013 A Cidade aos olhos de um Holand\u00eas\u201d<\/title>\n<meta name=\"description\" content=\"confer\u00eancia sobre o livro \u201cLuz de Lisboa \u2013 A Cidade aos olhos de um Holand\u00eas\u201d, de Harrie Lemmens, com Pedro Mexia.\" \/>\n<meta name=\"robots\" content=\"index, follow, max-snippet:-1, max-image-preview:large, max-video-preview:-1\" \/>\n<link rel=\"canonical\" href=\"https:\/\/arte351.pt\/art\/2023\/09\/21\/conferencia-sobre-o-livro-luz-de-lisboa-a-cidade-aos-olhos-de-um-holandes\/\" \/>\n<meta property=\"og:locale\" content=\"pt_BR\" \/>\n<meta property=\"og:type\" content=\"article\" \/>\n<meta property=\"og:title\" content=\"Confer\u00eancia sobre o livro \u201cLuz de Lisboa \u2013 A Cidade aos olhos de um Holand\u00eas\u201d\" \/>\n<meta property=\"og:description\" content=\"confer\u00eancia sobre o livro \u201cLuz de Lisboa \u2013 A Cidade aos olhos de um Holand\u00eas\u201d, de Harrie Lemmens, com Pedro Mexia.\" \/>\n<meta property=\"og:url\" content=\"https:\/\/arte351.pt\/art\/2023\/09\/21\/conferencia-sobre-o-livro-luz-de-lisboa-a-cidade-aos-olhos-de-um-holandes\/\" \/>\n<meta property=\"og:site_name\" content=\"Arte351 - Art Magazine Portugal\" \/>\n<meta property=\"article:publisher\" content=\"https:\/\/www.facebook.com\/arte351magazine\/\" \/>\n<meta property=\"article:published_time\" content=\"2023-09-21T23:05:29+00:00\" \/>\n<meta property=\"article:modified_time\" content=\"2023-09-25T23:10:07+00:00\" \/>\n<meta name=\"author\" content=\"Equipa Arte351\" \/>\n<meta name=\"twitter:label1\" content=\"Escrito por\" \/>\n\t<meta name=\"twitter:data1\" content=\"Equipa Arte351\" \/>\n\t<meta name=\"twitter:label2\" content=\"Est. tempo de leitura\" \/>\n\t<meta name=\"twitter:data2\" content=\"3 minutos\" \/>\n<script type=\"application\/ld+json\" class=\"yoast-schema-graph\">{\"@context\":\"https:\\\/\\\/schema.org\",\"@graph\":[{\"@type\":\"Article\",\"@id\":\"https:\\\/\\\/arte351.pt\\\/art\\\/2023\\\/09\\\/21\\\/conferencia-sobre-o-livro-luz-de-lisboa-a-cidade-aos-olhos-de-um-holandes\\\/#article\",\"isPartOf\":{\"@id\":\"https:\\\/\\\/arte351.pt\\\/art\\\/2023\\\/09\\\/21\\\/conferencia-sobre-o-livro-luz-de-lisboa-a-cidade-aos-olhos-de-um-holandes\\\/\"},\"author\":{\"name\":\"Equipa Arte351\",\"@id\":\"https:\\\/\\\/arte351.pt\\\/art\\\/#\\\/schema\\\/person\\\/f2cfae59497206be61c53c217757b930\"},\"headline\":\"Confer\u00eancia sobre o livro \u201cLuz de Lisboa \u2013 A Cidade aos olhos de um Holand\u00eas\u201d\",\"datePublished\":\"2023-09-21T23:05:29+00:00\",\"dateModified\":\"2023-09-25T23:10:07+00:00\",\"mainEntityOfPage\":{\"@id\":\"https:\\\/\\\/arte351.pt\\\/art\\\/2023\\\/09\\\/21\\\/conferencia-sobre-o-livro-luz-de-lisboa-a-cidade-aos-olhos-de-um-holandes\\\/\"},\"wordCount\":530,\"publisher\":{\"@id\":\"https:\\\/\\\/arte351.pt\\\/art\\\/#organization\"},\"keywords\":[\"El Corte Ingl\u00e9s\"],\"articleSection\":[\"Blog ARTE-351\"],\"inLanguage\":\"pt-BR\"},{\"@type\":\"WebPage\",\"@id\":\"https:\\\/\\\/arte351.pt\\\/art\\\/2023\\\/09\\\/21\\\/conferencia-sobre-o-livro-luz-de-lisboa-a-cidade-aos-olhos-de-um-holandes\\\/\",\"url\":\"https:\\\/\\\/arte351.pt\\\/art\\\/2023\\\/09\\\/21\\\/conferencia-sobre-o-livro-luz-de-lisboa-a-cidade-aos-olhos-de-um-holandes\\\/\",\"name\":\"Confer\u00eancia sobre o livro \u201cLuz de Lisboa \u2013 A Cidade aos olhos de um Holand\u00eas\u201d\",\"isPartOf\":{\"@id\":\"https:\\\/\\\/arte351.pt\\\/art\\\/#website\"},\"datePublished\":\"2023-09-21T23:05:29+00:00\",\"dateModified\":\"2023-09-25T23:10:07+00:00\",\"description\":\"confer\u00eancia sobre o livro \u201cLuz de Lisboa \u2013 A Cidade aos olhos de um Holand\u00eas\u201d, de Harrie Lemmens, com Pedro Mexia.\",\"breadcrumb\":{\"@id\":\"https:\\\/\\\/arte351.pt\\\/art\\\/2023\\\/09\\\/21\\\/conferencia-sobre-o-livro-luz-de-lisboa-a-cidade-aos-olhos-de-um-holandes\\\/#breadcrumb\"},\"inLanguage\":\"pt-BR\",\"potentialAction\":[{\"@type\":\"ReadAction\",\"target\":[\"https:\\\/\\\/arte351.pt\\\/art\\\/2023\\\/09\\\/21\\\/conferencia-sobre-o-livro-luz-de-lisboa-a-cidade-aos-olhos-de-um-holandes\\\/\"]}]},{\"@type\":\"BreadcrumbList\",\"@id\":\"https:\\\/\\\/arte351.pt\\\/art\\\/2023\\\/09\\\/21\\\/conferencia-sobre-o-livro-luz-de-lisboa-a-cidade-aos-olhos-de-um-holandes\\\/#breadcrumb\",\"itemListElement\":[{\"@type\":\"ListItem\",\"position\":1,\"name\":\"In\u00edcio\",\"item\":\"https:\\\/\\\/arte351.pt\\\/art\\\/\"},{\"@type\":\"ListItem\",\"position\":2,\"name\":\"Confer\u00eancia sobre o livro \u201cLuz de Lisboa \u2013 A Cidade aos olhos de um Holand\u00eas\u201d\"}]},{\"@type\":\"WebSite\",\"@id\":\"https:\\\/\\\/arte351.pt\\\/art\\\/#website\",\"url\":\"https:\\\/\\\/arte351.pt\\\/art\\\/\",\"name\":\"Arte351 - Art Magazine Portugal\",\"description\":\"\",\"publisher\":{\"@id\":\"https:\\\/\\\/arte351.pt\\\/art\\\/#organization\"},\"potentialAction\":[{\"@type\":\"SearchAction\",\"target\":{\"@type\":\"EntryPoint\",\"urlTemplate\":\"https:\\\/\\\/arte351.pt\\\/art\\\/?s={search_term_string}\"},\"query-input\":{\"@type\":\"PropertyValueSpecification\",\"valueRequired\":true,\"valueName\":\"search_term_string\"}}],\"inLanguage\":\"pt-BR\"},{\"@type\":\"Organization\",\"@id\":\"https:\\\/\\\/arte351.pt\\\/art\\\/#organization\",\"name\":\"Arte351 - Art Magazine Portugal\",\"url\":\"https:\\\/\\\/arte351.pt\\\/art\\\/\",\"logo\":{\"@type\":\"ImageObject\",\"inLanguage\":\"pt-BR\",\"@id\":\"https:\\\/\\\/arte351.pt\\\/art\\\/#\\\/schema\\\/logo\\\/image\\\/\",\"url\":\"https:\\\/\\\/arte351.pt\\\/art\\\/wp-content\\\/uploads\\\/2020\\\/03\\\/cropped-logo-arte351-color.png\",\"contentUrl\":\"https:\\\/\\\/arte351.pt\\\/art\\\/wp-content\\\/uploads\\\/2020\\\/03\\\/cropped-logo-arte351-color.png\",\"width\":514,\"height\":200,\"caption\":\"Arte351 - Art Magazine Portugal\"},\"image\":{\"@id\":\"https:\\\/\\\/arte351.pt\\\/art\\\/#\\\/schema\\\/logo\\\/image\\\/\"},\"sameAs\":[\"https:\\\/\\\/www.facebook.com\\\/arte351magazine\\\/\"]},{\"@type\":\"Person\",\"@id\":\"https:\\\/\\\/arte351.pt\\\/art\\\/#\\\/schema\\\/person\\\/f2cfae59497206be61c53c217757b930\",\"name\":\"Equipa Arte351\",\"image\":{\"@type\":\"ImageObject\",\"inLanguage\":\"pt-BR\",\"@id\":\"https:\\\/\\\/secure.gravatar.com\\\/avatar\\\/6caca56323d52e15e83fc5635240c86f7e52fd46fa8d5df9a709d99f5aa1638e?s=96&d=mm&r=g\",\"url\":\"https:\\\/\\\/secure.gravatar.com\\\/avatar\\\/6caca56323d52e15e83fc5635240c86f7e52fd46fa8d5df9a709d99f5aa1638e?s=96&d=mm&r=g\",\"contentUrl\":\"https:\\\/\\\/secure.gravatar.com\\\/avatar\\\/6caca56323d52e15e83fc5635240c86f7e52fd46fa8d5df9a709d99f5aa1638e?s=96&d=mm&r=g\",\"caption\":\"Equipa Arte351\"},\"url\":\"https:\\\/\\\/arte351.pt\\\/art\\\/author\\\/caroleenbass\\\/\"}]}<\/script>\n<!-- \/ Yoast SEO plugin. -->","yoast_head_json":{"title":"Confer\u00eancia sobre o livro \u201cLuz de Lisboa \u2013 A Cidade aos olhos de um Holand\u00eas\u201d","description":"confer\u00eancia sobre o livro \u201cLuz de Lisboa \u2013 A Cidade aos olhos de um Holand\u00eas\u201d, de Harrie Lemmens, com Pedro Mexia.","robots":{"index":"index","follow":"follow","max-snippet":"max-snippet:-1","max-image-preview":"max-image-preview:large","max-video-preview":"max-video-preview:-1"},"canonical":"https:\/\/arte351.pt\/art\/2023\/09\/21\/conferencia-sobre-o-livro-luz-de-lisboa-a-cidade-aos-olhos-de-um-holandes\/","og_locale":"pt_BR","og_type":"article","og_title":"Confer\u00eancia sobre o livro \u201cLuz de Lisboa \u2013 A Cidade aos olhos de um Holand\u00eas\u201d","og_description":"confer\u00eancia sobre o livro \u201cLuz de Lisboa \u2013 A Cidade aos olhos de um Holand\u00eas\u201d, de Harrie Lemmens, com Pedro Mexia.","og_url":"https:\/\/arte351.pt\/art\/2023\/09\/21\/conferencia-sobre-o-livro-luz-de-lisboa-a-cidade-aos-olhos-de-um-holandes\/","og_site_name":"Arte351 - Art Magazine Portugal","article_publisher":"https:\/\/www.facebook.com\/arte351magazine\/","article_published_time":"2023-09-21T23:05:29+00:00","article_modified_time":"2023-09-25T23:10:07+00:00","author":"Equipa Arte351","twitter_misc":{"Escrito por":"Equipa Arte351","Est. tempo de leitura":"3 minutos"},"schema":{"@context":"https:\/\/schema.org","@graph":[{"@type":"Article","@id":"https:\/\/arte351.pt\/art\/2023\/09\/21\/conferencia-sobre-o-livro-luz-de-lisboa-a-cidade-aos-olhos-de-um-holandes\/#article","isPartOf":{"@id":"https:\/\/arte351.pt\/art\/2023\/09\/21\/conferencia-sobre-o-livro-luz-de-lisboa-a-cidade-aos-olhos-de-um-holandes\/"},"author":{"name":"Equipa Arte351","@id":"https:\/\/arte351.pt\/art\/#\/schema\/person\/f2cfae59497206be61c53c217757b930"},"headline":"Confer\u00eancia sobre o livro \u201cLuz de Lisboa \u2013 A Cidade aos olhos de um Holand\u00eas\u201d","datePublished":"2023-09-21T23:05:29+00:00","dateModified":"2023-09-25T23:10:07+00:00","mainEntityOfPage":{"@id":"https:\/\/arte351.pt\/art\/2023\/09\/21\/conferencia-sobre-o-livro-luz-de-lisboa-a-cidade-aos-olhos-de-um-holandes\/"},"wordCount":530,"publisher":{"@id":"https:\/\/arte351.pt\/art\/#organization"},"keywords":["El Corte Ingl\u00e9s"],"articleSection":["Blog ARTE-351"],"inLanguage":"pt-BR"},{"@type":"WebPage","@id":"https:\/\/arte351.pt\/art\/2023\/09\/21\/conferencia-sobre-o-livro-luz-de-lisboa-a-cidade-aos-olhos-de-um-holandes\/","url":"https:\/\/arte351.pt\/art\/2023\/09\/21\/conferencia-sobre-o-livro-luz-de-lisboa-a-cidade-aos-olhos-de-um-holandes\/","name":"Confer\u00eancia sobre o livro \u201cLuz de Lisboa \u2013 A Cidade aos olhos de um Holand\u00eas\u201d","isPartOf":{"@id":"https:\/\/arte351.pt\/art\/#website"},"datePublished":"2023-09-21T23:05:29+00:00","dateModified":"2023-09-25T23:10:07+00:00","description":"confer\u00eancia sobre o livro \u201cLuz de Lisboa \u2013 A Cidade aos olhos de um Holand\u00eas\u201d, de Harrie Lemmens, com Pedro Mexia.","breadcrumb":{"@id":"https:\/\/arte351.pt\/art\/2023\/09\/21\/conferencia-sobre-o-livro-luz-de-lisboa-a-cidade-aos-olhos-de-um-holandes\/#breadcrumb"},"inLanguage":"pt-BR","potentialAction":[{"@type":"ReadAction","target":["https:\/\/arte351.pt\/art\/2023\/09\/21\/conferencia-sobre-o-livro-luz-de-lisboa-a-cidade-aos-olhos-de-um-holandes\/"]}]},{"@type":"BreadcrumbList","@id":"https:\/\/arte351.pt\/art\/2023\/09\/21\/conferencia-sobre-o-livro-luz-de-lisboa-a-cidade-aos-olhos-de-um-holandes\/#breadcrumb","itemListElement":[{"@type":"ListItem","position":1,"name":"In\u00edcio","item":"https:\/\/arte351.pt\/art\/"},{"@type":"ListItem","position":2,"name":"Confer\u00eancia sobre o livro \u201cLuz de Lisboa \u2013 A Cidade aos olhos de um Holand\u00eas\u201d"}]},{"@type":"WebSite","@id":"https:\/\/arte351.pt\/art\/#website","url":"https:\/\/arte351.pt\/art\/","name":"Arte351 - Art Magazine Portugal","description":"","publisher":{"@id":"https:\/\/arte351.pt\/art\/#organization"},"potentialAction":[{"@type":"SearchAction","target":{"@type":"EntryPoint","urlTemplate":"https:\/\/arte351.pt\/art\/?s={search_term_string}"},"query-input":{"@type":"PropertyValueSpecification","valueRequired":true,"valueName":"search_term_string"}}],"inLanguage":"pt-BR"},{"@type":"Organization","@id":"https:\/\/arte351.pt\/art\/#organization","name":"Arte351 - Art Magazine Portugal","url":"https:\/\/arte351.pt\/art\/","logo":{"@type":"ImageObject","inLanguage":"pt-BR","@id":"https:\/\/arte351.pt\/art\/#\/schema\/logo\/image\/","url":"https:\/\/arte351.pt\/art\/wp-content\/uploads\/2020\/03\/cropped-logo-arte351-color.png","contentUrl":"https:\/\/arte351.pt\/art\/wp-content\/uploads\/2020\/03\/cropped-logo-arte351-color.png","width":514,"height":200,"caption":"Arte351 - Art Magazine Portugal"},"image":{"@id":"https:\/\/arte351.pt\/art\/#\/schema\/logo\/image\/"},"sameAs":["https:\/\/www.facebook.com\/arte351magazine\/"]},{"@type":"Person","@id":"https:\/\/arte351.pt\/art\/#\/schema\/person\/f2cfae59497206be61c53c217757b930","name":"Equipa Arte351","image":{"@type":"ImageObject","inLanguage":"pt-BR","@id":"https:\/\/secure.gravatar.com\/avatar\/6caca56323d52e15e83fc5635240c86f7e52fd46fa8d5df9a709d99f5aa1638e?s=96&d=mm&r=g","url":"https:\/\/secure.gravatar.com\/avatar\/6caca56323d52e15e83fc5635240c86f7e52fd46fa8d5df9a709d99f5aa1638e?s=96&d=mm&r=g","contentUrl":"https:\/\/secure.gravatar.com\/avatar\/6caca56323d52e15e83fc5635240c86f7e52fd46fa8d5df9a709d99f5aa1638e?s=96&d=mm&r=g","caption":"Equipa Arte351"},"url":"https:\/\/arte351.pt\/art\/author\/caroleenbass\/"}]}},"_links":{"self":[{"href":"https:\/\/arte351.pt\/art\/wp-json\/wp\/v2\/posts\/8169","targetHints":{"allow":["GET"]}}],"collection":[{"href":"https:\/\/arte351.pt\/art\/wp-json\/wp\/v2\/posts"}],"about":[{"href":"https:\/\/arte351.pt\/art\/wp-json\/wp\/v2\/types\/post"}],"author":[{"embeddable":true,"href":"https:\/\/arte351.pt\/art\/wp-json\/wp\/v2\/users\/3"}],"replies":[{"embeddable":true,"href":"https:\/\/arte351.pt\/art\/wp-json\/wp\/v2\/comments?post=8169"}],"version-history":[{"count":1,"href":"https:\/\/arte351.pt\/art\/wp-json\/wp\/v2\/posts\/8169\/revisions"}],"predecessor-version":[{"id":8170,"href":"https:\/\/arte351.pt\/art\/wp-json\/wp\/v2\/posts\/8169\/revisions\/8170"}],"wp:attachment":[{"href":"https:\/\/arte351.pt\/art\/wp-json\/wp\/v2\/media?parent=8169"}],"wp:term":[{"taxonomy":"category","embeddable":true,"href":"https:\/\/arte351.pt\/art\/wp-json\/wp\/v2\/categories?post=8169"},{"taxonomy":"post_tag","embeddable":true,"href":"https:\/\/arte351.pt\/art\/wp-json\/wp\/v2\/tags?post=8169"}],"curies":[{"name":"wp","href":"https:\/\/api.w.org\/{rel}","templated":true}]}}