{"id":8173,"date":"2023-09-28T07:31:10","date_gmt":"2023-09-28T07:31:10","guid":{"rendered":"https:\/\/arte351.pt\/art\/?p=8173"},"modified":"2023-09-26T00:34:46","modified_gmt":"2023-09-26T00:34:46","slug":"lugar-cativo-uma-exposicao-a-ceu-aberto-no-centro-do-porto","status":"publish","type":"post","link":"https:\/\/arte351.pt\/art\/2023\/09\/28\/lugar-cativo-uma-exposicao-a-ceu-aberto-no-centro-do-porto\/","title":{"rendered":"Lugar cativo: uma exposi\u00e7\u00e3o a c\u00e9u aberto no centro do Porto"},"content":{"rendered":"<p data-sourcepos=\"3:1-3:240\">O movimento Arte pela Arte, criado pelo Lionesa Group, juntou-se ao projeto Outros Lugares, do Museu Nacional Soares dos Reis, e \u00e0 SIGN para apresentar LUGAR CATIVO, uma exposi\u00e7\u00e3o aberta \u00e0 cidade, de uma sele\u00e7\u00e3o de obras do acervo do museu.<\/p>\n<p data-sourcepos=\"5:1-5:175\">A inaugura\u00e7\u00e3o da exposi\u00e7\u00e3o est\u00e1 agendada para o pr\u00f3ximo dia 29, pelas 15h30, na Rua do Cativo, no Porto, sendo presidida pela Secret\u00e1ria de Estado da Cultura, Isabel Cordeiro.<\/p>\n<p data-sourcepos=\"7:1-7:314\">Lugar Cativo \u00e9 um conjunto de retratos que posiciona o seu olhar sobre a cidade e o espectador, uma observa\u00e7\u00e3o bidirecional entre a personagem representada e o seu p\u00fablico, e vice-versa, num di\u00e1logo desenvolvido \u00e0 medida de cada pessoa. Estas cerca de 40 obras s\u00e3o reprodu\u00e7\u00f5es colocadas nas fachadas dos edif\u00edcios.<\/p>\n<p data-sourcepos=\"9:1-9:242\">A exposi\u00e7\u00e3o assinala tamb\u00e9m o 1\u00ba anivers\u00e1rio do Lionesa Group e d\u00e1 continuidade \u00e0 iniciativa Arte pela Arte, um movimento que v\u00ea na arte uma lupa sobre o territ\u00f3rio, um estetosc\u00f3pio sobre o pr\u00f3ximo, um estereosc\u00f3pio sobre toda uma comunidade.<\/p>\n<p data-sourcepos=\"11:1-11:34\">\n<p data-sourcepos=\"11:1-11:34\"><strong>Sobre o projeto Arte pela Arte<\/strong><\/p>\n<p data-sourcepos=\"13:1-13:583\">O movimento Arte pela Arte teve in\u00edcio aquando do investimento em edif\u00edcios na hist\u00f3rica Rua do Loureiro, no Porto. Emparedados transitoriamente por seguran\u00e7a sanit\u00e1ria e orienta\u00e7\u00f5es municipais, o Lionesa Group come\u00e7ou a interven\u00e7\u00e3o de requalifica\u00e7\u00e3o do edificado abrindo a rua \u00e0 cidade atrav\u00e9s da arte. Cinco interven\u00e7\u00f5es art\u00edsticas foram o resultado da parceria com a Faculdade de Belas Artes da Universidade do Porto (FBAUP). Esta primeira iniciativa proporcionou uma verdadeira galeria de arte ao ar livre, totalmente aberta aos visitantes e habitantes locais da Rua do Loureiro.<\/p>\n<p data-sourcepos=\"15:1-15:34\">\n<p data-sourcepos=\"15:1-15:34\"><strong>Sobre o projeto Outros Lugares<\/strong><\/p>\n<p data-sourcepos=\"17:1-17:292\">O programa Outros Lugares tem como prop\u00f3sito afirmar o Museu Nacional Soares dos Reis como um lugar que extravasa o seu espa\u00e7o e organiza\u00e7\u00e3o formais para envolver curadorias improv\u00e1veis e diferenciadoras atendendo \u00e0 natureza dos parceiros, ao local de apresenta\u00e7\u00e3o e aos respetivos contextos.<\/p>\n<p data-sourcepos=\"19:1-19:451\">No \u00e2mbito deste programa foram j\u00e1 apresentadas a Exposi\u00e7\u00e3o 42 DESENHOS DE ANT\u00d3NIO CARNEIRO PARA O INFERNO DE DANTE, na Casa dos Livros, no Porto; e a Exposi\u00e7\u00e3o CICLO DA VIDA, a qual, a partir da alegoria QUATRO ESTA\u00c7\u00d5ES, uma s\u00e9rie de quatro telas do s\u00e9culo XVII, levou ao Instituto de Ci\u00eancias Biom\u00e9dicas Abel Salazar da Universidade do Porto (ICBAS-UP), um n\u00facleo de pinturas que estabelecem uma rela\u00e7\u00e3o com as diferentes fases da vida do Ser Humano.<\/p>\n<p data-sourcepos=\"21:1-21:13\">\n<p data-sourcepos=\"21:1-21:13\"><strong>Conclus\u00e3o<\/strong><\/p>\n<p data-sourcepos=\"23:1-23:399\">O projeto Lugar Cativo materializa um novo modelo de gest\u00e3o do Patrim\u00f3nio Cultural pela associa\u00e7\u00e3o de entidades p\u00fablicas e entidades privadas, num esfor\u00e7o de democratizar, cada vez mais, o acesso \u00e0 cultura e de confrontar o p\u00fablico com as obras de arte em espa\u00e7os pouco prov\u00e1veis, procurando suscitar a visita \u00e0s obras no seu contexto formal de exposi\u00e7\u00e3o no Museu Nacional Soares dos Reis, no Porto.<\/p>\n<p data-sourcepos=\"25:1-25:11\">\n<p data-sourcepos=\"25:1-25:11\"><strong>An\u00e1lise<\/strong><\/p>\n<p data-sourcepos=\"27:1-27:312\">A exposi\u00e7\u00e3o Lugar Cativo \u00e9 uma iniciativa interessante que visa democratizar o acesso \u00e0 cultura e aproximar as pessoas da arte. A escolha de retratos como tema da exposi\u00e7\u00e3o \u00e9 tamb\u00e9m acertada, pois permite que o p\u00fablico se identifique com as personagens representadas e crie uma rela\u00e7\u00e3o mais pessoal com as obras.<\/p>\n<p data-sourcepos=\"29:1-29:231\">A coloca\u00e7\u00e3o das obras nas fachadas dos edif\u00edcios \u00e9 uma forma original de apresentar a arte ao p\u00fablico. Esta abordagem permite que as pessoas apreciem as obras de arte no seu contexto quotidiano, sem terem de se deslocar a um museu.<\/p>\n<p data-sourcepos=\"31:1-31:258\">A parceria entre o Lionesa Group, o Museu Nacional Soares dos Reis e a SIGN \u00e9 tamb\u00e9m um exemplo positivo de colabora\u00e7\u00e3o entre o setor p\u00fablico e o setor privado. Esta parceria permitiu a realiza\u00e7\u00e3o de uma exposi\u00e7\u00e3o de grande qualidade que \u00e9 acess\u00edvel a todos.<\/p>\n<p data-sourcepos=\"33:1-33:16\">\n<p data-sourcepos=\"33:1-33:16\"><strong>Perspectivas<\/strong><\/p>\n<p data-sourcepos=\"35:1-35:194\">A exposi\u00e7\u00e3o Lugar Cativo \u00e9 uma iniciativa que tem o potencial de ser replicada noutras cidades. Esta abordagem pode ser uma forma eficaz de promover a arte e a cultura junto do p\u00fablico em geral.<\/p>\n<p data-sourcepos=\"37:1-37:126\">O sucesso da exposi\u00e7\u00e3o Lugar Cativo pode contribuir para a sensibiliza\u00e7\u00e3o das pessoas para a import\u00e2ncia da arte e da cultura.<\/p>\n","protected":false},"excerpt":{"rendered":"<p>O movimento Arte pela Arte, criado pelo Lionesa Group, juntou-se ao projeto Outros Lugares, do Museu Nacional Soares dos Reis, e \u00e0 SIGN para apresentar LUGAR CATIVO, uma exposi\u00e7\u00e3o aberta [&hellip;]<\/p>\n","protected":false},"author":3,"featured_media":8174,"comment_status":"closed","ping_status":"closed","sticky":false,"template":"","format":"standard","meta":{"_exactmetrics_skip_tracking":false,"_exactmetrics_sitenote_active":false,"_exactmetrics_sitenote_note":"","_exactmetrics_sitenote_category":0,"_uf_show_specific_survey":0,"_uf_disable_surveys":false,"footnotes":""},"categories":[1],"tags":[1513,86],"class_list":["post-8173","post","type-post","status-publish","format-standard","has-post-thumbnail","hentry","category-sem-categoria","tag-museu-nacional-soares-dos-reis","tag-porto"],"yoast_head":"<!-- This site is optimized with the Yoast SEO plugin v27.3 - https:\/\/yoast.com\/product\/yoast-seo-wordpress\/ -->\n<title>Lugar cativo: uma exposi\u00e7\u00e3o a c\u00e9u aberto no centro do Porto<\/title>\n<meta name=\"description\" content=\"Lugar cativo? Um lugar que representa o que necessariamente? Pode tentar compreender melhor o que se passa..\" \/>\n<meta name=\"robots\" content=\"index, follow, max-snippet:-1, max-image-preview:large, max-video-preview:-1\" \/>\n<link rel=\"canonical\" href=\"https:\/\/arte351.pt\/art\/2023\/09\/28\/lugar-cativo-uma-exposicao-a-ceu-aberto-no-centro-do-porto\/\" \/>\n<meta property=\"og:locale\" content=\"pt_BR\" \/>\n<meta property=\"og:type\" content=\"article\" \/>\n<meta property=\"og:title\" content=\"Lugar cativo: uma exposi\u00e7\u00e3o a c\u00e9u aberto no centro do Porto\" \/>\n<meta property=\"og:description\" content=\"Lugar cativo? Um lugar que representa o que necessariamente? Pode tentar compreender melhor o que se passa..\" \/>\n<meta property=\"og:url\" content=\"https:\/\/arte351.pt\/art\/2023\/09\/28\/lugar-cativo-uma-exposicao-a-ceu-aberto-no-centro-do-porto\/\" \/>\n<meta property=\"og:site_name\" content=\"Arte351 - Art Magazine Portugal\" \/>\n<meta property=\"article:publisher\" content=\"https:\/\/www.facebook.com\/arte351magazine\/\" \/>\n<meta property=\"article:published_time\" content=\"2023-09-28T07:31:10+00:00\" \/>\n<meta property=\"og:image\" content=\"https:\/\/arte351.pt\/art\/wp-content\/uploads\/2023\/09\/lugar-cativo.jpg\" \/>\n\t<meta property=\"og:image:width\" content=\"1200\" \/>\n\t<meta property=\"og:image:height\" content=\"578\" \/>\n\t<meta property=\"og:image:type\" content=\"image\/jpeg\" \/>\n<meta name=\"author\" content=\"Equipa Arte351\" \/>\n<meta name=\"twitter:label1\" content=\"Escrito por\" \/>\n\t<meta name=\"twitter:data1\" content=\"Equipa Arte351\" \/>\n\t<meta name=\"twitter:label2\" content=\"Est. tempo de leitura\" \/>\n\t<meta name=\"twitter:data2\" content=\"4 minutos\" \/>\n<script type=\"application\/ld+json\" class=\"yoast-schema-graph\">{\"@context\":\"https:\\\/\\\/schema.org\",\"@graph\":[{\"@type\":\"Article\",\"@id\":\"https:\\\/\\\/arte351.pt\\\/art\\\/2023\\\/09\\\/28\\\/lugar-cativo-uma-exposicao-a-ceu-aberto-no-centro-do-porto\\\/#article\",\"isPartOf\":{\"@id\":\"https:\\\/\\\/arte351.pt\\\/art\\\/2023\\\/09\\\/28\\\/lugar-cativo-uma-exposicao-a-ceu-aberto-no-centro-do-porto\\\/\"},\"author\":{\"name\":\"Equipa Arte351\",\"@id\":\"https:\\\/\\\/arte351.pt\\\/art\\\/#\\\/schema\\\/person\\\/f2cfae59497206be61c53c217757b930\"},\"headline\":\"Lugar cativo: uma exposi\u00e7\u00e3o a c\u00e9u aberto no centro do Porto\",\"datePublished\":\"2023-09-28T07:31:10+00:00\",\"mainEntityOfPage\":{\"@id\":\"https:\\\/\\\/arte351.pt\\\/art\\\/2023\\\/09\\\/28\\\/lugar-cativo-uma-exposicao-a-ceu-aberto-no-centro-do-porto\\\/\"},\"wordCount\":714,\"publisher\":{\"@id\":\"https:\\\/\\\/arte351.pt\\\/art\\\/#organization\"},\"image\":{\"@id\":\"https:\\\/\\\/arte351.pt\\\/art\\\/2023\\\/09\\\/28\\\/lugar-cativo-uma-exposicao-a-ceu-aberto-no-centro-do-porto\\\/#primaryimage\"},\"thumbnailUrl\":\"https:\\\/\\\/arte351.pt\\\/art\\\/wp-content\\\/uploads\\\/2023\\\/09\\\/lugar-cativo.jpg\",\"keywords\":[\"Museu Nacional Soares dos Reis\",\"porto\"],\"articleSection\":[\"Blog ARTE-351\"],\"inLanguage\":\"pt-BR\"},{\"@type\":\"WebPage\",\"@id\":\"https:\\\/\\\/arte351.pt\\\/art\\\/2023\\\/09\\\/28\\\/lugar-cativo-uma-exposicao-a-ceu-aberto-no-centro-do-porto\\\/\",\"url\":\"https:\\\/\\\/arte351.pt\\\/art\\\/2023\\\/09\\\/28\\\/lugar-cativo-uma-exposicao-a-ceu-aberto-no-centro-do-porto\\\/\",\"name\":\"Lugar cativo: uma exposi\u00e7\u00e3o a c\u00e9u aberto no centro do Porto\",\"isPartOf\":{\"@id\":\"https:\\\/\\\/arte351.pt\\\/art\\\/#website\"},\"primaryImageOfPage\":{\"@id\":\"https:\\\/\\\/arte351.pt\\\/art\\\/2023\\\/09\\\/28\\\/lugar-cativo-uma-exposicao-a-ceu-aberto-no-centro-do-porto\\\/#primaryimage\"},\"image\":{\"@id\":\"https:\\\/\\\/arte351.pt\\\/art\\\/2023\\\/09\\\/28\\\/lugar-cativo-uma-exposicao-a-ceu-aberto-no-centro-do-porto\\\/#primaryimage\"},\"thumbnailUrl\":\"https:\\\/\\\/arte351.pt\\\/art\\\/wp-content\\\/uploads\\\/2023\\\/09\\\/lugar-cativo.jpg\",\"datePublished\":\"2023-09-28T07:31:10+00:00\",\"description\":\"Lugar cativo? Um lugar que representa o que necessariamente? Pode tentar compreender melhor o que se passa..\",\"breadcrumb\":{\"@id\":\"https:\\\/\\\/arte351.pt\\\/art\\\/2023\\\/09\\\/28\\\/lugar-cativo-uma-exposicao-a-ceu-aberto-no-centro-do-porto\\\/#breadcrumb\"},\"inLanguage\":\"pt-BR\",\"potentialAction\":[{\"@type\":\"ReadAction\",\"target\":[\"https:\\\/\\\/arte351.pt\\\/art\\\/2023\\\/09\\\/28\\\/lugar-cativo-uma-exposicao-a-ceu-aberto-no-centro-do-porto\\\/\"]}]},{\"@type\":\"ImageObject\",\"inLanguage\":\"pt-BR\",\"@id\":\"https:\\\/\\\/arte351.pt\\\/art\\\/2023\\\/09\\\/28\\\/lugar-cativo-uma-exposicao-a-ceu-aberto-no-centro-do-porto\\\/#primaryimage\",\"url\":\"https:\\\/\\\/arte351.pt\\\/art\\\/wp-content\\\/uploads\\\/2023\\\/09\\\/lugar-cativo.jpg\",\"contentUrl\":\"https:\\\/\\\/arte351.pt\\\/art\\\/wp-content\\\/uploads\\\/2023\\\/09\\\/lugar-cativo.jpg\",\"width\":1200,\"height\":578},{\"@type\":\"BreadcrumbList\",\"@id\":\"https:\\\/\\\/arte351.pt\\\/art\\\/2023\\\/09\\\/28\\\/lugar-cativo-uma-exposicao-a-ceu-aberto-no-centro-do-porto\\\/#breadcrumb\",\"itemListElement\":[{\"@type\":\"ListItem\",\"position\":1,\"name\":\"In\u00edcio\",\"item\":\"https:\\\/\\\/arte351.pt\\\/art\\\/\"},{\"@type\":\"ListItem\",\"position\":2,\"name\":\"Lugar cativo: uma exposi\u00e7\u00e3o a c\u00e9u aberto no centro do Porto\"}]},{\"@type\":\"WebSite\",\"@id\":\"https:\\\/\\\/arte351.pt\\\/art\\\/#website\",\"url\":\"https:\\\/\\\/arte351.pt\\\/art\\\/\",\"name\":\"Arte351 - Art Magazine Portugal\",\"description\":\"\",\"publisher\":{\"@id\":\"https:\\\/\\\/arte351.pt\\\/art\\\/#organization\"},\"potentialAction\":[{\"@type\":\"SearchAction\",\"target\":{\"@type\":\"EntryPoint\",\"urlTemplate\":\"https:\\\/\\\/arte351.pt\\\/art\\\/?s={search_term_string}\"},\"query-input\":{\"@type\":\"PropertyValueSpecification\",\"valueRequired\":true,\"valueName\":\"search_term_string\"}}],\"inLanguage\":\"pt-BR\"},{\"@type\":\"Organization\",\"@id\":\"https:\\\/\\\/arte351.pt\\\/art\\\/#organization\",\"name\":\"Arte351 - Art Magazine Portugal\",\"url\":\"https:\\\/\\\/arte351.pt\\\/art\\\/\",\"logo\":{\"@type\":\"ImageObject\",\"inLanguage\":\"pt-BR\",\"@id\":\"https:\\\/\\\/arte351.pt\\\/art\\\/#\\\/schema\\\/logo\\\/image\\\/\",\"url\":\"https:\\\/\\\/arte351.pt\\\/art\\\/wp-content\\\/uploads\\\/2020\\\/03\\\/cropped-logo-arte351-color.png\",\"contentUrl\":\"https:\\\/\\\/arte351.pt\\\/art\\\/wp-content\\\/uploads\\\/2020\\\/03\\\/cropped-logo-arte351-color.png\",\"width\":514,\"height\":200,\"caption\":\"Arte351 - Art Magazine Portugal\"},\"image\":{\"@id\":\"https:\\\/\\\/arte351.pt\\\/art\\\/#\\\/schema\\\/logo\\\/image\\\/\"},\"sameAs\":[\"https:\\\/\\\/www.facebook.com\\\/arte351magazine\\\/\"]},{\"@type\":\"Person\",\"@id\":\"https:\\\/\\\/arte351.pt\\\/art\\\/#\\\/schema\\\/person\\\/f2cfae59497206be61c53c217757b930\",\"name\":\"Equipa Arte351\",\"image\":{\"@type\":\"ImageObject\",\"inLanguage\":\"pt-BR\",\"@id\":\"https:\\\/\\\/secure.gravatar.com\\\/avatar\\\/6caca56323d52e15e83fc5635240c86f7e52fd46fa8d5df9a709d99f5aa1638e?s=96&d=mm&r=g\",\"url\":\"https:\\\/\\\/secure.gravatar.com\\\/avatar\\\/6caca56323d52e15e83fc5635240c86f7e52fd46fa8d5df9a709d99f5aa1638e?s=96&d=mm&r=g\",\"contentUrl\":\"https:\\\/\\\/secure.gravatar.com\\\/avatar\\\/6caca56323d52e15e83fc5635240c86f7e52fd46fa8d5df9a709d99f5aa1638e?s=96&d=mm&r=g\",\"caption\":\"Equipa Arte351\"},\"url\":\"https:\\\/\\\/arte351.pt\\\/art\\\/author\\\/caroleenbass\\\/\"}]}<\/script>\n<!-- \/ Yoast SEO plugin. -->","yoast_head_json":{"title":"Lugar cativo: uma exposi\u00e7\u00e3o a c\u00e9u aberto no centro do Porto","description":"Lugar cativo? Um lugar que representa o que necessariamente? Pode tentar compreender melhor o que se passa..","robots":{"index":"index","follow":"follow","max-snippet":"max-snippet:-1","max-image-preview":"max-image-preview:large","max-video-preview":"max-video-preview:-1"},"canonical":"https:\/\/arte351.pt\/art\/2023\/09\/28\/lugar-cativo-uma-exposicao-a-ceu-aberto-no-centro-do-porto\/","og_locale":"pt_BR","og_type":"article","og_title":"Lugar cativo: uma exposi\u00e7\u00e3o a c\u00e9u aberto no centro do Porto","og_description":"Lugar cativo? Um lugar que representa o que necessariamente? Pode tentar compreender melhor o que se passa..","og_url":"https:\/\/arte351.pt\/art\/2023\/09\/28\/lugar-cativo-uma-exposicao-a-ceu-aberto-no-centro-do-porto\/","og_site_name":"Arte351 - Art Magazine Portugal","article_publisher":"https:\/\/www.facebook.com\/arte351magazine\/","article_published_time":"2023-09-28T07:31:10+00:00","og_image":[{"width":1200,"height":578,"url":"https:\/\/arte351.pt\/art\/wp-content\/uploads\/2023\/09\/lugar-cativo.jpg","type":"image\/jpeg"}],"author":"Equipa Arte351","twitter_misc":{"Escrito por":"Equipa Arte351","Est. tempo de leitura":"4 minutos"},"schema":{"@context":"https:\/\/schema.org","@graph":[{"@type":"Article","@id":"https:\/\/arte351.pt\/art\/2023\/09\/28\/lugar-cativo-uma-exposicao-a-ceu-aberto-no-centro-do-porto\/#article","isPartOf":{"@id":"https:\/\/arte351.pt\/art\/2023\/09\/28\/lugar-cativo-uma-exposicao-a-ceu-aberto-no-centro-do-porto\/"},"author":{"name":"Equipa Arte351","@id":"https:\/\/arte351.pt\/art\/#\/schema\/person\/f2cfae59497206be61c53c217757b930"},"headline":"Lugar cativo: uma exposi\u00e7\u00e3o a c\u00e9u aberto no centro do Porto","datePublished":"2023-09-28T07:31:10+00:00","mainEntityOfPage":{"@id":"https:\/\/arte351.pt\/art\/2023\/09\/28\/lugar-cativo-uma-exposicao-a-ceu-aberto-no-centro-do-porto\/"},"wordCount":714,"publisher":{"@id":"https:\/\/arte351.pt\/art\/#organization"},"image":{"@id":"https:\/\/arte351.pt\/art\/2023\/09\/28\/lugar-cativo-uma-exposicao-a-ceu-aberto-no-centro-do-porto\/#primaryimage"},"thumbnailUrl":"https:\/\/arte351.pt\/art\/wp-content\/uploads\/2023\/09\/lugar-cativo.jpg","keywords":["Museu Nacional Soares dos Reis","porto"],"articleSection":["Blog ARTE-351"],"inLanguage":"pt-BR"},{"@type":"WebPage","@id":"https:\/\/arte351.pt\/art\/2023\/09\/28\/lugar-cativo-uma-exposicao-a-ceu-aberto-no-centro-do-porto\/","url":"https:\/\/arte351.pt\/art\/2023\/09\/28\/lugar-cativo-uma-exposicao-a-ceu-aberto-no-centro-do-porto\/","name":"Lugar cativo: uma exposi\u00e7\u00e3o a c\u00e9u aberto no centro do Porto","isPartOf":{"@id":"https:\/\/arte351.pt\/art\/#website"},"primaryImageOfPage":{"@id":"https:\/\/arte351.pt\/art\/2023\/09\/28\/lugar-cativo-uma-exposicao-a-ceu-aberto-no-centro-do-porto\/#primaryimage"},"image":{"@id":"https:\/\/arte351.pt\/art\/2023\/09\/28\/lugar-cativo-uma-exposicao-a-ceu-aberto-no-centro-do-porto\/#primaryimage"},"thumbnailUrl":"https:\/\/arte351.pt\/art\/wp-content\/uploads\/2023\/09\/lugar-cativo.jpg","datePublished":"2023-09-28T07:31:10+00:00","description":"Lugar cativo? Um lugar que representa o que necessariamente? Pode tentar compreender melhor o que se passa..","breadcrumb":{"@id":"https:\/\/arte351.pt\/art\/2023\/09\/28\/lugar-cativo-uma-exposicao-a-ceu-aberto-no-centro-do-porto\/#breadcrumb"},"inLanguage":"pt-BR","potentialAction":[{"@type":"ReadAction","target":["https:\/\/arte351.pt\/art\/2023\/09\/28\/lugar-cativo-uma-exposicao-a-ceu-aberto-no-centro-do-porto\/"]}]},{"@type":"ImageObject","inLanguage":"pt-BR","@id":"https:\/\/arte351.pt\/art\/2023\/09\/28\/lugar-cativo-uma-exposicao-a-ceu-aberto-no-centro-do-porto\/#primaryimage","url":"https:\/\/arte351.pt\/art\/wp-content\/uploads\/2023\/09\/lugar-cativo.jpg","contentUrl":"https:\/\/arte351.pt\/art\/wp-content\/uploads\/2023\/09\/lugar-cativo.jpg","width":1200,"height":578},{"@type":"BreadcrumbList","@id":"https:\/\/arte351.pt\/art\/2023\/09\/28\/lugar-cativo-uma-exposicao-a-ceu-aberto-no-centro-do-porto\/#breadcrumb","itemListElement":[{"@type":"ListItem","position":1,"name":"In\u00edcio","item":"https:\/\/arte351.pt\/art\/"},{"@type":"ListItem","position":2,"name":"Lugar cativo: uma exposi\u00e7\u00e3o a c\u00e9u aberto no centro do Porto"}]},{"@type":"WebSite","@id":"https:\/\/arte351.pt\/art\/#website","url":"https:\/\/arte351.pt\/art\/","name":"Arte351 - Art Magazine Portugal","description":"","publisher":{"@id":"https:\/\/arte351.pt\/art\/#organization"},"potentialAction":[{"@type":"SearchAction","target":{"@type":"EntryPoint","urlTemplate":"https:\/\/arte351.pt\/art\/?s={search_term_string}"},"query-input":{"@type":"PropertyValueSpecification","valueRequired":true,"valueName":"search_term_string"}}],"inLanguage":"pt-BR"},{"@type":"Organization","@id":"https:\/\/arte351.pt\/art\/#organization","name":"Arte351 - Art Magazine Portugal","url":"https:\/\/arte351.pt\/art\/","logo":{"@type":"ImageObject","inLanguage":"pt-BR","@id":"https:\/\/arte351.pt\/art\/#\/schema\/logo\/image\/","url":"https:\/\/arte351.pt\/art\/wp-content\/uploads\/2020\/03\/cropped-logo-arte351-color.png","contentUrl":"https:\/\/arte351.pt\/art\/wp-content\/uploads\/2020\/03\/cropped-logo-arte351-color.png","width":514,"height":200,"caption":"Arte351 - Art Magazine Portugal"},"image":{"@id":"https:\/\/arte351.pt\/art\/#\/schema\/logo\/image\/"},"sameAs":["https:\/\/www.facebook.com\/arte351magazine\/"]},{"@type":"Person","@id":"https:\/\/arte351.pt\/art\/#\/schema\/person\/f2cfae59497206be61c53c217757b930","name":"Equipa Arte351","image":{"@type":"ImageObject","inLanguage":"pt-BR","@id":"https:\/\/secure.gravatar.com\/avatar\/6caca56323d52e15e83fc5635240c86f7e52fd46fa8d5df9a709d99f5aa1638e?s=96&d=mm&r=g","url":"https:\/\/secure.gravatar.com\/avatar\/6caca56323d52e15e83fc5635240c86f7e52fd46fa8d5df9a709d99f5aa1638e?s=96&d=mm&r=g","contentUrl":"https:\/\/secure.gravatar.com\/avatar\/6caca56323d52e15e83fc5635240c86f7e52fd46fa8d5df9a709d99f5aa1638e?s=96&d=mm&r=g","caption":"Equipa Arte351"},"url":"https:\/\/arte351.pt\/art\/author\/caroleenbass\/"}]}},"_links":{"self":[{"href":"https:\/\/arte351.pt\/art\/wp-json\/wp\/v2\/posts\/8173","targetHints":{"allow":["GET"]}}],"collection":[{"href":"https:\/\/arte351.pt\/art\/wp-json\/wp\/v2\/posts"}],"about":[{"href":"https:\/\/arte351.pt\/art\/wp-json\/wp\/v2\/types\/post"}],"author":[{"embeddable":true,"href":"https:\/\/arte351.pt\/art\/wp-json\/wp\/v2\/users\/3"}],"replies":[{"embeddable":true,"href":"https:\/\/arte351.pt\/art\/wp-json\/wp\/v2\/comments?post=8173"}],"version-history":[{"count":1,"href":"https:\/\/arte351.pt\/art\/wp-json\/wp\/v2\/posts\/8173\/revisions"}],"predecessor-version":[{"id":8175,"href":"https:\/\/arte351.pt\/art\/wp-json\/wp\/v2\/posts\/8173\/revisions\/8175"}],"wp:featuredmedia":[{"embeddable":true,"href":"https:\/\/arte351.pt\/art\/wp-json\/wp\/v2\/media\/8174"}],"wp:attachment":[{"href":"https:\/\/arte351.pt\/art\/wp-json\/wp\/v2\/media?parent=8173"}],"wp:term":[{"taxonomy":"category","embeddable":true,"href":"https:\/\/arte351.pt\/art\/wp-json\/wp\/v2\/categories?post=8173"},{"taxonomy":"post_tag","embeddable":true,"href":"https:\/\/arte351.pt\/art\/wp-json\/wp\/v2\/tags?post=8173"}],"curies":[{"name":"wp","href":"https:\/\/api.w.org\/{rel}","templated":true}]}}