{"id":8176,"date":"2023-09-27T07:29:12","date_gmt":"2023-09-27T07:29:12","guid":{"rendered":"https:\/\/arte351.pt\/art\/?p=8176"},"modified":"2023-09-26T10:34:19","modified_gmt":"2023-09-26T10:34:19","slug":"tdi-estreia-em-lisboa-oito-obras-que-cruzam-a-arte-ao-vivo-e-a-imagem","status":"publish","type":"post","link":"https:\/\/arte351.pt\/art\/2023\/09\/27\/tdi-estreia-em-lisboa-oito-obras-que-cruzam-a-arte-ao-vivo-e-a-imagem\/","title":{"rendered":"TdI estreia em Lisboa oito obras que cruzam a arte ao vivo e a imagem"},"content":{"rendered":"<p>Com cinco novas obras e tr\u00eas estreias em Lisboa, o Momento II do Temps d\u2019Images 2023 apresenta-se entre 13 de Outubro e 12 de Novembro, numa mostra \u00fanica de cruzamento entre a arte ao vivo e a imagem.<\/p>\n<p>O Momento II do TdI inicia-se com a estreia absoluta da pe\u00e7a Temos Apenas o Presente, de Manuela Marques, a 13 e 14 de Outubro, no Centro Cultural de Bel\u00e9m.<\/p>\n<p>Uma semana depois, entre 19 e 21, LOBA, performance de Mariana Pacheco de Medeiros, mostra-se pela primeira vez em Lisboa, na Appleton.<\/p>\n<p>Neste fim-de-semana apresenta-se tamb\u00e9m as performances vaziopleno, de M\u00e1rio Afonso, no Centro de Artes de Lisboa e Varia\u00e7\u00f5es sobre o tempo dos jacarand\u00e1s, de Sofia Dinger e Yaw Tembe, na Casa da Esta\u00e7\u00e3o, ambas em estreia absoluta.<\/p>\n<p>No s\u00e1bado, 21 de Outubro, estreia em Lisboa, em colabora\u00e7\u00e3o com Doclisboa e Family Film Project, ANDROMEDA, de Luciana Fina, na Cinemateca Portuguesa.<\/p>\n<p>A 27 e 28 de Outubro, Joana de Verona traz performance-instala\u00e7\u00e3o KALI, a quarta estreia absoluta deste Momento II, \u00e0 Rua das Gaivotas, 6.<\/p>\n<p>Entrando em Novembro, a 2 e 3, a performance Trans*Performatividade, de Aura, estreia no Mono Lisboa e o Momento II do Temps d\u2019Images encerra com a estreia absoluta da pe\u00e7a A Bola de Cristal, de Lu\u00edsa Fidalgo, no Caf\u00e9 Teatro Cinearte (A Barraca), a 11 e 12 de Novembro.<\/p>\n<p>E, neste \u00faltimo domingo, terminada a apresenta\u00e7\u00e3o da programa\u00e7\u00e3o, o Momento II convida para a Festa TDI na Duplacena77 (Regueir\u00e3o dos Anjos, 77, Lisboa), entre as 19h00 e as 22h00.<\/p>\n<p>Desde a sua primeira edi\u00e7\u00e3o que o Temps d&#8217;Images tem como principal objectivo apoiar a cria\u00e7\u00e3o contempor\u00e2nea e os seus protagonistas, promovendo a aproxima\u00e7\u00e3o entre artistas, programadores e p\u00fablico, e fomentando a circula\u00e7\u00e3o e apresenta\u00e7\u00e3o de trabalhos de relevo.<\/p>\n","protected":false},"excerpt":{"rendered":"<p>Com cinco novas obras e tr\u00eas estreias em Lisboa, o Momento II do Temps d\u2019Images 2023 apresenta-se entre 13 de Outubro e 12 de Novembro, numa mostra \u00fanica de cruzamento [&hellip;]<\/p>\n","protected":false},"author":3,"featured_media":0,"comment_status":"closed","ping_status":"closed","sticky":false,"template":"","format":"standard","meta":{"_exactmetrics_skip_tracking":false,"_exactmetrics_sitenote_active":false,"_exactmetrics_sitenote_note":"","_exactmetrics_sitenote_category":0,"_uf_show_specific_survey":0,"_uf_disable_surveys":false,"footnotes":""},"categories":[1],"tags":[1179],"class_list":["post-8176","post","type-post","status-publish","format-standard","hentry","category-sem-categoria","tag-temps-dimages"],"yoast_head":"<!-- This site is optimized with the Yoast SEO plugin v27.3 - https:\/\/yoast.com\/product\/yoast-seo-wordpress\/ -->\n<title>TdI estreia em Lisboa oito obras que cruzam a arte ao vivo e a imagem<\/title>\n<meta name=\"robots\" content=\"index, follow, max-snippet:-1, max-image-preview:large, max-video-preview:-1\" \/>\n<link rel=\"canonical\" href=\"https:\/\/arte351.pt\/art\/2023\/09\/27\/tdi-estreia-em-lisboa-oito-obras-que-cruzam-a-arte-ao-vivo-e-a-imagem\/\" \/>\n<meta property=\"og:locale\" content=\"pt_BR\" \/>\n<meta property=\"og:type\" content=\"article\" \/>\n<meta property=\"og:title\" content=\"TdI estreia em Lisboa oito obras que cruzam a arte ao vivo e a imagem\" \/>\n<meta property=\"og:description\" content=\"Com cinco novas obras e tr\u00eas estreias em Lisboa, o Momento II do Temps d\u2019Images 2023 apresenta-se entre 13 de Outubro e 12 de Novembro, numa mostra \u00fanica de cruzamento [&hellip;]\" \/>\n<meta property=\"og:url\" content=\"https:\/\/arte351.pt\/art\/2023\/09\/27\/tdi-estreia-em-lisboa-oito-obras-que-cruzam-a-arte-ao-vivo-e-a-imagem\/\" \/>\n<meta property=\"og:site_name\" content=\"Arte351 - Art Magazine Portugal\" \/>\n<meta property=\"article:publisher\" content=\"https:\/\/www.facebook.com\/arte351magazine\/\" \/>\n<meta property=\"article:published_time\" content=\"2023-09-27T07:29:12+00:00\" \/>\n<meta name=\"author\" content=\"Equipa Arte351\" \/>\n<meta name=\"twitter:label1\" content=\"Escrito por\" \/>\n\t<meta name=\"twitter:data1\" content=\"Equipa Arte351\" \/>\n\t<meta name=\"twitter:label2\" content=\"Est. tempo de leitura\" \/>\n\t<meta name=\"twitter:data2\" content=\"2 minutos\" \/>\n<script type=\"application\/ld+json\" class=\"yoast-schema-graph\">{\"@context\":\"https:\\\/\\\/schema.org\",\"@graph\":[{\"@type\":\"Article\",\"@id\":\"https:\\\/\\\/arte351.pt\\\/art\\\/2023\\\/09\\\/27\\\/tdi-estreia-em-lisboa-oito-obras-que-cruzam-a-arte-ao-vivo-e-a-imagem\\\/#article\",\"isPartOf\":{\"@id\":\"https:\\\/\\\/arte351.pt\\\/art\\\/2023\\\/09\\\/27\\\/tdi-estreia-em-lisboa-oito-obras-que-cruzam-a-arte-ao-vivo-e-a-imagem\\\/\"},\"author\":{\"name\":\"Equipa Arte351\",\"@id\":\"https:\\\/\\\/arte351.pt\\\/art\\\/#\\\/schema\\\/person\\\/f2cfae59497206be61c53c217757b930\"},\"headline\":\"TdI estreia em Lisboa oito obras que cruzam a arte ao vivo e a imagem\",\"datePublished\":\"2023-09-27T07:29:12+00:00\",\"mainEntityOfPage\":{\"@id\":\"https:\\\/\\\/arte351.pt\\\/art\\\/2023\\\/09\\\/27\\\/tdi-estreia-em-lisboa-oito-obras-que-cruzam-a-arte-ao-vivo-e-a-imagem\\\/\"},\"wordCount\":316,\"publisher\":{\"@id\":\"https:\\\/\\\/arte351.pt\\\/art\\\/#organization\"},\"keywords\":[\"Temps d\u2019Images\"],\"articleSection\":[\"Blog ARTE-351\"],\"inLanguage\":\"pt-BR\"},{\"@type\":\"WebPage\",\"@id\":\"https:\\\/\\\/arte351.pt\\\/art\\\/2023\\\/09\\\/27\\\/tdi-estreia-em-lisboa-oito-obras-que-cruzam-a-arte-ao-vivo-e-a-imagem\\\/\",\"url\":\"https:\\\/\\\/arte351.pt\\\/art\\\/2023\\\/09\\\/27\\\/tdi-estreia-em-lisboa-oito-obras-que-cruzam-a-arte-ao-vivo-e-a-imagem\\\/\",\"name\":\"TdI estreia em Lisboa oito obras que cruzam a arte ao vivo e a imagem\",\"isPartOf\":{\"@id\":\"https:\\\/\\\/arte351.pt\\\/art\\\/#website\"},\"datePublished\":\"2023-09-27T07:29:12+00:00\",\"breadcrumb\":{\"@id\":\"https:\\\/\\\/arte351.pt\\\/art\\\/2023\\\/09\\\/27\\\/tdi-estreia-em-lisboa-oito-obras-que-cruzam-a-arte-ao-vivo-e-a-imagem\\\/#breadcrumb\"},\"inLanguage\":\"pt-BR\",\"potentialAction\":[{\"@type\":\"ReadAction\",\"target\":[\"https:\\\/\\\/arte351.pt\\\/art\\\/2023\\\/09\\\/27\\\/tdi-estreia-em-lisboa-oito-obras-que-cruzam-a-arte-ao-vivo-e-a-imagem\\\/\"]}]},{\"@type\":\"BreadcrumbList\",\"@id\":\"https:\\\/\\\/arte351.pt\\\/art\\\/2023\\\/09\\\/27\\\/tdi-estreia-em-lisboa-oito-obras-que-cruzam-a-arte-ao-vivo-e-a-imagem\\\/#breadcrumb\",\"itemListElement\":[{\"@type\":\"ListItem\",\"position\":1,\"name\":\"In\u00edcio\",\"item\":\"https:\\\/\\\/arte351.pt\\\/art\\\/\"},{\"@type\":\"ListItem\",\"position\":2,\"name\":\"TdI estreia em Lisboa oito obras que cruzam a arte ao vivo e a imagem\"}]},{\"@type\":\"WebSite\",\"@id\":\"https:\\\/\\\/arte351.pt\\\/art\\\/#website\",\"url\":\"https:\\\/\\\/arte351.pt\\\/art\\\/\",\"name\":\"Arte351 - Art Magazine Portugal\",\"description\":\"\",\"publisher\":{\"@id\":\"https:\\\/\\\/arte351.pt\\\/art\\\/#organization\"},\"potentialAction\":[{\"@type\":\"SearchAction\",\"target\":{\"@type\":\"EntryPoint\",\"urlTemplate\":\"https:\\\/\\\/arte351.pt\\\/art\\\/?s={search_term_string}\"},\"query-input\":{\"@type\":\"PropertyValueSpecification\",\"valueRequired\":true,\"valueName\":\"search_term_string\"}}],\"inLanguage\":\"pt-BR\"},{\"@type\":\"Organization\",\"@id\":\"https:\\\/\\\/arte351.pt\\\/art\\\/#organization\",\"name\":\"Arte351 - Art Magazine Portugal\",\"url\":\"https:\\\/\\\/arte351.pt\\\/art\\\/\",\"logo\":{\"@type\":\"ImageObject\",\"inLanguage\":\"pt-BR\",\"@id\":\"https:\\\/\\\/arte351.pt\\\/art\\\/#\\\/schema\\\/logo\\\/image\\\/\",\"url\":\"https:\\\/\\\/arte351.pt\\\/art\\\/wp-content\\\/uploads\\\/2020\\\/03\\\/cropped-logo-arte351-color.png\",\"contentUrl\":\"https:\\\/\\\/arte351.pt\\\/art\\\/wp-content\\\/uploads\\\/2020\\\/03\\\/cropped-logo-arte351-color.png\",\"width\":514,\"height\":200,\"caption\":\"Arte351 - Art Magazine Portugal\"},\"image\":{\"@id\":\"https:\\\/\\\/arte351.pt\\\/art\\\/#\\\/schema\\\/logo\\\/image\\\/\"},\"sameAs\":[\"https:\\\/\\\/www.facebook.com\\\/arte351magazine\\\/\"]},{\"@type\":\"Person\",\"@id\":\"https:\\\/\\\/arte351.pt\\\/art\\\/#\\\/schema\\\/person\\\/f2cfae59497206be61c53c217757b930\",\"name\":\"Equipa Arte351\",\"image\":{\"@type\":\"ImageObject\",\"inLanguage\":\"pt-BR\",\"@id\":\"https:\\\/\\\/secure.gravatar.com\\\/avatar\\\/6caca56323d52e15e83fc5635240c86f7e52fd46fa8d5df9a709d99f5aa1638e?s=96&d=mm&r=g\",\"url\":\"https:\\\/\\\/secure.gravatar.com\\\/avatar\\\/6caca56323d52e15e83fc5635240c86f7e52fd46fa8d5df9a709d99f5aa1638e?s=96&d=mm&r=g\",\"contentUrl\":\"https:\\\/\\\/secure.gravatar.com\\\/avatar\\\/6caca56323d52e15e83fc5635240c86f7e52fd46fa8d5df9a709d99f5aa1638e?s=96&d=mm&r=g\",\"caption\":\"Equipa Arte351\"},\"url\":\"https:\\\/\\\/arte351.pt\\\/art\\\/author\\\/caroleenbass\\\/\"}]}<\/script>\n<!-- \/ Yoast SEO plugin. -->","yoast_head_json":{"title":"TdI estreia em Lisboa oito obras que cruzam a arte ao vivo e a imagem","robots":{"index":"index","follow":"follow","max-snippet":"max-snippet:-1","max-image-preview":"max-image-preview:large","max-video-preview":"max-video-preview:-1"},"canonical":"https:\/\/arte351.pt\/art\/2023\/09\/27\/tdi-estreia-em-lisboa-oito-obras-que-cruzam-a-arte-ao-vivo-e-a-imagem\/","og_locale":"pt_BR","og_type":"article","og_title":"TdI estreia em Lisboa oito obras que cruzam a arte ao vivo e a imagem","og_description":"Com cinco novas obras e tr\u00eas estreias em Lisboa, o Momento II do Temps d\u2019Images 2023 apresenta-se entre 13 de Outubro e 12 de Novembro, numa mostra \u00fanica de cruzamento [&hellip;]","og_url":"https:\/\/arte351.pt\/art\/2023\/09\/27\/tdi-estreia-em-lisboa-oito-obras-que-cruzam-a-arte-ao-vivo-e-a-imagem\/","og_site_name":"Arte351 - Art Magazine Portugal","article_publisher":"https:\/\/www.facebook.com\/arte351magazine\/","article_published_time":"2023-09-27T07:29:12+00:00","author":"Equipa Arte351","twitter_misc":{"Escrito por":"Equipa Arte351","Est. tempo de leitura":"2 minutos"},"schema":{"@context":"https:\/\/schema.org","@graph":[{"@type":"Article","@id":"https:\/\/arte351.pt\/art\/2023\/09\/27\/tdi-estreia-em-lisboa-oito-obras-que-cruzam-a-arte-ao-vivo-e-a-imagem\/#article","isPartOf":{"@id":"https:\/\/arte351.pt\/art\/2023\/09\/27\/tdi-estreia-em-lisboa-oito-obras-que-cruzam-a-arte-ao-vivo-e-a-imagem\/"},"author":{"name":"Equipa Arte351","@id":"https:\/\/arte351.pt\/art\/#\/schema\/person\/f2cfae59497206be61c53c217757b930"},"headline":"TdI estreia em Lisboa oito obras que cruzam a arte ao vivo e a imagem","datePublished":"2023-09-27T07:29:12+00:00","mainEntityOfPage":{"@id":"https:\/\/arte351.pt\/art\/2023\/09\/27\/tdi-estreia-em-lisboa-oito-obras-que-cruzam-a-arte-ao-vivo-e-a-imagem\/"},"wordCount":316,"publisher":{"@id":"https:\/\/arte351.pt\/art\/#organization"},"keywords":["Temps d\u2019Images"],"articleSection":["Blog ARTE-351"],"inLanguage":"pt-BR"},{"@type":"WebPage","@id":"https:\/\/arte351.pt\/art\/2023\/09\/27\/tdi-estreia-em-lisboa-oito-obras-que-cruzam-a-arte-ao-vivo-e-a-imagem\/","url":"https:\/\/arte351.pt\/art\/2023\/09\/27\/tdi-estreia-em-lisboa-oito-obras-que-cruzam-a-arte-ao-vivo-e-a-imagem\/","name":"TdI estreia em Lisboa oito obras que cruzam a arte ao vivo e a imagem","isPartOf":{"@id":"https:\/\/arte351.pt\/art\/#website"},"datePublished":"2023-09-27T07:29:12+00:00","breadcrumb":{"@id":"https:\/\/arte351.pt\/art\/2023\/09\/27\/tdi-estreia-em-lisboa-oito-obras-que-cruzam-a-arte-ao-vivo-e-a-imagem\/#breadcrumb"},"inLanguage":"pt-BR","potentialAction":[{"@type":"ReadAction","target":["https:\/\/arte351.pt\/art\/2023\/09\/27\/tdi-estreia-em-lisboa-oito-obras-que-cruzam-a-arte-ao-vivo-e-a-imagem\/"]}]},{"@type":"BreadcrumbList","@id":"https:\/\/arte351.pt\/art\/2023\/09\/27\/tdi-estreia-em-lisboa-oito-obras-que-cruzam-a-arte-ao-vivo-e-a-imagem\/#breadcrumb","itemListElement":[{"@type":"ListItem","position":1,"name":"In\u00edcio","item":"https:\/\/arte351.pt\/art\/"},{"@type":"ListItem","position":2,"name":"TdI estreia em Lisboa oito obras que cruzam a arte ao vivo e a imagem"}]},{"@type":"WebSite","@id":"https:\/\/arte351.pt\/art\/#website","url":"https:\/\/arte351.pt\/art\/","name":"Arte351 - Art Magazine Portugal","description":"","publisher":{"@id":"https:\/\/arte351.pt\/art\/#organization"},"potentialAction":[{"@type":"SearchAction","target":{"@type":"EntryPoint","urlTemplate":"https:\/\/arte351.pt\/art\/?s={search_term_string}"},"query-input":{"@type":"PropertyValueSpecification","valueRequired":true,"valueName":"search_term_string"}}],"inLanguage":"pt-BR"},{"@type":"Organization","@id":"https:\/\/arte351.pt\/art\/#organization","name":"Arte351 - Art Magazine Portugal","url":"https:\/\/arte351.pt\/art\/","logo":{"@type":"ImageObject","inLanguage":"pt-BR","@id":"https:\/\/arte351.pt\/art\/#\/schema\/logo\/image\/","url":"https:\/\/arte351.pt\/art\/wp-content\/uploads\/2020\/03\/cropped-logo-arte351-color.png","contentUrl":"https:\/\/arte351.pt\/art\/wp-content\/uploads\/2020\/03\/cropped-logo-arte351-color.png","width":514,"height":200,"caption":"Arte351 - Art Magazine Portugal"},"image":{"@id":"https:\/\/arte351.pt\/art\/#\/schema\/logo\/image\/"},"sameAs":["https:\/\/www.facebook.com\/arte351magazine\/"]},{"@type":"Person","@id":"https:\/\/arte351.pt\/art\/#\/schema\/person\/f2cfae59497206be61c53c217757b930","name":"Equipa Arte351","image":{"@type":"ImageObject","inLanguage":"pt-BR","@id":"https:\/\/secure.gravatar.com\/avatar\/6caca56323d52e15e83fc5635240c86f7e52fd46fa8d5df9a709d99f5aa1638e?s=96&d=mm&r=g","url":"https:\/\/secure.gravatar.com\/avatar\/6caca56323d52e15e83fc5635240c86f7e52fd46fa8d5df9a709d99f5aa1638e?s=96&d=mm&r=g","contentUrl":"https:\/\/secure.gravatar.com\/avatar\/6caca56323d52e15e83fc5635240c86f7e52fd46fa8d5df9a709d99f5aa1638e?s=96&d=mm&r=g","caption":"Equipa Arte351"},"url":"https:\/\/arte351.pt\/art\/author\/caroleenbass\/"}]}},"_links":{"self":[{"href":"https:\/\/arte351.pt\/art\/wp-json\/wp\/v2\/posts\/8176","targetHints":{"allow":["GET"]}}],"collection":[{"href":"https:\/\/arte351.pt\/art\/wp-json\/wp\/v2\/posts"}],"about":[{"href":"https:\/\/arte351.pt\/art\/wp-json\/wp\/v2\/types\/post"}],"author":[{"embeddable":true,"href":"https:\/\/arte351.pt\/art\/wp-json\/wp\/v2\/users\/3"}],"replies":[{"embeddable":true,"href":"https:\/\/arte351.pt\/art\/wp-json\/wp\/v2\/comments?post=8176"}],"version-history":[{"count":1,"href":"https:\/\/arte351.pt\/art\/wp-json\/wp\/v2\/posts\/8176\/revisions"}],"predecessor-version":[{"id":8177,"href":"https:\/\/arte351.pt\/art\/wp-json\/wp\/v2\/posts\/8176\/revisions\/8177"}],"wp:attachment":[{"href":"https:\/\/arte351.pt\/art\/wp-json\/wp\/v2\/media?parent=8176"}],"wp:term":[{"taxonomy":"category","embeddable":true,"href":"https:\/\/arte351.pt\/art\/wp-json\/wp\/v2\/categories?post=8176"},{"taxonomy":"post_tag","embeddable":true,"href":"https:\/\/arte351.pt\/art\/wp-json\/wp\/v2\/tags?post=8176"}],"curies":[{"name":"wp","href":"https:\/\/api.w.org\/{rel}","templated":true}]}}