{"id":8188,"date":"2023-09-27T12:32:53","date_gmt":"2023-09-27T12:32:53","guid":{"rendered":"https:\/\/arte351.pt\/art\/?p=8188"},"modified":"2023-09-27T12:32:53","modified_gmt":"2023-09-27T12:32:53","slug":"casa-da-achada-celebra-14-anos-de-trabalho-coletivo-e-compromisso-com-a-comunidade","status":"publish","type":"post","link":"https:\/\/arte351.pt\/art\/2023\/09\/27\/casa-da-achada-celebra-14-anos-de-trabalho-coletivo-e-compromisso-com-a-comunidade\/","title":{"rendered":"Casa da Achada Celebra 14 Anos de Trabalho Coletivo e Compromisso com a Comunidade"},"content":{"rendered":"<p><strong>Casa da Achada Celebra 14 Anos de Trabalho Coletivo e Compromisso com a Comunidade<\/strong><\/p>\n<p>A Casa da Achada, um espa\u00e7o cultural e comunit\u00e1rio em Lisboa, est\u00e1 celebrando seu 14\u00ba anivers\u00e1rio. Desde a sua funda\u00e7\u00e3o, a Casa da Achada tem sido um farol de atividades culturais e comunit\u00e1rias na cidade, oferecendo uma variedade de eventos e recursos para todos os interessados, com entrada livre.<\/p>\n<p>Fundada h\u00e1 catorze anos, a Casa da Achada tem sido um local de encontro para debates, leituras, oficinas, exibi\u00e7\u00f5es de cinema e muito mais. Seus fundadores t\u00eam orgulho da vasta gama de atividades que organizaram ao longo dos anos, todas acess\u00edveis ao p\u00fablico em geral. Este marco \u00e9 uma oportunidade de celebrar os sucessos passados, refletir sobre o trabalho realizado e olhar para o futuro com esperan\u00e7a.<\/p>\n<p>A Casa da Achada atribui grande parte de seu sucesso \u00e0 comunidade de Amigos que apoiaram a ideia desde o in\u00edcio e continuam a ser pilares da associa\u00e7\u00e3o. \u00c9 um exemplo not\u00e1vel de como o trabalho coletivo e o compromisso podem criar um espa\u00e7o significativo e enriquecedor para a comunidade.<\/p>\n<p>Neste ano especial, a Casa da Achada dedica seu anivers\u00e1rio \u00e0 mem\u00f3ria de Eduarda Dion\u00edsio, que faleceu em maio passado. Foi Eduarda que, em 2008, decidiu disponibilizar ao p\u00fablico o arquivo de M\u00e1rio Dion\u00edsio e Maria Let\u00edcia. A partir desse gesto generoso, a Casa da Achada p\u00f4de desenvolver todas as atividades que oferece e continuar a explorar novas possibilidades.<\/p>\n<p>As celebra\u00e7\u00f5es de anivers\u00e1rio acontecer\u00e3o entre 29 de setembro e 2 de outubro e incluir\u00e3o uma exposi\u00e7\u00e3o de materiais do arquivo relacionados a Eduarda, conversas, m\u00fasica, exibi\u00e7\u00f5es de filmes e oficinas criativas. \u00c9 um momento para a comunidade se reunir, compartilhar hist\u00f3rias e inspirar-se para o futuro.<\/p>\n<p>A Casa da Achada tem sido um exemplo brilhante de como um espa\u00e7o cultural pode desempenhar um papel vital na vida de uma comunidade. Seu compromisso de proporcionar acesso gratuito \u00e0 cultura e ao conhecimento \u00e9 um lembrete poderoso da import\u00e2ncia da cultura na constru\u00e7\u00e3o de uma sociedade mais rica e conectada.<\/p>\n<p>\u00c0 medida que a Casa da Achada comemora seu 14\u00ba anivers\u00e1rio, muitos esperam ansiosamente ver como ela continuar\u00e1 a crescer e contribuir para a vida cultural e comunit\u00e1ria de Lisboa nos pr\u00f3ximos anos.<\/p>\n<p>&nbsp;<\/p>\n<p><img fetchpriority=\"high\" decoding=\"async\" class=\"alignnone size-large wp-image-8189\" src=\"https:\/\/arte351.pt\/art\/wp-content\/uploads\/2023\/09\/unnamed-1-1024x724.jpg\" alt=\"\" width=\"697\" height=\"493\" srcset=\"https:\/\/arte351.pt\/art\/wp-content\/uploads\/2023\/09\/unnamed-1-1024x724.jpg 1024w, https:\/\/arte351.pt\/art\/wp-content\/uploads\/2023\/09\/unnamed-1-300x212.jpg 300w, https:\/\/arte351.pt\/art\/wp-content\/uploads\/2023\/09\/unnamed-1-768x543.jpg 768w, https:\/\/arte351.pt\/art\/wp-content\/uploads\/2023\/09\/unnamed-1.jpg 1280w\" sizes=\"(max-width: 697px) 100vw, 697px\" \/><\/p>\n","protected":false},"excerpt":{"rendered":"<p>Casa da Achada Celebra 14 Anos de Trabalho Coletivo e Compromisso com a Comunidade A Casa da Achada, um espa\u00e7o cultural e comunit\u00e1rio em Lisboa, est\u00e1 celebrando seu 14\u00ba anivers\u00e1rio. [&hellip;]<\/p>\n","protected":false},"author":3,"featured_media":0,"comment_status":"closed","ping_status":"closed","sticky":false,"template":"","format":"standard","meta":{"_exactmetrics_skip_tracking":false,"_exactmetrics_sitenote_active":false,"_exactmetrics_sitenote_note":"","_exactmetrics_sitenote_category":0,"_uf_show_specific_survey":0,"_uf_disable_surveys":false,"footnotes":""},"categories":[1],"tags":[420],"class_list":["post-8188","post","type-post","status-publish","format-standard","hentry","category-sem-categoria","tag-casa-da-achada"],"yoast_head":"<!-- This site is optimized with the Yoast SEO plugin v27.3 - https:\/\/yoast.com\/product\/yoast-seo-wordpress\/ -->\n<title>Casa da Achada Celebra 14 Anos de Trabalho Coletivo e Compromisso com a Comunidade<\/title>\n<meta name=\"description\" content=\"A Casa da Achada, um espa\u00e7o cultural e comunit\u00e1rio em Lisboa, est\u00e1 celebrando seu 14\u00ba anivers\u00e1rio. Le mais sobre..\" \/>\n<meta name=\"robots\" content=\"index, follow, max-snippet:-1, max-image-preview:large, max-video-preview:-1\" \/>\n<link rel=\"canonical\" href=\"https:\/\/arte351.pt\/art\/2023\/09\/27\/casa-da-achada-celebra-14-anos-de-trabalho-coletivo-e-compromisso-com-a-comunidade\/\" \/>\n<meta property=\"og:locale\" content=\"pt_BR\" \/>\n<meta property=\"og:type\" content=\"article\" \/>\n<meta property=\"og:title\" content=\"Casa da Achada Celebra 14 Anos de Trabalho Coletivo e Compromisso com a Comunidade\" \/>\n<meta property=\"og:description\" content=\"A Casa da Achada, um espa\u00e7o cultural e comunit\u00e1rio em Lisboa, est\u00e1 celebrando seu 14\u00ba anivers\u00e1rio. Le mais sobre..\" \/>\n<meta property=\"og:url\" content=\"https:\/\/arte351.pt\/art\/2023\/09\/27\/casa-da-achada-celebra-14-anos-de-trabalho-coletivo-e-compromisso-com-a-comunidade\/\" \/>\n<meta property=\"og:site_name\" content=\"Arte351 - Art Magazine Portugal\" \/>\n<meta property=\"article:publisher\" content=\"https:\/\/www.facebook.com\/arte351magazine\/\" \/>\n<meta property=\"article:published_time\" content=\"2023-09-27T12:32:53+00:00\" \/>\n<meta property=\"og:image\" content=\"https:\/\/arte351.pt\/art\/wp-content\/uploads\/2023\/09\/unnamed-1-1024x724.jpg\" \/>\n<meta name=\"author\" content=\"Equipa Arte351\" \/>\n<meta name=\"twitter:label1\" content=\"Escrito por\" \/>\n\t<meta name=\"twitter:data1\" content=\"Equipa Arte351\" \/>\n\t<meta name=\"twitter:label2\" content=\"Est. tempo de leitura\" \/>\n\t<meta name=\"twitter:data2\" content=\"3 minutos\" \/>\n<script type=\"application\/ld+json\" class=\"yoast-schema-graph\">{\"@context\":\"https:\\\/\\\/schema.org\",\"@graph\":[{\"@type\":\"Article\",\"@id\":\"https:\\\/\\\/arte351.pt\\\/art\\\/2023\\\/09\\\/27\\\/casa-da-achada-celebra-14-anos-de-trabalho-coletivo-e-compromisso-com-a-comunidade\\\/#article\",\"isPartOf\":{\"@id\":\"https:\\\/\\\/arte351.pt\\\/art\\\/2023\\\/09\\\/27\\\/casa-da-achada-celebra-14-anos-de-trabalho-coletivo-e-compromisso-com-a-comunidade\\\/\"},\"author\":{\"name\":\"Equipa Arte351\",\"@id\":\"https:\\\/\\\/arte351.pt\\\/art\\\/#\\\/schema\\\/person\\\/f2cfae59497206be61c53c217757b930\"},\"headline\":\"Casa da Achada Celebra 14 Anos de Trabalho Coletivo e Compromisso com a Comunidade\",\"datePublished\":\"2023-09-27T12:32:53+00:00\",\"mainEntityOfPage\":{\"@id\":\"https:\\\/\\\/arte351.pt\\\/art\\\/2023\\\/09\\\/27\\\/casa-da-achada-celebra-14-anos-de-trabalho-coletivo-e-compromisso-com-a-comunidade\\\/\"},\"wordCount\":407,\"publisher\":{\"@id\":\"https:\\\/\\\/arte351.pt\\\/art\\\/#organization\"},\"image\":{\"@id\":\"https:\\\/\\\/arte351.pt\\\/art\\\/2023\\\/09\\\/27\\\/casa-da-achada-celebra-14-anos-de-trabalho-coletivo-e-compromisso-com-a-comunidade\\\/#primaryimage\"},\"thumbnailUrl\":\"https:\\\/\\\/arte351.pt\\\/art\\\/wp-content\\\/uploads\\\/2023\\\/09\\\/unnamed-1-1024x724.jpg\",\"keywords\":[\"casa da achada\"],\"articleSection\":[\"Blog ARTE-351\"],\"inLanguage\":\"pt-BR\"},{\"@type\":\"WebPage\",\"@id\":\"https:\\\/\\\/arte351.pt\\\/art\\\/2023\\\/09\\\/27\\\/casa-da-achada-celebra-14-anos-de-trabalho-coletivo-e-compromisso-com-a-comunidade\\\/\",\"url\":\"https:\\\/\\\/arte351.pt\\\/art\\\/2023\\\/09\\\/27\\\/casa-da-achada-celebra-14-anos-de-trabalho-coletivo-e-compromisso-com-a-comunidade\\\/\",\"name\":\"Casa da Achada Celebra 14 Anos de Trabalho Coletivo e Compromisso com a Comunidade\",\"isPartOf\":{\"@id\":\"https:\\\/\\\/arte351.pt\\\/art\\\/#website\"},\"primaryImageOfPage\":{\"@id\":\"https:\\\/\\\/arte351.pt\\\/art\\\/2023\\\/09\\\/27\\\/casa-da-achada-celebra-14-anos-de-trabalho-coletivo-e-compromisso-com-a-comunidade\\\/#primaryimage\"},\"image\":{\"@id\":\"https:\\\/\\\/arte351.pt\\\/art\\\/2023\\\/09\\\/27\\\/casa-da-achada-celebra-14-anos-de-trabalho-coletivo-e-compromisso-com-a-comunidade\\\/#primaryimage\"},\"thumbnailUrl\":\"https:\\\/\\\/arte351.pt\\\/art\\\/wp-content\\\/uploads\\\/2023\\\/09\\\/unnamed-1-1024x724.jpg\",\"datePublished\":\"2023-09-27T12:32:53+00:00\",\"description\":\"A Casa da Achada, um espa\u00e7o cultural e comunit\u00e1rio em Lisboa, est\u00e1 celebrando seu 14\u00ba anivers\u00e1rio. Le mais sobre..\",\"breadcrumb\":{\"@id\":\"https:\\\/\\\/arte351.pt\\\/art\\\/2023\\\/09\\\/27\\\/casa-da-achada-celebra-14-anos-de-trabalho-coletivo-e-compromisso-com-a-comunidade\\\/#breadcrumb\"},\"inLanguage\":\"pt-BR\",\"potentialAction\":[{\"@type\":\"ReadAction\",\"target\":[\"https:\\\/\\\/arte351.pt\\\/art\\\/2023\\\/09\\\/27\\\/casa-da-achada-celebra-14-anos-de-trabalho-coletivo-e-compromisso-com-a-comunidade\\\/\"]}]},{\"@type\":\"ImageObject\",\"inLanguage\":\"pt-BR\",\"@id\":\"https:\\\/\\\/arte351.pt\\\/art\\\/2023\\\/09\\\/27\\\/casa-da-achada-celebra-14-anos-de-trabalho-coletivo-e-compromisso-com-a-comunidade\\\/#primaryimage\",\"url\":\"https:\\\/\\\/arte351.pt\\\/art\\\/wp-content\\\/uploads\\\/2023\\\/09\\\/unnamed-1.jpg\",\"contentUrl\":\"https:\\\/\\\/arte351.pt\\\/art\\\/wp-content\\\/uploads\\\/2023\\\/09\\\/unnamed-1.jpg\",\"width\":1280,\"height\":905},{\"@type\":\"BreadcrumbList\",\"@id\":\"https:\\\/\\\/arte351.pt\\\/art\\\/2023\\\/09\\\/27\\\/casa-da-achada-celebra-14-anos-de-trabalho-coletivo-e-compromisso-com-a-comunidade\\\/#breadcrumb\",\"itemListElement\":[{\"@type\":\"ListItem\",\"position\":1,\"name\":\"In\u00edcio\",\"item\":\"https:\\\/\\\/arte351.pt\\\/art\\\/\"},{\"@type\":\"ListItem\",\"position\":2,\"name\":\"Casa da Achada Celebra 14 Anos de Trabalho Coletivo e Compromisso com a Comunidade\"}]},{\"@type\":\"WebSite\",\"@id\":\"https:\\\/\\\/arte351.pt\\\/art\\\/#website\",\"url\":\"https:\\\/\\\/arte351.pt\\\/art\\\/\",\"name\":\"Arte351 - Art Magazine Portugal\",\"description\":\"\",\"publisher\":{\"@id\":\"https:\\\/\\\/arte351.pt\\\/art\\\/#organization\"},\"potentialAction\":[{\"@type\":\"SearchAction\",\"target\":{\"@type\":\"EntryPoint\",\"urlTemplate\":\"https:\\\/\\\/arte351.pt\\\/art\\\/?s={search_term_string}\"},\"query-input\":{\"@type\":\"PropertyValueSpecification\",\"valueRequired\":true,\"valueName\":\"search_term_string\"}}],\"inLanguage\":\"pt-BR\"},{\"@type\":\"Organization\",\"@id\":\"https:\\\/\\\/arte351.pt\\\/art\\\/#organization\",\"name\":\"Arte351 - Art Magazine Portugal\",\"url\":\"https:\\\/\\\/arte351.pt\\\/art\\\/\",\"logo\":{\"@type\":\"ImageObject\",\"inLanguage\":\"pt-BR\",\"@id\":\"https:\\\/\\\/arte351.pt\\\/art\\\/#\\\/schema\\\/logo\\\/image\\\/\",\"url\":\"https:\\\/\\\/arte351.pt\\\/art\\\/wp-content\\\/uploads\\\/2020\\\/03\\\/cropped-logo-arte351-color.png\",\"contentUrl\":\"https:\\\/\\\/arte351.pt\\\/art\\\/wp-content\\\/uploads\\\/2020\\\/03\\\/cropped-logo-arte351-color.png\",\"width\":514,\"height\":200,\"caption\":\"Arte351 - Art Magazine Portugal\"},\"image\":{\"@id\":\"https:\\\/\\\/arte351.pt\\\/art\\\/#\\\/schema\\\/logo\\\/image\\\/\"},\"sameAs\":[\"https:\\\/\\\/www.facebook.com\\\/arte351magazine\\\/\"]},{\"@type\":\"Person\",\"@id\":\"https:\\\/\\\/arte351.pt\\\/art\\\/#\\\/schema\\\/person\\\/f2cfae59497206be61c53c217757b930\",\"name\":\"Equipa Arte351\",\"image\":{\"@type\":\"ImageObject\",\"inLanguage\":\"pt-BR\",\"@id\":\"https:\\\/\\\/secure.gravatar.com\\\/avatar\\\/6caca56323d52e15e83fc5635240c86f7e52fd46fa8d5df9a709d99f5aa1638e?s=96&d=mm&r=g\",\"url\":\"https:\\\/\\\/secure.gravatar.com\\\/avatar\\\/6caca56323d52e15e83fc5635240c86f7e52fd46fa8d5df9a709d99f5aa1638e?s=96&d=mm&r=g\",\"contentUrl\":\"https:\\\/\\\/secure.gravatar.com\\\/avatar\\\/6caca56323d52e15e83fc5635240c86f7e52fd46fa8d5df9a709d99f5aa1638e?s=96&d=mm&r=g\",\"caption\":\"Equipa Arte351\"},\"url\":\"https:\\\/\\\/arte351.pt\\\/art\\\/author\\\/caroleenbass\\\/\"}]}<\/script>\n<!-- \/ Yoast SEO plugin. -->","yoast_head_json":{"title":"Casa da Achada Celebra 14 Anos de Trabalho Coletivo e Compromisso com a Comunidade","description":"A Casa da Achada, um espa\u00e7o cultural e comunit\u00e1rio em Lisboa, est\u00e1 celebrando seu 14\u00ba anivers\u00e1rio. Le mais sobre..","robots":{"index":"index","follow":"follow","max-snippet":"max-snippet:-1","max-image-preview":"max-image-preview:large","max-video-preview":"max-video-preview:-1"},"canonical":"https:\/\/arte351.pt\/art\/2023\/09\/27\/casa-da-achada-celebra-14-anos-de-trabalho-coletivo-e-compromisso-com-a-comunidade\/","og_locale":"pt_BR","og_type":"article","og_title":"Casa da Achada Celebra 14 Anos de Trabalho Coletivo e Compromisso com a Comunidade","og_description":"A Casa da Achada, um espa\u00e7o cultural e comunit\u00e1rio em Lisboa, est\u00e1 celebrando seu 14\u00ba anivers\u00e1rio. Le mais sobre..","og_url":"https:\/\/arte351.pt\/art\/2023\/09\/27\/casa-da-achada-celebra-14-anos-de-trabalho-coletivo-e-compromisso-com-a-comunidade\/","og_site_name":"Arte351 - Art Magazine Portugal","article_publisher":"https:\/\/www.facebook.com\/arte351magazine\/","article_published_time":"2023-09-27T12:32:53+00:00","og_image":[{"url":"https:\/\/arte351.pt\/art\/wp-content\/uploads\/2023\/09\/unnamed-1-1024x724.jpg","type":"","width":"","height":""}],"author":"Equipa Arte351","twitter_misc":{"Escrito por":"Equipa Arte351","Est. tempo de leitura":"3 minutos"},"schema":{"@context":"https:\/\/schema.org","@graph":[{"@type":"Article","@id":"https:\/\/arte351.pt\/art\/2023\/09\/27\/casa-da-achada-celebra-14-anos-de-trabalho-coletivo-e-compromisso-com-a-comunidade\/#article","isPartOf":{"@id":"https:\/\/arte351.pt\/art\/2023\/09\/27\/casa-da-achada-celebra-14-anos-de-trabalho-coletivo-e-compromisso-com-a-comunidade\/"},"author":{"name":"Equipa Arte351","@id":"https:\/\/arte351.pt\/art\/#\/schema\/person\/f2cfae59497206be61c53c217757b930"},"headline":"Casa da Achada Celebra 14 Anos de Trabalho Coletivo e Compromisso com a Comunidade","datePublished":"2023-09-27T12:32:53+00:00","mainEntityOfPage":{"@id":"https:\/\/arte351.pt\/art\/2023\/09\/27\/casa-da-achada-celebra-14-anos-de-trabalho-coletivo-e-compromisso-com-a-comunidade\/"},"wordCount":407,"publisher":{"@id":"https:\/\/arte351.pt\/art\/#organization"},"image":{"@id":"https:\/\/arte351.pt\/art\/2023\/09\/27\/casa-da-achada-celebra-14-anos-de-trabalho-coletivo-e-compromisso-com-a-comunidade\/#primaryimage"},"thumbnailUrl":"https:\/\/arte351.pt\/art\/wp-content\/uploads\/2023\/09\/unnamed-1-1024x724.jpg","keywords":["casa da achada"],"articleSection":["Blog ARTE-351"],"inLanguage":"pt-BR"},{"@type":"WebPage","@id":"https:\/\/arte351.pt\/art\/2023\/09\/27\/casa-da-achada-celebra-14-anos-de-trabalho-coletivo-e-compromisso-com-a-comunidade\/","url":"https:\/\/arte351.pt\/art\/2023\/09\/27\/casa-da-achada-celebra-14-anos-de-trabalho-coletivo-e-compromisso-com-a-comunidade\/","name":"Casa da Achada Celebra 14 Anos de Trabalho Coletivo e Compromisso com a Comunidade","isPartOf":{"@id":"https:\/\/arte351.pt\/art\/#website"},"primaryImageOfPage":{"@id":"https:\/\/arte351.pt\/art\/2023\/09\/27\/casa-da-achada-celebra-14-anos-de-trabalho-coletivo-e-compromisso-com-a-comunidade\/#primaryimage"},"image":{"@id":"https:\/\/arte351.pt\/art\/2023\/09\/27\/casa-da-achada-celebra-14-anos-de-trabalho-coletivo-e-compromisso-com-a-comunidade\/#primaryimage"},"thumbnailUrl":"https:\/\/arte351.pt\/art\/wp-content\/uploads\/2023\/09\/unnamed-1-1024x724.jpg","datePublished":"2023-09-27T12:32:53+00:00","description":"A Casa da Achada, um espa\u00e7o cultural e comunit\u00e1rio em Lisboa, est\u00e1 celebrando seu 14\u00ba anivers\u00e1rio. Le mais sobre..","breadcrumb":{"@id":"https:\/\/arte351.pt\/art\/2023\/09\/27\/casa-da-achada-celebra-14-anos-de-trabalho-coletivo-e-compromisso-com-a-comunidade\/#breadcrumb"},"inLanguage":"pt-BR","potentialAction":[{"@type":"ReadAction","target":["https:\/\/arte351.pt\/art\/2023\/09\/27\/casa-da-achada-celebra-14-anos-de-trabalho-coletivo-e-compromisso-com-a-comunidade\/"]}]},{"@type":"ImageObject","inLanguage":"pt-BR","@id":"https:\/\/arte351.pt\/art\/2023\/09\/27\/casa-da-achada-celebra-14-anos-de-trabalho-coletivo-e-compromisso-com-a-comunidade\/#primaryimage","url":"https:\/\/arte351.pt\/art\/wp-content\/uploads\/2023\/09\/unnamed-1.jpg","contentUrl":"https:\/\/arte351.pt\/art\/wp-content\/uploads\/2023\/09\/unnamed-1.jpg","width":1280,"height":905},{"@type":"BreadcrumbList","@id":"https:\/\/arte351.pt\/art\/2023\/09\/27\/casa-da-achada-celebra-14-anos-de-trabalho-coletivo-e-compromisso-com-a-comunidade\/#breadcrumb","itemListElement":[{"@type":"ListItem","position":1,"name":"In\u00edcio","item":"https:\/\/arte351.pt\/art\/"},{"@type":"ListItem","position":2,"name":"Casa da Achada Celebra 14 Anos de Trabalho Coletivo e Compromisso com a Comunidade"}]},{"@type":"WebSite","@id":"https:\/\/arte351.pt\/art\/#website","url":"https:\/\/arte351.pt\/art\/","name":"Arte351 - Art Magazine Portugal","description":"","publisher":{"@id":"https:\/\/arte351.pt\/art\/#organization"},"potentialAction":[{"@type":"SearchAction","target":{"@type":"EntryPoint","urlTemplate":"https:\/\/arte351.pt\/art\/?s={search_term_string}"},"query-input":{"@type":"PropertyValueSpecification","valueRequired":true,"valueName":"search_term_string"}}],"inLanguage":"pt-BR"},{"@type":"Organization","@id":"https:\/\/arte351.pt\/art\/#organization","name":"Arte351 - Art Magazine Portugal","url":"https:\/\/arte351.pt\/art\/","logo":{"@type":"ImageObject","inLanguage":"pt-BR","@id":"https:\/\/arte351.pt\/art\/#\/schema\/logo\/image\/","url":"https:\/\/arte351.pt\/art\/wp-content\/uploads\/2020\/03\/cropped-logo-arte351-color.png","contentUrl":"https:\/\/arte351.pt\/art\/wp-content\/uploads\/2020\/03\/cropped-logo-arte351-color.png","width":514,"height":200,"caption":"Arte351 - Art Magazine Portugal"},"image":{"@id":"https:\/\/arte351.pt\/art\/#\/schema\/logo\/image\/"},"sameAs":["https:\/\/www.facebook.com\/arte351magazine\/"]},{"@type":"Person","@id":"https:\/\/arte351.pt\/art\/#\/schema\/person\/f2cfae59497206be61c53c217757b930","name":"Equipa Arte351","image":{"@type":"ImageObject","inLanguage":"pt-BR","@id":"https:\/\/secure.gravatar.com\/avatar\/6caca56323d52e15e83fc5635240c86f7e52fd46fa8d5df9a709d99f5aa1638e?s=96&d=mm&r=g","url":"https:\/\/secure.gravatar.com\/avatar\/6caca56323d52e15e83fc5635240c86f7e52fd46fa8d5df9a709d99f5aa1638e?s=96&d=mm&r=g","contentUrl":"https:\/\/secure.gravatar.com\/avatar\/6caca56323d52e15e83fc5635240c86f7e52fd46fa8d5df9a709d99f5aa1638e?s=96&d=mm&r=g","caption":"Equipa Arte351"},"url":"https:\/\/arte351.pt\/art\/author\/caroleenbass\/"}]}},"_links":{"self":[{"href":"https:\/\/arte351.pt\/art\/wp-json\/wp\/v2\/posts\/8188","targetHints":{"allow":["GET"]}}],"collection":[{"href":"https:\/\/arte351.pt\/art\/wp-json\/wp\/v2\/posts"}],"about":[{"href":"https:\/\/arte351.pt\/art\/wp-json\/wp\/v2\/types\/post"}],"author":[{"embeddable":true,"href":"https:\/\/arte351.pt\/art\/wp-json\/wp\/v2\/users\/3"}],"replies":[{"embeddable":true,"href":"https:\/\/arte351.pt\/art\/wp-json\/wp\/v2\/comments?post=8188"}],"version-history":[{"count":1,"href":"https:\/\/arte351.pt\/art\/wp-json\/wp\/v2\/posts\/8188\/revisions"}],"predecessor-version":[{"id":8190,"href":"https:\/\/arte351.pt\/art\/wp-json\/wp\/v2\/posts\/8188\/revisions\/8190"}],"wp:attachment":[{"href":"https:\/\/arte351.pt\/art\/wp-json\/wp\/v2\/media?parent=8188"}],"wp:term":[{"taxonomy":"category","embeddable":true,"href":"https:\/\/arte351.pt\/art\/wp-json\/wp\/v2\/categories?post=8188"},{"taxonomy":"post_tag","embeddable":true,"href":"https:\/\/arte351.pt\/art\/wp-json\/wp\/v2\/tags?post=8188"}],"curies":[{"name":"wp","href":"https:\/\/api.w.org\/{rel}","templated":true}]}}