{"id":8191,"date":"2023-09-28T12:35:18","date_gmt":"2023-09-28T12:35:18","guid":{"rendered":"https:\/\/arte351.pt\/art\/?p=8191"},"modified":"2023-09-27T12:37:03","modified_gmt":"2023-09-27T12:37:03","slug":"ciclo-sexta-maior-uma-jornada-musical-atraves-dos-tempos","status":"publish","type":"post","link":"https:\/\/arte351.pt\/art\/2023\/09\/28\/ciclo-sexta-maior-uma-jornada-musical-atraves-dos-tempos\/","title":{"rendered":"Ciclo Sexta Maior: Uma Jornada Musical Atrav\u00e9s dos Tempos"},"content":{"rendered":"<p>Um emocionante ciclo de concertos, intitulado &#8220;Sexta Maior&#8221;, est\u00e1 prestes a encantar os amantes da m\u00fasica no Centro Cultural de Bel\u00e9m. Este ciclo semanal de concertos, que ocorrer\u00e1 todas as sextas-feiras \u00e0s 21h00, oferecer\u00e1 uma jornada musical que abrange desde a m\u00fasica antiga at\u00e9 obras contempor\u00e2neas.<\/p>\n<p>Os concertos apresentar\u00e3o uma incr\u00edvel diversidade de estilos musicais e compositores, prometendo uma experi\u00eancia enriquecedora para o p\u00fablico. Aqui est\u00e1 uma pr\u00e9via dos destaques deste ciclo musical excepcional:<\/p>\n<p><strong>1. Drumming GP &#8211; 6 de Outubro<\/strong><\/p>\n<p>O ciclo come\u00e7a com o Drumming Grupo de Percuss\u00e3o apresentando obras do compositor Lu\u00eds Tinoco. A audi\u00eancia ser\u00e1 cativada por uma mistura \u00fanica de sons e ritmos, incluindo pe\u00e7as como &#8220;Short Cuts,&#8221; &#8220;Mind the Gap&#8221; e &#8220;Spiralling.&#8221;<\/p>\n<p><strong>2. Jo\u00e3o Costa Ferreira &#8211; 10 de Novembro<\/strong><\/p>\n<p>No m\u00eas seguinte, Jo\u00e3o Costa Ferreira ir\u00e1 realizar um recital de piano intitulado &#8220;Floril\u00e9gio Rom\u00e2ntico,&#8221; apresentando obras de compositores como Vianna da Motta, Chopin, Antonio Fragoso e Joly Braga Santos.<\/p>\n<p><strong>3. Sete L\u00e1grimas &#8211; 15 de Dezembro<\/strong><\/p>\n<p>Em dezembro, o grupo Sete L\u00e1grimas traz &#8220;Folia Nova &#8211; Nova M\u00fasica Antiga sobre Poesia Portuguesa dos s\u00e9culos XV e XVI,&#8221; uma oportunidade \u00fanica para apreciar a m\u00fasica antiga com uma abordagem fresca e contempor\u00e2nea.<\/p>\n<p><strong>4. Ian Bostridge e Lu\u00eds Duarte &#8211; 12 de Janeiro<\/strong><\/p>\n<p>O tenor Ian Bostridge e o pianista Lu\u00eds Duarte apresentar\u00e3o &#8220;A Bela Moleira de Schubert,&#8221; guiando o p\u00fablico por uma jornada buc\u00f3lica atrav\u00e9s das can\u00e7\u00f5es de Schubert.<\/p>\n<p><strong>5. DSCH &#8211; Schostakovich Ensemble &#8211; 16 de Fevereiro<\/strong><\/p>\n<p>O DSCH &#8211; Schostakovich Ensemble dedicar\u00e1 um recital \u00e0 m\u00fasica de c\u00e2mara de Schostakovich, proporcionando uma experi\u00eancia profunda e emocionante.<\/p>\n<p><strong>6. Quarteto Leipzig &#8211; 8 de Mar\u00e7o<\/strong><\/p>\n<p>Em mar\u00e7o, o Quarteto Leipzig apresentar\u00e1 obras de Joly Braga Santos, Shostakovich e uma obra em estreia absoluta do compositor Ant\u00f3nio Pinho Vargas.<\/p>\n<p><strong>7. Os M\u00fasicos do Tejo &#8211; 5 de Abril<\/strong><\/p>\n<p>Os M\u00fasicos do Tejo apresentar\u00e3o um programa de m\u00fasica barroca, incluindo a estreia absoluta da &#8220;Suite Barroca,&#8221; composta por Filipe Raposo, inspirada nas dan\u00e7as mais comuns desse per\u00edodo.<\/p>\n<p><strong>8. Divino Sospiro &#8211; 3 de Maio<\/strong><\/p>\n<p>O ciclo chega ao seu \u00e1pice com o Divino Sospiro, que nos levar\u00e1 a uma jornada atrav\u00e9s das obras de compositores portugueses do s\u00e9culo XVIII, que foram fundamentais na afirma\u00e7\u00e3o da linguagem musical no per\u00edodo barroco.<\/p>\n<p>Cada concerto promete oferecer uma experi\u00eancia \u00fanica e emocionante para os amantes da m\u00fasica em Lisboa. Este ciclo, repleto de talento e diversidade musical, ser\u00e1 uma oportunidade imperd\u00edvel para explorar o mundo da m\u00fasica erudita e contempor\u00e2nea.<\/p>\n<p>Prepare-se para uma viagem musical emocionante a partir de outubro, todas as sextas-feiras \u00e0s 21h00, nos concertos do ciclo &#8220;Sexta Maior.&#8221;<\/p>\n","protected":false},"excerpt":{"rendered":"<p>Um emocionante ciclo de concertos, intitulado &#8220;Sexta Maior&#8221;, est\u00e1 prestes a encantar os amantes da m\u00fasica no Centro Cultural de Bel\u00e9m. Este ciclo semanal de concertos, que ocorrer\u00e1 todas as [&hellip;]<\/p>\n","protected":false},"author":3,"featured_media":0,"comment_status":"closed","ping_status":"closed","sticky":false,"template":"","format":"standard","meta":{"_exactmetrics_skip_tracking":false,"_exactmetrics_sitenote_active":false,"_exactmetrics_sitenote_note":"","_exactmetrics_sitenote_category":0,"_uf_show_specific_survey":0,"_uf_disable_surveys":false,"footnotes":""},"categories":[1],"tags":[973],"class_list":["post-8191","post","type-post","status-publish","format-standard","hentry","category-sem-categoria","tag-centro-cultural-de-belem"],"yoast_head":"<!-- This site is optimized with the Yoast SEO plugin v27.3 - https:\/\/yoast.com\/product\/yoast-seo-wordpress\/ -->\n<title>Ciclo Sexta Maior: Uma Jornada Musical Atrav\u00e9s dos Tempos - Arte351 - Art Magazine Portugal<\/title>\n<meta name=\"robots\" content=\"index, follow, max-snippet:-1, max-image-preview:large, max-video-preview:-1\" \/>\n<link rel=\"canonical\" href=\"https:\/\/arte351.pt\/art\/2023\/09\/28\/ciclo-sexta-maior-uma-jornada-musical-atraves-dos-tempos\/\" \/>\n<meta property=\"og:locale\" content=\"pt_BR\" \/>\n<meta property=\"og:type\" content=\"article\" \/>\n<meta property=\"og:title\" content=\"Ciclo Sexta Maior: Uma Jornada Musical Atrav\u00e9s dos Tempos - Arte351 - Art Magazine Portugal\" \/>\n<meta property=\"og:description\" content=\"Um emocionante ciclo de concertos, intitulado &#8220;Sexta Maior&#8221;, est\u00e1 prestes a encantar os amantes da m\u00fasica no Centro Cultural de Bel\u00e9m. Este ciclo semanal de concertos, que ocorrer\u00e1 todas as [&hellip;]\" \/>\n<meta property=\"og:url\" content=\"https:\/\/arte351.pt\/art\/2023\/09\/28\/ciclo-sexta-maior-uma-jornada-musical-atraves-dos-tempos\/\" \/>\n<meta property=\"og:site_name\" content=\"Arte351 - Art Magazine Portugal\" \/>\n<meta property=\"article:publisher\" content=\"https:\/\/www.facebook.com\/arte351magazine\/\" \/>\n<meta property=\"article:published_time\" content=\"2023-09-28T12:35:18+00:00\" \/>\n<meta name=\"author\" content=\"Equipa Arte351\" \/>\n<meta name=\"twitter:label1\" content=\"Escrito por\" \/>\n\t<meta name=\"twitter:data1\" content=\"Equipa Arte351\" \/>\n\t<meta name=\"twitter:label2\" content=\"Est. tempo de leitura\" \/>\n\t<meta name=\"twitter:data2\" content=\"3 minutos\" \/>\n<script type=\"application\/ld+json\" class=\"yoast-schema-graph\">{\"@context\":\"https:\\\/\\\/schema.org\",\"@graph\":[{\"@type\":\"Article\",\"@id\":\"https:\\\/\\\/arte351.pt\\\/art\\\/2023\\\/09\\\/28\\\/ciclo-sexta-maior-uma-jornada-musical-atraves-dos-tempos\\\/#article\",\"isPartOf\":{\"@id\":\"https:\\\/\\\/arte351.pt\\\/art\\\/2023\\\/09\\\/28\\\/ciclo-sexta-maior-uma-jornada-musical-atraves-dos-tempos\\\/\"},\"author\":{\"name\":\"Equipa Arte351\",\"@id\":\"https:\\\/\\\/arte351.pt\\\/art\\\/#\\\/schema\\\/person\\\/f2cfae59497206be61c53c217757b930\"},\"headline\":\"Ciclo Sexta Maior: Uma Jornada Musical Atrav\u00e9s dos Tempos\",\"datePublished\":\"2023-09-28T12:35:18+00:00\",\"mainEntityOfPage\":{\"@id\":\"https:\\\/\\\/arte351.pt\\\/art\\\/2023\\\/09\\\/28\\\/ciclo-sexta-maior-uma-jornada-musical-atraves-dos-tempos\\\/\"},\"wordCount\":478,\"publisher\":{\"@id\":\"https:\\\/\\\/arte351.pt\\\/art\\\/#organization\"},\"keywords\":[\"Centro Cultural de Bel\u00e9m\"],\"articleSection\":[\"Blog ARTE-351\"],\"inLanguage\":\"pt-BR\"},{\"@type\":\"WebPage\",\"@id\":\"https:\\\/\\\/arte351.pt\\\/art\\\/2023\\\/09\\\/28\\\/ciclo-sexta-maior-uma-jornada-musical-atraves-dos-tempos\\\/\",\"url\":\"https:\\\/\\\/arte351.pt\\\/art\\\/2023\\\/09\\\/28\\\/ciclo-sexta-maior-uma-jornada-musical-atraves-dos-tempos\\\/\",\"name\":\"Ciclo Sexta Maior: Uma Jornada Musical Atrav\u00e9s dos Tempos - Arte351 - Art Magazine Portugal\",\"isPartOf\":{\"@id\":\"https:\\\/\\\/arte351.pt\\\/art\\\/#website\"},\"datePublished\":\"2023-09-28T12:35:18+00:00\",\"breadcrumb\":{\"@id\":\"https:\\\/\\\/arte351.pt\\\/art\\\/2023\\\/09\\\/28\\\/ciclo-sexta-maior-uma-jornada-musical-atraves-dos-tempos\\\/#breadcrumb\"},\"inLanguage\":\"pt-BR\",\"potentialAction\":[{\"@type\":\"ReadAction\",\"target\":[\"https:\\\/\\\/arte351.pt\\\/art\\\/2023\\\/09\\\/28\\\/ciclo-sexta-maior-uma-jornada-musical-atraves-dos-tempos\\\/\"]}]},{\"@type\":\"BreadcrumbList\",\"@id\":\"https:\\\/\\\/arte351.pt\\\/art\\\/2023\\\/09\\\/28\\\/ciclo-sexta-maior-uma-jornada-musical-atraves-dos-tempos\\\/#breadcrumb\",\"itemListElement\":[{\"@type\":\"ListItem\",\"position\":1,\"name\":\"In\u00edcio\",\"item\":\"https:\\\/\\\/arte351.pt\\\/art\\\/\"},{\"@type\":\"ListItem\",\"position\":2,\"name\":\"Ciclo Sexta Maior: Uma Jornada Musical Atrav\u00e9s dos Tempos\"}]},{\"@type\":\"WebSite\",\"@id\":\"https:\\\/\\\/arte351.pt\\\/art\\\/#website\",\"url\":\"https:\\\/\\\/arte351.pt\\\/art\\\/\",\"name\":\"Arte351 - Art Magazine Portugal\",\"description\":\"\",\"publisher\":{\"@id\":\"https:\\\/\\\/arte351.pt\\\/art\\\/#organization\"},\"potentialAction\":[{\"@type\":\"SearchAction\",\"target\":{\"@type\":\"EntryPoint\",\"urlTemplate\":\"https:\\\/\\\/arte351.pt\\\/art\\\/?s={search_term_string}\"},\"query-input\":{\"@type\":\"PropertyValueSpecification\",\"valueRequired\":true,\"valueName\":\"search_term_string\"}}],\"inLanguage\":\"pt-BR\"},{\"@type\":\"Organization\",\"@id\":\"https:\\\/\\\/arte351.pt\\\/art\\\/#organization\",\"name\":\"Arte351 - Art Magazine Portugal\",\"url\":\"https:\\\/\\\/arte351.pt\\\/art\\\/\",\"logo\":{\"@type\":\"ImageObject\",\"inLanguage\":\"pt-BR\",\"@id\":\"https:\\\/\\\/arte351.pt\\\/art\\\/#\\\/schema\\\/logo\\\/image\\\/\",\"url\":\"https:\\\/\\\/arte351.pt\\\/art\\\/wp-content\\\/uploads\\\/2020\\\/03\\\/cropped-logo-arte351-color.png\",\"contentUrl\":\"https:\\\/\\\/arte351.pt\\\/art\\\/wp-content\\\/uploads\\\/2020\\\/03\\\/cropped-logo-arte351-color.png\",\"width\":514,\"height\":200,\"caption\":\"Arte351 - Art Magazine Portugal\"},\"image\":{\"@id\":\"https:\\\/\\\/arte351.pt\\\/art\\\/#\\\/schema\\\/logo\\\/image\\\/\"},\"sameAs\":[\"https:\\\/\\\/www.facebook.com\\\/arte351magazine\\\/\"]},{\"@type\":\"Person\",\"@id\":\"https:\\\/\\\/arte351.pt\\\/art\\\/#\\\/schema\\\/person\\\/f2cfae59497206be61c53c217757b930\",\"name\":\"Equipa Arte351\",\"image\":{\"@type\":\"ImageObject\",\"inLanguage\":\"pt-BR\",\"@id\":\"https:\\\/\\\/secure.gravatar.com\\\/avatar\\\/6caca56323d52e15e83fc5635240c86f7e52fd46fa8d5df9a709d99f5aa1638e?s=96&d=mm&r=g\",\"url\":\"https:\\\/\\\/secure.gravatar.com\\\/avatar\\\/6caca56323d52e15e83fc5635240c86f7e52fd46fa8d5df9a709d99f5aa1638e?s=96&d=mm&r=g\",\"contentUrl\":\"https:\\\/\\\/secure.gravatar.com\\\/avatar\\\/6caca56323d52e15e83fc5635240c86f7e52fd46fa8d5df9a709d99f5aa1638e?s=96&d=mm&r=g\",\"caption\":\"Equipa Arte351\"},\"url\":\"https:\\\/\\\/arte351.pt\\\/art\\\/author\\\/caroleenbass\\\/\"}]}<\/script>\n<!-- \/ Yoast SEO plugin. -->","yoast_head_json":{"title":"Ciclo Sexta Maior: Uma Jornada Musical Atrav\u00e9s dos Tempos - Arte351 - Art Magazine Portugal","robots":{"index":"index","follow":"follow","max-snippet":"max-snippet:-1","max-image-preview":"max-image-preview:large","max-video-preview":"max-video-preview:-1"},"canonical":"https:\/\/arte351.pt\/art\/2023\/09\/28\/ciclo-sexta-maior-uma-jornada-musical-atraves-dos-tempos\/","og_locale":"pt_BR","og_type":"article","og_title":"Ciclo Sexta Maior: Uma Jornada Musical Atrav\u00e9s dos Tempos - Arte351 - Art Magazine Portugal","og_description":"Um emocionante ciclo de concertos, intitulado &#8220;Sexta Maior&#8221;, est\u00e1 prestes a encantar os amantes da m\u00fasica no Centro Cultural de Bel\u00e9m. Este ciclo semanal de concertos, que ocorrer\u00e1 todas as [&hellip;]","og_url":"https:\/\/arte351.pt\/art\/2023\/09\/28\/ciclo-sexta-maior-uma-jornada-musical-atraves-dos-tempos\/","og_site_name":"Arte351 - Art Magazine Portugal","article_publisher":"https:\/\/www.facebook.com\/arte351magazine\/","article_published_time":"2023-09-28T12:35:18+00:00","author":"Equipa Arte351","twitter_misc":{"Escrito por":"Equipa Arte351","Est. tempo de leitura":"3 minutos"},"schema":{"@context":"https:\/\/schema.org","@graph":[{"@type":"Article","@id":"https:\/\/arte351.pt\/art\/2023\/09\/28\/ciclo-sexta-maior-uma-jornada-musical-atraves-dos-tempos\/#article","isPartOf":{"@id":"https:\/\/arte351.pt\/art\/2023\/09\/28\/ciclo-sexta-maior-uma-jornada-musical-atraves-dos-tempos\/"},"author":{"name":"Equipa Arte351","@id":"https:\/\/arte351.pt\/art\/#\/schema\/person\/f2cfae59497206be61c53c217757b930"},"headline":"Ciclo Sexta Maior: Uma Jornada Musical Atrav\u00e9s dos Tempos","datePublished":"2023-09-28T12:35:18+00:00","mainEntityOfPage":{"@id":"https:\/\/arte351.pt\/art\/2023\/09\/28\/ciclo-sexta-maior-uma-jornada-musical-atraves-dos-tempos\/"},"wordCount":478,"publisher":{"@id":"https:\/\/arte351.pt\/art\/#organization"},"keywords":["Centro Cultural de Bel\u00e9m"],"articleSection":["Blog ARTE-351"],"inLanguage":"pt-BR"},{"@type":"WebPage","@id":"https:\/\/arte351.pt\/art\/2023\/09\/28\/ciclo-sexta-maior-uma-jornada-musical-atraves-dos-tempos\/","url":"https:\/\/arte351.pt\/art\/2023\/09\/28\/ciclo-sexta-maior-uma-jornada-musical-atraves-dos-tempos\/","name":"Ciclo Sexta Maior: Uma Jornada Musical Atrav\u00e9s dos Tempos - Arte351 - Art Magazine Portugal","isPartOf":{"@id":"https:\/\/arte351.pt\/art\/#website"},"datePublished":"2023-09-28T12:35:18+00:00","breadcrumb":{"@id":"https:\/\/arte351.pt\/art\/2023\/09\/28\/ciclo-sexta-maior-uma-jornada-musical-atraves-dos-tempos\/#breadcrumb"},"inLanguage":"pt-BR","potentialAction":[{"@type":"ReadAction","target":["https:\/\/arte351.pt\/art\/2023\/09\/28\/ciclo-sexta-maior-uma-jornada-musical-atraves-dos-tempos\/"]}]},{"@type":"BreadcrumbList","@id":"https:\/\/arte351.pt\/art\/2023\/09\/28\/ciclo-sexta-maior-uma-jornada-musical-atraves-dos-tempos\/#breadcrumb","itemListElement":[{"@type":"ListItem","position":1,"name":"In\u00edcio","item":"https:\/\/arte351.pt\/art\/"},{"@type":"ListItem","position":2,"name":"Ciclo Sexta Maior: Uma Jornada Musical Atrav\u00e9s dos Tempos"}]},{"@type":"WebSite","@id":"https:\/\/arte351.pt\/art\/#website","url":"https:\/\/arte351.pt\/art\/","name":"Arte351 - Art Magazine Portugal","description":"","publisher":{"@id":"https:\/\/arte351.pt\/art\/#organization"},"potentialAction":[{"@type":"SearchAction","target":{"@type":"EntryPoint","urlTemplate":"https:\/\/arte351.pt\/art\/?s={search_term_string}"},"query-input":{"@type":"PropertyValueSpecification","valueRequired":true,"valueName":"search_term_string"}}],"inLanguage":"pt-BR"},{"@type":"Organization","@id":"https:\/\/arte351.pt\/art\/#organization","name":"Arte351 - Art Magazine Portugal","url":"https:\/\/arte351.pt\/art\/","logo":{"@type":"ImageObject","inLanguage":"pt-BR","@id":"https:\/\/arte351.pt\/art\/#\/schema\/logo\/image\/","url":"https:\/\/arte351.pt\/art\/wp-content\/uploads\/2020\/03\/cropped-logo-arte351-color.png","contentUrl":"https:\/\/arte351.pt\/art\/wp-content\/uploads\/2020\/03\/cropped-logo-arte351-color.png","width":514,"height":200,"caption":"Arte351 - Art Magazine Portugal"},"image":{"@id":"https:\/\/arte351.pt\/art\/#\/schema\/logo\/image\/"},"sameAs":["https:\/\/www.facebook.com\/arte351magazine\/"]},{"@type":"Person","@id":"https:\/\/arte351.pt\/art\/#\/schema\/person\/f2cfae59497206be61c53c217757b930","name":"Equipa Arte351","image":{"@type":"ImageObject","inLanguage":"pt-BR","@id":"https:\/\/secure.gravatar.com\/avatar\/6caca56323d52e15e83fc5635240c86f7e52fd46fa8d5df9a709d99f5aa1638e?s=96&d=mm&r=g","url":"https:\/\/secure.gravatar.com\/avatar\/6caca56323d52e15e83fc5635240c86f7e52fd46fa8d5df9a709d99f5aa1638e?s=96&d=mm&r=g","contentUrl":"https:\/\/secure.gravatar.com\/avatar\/6caca56323d52e15e83fc5635240c86f7e52fd46fa8d5df9a709d99f5aa1638e?s=96&d=mm&r=g","caption":"Equipa Arte351"},"url":"https:\/\/arte351.pt\/art\/author\/caroleenbass\/"}]}},"_links":{"self":[{"href":"https:\/\/arte351.pt\/art\/wp-json\/wp\/v2\/posts\/8191","targetHints":{"allow":["GET"]}}],"collection":[{"href":"https:\/\/arte351.pt\/art\/wp-json\/wp\/v2\/posts"}],"about":[{"href":"https:\/\/arte351.pt\/art\/wp-json\/wp\/v2\/types\/post"}],"author":[{"embeddable":true,"href":"https:\/\/arte351.pt\/art\/wp-json\/wp\/v2\/users\/3"}],"replies":[{"embeddable":true,"href":"https:\/\/arte351.pt\/art\/wp-json\/wp\/v2\/comments?post=8191"}],"version-history":[{"count":1,"href":"https:\/\/arte351.pt\/art\/wp-json\/wp\/v2\/posts\/8191\/revisions"}],"predecessor-version":[{"id":8192,"href":"https:\/\/arte351.pt\/art\/wp-json\/wp\/v2\/posts\/8191\/revisions\/8192"}],"wp:attachment":[{"href":"https:\/\/arte351.pt\/art\/wp-json\/wp\/v2\/media?parent=8191"}],"wp:term":[{"taxonomy":"category","embeddable":true,"href":"https:\/\/arte351.pt\/art\/wp-json\/wp\/v2\/categories?post=8191"},{"taxonomy":"post_tag","embeddable":true,"href":"https:\/\/arte351.pt\/art\/wp-json\/wp\/v2\/tags?post=8191"}],"curies":[{"name":"wp","href":"https:\/\/api.w.org\/{rel}","templated":true}]}}