{"id":8193,"date":"2023-09-29T07:41:08","date_gmt":"2023-09-29T07:41:08","guid":{"rendered":"https:\/\/arte351.pt\/art\/?p=8193"},"modified":"2023-09-27T12:44:12","modified_gmt":"2023-09-27T12:44:12","slug":"conversas-e-conferencias-no-hangar-reflexoes-com-pesquisadores","status":"publish","type":"post","link":"https:\/\/arte351.pt\/art\/2023\/09\/29\/conversas-e-conferencias-no-hangar-reflexoes-com-pesquisadores\/","title":{"rendered":"Conversas e Confer\u00eancias no Hangar: Reflex\u00f5es com Pesquisadores"},"content":{"rendered":"<p><strong>Hangar &#8211; Centro de Investiga\u00e7\u00e3o Art\u00edstica Promove Ciclos de Conversas e Confer\u00eancias com Destacados Pesquisadores e Pensadores<\/strong><\/p>\n<p>O Hangar &#8211; Centro de Investiga\u00e7\u00e3o Art\u00edstica, localizado no bairro da Gra\u00e7a, em Lisboa, est\u00e1 programando uma s\u00e9rie de conversas e ciclos de confer\u00eancias nas pr\u00f3ximas semanas, trazendo uma variedade de pensadores e pesquisadores de Portugal e de todo o mundo para refletir sobre diversos temas, desde o papel da mulher na descoloniza\u00e7\u00e3o at\u00e9 quest\u00f5es de curadoria e programa\u00e7\u00e3o cultural, al\u00e9m do cruzamento entre o cinema experimental e o cinema etnogr\u00e1fico.<\/p>\n<p>A segunda edi\u00e7\u00e3o dos &#8220;<strong>Encontros Mulheres nas Descoloniza\u00e7\u00f5es: Modos de Ver e Saber<\/strong>&#8221; acontecer\u00e1 nos dias 29 e 30 de setembro. O evento re\u00fane criadores, curadores e pesquisadores para discutir os olhares, saberes e pr\u00e1ticas das mulheres nas lutas de liberta\u00e7\u00e3o e nos processos decoloniais. Com curadoria da professora e pesquisadora Maria do Carmo Pi\u00e7arra, este programa busca questionar as &#8220;pol\u00edticas da mem\u00f3ria&#8221; e identidade, com palestrantes como Gisela Casimiro, Rita C\u00e1ssia Silva, Livia Sampaio, Ana Naomi de Sousa, Filipa Bossuet, Catarina Laranjeiro e Daniel Barroca.<\/p>\n<p>Em 9 de outubro, ter\u00e1 in\u00edcio o ciclo &#8220;<strong>Am\u00e9rika: Gestos Cinematogr\u00e1ficos para Reencantar o Mundo<\/strong>&#8220;, uma s\u00e9rie de proje\u00e7\u00f5es e conversas programadas por Raquel Schefer, pesquisadora, realizadora, programadora e Professora Associada na Universidade Sorbonne Nouvelle. Nesta primeira sess\u00e3o, intitulada &#8220;<strong>Um cinema-Tarahumara: os filmes de Raymonde Carasco e R\u00e9gis H\u00e9braud<\/strong>,&#8221; o cineasta R\u00e9gis H\u00e9braud, colaborador de longa data de Raymonde Carasco, apresentar\u00e1 e comentar\u00e1 alguns dos filmes que realizou com a cineasta francesa. A proje\u00e7\u00e3o ser\u00e1 seguida de uma conversa aberta ao p\u00fablico entre R\u00e9gis H\u00e9braud, Raquel Schefer e a pesquisadora Salom\u00e9 Lopes Coelho.<\/p>\n<p>Para encerrar as atividades de investiga\u00e7\u00e3o, o Hangar realizar\u00e1 em 19 de outubro a conversa &#8220;<strong>Curating as a Practice of Love<\/strong>&#8220;, com a participa\u00e7\u00e3o do curador e autor Bonaventure Ndikung, diretor-fundador do Savvy Contemporary (Berlim), e Adama Sanneh, cofundador e CEO da Mouleskine Fondation (Mil\u00e3o). Nesta conversa sobre a pr\u00e1tica curatorial, ser\u00e1 discutido como as institui\u00e7\u00f5es podem se tornar arenas de discurso cr\u00edtico e imagina\u00e7\u00e3o sem limites, entre outros temas.<\/p>\n<p>O resultado desses ciclos e conversas ser\u00e1 integrado no Q-notes #2, uma publica\u00e7\u00e3o que ser\u00e1 lan\u00e7ada ainda este ano.<\/p>\n<p>A exposi\u00e7\u00e3o &#8220;<strong>A Sphere Of Water Orbiting A Star<\/strong>&#8221; do coletivo brit\u00e2nico The Otolith Group, com curadoria de Margarida Mendes, est\u00e1 atualmente em exibi\u00e7\u00e3o no Hangar. A exposi\u00e7\u00e3o, que deveria estar aberta ao p\u00fablico at\u00e9 23 de setembro, foi prorrogada at\u00e9 7 de outubro.<\/p>\n<p>Todas essas atividades s\u00e3o de entrada gratuita, e o Hangar &#8211; Centro de Investiga\u00e7\u00e3o Art\u00edstica est\u00e1 aberto de quarta a s\u00e1bado, das 15h \u00e0s 19h.<\/p>\n<p><strong>Agenda Hangar<\/strong>:<\/p>\n<ul>\n<li>&#8220;A Sphere Of Water Orbiting A Star&#8221; de The Otolith Group (exposi\u00e7\u00e3o)\n<ul>\n<li>Curadoria: Margarida Mendes<\/li>\n<li>At\u00e9 7 de outubro<\/li>\n<\/ul>\n<\/li>\n<li>Encontro(s) de Mulheres nas Descoloniza\u00e7\u00f5es. Modos de Ver e Saber. (ciclo de conversas)\n<ul>\n<li>Com: Maria do Carmo Pi\u00e7arra<\/li>\n<li>Datas: 29 e 30 de setembro<\/li>\n<\/ul>\n<\/li>\n<li>Am\u00e9rika: Gestos Cinematogr\u00e1ficos para Reencantar o Mundo (ciclo de proje\u00e7\u00f5es e conversa)\n<ul>\n<li>Com: R\u00e9gis H\u00e9braud, Raquel Schefer e Salom\u00e9 Lopes Coelho<\/li>\n<li>Data: 9 de outubro, \u00e0s 18h<\/li>\n<\/ul>\n<\/li>\n<li>Curating as a practice of Love (conversa)\n<ul>\n<li>Com: Dr. Bonaventure Soh Bejeng Ndikung e Adama Sanneh<\/li>\n<li>Data: 19 de outubro, \u00e0s 19h<\/li>\n<\/ul>\n<\/li>\n<li>Mini:Hangar Art Club &#8211; Outubro (workshop para crian\u00e7as)\n<ul>\n<li>Com Batoto Yetu e Petra\u2022Preta | Sara Fonseca da Gra\u00e7a<\/li>\n<\/ul>\n<p><strong>PARTE 1<\/strong>:<\/p>\n<ul>\n<li>Espa\u00e7os da Presen\u00e7a Africana em Lisboa com Batoto Yetu (Tuk Tuk Tour)<\/li>\n<li>Idades: 6 aos 14 anos + Fam\u00edlia (1 membro)<\/li>\n<li>Data: 14 de outubro, das 11:00 \u00e0s 13:00<\/li>\n<\/ul>\n<p><strong>PARTE 2<\/strong>:<\/p>\n<ul>\n<li>Artista \/ Educadora: Petra\u2022Preta | Sara Fonseca da Gra\u00e7a<\/li>\n<li>Idades: 6 aos 14 anos<\/li>\n<li>Data: 21 e 28 de outubro, das 11:00 \u00e0s 13:00<\/li>\n<\/ul>\n<\/li>\n<li>Art Club &#8211; Novembro (workshop para crian\u00e7as)\n<ul>\n<li>Com Melissa Rodrigues<\/li>\n<\/ul>\n<\/li>\n<li>ANTI-KY-THE\/RA: Thought Waves and the Anti-Truth of Light (exposi\u00e7\u00e3o)\n<ul>\n<li>do Coletivo Black Quantum Futurism<\/li>\n<li>Inaugura\u00e7\u00e3o: 2 de novembro<\/li>\n<\/ul>\n<\/li>\n<li>OPEN DAY\n<ul>\n<li>Curadora: Cristiana Tejo<\/li>\n<li>Data: 28 de setembro, das 18h \u00e0s 20h<\/li>\n<\/ul>\n<\/li>\n<li>HANGAR BOOKS\n<ul>\n<li>Lan\u00e7amento do Q-notes #2<\/li>\n<li>Participa\u00e7\u00e3o do Hangar Books no Etceteras &#8211; Festival Feminista de design e edi\u00e7\u00e3o<\/li>\n<\/ul>\n<\/li>\n<\/ul>\n<p><strong>Hangar &#8211; Centro de Investiga\u00e7\u00e3o Art\u00edstica<\/strong>:<\/p>\n<ul>\n<li>Rua Damasceno Monteiro 12, 1170-112 Lisboa<\/li>\n<li>Quarta a s\u00e1bado | 15h \u2013 19h<\/li>\n<li>Entrada livre.<\/li>\n<\/ul>\n","protected":false},"excerpt":{"rendered":"<p>Hangar &#8211; Centro de Investiga\u00e7\u00e3o Art\u00edstica Promove Ciclos de Conversas e Confer\u00eancias com Destacados Pesquisadores e Pensadores O Hangar &#8211; Centro de Investiga\u00e7\u00e3o Art\u00edstica, localizado no bairro da Gra\u00e7a, em [&hellip;]<\/p>\n","protected":false},"author":3,"featured_media":0,"comment_status":"closed","ping_status":"closed","sticky":false,"template":"","format":"standard","meta":{"_exactmetrics_skip_tracking":false,"_exactmetrics_sitenote_active":false,"_exactmetrics_sitenote_note":"","_exactmetrics_sitenote_category":0,"_uf_show_specific_survey":0,"_uf_disable_surveys":false,"footnotes":""},"categories":[1],"tags":[1767],"class_list":["post-8193","post","type-post","status-publish","format-standard","hentry","category-sem-categoria","tag-hangar-centro-de-investigacao-artistica"],"yoast_head":"<!-- This site is optimized with the Yoast SEO plugin v27.3 - https:\/\/yoast.com\/product\/yoast-seo-wordpress\/ -->\n<title>Conversas e Confer\u00eancias no Hangar: Reflex\u00f5es com Pesquisadores<\/title>\n<meta name=\"robots\" content=\"index, follow, max-snippet:-1, max-image-preview:large, max-video-preview:-1\" \/>\n<link rel=\"canonical\" href=\"https:\/\/arte351.pt\/art\/2023\/09\/29\/conversas-e-conferencias-no-hangar-reflexoes-com-pesquisadores\/\" \/>\n<meta property=\"og:locale\" content=\"pt_BR\" \/>\n<meta property=\"og:type\" content=\"article\" \/>\n<meta property=\"og:title\" content=\"Conversas e Confer\u00eancias no Hangar: Reflex\u00f5es com Pesquisadores\" \/>\n<meta property=\"og:description\" content=\"Hangar &#8211; Centro de Investiga\u00e7\u00e3o Art\u00edstica Promove Ciclos de Conversas e Confer\u00eancias com Destacados Pesquisadores e Pensadores O Hangar &#8211; Centro de Investiga\u00e7\u00e3o Art\u00edstica, localizado no bairro da Gra\u00e7a, em [&hellip;]\" \/>\n<meta property=\"og:url\" content=\"https:\/\/arte351.pt\/art\/2023\/09\/29\/conversas-e-conferencias-no-hangar-reflexoes-com-pesquisadores\/\" \/>\n<meta property=\"og:site_name\" content=\"Arte351 - Art Magazine Portugal\" \/>\n<meta property=\"article:publisher\" content=\"https:\/\/www.facebook.com\/arte351magazine\/\" \/>\n<meta property=\"article:published_time\" content=\"2023-09-29T07:41:08+00:00\" \/>\n<meta name=\"author\" content=\"Equipa Arte351\" \/>\n<meta name=\"twitter:label1\" content=\"Escrito por\" \/>\n\t<meta name=\"twitter:data1\" content=\"Equipa Arte351\" \/>\n\t<meta name=\"twitter:label2\" content=\"Est. tempo de leitura\" \/>\n\t<meta name=\"twitter:data2\" content=\"4 minutos\" \/>\n<script type=\"application\/ld+json\" class=\"yoast-schema-graph\">{\"@context\":\"https:\\\/\\\/schema.org\",\"@graph\":[{\"@type\":\"Article\",\"@id\":\"https:\\\/\\\/arte351.pt\\\/art\\\/2023\\\/09\\\/29\\\/conversas-e-conferencias-no-hangar-reflexoes-com-pesquisadores\\\/#article\",\"isPartOf\":{\"@id\":\"https:\\\/\\\/arte351.pt\\\/art\\\/2023\\\/09\\\/29\\\/conversas-e-conferencias-no-hangar-reflexoes-com-pesquisadores\\\/\"},\"author\":{\"name\":\"Equipa Arte351\",\"@id\":\"https:\\\/\\\/arte351.pt\\\/art\\\/#\\\/schema\\\/person\\\/f2cfae59497206be61c53c217757b930\"},\"headline\":\"Conversas e Confer\u00eancias no Hangar: Reflex\u00f5es com Pesquisadores\",\"datePublished\":\"2023-09-29T07:41:08+00:00\",\"mainEntityOfPage\":{\"@id\":\"https:\\\/\\\/arte351.pt\\\/art\\\/2023\\\/09\\\/29\\\/conversas-e-conferencias-no-hangar-reflexoes-com-pesquisadores\\\/\"},\"wordCount\":732,\"publisher\":{\"@id\":\"https:\\\/\\\/arte351.pt\\\/art\\\/#organization\"},\"keywords\":[\"Hangar - Centro de Investiga\u00e7\u00e3o Art\u00edstica\"],\"articleSection\":[\"Blog ARTE-351\"],\"inLanguage\":\"pt-BR\"},{\"@type\":\"WebPage\",\"@id\":\"https:\\\/\\\/arte351.pt\\\/art\\\/2023\\\/09\\\/29\\\/conversas-e-conferencias-no-hangar-reflexoes-com-pesquisadores\\\/\",\"url\":\"https:\\\/\\\/arte351.pt\\\/art\\\/2023\\\/09\\\/29\\\/conversas-e-conferencias-no-hangar-reflexoes-com-pesquisadores\\\/\",\"name\":\"Conversas e Confer\u00eancias no Hangar: Reflex\u00f5es com Pesquisadores\",\"isPartOf\":{\"@id\":\"https:\\\/\\\/arte351.pt\\\/art\\\/#website\"},\"datePublished\":\"2023-09-29T07:41:08+00:00\",\"breadcrumb\":{\"@id\":\"https:\\\/\\\/arte351.pt\\\/art\\\/2023\\\/09\\\/29\\\/conversas-e-conferencias-no-hangar-reflexoes-com-pesquisadores\\\/#breadcrumb\"},\"inLanguage\":\"pt-BR\",\"potentialAction\":[{\"@type\":\"ReadAction\",\"target\":[\"https:\\\/\\\/arte351.pt\\\/art\\\/2023\\\/09\\\/29\\\/conversas-e-conferencias-no-hangar-reflexoes-com-pesquisadores\\\/\"]}]},{\"@type\":\"BreadcrumbList\",\"@id\":\"https:\\\/\\\/arte351.pt\\\/art\\\/2023\\\/09\\\/29\\\/conversas-e-conferencias-no-hangar-reflexoes-com-pesquisadores\\\/#breadcrumb\",\"itemListElement\":[{\"@type\":\"ListItem\",\"position\":1,\"name\":\"In\u00edcio\",\"item\":\"https:\\\/\\\/arte351.pt\\\/art\\\/\"},{\"@type\":\"ListItem\",\"position\":2,\"name\":\"Conversas e Confer\u00eancias no Hangar: Reflex\u00f5es com Pesquisadores\"}]},{\"@type\":\"WebSite\",\"@id\":\"https:\\\/\\\/arte351.pt\\\/art\\\/#website\",\"url\":\"https:\\\/\\\/arte351.pt\\\/art\\\/\",\"name\":\"Arte351 - Art Magazine Portugal\",\"description\":\"\",\"publisher\":{\"@id\":\"https:\\\/\\\/arte351.pt\\\/art\\\/#organization\"},\"potentialAction\":[{\"@type\":\"SearchAction\",\"target\":{\"@type\":\"EntryPoint\",\"urlTemplate\":\"https:\\\/\\\/arte351.pt\\\/art\\\/?s={search_term_string}\"},\"query-input\":{\"@type\":\"PropertyValueSpecification\",\"valueRequired\":true,\"valueName\":\"search_term_string\"}}],\"inLanguage\":\"pt-BR\"},{\"@type\":\"Organization\",\"@id\":\"https:\\\/\\\/arte351.pt\\\/art\\\/#organization\",\"name\":\"Arte351 - Art Magazine Portugal\",\"url\":\"https:\\\/\\\/arte351.pt\\\/art\\\/\",\"logo\":{\"@type\":\"ImageObject\",\"inLanguage\":\"pt-BR\",\"@id\":\"https:\\\/\\\/arte351.pt\\\/art\\\/#\\\/schema\\\/logo\\\/image\\\/\",\"url\":\"https:\\\/\\\/arte351.pt\\\/art\\\/wp-content\\\/uploads\\\/2020\\\/03\\\/cropped-logo-arte351-color.png\",\"contentUrl\":\"https:\\\/\\\/arte351.pt\\\/art\\\/wp-content\\\/uploads\\\/2020\\\/03\\\/cropped-logo-arte351-color.png\",\"width\":514,\"height\":200,\"caption\":\"Arte351 - Art Magazine Portugal\"},\"image\":{\"@id\":\"https:\\\/\\\/arte351.pt\\\/art\\\/#\\\/schema\\\/logo\\\/image\\\/\"},\"sameAs\":[\"https:\\\/\\\/www.facebook.com\\\/arte351magazine\\\/\"]},{\"@type\":\"Person\",\"@id\":\"https:\\\/\\\/arte351.pt\\\/art\\\/#\\\/schema\\\/person\\\/f2cfae59497206be61c53c217757b930\",\"name\":\"Equipa Arte351\",\"image\":{\"@type\":\"ImageObject\",\"inLanguage\":\"pt-BR\",\"@id\":\"https:\\\/\\\/secure.gravatar.com\\\/avatar\\\/6caca56323d52e15e83fc5635240c86f7e52fd46fa8d5df9a709d99f5aa1638e?s=96&d=mm&r=g\",\"url\":\"https:\\\/\\\/secure.gravatar.com\\\/avatar\\\/6caca56323d52e15e83fc5635240c86f7e52fd46fa8d5df9a709d99f5aa1638e?s=96&d=mm&r=g\",\"contentUrl\":\"https:\\\/\\\/secure.gravatar.com\\\/avatar\\\/6caca56323d52e15e83fc5635240c86f7e52fd46fa8d5df9a709d99f5aa1638e?s=96&d=mm&r=g\",\"caption\":\"Equipa Arte351\"},\"url\":\"https:\\\/\\\/arte351.pt\\\/art\\\/author\\\/caroleenbass\\\/\"}]}<\/script>\n<!-- \/ Yoast SEO plugin. -->","yoast_head_json":{"title":"Conversas e Confer\u00eancias no Hangar: Reflex\u00f5es com Pesquisadores","robots":{"index":"index","follow":"follow","max-snippet":"max-snippet:-1","max-image-preview":"max-image-preview:large","max-video-preview":"max-video-preview:-1"},"canonical":"https:\/\/arte351.pt\/art\/2023\/09\/29\/conversas-e-conferencias-no-hangar-reflexoes-com-pesquisadores\/","og_locale":"pt_BR","og_type":"article","og_title":"Conversas e Confer\u00eancias no Hangar: Reflex\u00f5es com Pesquisadores","og_description":"Hangar &#8211; Centro de Investiga\u00e7\u00e3o Art\u00edstica Promove Ciclos de Conversas e Confer\u00eancias com Destacados Pesquisadores e Pensadores O Hangar &#8211; Centro de Investiga\u00e7\u00e3o Art\u00edstica, localizado no bairro da Gra\u00e7a, em [&hellip;]","og_url":"https:\/\/arte351.pt\/art\/2023\/09\/29\/conversas-e-conferencias-no-hangar-reflexoes-com-pesquisadores\/","og_site_name":"Arte351 - Art Magazine Portugal","article_publisher":"https:\/\/www.facebook.com\/arte351magazine\/","article_published_time":"2023-09-29T07:41:08+00:00","author":"Equipa Arte351","twitter_misc":{"Escrito por":"Equipa Arte351","Est. tempo de leitura":"4 minutos"},"schema":{"@context":"https:\/\/schema.org","@graph":[{"@type":"Article","@id":"https:\/\/arte351.pt\/art\/2023\/09\/29\/conversas-e-conferencias-no-hangar-reflexoes-com-pesquisadores\/#article","isPartOf":{"@id":"https:\/\/arte351.pt\/art\/2023\/09\/29\/conversas-e-conferencias-no-hangar-reflexoes-com-pesquisadores\/"},"author":{"name":"Equipa Arte351","@id":"https:\/\/arte351.pt\/art\/#\/schema\/person\/f2cfae59497206be61c53c217757b930"},"headline":"Conversas e Confer\u00eancias no Hangar: Reflex\u00f5es com Pesquisadores","datePublished":"2023-09-29T07:41:08+00:00","mainEntityOfPage":{"@id":"https:\/\/arte351.pt\/art\/2023\/09\/29\/conversas-e-conferencias-no-hangar-reflexoes-com-pesquisadores\/"},"wordCount":732,"publisher":{"@id":"https:\/\/arte351.pt\/art\/#organization"},"keywords":["Hangar - Centro de Investiga\u00e7\u00e3o Art\u00edstica"],"articleSection":["Blog ARTE-351"],"inLanguage":"pt-BR"},{"@type":"WebPage","@id":"https:\/\/arte351.pt\/art\/2023\/09\/29\/conversas-e-conferencias-no-hangar-reflexoes-com-pesquisadores\/","url":"https:\/\/arte351.pt\/art\/2023\/09\/29\/conversas-e-conferencias-no-hangar-reflexoes-com-pesquisadores\/","name":"Conversas e Confer\u00eancias no Hangar: Reflex\u00f5es com Pesquisadores","isPartOf":{"@id":"https:\/\/arte351.pt\/art\/#website"},"datePublished":"2023-09-29T07:41:08+00:00","breadcrumb":{"@id":"https:\/\/arte351.pt\/art\/2023\/09\/29\/conversas-e-conferencias-no-hangar-reflexoes-com-pesquisadores\/#breadcrumb"},"inLanguage":"pt-BR","potentialAction":[{"@type":"ReadAction","target":["https:\/\/arte351.pt\/art\/2023\/09\/29\/conversas-e-conferencias-no-hangar-reflexoes-com-pesquisadores\/"]}]},{"@type":"BreadcrumbList","@id":"https:\/\/arte351.pt\/art\/2023\/09\/29\/conversas-e-conferencias-no-hangar-reflexoes-com-pesquisadores\/#breadcrumb","itemListElement":[{"@type":"ListItem","position":1,"name":"In\u00edcio","item":"https:\/\/arte351.pt\/art\/"},{"@type":"ListItem","position":2,"name":"Conversas e Confer\u00eancias no Hangar: Reflex\u00f5es com Pesquisadores"}]},{"@type":"WebSite","@id":"https:\/\/arte351.pt\/art\/#website","url":"https:\/\/arte351.pt\/art\/","name":"Arte351 - Art Magazine Portugal","description":"","publisher":{"@id":"https:\/\/arte351.pt\/art\/#organization"},"potentialAction":[{"@type":"SearchAction","target":{"@type":"EntryPoint","urlTemplate":"https:\/\/arte351.pt\/art\/?s={search_term_string}"},"query-input":{"@type":"PropertyValueSpecification","valueRequired":true,"valueName":"search_term_string"}}],"inLanguage":"pt-BR"},{"@type":"Organization","@id":"https:\/\/arte351.pt\/art\/#organization","name":"Arte351 - Art Magazine Portugal","url":"https:\/\/arte351.pt\/art\/","logo":{"@type":"ImageObject","inLanguage":"pt-BR","@id":"https:\/\/arte351.pt\/art\/#\/schema\/logo\/image\/","url":"https:\/\/arte351.pt\/art\/wp-content\/uploads\/2020\/03\/cropped-logo-arte351-color.png","contentUrl":"https:\/\/arte351.pt\/art\/wp-content\/uploads\/2020\/03\/cropped-logo-arte351-color.png","width":514,"height":200,"caption":"Arte351 - Art Magazine Portugal"},"image":{"@id":"https:\/\/arte351.pt\/art\/#\/schema\/logo\/image\/"},"sameAs":["https:\/\/www.facebook.com\/arte351magazine\/"]},{"@type":"Person","@id":"https:\/\/arte351.pt\/art\/#\/schema\/person\/f2cfae59497206be61c53c217757b930","name":"Equipa Arte351","image":{"@type":"ImageObject","inLanguage":"pt-BR","@id":"https:\/\/secure.gravatar.com\/avatar\/6caca56323d52e15e83fc5635240c86f7e52fd46fa8d5df9a709d99f5aa1638e?s=96&d=mm&r=g","url":"https:\/\/secure.gravatar.com\/avatar\/6caca56323d52e15e83fc5635240c86f7e52fd46fa8d5df9a709d99f5aa1638e?s=96&d=mm&r=g","contentUrl":"https:\/\/secure.gravatar.com\/avatar\/6caca56323d52e15e83fc5635240c86f7e52fd46fa8d5df9a709d99f5aa1638e?s=96&d=mm&r=g","caption":"Equipa Arte351"},"url":"https:\/\/arte351.pt\/art\/author\/caroleenbass\/"}]}},"_links":{"self":[{"href":"https:\/\/arte351.pt\/art\/wp-json\/wp\/v2\/posts\/8193","targetHints":{"allow":["GET"]}}],"collection":[{"href":"https:\/\/arte351.pt\/art\/wp-json\/wp\/v2\/posts"}],"about":[{"href":"https:\/\/arte351.pt\/art\/wp-json\/wp\/v2\/types\/post"}],"author":[{"embeddable":true,"href":"https:\/\/arte351.pt\/art\/wp-json\/wp\/v2\/users\/3"}],"replies":[{"embeddable":true,"href":"https:\/\/arte351.pt\/art\/wp-json\/wp\/v2\/comments?post=8193"}],"version-history":[{"count":1,"href":"https:\/\/arte351.pt\/art\/wp-json\/wp\/v2\/posts\/8193\/revisions"}],"predecessor-version":[{"id":8194,"href":"https:\/\/arte351.pt\/art\/wp-json\/wp\/v2\/posts\/8193\/revisions\/8194"}],"wp:attachment":[{"href":"https:\/\/arte351.pt\/art\/wp-json\/wp\/v2\/media?parent=8193"}],"wp:term":[{"taxonomy":"category","embeddable":true,"href":"https:\/\/arte351.pt\/art\/wp-json\/wp\/v2\/categories?post=8193"},{"taxonomy":"post_tag","embeddable":true,"href":"https:\/\/arte351.pt\/art\/wp-json\/wp\/v2\/tags?post=8193"}],"curies":[{"name":"wp","href":"https:\/\/api.w.org\/{rel}","templated":true}]}}