{"id":8197,"date":"2023-09-30T08:02:37","date_gmt":"2023-09-30T08:02:37","guid":{"rendered":"https:\/\/arte351.pt\/art\/?p=8197"},"modified":"2023-09-28T10:08:19","modified_gmt":"2023-09-28T10:08:19","slug":"festa-da-ilustracao-regressa-a-setubal-com-14-exposicoes","status":"publish","type":"post","link":"https:\/\/arte351.pt\/art\/2023\/09\/30\/festa-da-ilustracao-regressa-a-setubal-com-14-exposicoes\/","title":{"rendered":"Festa da Ilustra\u00e7\u00e3o regressa a Set\u00fabal com 14 exposi\u00e7\u00f5es"},"content":{"rendered":"<h2><span>A nona edi\u00e7\u00e3o da Festa da Ilustra\u00e7\u00e3o, em Set\u00fabal, decorre de 30 de setembro a 31 de dezembro, com 14 exposi\u00e7\u00f5es de ilustra\u00e7\u00e3o de artistas nacionais e internacionais.<\/span><\/h2>\n<p data-sourcepos=\"7:1-7:391\">A Festa da Ilustra\u00e7\u00e3o, evento organizado pela C\u00e2mara Municipal de Set\u00fabal, regressa este ano com um programa que inclui 14 exposi\u00e7\u00f5es, algumas patentes at\u00e9 dezembro, na Casa da Cultura, Galeria Municipal do 11, Museu do Trabalho Michel Giacometti, Casa d\u2019Avenida, Casa do Largo, Casa Bocage, A Gr\u00e1fica, Museu de Set\u00fabal\/Convento de Jesus, Livraria Culsete e bibliotecas de Set\u00fabal e Azeit\u00e3o.<\/p>\n<p data-sourcepos=\"9:1-9:147\">As exposi\u00e7\u00f5es contam com trabalhos de ilustradoras como Madalena Matoso, Martina Many\u00e0 e Laura Costa, bem como de artistas locais e internacionais.<\/p>\n<p data-sourcepos=\"11:1-11:40\">\n<p data-sourcepos=\"11:1-11:40\"><strong>Madalena Matoso, convidada nacional:<\/strong><\/p>\n<p data-sourcepos=\"13:1-13:237\">A ilustradora portuguesa Madalena Matoso \u00e9 a convidada nacional da edi\u00e7\u00e3o de 2023 da Festa da Ilustra\u00e7\u00e3o. A sua exposi\u00e7\u00e3o \u201cCoisas Invis\u00edveis\u201d estar\u00e1 patente na Galeria de Exposi\u00e7\u00f5es da Casa da Cultura, de 30 de setembro a 26 de novembro.<\/p>\n<p data-sourcepos=\"15:1-15:41\">\n<p data-sourcepos=\"15:1-15:41\"><strong>Martina Many\u00e0, convidada estrangeira:<\/strong><\/p>\n<p data-sourcepos=\"17:1-17:236\">A ilustradora espanhola Martina Many\u00e0 \u00e9 a convidada estrangeira da Festa da Ilustra\u00e7\u00e3o. A sua exposi\u00e7\u00e3o \u201cCont\u00e1gio, Serigrafias Mutantes\u201d estar\u00e1 patente no Espa\u00e7o Jo\u00e3o Paulo Cotrim, na Casa da Cultura, de 30 de setembro a 26 de novembro.<\/p>\n<p data-sourcepos=\"19:1-19:29\">\n<p data-sourcepos=\"19:1-19:29\"><strong>Laura Costa, homenageada:<\/strong><\/p>\n<p data-sourcepos=\"21:1-21:226\">A ilustradora Laura Costa, falecida em 1993, \u00e9 homenageada na Festa da Ilustra\u00e7\u00e3o com uma mostra reveladora de alguns dos seus trabalhos. A exposi\u00e7\u00e3o estar\u00e1 patente na Galeria Municipal do 11, de 7 de outubro a 30 de novembro.<\/p>\n<p data-sourcepos=\"23:1-23:22\">\n<p data-sourcepos=\"23:1-23:22\"><strong>Outras exposi\u00e7\u00f5es:<\/strong><\/p>\n<p data-sourcepos=\"25:1-25:80\">Ainda no programa da Festa da Ilustra\u00e7\u00e3o, destaque para as seguintes exposi\u00e7\u00f5es:<\/p>\n<ul data-sourcepos=\"27:1-30:0\">\n<li data-sourcepos=\"27:1-27:69\">\u201cVer ao Perto\u201d, com trabalhos de artistas locais, na Casa do Largo;<\/li>\n<li data-sourcepos=\"28:1-28:37\">\u201cLevar \u00e0 Letra\u201d, na Casa d\u2019Avenida;<\/li>\n<li data-sourcepos=\"29:1-30:0\">\u201cPelo Sonho \u00e9 que Vamos \u2013 Sebasti\u00e3o da Gama e a Serra da Arr\u00e1bida\u201d, nas bibliotecas de Set\u00fabal e Azeit\u00e3o.<\/li>\n<\/ul>\n<p data-sourcepos=\"31:1-31:25\">\n<p data-sourcepos=\"31:1-31:25\"><strong>Atividades paralelas:<\/strong><\/p>\n<p data-sourcepos=\"33:1-33:261\">Al\u00e9m do programa de exposi\u00e7\u00f5es, a Festa da Ilustra\u00e7\u00e3o 2023 conta com um conjunto de atividades paralelas, desde logo na abertura do certame, a 30 de setembro, pelas 21h30, com o \u201cConcerto da Festa!\u201d, o qual proporciona um encontro musical com Lu\u00eds Vicente Trio.<\/p>\n<p data-sourcepos=\"35:1-35:328\">H\u00e1 ainda um conjunto de conversas no decorrer do certame, com Pedro Moura, Jorge Silva, Madalena Matoso, Martina Many\u00e0, In\u00eas Viegas Oliveira, Bernardo Carvalho, Ana Nogueira, Jos\u00e9 Te\u00f3filo Duarte e S\u00e9rgio Godinho, agendada para 28 de Outubro, assim como visitas guiadas a exposi\u00e7\u00f5es na Casa da Cultura, com a presen\u00e7a de autores.<\/p>\n<p data-sourcepos=\"35:1-35:328\">\n<p data-sourcepos=\"35:1-35:328\">\n<p data-sourcepos=\"35:1-35:328\">\n<p data-sourcepos=\"39:1-39:252\">\n","protected":false},"excerpt":{"rendered":"<p>A nona edi\u00e7\u00e3o da Festa da Ilustra\u00e7\u00e3o, em Set\u00fabal, decorre de 30 de setembro a 31 de dezembro, com 14 exposi\u00e7\u00f5es de ilustra\u00e7\u00e3o de artistas nacionais e internacionais. A Festa [&hellip;]<\/p>\n","protected":false},"author":3,"featured_media":0,"comment_status":"closed","ping_status":"closed","sticky":false,"template":"","format":"standard","meta":{"_exactmetrics_skip_tracking":false,"_exactmetrics_sitenote_active":false,"_exactmetrics_sitenote_note":"","_exactmetrics_sitenote_category":0,"_uf_show_specific_survey":0,"_uf_disable_surveys":false,"footnotes":""},"categories":[1],"tags":[1961,1065],"class_list":["post-8197","post","type-post","status-publish","format-standard","hentry","category-sem-categoria","tag-festa-da-ilustracao","tag-setubal"],"yoast_head":"<!-- This site is optimized with the Yoast SEO plugin v27.3 - https:\/\/yoast.com\/product\/yoast-seo-wordpress\/ -->\n<title>Festa da Ilustra\u00e7\u00e3o regressa a Set\u00fabal com 14 exposi\u00e7\u00f5es<\/title>\n<meta name=\"description\" content=\"A nona edi\u00e7\u00e3o da Festa da Ilustra\u00e7\u00e3o, em Set\u00fabal, decorre de 30 de setembro a 31 de dezembro, com 14 exposi\u00e7\u00f5es de ilustra\u00e7\u00e3o..\" \/>\n<meta name=\"robots\" content=\"index, follow, max-snippet:-1, max-image-preview:large, max-video-preview:-1\" \/>\n<link rel=\"canonical\" href=\"https:\/\/arte351.pt\/art\/2023\/09\/30\/festa-da-ilustracao-regressa-a-setubal-com-14-exposicoes\/\" \/>\n<meta property=\"og:locale\" content=\"pt_BR\" \/>\n<meta property=\"og:type\" content=\"article\" \/>\n<meta property=\"og:title\" content=\"Festa da Ilustra\u00e7\u00e3o regressa a Set\u00fabal com 14 exposi\u00e7\u00f5es\" \/>\n<meta property=\"og:description\" content=\"A nona edi\u00e7\u00e3o da Festa da Ilustra\u00e7\u00e3o, em Set\u00fabal, decorre de 30 de setembro a 31 de dezembro, com 14 exposi\u00e7\u00f5es de ilustra\u00e7\u00e3o..\" \/>\n<meta property=\"og:url\" content=\"https:\/\/arte351.pt\/art\/2023\/09\/30\/festa-da-ilustracao-regressa-a-setubal-com-14-exposicoes\/\" \/>\n<meta property=\"og:site_name\" content=\"Arte351 - Art Magazine Portugal\" \/>\n<meta property=\"article:publisher\" content=\"https:\/\/www.facebook.com\/arte351magazine\/\" \/>\n<meta property=\"article:published_time\" content=\"2023-09-30T08:02:37+00:00\" \/>\n<meta name=\"author\" content=\"Equipa Arte351\" \/>\n<meta name=\"twitter:label1\" content=\"Escrito por\" \/>\n\t<meta name=\"twitter:data1\" content=\"Equipa Arte351\" \/>\n\t<meta name=\"twitter:label2\" content=\"Est. tempo de leitura\" \/>\n\t<meta name=\"twitter:data2\" content=\"3 minutos\" \/>\n<script type=\"application\/ld+json\" class=\"yoast-schema-graph\">{\"@context\":\"https:\\\/\\\/schema.org\",\"@graph\":[{\"@type\":\"Article\",\"@id\":\"https:\\\/\\\/arte351.pt\\\/art\\\/2023\\\/09\\\/30\\\/festa-da-ilustracao-regressa-a-setubal-com-14-exposicoes\\\/#article\",\"isPartOf\":{\"@id\":\"https:\\\/\\\/arte351.pt\\\/art\\\/2023\\\/09\\\/30\\\/festa-da-ilustracao-regressa-a-setubal-com-14-exposicoes\\\/\"},\"author\":{\"name\":\"Equipa Arte351\",\"@id\":\"https:\\\/\\\/arte351.pt\\\/art\\\/#\\\/schema\\\/person\\\/f2cfae59497206be61c53c217757b930\"},\"headline\":\"Festa da Ilustra\u00e7\u00e3o regressa a Set\u00fabal com 14 exposi\u00e7\u00f5es\",\"datePublished\":\"2023-09-30T08:02:37+00:00\",\"mainEntityOfPage\":{\"@id\":\"https:\\\/\\\/arte351.pt\\\/art\\\/2023\\\/09\\\/30\\\/festa-da-ilustracao-regressa-a-setubal-com-14-exposicoes\\\/\"},\"wordCount\":421,\"publisher\":{\"@id\":\"https:\\\/\\\/arte351.pt\\\/art\\\/#organization\"},\"keywords\":[\"Festa da Ilustra\u00e7\u00e3o\",\"Set\u00fabal\"],\"articleSection\":[\"Blog ARTE-351\"],\"inLanguage\":\"pt-BR\"},{\"@type\":\"WebPage\",\"@id\":\"https:\\\/\\\/arte351.pt\\\/art\\\/2023\\\/09\\\/30\\\/festa-da-ilustracao-regressa-a-setubal-com-14-exposicoes\\\/\",\"url\":\"https:\\\/\\\/arte351.pt\\\/art\\\/2023\\\/09\\\/30\\\/festa-da-ilustracao-regressa-a-setubal-com-14-exposicoes\\\/\",\"name\":\"Festa da Ilustra\u00e7\u00e3o regressa a Set\u00fabal com 14 exposi\u00e7\u00f5es\",\"isPartOf\":{\"@id\":\"https:\\\/\\\/arte351.pt\\\/art\\\/#website\"},\"datePublished\":\"2023-09-30T08:02:37+00:00\",\"description\":\"A nona edi\u00e7\u00e3o da Festa da Ilustra\u00e7\u00e3o, em Set\u00fabal, decorre de 30 de setembro a 31 de dezembro, com 14 exposi\u00e7\u00f5es de ilustra\u00e7\u00e3o..\",\"breadcrumb\":{\"@id\":\"https:\\\/\\\/arte351.pt\\\/art\\\/2023\\\/09\\\/30\\\/festa-da-ilustracao-regressa-a-setubal-com-14-exposicoes\\\/#breadcrumb\"},\"inLanguage\":\"pt-BR\",\"potentialAction\":[{\"@type\":\"ReadAction\",\"target\":[\"https:\\\/\\\/arte351.pt\\\/art\\\/2023\\\/09\\\/30\\\/festa-da-ilustracao-regressa-a-setubal-com-14-exposicoes\\\/\"]}]},{\"@type\":\"BreadcrumbList\",\"@id\":\"https:\\\/\\\/arte351.pt\\\/art\\\/2023\\\/09\\\/30\\\/festa-da-ilustracao-regressa-a-setubal-com-14-exposicoes\\\/#breadcrumb\",\"itemListElement\":[{\"@type\":\"ListItem\",\"position\":1,\"name\":\"In\u00edcio\",\"item\":\"https:\\\/\\\/arte351.pt\\\/art\\\/\"},{\"@type\":\"ListItem\",\"position\":2,\"name\":\"Festa da Ilustra\u00e7\u00e3o regressa a Set\u00fabal com 14 exposi\u00e7\u00f5es\"}]},{\"@type\":\"WebSite\",\"@id\":\"https:\\\/\\\/arte351.pt\\\/art\\\/#website\",\"url\":\"https:\\\/\\\/arte351.pt\\\/art\\\/\",\"name\":\"Arte351 - Art Magazine Portugal\",\"description\":\"\",\"publisher\":{\"@id\":\"https:\\\/\\\/arte351.pt\\\/art\\\/#organization\"},\"potentialAction\":[{\"@type\":\"SearchAction\",\"target\":{\"@type\":\"EntryPoint\",\"urlTemplate\":\"https:\\\/\\\/arte351.pt\\\/art\\\/?s={search_term_string}\"},\"query-input\":{\"@type\":\"PropertyValueSpecification\",\"valueRequired\":true,\"valueName\":\"search_term_string\"}}],\"inLanguage\":\"pt-BR\"},{\"@type\":\"Organization\",\"@id\":\"https:\\\/\\\/arte351.pt\\\/art\\\/#organization\",\"name\":\"Arte351 - Art Magazine Portugal\",\"url\":\"https:\\\/\\\/arte351.pt\\\/art\\\/\",\"logo\":{\"@type\":\"ImageObject\",\"inLanguage\":\"pt-BR\",\"@id\":\"https:\\\/\\\/arte351.pt\\\/art\\\/#\\\/schema\\\/logo\\\/image\\\/\",\"url\":\"https:\\\/\\\/arte351.pt\\\/art\\\/wp-content\\\/uploads\\\/2020\\\/03\\\/cropped-logo-arte351-color.png\",\"contentUrl\":\"https:\\\/\\\/arte351.pt\\\/art\\\/wp-content\\\/uploads\\\/2020\\\/03\\\/cropped-logo-arte351-color.png\",\"width\":514,\"height\":200,\"caption\":\"Arte351 - Art Magazine Portugal\"},\"image\":{\"@id\":\"https:\\\/\\\/arte351.pt\\\/art\\\/#\\\/schema\\\/logo\\\/image\\\/\"},\"sameAs\":[\"https:\\\/\\\/www.facebook.com\\\/arte351magazine\\\/\"]},{\"@type\":\"Person\",\"@id\":\"https:\\\/\\\/arte351.pt\\\/art\\\/#\\\/schema\\\/person\\\/f2cfae59497206be61c53c217757b930\",\"name\":\"Equipa Arte351\",\"image\":{\"@type\":\"ImageObject\",\"inLanguage\":\"pt-BR\",\"@id\":\"https:\\\/\\\/secure.gravatar.com\\\/avatar\\\/6caca56323d52e15e83fc5635240c86f7e52fd46fa8d5df9a709d99f5aa1638e?s=96&d=mm&r=g\",\"url\":\"https:\\\/\\\/secure.gravatar.com\\\/avatar\\\/6caca56323d52e15e83fc5635240c86f7e52fd46fa8d5df9a709d99f5aa1638e?s=96&d=mm&r=g\",\"contentUrl\":\"https:\\\/\\\/secure.gravatar.com\\\/avatar\\\/6caca56323d52e15e83fc5635240c86f7e52fd46fa8d5df9a709d99f5aa1638e?s=96&d=mm&r=g\",\"caption\":\"Equipa Arte351\"},\"url\":\"https:\\\/\\\/arte351.pt\\\/art\\\/author\\\/caroleenbass\\\/\"}]}<\/script>\n<!-- \/ Yoast SEO plugin. -->","yoast_head_json":{"title":"Festa da Ilustra\u00e7\u00e3o regressa a Set\u00fabal com 14 exposi\u00e7\u00f5es","description":"A nona edi\u00e7\u00e3o da Festa da Ilustra\u00e7\u00e3o, em Set\u00fabal, decorre de 30 de setembro a 31 de dezembro, com 14 exposi\u00e7\u00f5es de ilustra\u00e7\u00e3o..","robots":{"index":"index","follow":"follow","max-snippet":"max-snippet:-1","max-image-preview":"max-image-preview:large","max-video-preview":"max-video-preview:-1"},"canonical":"https:\/\/arte351.pt\/art\/2023\/09\/30\/festa-da-ilustracao-regressa-a-setubal-com-14-exposicoes\/","og_locale":"pt_BR","og_type":"article","og_title":"Festa da Ilustra\u00e7\u00e3o regressa a Set\u00fabal com 14 exposi\u00e7\u00f5es","og_description":"A nona edi\u00e7\u00e3o da Festa da Ilustra\u00e7\u00e3o, em Set\u00fabal, decorre de 30 de setembro a 31 de dezembro, com 14 exposi\u00e7\u00f5es de ilustra\u00e7\u00e3o..","og_url":"https:\/\/arte351.pt\/art\/2023\/09\/30\/festa-da-ilustracao-regressa-a-setubal-com-14-exposicoes\/","og_site_name":"Arte351 - Art Magazine Portugal","article_publisher":"https:\/\/www.facebook.com\/arte351magazine\/","article_published_time":"2023-09-30T08:02:37+00:00","author":"Equipa Arte351","twitter_misc":{"Escrito por":"Equipa Arte351","Est. tempo de leitura":"3 minutos"},"schema":{"@context":"https:\/\/schema.org","@graph":[{"@type":"Article","@id":"https:\/\/arte351.pt\/art\/2023\/09\/30\/festa-da-ilustracao-regressa-a-setubal-com-14-exposicoes\/#article","isPartOf":{"@id":"https:\/\/arte351.pt\/art\/2023\/09\/30\/festa-da-ilustracao-regressa-a-setubal-com-14-exposicoes\/"},"author":{"name":"Equipa Arte351","@id":"https:\/\/arte351.pt\/art\/#\/schema\/person\/f2cfae59497206be61c53c217757b930"},"headline":"Festa da Ilustra\u00e7\u00e3o regressa a Set\u00fabal com 14 exposi\u00e7\u00f5es","datePublished":"2023-09-30T08:02:37+00:00","mainEntityOfPage":{"@id":"https:\/\/arte351.pt\/art\/2023\/09\/30\/festa-da-ilustracao-regressa-a-setubal-com-14-exposicoes\/"},"wordCount":421,"publisher":{"@id":"https:\/\/arte351.pt\/art\/#organization"},"keywords":["Festa da Ilustra\u00e7\u00e3o","Set\u00fabal"],"articleSection":["Blog ARTE-351"],"inLanguage":"pt-BR"},{"@type":"WebPage","@id":"https:\/\/arte351.pt\/art\/2023\/09\/30\/festa-da-ilustracao-regressa-a-setubal-com-14-exposicoes\/","url":"https:\/\/arte351.pt\/art\/2023\/09\/30\/festa-da-ilustracao-regressa-a-setubal-com-14-exposicoes\/","name":"Festa da Ilustra\u00e7\u00e3o regressa a Set\u00fabal com 14 exposi\u00e7\u00f5es","isPartOf":{"@id":"https:\/\/arte351.pt\/art\/#website"},"datePublished":"2023-09-30T08:02:37+00:00","description":"A nona edi\u00e7\u00e3o da Festa da Ilustra\u00e7\u00e3o, em Set\u00fabal, decorre de 30 de setembro a 31 de dezembro, com 14 exposi\u00e7\u00f5es de ilustra\u00e7\u00e3o..","breadcrumb":{"@id":"https:\/\/arte351.pt\/art\/2023\/09\/30\/festa-da-ilustracao-regressa-a-setubal-com-14-exposicoes\/#breadcrumb"},"inLanguage":"pt-BR","potentialAction":[{"@type":"ReadAction","target":["https:\/\/arte351.pt\/art\/2023\/09\/30\/festa-da-ilustracao-regressa-a-setubal-com-14-exposicoes\/"]}]},{"@type":"BreadcrumbList","@id":"https:\/\/arte351.pt\/art\/2023\/09\/30\/festa-da-ilustracao-regressa-a-setubal-com-14-exposicoes\/#breadcrumb","itemListElement":[{"@type":"ListItem","position":1,"name":"In\u00edcio","item":"https:\/\/arte351.pt\/art\/"},{"@type":"ListItem","position":2,"name":"Festa da Ilustra\u00e7\u00e3o regressa a Set\u00fabal com 14 exposi\u00e7\u00f5es"}]},{"@type":"WebSite","@id":"https:\/\/arte351.pt\/art\/#website","url":"https:\/\/arte351.pt\/art\/","name":"Arte351 - Art Magazine Portugal","description":"","publisher":{"@id":"https:\/\/arte351.pt\/art\/#organization"},"potentialAction":[{"@type":"SearchAction","target":{"@type":"EntryPoint","urlTemplate":"https:\/\/arte351.pt\/art\/?s={search_term_string}"},"query-input":{"@type":"PropertyValueSpecification","valueRequired":true,"valueName":"search_term_string"}}],"inLanguage":"pt-BR"},{"@type":"Organization","@id":"https:\/\/arte351.pt\/art\/#organization","name":"Arte351 - Art Magazine Portugal","url":"https:\/\/arte351.pt\/art\/","logo":{"@type":"ImageObject","inLanguage":"pt-BR","@id":"https:\/\/arte351.pt\/art\/#\/schema\/logo\/image\/","url":"https:\/\/arte351.pt\/art\/wp-content\/uploads\/2020\/03\/cropped-logo-arte351-color.png","contentUrl":"https:\/\/arte351.pt\/art\/wp-content\/uploads\/2020\/03\/cropped-logo-arte351-color.png","width":514,"height":200,"caption":"Arte351 - Art Magazine Portugal"},"image":{"@id":"https:\/\/arte351.pt\/art\/#\/schema\/logo\/image\/"},"sameAs":["https:\/\/www.facebook.com\/arte351magazine\/"]},{"@type":"Person","@id":"https:\/\/arte351.pt\/art\/#\/schema\/person\/f2cfae59497206be61c53c217757b930","name":"Equipa Arte351","image":{"@type":"ImageObject","inLanguage":"pt-BR","@id":"https:\/\/secure.gravatar.com\/avatar\/6caca56323d52e15e83fc5635240c86f7e52fd46fa8d5df9a709d99f5aa1638e?s=96&d=mm&r=g","url":"https:\/\/secure.gravatar.com\/avatar\/6caca56323d52e15e83fc5635240c86f7e52fd46fa8d5df9a709d99f5aa1638e?s=96&d=mm&r=g","contentUrl":"https:\/\/secure.gravatar.com\/avatar\/6caca56323d52e15e83fc5635240c86f7e52fd46fa8d5df9a709d99f5aa1638e?s=96&d=mm&r=g","caption":"Equipa Arte351"},"url":"https:\/\/arte351.pt\/art\/author\/caroleenbass\/"}]}},"_links":{"self":[{"href":"https:\/\/arte351.pt\/art\/wp-json\/wp\/v2\/posts\/8197","targetHints":{"allow":["GET"]}}],"collection":[{"href":"https:\/\/arte351.pt\/art\/wp-json\/wp\/v2\/posts"}],"about":[{"href":"https:\/\/arte351.pt\/art\/wp-json\/wp\/v2\/types\/post"}],"author":[{"embeddable":true,"href":"https:\/\/arte351.pt\/art\/wp-json\/wp\/v2\/users\/3"}],"replies":[{"embeddable":true,"href":"https:\/\/arte351.pt\/art\/wp-json\/wp\/v2\/comments?post=8197"}],"version-history":[{"count":1,"href":"https:\/\/arte351.pt\/art\/wp-json\/wp\/v2\/posts\/8197\/revisions"}],"predecessor-version":[{"id":8198,"href":"https:\/\/arte351.pt\/art\/wp-json\/wp\/v2\/posts\/8197\/revisions\/8198"}],"wp:attachment":[{"href":"https:\/\/arte351.pt\/art\/wp-json\/wp\/v2\/media?parent=8197"}],"wp:term":[{"taxonomy":"category","embeddable":true,"href":"https:\/\/arte351.pt\/art\/wp-json\/wp\/v2\/categories?post=8197"},{"taxonomy":"post_tag","embeddable":true,"href":"https:\/\/arte351.pt\/art\/wp-json\/wp\/v2\/tags?post=8197"}],"curies":[{"name":"wp","href":"https:\/\/api.w.org\/{rel}","templated":true}]}}