{"id":8202,"date":"2023-09-30T07:30:41","date_gmt":"2023-09-30T07:30:41","guid":{"rendered":"https:\/\/arte351.pt\/art\/?p=8202"},"modified":"2023-09-29T12:06:22","modified_gmt":"2023-09-29T12:06:22","slug":"artista-instala-casa-t0-e-protesta-por-habitacao-digna-em-lisboa","status":"publish","type":"post","link":"https:\/\/arte351.pt\/art\/2023\/09\/30\/artista-instala-casa-t0-e-protesta-por-habitacao-digna-em-lisboa\/","title":{"rendered":"Artista Instala Casa T0 e Protesta por Habita\u00e7\u00e3o Digna em Lisboa"},"content":{"rendered":"<h2><em>Artista Visual Ticiano Rottenstein Instala Casa T0 na Pra\u00e7a do Rossio e Realiza Performance de Protesto por Habita\u00e7\u00e3o Digna com Valor Justo<\/em><\/h2>\n<p>Hoje, dia 30 de setembro, o artista visual Ticiano Rottenstein est\u00e1 a instalar uma morada T0 na Pra\u00e7a do Rossio, em Lisboa, como parte de uma performance de protesto intitulada \u201c<strong>Arrenda-se casa T0 300\u20ac 600\u20ac 1800\u20ac<\/strong>\u201d. Essa instala\u00e7\u00e3o\/performance tem como objetivo destacar a dram\u00e1tica falta de moradias acess\u00edveis em Portugal.<\/p>\n<p>A habita\u00e7\u00e3o T0 foi completamente remodelada e mobiliada pelo artista a partir de materiais recolhidos nas ruas e em ind\u00fastrias. Durante a performance, Ticiano assumir\u00e1 o papel de um agente imobili\u00e1rio, abordando o p\u00fablico passante para apresentar e arrendar esta &#8220;nova propriedade&#8221;.<\/p>\n<p>Essa a\u00e7\u00e3o \u00e9 um protesto e uma demonstra\u00e7\u00e3o de indigna\u00e7\u00e3o diante da atual situa\u00e7\u00e3o insustent\u00e1vel de habita\u00e7\u00e3o em Portugal. Al\u00e9m disso, \u00e9 um gesto de solidariedade para com as milhares de pessoas que est\u00e3o sofrendo com a escassez de moradias dignas a pre\u00e7os justos.<\/p>\n<p>O pr\u00f3prio Ticiano Rottenstein explica: &#8220;<em>Essa proposta surgiu como uma necessidade de retratar, atrav\u00e9s da arte, as dificuldades e ang\u00fastias que venho passando no meu cotidiano, que s\u00e3o as mesmas enfrentadas por uma grande parte da popula\u00e7\u00e3o em Portugal.<\/em>&#8221;<\/p>\n<p>A performance est\u00e1 diretamente relacionada \u00e0s manifesta\u00e7\u00f5es &#8220;<strong>Casa Para Viver<\/strong>&#8221; e ocorrer\u00e1 durante todo o dia na Pra\u00e7a do Rossio, neste s\u00e1bado, dia 30 de setembro, das 11h \u00e0s 19h.<\/p>\n<p>&nbsp;<\/p>\n<p><strong>Biografia do Artista:<\/strong><\/p>\n<p>Ticiano Rottenstein \u00e9 um artista visual brasileiro radicado em Amora, Seixal. Ele \u00e9 doutorando em Belas-Artes, especialidade em Escultura, pela Faculdade de Belas-Artes da Universidade de Lisboa; mestre em Escultura pela mesma faculdade e licenciado em Artes Pl\u00e1sticas pela Escola Guignard, da Universidade do Estado de Minas Gerais, Brasil.<\/p>\n<p>Sua pesquisa atual visa analisar o processo de arruinamento e decad\u00eancia da sociedade contempor\u00e2nea, capturando a ess\u00eancia po\u00e9tica de sua pr\u00e1tica art\u00edstica a partir dessa din\u00e2mica entr\u00f3pica.<\/p>\n<p>O artista j\u00e1 participou de diversas exposi\u00e7\u00f5es individuais e coletivas, resid\u00eancias art\u00edsticas e festivais de arte em pa\u00edses como Brasil, Fran\u00e7a, Alemanha, Portugal e G\u00e2mbia.<\/p>\n","protected":false},"excerpt":{"rendered":"<p>Artista Visual Ticiano Rottenstein Instala Casa T0 na Pra\u00e7a do Rossio e Realiza Performance de Protesto por Habita\u00e7\u00e3o Digna com Valor Justo Hoje, dia 30 de setembro, o artista visual [&hellip;]<\/p>\n","protected":false},"author":3,"featured_media":0,"comment_status":"closed","ping_status":"closed","sticky":false,"template":"","format":"standard","meta":{"_exactmetrics_skip_tracking":false,"_exactmetrics_sitenote_active":false,"_exactmetrics_sitenote_note":"","_exactmetrics_sitenote_category":0,"_uf_show_specific_survey":0,"_uf_disable_surveys":false,"footnotes":""},"categories":[1],"tags":[1962],"class_list":["post-8202","post","type-post","status-publish","format-standard","hentry","category-sem-categoria","tag-ticiano-rottenstein"],"yoast_head":"<!-- This site is optimized with the Yoast SEO plugin v27.3 - https:\/\/yoast.com\/product\/yoast-seo-wordpress\/ -->\n<title>Artista Instala Casa T0 e Protesta por Habita\u00e7\u00e3o Digna em Lisboa<\/title>\n<meta name=\"description\" content=\"Artista Visual Ticiano Rottenstein Instala Casa T0 na Pra\u00e7a do Rossio e Realiza Performance de Protesto por Habita\u00e7\u00f5es Dignas com...\" \/>\n<meta name=\"robots\" content=\"index, follow, max-snippet:-1, max-image-preview:large, max-video-preview:-1\" \/>\n<link rel=\"canonical\" href=\"https:\/\/arte351.pt\/art\/2023\/09\/30\/artista-instala-casa-t0-e-protesta-por-habitacao-digna-em-lisboa\/\" \/>\n<meta property=\"og:locale\" content=\"pt_BR\" \/>\n<meta property=\"og:type\" content=\"article\" \/>\n<meta property=\"og:title\" content=\"Artista Instala Casa T0 e Protesta por Habita\u00e7\u00e3o Digna em Lisboa\" \/>\n<meta property=\"og:description\" content=\"Artista Visual Ticiano Rottenstein Instala Casa T0 na Pra\u00e7a do Rossio e Realiza Performance de Protesto por Habita\u00e7\u00f5es Dignas com...\" \/>\n<meta property=\"og:url\" content=\"https:\/\/arte351.pt\/art\/2023\/09\/30\/artista-instala-casa-t0-e-protesta-por-habitacao-digna-em-lisboa\/\" \/>\n<meta property=\"og:site_name\" content=\"Arte351 - Art Magazine Portugal\" \/>\n<meta property=\"article:publisher\" content=\"https:\/\/www.facebook.com\/arte351magazine\/\" \/>\n<meta property=\"article:published_time\" content=\"2023-09-30T07:30:41+00:00\" \/>\n<meta name=\"author\" content=\"Equipa Arte351\" \/>\n<meta name=\"twitter:label1\" content=\"Escrito por\" \/>\n\t<meta name=\"twitter:data1\" content=\"Equipa Arte351\" \/>\n\t<meta name=\"twitter:label2\" content=\"Est. tempo de leitura\" \/>\n\t<meta name=\"twitter:data2\" content=\"2 minutos\" \/>\n<script type=\"application\/ld+json\" class=\"yoast-schema-graph\">{\"@context\":\"https:\\\/\\\/schema.org\",\"@graph\":[{\"@type\":\"Article\",\"@id\":\"https:\\\/\\\/arte351.pt\\\/art\\\/2023\\\/09\\\/30\\\/artista-instala-casa-t0-e-protesta-por-habitacao-digna-em-lisboa\\\/#article\",\"isPartOf\":{\"@id\":\"https:\\\/\\\/arte351.pt\\\/art\\\/2023\\\/09\\\/30\\\/artista-instala-casa-t0-e-protesta-por-habitacao-digna-em-lisboa\\\/\"},\"author\":{\"name\":\"Equipa Arte351\",\"@id\":\"https:\\\/\\\/arte351.pt\\\/art\\\/#\\\/schema\\\/person\\\/f2cfae59497206be61c53c217757b930\"},\"headline\":\"Artista Instala Casa T0 e Protesta por Habita\u00e7\u00e3o Digna em Lisboa\",\"datePublished\":\"2023-09-30T07:30:41+00:00\",\"mainEntityOfPage\":{\"@id\":\"https:\\\/\\\/arte351.pt\\\/art\\\/2023\\\/09\\\/30\\\/artista-instala-casa-t0-e-protesta-por-habitacao-digna-em-lisboa\\\/\"},\"wordCount\":378,\"publisher\":{\"@id\":\"https:\\\/\\\/arte351.pt\\\/art\\\/#organization\"},\"keywords\":[\"Ticiano Rottenstein\"],\"articleSection\":[\"Blog ARTE-351\"],\"inLanguage\":\"pt-BR\"},{\"@type\":\"WebPage\",\"@id\":\"https:\\\/\\\/arte351.pt\\\/art\\\/2023\\\/09\\\/30\\\/artista-instala-casa-t0-e-protesta-por-habitacao-digna-em-lisboa\\\/\",\"url\":\"https:\\\/\\\/arte351.pt\\\/art\\\/2023\\\/09\\\/30\\\/artista-instala-casa-t0-e-protesta-por-habitacao-digna-em-lisboa\\\/\",\"name\":\"Artista Instala Casa T0 e Protesta por Habita\u00e7\u00e3o Digna em Lisboa\",\"isPartOf\":{\"@id\":\"https:\\\/\\\/arte351.pt\\\/art\\\/#website\"},\"datePublished\":\"2023-09-30T07:30:41+00:00\",\"description\":\"Artista Visual Ticiano Rottenstein Instala Casa T0 na Pra\u00e7a do Rossio e Realiza Performance de Protesto por Habita\u00e7\u00f5es Dignas com...\",\"breadcrumb\":{\"@id\":\"https:\\\/\\\/arte351.pt\\\/art\\\/2023\\\/09\\\/30\\\/artista-instala-casa-t0-e-protesta-por-habitacao-digna-em-lisboa\\\/#breadcrumb\"},\"inLanguage\":\"pt-BR\",\"potentialAction\":[{\"@type\":\"ReadAction\",\"target\":[\"https:\\\/\\\/arte351.pt\\\/art\\\/2023\\\/09\\\/30\\\/artista-instala-casa-t0-e-protesta-por-habitacao-digna-em-lisboa\\\/\"]}]},{\"@type\":\"BreadcrumbList\",\"@id\":\"https:\\\/\\\/arte351.pt\\\/art\\\/2023\\\/09\\\/30\\\/artista-instala-casa-t0-e-protesta-por-habitacao-digna-em-lisboa\\\/#breadcrumb\",\"itemListElement\":[{\"@type\":\"ListItem\",\"position\":1,\"name\":\"In\u00edcio\",\"item\":\"https:\\\/\\\/arte351.pt\\\/art\\\/\"},{\"@type\":\"ListItem\",\"position\":2,\"name\":\"Artista Instala Casa T0 e Protesta por Habita\u00e7\u00e3o Digna em Lisboa\"}]},{\"@type\":\"WebSite\",\"@id\":\"https:\\\/\\\/arte351.pt\\\/art\\\/#website\",\"url\":\"https:\\\/\\\/arte351.pt\\\/art\\\/\",\"name\":\"Arte351 - Art Magazine Portugal\",\"description\":\"\",\"publisher\":{\"@id\":\"https:\\\/\\\/arte351.pt\\\/art\\\/#organization\"},\"potentialAction\":[{\"@type\":\"SearchAction\",\"target\":{\"@type\":\"EntryPoint\",\"urlTemplate\":\"https:\\\/\\\/arte351.pt\\\/art\\\/?s={search_term_string}\"},\"query-input\":{\"@type\":\"PropertyValueSpecification\",\"valueRequired\":true,\"valueName\":\"search_term_string\"}}],\"inLanguage\":\"pt-BR\"},{\"@type\":\"Organization\",\"@id\":\"https:\\\/\\\/arte351.pt\\\/art\\\/#organization\",\"name\":\"Arte351 - Art Magazine Portugal\",\"url\":\"https:\\\/\\\/arte351.pt\\\/art\\\/\",\"logo\":{\"@type\":\"ImageObject\",\"inLanguage\":\"pt-BR\",\"@id\":\"https:\\\/\\\/arte351.pt\\\/art\\\/#\\\/schema\\\/logo\\\/image\\\/\",\"url\":\"https:\\\/\\\/arte351.pt\\\/art\\\/wp-content\\\/uploads\\\/2020\\\/03\\\/cropped-logo-arte351-color.png\",\"contentUrl\":\"https:\\\/\\\/arte351.pt\\\/art\\\/wp-content\\\/uploads\\\/2020\\\/03\\\/cropped-logo-arte351-color.png\",\"width\":514,\"height\":200,\"caption\":\"Arte351 - Art Magazine Portugal\"},\"image\":{\"@id\":\"https:\\\/\\\/arte351.pt\\\/art\\\/#\\\/schema\\\/logo\\\/image\\\/\"},\"sameAs\":[\"https:\\\/\\\/www.facebook.com\\\/arte351magazine\\\/\"]},{\"@type\":\"Person\",\"@id\":\"https:\\\/\\\/arte351.pt\\\/art\\\/#\\\/schema\\\/person\\\/f2cfae59497206be61c53c217757b930\",\"name\":\"Equipa Arte351\",\"image\":{\"@type\":\"ImageObject\",\"inLanguage\":\"pt-BR\",\"@id\":\"https:\\\/\\\/secure.gravatar.com\\\/avatar\\\/6caca56323d52e15e83fc5635240c86f7e52fd46fa8d5df9a709d99f5aa1638e?s=96&d=mm&r=g\",\"url\":\"https:\\\/\\\/secure.gravatar.com\\\/avatar\\\/6caca56323d52e15e83fc5635240c86f7e52fd46fa8d5df9a709d99f5aa1638e?s=96&d=mm&r=g\",\"contentUrl\":\"https:\\\/\\\/secure.gravatar.com\\\/avatar\\\/6caca56323d52e15e83fc5635240c86f7e52fd46fa8d5df9a709d99f5aa1638e?s=96&d=mm&r=g\",\"caption\":\"Equipa Arte351\"},\"url\":\"https:\\\/\\\/arte351.pt\\\/art\\\/author\\\/caroleenbass\\\/\"}]}<\/script>\n<!-- \/ Yoast SEO plugin. -->","yoast_head_json":{"title":"Artista Instala Casa T0 e Protesta por Habita\u00e7\u00e3o Digna em Lisboa","description":"Artista Visual Ticiano Rottenstein Instala Casa T0 na Pra\u00e7a do Rossio e Realiza Performance de Protesto por Habita\u00e7\u00f5es Dignas com...","robots":{"index":"index","follow":"follow","max-snippet":"max-snippet:-1","max-image-preview":"max-image-preview:large","max-video-preview":"max-video-preview:-1"},"canonical":"https:\/\/arte351.pt\/art\/2023\/09\/30\/artista-instala-casa-t0-e-protesta-por-habitacao-digna-em-lisboa\/","og_locale":"pt_BR","og_type":"article","og_title":"Artista Instala Casa T0 e Protesta por Habita\u00e7\u00e3o Digna em Lisboa","og_description":"Artista Visual Ticiano Rottenstein Instala Casa T0 na Pra\u00e7a do Rossio e Realiza Performance de Protesto por Habita\u00e7\u00f5es Dignas com...","og_url":"https:\/\/arte351.pt\/art\/2023\/09\/30\/artista-instala-casa-t0-e-protesta-por-habitacao-digna-em-lisboa\/","og_site_name":"Arte351 - Art Magazine Portugal","article_publisher":"https:\/\/www.facebook.com\/arte351magazine\/","article_published_time":"2023-09-30T07:30:41+00:00","author":"Equipa Arte351","twitter_misc":{"Escrito por":"Equipa Arte351","Est. tempo de leitura":"2 minutos"},"schema":{"@context":"https:\/\/schema.org","@graph":[{"@type":"Article","@id":"https:\/\/arte351.pt\/art\/2023\/09\/30\/artista-instala-casa-t0-e-protesta-por-habitacao-digna-em-lisboa\/#article","isPartOf":{"@id":"https:\/\/arte351.pt\/art\/2023\/09\/30\/artista-instala-casa-t0-e-protesta-por-habitacao-digna-em-lisboa\/"},"author":{"name":"Equipa Arte351","@id":"https:\/\/arte351.pt\/art\/#\/schema\/person\/f2cfae59497206be61c53c217757b930"},"headline":"Artista Instala Casa T0 e Protesta por Habita\u00e7\u00e3o Digna em Lisboa","datePublished":"2023-09-30T07:30:41+00:00","mainEntityOfPage":{"@id":"https:\/\/arte351.pt\/art\/2023\/09\/30\/artista-instala-casa-t0-e-protesta-por-habitacao-digna-em-lisboa\/"},"wordCount":378,"publisher":{"@id":"https:\/\/arte351.pt\/art\/#organization"},"keywords":["Ticiano Rottenstein"],"articleSection":["Blog ARTE-351"],"inLanguage":"pt-BR"},{"@type":"WebPage","@id":"https:\/\/arte351.pt\/art\/2023\/09\/30\/artista-instala-casa-t0-e-protesta-por-habitacao-digna-em-lisboa\/","url":"https:\/\/arte351.pt\/art\/2023\/09\/30\/artista-instala-casa-t0-e-protesta-por-habitacao-digna-em-lisboa\/","name":"Artista Instala Casa T0 e Protesta por Habita\u00e7\u00e3o Digna em Lisboa","isPartOf":{"@id":"https:\/\/arte351.pt\/art\/#website"},"datePublished":"2023-09-30T07:30:41+00:00","description":"Artista Visual Ticiano Rottenstein Instala Casa T0 na Pra\u00e7a do Rossio e Realiza Performance de Protesto por Habita\u00e7\u00f5es Dignas com...","breadcrumb":{"@id":"https:\/\/arte351.pt\/art\/2023\/09\/30\/artista-instala-casa-t0-e-protesta-por-habitacao-digna-em-lisboa\/#breadcrumb"},"inLanguage":"pt-BR","potentialAction":[{"@type":"ReadAction","target":["https:\/\/arte351.pt\/art\/2023\/09\/30\/artista-instala-casa-t0-e-protesta-por-habitacao-digna-em-lisboa\/"]}]},{"@type":"BreadcrumbList","@id":"https:\/\/arte351.pt\/art\/2023\/09\/30\/artista-instala-casa-t0-e-protesta-por-habitacao-digna-em-lisboa\/#breadcrumb","itemListElement":[{"@type":"ListItem","position":1,"name":"In\u00edcio","item":"https:\/\/arte351.pt\/art\/"},{"@type":"ListItem","position":2,"name":"Artista Instala Casa T0 e Protesta por Habita\u00e7\u00e3o Digna em Lisboa"}]},{"@type":"WebSite","@id":"https:\/\/arte351.pt\/art\/#website","url":"https:\/\/arte351.pt\/art\/","name":"Arte351 - Art Magazine Portugal","description":"","publisher":{"@id":"https:\/\/arte351.pt\/art\/#organization"},"potentialAction":[{"@type":"SearchAction","target":{"@type":"EntryPoint","urlTemplate":"https:\/\/arte351.pt\/art\/?s={search_term_string}"},"query-input":{"@type":"PropertyValueSpecification","valueRequired":true,"valueName":"search_term_string"}}],"inLanguage":"pt-BR"},{"@type":"Organization","@id":"https:\/\/arte351.pt\/art\/#organization","name":"Arte351 - Art Magazine Portugal","url":"https:\/\/arte351.pt\/art\/","logo":{"@type":"ImageObject","inLanguage":"pt-BR","@id":"https:\/\/arte351.pt\/art\/#\/schema\/logo\/image\/","url":"https:\/\/arte351.pt\/art\/wp-content\/uploads\/2020\/03\/cropped-logo-arte351-color.png","contentUrl":"https:\/\/arte351.pt\/art\/wp-content\/uploads\/2020\/03\/cropped-logo-arte351-color.png","width":514,"height":200,"caption":"Arte351 - Art Magazine Portugal"},"image":{"@id":"https:\/\/arte351.pt\/art\/#\/schema\/logo\/image\/"},"sameAs":["https:\/\/www.facebook.com\/arte351magazine\/"]},{"@type":"Person","@id":"https:\/\/arte351.pt\/art\/#\/schema\/person\/f2cfae59497206be61c53c217757b930","name":"Equipa Arte351","image":{"@type":"ImageObject","inLanguage":"pt-BR","@id":"https:\/\/secure.gravatar.com\/avatar\/6caca56323d52e15e83fc5635240c86f7e52fd46fa8d5df9a709d99f5aa1638e?s=96&d=mm&r=g","url":"https:\/\/secure.gravatar.com\/avatar\/6caca56323d52e15e83fc5635240c86f7e52fd46fa8d5df9a709d99f5aa1638e?s=96&d=mm&r=g","contentUrl":"https:\/\/secure.gravatar.com\/avatar\/6caca56323d52e15e83fc5635240c86f7e52fd46fa8d5df9a709d99f5aa1638e?s=96&d=mm&r=g","caption":"Equipa Arte351"},"url":"https:\/\/arte351.pt\/art\/author\/caroleenbass\/"}]}},"_links":{"self":[{"href":"https:\/\/arte351.pt\/art\/wp-json\/wp\/v2\/posts\/8202","targetHints":{"allow":["GET"]}}],"collection":[{"href":"https:\/\/arte351.pt\/art\/wp-json\/wp\/v2\/posts"}],"about":[{"href":"https:\/\/arte351.pt\/art\/wp-json\/wp\/v2\/types\/post"}],"author":[{"embeddable":true,"href":"https:\/\/arte351.pt\/art\/wp-json\/wp\/v2\/users\/3"}],"replies":[{"embeddable":true,"href":"https:\/\/arte351.pt\/art\/wp-json\/wp\/v2\/comments?post=8202"}],"version-history":[{"count":1,"href":"https:\/\/arte351.pt\/art\/wp-json\/wp\/v2\/posts\/8202\/revisions"}],"predecessor-version":[{"id":8203,"href":"https:\/\/arte351.pt\/art\/wp-json\/wp\/v2\/posts\/8202\/revisions\/8203"}],"wp:attachment":[{"href":"https:\/\/arte351.pt\/art\/wp-json\/wp\/v2\/media?parent=8202"}],"wp:term":[{"taxonomy":"category","embeddable":true,"href":"https:\/\/arte351.pt\/art\/wp-json\/wp\/v2\/categories?post=8202"},{"taxonomy":"post_tag","embeddable":true,"href":"https:\/\/arte351.pt\/art\/wp-json\/wp\/v2\/tags?post=8202"}],"curies":[{"name":"wp","href":"https:\/\/api.w.org\/{rel}","templated":true}]}}