{"id":8290,"date":"2023-11-06T08:44:15","date_gmt":"2023-11-06T08:44:15","guid":{"rendered":"https:\/\/arte351.pt\/art\/?p=8290"},"modified":"2023-11-01T12:45:21","modified_gmt":"2023-11-01T12:45:21","slug":"premio-literario-maria-da-nobrega-2023-estimulando-a-literatura-em-lingua-portuguesa","status":"publish","type":"post","link":"https:\/\/arte351.pt\/art\/2023\/11\/06\/premio-literario-maria-da-nobrega-2023-estimulando-a-literatura-em-lingua-portuguesa\/","title":{"rendered":"Pr\u00e9mio Liter\u00e1rio Maria da N\u00f3brega 2023: Estimulando a Literatura em L\u00edngua Portuguesa"},"content":{"rendered":"<p>&nbsp;<\/p>\n<p>A C\u00e2mara Municipal da Mealhada tem o prazer de anunciar a edi\u00e7\u00e3o de 2023 do Pr\u00e9mio Liter\u00e1rio Maria da N\u00f3brega, que visa estimular a cria\u00e7\u00e3o liter\u00e1ria em l\u00edngua portuguesa, promover novas obras e talentos, e homenagear a destacada escritora Maria da N\u00f3brega.<\/p>\n<p>Maria da N\u00f3brega, nascida em 1875 na Mealhada, \u00e9 reconhecida por seu dom\u00ednio da l\u00edngua portuguesa e suas contribui\u00e7\u00f5es no mundo liter\u00e1rio, especialmente no campo do Conto e da Dramaturgia. Este pr\u00e9mio \u00e9 uma forma de celebrar seu legado e incentivar a literatura de qualidade.<\/p>\n<p>A competi\u00e7\u00e3o deste ano receber\u00e1 obras na categoria de Conto e ter\u00e1 como tema a Mata do Bussaco, um patrim\u00f3nio natural da Mealhada.<\/p>\n<p><strong>Autores de nacionalidade portuguesa e estrangeiros residentes em Portugal<\/strong> com mais de 18 anos s\u00e3o convidados a participar. A inscri\u00e7\u00e3o est\u00e1 aberta para todos, com exce\u00e7\u00e3o de membros do Executivo Municipal e do J\u00fari. Cada autor pode submeter apenas uma obra original, escrita em l\u00edngua portuguesa.<\/p>\n<p>Os originais devem ter entre 6 e 10 p\u00e1ginas, n\u00e3o terem sido previamente premiados e seguir crit\u00e9rios rigorosos de apresenta\u00e7\u00e3o. A data limite para a entrega dos originais \u00e9 31 de dezembro de 2023. O Pr\u00e9mio Liter\u00e1rio Maria da N\u00f3brega oferece uma oportunidade emocionante para novos talentos liter\u00e1rios brilharem e obterem reconhecimento. Os vencedores ser\u00e3o anunciados em abril de 2024.<\/p>\n<p>Este pr\u00e9mio n\u00e3o apenas celebra a literatura, mas tamb\u00e9m promove o esp\u00edrito criativo em l\u00edngua portuguesa, mantendo viva a mem\u00f3ria de Maria da N\u00f3brega, uma das escritoras mais talentosas de sua \u00e9poca e uma inspira\u00e7\u00e3o para futuras gera\u00e7\u00f5es de escritores.<\/p>\n<p>A C\u00e2mara Municipal da Mealhada espera ansiosamente receber as contribui\u00e7\u00f5es dos talentosos autores que desejam honrar a l\u00edngua portuguesa e seguir os passos da ilustre Maria da N\u00f3brega.<\/p>\n","protected":false},"excerpt":{"rendered":"<p>&nbsp; A C\u00e2mara Municipal da Mealhada tem o prazer de anunciar a edi\u00e7\u00e3o de 2023 do Pr\u00e9mio Liter\u00e1rio Maria da N\u00f3brega, que visa estimular a cria\u00e7\u00e3o liter\u00e1ria em l\u00edngua portuguesa, [&hellip;]<\/p>\n","protected":false},"author":3,"featured_media":0,"comment_status":"closed","ping_status":"closed","sticky":false,"template":"","format":"standard","meta":{"_exactmetrics_skip_tracking":false,"_exactmetrics_sitenote_active":false,"_exactmetrics_sitenote_note":"","_exactmetrics_sitenote_category":0,"_uf_show_specific_survey":0,"_uf_disable_surveys":false,"footnotes":""},"categories":[1],"tags":[1975],"class_list":["post-8290","post","type-post","status-publish","format-standard","hentry","category-sem-categoria","tag-premio-literario-maria-da-nobrega"],"yoast_head":"<!-- This site is optimized with the Yoast SEO plugin v27.3 - https:\/\/yoast.com\/product\/yoast-seo-wordpress\/ -->\n<title>Pr\u00e9mio Liter\u00e1rio Maria da N\u00f3brega 2023: Estimulando a Literatura em L\u00edngua Portuguesa<\/title>\n<meta name=\"description\" content=\"O Pr\u00e9mio Liter\u00e1rio Maria da N\u00f3brega oferece uma oportunidade emocionante para novos talentos liter\u00e1rios brilharem e obterem reconhecimento.\" \/>\n<meta name=\"robots\" content=\"index, follow, max-snippet:-1, max-image-preview:large, max-video-preview:-1\" \/>\n<link rel=\"canonical\" href=\"https:\/\/arte351.pt\/art\/2023\/11\/06\/premio-literario-maria-da-nobrega-2023-estimulando-a-literatura-em-lingua-portuguesa\/\" \/>\n<meta property=\"og:locale\" content=\"pt_BR\" \/>\n<meta property=\"og:type\" content=\"article\" \/>\n<meta property=\"og:title\" content=\"Pr\u00e9mio Liter\u00e1rio Maria da N\u00f3brega 2023: Estimulando a Literatura em L\u00edngua Portuguesa\" \/>\n<meta property=\"og:description\" content=\"O Pr\u00e9mio Liter\u00e1rio Maria da N\u00f3brega oferece uma oportunidade emocionante para novos talentos liter\u00e1rios brilharem e obterem reconhecimento.\" \/>\n<meta property=\"og:url\" content=\"https:\/\/arte351.pt\/art\/2023\/11\/06\/premio-literario-maria-da-nobrega-2023-estimulando-a-literatura-em-lingua-portuguesa\/\" \/>\n<meta property=\"og:site_name\" content=\"Arte351 - Art Magazine Portugal\" \/>\n<meta property=\"article:publisher\" content=\"https:\/\/www.facebook.com\/arte351magazine\/\" \/>\n<meta property=\"article:published_time\" content=\"2023-11-06T08:44:15+00:00\" \/>\n<meta name=\"author\" content=\"Equipa Arte351\" \/>\n<meta name=\"twitter:label1\" content=\"Escrito por\" \/>\n\t<meta name=\"twitter:data1\" content=\"Equipa Arte351\" \/>\n\t<meta name=\"twitter:label2\" content=\"Est. tempo de leitura\" \/>\n\t<meta name=\"twitter:data2\" content=\"2 minutos\" \/>\n<script type=\"application\/ld+json\" class=\"yoast-schema-graph\">{\"@context\":\"https:\\\/\\\/schema.org\",\"@graph\":[{\"@type\":\"Article\",\"@id\":\"https:\\\/\\\/arte351.pt\\\/art\\\/2023\\\/11\\\/06\\\/premio-literario-maria-da-nobrega-2023-estimulando-a-literatura-em-lingua-portuguesa\\\/#article\",\"isPartOf\":{\"@id\":\"https:\\\/\\\/arte351.pt\\\/art\\\/2023\\\/11\\\/06\\\/premio-literario-maria-da-nobrega-2023-estimulando-a-literatura-em-lingua-portuguesa\\\/\"},\"author\":{\"name\":\"Equipa Arte351\",\"@id\":\"https:\\\/\\\/arte351.pt\\\/art\\\/#\\\/schema\\\/person\\\/f2cfae59497206be61c53c217757b930\"},\"headline\":\"Pr\u00e9mio Liter\u00e1rio Maria da N\u00f3brega 2023: Estimulando a Literatura em L\u00edngua Portuguesa\",\"datePublished\":\"2023-11-06T08:44:15+00:00\",\"mainEntityOfPage\":{\"@id\":\"https:\\\/\\\/arte351.pt\\\/art\\\/2023\\\/11\\\/06\\\/premio-literario-maria-da-nobrega-2023-estimulando-a-literatura-em-lingua-portuguesa\\\/\"},\"wordCount\":333,\"publisher\":{\"@id\":\"https:\\\/\\\/arte351.pt\\\/art\\\/#organization\"},\"keywords\":[\"Pr\u00e9mio Liter\u00e1rio Maria da N\u00f3brega\"],\"articleSection\":[\"Blog ARTE-351\"],\"inLanguage\":\"pt-BR\"},{\"@type\":\"WebPage\",\"@id\":\"https:\\\/\\\/arte351.pt\\\/art\\\/2023\\\/11\\\/06\\\/premio-literario-maria-da-nobrega-2023-estimulando-a-literatura-em-lingua-portuguesa\\\/\",\"url\":\"https:\\\/\\\/arte351.pt\\\/art\\\/2023\\\/11\\\/06\\\/premio-literario-maria-da-nobrega-2023-estimulando-a-literatura-em-lingua-portuguesa\\\/\",\"name\":\"Pr\u00e9mio Liter\u00e1rio Maria da N\u00f3brega 2023: Estimulando a Literatura em L\u00edngua Portuguesa\",\"isPartOf\":{\"@id\":\"https:\\\/\\\/arte351.pt\\\/art\\\/#website\"},\"datePublished\":\"2023-11-06T08:44:15+00:00\",\"description\":\"O Pr\u00e9mio Liter\u00e1rio Maria da N\u00f3brega oferece uma oportunidade emocionante para novos talentos liter\u00e1rios brilharem e obterem reconhecimento.\",\"breadcrumb\":{\"@id\":\"https:\\\/\\\/arte351.pt\\\/art\\\/2023\\\/11\\\/06\\\/premio-literario-maria-da-nobrega-2023-estimulando-a-literatura-em-lingua-portuguesa\\\/#breadcrumb\"},\"inLanguage\":\"pt-BR\",\"potentialAction\":[{\"@type\":\"ReadAction\",\"target\":[\"https:\\\/\\\/arte351.pt\\\/art\\\/2023\\\/11\\\/06\\\/premio-literario-maria-da-nobrega-2023-estimulando-a-literatura-em-lingua-portuguesa\\\/\"]}]},{\"@type\":\"BreadcrumbList\",\"@id\":\"https:\\\/\\\/arte351.pt\\\/art\\\/2023\\\/11\\\/06\\\/premio-literario-maria-da-nobrega-2023-estimulando-a-literatura-em-lingua-portuguesa\\\/#breadcrumb\",\"itemListElement\":[{\"@type\":\"ListItem\",\"position\":1,\"name\":\"In\u00edcio\",\"item\":\"https:\\\/\\\/arte351.pt\\\/art\\\/\"},{\"@type\":\"ListItem\",\"position\":2,\"name\":\"Pr\u00e9mio Liter\u00e1rio Maria da N\u00f3brega 2023: Estimulando a Literatura em L\u00edngua Portuguesa\"}]},{\"@type\":\"WebSite\",\"@id\":\"https:\\\/\\\/arte351.pt\\\/art\\\/#website\",\"url\":\"https:\\\/\\\/arte351.pt\\\/art\\\/\",\"name\":\"Arte351 - Art Magazine Portugal\",\"description\":\"\",\"publisher\":{\"@id\":\"https:\\\/\\\/arte351.pt\\\/art\\\/#organization\"},\"potentialAction\":[{\"@type\":\"SearchAction\",\"target\":{\"@type\":\"EntryPoint\",\"urlTemplate\":\"https:\\\/\\\/arte351.pt\\\/art\\\/?s={search_term_string}\"},\"query-input\":{\"@type\":\"PropertyValueSpecification\",\"valueRequired\":true,\"valueName\":\"search_term_string\"}}],\"inLanguage\":\"pt-BR\"},{\"@type\":\"Organization\",\"@id\":\"https:\\\/\\\/arte351.pt\\\/art\\\/#organization\",\"name\":\"Arte351 - Art Magazine Portugal\",\"url\":\"https:\\\/\\\/arte351.pt\\\/art\\\/\",\"logo\":{\"@type\":\"ImageObject\",\"inLanguage\":\"pt-BR\",\"@id\":\"https:\\\/\\\/arte351.pt\\\/art\\\/#\\\/schema\\\/logo\\\/image\\\/\",\"url\":\"https:\\\/\\\/arte351.pt\\\/art\\\/wp-content\\\/uploads\\\/2020\\\/03\\\/cropped-logo-arte351-color.png\",\"contentUrl\":\"https:\\\/\\\/arte351.pt\\\/art\\\/wp-content\\\/uploads\\\/2020\\\/03\\\/cropped-logo-arte351-color.png\",\"width\":514,\"height\":200,\"caption\":\"Arte351 - Art Magazine Portugal\"},\"image\":{\"@id\":\"https:\\\/\\\/arte351.pt\\\/art\\\/#\\\/schema\\\/logo\\\/image\\\/\"},\"sameAs\":[\"https:\\\/\\\/www.facebook.com\\\/arte351magazine\\\/\"]},{\"@type\":\"Person\",\"@id\":\"https:\\\/\\\/arte351.pt\\\/art\\\/#\\\/schema\\\/person\\\/f2cfae59497206be61c53c217757b930\",\"name\":\"Equipa Arte351\",\"image\":{\"@type\":\"ImageObject\",\"inLanguage\":\"pt-BR\",\"@id\":\"https:\\\/\\\/secure.gravatar.com\\\/avatar\\\/6caca56323d52e15e83fc5635240c86f7e52fd46fa8d5df9a709d99f5aa1638e?s=96&d=mm&r=g\",\"url\":\"https:\\\/\\\/secure.gravatar.com\\\/avatar\\\/6caca56323d52e15e83fc5635240c86f7e52fd46fa8d5df9a709d99f5aa1638e?s=96&d=mm&r=g\",\"contentUrl\":\"https:\\\/\\\/secure.gravatar.com\\\/avatar\\\/6caca56323d52e15e83fc5635240c86f7e52fd46fa8d5df9a709d99f5aa1638e?s=96&d=mm&r=g\",\"caption\":\"Equipa Arte351\"},\"url\":\"https:\\\/\\\/arte351.pt\\\/art\\\/author\\\/caroleenbass\\\/\"}]}<\/script>\n<!-- \/ Yoast SEO plugin. -->","yoast_head_json":{"title":"Pr\u00e9mio Liter\u00e1rio Maria da N\u00f3brega 2023: Estimulando a Literatura em L\u00edngua Portuguesa","description":"O Pr\u00e9mio Liter\u00e1rio Maria da N\u00f3brega oferece uma oportunidade emocionante para novos talentos liter\u00e1rios brilharem e obterem reconhecimento.","robots":{"index":"index","follow":"follow","max-snippet":"max-snippet:-1","max-image-preview":"max-image-preview:large","max-video-preview":"max-video-preview:-1"},"canonical":"https:\/\/arte351.pt\/art\/2023\/11\/06\/premio-literario-maria-da-nobrega-2023-estimulando-a-literatura-em-lingua-portuguesa\/","og_locale":"pt_BR","og_type":"article","og_title":"Pr\u00e9mio Liter\u00e1rio Maria da N\u00f3brega 2023: Estimulando a Literatura em L\u00edngua Portuguesa","og_description":"O Pr\u00e9mio Liter\u00e1rio Maria da N\u00f3brega oferece uma oportunidade emocionante para novos talentos liter\u00e1rios brilharem e obterem reconhecimento.","og_url":"https:\/\/arte351.pt\/art\/2023\/11\/06\/premio-literario-maria-da-nobrega-2023-estimulando-a-literatura-em-lingua-portuguesa\/","og_site_name":"Arte351 - Art Magazine Portugal","article_publisher":"https:\/\/www.facebook.com\/arte351magazine\/","article_published_time":"2023-11-06T08:44:15+00:00","author":"Equipa Arte351","twitter_misc":{"Escrito por":"Equipa Arte351","Est. tempo de leitura":"2 minutos"},"schema":{"@context":"https:\/\/schema.org","@graph":[{"@type":"Article","@id":"https:\/\/arte351.pt\/art\/2023\/11\/06\/premio-literario-maria-da-nobrega-2023-estimulando-a-literatura-em-lingua-portuguesa\/#article","isPartOf":{"@id":"https:\/\/arte351.pt\/art\/2023\/11\/06\/premio-literario-maria-da-nobrega-2023-estimulando-a-literatura-em-lingua-portuguesa\/"},"author":{"name":"Equipa Arte351","@id":"https:\/\/arte351.pt\/art\/#\/schema\/person\/f2cfae59497206be61c53c217757b930"},"headline":"Pr\u00e9mio Liter\u00e1rio Maria da N\u00f3brega 2023: Estimulando a Literatura em L\u00edngua Portuguesa","datePublished":"2023-11-06T08:44:15+00:00","mainEntityOfPage":{"@id":"https:\/\/arte351.pt\/art\/2023\/11\/06\/premio-literario-maria-da-nobrega-2023-estimulando-a-literatura-em-lingua-portuguesa\/"},"wordCount":333,"publisher":{"@id":"https:\/\/arte351.pt\/art\/#organization"},"keywords":["Pr\u00e9mio Liter\u00e1rio Maria da N\u00f3brega"],"articleSection":["Blog ARTE-351"],"inLanguage":"pt-BR"},{"@type":"WebPage","@id":"https:\/\/arte351.pt\/art\/2023\/11\/06\/premio-literario-maria-da-nobrega-2023-estimulando-a-literatura-em-lingua-portuguesa\/","url":"https:\/\/arte351.pt\/art\/2023\/11\/06\/premio-literario-maria-da-nobrega-2023-estimulando-a-literatura-em-lingua-portuguesa\/","name":"Pr\u00e9mio Liter\u00e1rio Maria da N\u00f3brega 2023: Estimulando a Literatura em L\u00edngua Portuguesa","isPartOf":{"@id":"https:\/\/arte351.pt\/art\/#website"},"datePublished":"2023-11-06T08:44:15+00:00","description":"O Pr\u00e9mio Liter\u00e1rio Maria da N\u00f3brega oferece uma oportunidade emocionante para novos talentos liter\u00e1rios brilharem e obterem reconhecimento.","breadcrumb":{"@id":"https:\/\/arte351.pt\/art\/2023\/11\/06\/premio-literario-maria-da-nobrega-2023-estimulando-a-literatura-em-lingua-portuguesa\/#breadcrumb"},"inLanguage":"pt-BR","potentialAction":[{"@type":"ReadAction","target":["https:\/\/arte351.pt\/art\/2023\/11\/06\/premio-literario-maria-da-nobrega-2023-estimulando-a-literatura-em-lingua-portuguesa\/"]}]},{"@type":"BreadcrumbList","@id":"https:\/\/arte351.pt\/art\/2023\/11\/06\/premio-literario-maria-da-nobrega-2023-estimulando-a-literatura-em-lingua-portuguesa\/#breadcrumb","itemListElement":[{"@type":"ListItem","position":1,"name":"In\u00edcio","item":"https:\/\/arte351.pt\/art\/"},{"@type":"ListItem","position":2,"name":"Pr\u00e9mio Liter\u00e1rio Maria da N\u00f3brega 2023: Estimulando a Literatura em L\u00edngua Portuguesa"}]},{"@type":"WebSite","@id":"https:\/\/arte351.pt\/art\/#website","url":"https:\/\/arte351.pt\/art\/","name":"Arte351 - Art Magazine Portugal","description":"","publisher":{"@id":"https:\/\/arte351.pt\/art\/#organization"},"potentialAction":[{"@type":"SearchAction","target":{"@type":"EntryPoint","urlTemplate":"https:\/\/arte351.pt\/art\/?s={search_term_string}"},"query-input":{"@type":"PropertyValueSpecification","valueRequired":true,"valueName":"search_term_string"}}],"inLanguage":"pt-BR"},{"@type":"Organization","@id":"https:\/\/arte351.pt\/art\/#organization","name":"Arte351 - Art Magazine Portugal","url":"https:\/\/arte351.pt\/art\/","logo":{"@type":"ImageObject","inLanguage":"pt-BR","@id":"https:\/\/arte351.pt\/art\/#\/schema\/logo\/image\/","url":"https:\/\/arte351.pt\/art\/wp-content\/uploads\/2020\/03\/cropped-logo-arte351-color.png","contentUrl":"https:\/\/arte351.pt\/art\/wp-content\/uploads\/2020\/03\/cropped-logo-arte351-color.png","width":514,"height":200,"caption":"Arte351 - Art Magazine Portugal"},"image":{"@id":"https:\/\/arte351.pt\/art\/#\/schema\/logo\/image\/"},"sameAs":["https:\/\/www.facebook.com\/arte351magazine\/"]},{"@type":"Person","@id":"https:\/\/arte351.pt\/art\/#\/schema\/person\/f2cfae59497206be61c53c217757b930","name":"Equipa Arte351","image":{"@type":"ImageObject","inLanguage":"pt-BR","@id":"https:\/\/secure.gravatar.com\/avatar\/6caca56323d52e15e83fc5635240c86f7e52fd46fa8d5df9a709d99f5aa1638e?s=96&d=mm&r=g","url":"https:\/\/secure.gravatar.com\/avatar\/6caca56323d52e15e83fc5635240c86f7e52fd46fa8d5df9a709d99f5aa1638e?s=96&d=mm&r=g","contentUrl":"https:\/\/secure.gravatar.com\/avatar\/6caca56323d52e15e83fc5635240c86f7e52fd46fa8d5df9a709d99f5aa1638e?s=96&d=mm&r=g","caption":"Equipa Arte351"},"url":"https:\/\/arte351.pt\/art\/author\/caroleenbass\/"}]}},"_links":{"self":[{"href":"https:\/\/arte351.pt\/art\/wp-json\/wp\/v2\/posts\/8290","targetHints":{"allow":["GET"]}}],"collection":[{"href":"https:\/\/arte351.pt\/art\/wp-json\/wp\/v2\/posts"}],"about":[{"href":"https:\/\/arte351.pt\/art\/wp-json\/wp\/v2\/types\/post"}],"author":[{"embeddable":true,"href":"https:\/\/arte351.pt\/art\/wp-json\/wp\/v2\/users\/3"}],"replies":[{"embeddable":true,"href":"https:\/\/arte351.pt\/art\/wp-json\/wp\/v2\/comments?post=8290"}],"version-history":[{"count":1,"href":"https:\/\/arte351.pt\/art\/wp-json\/wp\/v2\/posts\/8290\/revisions"}],"predecessor-version":[{"id":8291,"href":"https:\/\/arte351.pt\/art\/wp-json\/wp\/v2\/posts\/8290\/revisions\/8291"}],"wp:attachment":[{"href":"https:\/\/arte351.pt\/art\/wp-json\/wp\/v2\/media?parent=8290"}],"wp:term":[{"taxonomy":"category","embeddable":true,"href":"https:\/\/arte351.pt\/art\/wp-json\/wp\/v2\/categories?post=8290"},{"taxonomy":"post_tag","embeddable":true,"href":"https:\/\/arte351.pt\/art\/wp-json\/wp\/v2\/tags?post=8290"}],"curies":[{"name":"wp","href":"https:\/\/api.w.org\/{rel}","templated":true}]}}