{"id":8469,"date":"2024-03-14T22:32:51","date_gmt":"2024-03-14T22:32:51","guid":{"rendered":"https:\/\/arte351.pt\/art\/?p=8469"},"modified":"2024-03-01T22:38:43","modified_gmt":"2024-03-01T22:38:43","slug":"iberanime-cosplay-challenge-500-cosplayers-unem-se-por-uma-causa-solidaria","status":"publish","type":"post","link":"https:\/\/arte351.pt\/art\/2024\/03\/14\/iberanime-cosplay-challenge-500-cosplayers-unem-se-por-uma-causa-solidaria\/","title":{"rendered":"Iberanime Cosplay Challenge: 500 Cosplayers Unem-se por uma Causa Solid\u00e1ria"},"content":{"rendered":"<div class=\"message\">\n<div class=\"content\" aria-description=\"\">\n<div class=\"ac-container ac-adaptiveCard\">\n<div class=\"ac-textBlock\">\n<h1>Iberanime Cosplay Challenge: 500 Cosplayers Unem-se por uma Causa Solid\u00e1ria<\/h1>\n<p>A comunidade Iberanime est\u00e1 a preparar um evento extraordin\u00e1rio que combina criatividade, amizade e solidariedade. No dia 23 de mar\u00e7o, \u00e0s 14:30, o ic\u00f3nico<span>\u00a0<\/span><strong>Bubble Time<\/strong><span>\u00a0<\/span>no<span>\u00a0<\/span><strong>Parque das Na\u00e7\u00f5es<\/strong>, em Lisboa, ir\u00e1 transformar-se num local vibrante da magia cosplay. Quer sejam cosplayers experientes ou simplesmente adorem vestir-se como os seus personagens favoritos, esta \u00e9 a oportunidade de todos se reunirem numa concentra\u00e7\u00e3o de talento e muita solidariedade.<\/p>\n<h2>O Desafio: 500 Cosplayers, Um Encontro \u00c9pico<\/h2>\n<p>O Festival estabelece um objetivo ambicioso:<span>\u00a0<\/span><strong>500 cosplayers reunidos num s\u00f3 lugar<\/strong>. Imaginem a energia, as cores e a pura alegria de estar rodeado por outros f\u00e3s e entusiastas. Mas esta \u00e9 igualmente uma a\u00e7\u00e3o de cariz social.<\/p>\n<h2>Cosplay por uma Causa<\/h2>\n<p>Aqui \u00e9 onde a magia acontece verdadeiramente. Se o Festival alcan\u00e7ar a meta de 500 cosplayers, a equipa Iberanime ir\u00e1<span>\u00a0<\/span><strong>doar 1000 \u20ac a uma institui\u00e7\u00e3o de solidariedade social<\/strong><span>\u00a0<\/span>que ser\u00e1, posteriormente, escolhida pelos participantes. A paix\u00e3o pelo cosplay pode, assim, ter um impacto no mundo real para al\u00e9m das paredes das conven\u00e7\u00f5es de cultura pop.<\/p>\n<h2>Como Participar:<\/h2>\n<ol>\n<li><strong>Marcar na agenda<\/strong>: \u00e9 s\u00f3 colocar um lembrete para 23 de mar\u00e7o e reunir o grupo de cosplayers.<\/li>\n<li><strong>Divulgar a not\u00edcia<\/strong>: partilhar esta novidade com outros cosplayers, amigos e seguidores.<\/li>\n<li><strong>Ser criativo<\/strong>: escolher o melhor fato de cosplay e dar o melhor.<\/li>\n<\/ol>\n<p>Transforme o<span>\u00a0<\/span><strong>Parque das Na\u00e7\u00f5es<\/strong><span>\u00a0<\/span>num local de imagina\u00e7\u00e3o, amizade e solidariedade. Juntos, a celebra\u00e7\u00e3o pelo amor e pela cultura pop japonesa pode fazer a diferen\u00e7a na vida dos outros.<\/p>\n<h2>Iberanime \u00e9 o maior evento da cultura pop japonesa em Portugal<\/h2>\n<p>Ap\u00f3s o estrondoso sucesso da edi\u00e7\u00e3o do Porto em outubro do ano passado, que juntou, na Exponor,<span>\u00a0<\/span><strong>34,150 visitantes<\/strong>,<span>\u00a0<\/span><strong>92 expositores<\/strong><span>\u00a0<\/span>de diversas marcas e mais de<span>\u00a0<\/span><strong>100 atividades<\/strong><span>\u00a0<\/span>divididas por palcos e \u00e1reas, \u00e9 a vez de Lisboa receber e dar a conhecer os v\u00e1rios aspetos da cultura pop japonesa. O evento contar\u00e1 com \u00e1reas de<span>\u00a0<\/span><strong>karaoke<\/strong>,<span>\u00a0<\/span><strong>dan\u00e7a<\/strong><span>\u00a0<\/span>(<em>Para Para Dance<\/em>),<span>\u00a0<\/span><strong>coreografias<\/strong><span>\u00a0<\/span>(<em>JoJo Pose<\/em>),<span>\u00a0<\/span><strong>desenho manga<\/strong>,<span>\u00a0<\/span><strong>s\u00e9ries de anime<\/strong>,<span>\u00a0<\/span><strong>concertos<\/strong>,<span>\u00a0<\/span><strong>artes marciais<\/strong>,<span>\u00a0<\/span><strong>\u00e1rea de gaming<\/strong>,<span>\u00a0<\/span><strong>workshops<\/strong>,<span>\u00a0<\/span><strong>competi\u00e7\u00f5es de e-sports<\/strong>,<span>\u00a0<\/span><strong>concursos de noodles<\/strong><span>\u00a0<\/span>e<span>\u00a0<\/span><strong>feira de marcas e artistas<\/strong><span>\u00a0<\/span>do universo japon\u00eas e da cultura pop.<\/p>\n<p>Confirmada est\u00e1 j\u00e1 a presen\u00e7a de<span>\u00a0<\/span><strong>Rica Matsumoto<\/strong>, a voz de<span>\u00a0<\/span><strong>Ash Ketchum<\/strong>, a personagem principal da s\u00e9rie de anime<span>\u00a0<\/span><em>Pok\u00e9mon<\/em>, e tamb\u00e9m a cantora de in\u00fameros temas da s\u00e9rie de televis\u00e3o e dos filmes, incluindo do gen\u00e9rico de abertura, que ir\u00e1 protagonizar o grande concerto de domingo; e<span>\u00a0<\/span><strong>Edo Haruma<\/strong>, animador, designer de personagens e artista de storyboard, atualmente a viver em T\u00f3quio, no Jap\u00e3o. Edo Haruma \u00e9 igualmente o ilustrador respons\u00e1vel pelos cartazes do Iberanime das edi\u00e7\u00f5es de Lisboa e Porto do ano passado e, novamente, da edi\u00e7\u00e3o de Lisboa deste ano.<\/p>\n<h2>Competi\u00e7\u00f5es internacionais de Cosplay s\u00e3o sempre um ponto alto do evento<\/h2>\n<p>No Iberanime de Lisboa, acontece a etapa portuguesa do<span>\u00a0<\/span><strong>Extreme Cosplay Gathering<\/strong>, a competi\u00e7\u00e3o internacional de Cosplay que levar\u00e1 o representante portugu\u00eas \u00e0 final que acontece na<span>\u00a0<\/span><strong>Japan Expo<\/strong>, em Paris. Esta competi\u00e7\u00e3o acontece em<span>\u00a0<\/span><strong>18 pa\u00edses<\/strong><span>\u00a0<\/span>da Europa, Am\u00e9rica do Norte e Oce\u00e2nia e \u00e9 uma das mais internacionais competi\u00e7\u00f5es de Cosplay.<\/p>\n<p>Tamb\u00e9m no fim de semana do Iberanime, acontece a final do<span>\u00a0<\/span><strong>Cosplay World Masters<\/strong><span>\u00a0<\/span>que vai selecionar o grande vencedor desta competi\u00e7\u00e3o internacional.<\/p>\n<\/div>\n<\/div>\n<\/div>\n<\/div>\n<div class=\"message\">\n<div class=\"content\" aria-description=\"\">\n<div class=\"ac-container ac-adaptiveCard\">\n<div class=\"ac-textBlock\">\n<h2>Competi\u00e7\u00f5es internacionais de Cosplay s\u00e3o sempre um ponto alto do evento<\/h2>\n<p>No Iberanime de Lisboa, acontece a etapa portuguesa do<span>\u00a0<\/span><strong>Extreme Cosplay Gathering<\/strong>, a competi\u00e7\u00e3o internacional de Cosplay que levar\u00e1 o representante portugu\u00eas \u00e0 final que acontece na<span>\u00a0<\/span><strong>Japan Expo<\/strong>, em Paris. Esta competi\u00e7\u00e3o acontece em<span>\u00a0<\/span><strong>18 pa\u00edses<\/strong><span>\u00a0<\/span>da Europa, Am\u00e9rica do Norte e Oce\u00e2nia e \u00e9 uma das mais internacionais competi\u00e7\u00f5es de Cosplay.<\/p>\n<p>Tamb\u00e9m no fim de semana do Iberanime, acontece a final do<span>\u00a0<\/span><strong>Cosplay World Masters<\/strong><span>\u00a0<\/span>que vai selecionar o grande vencedor desta competi\u00e7\u00e3o internacional. O Cosplay World Masters \u00e9 a \u00fanica competi\u00e7\u00e3o do mundo com final no nosso pa\u00eds e, habitualmente, conta sempre com mais de<span>\u00a0<\/span><strong>12 pa\u00edses<\/strong><span>\u00a0<\/span>todos os anos.<\/p>\n<p>H\u00e1, ainda duas competi\u00e7\u00f5es mais informais: o<span>\u00a0<\/span><strong>Cosplay de Grupo<\/strong><span>\u00a0<\/span>e o<span>\u00a0<\/span><strong>Iberanime Kids Contest<\/strong>, o concurso de Cosplay dedicado aos mais pequenos, dos 6 aos 13 anos.<\/p>\n<p>Os bilhetes para o Iberanime permitem o acesso a todas as atividades do evento e podem ser adquiridos a<span>\u00a0<\/span><strong>20 \u20ac a entrada individual por dia<\/strong>. Os passes de dois dias custam<span>\u00a0<\/span><strong>35 \u20ac<\/strong>. N\u00e3o percam esta oportunidade de celebrar a cultura pop japonesa e contribuir para uma causa solid\u00e1ria!<\/p>\n<\/div>\n<\/div>\n<\/div>\n<\/div>\n","protected":false},"excerpt":{"rendered":"<p>Iberanime Cosplay Challenge: 500 Cosplayers Unem-se por uma Causa Solid\u00e1ria A comunidade Iberanime est\u00e1 a preparar um evento extraordin\u00e1rio que combina criatividade, amizade e solidariedade. No dia 23 de mar\u00e7o, [&hellip;]<\/p>\n","protected":false},"author":3,"featured_media":8470,"comment_status":"closed","ping_status":"closed","sticky":false,"template":"","format":"standard","meta":{"_exactmetrics_skip_tracking":false,"_exactmetrics_sitenote_active":false,"_exactmetrics_sitenote_note":"","_exactmetrics_sitenote_category":0,"_uf_show_specific_survey":0,"_uf_disable_surveys":false,"footnotes":""},"categories":[1],"tags":[2004],"class_list":["post-8469","post","type-post","status-publish","format-standard","has-post-thumbnail","hentry","category-sem-categoria","tag-iberanime"],"yoast_head":"<!-- This site is optimized with the Yoast SEO plugin v27.3 - https:\/\/yoast.com\/product\/yoast-seo-wordpress\/ -->\n<title>Iberanime Cosplay Challenge: 500 Cosplayers Unem-se por uma Causa Solid\u00e1ria<\/title>\n<meta name=\"description\" content=\"Iberanime permitem o acesso a todas as atividades do evento e podem ser adquiridos a\u00a020 \u20ac a entrada individual por dia.\" \/>\n<meta name=\"robots\" content=\"index, follow, max-snippet:-1, max-image-preview:large, max-video-preview:-1\" \/>\n<link rel=\"canonical\" href=\"https:\/\/arte351.pt\/art\/2024\/03\/14\/iberanime-cosplay-challenge-500-cosplayers-unem-se-por-uma-causa-solidaria\/\" \/>\n<meta property=\"og:locale\" content=\"pt_BR\" \/>\n<meta property=\"og:type\" content=\"article\" \/>\n<meta property=\"og:title\" content=\"Iberanime Cosplay Challenge: 500 Cosplayers Unem-se por uma Causa Solid\u00e1ria\" \/>\n<meta property=\"og:description\" content=\"Iberanime permitem o acesso a todas as atividades do evento e podem ser adquiridos a\u00a020 \u20ac a entrada individual por dia.\" \/>\n<meta property=\"og:url\" content=\"https:\/\/arte351.pt\/art\/2024\/03\/14\/iberanime-cosplay-challenge-500-cosplayers-unem-se-por-uma-causa-solidaria\/\" \/>\n<meta property=\"og:site_name\" content=\"Arte351 - Art Magazine Portugal\" \/>\n<meta property=\"article:publisher\" content=\"https:\/\/www.facebook.com\/arte351magazine\/\" \/>\n<meta property=\"article:published_time\" content=\"2024-03-14T22:32:51+00:00\" \/>\n<meta property=\"og:image\" content=\"https:\/\/arte351.pt\/art\/wp-content\/uploads\/2024\/03\/iberanime.jpg\" \/>\n\t<meta property=\"og:image:width\" content=\"1200\" \/>\n\t<meta property=\"og:image:height\" content=\"578\" \/>\n\t<meta property=\"og:image:type\" content=\"image\/jpeg\" \/>\n<meta name=\"author\" content=\"Equipa Arte351\" \/>\n<meta name=\"twitter:label1\" content=\"Escrito por\" \/>\n\t<meta name=\"twitter:data1\" content=\"Equipa Arte351\" \/>\n\t<meta name=\"twitter:label2\" content=\"Est. tempo de leitura\" \/>\n\t<meta name=\"twitter:data2\" content=\"5 minutos\" \/>\n<script type=\"application\/ld+json\" class=\"yoast-schema-graph\">{\"@context\":\"https:\\\/\\\/schema.org\",\"@graph\":[{\"@type\":\"Article\",\"@id\":\"https:\\\/\\\/arte351.pt\\\/art\\\/2024\\\/03\\\/14\\\/iberanime-cosplay-challenge-500-cosplayers-unem-se-por-uma-causa-solidaria\\\/#article\",\"isPartOf\":{\"@id\":\"https:\\\/\\\/arte351.pt\\\/art\\\/2024\\\/03\\\/14\\\/iberanime-cosplay-challenge-500-cosplayers-unem-se-por-uma-causa-solidaria\\\/\"},\"author\":{\"name\":\"Equipa Arte351\",\"@id\":\"https:\\\/\\\/arte351.pt\\\/art\\\/#\\\/schema\\\/person\\\/f2cfae59497206be61c53c217757b930\"},\"headline\":\"Iberanime Cosplay Challenge: 500 Cosplayers Unem-se por uma Causa Solid\u00e1ria\",\"datePublished\":\"2024-03-14T22:32:51+00:00\",\"mainEntityOfPage\":{\"@id\":\"https:\\\/\\\/arte351.pt\\\/art\\\/2024\\\/03\\\/14\\\/iberanime-cosplay-challenge-500-cosplayers-unem-se-por-uma-causa-solidaria\\\/\"},\"wordCount\":781,\"publisher\":{\"@id\":\"https:\\\/\\\/arte351.pt\\\/art\\\/#organization\"},\"image\":{\"@id\":\"https:\\\/\\\/arte351.pt\\\/art\\\/2024\\\/03\\\/14\\\/iberanime-cosplay-challenge-500-cosplayers-unem-se-por-uma-causa-solidaria\\\/#primaryimage\"},\"thumbnailUrl\":\"https:\\\/\\\/arte351.pt\\\/art\\\/wp-content\\\/uploads\\\/2024\\\/03\\\/iberanime.jpg\",\"keywords\":[\"Iberanime\"],\"articleSection\":[\"Blog ARTE-351\"],\"inLanguage\":\"pt-BR\"},{\"@type\":\"WebPage\",\"@id\":\"https:\\\/\\\/arte351.pt\\\/art\\\/2024\\\/03\\\/14\\\/iberanime-cosplay-challenge-500-cosplayers-unem-se-por-uma-causa-solidaria\\\/\",\"url\":\"https:\\\/\\\/arte351.pt\\\/art\\\/2024\\\/03\\\/14\\\/iberanime-cosplay-challenge-500-cosplayers-unem-se-por-uma-causa-solidaria\\\/\",\"name\":\"Iberanime Cosplay Challenge: 500 Cosplayers Unem-se por uma Causa Solid\u00e1ria\",\"isPartOf\":{\"@id\":\"https:\\\/\\\/arte351.pt\\\/art\\\/#website\"},\"primaryImageOfPage\":{\"@id\":\"https:\\\/\\\/arte351.pt\\\/art\\\/2024\\\/03\\\/14\\\/iberanime-cosplay-challenge-500-cosplayers-unem-se-por-uma-causa-solidaria\\\/#primaryimage\"},\"image\":{\"@id\":\"https:\\\/\\\/arte351.pt\\\/art\\\/2024\\\/03\\\/14\\\/iberanime-cosplay-challenge-500-cosplayers-unem-se-por-uma-causa-solidaria\\\/#primaryimage\"},\"thumbnailUrl\":\"https:\\\/\\\/arte351.pt\\\/art\\\/wp-content\\\/uploads\\\/2024\\\/03\\\/iberanime.jpg\",\"datePublished\":\"2024-03-14T22:32:51+00:00\",\"description\":\"Iberanime permitem o acesso a todas as atividades do evento e podem ser adquiridos a\u00a020 \u20ac a entrada individual por dia.\",\"breadcrumb\":{\"@id\":\"https:\\\/\\\/arte351.pt\\\/art\\\/2024\\\/03\\\/14\\\/iberanime-cosplay-challenge-500-cosplayers-unem-se-por-uma-causa-solidaria\\\/#breadcrumb\"},\"inLanguage\":\"pt-BR\",\"potentialAction\":[{\"@type\":\"ReadAction\",\"target\":[\"https:\\\/\\\/arte351.pt\\\/art\\\/2024\\\/03\\\/14\\\/iberanime-cosplay-challenge-500-cosplayers-unem-se-por-uma-causa-solidaria\\\/\"]}]},{\"@type\":\"ImageObject\",\"inLanguage\":\"pt-BR\",\"@id\":\"https:\\\/\\\/arte351.pt\\\/art\\\/2024\\\/03\\\/14\\\/iberanime-cosplay-challenge-500-cosplayers-unem-se-por-uma-causa-solidaria\\\/#primaryimage\",\"url\":\"https:\\\/\\\/arte351.pt\\\/art\\\/wp-content\\\/uploads\\\/2024\\\/03\\\/iberanime.jpg\",\"contentUrl\":\"https:\\\/\\\/arte351.pt\\\/art\\\/wp-content\\\/uploads\\\/2024\\\/03\\\/iberanime.jpg\",\"width\":1200,\"height\":578},{\"@type\":\"BreadcrumbList\",\"@id\":\"https:\\\/\\\/arte351.pt\\\/art\\\/2024\\\/03\\\/14\\\/iberanime-cosplay-challenge-500-cosplayers-unem-se-por-uma-causa-solidaria\\\/#breadcrumb\",\"itemListElement\":[{\"@type\":\"ListItem\",\"position\":1,\"name\":\"In\u00edcio\",\"item\":\"https:\\\/\\\/arte351.pt\\\/art\\\/\"},{\"@type\":\"ListItem\",\"position\":2,\"name\":\"Iberanime Cosplay Challenge: 500 Cosplayers Unem-se por uma Causa Solid\u00e1ria\"}]},{\"@type\":\"WebSite\",\"@id\":\"https:\\\/\\\/arte351.pt\\\/art\\\/#website\",\"url\":\"https:\\\/\\\/arte351.pt\\\/art\\\/\",\"name\":\"Arte351 - Art Magazine Portugal\",\"description\":\"\",\"publisher\":{\"@id\":\"https:\\\/\\\/arte351.pt\\\/art\\\/#organization\"},\"potentialAction\":[{\"@type\":\"SearchAction\",\"target\":{\"@type\":\"EntryPoint\",\"urlTemplate\":\"https:\\\/\\\/arte351.pt\\\/art\\\/?s={search_term_string}\"},\"query-input\":{\"@type\":\"PropertyValueSpecification\",\"valueRequired\":true,\"valueName\":\"search_term_string\"}}],\"inLanguage\":\"pt-BR\"},{\"@type\":\"Organization\",\"@id\":\"https:\\\/\\\/arte351.pt\\\/art\\\/#organization\",\"name\":\"Arte351 - Art Magazine Portugal\",\"url\":\"https:\\\/\\\/arte351.pt\\\/art\\\/\",\"logo\":{\"@type\":\"ImageObject\",\"inLanguage\":\"pt-BR\",\"@id\":\"https:\\\/\\\/arte351.pt\\\/art\\\/#\\\/schema\\\/logo\\\/image\\\/\",\"url\":\"https:\\\/\\\/arte351.pt\\\/art\\\/wp-content\\\/uploads\\\/2020\\\/03\\\/cropped-logo-arte351-color.png\",\"contentUrl\":\"https:\\\/\\\/arte351.pt\\\/art\\\/wp-content\\\/uploads\\\/2020\\\/03\\\/cropped-logo-arte351-color.png\",\"width\":514,\"height\":200,\"caption\":\"Arte351 - Art Magazine Portugal\"},\"image\":{\"@id\":\"https:\\\/\\\/arte351.pt\\\/art\\\/#\\\/schema\\\/logo\\\/image\\\/\"},\"sameAs\":[\"https:\\\/\\\/www.facebook.com\\\/arte351magazine\\\/\"]},{\"@type\":\"Person\",\"@id\":\"https:\\\/\\\/arte351.pt\\\/art\\\/#\\\/schema\\\/person\\\/f2cfae59497206be61c53c217757b930\",\"name\":\"Equipa Arte351\",\"image\":{\"@type\":\"ImageObject\",\"inLanguage\":\"pt-BR\",\"@id\":\"https:\\\/\\\/secure.gravatar.com\\\/avatar\\\/6caca56323d52e15e83fc5635240c86f7e52fd46fa8d5df9a709d99f5aa1638e?s=96&d=mm&r=g\",\"url\":\"https:\\\/\\\/secure.gravatar.com\\\/avatar\\\/6caca56323d52e15e83fc5635240c86f7e52fd46fa8d5df9a709d99f5aa1638e?s=96&d=mm&r=g\",\"contentUrl\":\"https:\\\/\\\/secure.gravatar.com\\\/avatar\\\/6caca56323d52e15e83fc5635240c86f7e52fd46fa8d5df9a709d99f5aa1638e?s=96&d=mm&r=g\",\"caption\":\"Equipa Arte351\"},\"url\":\"https:\\\/\\\/arte351.pt\\\/art\\\/author\\\/caroleenbass\\\/\"}]}<\/script>\n<!-- \/ Yoast SEO plugin. -->","yoast_head_json":{"title":"Iberanime Cosplay Challenge: 500 Cosplayers Unem-se por uma Causa Solid\u00e1ria","description":"Iberanime permitem o acesso a todas as atividades do evento e podem ser adquiridos a\u00a020 \u20ac a entrada individual por dia.","robots":{"index":"index","follow":"follow","max-snippet":"max-snippet:-1","max-image-preview":"max-image-preview:large","max-video-preview":"max-video-preview:-1"},"canonical":"https:\/\/arte351.pt\/art\/2024\/03\/14\/iberanime-cosplay-challenge-500-cosplayers-unem-se-por-uma-causa-solidaria\/","og_locale":"pt_BR","og_type":"article","og_title":"Iberanime Cosplay Challenge: 500 Cosplayers Unem-se por uma Causa Solid\u00e1ria","og_description":"Iberanime permitem o acesso a todas as atividades do evento e podem ser adquiridos a\u00a020 \u20ac a entrada individual por dia.","og_url":"https:\/\/arte351.pt\/art\/2024\/03\/14\/iberanime-cosplay-challenge-500-cosplayers-unem-se-por-uma-causa-solidaria\/","og_site_name":"Arte351 - Art Magazine Portugal","article_publisher":"https:\/\/www.facebook.com\/arte351magazine\/","article_published_time":"2024-03-14T22:32:51+00:00","og_image":[{"width":1200,"height":578,"url":"https:\/\/arte351.pt\/art\/wp-content\/uploads\/2024\/03\/iberanime.jpg","type":"image\/jpeg"}],"author":"Equipa Arte351","twitter_misc":{"Escrito por":"Equipa Arte351","Est. tempo de leitura":"5 minutos"},"schema":{"@context":"https:\/\/schema.org","@graph":[{"@type":"Article","@id":"https:\/\/arte351.pt\/art\/2024\/03\/14\/iberanime-cosplay-challenge-500-cosplayers-unem-se-por-uma-causa-solidaria\/#article","isPartOf":{"@id":"https:\/\/arte351.pt\/art\/2024\/03\/14\/iberanime-cosplay-challenge-500-cosplayers-unem-se-por-uma-causa-solidaria\/"},"author":{"name":"Equipa Arte351","@id":"https:\/\/arte351.pt\/art\/#\/schema\/person\/f2cfae59497206be61c53c217757b930"},"headline":"Iberanime Cosplay Challenge: 500 Cosplayers Unem-se por uma Causa Solid\u00e1ria","datePublished":"2024-03-14T22:32:51+00:00","mainEntityOfPage":{"@id":"https:\/\/arte351.pt\/art\/2024\/03\/14\/iberanime-cosplay-challenge-500-cosplayers-unem-se-por-uma-causa-solidaria\/"},"wordCount":781,"publisher":{"@id":"https:\/\/arte351.pt\/art\/#organization"},"image":{"@id":"https:\/\/arte351.pt\/art\/2024\/03\/14\/iberanime-cosplay-challenge-500-cosplayers-unem-se-por-uma-causa-solidaria\/#primaryimage"},"thumbnailUrl":"https:\/\/arte351.pt\/art\/wp-content\/uploads\/2024\/03\/iberanime.jpg","keywords":["Iberanime"],"articleSection":["Blog ARTE-351"],"inLanguage":"pt-BR"},{"@type":"WebPage","@id":"https:\/\/arte351.pt\/art\/2024\/03\/14\/iberanime-cosplay-challenge-500-cosplayers-unem-se-por-uma-causa-solidaria\/","url":"https:\/\/arte351.pt\/art\/2024\/03\/14\/iberanime-cosplay-challenge-500-cosplayers-unem-se-por-uma-causa-solidaria\/","name":"Iberanime Cosplay Challenge: 500 Cosplayers Unem-se por uma Causa Solid\u00e1ria","isPartOf":{"@id":"https:\/\/arte351.pt\/art\/#website"},"primaryImageOfPage":{"@id":"https:\/\/arte351.pt\/art\/2024\/03\/14\/iberanime-cosplay-challenge-500-cosplayers-unem-se-por-uma-causa-solidaria\/#primaryimage"},"image":{"@id":"https:\/\/arte351.pt\/art\/2024\/03\/14\/iberanime-cosplay-challenge-500-cosplayers-unem-se-por-uma-causa-solidaria\/#primaryimage"},"thumbnailUrl":"https:\/\/arte351.pt\/art\/wp-content\/uploads\/2024\/03\/iberanime.jpg","datePublished":"2024-03-14T22:32:51+00:00","description":"Iberanime permitem o acesso a todas as atividades do evento e podem ser adquiridos a\u00a020 \u20ac a entrada individual por dia.","breadcrumb":{"@id":"https:\/\/arte351.pt\/art\/2024\/03\/14\/iberanime-cosplay-challenge-500-cosplayers-unem-se-por-uma-causa-solidaria\/#breadcrumb"},"inLanguage":"pt-BR","potentialAction":[{"@type":"ReadAction","target":["https:\/\/arte351.pt\/art\/2024\/03\/14\/iberanime-cosplay-challenge-500-cosplayers-unem-se-por-uma-causa-solidaria\/"]}]},{"@type":"ImageObject","inLanguage":"pt-BR","@id":"https:\/\/arte351.pt\/art\/2024\/03\/14\/iberanime-cosplay-challenge-500-cosplayers-unem-se-por-uma-causa-solidaria\/#primaryimage","url":"https:\/\/arte351.pt\/art\/wp-content\/uploads\/2024\/03\/iberanime.jpg","contentUrl":"https:\/\/arte351.pt\/art\/wp-content\/uploads\/2024\/03\/iberanime.jpg","width":1200,"height":578},{"@type":"BreadcrumbList","@id":"https:\/\/arte351.pt\/art\/2024\/03\/14\/iberanime-cosplay-challenge-500-cosplayers-unem-se-por-uma-causa-solidaria\/#breadcrumb","itemListElement":[{"@type":"ListItem","position":1,"name":"In\u00edcio","item":"https:\/\/arte351.pt\/art\/"},{"@type":"ListItem","position":2,"name":"Iberanime Cosplay Challenge: 500 Cosplayers Unem-se por uma Causa Solid\u00e1ria"}]},{"@type":"WebSite","@id":"https:\/\/arte351.pt\/art\/#website","url":"https:\/\/arte351.pt\/art\/","name":"Arte351 - Art Magazine Portugal","description":"","publisher":{"@id":"https:\/\/arte351.pt\/art\/#organization"},"potentialAction":[{"@type":"SearchAction","target":{"@type":"EntryPoint","urlTemplate":"https:\/\/arte351.pt\/art\/?s={search_term_string}"},"query-input":{"@type":"PropertyValueSpecification","valueRequired":true,"valueName":"search_term_string"}}],"inLanguage":"pt-BR"},{"@type":"Organization","@id":"https:\/\/arte351.pt\/art\/#organization","name":"Arte351 - Art Magazine Portugal","url":"https:\/\/arte351.pt\/art\/","logo":{"@type":"ImageObject","inLanguage":"pt-BR","@id":"https:\/\/arte351.pt\/art\/#\/schema\/logo\/image\/","url":"https:\/\/arte351.pt\/art\/wp-content\/uploads\/2020\/03\/cropped-logo-arte351-color.png","contentUrl":"https:\/\/arte351.pt\/art\/wp-content\/uploads\/2020\/03\/cropped-logo-arte351-color.png","width":514,"height":200,"caption":"Arte351 - Art Magazine Portugal"},"image":{"@id":"https:\/\/arte351.pt\/art\/#\/schema\/logo\/image\/"},"sameAs":["https:\/\/www.facebook.com\/arte351magazine\/"]},{"@type":"Person","@id":"https:\/\/arte351.pt\/art\/#\/schema\/person\/f2cfae59497206be61c53c217757b930","name":"Equipa Arte351","image":{"@type":"ImageObject","inLanguage":"pt-BR","@id":"https:\/\/secure.gravatar.com\/avatar\/6caca56323d52e15e83fc5635240c86f7e52fd46fa8d5df9a709d99f5aa1638e?s=96&d=mm&r=g","url":"https:\/\/secure.gravatar.com\/avatar\/6caca56323d52e15e83fc5635240c86f7e52fd46fa8d5df9a709d99f5aa1638e?s=96&d=mm&r=g","contentUrl":"https:\/\/secure.gravatar.com\/avatar\/6caca56323d52e15e83fc5635240c86f7e52fd46fa8d5df9a709d99f5aa1638e?s=96&d=mm&r=g","caption":"Equipa Arte351"},"url":"https:\/\/arte351.pt\/art\/author\/caroleenbass\/"}]}},"_links":{"self":[{"href":"https:\/\/arte351.pt\/art\/wp-json\/wp\/v2\/posts\/8469","targetHints":{"allow":["GET"]}}],"collection":[{"href":"https:\/\/arte351.pt\/art\/wp-json\/wp\/v2\/posts"}],"about":[{"href":"https:\/\/arte351.pt\/art\/wp-json\/wp\/v2\/types\/post"}],"author":[{"embeddable":true,"href":"https:\/\/arte351.pt\/art\/wp-json\/wp\/v2\/users\/3"}],"replies":[{"embeddable":true,"href":"https:\/\/arte351.pt\/art\/wp-json\/wp\/v2\/comments?post=8469"}],"version-history":[{"count":3,"href":"https:\/\/arte351.pt\/art\/wp-json\/wp\/v2\/posts\/8469\/revisions"}],"predecessor-version":[{"id":8474,"href":"https:\/\/arte351.pt\/art\/wp-json\/wp\/v2\/posts\/8469\/revisions\/8474"}],"wp:featuredmedia":[{"embeddable":true,"href":"https:\/\/arte351.pt\/art\/wp-json\/wp\/v2\/media\/8470"}],"wp:attachment":[{"href":"https:\/\/arte351.pt\/art\/wp-json\/wp\/v2\/media?parent=8469"}],"wp:term":[{"taxonomy":"category","embeddable":true,"href":"https:\/\/arte351.pt\/art\/wp-json\/wp\/v2\/categories?post=8469"},{"taxonomy":"post_tag","embeddable":true,"href":"https:\/\/arte351.pt\/art\/wp-json\/wp\/v2\/tags?post=8469"}],"curies":[{"name":"wp","href":"https:\/\/api.w.org\/{rel}","templated":true}]}}