{"id":8531,"date":"2024-03-12T20:20:59","date_gmt":"2024-03-12T20:20:59","guid":{"rendered":"https:\/\/arte351.pt\/art\/?p=8531"},"modified":"2025-03-10T20:36:04","modified_gmt":"2025-03-10T20:36:04","slug":"exposicao-do-a-caminho-da-virtude-desvenda-a-filosofia-das-artes-marciais-japonesas-no-museu-de-arte-de-brasilia","status":"publish","type":"post","link":"https:\/\/arte351.pt\/art\/2024\/03\/12\/exposicao-do-a-caminho-da-virtude-desvenda-a-filosofia-das-artes-marciais-japonesas-no-museu-de-arte-de-brasilia\/","title":{"rendered":"Exposi\u00e7\u00e3o \u201cD\u014c: A Caminho da Virtude\u201d Desvenda a Filosofia das Artes Marciais Japonesas no Museu de Arte de Bras\u00edlia"},"content":{"rendered":"<p><img fetchpriority=\"high\" decoding=\"async\" class=\"alignnone size-large\" src=\"https:\/\/www.japanhousesp.com.br\/sites\/japanhouse.com.saopaulo\/files\/2020-08\/000030549.jpg\" width=\"1316\" height=\"645\" \/><\/p>\n<p>O<span>\u00a0<\/span><strong>Museu de Arte de Bras\u00edlia (MAB)<\/strong><span>\u00a0<\/span>est\u00e1 recebendo uma exposi\u00e7\u00e3o fascinante intitulada \u201c<strong>D\u014c: A Caminho da Virtude<\/strong>\u201d, promovida pela<span>\u00a0<\/span><strong>Japan House S\u00e3o Paulo<\/strong><span>\u00a0<\/span>e pela<span>\u00a0<\/span><strong>Embaixada do Jap\u00e3o no Brasil<\/strong>. Essa mostra traz \u00e0 luz a filosofia por tr\u00e1s de algumas das artes marciais japonesas, proporcionando uma experi\u00eancia enriquecedora para os visitantes.<\/p>\n<p>Aqui est\u00e3o os detalhes essenciais sobre a exposi\u00e7\u00e3o:<\/p>\n<ul>\n<li><strong>O que \u00e9 \u201cD\u014c\u201d?<\/strong>: Em japon\u00eas, \u201c<strong>D\u014c<\/strong>\u201d significa \u201ccaminho\u201d ou \u201cdire\u00e7\u00e3o a ser seguida\u201d. Essa palavra carrega consigo a ideia de postura, rigor e autodisciplina. Al\u00e9m disso, \u201c<strong>bud\u014d<\/strong>\u201d refere-se ao treinamento da mente, da t\u00e9cnica e do corpo como um todo, visando \u00e0 perfeita harmonia entre esses tr\u00eas elementos e a espiritualidade.<\/li>\n<li><strong>Conte\u00fado da Exposi\u00e7\u00e3o<\/strong>:\n<ul>\n<li><strong>Artes Marciais Representadas<\/strong>: A exposi\u00e7\u00e3o abrange uma variedade de artes marciais japonesas, incluindo<span>\u00a0<\/span><strong>Aikid\u014d, Kend\u014d, Karated\u014d, Jud\u014d, Sum\u014d, Kyud\u014d, Jukend\u014d, Naginata e Shorinjikemp\u014d<\/strong>. Fotos, pictogramas, v\u00eddeos e demonstra\u00e7\u00f5es pr\u00e1ticas destacam os principais elementos, movimentos e conceitos dessas disciplinas.<\/li>\n<li><strong>Cenografia Inspirada na Tradi\u00e7\u00e3o<\/strong>: A cenografia da mostra foi inspirada nos tradicionais encaixes de madeira da arquitetura japonesa, criando uma expografia minimalista que lembra os<span>\u00a0<\/span><strong>Doj\u014ds<\/strong><span>\u00a0<\/span>(locais onde se treinam artes marciais japonesas). O espa\u00e7o expositivo dialoga harmoniosamente com o pr\u00f3prio edif\u00edcio do MAB.<\/li>\n<li><strong>Participa\u00e7\u00e3o do P\u00fablico<\/strong>: Os visitantes ter\u00e3o a oportunidade de vivenciar as t\u00e9cnicas e filosofias das artes marciais por meio de um<span>\u00a0<\/span><strong>tatame<\/strong><span>\u00a0<\/span>onde ser\u00e3o realizadas cl\u00ednicas esportivas e demonstra\u00e7\u00f5es.<\/li>\n<\/ul>\n<\/li>\n<li><strong>Quando e Onde<\/strong>:\n<ul>\n<li><strong>Per\u00edodo<\/strong>: De<span>\u00a0<\/span><strong>28 de fevereiro a 28 de abril de 2024<\/strong>.<\/li>\n<li><strong>Local<\/strong>:<span>\u00a0<\/span><strong>Museu de Arte de Bras\u00edlia (MAB)<\/strong>, localizado no<span>\u00a0<\/span><strong>SHTN Trecho 1, projeto Orla Polo 03, Lote 05<\/strong>.<\/li>\n<li><strong>Hor\u00e1rio de Funcionamento<\/strong>: Aberto todos os dias, exceto ter\u00e7a-feira, das<span>\u00a0<\/span><strong>10h \u00e0s 19h<\/strong>.<\/li>\n<li><strong>Entrada Livre<\/strong>.<\/li>\n<\/ul>\n<\/li>\n<\/ul>\n<p>Essa \u00e9 uma oportunidade \u00fanica para mergulhar na rica cultura das artes marciais japonesas e compreender os valores e princ\u00edpios que permeiam essas disciplinas. A exposi\u00e7\u00e3o tamb\u00e9m oferece um espa\u00e7o de aprendizado e compartilhamento para aqueles que t\u00eam interesse pelo Jap\u00e3o e pelas artes marciais. N\u00e3o deixe de visitar e explorar essa jornada pela virtude no cora\u00e7\u00e3o de Bras\u00edlia!<\/p>\n","protected":false},"excerpt":{"rendered":"<p>O\u00a0Museu de Arte de Bras\u00edlia (MAB)\u00a0est\u00e1 recebendo uma exposi\u00e7\u00e3o fascinante intitulada \u201cD\u014c: A Caminho da Virtude\u201d, promovida pela\u00a0Japan House S\u00e3o Paulo\u00a0e pela\u00a0Embaixada do Jap\u00e3o no Brasil. Essa mostra traz \u00e0 [&hellip;]<\/p>\n","protected":false},"author":3,"featured_media":0,"comment_status":"closed","ping_status":"closed","sticky":false,"template":"","format":"standard","meta":{"_exactmetrics_skip_tracking":false,"_exactmetrics_sitenote_active":false,"_exactmetrics_sitenote_note":"","_exactmetrics_sitenote_category":0,"_uf_show_specific_survey":0,"_uf_disable_surveys":false,"footnotes":""},"categories":[1],"tags":[2012],"class_list":["post-8531","post","type-post","status-publish","format-standard","hentry","category-sem-categoria","tag-museu-de-arte-de-brasilia"],"yoast_head":"<!-- This site is optimized with the Yoast SEO plugin v27.3 - https:\/\/yoast.com\/product\/yoast-seo-wordpress\/ -->\n<title>Exposi\u00e7\u00e3o \u201cD\u014c: A Caminho da Virtude\u201d Desvenda a Filosofia das Artes Marciais Japonesas no Museu de Arte de Bras\u00edlia<\/title>\n<meta name=\"description\" content=\"O\u00a0Museu de Arte de Bras\u00edlia (MAB)\u00a0est\u00e1 recebendo uma exposi\u00e7\u00e3o fascinante intitulada \u201cD\u014c: A Caminho da Virtude\u201d,\" \/>\n<meta name=\"robots\" content=\"index, follow, max-snippet:-1, max-image-preview:large, max-video-preview:-1\" \/>\n<link rel=\"canonical\" href=\"https:\/\/arte351.pt\/art\/2024\/03\/12\/exposicao-do-a-caminho-da-virtude-desvenda-a-filosofia-das-artes-marciais-japonesas-no-museu-de-arte-de-brasilia\/\" \/>\n<meta property=\"og:locale\" content=\"pt_BR\" \/>\n<meta property=\"og:type\" content=\"article\" \/>\n<meta property=\"og:title\" content=\"Exposi\u00e7\u00e3o \u201cD\u014c: A Caminho da Virtude\u201d Desvenda a Filosofia das Artes Marciais Japonesas no Museu de Arte de Bras\u00edlia\" \/>\n<meta property=\"og:description\" content=\"O\u00a0Museu de Arte de Bras\u00edlia (MAB)\u00a0est\u00e1 recebendo uma exposi\u00e7\u00e3o fascinante intitulada \u201cD\u014c: A Caminho da Virtude\u201d,\" \/>\n<meta property=\"og:url\" content=\"https:\/\/arte351.pt\/art\/2024\/03\/12\/exposicao-do-a-caminho-da-virtude-desvenda-a-filosofia-das-artes-marciais-japonesas-no-museu-de-arte-de-brasilia\/\" \/>\n<meta property=\"og:site_name\" content=\"Arte351 - Art Magazine Portugal\" \/>\n<meta property=\"article:publisher\" content=\"https:\/\/www.facebook.com\/arte351magazine\/\" \/>\n<meta property=\"article:published_time\" content=\"2024-03-12T20:20:59+00:00\" \/>\n<meta property=\"article:modified_time\" content=\"2025-03-10T20:36:04+00:00\" \/>\n<meta property=\"og:image\" content=\"https:\/\/www.japanhousesp.com.br\/sites\/japanhouse.com.saopaulo\/files\/2020-08\/000030549.jpg\" \/>\n<meta name=\"author\" content=\"Equipa Arte351\" \/>\n<meta name=\"twitter:label1\" content=\"Escrito por\" \/>\n\t<meta name=\"twitter:data1\" content=\"Equipa Arte351\" \/>\n\t<meta name=\"twitter:label2\" content=\"Est. tempo de leitura\" \/>\n\t<meta name=\"twitter:data2\" content=\"3 minutos\" \/>\n<script type=\"application\/ld+json\" class=\"yoast-schema-graph\">{\"@context\":\"https:\\\/\\\/schema.org\",\"@graph\":[{\"@type\":\"Article\",\"@id\":\"https:\\\/\\\/arte351.pt\\\/art\\\/2024\\\/03\\\/12\\\/exposicao-do-a-caminho-da-virtude-desvenda-a-filosofia-das-artes-marciais-japonesas-no-museu-de-arte-de-brasilia\\\/#article\",\"isPartOf\":{\"@id\":\"https:\\\/\\\/arte351.pt\\\/art\\\/2024\\\/03\\\/12\\\/exposicao-do-a-caminho-da-virtude-desvenda-a-filosofia-das-artes-marciais-japonesas-no-museu-de-arte-de-brasilia\\\/\"},\"author\":{\"name\":\"Equipa Arte351\",\"@id\":\"https:\\\/\\\/arte351.pt\\\/art\\\/#\\\/schema\\\/person\\\/f2cfae59497206be61c53c217757b930\"},\"headline\":\"Exposi\u00e7\u00e3o \u201cD\u014c: A Caminho da Virtude\u201d Desvenda a Filosofia das Artes Marciais Japonesas no Museu de Arte de Bras\u00edlia\",\"datePublished\":\"2024-03-12T20:20:59+00:00\",\"dateModified\":\"2025-03-10T20:36:04+00:00\",\"mainEntityOfPage\":{\"@id\":\"https:\\\/\\\/arte351.pt\\\/art\\\/2024\\\/03\\\/12\\\/exposicao-do-a-caminho-da-virtude-desvenda-a-filosofia-das-artes-marciais-japonesas-no-museu-de-arte-de-brasilia\\\/\"},\"wordCount\":388,\"publisher\":{\"@id\":\"https:\\\/\\\/arte351.pt\\\/art\\\/#organization\"},\"image\":{\"@id\":\"https:\\\/\\\/arte351.pt\\\/art\\\/2024\\\/03\\\/12\\\/exposicao-do-a-caminho-da-virtude-desvenda-a-filosofia-das-artes-marciais-japonesas-no-museu-de-arte-de-brasilia\\\/#primaryimage\"},\"thumbnailUrl\":\"https:\\\/\\\/www.japanhousesp.com.br\\\/sites\\\/japanhouse.com.saopaulo\\\/files\\\/2020-08\\\/000030549.jpg\",\"keywords\":[\"Museu de Arte de Bras\u00edlia\"],\"articleSection\":[\"Blog ARTE-351\"],\"inLanguage\":\"pt-BR\"},{\"@type\":\"WebPage\",\"@id\":\"https:\\\/\\\/arte351.pt\\\/art\\\/2024\\\/03\\\/12\\\/exposicao-do-a-caminho-da-virtude-desvenda-a-filosofia-das-artes-marciais-japonesas-no-museu-de-arte-de-brasilia\\\/\",\"url\":\"https:\\\/\\\/arte351.pt\\\/art\\\/2024\\\/03\\\/12\\\/exposicao-do-a-caminho-da-virtude-desvenda-a-filosofia-das-artes-marciais-japonesas-no-museu-de-arte-de-brasilia\\\/\",\"name\":\"Exposi\u00e7\u00e3o \u201cD\u014c: A Caminho da Virtude\u201d Desvenda a Filosofia das Artes Marciais Japonesas no Museu de Arte de Bras\u00edlia\",\"isPartOf\":{\"@id\":\"https:\\\/\\\/arte351.pt\\\/art\\\/#website\"},\"primaryImageOfPage\":{\"@id\":\"https:\\\/\\\/arte351.pt\\\/art\\\/2024\\\/03\\\/12\\\/exposicao-do-a-caminho-da-virtude-desvenda-a-filosofia-das-artes-marciais-japonesas-no-museu-de-arte-de-brasilia\\\/#primaryimage\"},\"image\":{\"@id\":\"https:\\\/\\\/arte351.pt\\\/art\\\/2024\\\/03\\\/12\\\/exposicao-do-a-caminho-da-virtude-desvenda-a-filosofia-das-artes-marciais-japonesas-no-museu-de-arte-de-brasilia\\\/#primaryimage\"},\"thumbnailUrl\":\"https:\\\/\\\/www.japanhousesp.com.br\\\/sites\\\/japanhouse.com.saopaulo\\\/files\\\/2020-08\\\/000030549.jpg\",\"datePublished\":\"2024-03-12T20:20:59+00:00\",\"dateModified\":\"2025-03-10T20:36:04+00:00\",\"description\":\"O\u00a0Museu de Arte de Bras\u00edlia (MAB)\u00a0est\u00e1 recebendo uma exposi\u00e7\u00e3o fascinante intitulada \u201cD\u014c: A Caminho da Virtude\u201d,\",\"breadcrumb\":{\"@id\":\"https:\\\/\\\/arte351.pt\\\/art\\\/2024\\\/03\\\/12\\\/exposicao-do-a-caminho-da-virtude-desvenda-a-filosofia-das-artes-marciais-japonesas-no-museu-de-arte-de-brasilia\\\/#breadcrumb\"},\"inLanguage\":\"pt-BR\",\"potentialAction\":[{\"@type\":\"ReadAction\",\"target\":[\"https:\\\/\\\/arte351.pt\\\/art\\\/2024\\\/03\\\/12\\\/exposicao-do-a-caminho-da-virtude-desvenda-a-filosofia-das-artes-marciais-japonesas-no-museu-de-arte-de-brasilia\\\/\"]}]},{\"@type\":\"ImageObject\",\"inLanguage\":\"pt-BR\",\"@id\":\"https:\\\/\\\/arte351.pt\\\/art\\\/2024\\\/03\\\/12\\\/exposicao-do-a-caminho-da-virtude-desvenda-a-filosofia-das-artes-marciais-japonesas-no-museu-de-arte-de-brasilia\\\/#primaryimage\",\"url\":\"https:\\\/\\\/www.japanhousesp.com.br\\\/sites\\\/japanhouse.com.saopaulo\\\/files\\\/2020-08\\\/000030549.jpg\",\"contentUrl\":\"https:\\\/\\\/www.japanhousesp.com.br\\\/sites\\\/japanhouse.com.saopaulo\\\/files\\\/2020-08\\\/000030549.jpg\"},{\"@type\":\"BreadcrumbList\",\"@id\":\"https:\\\/\\\/arte351.pt\\\/art\\\/2024\\\/03\\\/12\\\/exposicao-do-a-caminho-da-virtude-desvenda-a-filosofia-das-artes-marciais-japonesas-no-museu-de-arte-de-brasilia\\\/#breadcrumb\",\"itemListElement\":[{\"@type\":\"ListItem\",\"position\":1,\"name\":\"In\u00edcio\",\"item\":\"https:\\\/\\\/arte351.pt\\\/art\\\/\"},{\"@type\":\"ListItem\",\"position\":2,\"name\":\"Exposi\u00e7\u00e3o \u201cD\u014c: A Caminho da Virtude\u201d Desvenda a Filosofia das Artes Marciais Japonesas no Museu de Arte de Bras\u00edlia\"}]},{\"@type\":\"WebSite\",\"@id\":\"https:\\\/\\\/arte351.pt\\\/art\\\/#website\",\"url\":\"https:\\\/\\\/arte351.pt\\\/art\\\/\",\"name\":\"Arte351 - Art Magazine Portugal\",\"description\":\"\",\"publisher\":{\"@id\":\"https:\\\/\\\/arte351.pt\\\/art\\\/#organization\"},\"potentialAction\":[{\"@type\":\"SearchAction\",\"target\":{\"@type\":\"EntryPoint\",\"urlTemplate\":\"https:\\\/\\\/arte351.pt\\\/art\\\/?s={search_term_string}\"},\"query-input\":{\"@type\":\"PropertyValueSpecification\",\"valueRequired\":true,\"valueName\":\"search_term_string\"}}],\"inLanguage\":\"pt-BR\"},{\"@type\":\"Organization\",\"@id\":\"https:\\\/\\\/arte351.pt\\\/art\\\/#organization\",\"name\":\"Arte351 - Art Magazine Portugal\",\"url\":\"https:\\\/\\\/arte351.pt\\\/art\\\/\",\"logo\":{\"@type\":\"ImageObject\",\"inLanguage\":\"pt-BR\",\"@id\":\"https:\\\/\\\/arte351.pt\\\/art\\\/#\\\/schema\\\/logo\\\/image\\\/\",\"url\":\"https:\\\/\\\/arte351.pt\\\/art\\\/wp-content\\\/uploads\\\/2020\\\/03\\\/cropped-logo-arte351-color.png\",\"contentUrl\":\"https:\\\/\\\/arte351.pt\\\/art\\\/wp-content\\\/uploads\\\/2020\\\/03\\\/cropped-logo-arte351-color.png\",\"width\":514,\"height\":200,\"caption\":\"Arte351 - Art Magazine Portugal\"},\"image\":{\"@id\":\"https:\\\/\\\/arte351.pt\\\/art\\\/#\\\/schema\\\/logo\\\/image\\\/\"},\"sameAs\":[\"https:\\\/\\\/www.facebook.com\\\/arte351magazine\\\/\"]},{\"@type\":\"Person\",\"@id\":\"https:\\\/\\\/arte351.pt\\\/art\\\/#\\\/schema\\\/person\\\/f2cfae59497206be61c53c217757b930\",\"name\":\"Equipa Arte351\",\"image\":{\"@type\":\"ImageObject\",\"inLanguage\":\"pt-BR\",\"@id\":\"https:\\\/\\\/secure.gravatar.com\\\/avatar\\\/6caca56323d52e15e83fc5635240c86f7e52fd46fa8d5df9a709d99f5aa1638e?s=96&d=mm&r=g\",\"url\":\"https:\\\/\\\/secure.gravatar.com\\\/avatar\\\/6caca56323d52e15e83fc5635240c86f7e52fd46fa8d5df9a709d99f5aa1638e?s=96&d=mm&r=g\",\"contentUrl\":\"https:\\\/\\\/secure.gravatar.com\\\/avatar\\\/6caca56323d52e15e83fc5635240c86f7e52fd46fa8d5df9a709d99f5aa1638e?s=96&d=mm&r=g\",\"caption\":\"Equipa Arte351\"},\"url\":\"https:\\\/\\\/arte351.pt\\\/art\\\/author\\\/caroleenbass\\\/\"}]}<\/script>\n<!-- \/ Yoast SEO plugin. -->","yoast_head_json":{"title":"Exposi\u00e7\u00e3o \u201cD\u014c: A Caminho da Virtude\u201d Desvenda a Filosofia das Artes Marciais Japonesas no Museu de Arte de Bras\u00edlia","description":"O\u00a0Museu de Arte de Bras\u00edlia (MAB)\u00a0est\u00e1 recebendo uma exposi\u00e7\u00e3o fascinante intitulada \u201cD\u014c: A Caminho da Virtude\u201d,","robots":{"index":"index","follow":"follow","max-snippet":"max-snippet:-1","max-image-preview":"max-image-preview:large","max-video-preview":"max-video-preview:-1"},"canonical":"https:\/\/arte351.pt\/art\/2024\/03\/12\/exposicao-do-a-caminho-da-virtude-desvenda-a-filosofia-das-artes-marciais-japonesas-no-museu-de-arte-de-brasilia\/","og_locale":"pt_BR","og_type":"article","og_title":"Exposi\u00e7\u00e3o \u201cD\u014c: A Caminho da Virtude\u201d Desvenda a Filosofia das Artes Marciais Japonesas no Museu de Arte de Bras\u00edlia","og_description":"O\u00a0Museu de Arte de Bras\u00edlia (MAB)\u00a0est\u00e1 recebendo uma exposi\u00e7\u00e3o fascinante intitulada \u201cD\u014c: A Caminho da Virtude\u201d,","og_url":"https:\/\/arte351.pt\/art\/2024\/03\/12\/exposicao-do-a-caminho-da-virtude-desvenda-a-filosofia-das-artes-marciais-japonesas-no-museu-de-arte-de-brasilia\/","og_site_name":"Arte351 - Art Magazine Portugal","article_publisher":"https:\/\/www.facebook.com\/arte351magazine\/","article_published_time":"2024-03-12T20:20:59+00:00","article_modified_time":"2025-03-10T20:36:04+00:00","og_image":[{"url":"https:\/\/www.japanhousesp.com.br\/sites\/japanhouse.com.saopaulo\/files\/2020-08\/000030549.jpg","type":"","width":"","height":""}],"author":"Equipa Arte351","twitter_misc":{"Escrito por":"Equipa Arte351","Est. tempo de leitura":"3 minutos"},"schema":{"@context":"https:\/\/schema.org","@graph":[{"@type":"Article","@id":"https:\/\/arte351.pt\/art\/2024\/03\/12\/exposicao-do-a-caminho-da-virtude-desvenda-a-filosofia-das-artes-marciais-japonesas-no-museu-de-arte-de-brasilia\/#article","isPartOf":{"@id":"https:\/\/arte351.pt\/art\/2024\/03\/12\/exposicao-do-a-caminho-da-virtude-desvenda-a-filosofia-das-artes-marciais-japonesas-no-museu-de-arte-de-brasilia\/"},"author":{"name":"Equipa Arte351","@id":"https:\/\/arte351.pt\/art\/#\/schema\/person\/f2cfae59497206be61c53c217757b930"},"headline":"Exposi\u00e7\u00e3o \u201cD\u014c: A Caminho da Virtude\u201d Desvenda a Filosofia das Artes Marciais Japonesas no Museu de Arte de Bras\u00edlia","datePublished":"2024-03-12T20:20:59+00:00","dateModified":"2025-03-10T20:36:04+00:00","mainEntityOfPage":{"@id":"https:\/\/arte351.pt\/art\/2024\/03\/12\/exposicao-do-a-caminho-da-virtude-desvenda-a-filosofia-das-artes-marciais-japonesas-no-museu-de-arte-de-brasilia\/"},"wordCount":388,"publisher":{"@id":"https:\/\/arte351.pt\/art\/#organization"},"image":{"@id":"https:\/\/arte351.pt\/art\/2024\/03\/12\/exposicao-do-a-caminho-da-virtude-desvenda-a-filosofia-das-artes-marciais-japonesas-no-museu-de-arte-de-brasilia\/#primaryimage"},"thumbnailUrl":"https:\/\/www.japanhousesp.com.br\/sites\/japanhouse.com.saopaulo\/files\/2020-08\/000030549.jpg","keywords":["Museu de Arte de Bras\u00edlia"],"articleSection":["Blog ARTE-351"],"inLanguage":"pt-BR"},{"@type":"WebPage","@id":"https:\/\/arte351.pt\/art\/2024\/03\/12\/exposicao-do-a-caminho-da-virtude-desvenda-a-filosofia-das-artes-marciais-japonesas-no-museu-de-arte-de-brasilia\/","url":"https:\/\/arte351.pt\/art\/2024\/03\/12\/exposicao-do-a-caminho-da-virtude-desvenda-a-filosofia-das-artes-marciais-japonesas-no-museu-de-arte-de-brasilia\/","name":"Exposi\u00e7\u00e3o \u201cD\u014c: A Caminho da Virtude\u201d Desvenda a Filosofia das Artes Marciais Japonesas no Museu de Arte de Bras\u00edlia","isPartOf":{"@id":"https:\/\/arte351.pt\/art\/#website"},"primaryImageOfPage":{"@id":"https:\/\/arte351.pt\/art\/2024\/03\/12\/exposicao-do-a-caminho-da-virtude-desvenda-a-filosofia-das-artes-marciais-japonesas-no-museu-de-arte-de-brasilia\/#primaryimage"},"image":{"@id":"https:\/\/arte351.pt\/art\/2024\/03\/12\/exposicao-do-a-caminho-da-virtude-desvenda-a-filosofia-das-artes-marciais-japonesas-no-museu-de-arte-de-brasilia\/#primaryimage"},"thumbnailUrl":"https:\/\/www.japanhousesp.com.br\/sites\/japanhouse.com.saopaulo\/files\/2020-08\/000030549.jpg","datePublished":"2024-03-12T20:20:59+00:00","dateModified":"2025-03-10T20:36:04+00:00","description":"O\u00a0Museu de Arte de Bras\u00edlia (MAB)\u00a0est\u00e1 recebendo uma exposi\u00e7\u00e3o fascinante intitulada \u201cD\u014c: A Caminho da Virtude\u201d,","breadcrumb":{"@id":"https:\/\/arte351.pt\/art\/2024\/03\/12\/exposicao-do-a-caminho-da-virtude-desvenda-a-filosofia-das-artes-marciais-japonesas-no-museu-de-arte-de-brasilia\/#breadcrumb"},"inLanguage":"pt-BR","potentialAction":[{"@type":"ReadAction","target":["https:\/\/arte351.pt\/art\/2024\/03\/12\/exposicao-do-a-caminho-da-virtude-desvenda-a-filosofia-das-artes-marciais-japonesas-no-museu-de-arte-de-brasilia\/"]}]},{"@type":"ImageObject","inLanguage":"pt-BR","@id":"https:\/\/arte351.pt\/art\/2024\/03\/12\/exposicao-do-a-caminho-da-virtude-desvenda-a-filosofia-das-artes-marciais-japonesas-no-museu-de-arte-de-brasilia\/#primaryimage","url":"https:\/\/www.japanhousesp.com.br\/sites\/japanhouse.com.saopaulo\/files\/2020-08\/000030549.jpg","contentUrl":"https:\/\/www.japanhousesp.com.br\/sites\/japanhouse.com.saopaulo\/files\/2020-08\/000030549.jpg"},{"@type":"BreadcrumbList","@id":"https:\/\/arte351.pt\/art\/2024\/03\/12\/exposicao-do-a-caminho-da-virtude-desvenda-a-filosofia-das-artes-marciais-japonesas-no-museu-de-arte-de-brasilia\/#breadcrumb","itemListElement":[{"@type":"ListItem","position":1,"name":"In\u00edcio","item":"https:\/\/arte351.pt\/art\/"},{"@type":"ListItem","position":2,"name":"Exposi\u00e7\u00e3o \u201cD\u014c: A Caminho da Virtude\u201d Desvenda a Filosofia das Artes Marciais Japonesas no Museu de Arte de Bras\u00edlia"}]},{"@type":"WebSite","@id":"https:\/\/arte351.pt\/art\/#website","url":"https:\/\/arte351.pt\/art\/","name":"Arte351 - Art Magazine Portugal","description":"","publisher":{"@id":"https:\/\/arte351.pt\/art\/#organization"},"potentialAction":[{"@type":"SearchAction","target":{"@type":"EntryPoint","urlTemplate":"https:\/\/arte351.pt\/art\/?s={search_term_string}"},"query-input":{"@type":"PropertyValueSpecification","valueRequired":true,"valueName":"search_term_string"}}],"inLanguage":"pt-BR"},{"@type":"Organization","@id":"https:\/\/arte351.pt\/art\/#organization","name":"Arte351 - Art Magazine Portugal","url":"https:\/\/arte351.pt\/art\/","logo":{"@type":"ImageObject","inLanguage":"pt-BR","@id":"https:\/\/arte351.pt\/art\/#\/schema\/logo\/image\/","url":"https:\/\/arte351.pt\/art\/wp-content\/uploads\/2020\/03\/cropped-logo-arte351-color.png","contentUrl":"https:\/\/arte351.pt\/art\/wp-content\/uploads\/2020\/03\/cropped-logo-arte351-color.png","width":514,"height":200,"caption":"Arte351 - Art Magazine Portugal"},"image":{"@id":"https:\/\/arte351.pt\/art\/#\/schema\/logo\/image\/"},"sameAs":["https:\/\/www.facebook.com\/arte351magazine\/"]},{"@type":"Person","@id":"https:\/\/arte351.pt\/art\/#\/schema\/person\/f2cfae59497206be61c53c217757b930","name":"Equipa Arte351","image":{"@type":"ImageObject","inLanguage":"pt-BR","@id":"https:\/\/secure.gravatar.com\/avatar\/6caca56323d52e15e83fc5635240c86f7e52fd46fa8d5df9a709d99f5aa1638e?s=96&d=mm&r=g","url":"https:\/\/secure.gravatar.com\/avatar\/6caca56323d52e15e83fc5635240c86f7e52fd46fa8d5df9a709d99f5aa1638e?s=96&d=mm&r=g","contentUrl":"https:\/\/secure.gravatar.com\/avatar\/6caca56323d52e15e83fc5635240c86f7e52fd46fa8d5df9a709d99f5aa1638e?s=96&d=mm&r=g","caption":"Equipa Arte351"},"url":"https:\/\/arte351.pt\/art\/author\/caroleenbass\/"}]}},"_links":{"self":[{"href":"https:\/\/arte351.pt\/art\/wp-json\/wp\/v2\/posts\/8531","targetHints":{"allow":["GET"]}}],"collection":[{"href":"https:\/\/arte351.pt\/art\/wp-json\/wp\/v2\/posts"}],"about":[{"href":"https:\/\/arte351.pt\/art\/wp-json\/wp\/v2\/types\/post"}],"author":[{"embeddable":true,"href":"https:\/\/arte351.pt\/art\/wp-json\/wp\/v2\/users\/3"}],"replies":[{"embeddable":true,"href":"https:\/\/arte351.pt\/art\/wp-json\/wp\/v2\/comments?post=8531"}],"version-history":[{"count":1,"href":"https:\/\/arte351.pt\/art\/wp-json\/wp\/v2\/posts\/8531\/revisions"}],"predecessor-version":[{"id":8532,"href":"https:\/\/arte351.pt\/art\/wp-json\/wp\/v2\/posts\/8531\/revisions\/8532"}],"wp:attachment":[{"href":"https:\/\/arte351.pt\/art\/wp-json\/wp\/v2\/media?parent=8531"}],"wp:term":[{"taxonomy":"category","embeddable":true,"href":"https:\/\/arte351.pt\/art\/wp-json\/wp\/v2\/categories?post=8531"},{"taxonomy":"post_tag","embeddable":true,"href":"https:\/\/arte351.pt\/art\/wp-json\/wp\/v2\/tags?post=8531"}],"curies":[{"name":"wp","href":"https:\/\/api.w.org\/{rel}","templated":true}]}}