{"id":861,"date":"2016-08-15T15:15:13","date_gmt":"2016-08-15T15:15:13","guid":{"rendered":"http:\/\/arte351.pt\/art\/?p=861"},"modified":"2016-08-23T21:58:57","modified_gmt":"2016-08-23T21:58:57","slug":"muro-de-som","status":"publish","type":"post","link":"https:\/\/arte351.pt\/art\/2016\/08\/15\/muro-de-som\/","title":{"rendered":"MURO DE SOM"},"content":{"rendered":"<figure class=\"thumbnail wp-caption alignright\" style=\"width: 424px\"><img fetchpriority=\"high\" decoding=\"async\" src=\"http:\/\/www.bolsadearte.com\/oparalelo\/wp-content\/uploads\/2016\/08\/15Bino%CC%81culos-Floriano-Romano-Foto-Mario-Grisolli-5683.jpg\" width=\"414\" height=\"325\" \/><figcaption class=\"caption wp-caption-text\">Bino\u0301culos, Floriano Romano | Foto: Mario-Grisolli<\/figcaption><\/figure>\n<p style=\"text-align: justify;\">Muro de som \u00e9 o projeto do artista Floriano Romano, sob curadoria de Guilherme Bueno, idealizado especialmente para o Centro Cultural Municipal Parque das Ru\u00ednas, no bairro de Santa Teresa, centro do Rio de Janeiro. O artista constr\u00f3i um ambiente sonoro dentro do mundo \u2013 uma casa sonora \u2013 atrav\u00e9s dos seguintes trabalhos:<\/p>\n<p>\u2013 C\u00fapulas sonoras [duas] estar\u00e3o na escada de acesso ao p\u00e1tio da casa. Elas contam hist\u00f3rias que apontam para um mundo poss\u00edvel e n\u00e3o para o que se passou na constru\u00e7\u00e3o. \u00c9 fic\u00e7\u00e3o e n\u00e3o documento;<\/p>\n<p>\u2013 Espregui\u00e7adeiras [tr\u00eas] se situam no mirante do Parque das Ru\u00ednas. S\u00e3o munidas de alto-falantes, na cabeceira, com som de mar, que contrasta com a paisagem, aqui entendida como ondas de luz. Romano prop\u00f5e o h\u00e1bito da escuta, deslocando o sonido do mar para a espregui\u00e7adeira;<\/p>\n<p>\u2013 Muro de som s\u00e3o duas paredes de 330 x 170cm instaladas no cora\u00e7\u00e3o da edifica\u00e7\u00e3o, com 32 alto-falantes incrustrados em cada uma, que emitem som de vento. Esse registro foi feito com a expira\u00e7\u00e3o do artista;<\/p>\n<p>\u2013 Bin\u00f3culos sonoros [tr\u00eas] ficam no ponto mais alto do pr\u00e9dio. Cada um aponta para uma ru\u00edna ou um castelo. Eles emitem hist\u00f3rias ficcionais, relacionando ru\u00ednas com mem\u00f3ria, com hist\u00f3ria e com sonho. Se o visitante quiser mover o bin\u00f3culo para al\u00e9m do limite determinado pelo artista, ouvir\u00e1 uma esp\u00e9cie de microfonia.<\/p>\n<p>A express\u00e3o \u201cmuro de som\u201d ficou conhecida na cultura popular pelas t\u00e9cnicas de grava\u00e7\u00e3o do produtor musical americano Phil Spector nos anos 1960|70. \u201cResumidamente, tratava-se de uma camada de fundo criada pela execu\u00e7\u00e3o de um mesmo som por v\u00e1rios m\u00fasicos, como em uma orquestra, com a particularidade de usar guitarras e outros instrumentos da m\u00fasica pop (sem abrir m\u00e3o de coros, conjuntos e instrumentos cl\u00e1ssicos), provocando a sensa\u00e7\u00e3o de ser envolvido por uma massa invis\u00edvel, uma atmosfera sonora\u201d, explica o curador Guilherme Bueno.<\/p>\n<p>Muro de Som foi contemplada pelo Programa de Fomento \u00e0 Cultura Carioca da Secretaria Municipal de Cultura (SMC).<\/p>\n<p><img decoding=\"async\" class=\"alignleft\" src=\"http:\/\/www.bolsadearte.com\/oparalelo\/wp-content\/uploads\/2016\/08\/15Floriano-Romano-5708-Foto-Mario-Grisolli.jpg\" alt=\"\" width=\"278\" height=\"216\" \/><strong>Sobre o artista<\/strong><\/p>\n<p style=\"text-align: justify;\">Floriano Romano nasceu no Rio de Janeiro,1969. Doutorando em Linguagens Visuais e professor-assistente de escultura na Escola de Belas Artes da UFRJ. Ele trabalha com interven\u00e7\u00f5es urbanas e sonoras, abertas \u00e0 participa\u00e7\u00e3o do p\u00fablico. Entre os pr\u00eamios e bolsas conquistados pelo artista est\u00e3o: Pr\u00eamio CCBB Contempor\u00e2neo e Programa de Fomento Viva a Arte da Prefeitura do RJ (2015), Pr\u00eamio Proj\u00e9teis de Arte Contempor\u00e2nea [Funarte] e o Pr\u00eamio Marcant\u00f4nio Vila\u00e7a, da Funarte (2012); Pr\u00eamio Intera\u00e7\u00f5es Est\u00e9ticas da Funarte com o trabalho \u201cSapatos Sonoros\u201d (2009) e Pr\u00eamio Proj\u00e9teis de Arte Contempor\u00e2nea com a performance Sample Way of Life\u201d (2008). Sua performance com a mochila sonora &#8220;Falante&#8221; foi premiada no Sal\u00e3o de Abril, Fortaleza, em 2007, e participou da coletiva &#8220;Futuro do Presente&#8221;, no Ita\u00fa Cultural S\u00e3o Paulo. Em 2000-1 ganhou a bolsa de Artista Residente pela C\u00e2mara Municipal do Porto, Portugal, e, em 2008, a Bolsa de Est\u00edmulo \u00e0s Artes Visuais da Funarte, com o projeto de interven\u00e7\u00e3o urbana &#8220;Lugares e Instantes&#8221;. Ele fez mostras individuais na Galeria Laura Alvim em 2013, \u201cSonar\u201d, no CCBB RJ, em 2016, \u201cErr\u00e2ncia\u201d e foi um dos participantes do projeto HOBRA &#8211; Resid\u00eancia Art\u00edstica Holanda Brasil, no Rio, tamb\u00e9m em 2016. Entre v\u00e1rias outras coletivas, Romano realizou, em 2011, o projeto INTRASOM no MAM Rio e participou das coletivas Panorama da Arte Brasileira no MAM SP e \u201cVoces Diferenciales\u201d, em Havana, Cuba. Em 2009 integrou a 7\u00aa Bienal do Mercosul, \u201cGrito e Escuta\u201d. Esteve na \u201cMostra Desenho das Ideias\u201d com a a\u00e7\u00e3o sonora \u201cCrude\u201d, de Guilherme Vaz, usando a arquitetura do museu como instrumento para a composi\u00e7\u00e3o, e na \u201cMostra Absurdo\u201d, com seus \u201cChuveiros Sonoros\u201d. Participou da coletiva \u201cDesenhos&amp;Di\u00e1logos\u201d em 2010, na Anita Schwartz, RJ, atrav\u00e9s da qual exp\u00f4s tamb\u00e9m na ArtRio 2011.<\/p>\n<p style=\"text-align: justify;\"><strong><em>De 14 de agosto a 25 de setembro.<\/em><\/strong><\/p>\n<p>&nbsp;<\/p>\n<h5 style=\"text-align: justify;\"><em><a href=\"https:\/\/arte351.pt\/art\/category\/colunistas-2\/colunistas\/\"><img decoding=\"async\" class=\"alignleft wp-image-398\" src=\"https:\/\/arte351.pt\/art\/wp-content\/uploads\/2016\/03\/avatar_renato_rosa-300x300.jpg\" alt=\"avatar_renato_rosa\" width=\"80\" height=\"80\" srcset=\"https:\/\/arte351.pt\/art\/wp-content\/uploads\/2016\/03\/avatar_renato_rosa-300x300.jpg 300w, https:\/\/arte351.pt\/art\/wp-content\/uploads\/2016\/03\/avatar_renato_rosa-150x150.jpg 150w, https:\/\/arte351.pt\/art\/wp-content\/uploads\/2016\/03\/avatar_renato_rosa.jpg 600w\" sizes=\"(max-width: 80px) 100vw, 80px\" \/><\/a><\/em><\/h5>\n<h5 style=\"text-align: justify;\"><em><a href=\"https:\/\/arte351.pt\/art\/category\/colunistas-2\/colunistas\/\">Coluna &#8211; <b class=\"gmail_sendername\">Renato Rosa<\/b><\/a><\/em><\/h5>\n<div>\n<h5 style=\"text-align: justify;\">Renato Rosa, brasileiro, S\u00e3o Gabriel, RS, Brasil, 1946. Marchand, pesquisador, editor do jornal cultural O PARALELO do site <a href=\"http:\/\/www.bolsadearte.com\/oparalelo\" target=\"_blank\">www.bolsadearte.com\/<wbr \/>oparalelo<\/a>, co-autor do \u201cDicion\u00e1rio de Artes Pl\u00e1sticas no Rio Grande do Sul\u201d, (2\u00aa edi\u00e7\u00e3o, 2000, esgotada) Editora da Universidade\/UFRGS.<\/h5>\n<\/div>\n","protected":false},"excerpt":{"rendered":"<p>Muro de som \u00e9 o projeto do artista Floriano Romano, sob curadoria de Guilherme Bueno, idealizado especialmente para o Centro Cultural Municipal Parque das Ru\u00ednas, no bairro de Santa Teresa, [&hellip;]<\/p>\n","protected":false},"author":34415,"featured_media":862,"comment_status":"open","ping_status":"open","sticky":false,"template":"","format":"standard","meta":{"_exactmetrics_skip_tracking":false,"_exactmetrics_sitenote_active":false,"_exactmetrics_sitenote_note":"","_exactmetrics_sitenote_category":0,"_uf_show_specific_survey":0,"_uf_disable_surveys":false,"footnotes":""},"categories":[7],"tags":[],"class_list":["post-861","post","type-post","status-publish","format-standard","has-post-thumbnail","hentry","category-colunistas"],"yoast_head":"<!-- This site is optimized with the Yoast SEO plugin v27.3 - https:\/\/yoast.com\/product\/yoast-seo-wordpress\/ -->\n<title>MURO DE SOM - Arte351 - Art Magazine Portugal<\/title>\n<meta name=\"robots\" content=\"index, follow, max-snippet:-1, max-image-preview:large, max-video-preview:-1\" \/>\n<link rel=\"canonical\" href=\"https:\/\/arte351.pt\/art\/2016\/08\/15\/muro-de-som\/\" \/>\n<meta property=\"og:locale\" content=\"pt_BR\" \/>\n<meta property=\"og:type\" content=\"article\" \/>\n<meta property=\"og:title\" content=\"MURO DE SOM - Arte351 - Art Magazine Portugal\" \/>\n<meta property=\"og:description\" content=\"Muro de som \u00e9 o projeto do artista Floriano Romano, sob curadoria de Guilherme Bueno, idealizado especialmente para o Centro Cultural Municipal Parque das Ru\u00ednas, no bairro de Santa Teresa, [&hellip;]\" \/>\n<meta property=\"og:url\" content=\"https:\/\/arte351.pt\/art\/2016\/08\/15\/muro-de-som\/\" \/>\n<meta property=\"og:site_name\" content=\"Arte351 - Art Magazine Portugal\" \/>\n<meta property=\"article:publisher\" content=\"https:\/\/www.facebook.com\/arte351magazine\/\" \/>\n<meta property=\"article:published_time\" content=\"2016-08-15T15:15:13+00:00\" \/>\n<meta property=\"article:modified_time\" content=\"2016-08-23T21:58:57+00:00\" \/>\n<meta property=\"og:image\" content=\"https:\/\/arte351.pt\/art\/wp-content\/uploads\/2016\/08\/trut_015.jpg\" \/>\n\t<meta property=\"og:image:width\" content=\"1280\" \/>\n\t<meta property=\"og:image:height\" content=\"600\" \/>\n\t<meta property=\"og:image:type\" content=\"image\/jpeg\" \/>\n<meta name=\"author\" content=\"Equipa Arte 351\" \/>\n<meta name=\"twitter:label1\" content=\"Escrito por\" \/>\n\t<meta name=\"twitter:data1\" content=\"Equipa Arte 351\" \/>\n\t<meta name=\"twitter:label2\" content=\"Est. tempo de leitura\" \/>\n\t<meta name=\"twitter:data2\" content=\"4 minutos\" \/>\n<script type=\"application\/ld+json\" class=\"yoast-schema-graph\">{\"@context\":\"https:\\\/\\\/schema.org\",\"@graph\":[{\"@type\":\"Article\",\"@id\":\"https:\\\/\\\/arte351.pt\\\/art\\\/2016\\\/08\\\/15\\\/muro-de-som\\\/#article\",\"isPartOf\":{\"@id\":\"https:\\\/\\\/arte351.pt\\\/art\\\/2016\\\/08\\\/15\\\/muro-de-som\\\/\"},\"author\":{\"name\":\"Equipa Arte 351\",\"@id\":\"https:\\\/\\\/arte351.pt\\\/art\\\/#\\\/schema\\\/person\\\/1d081d5dbc7c2a3f2317da95c823a5bd\"},\"headline\":\"MURO DE SOM\",\"datePublished\":\"2016-08-15T15:15:13+00:00\",\"dateModified\":\"2016-08-23T21:58:57+00:00\",\"mainEntityOfPage\":{\"@id\":\"https:\\\/\\\/arte351.pt\\\/art\\\/2016\\\/08\\\/15\\\/muro-de-som\\\/\"},\"wordCount\":738,\"commentCount\":0,\"publisher\":{\"@id\":\"https:\\\/\\\/arte351.pt\\\/art\\\/#organization\"},\"image\":{\"@id\":\"https:\\\/\\\/arte351.pt\\\/art\\\/2016\\\/08\\\/15\\\/muro-de-som\\\/#primaryimage\"},\"thumbnailUrl\":\"https:\\\/\\\/arte351.pt\\\/art\\\/wp-content\\\/uploads\\\/2016\\\/08\\\/trut_015.jpg\",\"articleSection\":[\"Coluna - Renato Rosa\"],\"inLanguage\":\"pt-BR\",\"potentialAction\":[{\"@type\":\"CommentAction\",\"name\":\"Comment\",\"target\":[\"https:\\\/\\\/arte351.pt\\\/art\\\/2016\\\/08\\\/15\\\/muro-de-som\\\/#respond\"]}]},{\"@type\":\"WebPage\",\"@id\":\"https:\\\/\\\/arte351.pt\\\/art\\\/2016\\\/08\\\/15\\\/muro-de-som\\\/\",\"url\":\"https:\\\/\\\/arte351.pt\\\/art\\\/2016\\\/08\\\/15\\\/muro-de-som\\\/\",\"name\":\"MURO DE SOM - Arte351 - Art Magazine Portugal\",\"isPartOf\":{\"@id\":\"https:\\\/\\\/arte351.pt\\\/art\\\/#website\"},\"primaryImageOfPage\":{\"@id\":\"https:\\\/\\\/arte351.pt\\\/art\\\/2016\\\/08\\\/15\\\/muro-de-som\\\/#primaryimage\"},\"image\":{\"@id\":\"https:\\\/\\\/arte351.pt\\\/art\\\/2016\\\/08\\\/15\\\/muro-de-som\\\/#primaryimage\"},\"thumbnailUrl\":\"https:\\\/\\\/arte351.pt\\\/art\\\/wp-content\\\/uploads\\\/2016\\\/08\\\/trut_015.jpg\",\"datePublished\":\"2016-08-15T15:15:13+00:00\",\"dateModified\":\"2016-08-23T21:58:57+00:00\",\"breadcrumb\":{\"@id\":\"https:\\\/\\\/arte351.pt\\\/art\\\/2016\\\/08\\\/15\\\/muro-de-som\\\/#breadcrumb\"},\"inLanguage\":\"pt-BR\",\"potentialAction\":[{\"@type\":\"ReadAction\",\"target\":[\"https:\\\/\\\/arte351.pt\\\/art\\\/2016\\\/08\\\/15\\\/muro-de-som\\\/\"]}]},{\"@type\":\"ImageObject\",\"inLanguage\":\"pt-BR\",\"@id\":\"https:\\\/\\\/arte351.pt\\\/art\\\/2016\\\/08\\\/15\\\/muro-de-som\\\/#primaryimage\",\"url\":\"https:\\\/\\\/arte351.pt\\\/art\\\/wp-content\\\/uploads\\\/2016\\\/08\\\/trut_015.jpg\",\"contentUrl\":\"https:\\\/\\\/arte351.pt\\\/art\\\/wp-content\\\/uploads\\\/2016\\\/08\\\/trut_015.jpg\",\"width\":1280,\"height\":600},{\"@type\":\"BreadcrumbList\",\"@id\":\"https:\\\/\\\/arte351.pt\\\/art\\\/2016\\\/08\\\/15\\\/muro-de-som\\\/#breadcrumb\",\"itemListElement\":[{\"@type\":\"ListItem\",\"position\":1,\"name\":\"In\u00edcio\",\"item\":\"https:\\\/\\\/arte351.pt\\\/art\\\/\"},{\"@type\":\"ListItem\",\"position\":2,\"name\":\"MURO DE SOM\"}]},{\"@type\":\"WebSite\",\"@id\":\"https:\\\/\\\/arte351.pt\\\/art\\\/#website\",\"url\":\"https:\\\/\\\/arte351.pt\\\/art\\\/\",\"name\":\"Arte351 - Art Magazine Portugal\",\"description\":\"\",\"publisher\":{\"@id\":\"https:\\\/\\\/arte351.pt\\\/art\\\/#organization\"},\"potentialAction\":[{\"@type\":\"SearchAction\",\"target\":{\"@type\":\"EntryPoint\",\"urlTemplate\":\"https:\\\/\\\/arte351.pt\\\/art\\\/?s={search_term_string}\"},\"query-input\":{\"@type\":\"PropertyValueSpecification\",\"valueRequired\":true,\"valueName\":\"search_term_string\"}}],\"inLanguage\":\"pt-BR\"},{\"@type\":\"Organization\",\"@id\":\"https:\\\/\\\/arte351.pt\\\/art\\\/#organization\",\"name\":\"Arte351 - Art Magazine Portugal\",\"url\":\"https:\\\/\\\/arte351.pt\\\/art\\\/\",\"logo\":{\"@type\":\"ImageObject\",\"inLanguage\":\"pt-BR\",\"@id\":\"https:\\\/\\\/arte351.pt\\\/art\\\/#\\\/schema\\\/logo\\\/image\\\/\",\"url\":\"https:\\\/\\\/arte351.pt\\\/art\\\/wp-content\\\/uploads\\\/2020\\\/03\\\/cropped-logo-arte351-color.png\",\"contentUrl\":\"https:\\\/\\\/arte351.pt\\\/art\\\/wp-content\\\/uploads\\\/2020\\\/03\\\/cropped-logo-arte351-color.png\",\"width\":514,\"height\":200,\"caption\":\"Arte351 - Art Magazine Portugal\"},\"image\":{\"@id\":\"https:\\\/\\\/arte351.pt\\\/art\\\/#\\\/schema\\\/logo\\\/image\\\/\"},\"sameAs\":[\"https:\\\/\\\/www.facebook.com\\\/arte351magazine\\\/\"]},{\"@type\":\"Person\",\"@id\":\"https:\\\/\\\/arte351.pt\\\/art\\\/#\\\/schema\\\/person\\\/1d081d5dbc7c2a3f2317da95c823a5bd\",\"name\":\"Equipa Arte 351\",\"image\":{\"@type\":\"ImageObject\",\"inLanguage\":\"pt-BR\",\"@id\":\"https:\\\/\\\/secure.gravatar.com\\\/avatar\\\/3f97e62c832ede8fafe5d2f9e31f8a055e187b6b31056d1e065d95e034db52e2?s=96&d=mm&r=g\",\"url\":\"https:\\\/\\\/secure.gravatar.com\\\/avatar\\\/3f97e62c832ede8fafe5d2f9e31f8a055e187b6b31056d1e065d95e034db52e2?s=96&d=mm&r=g\",\"contentUrl\":\"https:\\\/\\\/secure.gravatar.com\\\/avatar\\\/3f97e62c832ede8fafe5d2f9e31f8a055e187b6b31056d1e065d95e034db52e2?s=96&d=mm&r=g\",\"caption\":\"Equipa Arte 351\"},\"url\":\"https:\\\/\\\/arte351.pt\\\/art\\\/author\\\/admin2\\\/\"}]}<\/script>\n<!-- \/ Yoast SEO plugin. -->","yoast_head_json":{"title":"MURO DE SOM - Arte351 - Art Magazine Portugal","robots":{"index":"index","follow":"follow","max-snippet":"max-snippet:-1","max-image-preview":"max-image-preview:large","max-video-preview":"max-video-preview:-1"},"canonical":"https:\/\/arte351.pt\/art\/2016\/08\/15\/muro-de-som\/","og_locale":"pt_BR","og_type":"article","og_title":"MURO DE SOM - Arte351 - Art Magazine Portugal","og_description":"Muro de som \u00e9 o projeto do artista Floriano Romano, sob curadoria de Guilherme Bueno, idealizado especialmente para o Centro Cultural Municipal Parque das Ru\u00ednas, no bairro de Santa Teresa, [&hellip;]","og_url":"https:\/\/arte351.pt\/art\/2016\/08\/15\/muro-de-som\/","og_site_name":"Arte351 - Art Magazine Portugal","article_publisher":"https:\/\/www.facebook.com\/arte351magazine\/","article_published_time":"2016-08-15T15:15:13+00:00","article_modified_time":"2016-08-23T21:58:57+00:00","og_image":[{"width":1280,"height":600,"url":"https:\/\/arte351.pt\/art\/wp-content\/uploads\/2016\/08\/trut_015.jpg","type":"image\/jpeg"}],"author":"Equipa Arte 351","twitter_misc":{"Escrito por":"Equipa Arte 351","Est. tempo de leitura":"4 minutos"},"schema":{"@context":"https:\/\/schema.org","@graph":[{"@type":"Article","@id":"https:\/\/arte351.pt\/art\/2016\/08\/15\/muro-de-som\/#article","isPartOf":{"@id":"https:\/\/arte351.pt\/art\/2016\/08\/15\/muro-de-som\/"},"author":{"name":"Equipa Arte 351","@id":"https:\/\/arte351.pt\/art\/#\/schema\/person\/1d081d5dbc7c2a3f2317da95c823a5bd"},"headline":"MURO DE SOM","datePublished":"2016-08-15T15:15:13+00:00","dateModified":"2016-08-23T21:58:57+00:00","mainEntityOfPage":{"@id":"https:\/\/arte351.pt\/art\/2016\/08\/15\/muro-de-som\/"},"wordCount":738,"commentCount":0,"publisher":{"@id":"https:\/\/arte351.pt\/art\/#organization"},"image":{"@id":"https:\/\/arte351.pt\/art\/2016\/08\/15\/muro-de-som\/#primaryimage"},"thumbnailUrl":"https:\/\/arte351.pt\/art\/wp-content\/uploads\/2016\/08\/trut_015.jpg","articleSection":["Coluna - Renato Rosa"],"inLanguage":"pt-BR","potentialAction":[{"@type":"CommentAction","name":"Comment","target":["https:\/\/arte351.pt\/art\/2016\/08\/15\/muro-de-som\/#respond"]}]},{"@type":"WebPage","@id":"https:\/\/arte351.pt\/art\/2016\/08\/15\/muro-de-som\/","url":"https:\/\/arte351.pt\/art\/2016\/08\/15\/muro-de-som\/","name":"MURO DE SOM - Arte351 - Art Magazine Portugal","isPartOf":{"@id":"https:\/\/arte351.pt\/art\/#website"},"primaryImageOfPage":{"@id":"https:\/\/arte351.pt\/art\/2016\/08\/15\/muro-de-som\/#primaryimage"},"image":{"@id":"https:\/\/arte351.pt\/art\/2016\/08\/15\/muro-de-som\/#primaryimage"},"thumbnailUrl":"https:\/\/arte351.pt\/art\/wp-content\/uploads\/2016\/08\/trut_015.jpg","datePublished":"2016-08-15T15:15:13+00:00","dateModified":"2016-08-23T21:58:57+00:00","breadcrumb":{"@id":"https:\/\/arte351.pt\/art\/2016\/08\/15\/muro-de-som\/#breadcrumb"},"inLanguage":"pt-BR","potentialAction":[{"@type":"ReadAction","target":["https:\/\/arte351.pt\/art\/2016\/08\/15\/muro-de-som\/"]}]},{"@type":"ImageObject","inLanguage":"pt-BR","@id":"https:\/\/arte351.pt\/art\/2016\/08\/15\/muro-de-som\/#primaryimage","url":"https:\/\/arte351.pt\/art\/wp-content\/uploads\/2016\/08\/trut_015.jpg","contentUrl":"https:\/\/arte351.pt\/art\/wp-content\/uploads\/2016\/08\/trut_015.jpg","width":1280,"height":600},{"@type":"BreadcrumbList","@id":"https:\/\/arte351.pt\/art\/2016\/08\/15\/muro-de-som\/#breadcrumb","itemListElement":[{"@type":"ListItem","position":1,"name":"In\u00edcio","item":"https:\/\/arte351.pt\/art\/"},{"@type":"ListItem","position":2,"name":"MURO DE SOM"}]},{"@type":"WebSite","@id":"https:\/\/arte351.pt\/art\/#website","url":"https:\/\/arte351.pt\/art\/","name":"Arte351 - Art Magazine Portugal","description":"","publisher":{"@id":"https:\/\/arte351.pt\/art\/#organization"},"potentialAction":[{"@type":"SearchAction","target":{"@type":"EntryPoint","urlTemplate":"https:\/\/arte351.pt\/art\/?s={search_term_string}"},"query-input":{"@type":"PropertyValueSpecification","valueRequired":true,"valueName":"search_term_string"}}],"inLanguage":"pt-BR"},{"@type":"Organization","@id":"https:\/\/arte351.pt\/art\/#organization","name":"Arte351 - Art Magazine Portugal","url":"https:\/\/arte351.pt\/art\/","logo":{"@type":"ImageObject","inLanguage":"pt-BR","@id":"https:\/\/arte351.pt\/art\/#\/schema\/logo\/image\/","url":"https:\/\/arte351.pt\/art\/wp-content\/uploads\/2020\/03\/cropped-logo-arte351-color.png","contentUrl":"https:\/\/arte351.pt\/art\/wp-content\/uploads\/2020\/03\/cropped-logo-arte351-color.png","width":514,"height":200,"caption":"Arte351 - Art Magazine Portugal"},"image":{"@id":"https:\/\/arte351.pt\/art\/#\/schema\/logo\/image\/"},"sameAs":["https:\/\/www.facebook.com\/arte351magazine\/"]},{"@type":"Person","@id":"https:\/\/arte351.pt\/art\/#\/schema\/person\/1d081d5dbc7c2a3f2317da95c823a5bd","name":"Equipa Arte 351","image":{"@type":"ImageObject","inLanguage":"pt-BR","@id":"https:\/\/secure.gravatar.com\/avatar\/3f97e62c832ede8fafe5d2f9e31f8a055e187b6b31056d1e065d95e034db52e2?s=96&d=mm&r=g","url":"https:\/\/secure.gravatar.com\/avatar\/3f97e62c832ede8fafe5d2f9e31f8a055e187b6b31056d1e065d95e034db52e2?s=96&d=mm&r=g","contentUrl":"https:\/\/secure.gravatar.com\/avatar\/3f97e62c832ede8fafe5d2f9e31f8a055e187b6b31056d1e065d95e034db52e2?s=96&d=mm&r=g","caption":"Equipa Arte 351"},"url":"https:\/\/arte351.pt\/art\/author\/admin2\/"}]}},"_links":{"self":[{"href":"https:\/\/arte351.pt\/art\/wp-json\/wp\/v2\/posts\/861","targetHints":{"allow":["GET"]}}],"collection":[{"href":"https:\/\/arte351.pt\/art\/wp-json\/wp\/v2\/posts"}],"about":[{"href":"https:\/\/arte351.pt\/art\/wp-json\/wp\/v2\/types\/post"}],"author":[{"embeddable":true,"href":"https:\/\/arte351.pt\/art\/wp-json\/wp\/v2\/users\/34415"}],"replies":[{"embeddable":true,"href":"https:\/\/arte351.pt\/art\/wp-json\/wp\/v2\/comments?post=861"}],"version-history":[{"count":1,"href":"https:\/\/arte351.pt\/art\/wp-json\/wp\/v2\/posts\/861\/revisions"}],"predecessor-version":[{"id":863,"href":"https:\/\/arte351.pt\/art\/wp-json\/wp\/v2\/posts\/861\/revisions\/863"}],"wp:featuredmedia":[{"embeddable":true,"href":"https:\/\/arte351.pt\/art\/wp-json\/wp\/v2\/media\/862"}],"wp:attachment":[{"href":"https:\/\/arte351.pt\/art\/wp-json\/wp\/v2\/media?parent=861"}],"wp:term":[{"taxonomy":"category","embeddable":true,"href":"https:\/\/arte351.pt\/art\/wp-json\/wp\/v2\/categories?post=861"},{"taxonomy":"post_tag","embeddable":true,"href":"https:\/\/arte351.pt\/art\/wp-json\/wp\/v2\/tags?post=861"}],"curies":[{"name":"wp","href":"https:\/\/api.w.org\/{rel}","templated":true}]}}