{"id":8647,"date":"2024-05-27T21:17:29","date_gmt":"2024-05-27T21:17:29","guid":{"rendered":"https:\/\/arte351.pt\/art\/?p=8647"},"modified":"2024-05-30T21:22:14","modified_gmt":"2024-05-30T21:22:14","slug":"festival-lingua-terra-regressa-a-setubal-com-concertos-cinema-e-exposicao-de-artes-plasticas","status":"publish","type":"post","link":"https:\/\/arte351.pt\/art\/2024\/05\/27\/festival-lingua-terra-regressa-a-setubal-com-concertos-cinema-e-exposicao-de-artes-plasticas\/","title":{"rendered":"Festival L\u00edngua Terra Regressa a Set\u00fabal com Concertos, Cinema e Exposi\u00e7\u00e3o de Artes Pl\u00e1sticas"},"content":{"rendered":"<p><em>Evento multicultural celebra a l\u00edngua portuguesa e re\u00fane artistas internacionais entre 1 e 8 de junho<\/em><\/p>\n<p>O Festival L\u00edngua Terra est\u00e1 de volta para a sua 4\u00aa edi\u00e7\u00e3o, trazendo uma semana repleta de m\u00fasica, cinema e artes pl\u00e1sticas em Set\u00fabal. De 1 a 8 de junho, o evento vai promover a diversidade cultural e lingu\u00edstica atrav\u00e9s de um cartaz recheado de atra\u00e7\u00f5es internacionais, celebrando a l\u00edngua portuguesa como elo de uni\u00e3o.<\/p>\n<p>O festival ter\u00e1 como palco principal o F\u00f3rum Municipal Lu\u00edsa Todi, onde artistas de renome, como Mart\u2019nalia e Moska (Brasil), Karyna Gomes (Guin\u00e9-Bissau), Princezito (Cabo Verde), Renma (Guin\u00e9-Bissau), Prod\u00edgio (Angola), Tigan\u00e1 Santana (Brasil), Mayra Andrade (Cabo Verde) e Lenna Bahule (Mo\u00e7ambique), se apresentar\u00e3o em concertos especiais.<\/p>\n<p><strong>Programa\u00e7\u00e3o de Concertos:<\/strong><\/p>\n<ul>\n<li><strong>1 de junho:<\/strong> Mart\u2019nalia e Moska (Brasil) | 21h30 | Bilhetes: 20,00 \u20ac<\/li>\n<li><strong>7 de junho:<\/strong> Karyna Gomes convida Princezito, Renma e Prod\u00edgio (Guin\u00e9-Bissau, Cabo Verde, Angola) | 21h30 | Bilhetes: 10,00 \u20ac<\/li>\n<li><strong>8 de junho:<\/strong> Tigan\u00e1 Santana convida Mayra Andrade e Lenna Bahule (Brasil, Cabo Verde, Mo\u00e7ambique) | 21h30 | Bilhetes: 20,00 \u20ac<\/li>\n<\/ul>\n<p>Al\u00e9m dos concertos, a programa\u00e7\u00e3o do festival inclui um ciclo de cinema na Casa das Imagens Lauro Ant\u00f3nio, com sess\u00f5es gratuitas que destacam a multiculturalidade e a riqueza da l\u00edngua portuguesa. Entre os filmes em exibi\u00e7\u00e3o, est\u00e1 &#8220;Il\u00fa Ob\u00e1 De Min&#8221;, uma homenagem \u00e0 ic\u00f4nica cantora Elza Soares, e &#8220;Frevo Michiles&#8221;, que celebra a carreira do compositor Jota Michiles.<\/p>\n<p><strong>Ciclo de Cinema:<\/strong><\/p>\n<ul>\n<li><strong>1 de junho:<\/strong> &#8220;Il\u00fa Ob\u00e1 De Min&#8221; &#8211; Homenagem \u00e0 Elza Soares | 16h00<\/li>\n<li><strong>5 de junho:<\/strong> &#8220;Pipoca Moderna&#8221; | 16h00<\/li>\n<li><strong>7 de junho:<\/strong> &#8220;Frevo Michiles&#8221; | 16h00<\/li>\n<\/ul>\n<p>A Casa das Imagens Lauro Ant\u00f3nio tamb\u00e9m acolher\u00e1 a exposi\u00e7\u00e3o do artista pl\u00e1stico Sidney Cerqueira, nascido na Guin\u00e9-Bissau e radicado em Portugal. Suas obras abordam quest\u00f5es sociais e ser\u00e3o apresentadas em uma mostra que abre no dia 7 de junho.<\/p>\n<p>A diretora art\u00edstica do L\u00edngua Terra, M\u00f4nica Cosas, destaca a import\u00e2ncia do festival como uma plataforma para criar conex\u00f5es po\u00e9ticas e est\u00e9ticas entre \u00c1frica, Europa e Am\u00e9rica Latina, promovendo reflex\u00f5es sobre a diversidade cultural. Para o vereador da Cultura de Set\u00fabal, Pedro Pina, o festival \u00e9 essencial para promover a compreens\u00e3o e a proximidade entre as culturas dos pa\u00edses de l\u00edngua portuguesa.<\/p>\n<p>O Festival L\u00edngua Terra \u00e9 promovido pela C\u00e2mara Municipal de Set\u00fabal, com apoio da Iberm\u00fasicas e co-financiamento da DGARTES no \u00e2mbito da RTCP. Os bilhetes para os concertos podem ser adquiridos em <a href=\"http:\/\/www.bol.pt\" target=\"_new\" rel=\"noreferrer noopener\">www.bol.pt<\/a> ou presencialmente no local. A entrada para as sess\u00f5es de cinema e a exposi\u00e7\u00e3o \u00e9 gratuita, sujeita \u00e0 lota\u00e7\u00e3o da sala. Para reservas, envie um e-mail para <a rel=\"noreferrer\">casadasimagens@mun-setubal.pt<\/a>.<\/p>\n","protected":false},"excerpt":{"rendered":"<p>Evento multicultural celebra a l\u00edngua portuguesa e re\u00fane artistas internacionais entre 1 e 8 de junho O Festival L\u00edngua Terra est\u00e1 de volta para a sua 4\u00aa edi\u00e7\u00e3o, trazendo uma [&hellip;]<\/p>\n","protected":false},"author":3,"featured_media":8648,"comment_status":"closed","ping_status":"closed","sticky":false,"template":"","format":"standard","meta":{"_exactmetrics_skip_tracking":false,"_exactmetrics_sitenote_active":false,"_exactmetrics_sitenote_note":"","_exactmetrics_sitenote_category":0,"_uf_show_specific_survey":0,"_uf_disable_surveys":false,"footnotes":""},"categories":[1],"tags":[1859],"class_list":["post-8647","post","type-post","status-publish","format-standard","has-post-thumbnail","hentry","category-sem-categoria","tag-festival-lingua-terra"],"yoast_head":"<!-- This site is optimized with the Yoast SEO plugin v27.3 - https:\/\/yoast.com\/product\/yoast-seo-wordpress\/ -->\n<title>Festival L\u00edngua Terra Regressa a Set\u00fabal com Concertos, Cinema e Exposi\u00e7\u00e3o de Artes Pl\u00e1sticas<\/title>\n<meta name=\"description\" content=\"O Festival L\u00edngua Terra \u00e9 promovido pela C\u00e2mara Municipal de Set\u00fabal, com apoio da Iberm\u00fasicas e... leia mais aqui..\" \/>\n<meta name=\"robots\" content=\"index, follow, max-snippet:-1, max-image-preview:large, max-video-preview:-1\" \/>\n<link rel=\"canonical\" href=\"https:\/\/arte351.pt\/art\/2024\/05\/27\/festival-lingua-terra-regressa-a-setubal-com-concertos-cinema-e-exposicao-de-artes-plasticas\/\" \/>\n<meta property=\"og:locale\" content=\"pt_BR\" \/>\n<meta property=\"og:type\" content=\"article\" \/>\n<meta property=\"og:title\" content=\"Festival L\u00edngua Terra Regressa a Set\u00fabal com Concertos, Cinema e Exposi\u00e7\u00e3o de Artes Pl\u00e1sticas\" \/>\n<meta property=\"og:description\" content=\"O Festival L\u00edngua Terra \u00e9 promovido pela C\u00e2mara Municipal de Set\u00fabal, com apoio da Iberm\u00fasicas e... leia mais aqui..\" \/>\n<meta property=\"og:url\" content=\"https:\/\/arte351.pt\/art\/2024\/05\/27\/festival-lingua-terra-regressa-a-setubal-com-concertos-cinema-e-exposicao-de-artes-plasticas\/\" \/>\n<meta property=\"og:site_name\" content=\"Arte351 - Art Magazine Portugal\" \/>\n<meta property=\"article:publisher\" content=\"https:\/\/www.facebook.com\/arte351magazine\/\" \/>\n<meta property=\"article:published_time\" content=\"2024-05-27T21:17:29+00:00\" \/>\n<meta property=\"article:modified_time\" content=\"2024-05-30T21:22:14+00:00\" \/>\n<meta property=\"og:image\" content=\"https:\/\/arte351.pt\/art\/wp-content\/uploads\/2024\/05\/Festival-Lingua-Terra.jpg\" \/>\n\t<meta property=\"og:image:width\" content=\"1200\" \/>\n\t<meta property=\"og:image:height\" content=\"578\" \/>\n\t<meta property=\"og:image:type\" content=\"image\/jpeg\" \/>\n<meta name=\"author\" content=\"Equipa Arte351\" \/>\n<meta name=\"twitter:label1\" content=\"Escrito por\" \/>\n\t<meta name=\"twitter:data1\" content=\"Equipa Arte351\" \/>\n\t<meta name=\"twitter:label2\" content=\"Est. tempo de leitura\" \/>\n\t<meta name=\"twitter:data2\" content=\"3 minutos\" \/>\n<script type=\"application\/ld+json\" class=\"yoast-schema-graph\">{\"@context\":\"https:\\\/\\\/schema.org\",\"@graph\":[{\"@type\":\"Article\",\"@id\":\"https:\\\/\\\/arte351.pt\\\/art\\\/2024\\\/05\\\/27\\\/festival-lingua-terra-regressa-a-setubal-com-concertos-cinema-e-exposicao-de-artes-plasticas\\\/#article\",\"isPartOf\":{\"@id\":\"https:\\\/\\\/arte351.pt\\\/art\\\/2024\\\/05\\\/27\\\/festival-lingua-terra-regressa-a-setubal-com-concertos-cinema-e-exposicao-de-artes-plasticas\\\/\"},\"author\":{\"name\":\"Equipa Arte351\",\"@id\":\"https:\\\/\\\/arte351.pt\\\/art\\\/#\\\/schema\\\/person\\\/f2cfae59497206be61c53c217757b930\"},\"headline\":\"Festival L\u00edngua Terra Regressa a Set\u00fabal com Concertos, Cinema e Exposi\u00e7\u00e3o de Artes Pl\u00e1sticas\",\"datePublished\":\"2024-05-27T21:17:29+00:00\",\"dateModified\":\"2024-05-30T21:22:14+00:00\",\"mainEntityOfPage\":{\"@id\":\"https:\\\/\\\/arte351.pt\\\/art\\\/2024\\\/05\\\/27\\\/festival-lingua-terra-regressa-a-setubal-com-concertos-cinema-e-exposicao-de-artes-plasticas\\\/\"},\"wordCount\":475,\"publisher\":{\"@id\":\"https:\\\/\\\/arte351.pt\\\/art\\\/#organization\"},\"image\":{\"@id\":\"https:\\\/\\\/arte351.pt\\\/art\\\/2024\\\/05\\\/27\\\/festival-lingua-terra-regressa-a-setubal-com-concertos-cinema-e-exposicao-de-artes-plasticas\\\/#primaryimage\"},\"thumbnailUrl\":\"https:\\\/\\\/arte351.pt\\\/art\\\/wp-content\\\/uploads\\\/2024\\\/05\\\/Festival-Lingua-Terra.jpg\",\"keywords\":[\"Festival L\u00edngua Terra\"],\"articleSection\":[\"Blog ARTE-351\"],\"inLanguage\":\"pt-BR\"},{\"@type\":\"WebPage\",\"@id\":\"https:\\\/\\\/arte351.pt\\\/art\\\/2024\\\/05\\\/27\\\/festival-lingua-terra-regressa-a-setubal-com-concertos-cinema-e-exposicao-de-artes-plasticas\\\/\",\"url\":\"https:\\\/\\\/arte351.pt\\\/art\\\/2024\\\/05\\\/27\\\/festival-lingua-terra-regressa-a-setubal-com-concertos-cinema-e-exposicao-de-artes-plasticas\\\/\",\"name\":\"Festival L\u00edngua Terra Regressa a Set\u00fabal com Concertos, Cinema e Exposi\u00e7\u00e3o de Artes Pl\u00e1sticas\",\"isPartOf\":{\"@id\":\"https:\\\/\\\/arte351.pt\\\/art\\\/#website\"},\"primaryImageOfPage\":{\"@id\":\"https:\\\/\\\/arte351.pt\\\/art\\\/2024\\\/05\\\/27\\\/festival-lingua-terra-regressa-a-setubal-com-concertos-cinema-e-exposicao-de-artes-plasticas\\\/#primaryimage\"},\"image\":{\"@id\":\"https:\\\/\\\/arte351.pt\\\/art\\\/2024\\\/05\\\/27\\\/festival-lingua-terra-regressa-a-setubal-com-concertos-cinema-e-exposicao-de-artes-plasticas\\\/#primaryimage\"},\"thumbnailUrl\":\"https:\\\/\\\/arte351.pt\\\/art\\\/wp-content\\\/uploads\\\/2024\\\/05\\\/Festival-Lingua-Terra.jpg\",\"datePublished\":\"2024-05-27T21:17:29+00:00\",\"dateModified\":\"2024-05-30T21:22:14+00:00\",\"description\":\"O Festival L\u00edngua Terra \u00e9 promovido pela C\u00e2mara Municipal de Set\u00fabal, com apoio da Iberm\u00fasicas e... leia mais aqui..\",\"breadcrumb\":{\"@id\":\"https:\\\/\\\/arte351.pt\\\/art\\\/2024\\\/05\\\/27\\\/festival-lingua-terra-regressa-a-setubal-com-concertos-cinema-e-exposicao-de-artes-plasticas\\\/#breadcrumb\"},\"inLanguage\":\"pt-BR\",\"potentialAction\":[{\"@type\":\"ReadAction\",\"target\":[\"https:\\\/\\\/arte351.pt\\\/art\\\/2024\\\/05\\\/27\\\/festival-lingua-terra-regressa-a-setubal-com-concertos-cinema-e-exposicao-de-artes-plasticas\\\/\"]}]},{\"@type\":\"ImageObject\",\"inLanguage\":\"pt-BR\",\"@id\":\"https:\\\/\\\/arte351.pt\\\/art\\\/2024\\\/05\\\/27\\\/festival-lingua-terra-regressa-a-setubal-com-concertos-cinema-e-exposicao-de-artes-plasticas\\\/#primaryimage\",\"url\":\"https:\\\/\\\/arte351.pt\\\/art\\\/wp-content\\\/uploads\\\/2024\\\/05\\\/Festival-Lingua-Terra.jpg\",\"contentUrl\":\"https:\\\/\\\/arte351.pt\\\/art\\\/wp-content\\\/uploads\\\/2024\\\/05\\\/Festival-Lingua-Terra.jpg\",\"width\":1200,\"height\":578},{\"@type\":\"BreadcrumbList\",\"@id\":\"https:\\\/\\\/arte351.pt\\\/art\\\/2024\\\/05\\\/27\\\/festival-lingua-terra-regressa-a-setubal-com-concertos-cinema-e-exposicao-de-artes-plasticas\\\/#breadcrumb\",\"itemListElement\":[{\"@type\":\"ListItem\",\"position\":1,\"name\":\"In\u00edcio\",\"item\":\"https:\\\/\\\/arte351.pt\\\/art\\\/\"},{\"@type\":\"ListItem\",\"position\":2,\"name\":\"Festival L\u00edngua Terra Regressa a Set\u00fabal com Concertos, Cinema e Exposi\u00e7\u00e3o de Artes Pl\u00e1sticas\"}]},{\"@type\":\"WebSite\",\"@id\":\"https:\\\/\\\/arte351.pt\\\/art\\\/#website\",\"url\":\"https:\\\/\\\/arte351.pt\\\/art\\\/\",\"name\":\"Arte351 - Art Magazine Portugal\",\"description\":\"\",\"publisher\":{\"@id\":\"https:\\\/\\\/arte351.pt\\\/art\\\/#organization\"},\"potentialAction\":[{\"@type\":\"SearchAction\",\"target\":{\"@type\":\"EntryPoint\",\"urlTemplate\":\"https:\\\/\\\/arte351.pt\\\/art\\\/?s={search_term_string}\"},\"query-input\":{\"@type\":\"PropertyValueSpecification\",\"valueRequired\":true,\"valueName\":\"search_term_string\"}}],\"inLanguage\":\"pt-BR\"},{\"@type\":\"Organization\",\"@id\":\"https:\\\/\\\/arte351.pt\\\/art\\\/#organization\",\"name\":\"Arte351 - Art Magazine Portugal\",\"url\":\"https:\\\/\\\/arte351.pt\\\/art\\\/\",\"logo\":{\"@type\":\"ImageObject\",\"inLanguage\":\"pt-BR\",\"@id\":\"https:\\\/\\\/arte351.pt\\\/art\\\/#\\\/schema\\\/logo\\\/image\\\/\",\"url\":\"https:\\\/\\\/arte351.pt\\\/art\\\/wp-content\\\/uploads\\\/2020\\\/03\\\/cropped-logo-arte351-color.png\",\"contentUrl\":\"https:\\\/\\\/arte351.pt\\\/art\\\/wp-content\\\/uploads\\\/2020\\\/03\\\/cropped-logo-arte351-color.png\",\"width\":514,\"height\":200,\"caption\":\"Arte351 - Art Magazine Portugal\"},\"image\":{\"@id\":\"https:\\\/\\\/arte351.pt\\\/art\\\/#\\\/schema\\\/logo\\\/image\\\/\"},\"sameAs\":[\"https:\\\/\\\/www.facebook.com\\\/arte351magazine\\\/\"]},{\"@type\":\"Person\",\"@id\":\"https:\\\/\\\/arte351.pt\\\/art\\\/#\\\/schema\\\/person\\\/f2cfae59497206be61c53c217757b930\",\"name\":\"Equipa Arte351\",\"image\":{\"@type\":\"ImageObject\",\"inLanguage\":\"pt-BR\",\"@id\":\"https:\\\/\\\/secure.gravatar.com\\\/avatar\\\/6caca56323d52e15e83fc5635240c86f7e52fd46fa8d5df9a709d99f5aa1638e?s=96&d=mm&r=g\",\"url\":\"https:\\\/\\\/secure.gravatar.com\\\/avatar\\\/6caca56323d52e15e83fc5635240c86f7e52fd46fa8d5df9a709d99f5aa1638e?s=96&d=mm&r=g\",\"contentUrl\":\"https:\\\/\\\/secure.gravatar.com\\\/avatar\\\/6caca56323d52e15e83fc5635240c86f7e52fd46fa8d5df9a709d99f5aa1638e?s=96&d=mm&r=g\",\"caption\":\"Equipa Arte351\"},\"url\":\"https:\\\/\\\/arte351.pt\\\/art\\\/author\\\/caroleenbass\\\/\"}]}<\/script>\n<!-- \/ Yoast SEO plugin. -->","yoast_head_json":{"title":"Festival L\u00edngua Terra Regressa a Set\u00fabal com Concertos, Cinema e Exposi\u00e7\u00e3o de Artes Pl\u00e1sticas","description":"O Festival L\u00edngua Terra \u00e9 promovido pela C\u00e2mara Municipal de Set\u00fabal, com apoio da Iberm\u00fasicas e... leia mais aqui..","robots":{"index":"index","follow":"follow","max-snippet":"max-snippet:-1","max-image-preview":"max-image-preview:large","max-video-preview":"max-video-preview:-1"},"canonical":"https:\/\/arte351.pt\/art\/2024\/05\/27\/festival-lingua-terra-regressa-a-setubal-com-concertos-cinema-e-exposicao-de-artes-plasticas\/","og_locale":"pt_BR","og_type":"article","og_title":"Festival L\u00edngua Terra Regressa a Set\u00fabal com Concertos, Cinema e Exposi\u00e7\u00e3o de Artes Pl\u00e1sticas","og_description":"O Festival L\u00edngua Terra \u00e9 promovido pela C\u00e2mara Municipal de Set\u00fabal, com apoio da Iberm\u00fasicas e... leia mais aqui..","og_url":"https:\/\/arte351.pt\/art\/2024\/05\/27\/festival-lingua-terra-regressa-a-setubal-com-concertos-cinema-e-exposicao-de-artes-plasticas\/","og_site_name":"Arte351 - Art Magazine Portugal","article_publisher":"https:\/\/www.facebook.com\/arte351magazine\/","article_published_time":"2024-05-27T21:17:29+00:00","article_modified_time":"2024-05-30T21:22:14+00:00","og_image":[{"width":1200,"height":578,"url":"https:\/\/arte351.pt\/art\/wp-content\/uploads\/2024\/05\/Festival-Lingua-Terra.jpg","type":"image\/jpeg"}],"author":"Equipa Arte351","twitter_misc":{"Escrito por":"Equipa Arte351","Est. tempo de leitura":"3 minutos"},"schema":{"@context":"https:\/\/schema.org","@graph":[{"@type":"Article","@id":"https:\/\/arte351.pt\/art\/2024\/05\/27\/festival-lingua-terra-regressa-a-setubal-com-concertos-cinema-e-exposicao-de-artes-plasticas\/#article","isPartOf":{"@id":"https:\/\/arte351.pt\/art\/2024\/05\/27\/festival-lingua-terra-regressa-a-setubal-com-concertos-cinema-e-exposicao-de-artes-plasticas\/"},"author":{"name":"Equipa Arte351","@id":"https:\/\/arte351.pt\/art\/#\/schema\/person\/f2cfae59497206be61c53c217757b930"},"headline":"Festival L\u00edngua Terra Regressa a Set\u00fabal com Concertos, Cinema e Exposi\u00e7\u00e3o de Artes Pl\u00e1sticas","datePublished":"2024-05-27T21:17:29+00:00","dateModified":"2024-05-30T21:22:14+00:00","mainEntityOfPage":{"@id":"https:\/\/arte351.pt\/art\/2024\/05\/27\/festival-lingua-terra-regressa-a-setubal-com-concertos-cinema-e-exposicao-de-artes-plasticas\/"},"wordCount":475,"publisher":{"@id":"https:\/\/arte351.pt\/art\/#organization"},"image":{"@id":"https:\/\/arte351.pt\/art\/2024\/05\/27\/festival-lingua-terra-regressa-a-setubal-com-concertos-cinema-e-exposicao-de-artes-plasticas\/#primaryimage"},"thumbnailUrl":"https:\/\/arte351.pt\/art\/wp-content\/uploads\/2024\/05\/Festival-Lingua-Terra.jpg","keywords":["Festival L\u00edngua Terra"],"articleSection":["Blog ARTE-351"],"inLanguage":"pt-BR"},{"@type":"WebPage","@id":"https:\/\/arte351.pt\/art\/2024\/05\/27\/festival-lingua-terra-regressa-a-setubal-com-concertos-cinema-e-exposicao-de-artes-plasticas\/","url":"https:\/\/arte351.pt\/art\/2024\/05\/27\/festival-lingua-terra-regressa-a-setubal-com-concertos-cinema-e-exposicao-de-artes-plasticas\/","name":"Festival L\u00edngua Terra Regressa a Set\u00fabal com Concertos, Cinema e Exposi\u00e7\u00e3o de Artes Pl\u00e1sticas","isPartOf":{"@id":"https:\/\/arte351.pt\/art\/#website"},"primaryImageOfPage":{"@id":"https:\/\/arte351.pt\/art\/2024\/05\/27\/festival-lingua-terra-regressa-a-setubal-com-concertos-cinema-e-exposicao-de-artes-plasticas\/#primaryimage"},"image":{"@id":"https:\/\/arte351.pt\/art\/2024\/05\/27\/festival-lingua-terra-regressa-a-setubal-com-concertos-cinema-e-exposicao-de-artes-plasticas\/#primaryimage"},"thumbnailUrl":"https:\/\/arte351.pt\/art\/wp-content\/uploads\/2024\/05\/Festival-Lingua-Terra.jpg","datePublished":"2024-05-27T21:17:29+00:00","dateModified":"2024-05-30T21:22:14+00:00","description":"O Festival L\u00edngua Terra \u00e9 promovido pela C\u00e2mara Municipal de Set\u00fabal, com apoio da Iberm\u00fasicas e... leia mais aqui..","breadcrumb":{"@id":"https:\/\/arte351.pt\/art\/2024\/05\/27\/festival-lingua-terra-regressa-a-setubal-com-concertos-cinema-e-exposicao-de-artes-plasticas\/#breadcrumb"},"inLanguage":"pt-BR","potentialAction":[{"@type":"ReadAction","target":["https:\/\/arte351.pt\/art\/2024\/05\/27\/festival-lingua-terra-regressa-a-setubal-com-concertos-cinema-e-exposicao-de-artes-plasticas\/"]}]},{"@type":"ImageObject","inLanguage":"pt-BR","@id":"https:\/\/arte351.pt\/art\/2024\/05\/27\/festival-lingua-terra-regressa-a-setubal-com-concertos-cinema-e-exposicao-de-artes-plasticas\/#primaryimage","url":"https:\/\/arte351.pt\/art\/wp-content\/uploads\/2024\/05\/Festival-Lingua-Terra.jpg","contentUrl":"https:\/\/arte351.pt\/art\/wp-content\/uploads\/2024\/05\/Festival-Lingua-Terra.jpg","width":1200,"height":578},{"@type":"BreadcrumbList","@id":"https:\/\/arte351.pt\/art\/2024\/05\/27\/festival-lingua-terra-regressa-a-setubal-com-concertos-cinema-e-exposicao-de-artes-plasticas\/#breadcrumb","itemListElement":[{"@type":"ListItem","position":1,"name":"In\u00edcio","item":"https:\/\/arte351.pt\/art\/"},{"@type":"ListItem","position":2,"name":"Festival L\u00edngua Terra Regressa a Set\u00fabal com Concertos, Cinema e Exposi\u00e7\u00e3o de Artes Pl\u00e1sticas"}]},{"@type":"WebSite","@id":"https:\/\/arte351.pt\/art\/#website","url":"https:\/\/arte351.pt\/art\/","name":"Arte351 - Art Magazine Portugal","description":"","publisher":{"@id":"https:\/\/arte351.pt\/art\/#organization"},"potentialAction":[{"@type":"SearchAction","target":{"@type":"EntryPoint","urlTemplate":"https:\/\/arte351.pt\/art\/?s={search_term_string}"},"query-input":{"@type":"PropertyValueSpecification","valueRequired":true,"valueName":"search_term_string"}}],"inLanguage":"pt-BR"},{"@type":"Organization","@id":"https:\/\/arte351.pt\/art\/#organization","name":"Arte351 - Art Magazine Portugal","url":"https:\/\/arte351.pt\/art\/","logo":{"@type":"ImageObject","inLanguage":"pt-BR","@id":"https:\/\/arte351.pt\/art\/#\/schema\/logo\/image\/","url":"https:\/\/arte351.pt\/art\/wp-content\/uploads\/2020\/03\/cropped-logo-arte351-color.png","contentUrl":"https:\/\/arte351.pt\/art\/wp-content\/uploads\/2020\/03\/cropped-logo-arte351-color.png","width":514,"height":200,"caption":"Arte351 - Art Magazine Portugal"},"image":{"@id":"https:\/\/arte351.pt\/art\/#\/schema\/logo\/image\/"},"sameAs":["https:\/\/www.facebook.com\/arte351magazine\/"]},{"@type":"Person","@id":"https:\/\/arte351.pt\/art\/#\/schema\/person\/f2cfae59497206be61c53c217757b930","name":"Equipa Arte351","image":{"@type":"ImageObject","inLanguage":"pt-BR","@id":"https:\/\/secure.gravatar.com\/avatar\/6caca56323d52e15e83fc5635240c86f7e52fd46fa8d5df9a709d99f5aa1638e?s=96&d=mm&r=g","url":"https:\/\/secure.gravatar.com\/avatar\/6caca56323d52e15e83fc5635240c86f7e52fd46fa8d5df9a709d99f5aa1638e?s=96&d=mm&r=g","contentUrl":"https:\/\/secure.gravatar.com\/avatar\/6caca56323d52e15e83fc5635240c86f7e52fd46fa8d5df9a709d99f5aa1638e?s=96&d=mm&r=g","caption":"Equipa Arte351"},"url":"https:\/\/arte351.pt\/art\/author\/caroleenbass\/"}]}},"_links":{"self":[{"href":"https:\/\/arte351.pt\/art\/wp-json\/wp\/v2\/posts\/8647","targetHints":{"allow":["GET"]}}],"collection":[{"href":"https:\/\/arte351.pt\/art\/wp-json\/wp\/v2\/posts"}],"about":[{"href":"https:\/\/arte351.pt\/art\/wp-json\/wp\/v2\/types\/post"}],"author":[{"embeddable":true,"href":"https:\/\/arte351.pt\/art\/wp-json\/wp\/v2\/users\/3"}],"replies":[{"embeddable":true,"href":"https:\/\/arte351.pt\/art\/wp-json\/wp\/v2\/comments?post=8647"}],"version-history":[{"count":1,"href":"https:\/\/arte351.pt\/art\/wp-json\/wp\/v2\/posts\/8647\/revisions"}],"predecessor-version":[{"id":8649,"href":"https:\/\/arte351.pt\/art\/wp-json\/wp\/v2\/posts\/8647\/revisions\/8649"}],"wp:featuredmedia":[{"embeddable":true,"href":"https:\/\/arte351.pt\/art\/wp-json\/wp\/v2\/media\/8648"}],"wp:attachment":[{"href":"https:\/\/arte351.pt\/art\/wp-json\/wp\/v2\/media?parent=8647"}],"wp:term":[{"taxonomy":"category","embeddable":true,"href":"https:\/\/arte351.pt\/art\/wp-json\/wp\/v2\/categories?post=8647"},{"taxonomy":"post_tag","embeddable":true,"href":"https:\/\/arte351.pt\/art\/wp-json\/wp\/v2\/tags?post=8647"}],"curies":[{"name":"wp","href":"https:\/\/api.w.org\/{rel}","templated":true}]}}