{"id":8684,"date":"2024-06-25T06:51:42","date_gmt":"2024-06-25T06:51:42","guid":{"rendered":"https:\/\/arte351.pt\/art\/?p=8684"},"modified":"2024-06-24T21:57:36","modified_gmt":"2024-06-24T21:57:36","slug":"sabura-festival-anuncia-primeiras-confirmacoes","status":"publish","type":"post","link":"https:\/\/arte351.pt\/art\/2024\/06\/25\/sabura-festival-anuncia-primeiras-confirmacoes\/","title":{"rendered":"Sabura Festival anuncia primeiras confirma\u00e7\u00f5es!"},"content":{"rendered":"<p><span>O\u00a0<\/span><strong>Sabura Festival<\/strong><span>\u00a0regressa este ano, naquela que ser\u00e1 a 2\u00aa edi\u00e7\u00e3o do festival, a realizar-se entre os dias 30 de agosto e 1 de setembro, em pleno Sesimbra Natura Park.\u00a0<\/span><strong>Dino D\u2019Santiago<\/strong><span>,\u00a0<\/span><strong>Pongo<\/strong><span>,\u00a0<\/span><strong>Rita Vian<\/strong><span>,\u00a0<\/span><strong>Maria Reis<\/strong><span>,\u00a0<\/span><strong>Rosa Mimosa y sus Mariposas<\/strong><span>,\u00a0<\/span><strong>DigitalDubs<\/strong><span>\u00a0e um\u00a0<\/span><strong>Tributo especial a<\/strong><span>\u00a0<\/span><strong>Zeca Afonso<\/strong><span>, \u00a0s\u00e3o as primeiras confirma\u00e7\u00f5es do festival que apresenta algumas novidades em rela\u00e7\u00e3o \u00e0 edi\u00e7\u00e3o anterior: 3 novos palcos (palco Sabura, palco Zeca Afonso e palco Village).\u00a0<\/span><\/p>\n<p><span>Este \u00e9 um festival independente fruto de um projeto comum entre tr\u00eas produtoras \u2014 Growing Arts, Taking Over Productions e Dub Arena \u2014 e motivadas e movidas pelo desejo de oferecer um festival \u00edmpar no panorama nacional, esta nova edi\u00e7\u00e3o assenta em quatro pilares fundamentais para os valores que o\u00a0<\/span><strong>Sabura Festival<\/strong><span>\u00a0representa:<\/span><\/p>\n<p><span>1)\u00a0<\/span><u>Multiculturalidade<\/u><span>: fomentar a intera\u00e7\u00e3o art\u00edstica entre pa\u00edses Lus\u00f3fonos e comunidades lus\u00f3fonas residentes em Portugal, e promover a identidade e comunidade local; \u00a0<\/span><\/p>\n<p><span>2)\u00a0<\/span><u>Diversidade<\/u><span>: divulgar artistas emergentes e inovadores, e apresentar uma programa\u00e7\u00e3o art\u00edstica diversificada e culturalmente relevante, coerente e com curadoria; \u00a0<\/span><\/p>\n<p><span>3)\u00a0<\/span><u>Inclus\u00e3o e acessibilidade<\/u><span>: descentralizar a cultura, e oferecer um festival para todos, de todas as idades, n\u00edveis sociais e condi\u00e7\u00f5es;<\/span><\/p>\n<p><span>4)\u00a0<\/span><u>Bem-estar<\/u><span>: cariz social, ambiental, educacional e l\u00fadico; ecologia e sustentabilidade; atividades desportivas ao ar livre.<\/span><\/p>\n<p><span>Numa aposta segura em artistas de pa\u00edses de l\u00edngua portuguesa, inserida nas celebra\u00e7\u00f5es dos 50 anos do 25 de abril, e ao longo dos tr\u00eas dias de concerto, o p\u00fablico poder\u00e1 encontrar mais de 100 artistas, in\u00fameros concertos e performances, cinquenta horas de m\u00fasica e mais de vinte estilos musicais, entre os quais: funana, gumb\u00e9, reggae, hip-hop, m\u00fasica dos Balc\u00e3s, batucada, kuduro, drum and bass, cumbia, dub e samba, entre outros.<\/span><\/p>\n<p><span>Do crioulo de Cabo Verde &amp; Guin\u00e9-Bissau, Sabura (sa-bu-ra), \u201cmomento ou atividade que d\u00e1 prazer ou alegria\u201d, o festival, que promete n\u00e3o ser apenas mais um festival, mas sim uma celebra\u00e7\u00e3o da diversidade cultural e art\u00edstica atrav\u00e9s da m\u00fasica e da arte, em comunh\u00e3o com a natureza, apresenta ainda espa\u00e7os dedicados \u00e0s atividades para as crian\u00e7as e toda a fam\u00edlia, projetos art\u00edsticos locais (artes\u00e3os e marcas nacionais), associa\u00e7\u00f5es com atividades de inclus\u00e3o desportivas e musicais (alto astral capoeira, porbatuka, skate all aboard 360, slackline western riders), kayak e arborismo, yoga familiar, \u00e1rea de gastronomia do mundo e uma zona de camping e glamping.<\/span><\/p>\n<p><span>Os bilhetes para o\u00a0<\/span><strong>Sabura Festival 2024<\/strong><span>\u00a0estar\u00e3o dispon\u00edveis nos pontos de venda habituais, brevemente.<\/span><\/p>\n","protected":false},"excerpt":{"rendered":"<p>O\u00a0Sabura Festival\u00a0regressa este ano, naquela que ser\u00e1 a 2\u00aa edi\u00e7\u00e3o do festival, a realizar-se entre os dias 30 de agosto e 1 de setembro, em pleno Sesimbra Natura Park.\u00a0Dino D\u2019Santiago,\u00a0Pongo,\u00a0Rita [&hellip;]<\/p>\n","protected":false},"author":3,"featured_media":8685,"comment_status":"closed","ping_status":"closed","sticky":false,"template":"","format":"standard","meta":{"_exactmetrics_skip_tracking":false,"_exactmetrics_sitenote_active":false,"_exactmetrics_sitenote_note":"","_exactmetrics_sitenote_category":0,"_uf_show_specific_survey":0,"_uf_disable_surveys":false,"footnotes":""},"categories":[457],"tags":[2041],"class_list":["post-8684","post","type-post","status-publish","format-standard","has-post-thumbnail","hentry","category-musica","tag-sabura-festival"],"yoast_head":"<!-- This site is optimized with the Yoast SEO plugin v27.3 - https:\/\/yoast.com\/product\/yoast-seo-wordpress\/ -->\n<title>Sabura Festival anuncia primeiras confirma\u00e7\u00f5es! - Arte351 - Art Magazine Portugal<\/title>\n<meta name=\"description\" content=\"\u00a0Sabura Festival 2024\u00a0estar\u00e3o dispon\u00edveis nos pontos de venda habituais, brevemente. Leia mais aqui para saber ...\" \/>\n<meta name=\"robots\" content=\"index, follow, max-snippet:-1, max-image-preview:large, max-video-preview:-1\" \/>\n<link rel=\"canonical\" href=\"https:\/\/arte351.pt\/art\/2024\/06\/25\/sabura-festival-anuncia-primeiras-confirmacoes\/\" \/>\n<meta property=\"og:locale\" content=\"pt_BR\" \/>\n<meta property=\"og:type\" content=\"article\" \/>\n<meta property=\"og:title\" content=\"Sabura Festival anuncia primeiras confirma\u00e7\u00f5es! - Arte351 - Art Magazine Portugal\" \/>\n<meta property=\"og:description\" content=\"\u00a0Sabura Festival 2024\u00a0estar\u00e3o dispon\u00edveis nos pontos de venda habituais, brevemente. Leia mais aqui para saber ...\" \/>\n<meta property=\"og:url\" content=\"https:\/\/arte351.pt\/art\/2024\/06\/25\/sabura-festival-anuncia-primeiras-confirmacoes\/\" \/>\n<meta property=\"og:site_name\" content=\"Arte351 - Art Magazine Portugal\" \/>\n<meta property=\"article:publisher\" content=\"https:\/\/www.facebook.com\/arte351magazine\/\" \/>\n<meta property=\"article:published_time\" content=\"2024-06-25T06:51:42+00:00\" \/>\n<meta property=\"og:image\" content=\"https:\/\/arte351.pt\/art\/wp-content\/uploads\/2024\/06\/sabura-festival.jpg\" \/>\n\t<meta property=\"og:image:width\" content=\"1200\" \/>\n\t<meta property=\"og:image:height\" content=\"578\" \/>\n\t<meta property=\"og:image:type\" content=\"image\/jpeg\" \/>\n<meta name=\"author\" content=\"Equipa Arte351\" \/>\n<meta name=\"twitter:label1\" content=\"Escrito por\" \/>\n\t<meta name=\"twitter:data1\" content=\"Equipa Arte351\" \/>\n\t<meta name=\"twitter:label2\" content=\"Est. tempo de leitura\" \/>\n\t<meta name=\"twitter:data2\" content=\"3 minutos\" \/>\n<script type=\"application\/ld+json\" class=\"yoast-schema-graph\">{\"@context\":\"https:\\\/\\\/schema.org\",\"@graph\":[{\"@type\":\"Article\",\"@id\":\"https:\\\/\\\/arte351.pt\\\/art\\\/2024\\\/06\\\/25\\\/sabura-festival-anuncia-primeiras-confirmacoes\\\/#article\",\"isPartOf\":{\"@id\":\"https:\\\/\\\/arte351.pt\\\/art\\\/2024\\\/06\\\/25\\\/sabura-festival-anuncia-primeiras-confirmacoes\\\/\"},\"author\":{\"name\":\"Equipa Arte351\",\"@id\":\"https:\\\/\\\/arte351.pt\\\/art\\\/#\\\/schema\\\/person\\\/f2cfae59497206be61c53c217757b930\"},\"headline\":\"Sabura Festival anuncia primeiras confirma\u00e7\u00f5es!\",\"datePublished\":\"2024-06-25T06:51:42+00:00\",\"mainEntityOfPage\":{\"@id\":\"https:\\\/\\\/arte351.pt\\\/art\\\/2024\\\/06\\\/25\\\/sabura-festival-anuncia-primeiras-confirmacoes\\\/\"},\"wordCount\":431,\"publisher\":{\"@id\":\"https:\\\/\\\/arte351.pt\\\/art\\\/#organization\"},\"image\":{\"@id\":\"https:\\\/\\\/arte351.pt\\\/art\\\/2024\\\/06\\\/25\\\/sabura-festival-anuncia-primeiras-confirmacoes\\\/#primaryimage\"},\"thumbnailUrl\":\"https:\\\/\\\/arte351.pt\\\/art\\\/wp-content\\\/uploads\\\/2024\\\/06\\\/sabura-festival.jpg\",\"keywords\":[\"Sabura Festival\"],\"articleSection\":[\"M\u00fasica\"],\"inLanguage\":\"pt-BR\"},{\"@type\":\"WebPage\",\"@id\":\"https:\\\/\\\/arte351.pt\\\/art\\\/2024\\\/06\\\/25\\\/sabura-festival-anuncia-primeiras-confirmacoes\\\/\",\"url\":\"https:\\\/\\\/arte351.pt\\\/art\\\/2024\\\/06\\\/25\\\/sabura-festival-anuncia-primeiras-confirmacoes\\\/\",\"name\":\"Sabura Festival anuncia primeiras confirma\u00e7\u00f5es! - Arte351 - Art Magazine Portugal\",\"isPartOf\":{\"@id\":\"https:\\\/\\\/arte351.pt\\\/art\\\/#website\"},\"primaryImageOfPage\":{\"@id\":\"https:\\\/\\\/arte351.pt\\\/art\\\/2024\\\/06\\\/25\\\/sabura-festival-anuncia-primeiras-confirmacoes\\\/#primaryimage\"},\"image\":{\"@id\":\"https:\\\/\\\/arte351.pt\\\/art\\\/2024\\\/06\\\/25\\\/sabura-festival-anuncia-primeiras-confirmacoes\\\/#primaryimage\"},\"thumbnailUrl\":\"https:\\\/\\\/arte351.pt\\\/art\\\/wp-content\\\/uploads\\\/2024\\\/06\\\/sabura-festival.jpg\",\"datePublished\":\"2024-06-25T06:51:42+00:00\",\"description\":\"\u00a0Sabura Festival 2024\u00a0estar\u00e3o dispon\u00edveis nos pontos de venda habituais, brevemente. Leia mais aqui para saber ...\",\"breadcrumb\":{\"@id\":\"https:\\\/\\\/arte351.pt\\\/art\\\/2024\\\/06\\\/25\\\/sabura-festival-anuncia-primeiras-confirmacoes\\\/#breadcrumb\"},\"inLanguage\":\"pt-BR\",\"potentialAction\":[{\"@type\":\"ReadAction\",\"target\":[\"https:\\\/\\\/arte351.pt\\\/art\\\/2024\\\/06\\\/25\\\/sabura-festival-anuncia-primeiras-confirmacoes\\\/\"]}]},{\"@type\":\"ImageObject\",\"inLanguage\":\"pt-BR\",\"@id\":\"https:\\\/\\\/arte351.pt\\\/art\\\/2024\\\/06\\\/25\\\/sabura-festival-anuncia-primeiras-confirmacoes\\\/#primaryimage\",\"url\":\"https:\\\/\\\/arte351.pt\\\/art\\\/wp-content\\\/uploads\\\/2024\\\/06\\\/sabura-festival.jpg\",\"contentUrl\":\"https:\\\/\\\/arte351.pt\\\/art\\\/wp-content\\\/uploads\\\/2024\\\/06\\\/sabura-festival.jpg\",\"width\":1200,\"height\":578},{\"@type\":\"BreadcrumbList\",\"@id\":\"https:\\\/\\\/arte351.pt\\\/art\\\/2024\\\/06\\\/25\\\/sabura-festival-anuncia-primeiras-confirmacoes\\\/#breadcrumb\",\"itemListElement\":[{\"@type\":\"ListItem\",\"position\":1,\"name\":\"In\u00edcio\",\"item\":\"https:\\\/\\\/arte351.pt\\\/art\\\/\"},{\"@type\":\"ListItem\",\"position\":2,\"name\":\"Sabura Festival anuncia primeiras confirma\u00e7\u00f5es!\"}]},{\"@type\":\"WebSite\",\"@id\":\"https:\\\/\\\/arte351.pt\\\/art\\\/#website\",\"url\":\"https:\\\/\\\/arte351.pt\\\/art\\\/\",\"name\":\"Arte351 - Art Magazine Portugal\",\"description\":\"\",\"publisher\":{\"@id\":\"https:\\\/\\\/arte351.pt\\\/art\\\/#organization\"},\"potentialAction\":[{\"@type\":\"SearchAction\",\"target\":{\"@type\":\"EntryPoint\",\"urlTemplate\":\"https:\\\/\\\/arte351.pt\\\/art\\\/?s={search_term_string}\"},\"query-input\":{\"@type\":\"PropertyValueSpecification\",\"valueRequired\":true,\"valueName\":\"search_term_string\"}}],\"inLanguage\":\"pt-BR\"},{\"@type\":\"Organization\",\"@id\":\"https:\\\/\\\/arte351.pt\\\/art\\\/#organization\",\"name\":\"Arte351 - Art Magazine Portugal\",\"url\":\"https:\\\/\\\/arte351.pt\\\/art\\\/\",\"logo\":{\"@type\":\"ImageObject\",\"inLanguage\":\"pt-BR\",\"@id\":\"https:\\\/\\\/arte351.pt\\\/art\\\/#\\\/schema\\\/logo\\\/image\\\/\",\"url\":\"https:\\\/\\\/arte351.pt\\\/art\\\/wp-content\\\/uploads\\\/2020\\\/03\\\/cropped-logo-arte351-color.png\",\"contentUrl\":\"https:\\\/\\\/arte351.pt\\\/art\\\/wp-content\\\/uploads\\\/2020\\\/03\\\/cropped-logo-arte351-color.png\",\"width\":514,\"height\":200,\"caption\":\"Arte351 - Art Magazine Portugal\"},\"image\":{\"@id\":\"https:\\\/\\\/arte351.pt\\\/art\\\/#\\\/schema\\\/logo\\\/image\\\/\"},\"sameAs\":[\"https:\\\/\\\/www.facebook.com\\\/arte351magazine\\\/\"]},{\"@type\":\"Person\",\"@id\":\"https:\\\/\\\/arte351.pt\\\/art\\\/#\\\/schema\\\/person\\\/f2cfae59497206be61c53c217757b930\",\"name\":\"Equipa Arte351\",\"image\":{\"@type\":\"ImageObject\",\"inLanguage\":\"pt-BR\",\"@id\":\"https:\\\/\\\/secure.gravatar.com\\\/avatar\\\/6caca56323d52e15e83fc5635240c86f7e52fd46fa8d5df9a709d99f5aa1638e?s=96&d=mm&r=g\",\"url\":\"https:\\\/\\\/secure.gravatar.com\\\/avatar\\\/6caca56323d52e15e83fc5635240c86f7e52fd46fa8d5df9a709d99f5aa1638e?s=96&d=mm&r=g\",\"contentUrl\":\"https:\\\/\\\/secure.gravatar.com\\\/avatar\\\/6caca56323d52e15e83fc5635240c86f7e52fd46fa8d5df9a709d99f5aa1638e?s=96&d=mm&r=g\",\"caption\":\"Equipa Arte351\"},\"url\":\"https:\\\/\\\/arte351.pt\\\/art\\\/author\\\/caroleenbass\\\/\"}]}<\/script>\n<!-- \/ Yoast SEO plugin. -->","yoast_head_json":{"title":"Sabura Festival anuncia primeiras confirma\u00e7\u00f5es! - Arte351 - Art Magazine Portugal","description":"\u00a0Sabura Festival 2024\u00a0estar\u00e3o dispon\u00edveis nos pontos de venda habituais, brevemente. Leia mais aqui para saber ...","robots":{"index":"index","follow":"follow","max-snippet":"max-snippet:-1","max-image-preview":"max-image-preview:large","max-video-preview":"max-video-preview:-1"},"canonical":"https:\/\/arte351.pt\/art\/2024\/06\/25\/sabura-festival-anuncia-primeiras-confirmacoes\/","og_locale":"pt_BR","og_type":"article","og_title":"Sabura Festival anuncia primeiras confirma\u00e7\u00f5es! - Arte351 - Art Magazine Portugal","og_description":"\u00a0Sabura Festival 2024\u00a0estar\u00e3o dispon\u00edveis nos pontos de venda habituais, brevemente. Leia mais aqui para saber ...","og_url":"https:\/\/arte351.pt\/art\/2024\/06\/25\/sabura-festival-anuncia-primeiras-confirmacoes\/","og_site_name":"Arte351 - Art Magazine Portugal","article_publisher":"https:\/\/www.facebook.com\/arte351magazine\/","article_published_time":"2024-06-25T06:51:42+00:00","og_image":[{"width":1200,"height":578,"url":"https:\/\/arte351.pt\/art\/wp-content\/uploads\/2024\/06\/sabura-festival.jpg","type":"image\/jpeg"}],"author":"Equipa Arte351","twitter_misc":{"Escrito por":"Equipa Arte351","Est. tempo de leitura":"3 minutos"},"schema":{"@context":"https:\/\/schema.org","@graph":[{"@type":"Article","@id":"https:\/\/arte351.pt\/art\/2024\/06\/25\/sabura-festival-anuncia-primeiras-confirmacoes\/#article","isPartOf":{"@id":"https:\/\/arte351.pt\/art\/2024\/06\/25\/sabura-festival-anuncia-primeiras-confirmacoes\/"},"author":{"name":"Equipa Arte351","@id":"https:\/\/arte351.pt\/art\/#\/schema\/person\/f2cfae59497206be61c53c217757b930"},"headline":"Sabura Festival anuncia primeiras confirma\u00e7\u00f5es!","datePublished":"2024-06-25T06:51:42+00:00","mainEntityOfPage":{"@id":"https:\/\/arte351.pt\/art\/2024\/06\/25\/sabura-festival-anuncia-primeiras-confirmacoes\/"},"wordCount":431,"publisher":{"@id":"https:\/\/arte351.pt\/art\/#organization"},"image":{"@id":"https:\/\/arte351.pt\/art\/2024\/06\/25\/sabura-festival-anuncia-primeiras-confirmacoes\/#primaryimage"},"thumbnailUrl":"https:\/\/arte351.pt\/art\/wp-content\/uploads\/2024\/06\/sabura-festival.jpg","keywords":["Sabura Festival"],"articleSection":["M\u00fasica"],"inLanguage":"pt-BR"},{"@type":"WebPage","@id":"https:\/\/arte351.pt\/art\/2024\/06\/25\/sabura-festival-anuncia-primeiras-confirmacoes\/","url":"https:\/\/arte351.pt\/art\/2024\/06\/25\/sabura-festival-anuncia-primeiras-confirmacoes\/","name":"Sabura Festival anuncia primeiras confirma\u00e7\u00f5es! - Arte351 - Art Magazine Portugal","isPartOf":{"@id":"https:\/\/arte351.pt\/art\/#website"},"primaryImageOfPage":{"@id":"https:\/\/arte351.pt\/art\/2024\/06\/25\/sabura-festival-anuncia-primeiras-confirmacoes\/#primaryimage"},"image":{"@id":"https:\/\/arte351.pt\/art\/2024\/06\/25\/sabura-festival-anuncia-primeiras-confirmacoes\/#primaryimage"},"thumbnailUrl":"https:\/\/arte351.pt\/art\/wp-content\/uploads\/2024\/06\/sabura-festival.jpg","datePublished":"2024-06-25T06:51:42+00:00","description":"\u00a0Sabura Festival 2024\u00a0estar\u00e3o dispon\u00edveis nos pontos de venda habituais, brevemente. Leia mais aqui para saber ...","breadcrumb":{"@id":"https:\/\/arte351.pt\/art\/2024\/06\/25\/sabura-festival-anuncia-primeiras-confirmacoes\/#breadcrumb"},"inLanguage":"pt-BR","potentialAction":[{"@type":"ReadAction","target":["https:\/\/arte351.pt\/art\/2024\/06\/25\/sabura-festival-anuncia-primeiras-confirmacoes\/"]}]},{"@type":"ImageObject","inLanguage":"pt-BR","@id":"https:\/\/arte351.pt\/art\/2024\/06\/25\/sabura-festival-anuncia-primeiras-confirmacoes\/#primaryimage","url":"https:\/\/arte351.pt\/art\/wp-content\/uploads\/2024\/06\/sabura-festival.jpg","contentUrl":"https:\/\/arte351.pt\/art\/wp-content\/uploads\/2024\/06\/sabura-festival.jpg","width":1200,"height":578},{"@type":"BreadcrumbList","@id":"https:\/\/arte351.pt\/art\/2024\/06\/25\/sabura-festival-anuncia-primeiras-confirmacoes\/#breadcrumb","itemListElement":[{"@type":"ListItem","position":1,"name":"In\u00edcio","item":"https:\/\/arte351.pt\/art\/"},{"@type":"ListItem","position":2,"name":"Sabura Festival anuncia primeiras confirma\u00e7\u00f5es!"}]},{"@type":"WebSite","@id":"https:\/\/arte351.pt\/art\/#website","url":"https:\/\/arte351.pt\/art\/","name":"Arte351 - Art Magazine Portugal","description":"","publisher":{"@id":"https:\/\/arte351.pt\/art\/#organization"},"potentialAction":[{"@type":"SearchAction","target":{"@type":"EntryPoint","urlTemplate":"https:\/\/arte351.pt\/art\/?s={search_term_string}"},"query-input":{"@type":"PropertyValueSpecification","valueRequired":true,"valueName":"search_term_string"}}],"inLanguage":"pt-BR"},{"@type":"Organization","@id":"https:\/\/arte351.pt\/art\/#organization","name":"Arte351 - Art Magazine Portugal","url":"https:\/\/arte351.pt\/art\/","logo":{"@type":"ImageObject","inLanguage":"pt-BR","@id":"https:\/\/arte351.pt\/art\/#\/schema\/logo\/image\/","url":"https:\/\/arte351.pt\/art\/wp-content\/uploads\/2020\/03\/cropped-logo-arte351-color.png","contentUrl":"https:\/\/arte351.pt\/art\/wp-content\/uploads\/2020\/03\/cropped-logo-arte351-color.png","width":514,"height":200,"caption":"Arte351 - Art Magazine Portugal"},"image":{"@id":"https:\/\/arte351.pt\/art\/#\/schema\/logo\/image\/"},"sameAs":["https:\/\/www.facebook.com\/arte351magazine\/"]},{"@type":"Person","@id":"https:\/\/arte351.pt\/art\/#\/schema\/person\/f2cfae59497206be61c53c217757b930","name":"Equipa Arte351","image":{"@type":"ImageObject","inLanguage":"pt-BR","@id":"https:\/\/secure.gravatar.com\/avatar\/6caca56323d52e15e83fc5635240c86f7e52fd46fa8d5df9a709d99f5aa1638e?s=96&d=mm&r=g","url":"https:\/\/secure.gravatar.com\/avatar\/6caca56323d52e15e83fc5635240c86f7e52fd46fa8d5df9a709d99f5aa1638e?s=96&d=mm&r=g","contentUrl":"https:\/\/secure.gravatar.com\/avatar\/6caca56323d52e15e83fc5635240c86f7e52fd46fa8d5df9a709d99f5aa1638e?s=96&d=mm&r=g","caption":"Equipa Arte351"},"url":"https:\/\/arte351.pt\/art\/author\/caroleenbass\/"}]}},"_links":{"self":[{"href":"https:\/\/arte351.pt\/art\/wp-json\/wp\/v2\/posts\/8684","targetHints":{"allow":["GET"]}}],"collection":[{"href":"https:\/\/arte351.pt\/art\/wp-json\/wp\/v2\/posts"}],"about":[{"href":"https:\/\/arte351.pt\/art\/wp-json\/wp\/v2\/types\/post"}],"author":[{"embeddable":true,"href":"https:\/\/arte351.pt\/art\/wp-json\/wp\/v2\/users\/3"}],"replies":[{"embeddable":true,"href":"https:\/\/arte351.pt\/art\/wp-json\/wp\/v2\/comments?post=8684"}],"version-history":[{"count":1,"href":"https:\/\/arte351.pt\/art\/wp-json\/wp\/v2\/posts\/8684\/revisions"}],"predecessor-version":[{"id":8686,"href":"https:\/\/arte351.pt\/art\/wp-json\/wp\/v2\/posts\/8684\/revisions\/8686"}],"wp:featuredmedia":[{"embeddable":true,"href":"https:\/\/arte351.pt\/art\/wp-json\/wp\/v2\/media\/8685"}],"wp:attachment":[{"href":"https:\/\/arte351.pt\/art\/wp-json\/wp\/v2\/media?parent=8684"}],"wp:term":[{"taxonomy":"category","embeddable":true,"href":"https:\/\/arte351.pt\/art\/wp-json\/wp\/v2\/categories?post=8684"},{"taxonomy":"post_tag","embeddable":true,"href":"https:\/\/arte351.pt\/art\/wp-json\/wp\/v2\/tags?post=8684"}],"curies":[{"name":"wp","href":"https:\/\/api.w.org\/{rel}","templated":true}]}}