{"id":8761,"date":"2024-09-12T06:19:21","date_gmt":"2024-09-12T06:19:21","guid":{"rendered":"https:\/\/arte351.pt\/art\/?p=8761"},"modified":"2024-09-06T19:20:35","modified_gmt":"2024-09-06T19:20:35","slug":"nova-exposicao-de-daniel-blaufuks-no-hangar-melancolia-tropical-ou-a-ilha-que-perdeu-o-equador","status":"publish","type":"post","link":"https:\/\/arte351.pt\/art\/2024\/09\/12\/nova-exposicao-de-daniel-blaufuks-no-hangar-melancolia-tropical-ou-a-ilha-que-perdeu-o-equador\/","title":{"rendered":"Nova exposi\u00e7\u00e3o de Daniel Blaufuks no Hangar: \u201cMelancolia Tropical ou a ilha que perdeu o Equador\u201d"},"content":{"rendered":"<p>O Hangar &#8211; Centro de Investiga\u00e7\u00e3o Art\u00edstica, em Lisboa, prepara-se para inaugurar a nova exposi\u00e7\u00e3o de Daniel Blaufuks, intitulada \u201cMelancolia Tropical ou a ilha que perdeu o Equador\u201d. A inaugura\u00e7\u00e3o est\u00e1 marcada para o dia 18 de setembro, \u00e0s 18h, e a exposi\u00e7\u00e3o estar\u00e1 patente at\u00e9 9 de novembro de 2024.<\/p>\n<h3>Uma reflex\u00e3o sobre a coloniza\u00e7\u00e3o portuguesa<\/h3>\n<p>Nesta exposi\u00e7\u00e3o, Daniel Blaufuks utiliza as suas fotografias para documentar a violenta coloniza\u00e7\u00e3o portuguesa em S\u00e3o Tom\u00e9 e Pr\u00edncipe, que no in\u00edcio do s\u00e9culo XX foi o maior exportador de cacau do mundo. A exposi\u00e7\u00e3o destaca a explora\u00e7\u00e3o das ro\u00e7as e dos trabalhadores, conhecidos como servi\u00e7ais, que eram atra\u00eddos de outras col\u00f3nias com promessas raramente cumpridas de retorno ap\u00f3s cinco anos.<\/p>\n<h3>Colagens e narrativas visuais<\/h3>\n<p>A exposi\u00e7\u00e3o apresenta colagens com fotografias instant\u00e2neas, recortes de textos e imagens de jornais e livros, textos manuscritos, esp\u00e9cimes de bot\u00e2nica, selos postais e mapas, na sua maioria de pequeno formato. Esta abordagem permite ao artista contar a hist\u00f3ria da viol\u00eancia do colonialismo de uma forma \u00fanica e impactante.<\/p>\n<h3>Paralelismo entre o holocausto e o colonialismo<\/h3>\n<p>Conhecido por abordar temas como a shoah no seu trabalho art\u00edstico, Daniel Blaufuks estabelece nesta exposi\u00e7\u00e3o um paralelismo entre o holocausto e a hist\u00f3ria do colonialismo portugu\u00eas, oferecendo uma reflex\u00e3o profunda e provocadora sobre estas tem\u00e1ticas.<\/p>\n<h3>Detalhes da exposi\u00e7\u00e3o<\/h3>\n<p>\u201cMelancolia Tropical ou a ilha que perdeu o Equador\u201d estar\u00e1 patente no Hangar, localizado na Rua Damasceno Monteiro 12, no bairro da Gra\u00e7a, em Lisboa. A exposi\u00e7\u00e3o pode ser visitada de quarta a s\u00e1bado, das 15h \u00e0s 19h, com entrada livre.<\/p>\n","protected":false},"excerpt":{"rendered":"<p>O Hangar &#8211; Centro de Investiga\u00e7\u00e3o Art\u00edstica, em Lisboa, prepara-se para inaugurar a nova exposi\u00e7\u00e3o de Daniel Blaufuks, intitulada \u201cMelancolia Tropical ou a ilha que perdeu o Equador\u201d. A inaugura\u00e7\u00e3o [&hellip;]<\/p>\n","protected":false},"author":3,"featured_media":0,"comment_status":"closed","ping_status":"closed","sticky":false,"template":"","format":"standard","meta":{"_exactmetrics_skip_tracking":false,"_exactmetrics_sitenote_active":false,"_exactmetrics_sitenote_note":"","_exactmetrics_sitenote_category":0,"_uf_show_specific_survey":0,"_uf_disable_surveys":false,"footnotes":""},"categories":[1],"tags":[1767],"class_list":["post-8761","post","type-post","status-publish","format-standard","hentry","category-sem-categoria","tag-hangar-centro-de-investigacao-artistica"],"yoast_head":"<!-- This site is optimized with the Yoast SEO plugin v27.3 - https:\/\/yoast.com\/product\/yoast-seo-wordpress\/ -->\n<title>Nova exposi\u00e7\u00e3o de Daniel Blaufuks no Hangar: \u201cMelancolia Tropical ou a ilha que perdeu o Equador\u201d<\/title>\n<meta name=\"robots\" content=\"index, follow, max-snippet:-1, max-image-preview:large, max-video-preview:-1\" \/>\n<link rel=\"canonical\" href=\"https:\/\/arte351.pt\/art\/2024\/09\/12\/nova-exposicao-de-daniel-blaufuks-no-hangar-melancolia-tropical-ou-a-ilha-que-perdeu-o-equador\/\" \/>\n<meta property=\"og:locale\" content=\"pt_BR\" \/>\n<meta property=\"og:type\" content=\"article\" \/>\n<meta property=\"og:title\" content=\"Nova exposi\u00e7\u00e3o de Daniel Blaufuks no Hangar: \u201cMelancolia Tropical ou a ilha que perdeu o Equador\u201d\" \/>\n<meta property=\"og:description\" content=\"O Hangar &#8211; Centro de Investiga\u00e7\u00e3o Art\u00edstica, em Lisboa, prepara-se para inaugurar a nova exposi\u00e7\u00e3o de Daniel Blaufuks, intitulada \u201cMelancolia Tropical ou a ilha que perdeu o Equador\u201d. A inaugura\u00e7\u00e3o [&hellip;]\" \/>\n<meta property=\"og:url\" content=\"https:\/\/arte351.pt\/art\/2024\/09\/12\/nova-exposicao-de-daniel-blaufuks-no-hangar-melancolia-tropical-ou-a-ilha-que-perdeu-o-equador\/\" \/>\n<meta property=\"og:site_name\" content=\"Arte351 - Art Magazine Portugal\" \/>\n<meta property=\"article:publisher\" content=\"https:\/\/www.facebook.com\/arte351magazine\/\" \/>\n<meta property=\"article:published_time\" content=\"2024-09-12T06:19:21+00:00\" \/>\n<meta name=\"author\" content=\"Equipa Arte351\" \/>\n<meta name=\"twitter:label1\" content=\"Escrito por\" \/>\n\t<meta name=\"twitter:data1\" content=\"Equipa Arte351\" \/>\n\t<meta name=\"twitter:label2\" content=\"Est. tempo de leitura\" \/>\n\t<meta name=\"twitter:data2\" content=\"2 minutos\" \/>\n<script type=\"application\/ld+json\" class=\"yoast-schema-graph\">{\"@context\":\"https:\\\/\\\/schema.org\",\"@graph\":[{\"@type\":\"Article\",\"@id\":\"https:\\\/\\\/arte351.pt\\\/art\\\/2024\\\/09\\\/12\\\/nova-exposicao-de-daniel-blaufuks-no-hangar-melancolia-tropical-ou-a-ilha-que-perdeu-o-equador\\\/#article\",\"isPartOf\":{\"@id\":\"https:\\\/\\\/arte351.pt\\\/art\\\/2024\\\/09\\\/12\\\/nova-exposicao-de-daniel-blaufuks-no-hangar-melancolia-tropical-ou-a-ilha-que-perdeu-o-equador\\\/\"},\"author\":{\"name\":\"Equipa Arte351\",\"@id\":\"https:\\\/\\\/arte351.pt\\\/art\\\/#\\\/schema\\\/person\\\/f2cfae59497206be61c53c217757b930\"},\"headline\":\"Nova exposi\u00e7\u00e3o de Daniel Blaufuks no Hangar: \u201cMelancolia Tropical ou a ilha que perdeu o Equador\u201d\",\"datePublished\":\"2024-09-12T06:19:21+00:00\",\"mainEntityOfPage\":{\"@id\":\"https:\\\/\\\/arte351.pt\\\/art\\\/2024\\\/09\\\/12\\\/nova-exposicao-de-daniel-blaufuks-no-hangar-melancolia-tropical-ou-a-ilha-que-perdeu-o-equador\\\/\"},\"wordCount\":307,\"publisher\":{\"@id\":\"https:\\\/\\\/arte351.pt\\\/art\\\/#organization\"},\"keywords\":[\"Hangar - Centro de Investiga\u00e7\u00e3o Art\u00edstica\"],\"articleSection\":[\"Blog ARTE-351\"],\"inLanguage\":\"pt-BR\"},{\"@type\":\"WebPage\",\"@id\":\"https:\\\/\\\/arte351.pt\\\/art\\\/2024\\\/09\\\/12\\\/nova-exposicao-de-daniel-blaufuks-no-hangar-melancolia-tropical-ou-a-ilha-que-perdeu-o-equador\\\/\",\"url\":\"https:\\\/\\\/arte351.pt\\\/art\\\/2024\\\/09\\\/12\\\/nova-exposicao-de-daniel-blaufuks-no-hangar-melancolia-tropical-ou-a-ilha-que-perdeu-o-equador\\\/\",\"name\":\"Nova exposi\u00e7\u00e3o de Daniel Blaufuks no Hangar: \u201cMelancolia Tropical ou a ilha que perdeu o Equador\u201d\",\"isPartOf\":{\"@id\":\"https:\\\/\\\/arte351.pt\\\/art\\\/#website\"},\"datePublished\":\"2024-09-12T06:19:21+00:00\",\"breadcrumb\":{\"@id\":\"https:\\\/\\\/arte351.pt\\\/art\\\/2024\\\/09\\\/12\\\/nova-exposicao-de-daniel-blaufuks-no-hangar-melancolia-tropical-ou-a-ilha-que-perdeu-o-equador\\\/#breadcrumb\"},\"inLanguage\":\"pt-BR\",\"potentialAction\":[{\"@type\":\"ReadAction\",\"target\":[\"https:\\\/\\\/arte351.pt\\\/art\\\/2024\\\/09\\\/12\\\/nova-exposicao-de-daniel-blaufuks-no-hangar-melancolia-tropical-ou-a-ilha-que-perdeu-o-equador\\\/\"]}]},{\"@type\":\"BreadcrumbList\",\"@id\":\"https:\\\/\\\/arte351.pt\\\/art\\\/2024\\\/09\\\/12\\\/nova-exposicao-de-daniel-blaufuks-no-hangar-melancolia-tropical-ou-a-ilha-que-perdeu-o-equador\\\/#breadcrumb\",\"itemListElement\":[{\"@type\":\"ListItem\",\"position\":1,\"name\":\"In\u00edcio\",\"item\":\"https:\\\/\\\/arte351.pt\\\/art\\\/\"},{\"@type\":\"ListItem\",\"position\":2,\"name\":\"Nova exposi\u00e7\u00e3o de Daniel Blaufuks no Hangar: \u201cMelancolia Tropical ou a ilha que perdeu o Equador\u201d\"}]},{\"@type\":\"WebSite\",\"@id\":\"https:\\\/\\\/arte351.pt\\\/art\\\/#website\",\"url\":\"https:\\\/\\\/arte351.pt\\\/art\\\/\",\"name\":\"Arte351 - Art Magazine Portugal\",\"description\":\"\",\"publisher\":{\"@id\":\"https:\\\/\\\/arte351.pt\\\/art\\\/#organization\"},\"potentialAction\":[{\"@type\":\"SearchAction\",\"target\":{\"@type\":\"EntryPoint\",\"urlTemplate\":\"https:\\\/\\\/arte351.pt\\\/art\\\/?s={search_term_string}\"},\"query-input\":{\"@type\":\"PropertyValueSpecification\",\"valueRequired\":true,\"valueName\":\"search_term_string\"}}],\"inLanguage\":\"pt-BR\"},{\"@type\":\"Organization\",\"@id\":\"https:\\\/\\\/arte351.pt\\\/art\\\/#organization\",\"name\":\"Arte351 - Art Magazine Portugal\",\"url\":\"https:\\\/\\\/arte351.pt\\\/art\\\/\",\"logo\":{\"@type\":\"ImageObject\",\"inLanguage\":\"pt-BR\",\"@id\":\"https:\\\/\\\/arte351.pt\\\/art\\\/#\\\/schema\\\/logo\\\/image\\\/\",\"url\":\"https:\\\/\\\/arte351.pt\\\/art\\\/wp-content\\\/uploads\\\/2020\\\/03\\\/cropped-logo-arte351-color.png\",\"contentUrl\":\"https:\\\/\\\/arte351.pt\\\/art\\\/wp-content\\\/uploads\\\/2020\\\/03\\\/cropped-logo-arte351-color.png\",\"width\":514,\"height\":200,\"caption\":\"Arte351 - Art Magazine Portugal\"},\"image\":{\"@id\":\"https:\\\/\\\/arte351.pt\\\/art\\\/#\\\/schema\\\/logo\\\/image\\\/\"},\"sameAs\":[\"https:\\\/\\\/www.facebook.com\\\/arte351magazine\\\/\"]},{\"@type\":\"Person\",\"@id\":\"https:\\\/\\\/arte351.pt\\\/art\\\/#\\\/schema\\\/person\\\/f2cfae59497206be61c53c217757b930\",\"name\":\"Equipa Arte351\",\"image\":{\"@type\":\"ImageObject\",\"inLanguage\":\"pt-BR\",\"@id\":\"https:\\\/\\\/secure.gravatar.com\\\/avatar\\\/6caca56323d52e15e83fc5635240c86f7e52fd46fa8d5df9a709d99f5aa1638e?s=96&d=mm&r=g\",\"url\":\"https:\\\/\\\/secure.gravatar.com\\\/avatar\\\/6caca56323d52e15e83fc5635240c86f7e52fd46fa8d5df9a709d99f5aa1638e?s=96&d=mm&r=g\",\"contentUrl\":\"https:\\\/\\\/secure.gravatar.com\\\/avatar\\\/6caca56323d52e15e83fc5635240c86f7e52fd46fa8d5df9a709d99f5aa1638e?s=96&d=mm&r=g\",\"caption\":\"Equipa Arte351\"},\"url\":\"https:\\\/\\\/arte351.pt\\\/art\\\/author\\\/caroleenbass\\\/\"}]}<\/script>\n<!-- \/ Yoast SEO plugin. -->","yoast_head_json":{"title":"Nova exposi\u00e7\u00e3o de Daniel Blaufuks no Hangar: \u201cMelancolia Tropical ou a ilha que perdeu o Equador\u201d","robots":{"index":"index","follow":"follow","max-snippet":"max-snippet:-1","max-image-preview":"max-image-preview:large","max-video-preview":"max-video-preview:-1"},"canonical":"https:\/\/arte351.pt\/art\/2024\/09\/12\/nova-exposicao-de-daniel-blaufuks-no-hangar-melancolia-tropical-ou-a-ilha-que-perdeu-o-equador\/","og_locale":"pt_BR","og_type":"article","og_title":"Nova exposi\u00e7\u00e3o de Daniel Blaufuks no Hangar: \u201cMelancolia Tropical ou a ilha que perdeu o Equador\u201d","og_description":"O Hangar &#8211; Centro de Investiga\u00e7\u00e3o Art\u00edstica, em Lisboa, prepara-se para inaugurar a nova exposi\u00e7\u00e3o de Daniel Blaufuks, intitulada \u201cMelancolia Tropical ou a ilha que perdeu o Equador\u201d. A inaugura\u00e7\u00e3o [&hellip;]","og_url":"https:\/\/arte351.pt\/art\/2024\/09\/12\/nova-exposicao-de-daniel-blaufuks-no-hangar-melancolia-tropical-ou-a-ilha-que-perdeu-o-equador\/","og_site_name":"Arte351 - Art Magazine Portugal","article_publisher":"https:\/\/www.facebook.com\/arte351magazine\/","article_published_time":"2024-09-12T06:19:21+00:00","author":"Equipa Arte351","twitter_misc":{"Escrito por":"Equipa Arte351","Est. tempo de leitura":"2 minutos"},"schema":{"@context":"https:\/\/schema.org","@graph":[{"@type":"Article","@id":"https:\/\/arte351.pt\/art\/2024\/09\/12\/nova-exposicao-de-daniel-blaufuks-no-hangar-melancolia-tropical-ou-a-ilha-que-perdeu-o-equador\/#article","isPartOf":{"@id":"https:\/\/arte351.pt\/art\/2024\/09\/12\/nova-exposicao-de-daniel-blaufuks-no-hangar-melancolia-tropical-ou-a-ilha-que-perdeu-o-equador\/"},"author":{"name":"Equipa Arte351","@id":"https:\/\/arte351.pt\/art\/#\/schema\/person\/f2cfae59497206be61c53c217757b930"},"headline":"Nova exposi\u00e7\u00e3o de Daniel Blaufuks no Hangar: \u201cMelancolia Tropical ou a ilha que perdeu o Equador\u201d","datePublished":"2024-09-12T06:19:21+00:00","mainEntityOfPage":{"@id":"https:\/\/arte351.pt\/art\/2024\/09\/12\/nova-exposicao-de-daniel-blaufuks-no-hangar-melancolia-tropical-ou-a-ilha-que-perdeu-o-equador\/"},"wordCount":307,"publisher":{"@id":"https:\/\/arte351.pt\/art\/#organization"},"keywords":["Hangar - Centro de Investiga\u00e7\u00e3o Art\u00edstica"],"articleSection":["Blog ARTE-351"],"inLanguage":"pt-BR"},{"@type":"WebPage","@id":"https:\/\/arte351.pt\/art\/2024\/09\/12\/nova-exposicao-de-daniel-blaufuks-no-hangar-melancolia-tropical-ou-a-ilha-que-perdeu-o-equador\/","url":"https:\/\/arte351.pt\/art\/2024\/09\/12\/nova-exposicao-de-daniel-blaufuks-no-hangar-melancolia-tropical-ou-a-ilha-que-perdeu-o-equador\/","name":"Nova exposi\u00e7\u00e3o de Daniel Blaufuks no Hangar: \u201cMelancolia Tropical ou a ilha que perdeu o Equador\u201d","isPartOf":{"@id":"https:\/\/arte351.pt\/art\/#website"},"datePublished":"2024-09-12T06:19:21+00:00","breadcrumb":{"@id":"https:\/\/arte351.pt\/art\/2024\/09\/12\/nova-exposicao-de-daniel-blaufuks-no-hangar-melancolia-tropical-ou-a-ilha-que-perdeu-o-equador\/#breadcrumb"},"inLanguage":"pt-BR","potentialAction":[{"@type":"ReadAction","target":["https:\/\/arte351.pt\/art\/2024\/09\/12\/nova-exposicao-de-daniel-blaufuks-no-hangar-melancolia-tropical-ou-a-ilha-que-perdeu-o-equador\/"]}]},{"@type":"BreadcrumbList","@id":"https:\/\/arte351.pt\/art\/2024\/09\/12\/nova-exposicao-de-daniel-blaufuks-no-hangar-melancolia-tropical-ou-a-ilha-que-perdeu-o-equador\/#breadcrumb","itemListElement":[{"@type":"ListItem","position":1,"name":"In\u00edcio","item":"https:\/\/arte351.pt\/art\/"},{"@type":"ListItem","position":2,"name":"Nova exposi\u00e7\u00e3o de Daniel Blaufuks no Hangar: \u201cMelancolia Tropical ou a ilha que perdeu o Equador\u201d"}]},{"@type":"WebSite","@id":"https:\/\/arte351.pt\/art\/#website","url":"https:\/\/arte351.pt\/art\/","name":"Arte351 - Art Magazine Portugal","description":"","publisher":{"@id":"https:\/\/arte351.pt\/art\/#organization"},"potentialAction":[{"@type":"SearchAction","target":{"@type":"EntryPoint","urlTemplate":"https:\/\/arte351.pt\/art\/?s={search_term_string}"},"query-input":{"@type":"PropertyValueSpecification","valueRequired":true,"valueName":"search_term_string"}}],"inLanguage":"pt-BR"},{"@type":"Organization","@id":"https:\/\/arte351.pt\/art\/#organization","name":"Arte351 - Art Magazine Portugal","url":"https:\/\/arte351.pt\/art\/","logo":{"@type":"ImageObject","inLanguage":"pt-BR","@id":"https:\/\/arte351.pt\/art\/#\/schema\/logo\/image\/","url":"https:\/\/arte351.pt\/art\/wp-content\/uploads\/2020\/03\/cropped-logo-arte351-color.png","contentUrl":"https:\/\/arte351.pt\/art\/wp-content\/uploads\/2020\/03\/cropped-logo-arte351-color.png","width":514,"height":200,"caption":"Arte351 - Art Magazine Portugal"},"image":{"@id":"https:\/\/arte351.pt\/art\/#\/schema\/logo\/image\/"},"sameAs":["https:\/\/www.facebook.com\/arte351magazine\/"]},{"@type":"Person","@id":"https:\/\/arte351.pt\/art\/#\/schema\/person\/f2cfae59497206be61c53c217757b930","name":"Equipa Arte351","image":{"@type":"ImageObject","inLanguage":"pt-BR","@id":"https:\/\/secure.gravatar.com\/avatar\/6caca56323d52e15e83fc5635240c86f7e52fd46fa8d5df9a709d99f5aa1638e?s=96&d=mm&r=g","url":"https:\/\/secure.gravatar.com\/avatar\/6caca56323d52e15e83fc5635240c86f7e52fd46fa8d5df9a709d99f5aa1638e?s=96&d=mm&r=g","contentUrl":"https:\/\/secure.gravatar.com\/avatar\/6caca56323d52e15e83fc5635240c86f7e52fd46fa8d5df9a709d99f5aa1638e?s=96&d=mm&r=g","caption":"Equipa Arte351"},"url":"https:\/\/arte351.pt\/art\/author\/caroleenbass\/"}]}},"_links":{"self":[{"href":"https:\/\/arte351.pt\/art\/wp-json\/wp\/v2\/posts\/8761","targetHints":{"allow":["GET"]}}],"collection":[{"href":"https:\/\/arte351.pt\/art\/wp-json\/wp\/v2\/posts"}],"about":[{"href":"https:\/\/arte351.pt\/art\/wp-json\/wp\/v2\/types\/post"}],"author":[{"embeddable":true,"href":"https:\/\/arte351.pt\/art\/wp-json\/wp\/v2\/users\/3"}],"replies":[{"embeddable":true,"href":"https:\/\/arte351.pt\/art\/wp-json\/wp\/v2\/comments?post=8761"}],"version-history":[{"count":1,"href":"https:\/\/arte351.pt\/art\/wp-json\/wp\/v2\/posts\/8761\/revisions"}],"predecessor-version":[{"id":8762,"href":"https:\/\/arte351.pt\/art\/wp-json\/wp\/v2\/posts\/8761\/revisions\/8762"}],"wp:attachment":[{"href":"https:\/\/arte351.pt\/art\/wp-json\/wp\/v2\/media?parent=8761"}],"wp:term":[{"taxonomy":"category","embeddable":true,"href":"https:\/\/arte351.pt\/art\/wp-json\/wp\/v2\/categories?post=8761"},{"taxonomy":"post_tag","embeddable":true,"href":"https:\/\/arte351.pt\/art\/wp-json\/wp\/v2\/tags?post=8761"}],"curies":[{"name":"wp","href":"https:\/\/api.w.org\/{rel}","templated":true}]}}