{"id":8790,"date":"2024-09-26T21:54:49","date_gmt":"2024-09-26T21:54:49","guid":{"rendered":"https:\/\/arte351.pt\/art\/?p=8790"},"modified":"2024-09-26T21:54:49","modified_gmt":"2024-09-26T21:54:49","slug":"jeremy-allen-white-e-molly-gordon-sao-vistos-aos-beijos-em-los-angeles","status":"publish","type":"post","link":"https:\/\/arte351.pt\/art\/2024\/09\/26\/jeremy-allen-white-e-molly-gordon-sao-vistos-aos-beijos-em-los-angeles\/","title":{"rendered":"Jeremy Allen White e Molly Gordon s\u00e3o vistos aos beijos em Los Angeles"},"content":{"rendered":"<p>Os atores Jeremy Allen White e Molly Gordon, conhecidos pelos seus pap\u00e9is na s\u00e9rie \u201cThe Bear\u201d, foram vistos aos beijos durante um passeio em Los Angeles. As fotos, obtidas pela PEOPLE, mostram o casal em um momento de carinho, com os bra\u00e7os entrela\u00e7ados e trocando beijos.<\/p>\n<p>Jeremy, de 33 anos, e Molly, de 28, interpretam interesses amorosos na s\u00e9rie, e parece que a qu\u00edmica entre eles ultrapassou as telas. Este avistamento ocorre pouco tempo ap\u00f3s rumores de um poss\u00edvel relacionamento entre Jeremy e a cantora Rosal\u00eda, com quem ele foi visto anteriormente.<\/p>\n<p>A s\u00e9rie \u201cThe Bear\u201d tem sido um grande sucesso, recebendo elogios tanto da cr\u00edtica quanto do p\u00fablico. A qu\u00edmica entre os personagens de Jeremy e Molly \u00e9 um dos pontos altos da s\u00e9rie, e os f\u00e3s agora t\u00eam mais um motivo para acompanhar de perto a vida dos seus protagonistas.<\/p>\n<p>Al\u00e9m de \u201cThe Bear\u201d, Jeremy Allen White \u00e9 conhecido pelo seu papel na s\u00e9rie \u201cShameless\u201d, onde interpretou Lip Gallagher. Molly Gordon, por sua vez, tem se destacado em produ\u00e7\u00f5es como \u201cBooksmart\u201d e \u201cGood Boys\u201d. Ambos os atores t\u00eam carreiras promissoras e s\u00e3o muito queridos pelo p\u00fablico.<\/p>\n<p>Este novo romance entre Jeremy e Molly certamente vai atrair ainda mais aten\u00e7\u00e3o para a s\u00e9rie e para os pr\u00f3prios atores. Ser\u00e1 que este relacionamento vai durar? S\u00f3 o tempo dir\u00e1, mas os f\u00e3s est\u00e3o ansiosos para ver como essa hist\u00f3ria se desenrola, tanto na vida real quanto na <a href=\"https:\/\/arte351.pt\/art\/2021\/07\/05\/premio-de-15-mil-euros-para-escritores-de-ficcao-ate-31-de-julho\/\" target=\"_blank\" rel=\"noopener\">fic\u00e7\u00e3o<\/a>.<\/p>\n<p>Fonte: <a href=\"https:\/\/people.com\/jeremy-allen-white-spotted-kissing-the-bear-costar-molly-gordon-8719033\" target=\"_blank\" rel=\"noopener\">People<\/a><\/p>\n<figure class=\"thumbnail wp-caption alignnone\" style=\"width: 1510px\"><img fetchpriority=\"high\" decoding=\"async\" class=\"size-large\" src=\"https:\/\/people.com\/thmb\/w6UCsta5uSpYaZMhLV9QsZ3ONTM=\/4000x0\/filters:no_upscale():max_bytes(150000):strip_icc():focal(749x0:751x2):format(webp)\/Jeremy-Allen-White-Molly-Gordon-1-tout-71496751398345618d20731eb7126edb.jpg\" width=\"1500\" height=\"1000\" \/><figcaption class=\"caption wp-caption-text\">Jeremy Allen White and Molly Gordon. TheImageDirect.com<\/figcaption><\/figure>\n<figure class=\"thumbnail wp-caption alignnone\" style=\"width: 1255px\"><img decoding=\"async\" class=\"size-large\" src=\"https:\/\/people.com\/thmb\/dnfhvM-mBD-3rYJsSShDgDFMLGs=\/4000x0\/filters:no_upscale():max_bytes(150000):strip_icc():focal(621x0:623x2):format(webp)\/Jeremy-Allen-White-Molly-Gordon-2-fd5ad14d2f844dd783c2ee64f61cac69.jpg\" width=\"1245\" height=\"1500\" \/><figcaption class=\"caption wp-caption-text\">Jeremy Allen White and Molly Gordon. TheImageDirect.com<\/figcaption><\/figure>\n","protected":false},"excerpt":{"rendered":"<p>Os atores Jeremy Allen White e Molly Gordon, conhecidos pelos seus pap\u00e9is na s\u00e9rie \u201cThe Bear\u201d, foram vistos aos beijos durante um passeio em Los Angeles. As fotos, obtidas pela [&hellip;]<\/p>\n","protected":false},"author":3,"featured_media":0,"comment_status":"closed","ping_status":"closed","sticky":false,"template":"","format":"standard","meta":{"_exactmetrics_skip_tracking":false,"_exactmetrics_sitenote_active":false,"_exactmetrics_sitenote_note":"","_exactmetrics_sitenote_category":0,"_uf_show_specific_survey":0,"_uf_disable_surveys":false,"footnotes":""},"categories":[1],"tags":[],"class_list":["post-8790","post","type-post","status-publish","format-standard","hentry","category-sem-categoria"],"yoast_head":"<!-- This site is optimized with the Yoast SEO plugin v27.3 - https:\/\/yoast.com\/product\/yoast-seo-wordpress\/ -->\n<title>Jeremy Allen White e Molly Gordon s\u00e3o vistos aos beijos em Los Angeles<\/title>\n<meta name=\"description\" content=\"e Molly Gordon, conhecidos pelos seus pap\u00e9is na s\u00e9rie \u201cThe Bear\u201d, foram vistos aos beijos durante um.......\" \/>\n<meta name=\"robots\" content=\"index, follow, max-snippet:-1, max-image-preview:large, max-video-preview:-1\" \/>\n<link rel=\"canonical\" href=\"https:\/\/arte351.pt\/art\/2024\/09\/26\/jeremy-allen-white-e-molly-gordon-sao-vistos-aos-beijos-em-los-angeles\/\" \/>\n<meta property=\"og:locale\" content=\"pt_BR\" \/>\n<meta property=\"og:type\" content=\"article\" \/>\n<meta property=\"og:title\" content=\"Jeremy Allen White e Molly Gordon s\u00e3o vistos aos beijos em Los Angeles\" \/>\n<meta property=\"og:description\" content=\"e Molly Gordon, conhecidos pelos seus pap\u00e9is na s\u00e9rie \u201cThe Bear\u201d, foram vistos aos beijos durante um.......\" \/>\n<meta property=\"og:url\" content=\"https:\/\/arte351.pt\/art\/2024\/09\/26\/jeremy-allen-white-e-molly-gordon-sao-vistos-aos-beijos-em-los-angeles\/\" \/>\n<meta property=\"og:site_name\" content=\"Arte351 - Art Magazine Portugal\" \/>\n<meta property=\"article:publisher\" content=\"https:\/\/www.facebook.com\/arte351magazine\/\" \/>\n<meta property=\"article:published_time\" content=\"2024-09-26T21:54:49+00:00\" \/>\n<meta property=\"og:image\" content=\"https:\/\/people.com\/thmb\/w6UCsta5uSpYaZMhLV9QsZ3ONTM=\/4000x0\/filters:no_upscale():max_bytes(150000):strip_icc():focal(749x0:751x2):format(webp)\/Jeremy-Allen-White-Molly-Gordon-1-tout-71496751398345618d20731eb7126edb.jpg\" \/>\n<meta name=\"author\" content=\"Equipa Arte351\" \/>\n<meta name=\"twitter:label1\" content=\"Escrito por\" \/>\n\t<meta name=\"twitter:data1\" content=\"Equipa Arte351\" \/>\n\t<meta name=\"twitter:label2\" content=\"Est. tempo de leitura\" \/>\n\t<meta name=\"twitter:data2\" content=\"2 minutos\" \/>\n<script type=\"application\/ld+json\" class=\"yoast-schema-graph\">{\"@context\":\"https:\\\/\\\/schema.org\",\"@graph\":[{\"@type\":\"Article\",\"@id\":\"https:\\\/\\\/arte351.pt\\\/art\\\/2024\\\/09\\\/26\\\/jeremy-allen-white-e-molly-gordon-sao-vistos-aos-beijos-em-los-angeles\\\/#article\",\"isPartOf\":{\"@id\":\"https:\\\/\\\/arte351.pt\\\/art\\\/2024\\\/09\\\/26\\\/jeremy-allen-white-e-molly-gordon-sao-vistos-aos-beijos-em-los-angeles\\\/\"},\"author\":{\"name\":\"Equipa Arte351\",\"@id\":\"https:\\\/\\\/arte351.pt\\\/art\\\/#\\\/schema\\\/person\\\/f2cfae59497206be61c53c217757b930\"},\"headline\":\"Jeremy Allen White e Molly Gordon s\u00e3o vistos aos beijos em Los Angeles\",\"datePublished\":\"2024-09-26T21:54:49+00:00\",\"mainEntityOfPage\":{\"@id\":\"https:\\\/\\\/arte351.pt\\\/art\\\/2024\\\/09\\\/26\\\/jeremy-allen-white-e-molly-gordon-sao-vistos-aos-beijos-em-los-angeles\\\/\"},\"wordCount\":307,\"publisher\":{\"@id\":\"https:\\\/\\\/arte351.pt\\\/art\\\/#organization\"},\"image\":{\"@id\":\"https:\\\/\\\/arte351.pt\\\/art\\\/2024\\\/09\\\/26\\\/jeremy-allen-white-e-molly-gordon-sao-vistos-aos-beijos-em-los-angeles\\\/#primaryimage\"},\"thumbnailUrl\":\"https:\\\/\\\/people.com\\\/thmb\\\/w6UCsta5uSpYaZMhLV9QsZ3ONTM=\\\/4000x0\\\/filters:no_upscale():max_bytes(150000):strip_icc():focal(749x0:751x2):format(webp)\\\/Jeremy-Allen-White-Molly-Gordon-1-tout-71496751398345618d20731eb7126edb.jpg\",\"articleSection\":[\"Blog ARTE-351\"],\"inLanguage\":\"pt-BR\"},{\"@type\":\"WebPage\",\"@id\":\"https:\\\/\\\/arte351.pt\\\/art\\\/2024\\\/09\\\/26\\\/jeremy-allen-white-e-molly-gordon-sao-vistos-aos-beijos-em-los-angeles\\\/\",\"url\":\"https:\\\/\\\/arte351.pt\\\/art\\\/2024\\\/09\\\/26\\\/jeremy-allen-white-e-molly-gordon-sao-vistos-aos-beijos-em-los-angeles\\\/\",\"name\":\"Jeremy Allen White e Molly Gordon s\u00e3o vistos aos beijos em Los Angeles\",\"isPartOf\":{\"@id\":\"https:\\\/\\\/arte351.pt\\\/art\\\/#website\"},\"primaryImageOfPage\":{\"@id\":\"https:\\\/\\\/arte351.pt\\\/art\\\/2024\\\/09\\\/26\\\/jeremy-allen-white-e-molly-gordon-sao-vistos-aos-beijos-em-los-angeles\\\/#primaryimage\"},\"image\":{\"@id\":\"https:\\\/\\\/arte351.pt\\\/art\\\/2024\\\/09\\\/26\\\/jeremy-allen-white-e-molly-gordon-sao-vistos-aos-beijos-em-los-angeles\\\/#primaryimage\"},\"thumbnailUrl\":\"https:\\\/\\\/people.com\\\/thmb\\\/w6UCsta5uSpYaZMhLV9QsZ3ONTM=\\\/4000x0\\\/filters:no_upscale():max_bytes(150000):strip_icc():focal(749x0:751x2):format(webp)\\\/Jeremy-Allen-White-Molly-Gordon-1-tout-71496751398345618d20731eb7126edb.jpg\",\"datePublished\":\"2024-09-26T21:54:49+00:00\",\"description\":\"e Molly Gordon, conhecidos pelos seus pap\u00e9is na s\u00e9rie \u201cThe Bear\u201d, foram vistos aos beijos durante um.......\",\"breadcrumb\":{\"@id\":\"https:\\\/\\\/arte351.pt\\\/art\\\/2024\\\/09\\\/26\\\/jeremy-allen-white-e-molly-gordon-sao-vistos-aos-beijos-em-los-angeles\\\/#breadcrumb\"},\"inLanguage\":\"pt-BR\",\"potentialAction\":[{\"@type\":\"ReadAction\",\"target\":[\"https:\\\/\\\/arte351.pt\\\/art\\\/2024\\\/09\\\/26\\\/jeremy-allen-white-e-molly-gordon-sao-vistos-aos-beijos-em-los-angeles\\\/\"]}]},{\"@type\":\"ImageObject\",\"inLanguage\":\"pt-BR\",\"@id\":\"https:\\\/\\\/arte351.pt\\\/art\\\/2024\\\/09\\\/26\\\/jeremy-allen-white-e-molly-gordon-sao-vistos-aos-beijos-em-los-angeles\\\/#primaryimage\",\"url\":\"https:\\\/\\\/people.com\\\/thmb\\\/w6UCsta5uSpYaZMhLV9QsZ3ONTM=\\\/4000x0\\\/filters:no_upscale():max_bytes(150000):strip_icc():focal(749x0:751x2):format(webp)\\\/Jeremy-Allen-White-Molly-Gordon-1-tout-71496751398345618d20731eb7126edb.jpg\",\"contentUrl\":\"https:\\\/\\\/people.com\\\/thmb\\\/w6UCsta5uSpYaZMhLV9QsZ3ONTM=\\\/4000x0\\\/filters:no_upscale():max_bytes(150000):strip_icc():focal(749x0:751x2):format(webp)\\\/Jeremy-Allen-White-Molly-Gordon-1-tout-71496751398345618d20731eb7126edb.jpg\"},{\"@type\":\"BreadcrumbList\",\"@id\":\"https:\\\/\\\/arte351.pt\\\/art\\\/2024\\\/09\\\/26\\\/jeremy-allen-white-e-molly-gordon-sao-vistos-aos-beijos-em-los-angeles\\\/#breadcrumb\",\"itemListElement\":[{\"@type\":\"ListItem\",\"position\":1,\"name\":\"In\u00edcio\",\"item\":\"https:\\\/\\\/arte351.pt\\\/art\\\/\"},{\"@type\":\"ListItem\",\"position\":2,\"name\":\"Jeremy Allen White e Molly Gordon s\u00e3o vistos aos beijos em Los Angeles\"}]},{\"@type\":\"WebSite\",\"@id\":\"https:\\\/\\\/arte351.pt\\\/art\\\/#website\",\"url\":\"https:\\\/\\\/arte351.pt\\\/art\\\/\",\"name\":\"Arte351 - Art Magazine Portugal\",\"description\":\"\",\"publisher\":{\"@id\":\"https:\\\/\\\/arte351.pt\\\/art\\\/#organization\"},\"potentialAction\":[{\"@type\":\"SearchAction\",\"target\":{\"@type\":\"EntryPoint\",\"urlTemplate\":\"https:\\\/\\\/arte351.pt\\\/art\\\/?s={search_term_string}\"},\"query-input\":{\"@type\":\"PropertyValueSpecification\",\"valueRequired\":true,\"valueName\":\"search_term_string\"}}],\"inLanguage\":\"pt-BR\"},{\"@type\":\"Organization\",\"@id\":\"https:\\\/\\\/arte351.pt\\\/art\\\/#organization\",\"name\":\"Arte351 - Art Magazine Portugal\",\"url\":\"https:\\\/\\\/arte351.pt\\\/art\\\/\",\"logo\":{\"@type\":\"ImageObject\",\"inLanguage\":\"pt-BR\",\"@id\":\"https:\\\/\\\/arte351.pt\\\/art\\\/#\\\/schema\\\/logo\\\/image\\\/\",\"url\":\"https:\\\/\\\/arte351.pt\\\/art\\\/wp-content\\\/uploads\\\/2020\\\/03\\\/cropped-logo-arte351-color.png\",\"contentUrl\":\"https:\\\/\\\/arte351.pt\\\/art\\\/wp-content\\\/uploads\\\/2020\\\/03\\\/cropped-logo-arte351-color.png\",\"width\":514,\"height\":200,\"caption\":\"Arte351 - Art Magazine Portugal\"},\"image\":{\"@id\":\"https:\\\/\\\/arte351.pt\\\/art\\\/#\\\/schema\\\/logo\\\/image\\\/\"},\"sameAs\":[\"https:\\\/\\\/www.facebook.com\\\/arte351magazine\\\/\"]},{\"@type\":\"Person\",\"@id\":\"https:\\\/\\\/arte351.pt\\\/art\\\/#\\\/schema\\\/person\\\/f2cfae59497206be61c53c217757b930\",\"name\":\"Equipa Arte351\",\"image\":{\"@type\":\"ImageObject\",\"inLanguage\":\"pt-BR\",\"@id\":\"https:\\\/\\\/secure.gravatar.com\\\/avatar\\\/6caca56323d52e15e83fc5635240c86f7e52fd46fa8d5df9a709d99f5aa1638e?s=96&d=mm&r=g\",\"url\":\"https:\\\/\\\/secure.gravatar.com\\\/avatar\\\/6caca56323d52e15e83fc5635240c86f7e52fd46fa8d5df9a709d99f5aa1638e?s=96&d=mm&r=g\",\"contentUrl\":\"https:\\\/\\\/secure.gravatar.com\\\/avatar\\\/6caca56323d52e15e83fc5635240c86f7e52fd46fa8d5df9a709d99f5aa1638e?s=96&d=mm&r=g\",\"caption\":\"Equipa Arte351\"},\"url\":\"https:\\\/\\\/arte351.pt\\\/art\\\/author\\\/caroleenbass\\\/\"}]}<\/script>\n<!-- \/ Yoast SEO plugin. -->","yoast_head_json":{"title":"Jeremy Allen White e Molly Gordon s\u00e3o vistos aos beijos em Los Angeles","description":"e Molly Gordon, conhecidos pelos seus pap\u00e9is na s\u00e9rie \u201cThe Bear\u201d, foram vistos aos beijos durante um.......","robots":{"index":"index","follow":"follow","max-snippet":"max-snippet:-1","max-image-preview":"max-image-preview:large","max-video-preview":"max-video-preview:-1"},"canonical":"https:\/\/arte351.pt\/art\/2024\/09\/26\/jeremy-allen-white-e-molly-gordon-sao-vistos-aos-beijos-em-los-angeles\/","og_locale":"pt_BR","og_type":"article","og_title":"Jeremy Allen White e Molly Gordon s\u00e3o vistos aos beijos em Los Angeles","og_description":"e Molly Gordon, conhecidos pelos seus pap\u00e9is na s\u00e9rie \u201cThe Bear\u201d, foram vistos aos beijos durante um.......","og_url":"https:\/\/arte351.pt\/art\/2024\/09\/26\/jeremy-allen-white-e-molly-gordon-sao-vistos-aos-beijos-em-los-angeles\/","og_site_name":"Arte351 - Art Magazine Portugal","article_publisher":"https:\/\/www.facebook.com\/arte351magazine\/","article_published_time":"2024-09-26T21:54:49+00:00","og_image":[{"url":"https:\/\/people.com\/thmb\/w6UCsta5uSpYaZMhLV9QsZ3ONTM=\/4000x0\/filters:no_upscale():max_bytes(150000):strip_icc():focal(749x0:751x2):format(webp)\/Jeremy-Allen-White-Molly-Gordon-1-tout-71496751398345618d20731eb7126edb.jpg","type":"","width":"","height":""}],"author":"Equipa Arte351","twitter_misc":{"Escrito por":"Equipa Arte351","Est. tempo de leitura":"2 minutos"},"schema":{"@context":"https:\/\/schema.org","@graph":[{"@type":"Article","@id":"https:\/\/arte351.pt\/art\/2024\/09\/26\/jeremy-allen-white-e-molly-gordon-sao-vistos-aos-beijos-em-los-angeles\/#article","isPartOf":{"@id":"https:\/\/arte351.pt\/art\/2024\/09\/26\/jeremy-allen-white-e-molly-gordon-sao-vistos-aos-beijos-em-los-angeles\/"},"author":{"name":"Equipa Arte351","@id":"https:\/\/arte351.pt\/art\/#\/schema\/person\/f2cfae59497206be61c53c217757b930"},"headline":"Jeremy Allen White e Molly Gordon s\u00e3o vistos aos beijos em Los Angeles","datePublished":"2024-09-26T21:54:49+00:00","mainEntityOfPage":{"@id":"https:\/\/arte351.pt\/art\/2024\/09\/26\/jeremy-allen-white-e-molly-gordon-sao-vistos-aos-beijos-em-los-angeles\/"},"wordCount":307,"publisher":{"@id":"https:\/\/arte351.pt\/art\/#organization"},"image":{"@id":"https:\/\/arte351.pt\/art\/2024\/09\/26\/jeremy-allen-white-e-molly-gordon-sao-vistos-aos-beijos-em-los-angeles\/#primaryimage"},"thumbnailUrl":"https:\/\/people.com\/thmb\/w6UCsta5uSpYaZMhLV9QsZ3ONTM=\/4000x0\/filters:no_upscale():max_bytes(150000):strip_icc():focal(749x0:751x2):format(webp)\/Jeremy-Allen-White-Molly-Gordon-1-tout-71496751398345618d20731eb7126edb.jpg","articleSection":["Blog ARTE-351"],"inLanguage":"pt-BR"},{"@type":"WebPage","@id":"https:\/\/arte351.pt\/art\/2024\/09\/26\/jeremy-allen-white-e-molly-gordon-sao-vistos-aos-beijos-em-los-angeles\/","url":"https:\/\/arte351.pt\/art\/2024\/09\/26\/jeremy-allen-white-e-molly-gordon-sao-vistos-aos-beijos-em-los-angeles\/","name":"Jeremy Allen White e Molly Gordon s\u00e3o vistos aos beijos em Los Angeles","isPartOf":{"@id":"https:\/\/arte351.pt\/art\/#website"},"primaryImageOfPage":{"@id":"https:\/\/arte351.pt\/art\/2024\/09\/26\/jeremy-allen-white-e-molly-gordon-sao-vistos-aos-beijos-em-los-angeles\/#primaryimage"},"image":{"@id":"https:\/\/arte351.pt\/art\/2024\/09\/26\/jeremy-allen-white-e-molly-gordon-sao-vistos-aos-beijos-em-los-angeles\/#primaryimage"},"thumbnailUrl":"https:\/\/people.com\/thmb\/w6UCsta5uSpYaZMhLV9QsZ3ONTM=\/4000x0\/filters:no_upscale():max_bytes(150000):strip_icc():focal(749x0:751x2):format(webp)\/Jeremy-Allen-White-Molly-Gordon-1-tout-71496751398345618d20731eb7126edb.jpg","datePublished":"2024-09-26T21:54:49+00:00","description":"e Molly Gordon, conhecidos pelos seus pap\u00e9is na s\u00e9rie \u201cThe Bear\u201d, foram vistos aos beijos durante um.......","breadcrumb":{"@id":"https:\/\/arte351.pt\/art\/2024\/09\/26\/jeremy-allen-white-e-molly-gordon-sao-vistos-aos-beijos-em-los-angeles\/#breadcrumb"},"inLanguage":"pt-BR","potentialAction":[{"@type":"ReadAction","target":["https:\/\/arte351.pt\/art\/2024\/09\/26\/jeremy-allen-white-e-molly-gordon-sao-vistos-aos-beijos-em-los-angeles\/"]}]},{"@type":"ImageObject","inLanguage":"pt-BR","@id":"https:\/\/arte351.pt\/art\/2024\/09\/26\/jeremy-allen-white-e-molly-gordon-sao-vistos-aos-beijos-em-los-angeles\/#primaryimage","url":"https:\/\/people.com\/thmb\/w6UCsta5uSpYaZMhLV9QsZ3ONTM=\/4000x0\/filters:no_upscale():max_bytes(150000):strip_icc():focal(749x0:751x2):format(webp)\/Jeremy-Allen-White-Molly-Gordon-1-tout-71496751398345618d20731eb7126edb.jpg","contentUrl":"https:\/\/people.com\/thmb\/w6UCsta5uSpYaZMhLV9QsZ3ONTM=\/4000x0\/filters:no_upscale():max_bytes(150000):strip_icc():focal(749x0:751x2):format(webp)\/Jeremy-Allen-White-Molly-Gordon-1-tout-71496751398345618d20731eb7126edb.jpg"},{"@type":"BreadcrumbList","@id":"https:\/\/arte351.pt\/art\/2024\/09\/26\/jeremy-allen-white-e-molly-gordon-sao-vistos-aos-beijos-em-los-angeles\/#breadcrumb","itemListElement":[{"@type":"ListItem","position":1,"name":"In\u00edcio","item":"https:\/\/arte351.pt\/art\/"},{"@type":"ListItem","position":2,"name":"Jeremy Allen White e Molly Gordon s\u00e3o vistos aos beijos em Los Angeles"}]},{"@type":"WebSite","@id":"https:\/\/arte351.pt\/art\/#website","url":"https:\/\/arte351.pt\/art\/","name":"Arte351 - Art Magazine Portugal","description":"","publisher":{"@id":"https:\/\/arte351.pt\/art\/#organization"},"potentialAction":[{"@type":"SearchAction","target":{"@type":"EntryPoint","urlTemplate":"https:\/\/arte351.pt\/art\/?s={search_term_string}"},"query-input":{"@type":"PropertyValueSpecification","valueRequired":true,"valueName":"search_term_string"}}],"inLanguage":"pt-BR"},{"@type":"Organization","@id":"https:\/\/arte351.pt\/art\/#organization","name":"Arte351 - Art Magazine Portugal","url":"https:\/\/arte351.pt\/art\/","logo":{"@type":"ImageObject","inLanguage":"pt-BR","@id":"https:\/\/arte351.pt\/art\/#\/schema\/logo\/image\/","url":"https:\/\/arte351.pt\/art\/wp-content\/uploads\/2020\/03\/cropped-logo-arte351-color.png","contentUrl":"https:\/\/arte351.pt\/art\/wp-content\/uploads\/2020\/03\/cropped-logo-arte351-color.png","width":514,"height":200,"caption":"Arte351 - Art Magazine Portugal"},"image":{"@id":"https:\/\/arte351.pt\/art\/#\/schema\/logo\/image\/"},"sameAs":["https:\/\/www.facebook.com\/arte351magazine\/"]},{"@type":"Person","@id":"https:\/\/arte351.pt\/art\/#\/schema\/person\/f2cfae59497206be61c53c217757b930","name":"Equipa Arte351","image":{"@type":"ImageObject","inLanguage":"pt-BR","@id":"https:\/\/secure.gravatar.com\/avatar\/6caca56323d52e15e83fc5635240c86f7e52fd46fa8d5df9a709d99f5aa1638e?s=96&d=mm&r=g","url":"https:\/\/secure.gravatar.com\/avatar\/6caca56323d52e15e83fc5635240c86f7e52fd46fa8d5df9a709d99f5aa1638e?s=96&d=mm&r=g","contentUrl":"https:\/\/secure.gravatar.com\/avatar\/6caca56323d52e15e83fc5635240c86f7e52fd46fa8d5df9a709d99f5aa1638e?s=96&d=mm&r=g","caption":"Equipa Arte351"},"url":"https:\/\/arte351.pt\/art\/author\/caroleenbass\/"}]}},"_links":{"self":[{"href":"https:\/\/arte351.pt\/art\/wp-json\/wp\/v2\/posts\/8790","targetHints":{"allow":["GET"]}}],"collection":[{"href":"https:\/\/arte351.pt\/art\/wp-json\/wp\/v2\/posts"}],"about":[{"href":"https:\/\/arte351.pt\/art\/wp-json\/wp\/v2\/types\/post"}],"author":[{"embeddable":true,"href":"https:\/\/arte351.pt\/art\/wp-json\/wp\/v2\/users\/3"}],"replies":[{"embeddable":true,"href":"https:\/\/arte351.pt\/art\/wp-json\/wp\/v2\/comments?post=8790"}],"version-history":[{"count":1,"href":"https:\/\/arte351.pt\/art\/wp-json\/wp\/v2\/posts\/8790\/revisions"}],"predecessor-version":[{"id":8791,"href":"https:\/\/arte351.pt\/art\/wp-json\/wp\/v2\/posts\/8790\/revisions\/8791"}],"wp:attachment":[{"href":"https:\/\/arte351.pt\/art\/wp-json\/wp\/v2\/media?parent=8790"}],"wp:term":[{"taxonomy":"category","embeddable":true,"href":"https:\/\/arte351.pt\/art\/wp-json\/wp\/v2\/categories?post=8790"},{"taxonomy":"post_tag","embeddable":true,"href":"https:\/\/arte351.pt\/art\/wp-json\/wp\/v2\/tags?post=8790"}],"curies":[{"name":"wp","href":"https:\/\/api.w.org\/{rel}","templated":true}]}}