{"id":8792,"date":"2024-09-27T23:07:16","date_gmt":"2024-09-27T23:07:16","guid":{"rendered":"https:\/\/arte351.pt\/art\/?p=8792"},"modified":"2024-09-26T23:14:49","modified_gmt":"2024-09-26T23:14:49","slug":"39o-bazar-diplomatico-2024","status":"publish","type":"post","link":"https:\/\/arte351.pt\/art\/2024\/09\/27\/39o-bazar-diplomatico-2024\/","title":{"rendered":"39\u00ba Bazar diplom\u00e1tico 2024"},"content":{"rendered":"<div class=\"content user-select-text\" aria-description=\"\" aria-label=\"Enviado por Copilot: ### 39\u00ba Bazar Internacional Do Corpo Diplom\u00e1tico 2024\n\nO Centro de Congressos de Lisboa ser\u00e1 palco do 39\u00ba Bazar Internacional do Corpo Diplom\u00e1tico nos dias 8 e 9 de novembro de 2024, das 11h \u00e0s 19h. Este evento anual, que j\u00e1 se tornou uma tradi\u00e7\u00e3o, tem como objetivo arrecadar fundos para institui\u00e7\u00f5es que apoiam a terceira idade.\n\nOs visitantes poder\u00e3o explorar uma variedade de produtos artesanais, culin\u00e1ria internacional e artigos exclusivos de diversos pa\u00edses, representados pelos membros do corpo diplom\u00e1tico. Al\u00e9m das compras, o bazar oferece uma oportunidade \u00fanica de conhecer diferentes culturas e tradi\u00e7\u00f5es.\n\nA entrada para o evento custa apenas 2\u20ac, e todo o valor arrecadado ser\u00e1 destinado a institui\u00e7\u00f5es beneficentes que trabalham com idosos, proporcionando-lhes melhor qualidade de vida e apoio necess\u00e1rio.\n\nN\u00e3o perca a chance de participar deste evento solid\u00e1rio e culturalmente enriquecedor!\"><\/p>\n<div class=\"ac-container ac-adaptiveCard has-image\">\n<div class=\"ac-textBlock\">\n<p>39\u00ba Bazar diplom\u00e1tico 2024 &#8211; O Centro de Congressos de Lisboa ser\u00e1 palco do 39\u00ba Bazar Internacional do Corpo Diplom\u00e1tico nos dias 8 e 9 de novembro de 2024, das 11h \u00e0s 19h. Este evento anual, que j\u00e1 se tornou uma tradi\u00e7\u00e3o, tem como objetivo arrecadar fundos para institui\u00e7\u00f5es que apoiam a terceira idade.<\/p>\n<p>Os visitantes poder\u00e3o explorar uma variedade de produtos artesanais, culin\u00e1ria internacional e artigos exclusivos de diversos pa\u00edses, representados pelos membros do corpo diplom\u00e1tico. Al\u00e9m das compras, o bazar oferece uma oportunidade \u00fanica de conhecer diferentes culturas e tradi\u00e7\u00f5es.<\/p>\n<p>A entrada para o evento custa apenas 2\u20ac, e todo o valor arrecadado ser\u00e1 destinado a institui\u00e7\u00f5es beneficentes que trabalham com idosos, proporcionando-lhes melhor qualidade de vida e apoio necess\u00e1rio.<\/p>\n<p>N\u00e3o perca a chance de participar deste evento solid\u00e1rio e culturalmente enriquecedor!<\/p>\n<p><img fetchpriority=\"high\" decoding=\"async\" class=\"alignnone size-large\" src=\"https:\/\/scontent.flis6-2.fna.fbcdn.net\/v\/t39.30808-6\/461267235_933331762169292_7279254796018737676_n.jpg?stp=dst-jpg_s1080x2048&amp;_nc_cat=108&amp;ccb=1-7&amp;_nc_sid=127cfc&amp;_nc_ohc=e7FUPLsY-iYQ7kNvgH47vBd&amp;_nc_ht=scontent.flis6-2.fna&amp;_nc_gid=AVVvcAsDQY1HFJQyXNZp9wk&amp;oh=00_AYD8uOPYIO_t1E2daADz2E0_fPGophKa5vHzlUceT5NVQA&amp;oe=66FBC3CA\" width=\"1080\" height=\"1528\" \/><\/p>\n<\/div>\n<\/div>\n<div class=\"ad-container\"><\/div>\n<\/div>\n","protected":false},"excerpt":{"rendered":"<p>39\u00ba Bazar diplom\u00e1tico 2024 &#8211; O Centro de Congressos de Lisboa ser\u00e1 palco do 39\u00ba Bazar Internacional do Corpo Diplom\u00e1tico nos dias 8 e 9 de novembro de 2024, das [&hellip;]<\/p>\n","protected":false},"author":3,"featured_media":0,"comment_status":"closed","ping_status":"closed","sticky":false,"template":"","format":"standard","meta":{"_exactmetrics_skip_tracking":false,"_exactmetrics_sitenote_active":false,"_exactmetrics_sitenote_note":"","_exactmetrics_sitenote_category":0,"_uf_show_specific_survey":0,"_uf_disable_surveys":false,"footnotes":""},"categories":[1],"tags":[],"class_list":["post-8792","post","type-post","status-publish","format-standard","hentry","category-sem-categoria"],"yoast_head":"<!-- This site is optimized with the Yoast SEO plugin v27.3 - https:\/\/yoast.com\/product\/yoast-seo-wordpress\/ -->\n<title>39\u00ba Bazar diplom\u00e1tico 2024 - Arte351 - Art Magazine Portugal<\/title>\n<meta name=\"description\" content=\"Bazar diplom\u00e1tico 2024 - O Centro de Congressos de Lisboa ser\u00e1 palco do 39\u00ba Bazar Internacional do Corpo...\" \/>\n<meta name=\"robots\" content=\"index, follow, max-snippet:-1, max-image-preview:large, max-video-preview:-1\" \/>\n<link rel=\"canonical\" href=\"https:\/\/arte351.pt\/art\/2024\/09\/27\/39o-bazar-diplomatico-2024\/\" \/>\n<meta property=\"og:locale\" content=\"pt_BR\" \/>\n<meta property=\"og:type\" content=\"article\" \/>\n<meta property=\"og:title\" content=\"39\u00ba Bazar diplom\u00e1tico 2024 - Arte351 - Art Magazine Portugal\" \/>\n<meta property=\"og:description\" content=\"Bazar diplom\u00e1tico 2024 - O Centro de Congressos de Lisboa ser\u00e1 palco do 39\u00ba Bazar Internacional do Corpo...\" \/>\n<meta property=\"og:url\" content=\"https:\/\/arte351.pt\/art\/2024\/09\/27\/39o-bazar-diplomatico-2024\/\" \/>\n<meta property=\"og:site_name\" content=\"Arte351 - Art Magazine Portugal\" \/>\n<meta property=\"article:publisher\" content=\"https:\/\/www.facebook.com\/arte351magazine\/\" \/>\n<meta property=\"article:published_time\" content=\"2024-09-27T23:07:16+00:00\" \/>\n<meta property=\"og:image\" content=\"https:\/\/scontent.flis6-2.fna.fbcdn.net\/v\/t39.30808-6\/461267235_933331762169292_7279254796018737676_n.jpg?stp=dst-jpg_s1080x2048&amp;_nc_cat=108&amp;ccb=1-7&amp;_nc_sid=127cfc&amp;_nc_ohc=e7FUPLsY-iYQ7kNvgH47vBd&amp;_nc_ht=scontent.flis6-2.fna&amp;_nc_gid=AVVvcAsDQY1HFJQyXNZp9wk&amp;oh=00_AYD8uOPYIO_t1E2daADz2E0_fPGophKa5vHzlUceT5NVQA&amp;oe=66FBC3CA\" \/>\n<meta name=\"author\" content=\"Equipa Arte351\" \/>\n<meta name=\"twitter:label1\" content=\"Escrito por\" \/>\n\t<meta name=\"twitter:data1\" content=\"Equipa Arte351\" \/>\n\t<meta name=\"twitter:label2\" content=\"Est. tempo de leitura\" \/>\n\t<meta name=\"twitter:data2\" content=\"1 minuto\" \/>\n<script type=\"application\/ld+json\" class=\"yoast-schema-graph\">{\"@context\":\"https:\\\/\\\/schema.org\",\"@graph\":[{\"@type\":\"Article\",\"@id\":\"https:\\\/\\\/arte351.pt\\\/art\\\/2024\\\/09\\\/27\\\/39o-bazar-diplomatico-2024\\\/#article\",\"isPartOf\":{\"@id\":\"https:\\\/\\\/arte351.pt\\\/art\\\/2024\\\/09\\\/27\\\/39o-bazar-diplomatico-2024\\\/\"},\"author\":{\"name\":\"Equipa Arte351\",\"@id\":\"https:\\\/\\\/arte351.pt\\\/art\\\/#\\\/schema\\\/person\\\/f2cfae59497206be61c53c217757b930\"},\"headline\":\"39\u00ba Bazar diplom\u00e1tico 2024\",\"datePublished\":\"2024-09-27T23:07:16+00:00\",\"mainEntityOfPage\":{\"@id\":\"https:\\\/\\\/arte351.pt\\\/art\\\/2024\\\/09\\\/27\\\/39o-bazar-diplomatico-2024\\\/\"},\"wordCount\":144,\"publisher\":{\"@id\":\"https:\\\/\\\/arte351.pt\\\/art\\\/#organization\"},\"image\":{\"@id\":\"https:\\\/\\\/arte351.pt\\\/art\\\/2024\\\/09\\\/27\\\/39o-bazar-diplomatico-2024\\\/#primaryimage\"},\"thumbnailUrl\":\"https:\\\/\\\/scontent.flis6-2.fna.fbcdn.net\\\/v\\\/t39.30808-6\\\/461267235_933331762169292_7279254796018737676_n.jpg?stp=dst-jpg_s1080x2048&amp;_nc_cat=108&amp;ccb=1-7&amp;_nc_sid=127cfc&amp;_nc_ohc=e7FUPLsY-iYQ7kNvgH47vBd&amp;_nc_ht=scontent.flis6-2.fna&amp;_nc_gid=AVVvcAsDQY1HFJQyXNZp9wk&amp;oh=00_AYD8uOPYIO_t1E2daADz2E0_fPGophKa5vHzlUceT5NVQA&amp;oe=66FBC3CA\",\"articleSection\":[\"Blog ARTE-351\"],\"inLanguage\":\"pt-BR\"},{\"@type\":\"WebPage\",\"@id\":\"https:\\\/\\\/arte351.pt\\\/art\\\/2024\\\/09\\\/27\\\/39o-bazar-diplomatico-2024\\\/\",\"url\":\"https:\\\/\\\/arte351.pt\\\/art\\\/2024\\\/09\\\/27\\\/39o-bazar-diplomatico-2024\\\/\",\"name\":\"39\u00ba Bazar diplom\u00e1tico 2024 - Arte351 - Art Magazine Portugal\",\"isPartOf\":{\"@id\":\"https:\\\/\\\/arte351.pt\\\/art\\\/#website\"},\"primaryImageOfPage\":{\"@id\":\"https:\\\/\\\/arte351.pt\\\/art\\\/2024\\\/09\\\/27\\\/39o-bazar-diplomatico-2024\\\/#primaryimage\"},\"image\":{\"@id\":\"https:\\\/\\\/arte351.pt\\\/art\\\/2024\\\/09\\\/27\\\/39o-bazar-diplomatico-2024\\\/#primaryimage\"},\"thumbnailUrl\":\"https:\\\/\\\/scontent.flis6-2.fna.fbcdn.net\\\/v\\\/t39.30808-6\\\/461267235_933331762169292_7279254796018737676_n.jpg?stp=dst-jpg_s1080x2048&amp;_nc_cat=108&amp;ccb=1-7&amp;_nc_sid=127cfc&amp;_nc_ohc=e7FUPLsY-iYQ7kNvgH47vBd&amp;_nc_ht=scontent.flis6-2.fna&amp;_nc_gid=AVVvcAsDQY1HFJQyXNZp9wk&amp;oh=00_AYD8uOPYIO_t1E2daADz2E0_fPGophKa5vHzlUceT5NVQA&amp;oe=66FBC3CA\",\"datePublished\":\"2024-09-27T23:07:16+00:00\",\"description\":\"Bazar diplom\u00e1tico 2024 - O Centro de Congressos de Lisboa ser\u00e1 palco do 39\u00ba Bazar Internacional do Corpo...\",\"breadcrumb\":{\"@id\":\"https:\\\/\\\/arte351.pt\\\/art\\\/2024\\\/09\\\/27\\\/39o-bazar-diplomatico-2024\\\/#breadcrumb\"},\"inLanguage\":\"pt-BR\",\"potentialAction\":[{\"@type\":\"ReadAction\",\"target\":[\"https:\\\/\\\/arte351.pt\\\/art\\\/2024\\\/09\\\/27\\\/39o-bazar-diplomatico-2024\\\/\"]}]},{\"@type\":\"ImageObject\",\"inLanguage\":\"pt-BR\",\"@id\":\"https:\\\/\\\/arte351.pt\\\/art\\\/2024\\\/09\\\/27\\\/39o-bazar-diplomatico-2024\\\/#primaryimage\",\"url\":\"https:\\\/\\\/scontent.flis6-2.fna.fbcdn.net\\\/v\\\/t39.30808-6\\\/461267235_933331762169292_7279254796018737676_n.jpg?stp=dst-jpg_s1080x2048&amp;_nc_cat=108&amp;ccb=1-7&amp;_nc_sid=127cfc&amp;_nc_ohc=e7FUPLsY-iYQ7kNvgH47vBd&amp;_nc_ht=scontent.flis6-2.fna&amp;_nc_gid=AVVvcAsDQY1HFJQyXNZp9wk&amp;oh=00_AYD8uOPYIO_t1E2daADz2E0_fPGophKa5vHzlUceT5NVQA&amp;oe=66FBC3CA\",\"contentUrl\":\"https:\\\/\\\/scontent.flis6-2.fna.fbcdn.net\\\/v\\\/t39.30808-6\\\/461267235_933331762169292_7279254796018737676_n.jpg?stp=dst-jpg_s1080x2048&amp;_nc_cat=108&amp;ccb=1-7&amp;_nc_sid=127cfc&amp;_nc_ohc=e7FUPLsY-iYQ7kNvgH47vBd&amp;_nc_ht=scontent.flis6-2.fna&amp;_nc_gid=AVVvcAsDQY1HFJQyXNZp9wk&amp;oh=00_AYD8uOPYIO_t1E2daADz2E0_fPGophKa5vHzlUceT5NVQA&amp;oe=66FBC3CA\"},{\"@type\":\"BreadcrumbList\",\"@id\":\"https:\\\/\\\/arte351.pt\\\/art\\\/2024\\\/09\\\/27\\\/39o-bazar-diplomatico-2024\\\/#breadcrumb\",\"itemListElement\":[{\"@type\":\"ListItem\",\"position\":1,\"name\":\"In\u00edcio\",\"item\":\"https:\\\/\\\/arte351.pt\\\/art\\\/\"},{\"@type\":\"ListItem\",\"position\":2,\"name\":\"39\u00ba Bazar diplom\u00e1tico 2024\"}]},{\"@type\":\"WebSite\",\"@id\":\"https:\\\/\\\/arte351.pt\\\/art\\\/#website\",\"url\":\"https:\\\/\\\/arte351.pt\\\/art\\\/\",\"name\":\"Arte351 - Art Magazine Portugal\",\"description\":\"\",\"publisher\":{\"@id\":\"https:\\\/\\\/arte351.pt\\\/art\\\/#organization\"},\"potentialAction\":[{\"@type\":\"SearchAction\",\"target\":{\"@type\":\"EntryPoint\",\"urlTemplate\":\"https:\\\/\\\/arte351.pt\\\/art\\\/?s={search_term_string}\"},\"query-input\":{\"@type\":\"PropertyValueSpecification\",\"valueRequired\":true,\"valueName\":\"search_term_string\"}}],\"inLanguage\":\"pt-BR\"},{\"@type\":\"Organization\",\"@id\":\"https:\\\/\\\/arte351.pt\\\/art\\\/#organization\",\"name\":\"Arte351 - Art Magazine Portugal\",\"url\":\"https:\\\/\\\/arte351.pt\\\/art\\\/\",\"logo\":{\"@type\":\"ImageObject\",\"inLanguage\":\"pt-BR\",\"@id\":\"https:\\\/\\\/arte351.pt\\\/art\\\/#\\\/schema\\\/logo\\\/image\\\/\",\"url\":\"https:\\\/\\\/arte351.pt\\\/art\\\/wp-content\\\/uploads\\\/2020\\\/03\\\/cropped-logo-arte351-color.png\",\"contentUrl\":\"https:\\\/\\\/arte351.pt\\\/art\\\/wp-content\\\/uploads\\\/2020\\\/03\\\/cropped-logo-arte351-color.png\",\"width\":514,\"height\":200,\"caption\":\"Arte351 - Art Magazine Portugal\"},\"image\":{\"@id\":\"https:\\\/\\\/arte351.pt\\\/art\\\/#\\\/schema\\\/logo\\\/image\\\/\"},\"sameAs\":[\"https:\\\/\\\/www.facebook.com\\\/arte351magazine\\\/\"]},{\"@type\":\"Person\",\"@id\":\"https:\\\/\\\/arte351.pt\\\/art\\\/#\\\/schema\\\/person\\\/f2cfae59497206be61c53c217757b930\",\"name\":\"Equipa Arte351\",\"image\":{\"@type\":\"ImageObject\",\"inLanguage\":\"pt-BR\",\"@id\":\"https:\\\/\\\/secure.gravatar.com\\\/avatar\\\/6caca56323d52e15e83fc5635240c86f7e52fd46fa8d5df9a709d99f5aa1638e?s=96&d=mm&r=g\",\"url\":\"https:\\\/\\\/secure.gravatar.com\\\/avatar\\\/6caca56323d52e15e83fc5635240c86f7e52fd46fa8d5df9a709d99f5aa1638e?s=96&d=mm&r=g\",\"contentUrl\":\"https:\\\/\\\/secure.gravatar.com\\\/avatar\\\/6caca56323d52e15e83fc5635240c86f7e52fd46fa8d5df9a709d99f5aa1638e?s=96&d=mm&r=g\",\"caption\":\"Equipa Arte351\"},\"url\":\"https:\\\/\\\/arte351.pt\\\/art\\\/author\\\/caroleenbass\\\/\"}]}<\/script>\n<!-- \/ Yoast SEO plugin. -->","yoast_head_json":{"title":"39\u00ba Bazar diplom\u00e1tico 2024 - Arte351 - Art Magazine Portugal","description":"Bazar diplom\u00e1tico 2024 - O Centro de Congressos de Lisboa ser\u00e1 palco do 39\u00ba Bazar Internacional do Corpo...","robots":{"index":"index","follow":"follow","max-snippet":"max-snippet:-1","max-image-preview":"max-image-preview:large","max-video-preview":"max-video-preview:-1"},"canonical":"https:\/\/arte351.pt\/art\/2024\/09\/27\/39o-bazar-diplomatico-2024\/","og_locale":"pt_BR","og_type":"article","og_title":"39\u00ba Bazar diplom\u00e1tico 2024 - Arte351 - Art Magazine Portugal","og_description":"Bazar diplom\u00e1tico 2024 - O Centro de Congressos de Lisboa ser\u00e1 palco do 39\u00ba Bazar Internacional do Corpo...","og_url":"https:\/\/arte351.pt\/art\/2024\/09\/27\/39o-bazar-diplomatico-2024\/","og_site_name":"Arte351 - Art Magazine Portugal","article_publisher":"https:\/\/www.facebook.com\/arte351magazine\/","article_published_time":"2024-09-27T23:07:16+00:00","og_image":[{"url":"https:\/\/scontent.flis6-2.fna.fbcdn.net\/v\/t39.30808-6\/461267235_933331762169292_7279254796018737676_n.jpg?stp=dst-jpg_s1080x2048&amp;_nc_cat=108&amp;ccb=1-7&amp;_nc_sid=127cfc&amp;_nc_ohc=e7FUPLsY-iYQ7kNvgH47vBd&amp;_nc_ht=scontent.flis6-2.fna&amp;_nc_gid=AVVvcAsDQY1HFJQyXNZp9wk&amp;oh=00_AYD8uOPYIO_t1E2daADz2E0_fPGophKa5vHzlUceT5NVQA&amp;oe=66FBC3CA","type":"","width":"","height":""}],"author":"Equipa Arte351","twitter_misc":{"Escrito por":"Equipa Arte351","Est. tempo de leitura":"1 minuto"},"schema":{"@context":"https:\/\/schema.org","@graph":[{"@type":"Article","@id":"https:\/\/arte351.pt\/art\/2024\/09\/27\/39o-bazar-diplomatico-2024\/#article","isPartOf":{"@id":"https:\/\/arte351.pt\/art\/2024\/09\/27\/39o-bazar-diplomatico-2024\/"},"author":{"name":"Equipa Arte351","@id":"https:\/\/arte351.pt\/art\/#\/schema\/person\/f2cfae59497206be61c53c217757b930"},"headline":"39\u00ba Bazar diplom\u00e1tico 2024","datePublished":"2024-09-27T23:07:16+00:00","mainEntityOfPage":{"@id":"https:\/\/arte351.pt\/art\/2024\/09\/27\/39o-bazar-diplomatico-2024\/"},"wordCount":144,"publisher":{"@id":"https:\/\/arte351.pt\/art\/#organization"},"image":{"@id":"https:\/\/arte351.pt\/art\/2024\/09\/27\/39o-bazar-diplomatico-2024\/#primaryimage"},"thumbnailUrl":"https:\/\/scontent.flis6-2.fna.fbcdn.net\/v\/t39.30808-6\/461267235_933331762169292_7279254796018737676_n.jpg?stp=dst-jpg_s1080x2048&amp;_nc_cat=108&amp;ccb=1-7&amp;_nc_sid=127cfc&amp;_nc_ohc=e7FUPLsY-iYQ7kNvgH47vBd&amp;_nc_ht=scontent.flis6-2.fna&amp;_nc_gid=AVVvcAsDQY1HFJQyXNZp9wk&amp;oh=00_AYD8uOPYIO_t1E2daADz2E0_fPGophKa5vHzlUceT5NVQA&amp;oe=66FBC3CA","articleSection":["Blog ARTE-351"],"inLanguage":"pt-BR"},{"@type":"WebPage","@id":"https:\/\/arte351.pt\/art\/2024\/09\/27\/39o-bazar-diplomatico-2024\/","url":"https:\/\/arte351.pt\/art\/2024\/09\/27\/39o-bazar-diplomatico-2024\/","name":"39\u00ba Bazar diplom\u00e1tico 2024 - Arte351 - Art Magazine Portugal","isPartOf":{"@id":"https:\/\/arte351.pt\/art\/#website"},"primaryImageOfPage":{"@id":"https:\/\/arte351.pt\/art\/2024\/09\/27\/39o-bazar-diplomatico-2024\/#primaryimage"},"image":{"@id":"https:\/\/arte351.pt\/art\/2024\/09\/27\/39o-bazar-diplomatico-2024\/#primaryimage"},"thumbnailUrl":"https:\/\/scontent.flis6-2.fna.fbcdn.net\/v\/t39.30808-6\/461267235_933331762169292_7279254796018737676_n.jpg?stp=dst-jpg_s1080x2048&amp;_nc_cat=108&amp;ccb=1-7&amp;_nc_sid=127cfc&amp;_nc_ohc=e7FUPLsY-iYQ7kNvgH47vBd&amp;_nc_ht=scontent.flis6-2.fna&amp;_nc_gid=AVVvcAsDQY1HFJQyXNZp9wk&amp;oh=00_AYD8uOPYIO_t1E2daADz2E0_fPGophKa5vHzlUceT5NVQA&amp;oe=66FBC3CA","datePublished":"2024-09-27T23:07:16+00:00","description":"Bazar diplom\u00e1tico 2024 - O Centro de Congressos de Lisboa ser\u00e1 palco do 39\u00ba Bazar Internacional do Corpo...","breadcrumb":{"@id":"https:\/\/arte351.pt\/art\/2024\/09\/27\/39o-bazar-diplomatico-2024\/#breadcrumb"},"inLanguage":"pt-BR","potentialAction":[{"@type":"ReadAction","target":["https:\/\/arte351.pt\/art\/2024\/09\/27\/39o-bazar-diplomatico-2024\/"]}]},{"@type":"ImageObject","inLanguage":"pt-BR","@id":"https:\/\/arte351.pt\/art\/2024\/09\/27\/39o-bazar-diplomatico-2024\/#primaryimage","url":"https:\/\/scontent.flis6-2.fna.fbcdn.net\/v\/t39.30808-6\/461267235_933331762169292_7279254796018737676_n.jpg?stp=dst-jpg_s1080x2048&amp;_nc_cat=108&amp;ccb=1-7&amp;_nc_sid=127cfc&amp;_nc_ohc=e7FUPLsY-iYQ7kNvgH47vBd&amp;_nc_ht=scontent.flis6-2.fna&amp;_nc_gid=AVVvcAsDQY1HFJQyXNZp9wk&amp;oh=00_AYD8uOPYIO_t1E2daADz2E0_fPGophKa5vHzlUceT5NVQA&amp;oe=66FBC3CA","contentUrl":"https:\/\/scontent.flis6-2.fna.fbcdn.net\/v\/t39.30808-6\/461267235_933331762169292_7279254796018737676_n.jpg?stp=dst-jpg_s1080x2048&amp;_nc_cat=108&amp;ccb=1-7&amp;_nc_sid=127cfc&amp;_nc_ohc=e7FUPLsY-iYQ7kNvgH47vBd&amp;_nc_ht=scontent.flis6-2.fna&amp;_nc_gid=AVVvcAsDQY1HFJQyXNZp9wk&amp;oh=00_AYD8uOPYIO_t1E2daADz2E0_fPGophKa5vHzlUceT5NVQA&amp;oe=66FBC3CA"},{"@type":"BreadcrumbList","@id":"https:\/\/arte351.pt\/art\/2024\/09\/27\/39o-bazar-diplomatico-2024\/#breadcrumb","itemListElement":[{"@type":"ListItem","position":1,"name":"In\u00edcio","item":"https:\/\/arte351.pt\/art\/"},{"@type":"ListItem","position":2,"name":"39\u00ba Bazar diplom\u00e1tico 2024"}]},{"@type":"WebSite","@id":"https:\/\/arte351.pt\/art\/#website","url":"https:\/\/arte351.pt\/art\/","name":"Arte351 - Art Magazine Portugal","description":"","publisher":{"@id":"https:\/\/arte351.pt\/art\/#organization"},"potentialAction":[{"@type":"SearchAction","target":{"@type":"EntryPoint","urlTemplate":"https:\/\/arte351.pt\/art\/?s={search_term_string}"},"query-input":{"@type":"PropertyValueSpecification","valueRequired":true,"valueName":"search_term_string"}}],"inLanguage":"pt-BR"},{"@type":"Organization","@id":"https:\/\/arte351.pt\/art\/#organization","name":"Arte351 - Art Magazine Portugal","url":"https:\/\/arte351.pt\/art\/","logo":{"@type":"ImageObject","inLanguage":"pt-BR","@id":"https:\/\/arte351.pt\/art\/#\/schema\/logo\/image\/","url":"https:\/\/arte351.pt\/art\/wp-content\/uploads\/2020\/03\/cropped-logo-arte351-color.png","contentUrl":"https:\/\/arte351.pt\/art\/wp-content\/uploads\/2020\/03\/cropped-logo-arte351-color.png","width":514,"height":200,"caption":"Arte351 - Art Magazine Portugal"},"image":{"@id":"https:\/\/arte351.pt\/art\/#\/schema\/logo\/image\/"},"sameAs":["https:\/\/www.facebook.com\/arte351magazine\/"]},{"@type":"Person","@id":"https:\/\/arte351.pt\/art\/#\/schema\/person\/f2cfae59497206be61c53c217757b930","name":"Equipa Arte351","image":{"@type":"ImageObject","inLanguage":"pt-BR","@id":"https:\/\/secure.gravatar.com\/avatar\/6caca56323d52e15e83fc5635240c86f7e52fd46fa8d5df9a709d99f5aa1638e?s=96&d=mm&r=g","url":"https:\/\/secure.gravatar.com\/avatar\/6caca56323d52e15e83fc5635240c86f7e52fd46fa8d5df9a709d99f5aa1638e?s=96&d=mm&r=g","contentUrl":"https:\/\/secure.gravatar.com\/avatar\/6caca56323d52e15e83fc5635240c86f7e52fd46fa8d5df9a709d99f5aa1638e?s=96&d=mm&r=g","caption":"Equipa Arte351"},"url":"https:\/\/arte351.pt\/art\/author\/caroleenbass\/"}]}},"_links":{"self":[{"href":"https:\/\/arte351.pt\/art\/wp-json\/wp\/v2\/posts\/8792","targetHints":{"allow":["GET"]}}],"collection":[{"href":"https:\/\/arte351.pt\/art\/wp-json\/wp\/v2\/posts"}],"about":[{"href":"https:\/\/arte351.pt\/art\/wp-json\/wp\/v2\/types\/post"}],"author":[{"embeddable":true,"href":"https:\/\/arte351.pt\/art\/wp-json\/wp\/v2\/users\/3"}],"replies":[{"embeddable":true,"href":"https:\/\/arte351.pt\/art\/wp-json\/wp\/v2\/comments?post=8792"}],"version-history":[{"count":1,"href":"https:\/\/arte351.pt\/art\/wp-json\/wp\/v2\/posts\/8792\/revisions"}],"predecessor-version":[{"id":8793,"href":"https:\/\/arte351.pt\/art\/wp-json\/wp\/v2\/posts\/8792\/revisions\/8793"}],"wp:attachment":[{"href":"https:\/\/arte351.pt\/art\/wp-json\/wp\/v2\/media?parent=8792"}],"wp:term":[{"taxonomy":"category","embeddable":true,"href":"https:\/\/arte351.pt\/art\/wp-json\/wp\/v2\/categories?post=8792"},{"taxonomy":"post_tag","embeddable":true,"href":"https:\/\/arte351.pt\/art\/wp-json\/wp\/v2\/tags?post=8792"}],"curies":[{"name":"wp","href":"https:\/\/api.w.org\/{rel}","templated":true}]}}