{"id":8994,"date":"2025-01-04T17:54:39","date_gmt":"2025-01-04T17:54:39","guid":{"rendered":"https:\/\/arte351.pt\/art\/?p=8994"},"modified":"2025-01-04T17:54:39","modified_gmt":"2025-01-04T17:54:39","slug":"dia-de-reis-2025-cante-as-janeiras-na-praca-do-municipio-em-lisboa","status":"publish","type":"post","link":"https:\/\/arte351.pt\/art\/2025\/01\/04\/dia-de-reis-2025-cante-as-janeiras-na-praca-do-municipio-em-lisboa\/","title":{"rendered":"Dia de Reis 2025: Cante as Janeiras na Pra\u00e7a do Munic\u00edpio em Lisboa"},"content":{"rendered":"<p data-pm-slice=\"1 1 []\"><span>No dia <\/span><span><strong>6 de janeiro<\/strong><\/span><span>, a Pra\u00e7a do Munic\u00edpio ser\u00e1 palco de uma celebra\u00e7\u00e3o especial do <\/span><span><strong>Dia de Reis 2025<\/strong><\/span><span>, marcada por um momento de m\u00fasica e tradi\u00e7\u00e3o. \u00c0s <\/span><span><strong>18h00<\/strong><\/span><span>, o evento convida todos a se reunirem para <\/span><span><strong>cantar as Janeiras<\/strong><\/span><span>, mantendo viva uma das tradi\u00e7\u00f5es mais queridas da cultura portuguesa.<\/span><\/p>\n<h3><span>Programa\u00e7\u00e3o Musical no Dia de Reis<\/span><\/h3>\n<p><span>O destaque da noite ser\u00e1 a apresenta\u00e7\u00e3o do <\/span><span><strong>Coro ProArte<\/strong><\/span><span>, que interpretar\u00e1 um repert\u00f3rio cuidadosamente selecionado para a ocasi\u00e3o, incluindo cl\u00e1ssicos e temas tradicionais:<\/span><\/p>\n<ul data-spread=\"false\">\n<li><span><strong>Natal dos Simples<\/strong><\/span><span> (Zeca Afonso): Uma reflex\u00e3o po\u00e9tica sobre as celebra\u00e7\u00f5es natalinas, com a marca do emblem\u00e1tico cantor e compositor portugu\u00eas.<\/span><\/li>\n<li><span><strong>Cantar as Janeiras<\/strong><\/span><span> (Cancioneiro Entre Mar e Serra da Alta Estremadura): Um exemplo aut\u00eantico do patrim\u00f4nio musical regional.<\/span><\/li>\n<li><span><strong>Dorme Menino Jesus<\/strong><\/span><span> (Jos\u00e9 Firmino): Uma can\u00e7\u00e3o de ninar dedicada ao Menino Jesus, evocando paz e serenidade.<\/span><\/li>\n<li><span><strong>Quem vos vem dar Boas Festas<\/strong><\/span><span> (Lopes Gra\u00e7a): Um tema que combina a tradi\u00e7\u00e3o popular com a sofistica\u00e7\u00e3o da m\u00fasica coral portuguesa.<\/span><\/li>\n<li><span><strong>Boas Festas<\/strong><\/span><span> (Tradicional do Brasil, arranjo de Christopher Bochmann): Uma ponte cultural que celebra as festividades com influ\u00eancias do folclore brasileiro.<\/span><\/li>\n<\/ul>\n<h3><span>Um convite para todos no Dia de Reis 2025<\/span><\/h3>\n<p><span>O evento \u00e9 uma oportunidade para reunir a comunidade, celebrar o fim da \u00e9poca natalina e dar boas-vindas ao novo ano com m\u00fasica e alegria. Aberto ao p\u00fablico, a organiza\u00e7\u00e3o espera envolver tanto moradores locais quanto visitantes.<\/span><\/p>\n<p><span>Traga sua fam\u00edlia e amigos para um momento \u00fanico de conviv\u00eancia e celebra\u00e7\u00e3o das nossas tradi\u00e7\u00f5es na <\/span><a href=\"https:\/\/egeac.pt\/dia-de-reis-na-praca-do-municipio\/\" target=\"_blank\" rel=\"noopener\"><span><strong>Pra\u00e7a do Munic\u00edpio<\/strong><\/span><\/a><span>, dia <\/span><span><strong>6 de janeiro, \u00e0s 18h00<\/strong><\/span><span>. A entrada \u00e9 gratuita. N\u00e3o perca!<\/span><\/p>\n<p><img fetchpriority=\"high\" decoding=\"async\" class=\"alignnone size-medium\" src=\"https:\/\/ci3.googleusercontent.com\/meips\/ADKq_NbWAUsZmRG9RHIImWles47LSW7cSyI1BaP1Q89LnIH6nclPjd8--f9okxHySubzc7jjrY0z9b2XagYAIF6VE-WdSm8REb_6TP1t90poZUsX1jr95eya16c0swuEtBUDEOS_LqZCO3kJHtC5Zut4FUkT_g=s0-d-e1-ft#https:\/\/nl.egeac.pt\/recursos\/60a8759516fe47d7576fa19e8123f4f9\/Image\/Dia-de-Reis-Janeiras.jpg\" width=\"794\" height=\"1120\" \/><\/p>\n","protected":false},"excerpt":{"rendered":"<p>No dia 6 de janeiro, a Pra\u00e7a do Munic\u00edpio ser\u00e1 palco de uma celebra\u00e7\u00e3o especial do Dia de Reis 2025, marcada por um momento de m\u00fasica e tradi\u00e7\u00e3o. \u00c0s 18h00, [&hellip;]<\/p>\n","protected":false},"author":34415,"featured_media":0,"comment_status":"closed","ping_status":"closed","sticky":false,"template":"","format":"standard","meta":{"_exactmetrics_skip_tracking":false,"_exactmetrics_sitenote_active":false,"_exactmetrics_sitenote_note":"","_exactmetrics_sitenote_category":0,"_uf_show_specific_survey":0,"_uf_disable_surveys":false,"footnotes":""},"categories":[1],"tags":[],"class_list":["post-8994","post","type-post","status-publish","format-standard","hentry","category-sem-categoria"],"yoast_head":"<!-- This site is optimized with the Yoast SEO plugin v27.3 - https:\/\/yoast.com\/product\/yoast-seo-wordpress\/ -->\n<title>Dia de Reis 2025: Cante as Janeiras na Pra\u00e7a do Munic\u00edpio em Lisboa - Arte351 - Art Magazine Portugal<\/title>\n<meta name=\"description\" content=\"......as nossas tradi\u00e7\u00f5es na Pra\u00e7a do Munic\u00edpio, dia 6 de janeiro, \u00e0s 18h00. A entrada \u00e9 gratuita. N\u00e3o perca! Dia de Reis 2025\" \/>\n<meta name=\"robots\" content=\"index, follow, max-snippet:-1, max-image-preview:large, max-video-preview:-1\" \/>\n<link rel=\"canonical\" href=\"https:\/\/arte351.pt\/art\/2025\/01\/04\/dia-de-reis-2025-cante-as-janeiras-na-praca-do-municipio-em-lisboa\/\" \/>\n<meta property=\"og:locale\" content=\"pt_BR\" \/>\n<meta property=\"og:type\" content=\"article\" \/>\n<meta property=\"og:title\" content=\"Dia de Reis 2025: Cante as Janeiras na Pra\u00e7a do Munic\u00edpio em Lisboa - Arte351 - Art Magazine Portugal\" \/>\n<meta property=\"og:description\" content=\"......as nossas tradi\u00e7\u00f5es na Pra\u00e7a do Munic\u00edpio, dia 6 de janeiro, \u00e0s 18h00. A entrada \u00e9 gratuita. N\u00e3o perca! Dia de Reis 2025\" \/>\n<meta property=\"og:url\" content=\"https:\/\/arte351.pt\/art\/2025\/01\/04\/dia-de-reis-2025-cante-as-janeiras-na-praca-do-municipio-em-lisboa\/\" \/>\n<meta property=\"og:site_name\" content=\"Arte351 - Art Magazine Portugal\" \/>\n<meta property=\"article:publisher\" content=\"https:\/\/www.facebook.com\/arte351magazine\/\" \/>\n<meta property=\"article:published_time\" content=\"2025-01-04T17:54:39+00:00\" \/>\n<meta property=\"og:image\" content=\"https:\/\/ci3.googleusercontent.com\/meips\/ADKq_NbWAUsZmRG9RHIImWles47LSW7cSyI1BaP1Q89LnIH6nclPjd8--f9okxHySubzc7jjrY0z9b2XagYAIF6VE-WdSm8REb_6TP1t90poZUsX1jr95eya16c0swuEtBUDEOS_LqZCO3kJHtC5Zut4FUkT_g=s0-d-e1-ft#https:\/\/nl.egeac.pt\/recursos\/60a8759516fe47d7576fa19e8123f4f9\/Image\/Dia-de-Reis-Janeiras.jpg\" \/>\n<meta name=\"author\" content=\"Equipa Arte 351\" \/>\n<meta name=\"twitter:label1\" content=\"Escrito por\" \/>\n\t<meta name=\"twitter:data1\" content=\"Equipa Arte 351\" \/>\n\t<meta name=\"twitter:label2\" content=\"Est. tempo de leitura\" \/>\n\t<meta name=\"twitter:data2\" content=\"2 minutos\" \/>\n<script type=\"application\/ld+json\" class=\"yoast-schema-graph\">{\"@context\":\"https:\\\/\\\/schema.org\",\"@graph\":[{\"@type\":\"Article\",\"@id\":\"https:\\\/\\\/arte351.pt\\\/art\\\/2025\\\/01\\\/04\\\/dia-de-reis-2025-cante-as-janeiras-na-praca-do-municipio-em-lisboa\\\/#article\",\"isPartOf\":{\"@id\":\"https:\\\/\\\/arte351.pt\\\/art\\\/2025\\\/01\\\/04\\\/dia-de-reis-2025-cante-as-janeiras-na-praca-do-municipio-em-lisboa\\\/\"},\"author\":{\"name\":\"Equipa Arte 351\",\"@id\":\"https:\\\/\\\/arte351.pt\\\/art\\\/#\\\/schema\\\/person\\\/1d081d5dbc7c2a3f2317da95c823a5bd\"},\"headline\":\"Dia de Reis 2025: Cante as Janeiras na Pra\u00e7a do Munic\u00edpio em Lisboa\",\"datePublished\":\"2025-01-04T17:54:39+00:00\",\"mainEntityOfPage\":{\"@id\":\"https:\\\/\\\/arte351.pt\\\/art\\\/2025\\\/01\\\/04\\\/dia-de-reis-2025-cante-as-janeiras-na-praca-do-municipio-em-lisboa\\\/\"},\"wordCount\":300,\"publisher\":{\"@id\":\"https:\\\/\\\/arte351.pt\\\/art\\\/#organization\"},\"image\":{\"@id\":\"https:\\\/\\\/arte351.pt\\\/art\\\/2025\\\/01\\\/04\\\/dia-de-reis-2025-cante-as-janeiras-na-praca-do-municipio-em-lisboa\\\/#primaryimage\"},\"thumbnailUrl\":\"https:\\\/\\\/ci3.googleusercontent.com\\\/meips\\\/ADKq_NbWAUsZmRG9RHIImWles47LSW7cSyI1BaP1Q89LnIH6nclPjd8--f9okxHySubzc7jjrY0z9b2XagYAIF6VE-WdSm8REb_6TP1t90poZUsX1jr95eya16c0swuEtBUDEOS_LqZCO3kJHtC5Zut4FUkT_g=s0-d-e1-ft#https:\\\/\\\/nl.egeac.pt\\\/recursos\\\/60a8759516fe47d7576fa19e8123f4f9\\\/Image\\\/Dia-de-Reis-Janeiras.jpg\",\"articleSection\":[\"Blog ARTE-351\"],\"inLanguage\":\"pt-BR\"},{\"@type\":\"WebPage\",\"@id\":\"https:\\\/\\\/arte351.pt\\\/art\\\/2025\\\/01\\\/04\\\/dia-de-reis-2025-cante-as-janeiras-na-praca-do-municipio-em-lisboa\\\/\",\"url\":\"https:\\\/\\\/arte351.pt\\\/art\\\/2025\\\/01\\\/04\\\/dia-de-reis-2025-cante-as-janeiras-na-praca-do-municipio-em-lisboa\\\/\",\"name\":\"Dia de Reis 2025: Cante as Janeiras na Pra\u00e7a do Munic\u00edpio em Lisboa - Arte351 - Art Magazine Portugal\",\"isPartOf\":{\"@id\":\"https:\\\/\\\/arte351.pt\\\/art\\\/#website\"},\"primaryImageOfPage\":{\"@id\":\"https:\\\/\\\/arte351.pt\\\/art\\\/2025\\\/01\\\/04\\\/dia-de-reis-2025-cante-as-janeiras-na-praca-do-municipio-em-lisboa\\\/#primaryimage\"},\"image\":{\"@id\":\"https:\\\/\\\/arte351.pt\\\/art\\\/2025\\\/01\\\/04\\\/dia-de-reis-2025-cante-as-janeiras-na-praca-do-municipio-em-lisboa\\\/#primaryimage\"},\"thumbnailUrl\":\"https:\\\/\\\/ci3.googleusercontent.com\\\/meips\\\/ADKq_NbWAUsZmRG9RHIImWles47LSW7cSyI1BaP1Q89LnIH6nclPjd8--f9okxHySubzc7jjrY0z9b2XagYAIF6VE-WdSm8REb_6TP1t90poZUsX1jr95eya16c0swuEtBUDEOS_LqZCO3kJHtC5Zut4FUkT_g=s0-d-e1-ft#https:\\\/\\\/nl.egeac.pt\\\/recursos\\\/60a8759516fe47d7576fa19e8123f4f9\\\/Image\\\/Dia-de-Reis-Janeiras.jpg\",\"datePublished\":\"2025-01-04T17:54:39+00:00\",\"description\":\"......as nossas tradi\u00e7\u00f5es na Pra\u00e7a do Munic\u00edpio, dia 6 de janeiro, \u00e0s 18h00. A entrada \u00e9 gratuita. N\u00e3o perca! Dia de Reis 2025\",\"breadcrumb\":{\"@id\":\"https:\\\/\\\/arte351.pt\\\/art\\\/2025\\\/01\\\/04\\\/dia-de-reis-2025-cante-as-janeiras-na-praca-do-municipio-em-lisboa\\\/#breadcrumb\"},\"inLanguage\":\"pt-BR\",\"potentialAction\":[{\"@type\":\"ReadAction\",\"target\":[\"https:\\\/\\\/arte351.pt\\\/art\\\/2025\\\/01\\\/04\\\/dia-de-reis-2025-cante-as-janeiras-na-praca-do-municipio-em-lisboa\\\/\"]}]},{\"@type\":\"ImageObject\",\"inLanguage\":\"pt-BR\",\"@id\":\"https:\\\/\\\/arte351.pt\\\/art\\\/2025\\\/01\\\/04\\\/dia-de-reis-2025-cante-as-janeiras-na-praca-do-municipio-em-lisboa\\\/#primaryimage\",\"url\":\"https:\\\/\\\/ci3.googleusercontent.com\\\/meips\\\/ADKq_NbWAUsZmRG9RHIImWles47LSW7cSyI1BaP1Q89LnIH6nclPjd8--f9okxHySubzc7jjrY0z9b2XagYAIF6VE-WdSm8REb_6TP1t90poZUsX1jr95eya16c0swuEtBUDEOS_LqZCO3kJHtC5Zut4FUkT_g=s0-d-e1-ft#https:\\\/\\\/nl.egeac.pt\\\/recursos\\\/60a8759516fe47d7576fa19e8123f4f9\\\/Image\\\/Dia-de-Reis-Janeiras.jpg\",\"contentUrl\":\"https:\\\/\\\/ci3.googleusercontent.com\\\/meips\\\/ADKq_NbWAUsZmRG9RHIImWles47LSW7cSyI1BaP1Q89LnIH6nclPjd8--f9okxHySubzc7jjrY0z9b2XagYAIF6VE-WdSm8REb_6TP1t90poZUsX1jr95eya16c0swuEtBUDEOS_LqZCO3kJHtC5Zut4FUkT_g=s0-d-e1-ft#https:\\\/\\\/nl.egeac.pt\\\/recursos\\\/60a8759516fe47d7576fa19e8123f4f9\\\/Image\\\/Dia-de-Reis-Janeiras.jpg\"},{\"@type\":\"BreadcrumbList\",\"@id\":\"https:\\\/\\\/arte351.pt\\\/art\\\/2025\\\/01\\\/04\\\/dia-de-reis-2025-cante-as-janeiras-na-praca-do-municipio-em-lisboa\\\/#breadcrumb\",\"itemListElement\":[{\"@type\":\"ListItem\",\"position\":1,\"name\":\"In\u00edcio\",\"item\":\"https:\\\/\\\/arte351.pt\\\/art\\\/\"},{\"@type\":\"ListItem\",\"position\":2,\"name\":\"Dia de Reis 2025: Cante as Janeiras na Pra\u00e7a do Munic\u00edpio em Lisboa\"}]},{\"@type\":\"WebSite\",\"@id\":\"https:\\\/\\\/arte351.pt\\\/art\\\/#website\",\"url\":\"https:\\\/\\\/arte351.pt\\\/art\\\/\",\"name\":\"Arte351 - Art Magazine Portugal\",\"description\":\"\",\"publisher\":{\"@id\":\"https:\\\/\\\/arte351.pt\\\/art\\\/#organization\"},\"potentialAction\":[{\"@type\":\"SearchAction\",\"target\":{\"@type\":\"EntryPoint\",\"urlTemplate\":\"https:\\\/\\\/arte351.pt\\\/art\\\/?s={search_term_string}\"},\"query-input\":{\"@type\":\"PropertyValueSpecification\",\"valueRequired\":true,\"valueName\":\"search_term_string\"}}],\"inLanguage\":\"pt-BR\"},{\"@type\":\"Organization\",\"@id\":\"https:\\\/\\\/arte351.pt\\\/art\\\/#organization\",\"name\":\"Arte351 - Art Magazine Portugal\",\"url\":\"https:\\\/\\\/arte351.pt\\\/art\\\/\",\"logo\":{\"@type\":\"ImageObject\",\"inLanguage\":\"pt-BR\",\"@id\":\"https:\\\/\\\/arte351.pt\\\/art\\\/#\\\/schema\\\/logo\\\/image\\\/\",\"url\":\"https:\\\/\\\/arte351.pt\\\/art\\\/wp-content\\\/uploads\\\/2020\\\/03\\\/cropped-logo-arte351-color.png\",\"contentUrl\":\"https:\\\/\\\/arte351.pt\\\/art\\\/wp-content\\\/uploads\\\/2020\\\/03\\\/cropped-logo-arte351-color.png\",\"width\":514,\"height\":200,\"caption\":\"Arte351 - Art Magazine Portugal\"},\"image\":{\"@id\":\"https:\\\/\\\/arte351.pt\\\/art\\\/#\\\/schema\\\/logo\\\/image\\\/\"},\"sameAs\":[\"https:\\\/\\\/www.facebook.com\\\/arte351magazine\\\/\"]},{\"@type\":\"Person\",\"@id\":\"https:\\\/\\\/arte351.pt\\\/art\\\/#\\\/schema\\\/person\\\/1d081d5dbc7c2a3f2317da95c823a5bd\",\"name\":\"Equipa Arte 351\",\"image\":{\"@type\":\"ImageObject\",\"inLanguage\":\"pt-BR\",\"@id\":\"https:\\\/\\\/secure.gravatar.com\\\/avatar\\\/3f97e62c832ede8fafe5d2f9e31f8a055e187b6b31056d1e065d95e034db52e2?s=96&d=mm&r=g\",\"url\":\"https:\\\/\\\/secure.gravatar.com\\\/avatar\\\/3f97e62c832ede8fafe5d2f9e31f8a055e187b6b31056d1e065d95e034db52e2?s=96&d=mm&r=g\",\"contentUrl\":\"https:\\\/\\\/secure.gravatar.com\\\/avatar\\\/3f97e62c832ede8fafe5d2f9e31f8a055e187b6b31056d1e065d95e034db52e2?s=96&d=mm&r=g\",\"caption\":\"Equipa Arte 351\"},\"url\":\"https:\\\/\\\/arte351.pt\\\/art\\\/author\\\/admin2\\\/\"}]}<\/script>\n<!-- \/ Yoast SEO plugin. -->","yoast_head_json":{"title":"Dia de Reis 2025: Cante as Janeiras na Pra\u00e7a do Munic\u00edpio em Lisboa - Arte351 - Art Magazine Portugal","description":"......as nossas tradi\u00e7\u00f5es na Pra\u00e7a do Munic\u00edpio, dia 6 de janeiro, \u00e0s 18h00. A entrada \u00e9 gratuita. N\u00e3o perca! Dia de Reis 2025","robots":{"index":"index","follow":"follow","max-snippet":"max-snippet:-1","max-image-preview":"max-image-preview:large","max-video-preview":"max-video-preview:-1"},"canonical":"https:\/\/arte351.pt\/art\/2025\/01\/04\/dia-de-reis-2025-cante-as-janeiras-na-praca-do-municipio-em-lisboa\/","og_locale":"pt_BR","og_type":"article","og_title":"Dia de Reis 2025: Cante as Janeiras na Pra\u00e7a do Munic\u00edpio em Lisboa - Arte351 - Art Magazine Portugal","og_description":"......as nossas tradi\u00e7\u00f5es na Pra\u00e7a do Munic\u00edpio, dia 6 de janeiro, \u00e0s 18h00. A entrada \u00e9 gratuita. N\u00e3o perca! Dia de Reis 2025","og_url":"https:\/\/arte351.pt\/art\/2025\/01\/04\/dia-de-reis-2025-cante-as-janeiras-na-praca-do-municipio-em-lisboa\/","og_site_name":"Arte351 - Art Magazine Portugal","article_publisher":"https:\/\/www.facebook.com\/arte351magazine\/","article_published_time":"2025-01-04T17:54:39+00:00","og_image":[{"url":"https:\/\/ci3.googleusercontent.com\/meips\/ADKq_NbWAUsZmRG9RHIImWles47LSW7cSyI1BaP1Q89LnIH6nclPjd8--f9okxHySubzc7jjrY0z9b2XagYAIF6VE-WdSm8REb_6TP1t90poZUsX1jr95eya16c0swuEtBUDEOS_LqZCO3kJHtC5Zut4FUkT_g=s0-d-e1-ft#https:\/\/nl.egeac.pt\/recursos\/60a8759516fe47d7576fa19e8123f4f9\/Image\/Dia-de-Reis-Janeiras.jpg","type":"","width":"","height":""}],"author":"Equipa Arte 351","twitter_misc":{"Escrito por":"Equipa Arte 351","Est. tempo de leitura":"2 minutos"},"schema":{"@context":"https:\/\/schema.org","@graph":[{"@type":"Article","@id":"https:\/\/arte351.pt\/art\/2025\/01\/04\/dia-de-reis-2025-cante-as-janeiras-na-praca-do-municipio-em-lisboa\/#article","isPartOf":{"@id":"https:\/\/arte351.pt\/art\/2025\/01\/04\/dia-de-reis-2025-cante-as-janeiras-na-praca-do-municipio-em-lisboa\/"},"author":{"name":"Equipa Arte 351","@id":"https:\/\/arte351.pt\/art\/#\/schema\/person\/1d081d5dbc7c2a3f2317da95c823a5bd"},"headline":"Dia de Reis 2025: Cante as Janeiras na Pra\u00e7a do Munic\u00edpio em Lisboa","datePublished":"2025-01-04T17:54:39+00:00","mainEntityOfPage":{"@id":"https:\/\/arte351.pt\/art\/2025\/01\/04\/dia-de-reis-2025-cante-as-janeiras-na-praca-do-municipio-em-lisboa\/"},"wordCount":300,"publisher":{"@id":"https:\/\/arte351.pt\/art\/#organization"},"image":{"@id":"https:\/\/arte351.pt\/art\/2025\/01\/04\/dia-de-reis-2025-cante-as-janeiras-na-praca-do-municipio-em-lisboa\/#primaryimage"},"thumbnailUrl":"https:\/\/ci3.googleusercontent.com\/meips\/ADKq_NbWAUsZmRG9RHIImWles47LSW7cSyI1BaP1Q89LnIH6nclPjd8--f9okxHySubzc7jjrY0z9b2XagYAIF6VE-WdSm8REb_6TP1t90poZUsX1jr95eya16c0swuEtBUDEOS_LqZCO3kJHtC5Zut4FUkT_g=s0-d-e1-ft#https:\/\/nl.egeac.pt\/recursos\/60a8759516fe47d7576fa19e8123f4f9\/Image\/Dia-de-Reis-Janeiras.jpg","articleSection":["Blog ARTE-351"],"inLanguage":"pt-BR"},{"@type":"WebPage","@id":"https:\/\/arte351.pt\/art\/2025\/01\/04\/dia-de-reis-2025-cante-as-janeiras-na-praca-do-municipio-em-lisboa\/","url":"https:\/\/arte351.pt\/art\/2025\/01\/04\/dia-de-reis-2025-cante-as-janeiras-na-praca-do-municipio-em-lisboa\/","name":"Dia de Reis 2025: Cante as Janeiras na Pra\u00e7a do Munic\u00edpio em Lisboa - Arte351 - Art Magazine Portugal","isPartOf":{"@id":"https:\/\/arte351.pt\/art\/#website"},"primaryImageOfPage":{"@id":"https:\/\/arte351.pt\/art\/2025\/01\/04\/dia-de-reis-2025-cante-as-janeiras-na-praca-do-municipio-em-lisboa\/#primaryimage"},"image":{"@id":"https:\/\/arte351.pt\/art\/2025\/01\/04\/dia-de-reis-2025-cante-as-janeiras-na-praca-do-municipio-em-lisboa\/#primaryimage"},"thumbnailUrl":"https:\/\/ci3.googleusercontent.com\/meips\/ADKq_NbWAUsZmRG9RHIImWles47LSW7cSyI1BaP1Q89LnIH6nclPjd8--f9okxHySubzc7jjrY0z9b2XagYAIF6VE-WdSm8REb_6TP1t90poZUsX1jr95eya16c0swuEtBUDEOS_LqZCO3kJHtC5Zut4FUkT_g=s0-d-e1-ft#https:\/\/nl.egeac.pt\/recursos\/60a8759516fe47d7576fa19e8123f4f9\/Image\/Dia-de-Reis-Janeiras.jpg","datePublished":"2025-01-04T17:54:39+00:00","description":"......as nossas tradi\u00e7\u00f5es na Pra\u00e7a do Munic\u00edpio, dia 6 de janeiro, \u00e0s 18h00. A entrada \u00e9 gratuita. N\u00e3o perca! Dia de Reis 2025","breadcrumb":{"@id":"https:\/\/arte351.pt\/art\/2025\/01\/04\/dia-de-reis-2025-cante-as-janeiras-na-praca-do-municipio-em-lisboa\/#breadcrumb"},"inLanguage":"pt-BR","potentialAction":[{"@type":"ReadAction","target":["https:\/\/arte351.pt\/art\/2025\/01\/04\/dia-de-reis-2025-cante-as-janeiras-na-praca-do-municipio-em-lisboa\/"]}]},{"@type":"ImageObject","inLanguage":"pt-BR","@id":"https:\/\/arte351.pt\/art\/2025\/01\/04\/dia-de-reis-2025-cante-as-janeiras-na-praca-do-municipio-em-lisboa\/#primaryimage","url":"https:\/\/ci3.googleusercontent.com\/meips\/ADKq_NbWAUsZmRG9RHIImWles47LSW7cSyI1BaP1Q89LnIH6nclPjd8--f9okxHySubzc7jjrY0z9b2XagYAIF6VE-WdSm8REb_6TP1t90poZUsX1jr95eya16c0swuEtBUDEOS_LqZCO3kJHtC5Zut4FUkT_g=s0-d-e1-ft#https:\/\/nl.egeac.pt\/recursos\/60a8759516fe47d7576fa19e8123f4f9\/Image\/Dia-de-Reis-Janeiras.jpg","contentUrl":"https:\/\/ci3.googleusercontent.com\/meips\/ADKq_NbWAUsZmRG9RHIImWles47LSW7cSyI1BaP1Q89LnIH6nclPjd8--f9okxHySubzc7jjrY0z9b2XagYAIF6VE-WdSm8REb_6TP1t90poZUsX1jr95eya16c0swuEtBUDEOS_LqZCO3kJHtC5Zut4FUkT_g=s0-d-e1-ft#https:\/\/nl.egeac.pt\/recursos\/60a8759516fe47d7576fa19e8123f4f9\/Image\/Dia-de-Reis-Janeiras.jpg"},{"@type":"BreadcrumbList","@id":"https:\/\/arte351.pt\/art\/2025\/01\/04\/dia-de-reis-2025-cante-as-janeiras-na-praca-do-municipio-em-lisboa\/#breadcrumb","itemListElement":[{"@type":"ListItem","position":1,"name":"In\u00edcio","item":"https:\/\/arte351.pt\/art\/"},{"@type":"ListItem","position":2,"name":"Dia de Reis 2025: Cante as Janeiras na Pra\u00e7a do Munic\u00edpio em Lisboa"}]},{"@type":"WebSite","@id":"https:\/\/arte351.pt\/art\/#website","url":"https:\/\/arte351.pt\/art\/","name":"Arte351 - Art Magazine Portugal","description":"","publisher":{"@id":"https:\/\/arte351.pt\/art\/#organization"},"potentialAction":[{"@type":"SearchAction","target":{"@type":"EntryPoint","urlTemplate":"https:\/\/arte351.pt\/art\/?s={search_term_string}"},"query-input":{"@type":"PropertyValueSpecification","valueRequired":true,"valueName":"search_term_string"}}],"inLanguage":"pt-BR"},{"@type":"Organization","@id":"https:\/\/arte351.pt\/art\/#organization","name":"Arte351 - Art Magazine Portugal","url":"https:\/\/arte351.pt\/art\/","logo":{"@type":"ImageObject","inLanguage":"pt-BR","@id":"https:\/\/arte351.pt\/art\/#\/schema\/logo\/image\/","url":"https:\/\/arte351.pt\/art\/wp-content\/uploads\/2020\/03\/cropped-logo-arte351-color.png","contentUrl":"https:\/\/arte351.pt\/art\/wp-content\/uploads\/2020\/03\/cropped-logo-arte351-color.png","width":514,"height":200,"caption":"Arte351 - Art Magazine Portugal"},"image":{"@id":"https:\/\/arte351.pt\/art\/#\/schema\/logo\/image\/"},"sameAs":["https:\/\/www.facebook.com\/arte351magazine\/"]},{"@type":"Person","@id":"https:\/\/arte351.pt\/art\/#\/schema\/person\/1d081d5dbc7c2a3f2317da95c823a5bd","name":"Equipa Arte 351","image":{"@type":"ImageObject","inLanguage":"pt-BR","@id":"https:\/\/secure.gravatar.com\/avatar\/3f97e62c832ede8fafe5d2f9e31f8a055e187b6b31056d1e065d95e034db52e2?s=96&d=mm&r=g","url":"https:\/\/secure.gravatar.com\/avatar\/3f97e62c832ede8fafe5d2f9e31f8a055e187b6b31056d1e065d95e034db52e2?s=96&d=mm&r=g","contentUrl":"https:\/\/secure.gravatar.com\/avatar\/3f97e62c832ede8fafe5d2f9e31f8a055e187b6b31056d1e065d95e034db52e2?s=96&d=mm&r=g","caption":"Equipa Arte 351"},"url":"https:\/\/arte351.pt\/art\/author\/admin2\/"}]}},"_links":{"self":[{"href":"https:\/\/arte351.pt\/art\/wp-json\/wp\/v2\/posts\/8994","targetHints":{"allow":["GET"]}}],"collection":[{"href":"https:\/\/arte351.pt\/art\/wp-json\/wp\/v2\/posts"}],"about":[{"href":"https:\/\/arte351.pt\/art\/wp-json\/wp\/v2\/types\/post"}],"author":[{"embeddable":true,"href":"https:\/\/arte351.pt\/art\/wp-json\/wp\/v2\/users\/34415"}],"replies":[{"embeddable":true,"href":"https:\/\/arte351.pt\/art\/wp-json\/wp\/v2\/comments?post=8994"}],"version-history":[{"count":1,"href":"https:\/\/arte351.pt\/art\/wp-json\/wp\/v2\/posts\/8994\/revisions"}],"predecessor-version":[{"id":8995,"href":"https:\/\/arte351.pt\/art\/wp-json\/wp\/v2\/posts\/8994\/revisions\/8995"}],"wp:attachment":[{"href":"https:\/\/arte351.pt\/art\/wp-json\/wp\/v2\/media?parent=8994"}],"wp:term":[{"taxonomy":"category","embeddable":true,"href":"https:\/\/arte351.pt\/art\/wp-json\/wp\/v2\/categories?post=8994"},{"taxonomy":"post_tag","embeddable":true,"href":"https:\/\/arte351.pt\/art\/wp-json\/wp\/v2\/tags?post=8994"}],"curies":[{"name":"wp","href":"https:\/\/api.w.org\/{rel}","templated":true}]}}