{"id":9,"date":"2015-12-22T19:21:07","date_gmt":"2015-12-22T19:21:07","guid":{"rendered":"http:\/\/blupdigital.tempsite.ws\/art\/?p=9"},"modified":"2015-12-22T19:40:38","modified_gmt":"2015-12-22T19:40:38","slug":"a-arte-de-rua-em-lisboa","status":"publish","type":"post","link":"https:\/\/arte351.pt\/art\/2015\/12\/22\/a-arte-de-rua-em-lisboa\/","title":{"rendered":"A ARTE DE RUA EM LISBOA"},"content":{"rendered":"<p style=\"text-align: justify;\">Lisboa consegue mesclar o antigo e o contempor\u00e2neo de uma maneira \u00fanica. Entre seus elegantes edif\u00edcios, suas cal\u00e7adas e ladeiras de pedra pode se encontrar street art de primeira qualidade. No centro financeiro da cidade, mas especificamente na Av Fontes Pereira de Melo, ha um edif\u00edcio grafitado por grandes nomes da &#8220;arte da latinha&#8221;. O edif\u00edcio foi pintado pelo Projecto Crono (cronolisboa.org), que entre 2011 e 2012 apoiou a transformar pr\u00e9dios abandonados no distrito de neg\u00f3cios em &#8220;tela&#8221; para artistas de rua.<\/p>\n<p style=\"text-align: justify;\">Lisboa \u00e9 uma das &#8220;Meca&#8217;s&#8221; da StreetArt na europa, considerada em 2014 pelo portal Huffington Post a 6\u00ba melhor cidade para se ver arte de rua ficando atr\u00e1s somente de Berlim, S\u00e3o Paulo, Melbourne, Cidade do Cabo, Moscovo. A arte da capital lusitana vem sendo bem representada no campo do grafitti, isto \u00e9 um reflexo da diversidade de talentos que vem emergindo na cidade. Outro ponto a destacar \u00e9 que a cidade \u00e9 a \u00fanica no mundo que possui um departamento de arte urbana. A Galeria de Arte Urbana da C\u00e2mara Municipal de Lisboa &#8211; GAU (https:\/\/www.facebook.com\/galeriadearteurbana) foi criada em 2009, faz parte do Departamento de Patrim\u00f3nio Cultural e vem sendo essencial para colocar Lisboa no topo da Street Art.<\/p>\n","protected":false},"excerpt":{"rendered":"<p>Lisboa consegue mesclar o antigo e o contempor\u00e2neo de uma maneira \u00fanica. Entre seus elegantes edif\u00edcios, suas cal\u00e7adas e ladeiras de pedra pode se encontrar street art de primeira qualidade. [&hellip;]<\/p>\n","protected":false},"author":34415,"featured_media":10,"comment_status":"open","ping_status":"open","sticky":false,"template":"","format":"standard","meta":{"_exactmetrics_skip_tracking":false,"_exactmetrics_sitenote_active":false,"_exactmetrics_sitenote_note":"","_exactmetrics_sitenote_category":0,"_uf_show_specific_survey":0,"_uf_disable_surveys":false,"footnotes":""},"categories":[3],"tags":[],"class_list":["post-9","post","type-post","status-publish","format-standard","has-post-thumbnail","hentry","category-street_art"],"yoast_head":"<!-- This site is optimized with the Yoast SEO plugin v27.3 - https:\/\/yoast.com\/product\/yoast-seo-wordpress\/ -->\n<title>A ARTE DE RUA EM LISBOA - Arte351 - Art Magazine Portugal<\/title>\n<meta name=\"robots\" content=\"index, follow, max-snippet:-1, max-image-preview:large, max-video-preview:-1\" \/>\n<link rel=\"canonical\" href=\"https:\/\/arte351.pt\/art\/2015\/12\/22\/a-arte-de-rua-em-lisboa\/\" \/>\n<meta property=\"og:locale\" content=\"pt_BR\" \/>\n<meta property=\"og:type\" content=\"article\" \/>\n<meta property=\"og:title\" content=\"A ARTE DE RUA EM LISBOA - Arte351 - Art Magazine Portugal\" \/>\n<meta property=\"og:description\" content=\"Lisboa consegue mesclar o antigo e o contempor\u00e2neo de uma maneira \u00fanica. Entre seus elegantes edif\u00edcios, suas cal\u00e7adas e ladeiras de pedra pode se encontrar street art de primeira qualidade. [&hellip;]\" \/>\n<meta property=\"og:url\" content=\"https:\/\/arte351.pt\/art\/2015\/12\/22\/a-arte-de-rua-em-lisboa\/\" \/>\n<meta property=\"og:site_name\" content=\"Arte351 - Art Magazine Portugal\" \/>\n<meta property=\"article:publisher\" content=\"https:\/\/www.facebook.com\/arte351magazine\/\" \/>\n<meta property=\"article:published_time\" content=\"2015-12-22T19:21:07+00:00\" \/>\n<meta property=\"article:modified_time\" content=\"2015-12-22T19:40:38+00:00\" \/>\n<meta property=\"og:image\" content=\"https:\/\/arte351.pt\/art\/wp-content\/uploads\/2015\/12\/grafitti_001.jpg\" \/>\n\t<meta property=\"og:image:width\" content=\"1280\" \/>\n\t<meta property=\"og:image:height\" content=\"600\" \/>\n\t<meta property=\"og:image:type\" content=\"image\/jpeg\" \/>\n<meta name=\"author\" content=\"Equipa Arte 351\" \/>\n<meta name=\"twitter:label1\" content=\"Escrito por\" \/>\n\t<meta name=\"twitter:data1\" content=\"Equipa Arte 351\" \/>\n\t<meta name=\"twitter:label2\" content=\"Est. tempo de leitura\" \/>\n\t<meta name=\"twitter:data2\" content=\"1 minuto\" \/>\n<script type=\"application\/ld+json\" class=\"yoast-schema-graph\">{\"@context\":\"https:\\\/\\\/schema.org\",\"@graph\":[{\"@type\":\"Article\",\"@id\":\"https:\\\/\\\/arte351.pt\\\/art\\\/2015\\\/12\\\/22\\\/a-arte-de-rua-em-lisboa\\\/#article\",\"isPartOf\":{\"@id\":\"https:\\\/\\\/arte351.pt\\\/art\\\/2015\\\/12\\\/22\\\/a-arte-de-rua-em-lisboa\\\/\"},\"author\":{\"name\":\"Equipa Arte 351\",\"@id\":\"https:\\\/\\\/arte351.pt\\\/art\\\/#\\\/schema\\\/person\\\/1d081d5dbc7c2a3f2317da95c823a5bd\"},\"headline\":\"A ARTE DE RUA EM LISBOA\",\"datePublished\":\"2015-12-22T19:21:07+00:00\",\"dateModified\":\"2015-12-22T19:40:38+00:00\",\"mainEntityOfPage\":{\"@id\":\"https:\\\/\\\/arte351.pt\\\/art\\\/2015\\\/12\\\/22\\\/a-arte-de-rua-em-lisboa\\\/\"},\"wordCount\":215,\"commentCount\":0,\"publisher\":{\"@id\":\"https:\\\/\\\/arte351.pt\\\/art\\\/#organization\"},\"image\":{\"@id\":\"https:\\\/\\\/arte351.pt\\\/art\\\/2015\\\/12\\\/22\\\/a-arte-de-rua-em-lisboa\\\/#primaryimage\"},\"thumbnailUrl\":\"https:\\\/\\\/arte351.pt\\\/art\\\/wp-content\\\/uploads\\\/2015\\\/12\\\/grafitti_001.jpg\",\"articleSection\":[\"Street Art\"],\"inLanguage\":\"pt-BR\",\"potentialAction\":[{\"@type\":\"CommentAction\",\"name\":\"Comment\",\"target\":[\"https:\\\/\\\/arte351.pt\\\/art\\\/2015\\\/12\\\/22\\\/a-arte-de-rua-em-lisboa\\\/#respond\"]}]},{\"@type\":\"WebPage\",\"@id\":\"https:\\\/\\\/arte351.pt\\\/art\\\/2015\\\/12\\\/22\\\/a-arte-de-rua-em-lisboa\\\/\",\"url\":\"https:\\\/\\\/arte351.pt\\\/art\\\/2015\\\/12\\\/22\\\/a-arte-de-rua-em-lisboa\\\/\",\"name\":\"A ARTE DE RUA EM LISBOA - Arte351 - Art Magazine Portugal\",\"isPartOf\":{\"@id\":\"https:\\\/\\\/arte351.pt\\\/art\\\/#website\"},\"primaryImageOfPage\":{\"@id\":\"https:\\\/\\\/arte351.pt\\\/art\\\/2015\\\/12\\\/22\\\/a-arte-de-rua-em-lisboa\\\/#primaryimage\"},\"image\":{\"@id\":\"https:\\\/\\\/arte351.pt\\\/art\\\/2015\\\/12\\\/22\\\/a-arte-de-rua-em-lisboa\\\/#primaryimage\"},\"thumbnailUrl\":\"https:\\\/\\\/arte351.pt\\\/art\\\/wp-content\\\/uploads\\\/2015\\\/12\\\/grafitti_001.jpg\",\"datePublished\":\"2015-12-22T19:21:07+00:00\",\"dateModified\":\"2015-12-22T19:40:38+00:00\",\"breadcrumb\":{\"@id\":\"https:\\\/\\\/arte351.pt\\\/art\\\/2015\\\/12\\\/22\\\/a-arte-de-rua-em-lisboa\\\/#breadcrumb\"},\"inLanguage\":\"pt-BR\",\"potentialAction\":[{\"@type\":\"ReadAction\",\"target\":[\"https:\\\/\\\/arte351.pt\\\/art\\\/2015\\\/12\\\/22\\\/a-arte-de-rua-em-lisboa\\\/\"]}]},{\"@type\":\"ImageObject\",\"inLanguage\":\"pt-BR\",\"@id\":\"https:\\\/\\\/arte351.pt\\\/art\\\/2015\\\/12\\\/22\\\/a-arte-de-rua-em-lisboa\\\/#primaryimage\",\"url\":\"https:\\\/\\\/arte351.pt\\\/art\\\/wp-content\\\/uploads\\\/2015\\\/12\\\/grafitti_001.jpg\",\"contentUrl\":\"https:\\\/\\\/arte351.pt\\\/art\\\/wp-content\\\/uploads\\\/2015\\\/12\\\/grafitti_001.jpg\",\"width\":1280,\"height\":600},{\"@type\":\"BreadcrumbList\",\"@id\":\"https:\\\/\\\/arte351.pt\\\/art\\\/2015\\\/12\\\/22\\\/a-arte-de-rua-em-lisboa\\\/#breadcrumb\",\"itemListElement\":[{\"@type\":\"ListItem\",\"position\":1,\"name\":\"In\u00edcio\",\"item\":\"https:\\\/\\\/arte351.pt\\\/art\\\/\"},{\"@type\":\"ListItem\",\"position\":2,\"name\":\"A ARTE DE RUA EM LISBOA\"}]},{\"@type\":\"WebSite\",\"@id\":\"https:\\\/\\\/arte351.pt\\\/art\\\/#website\",\"url\":\"https:\\\/\\\/arte351.pt\\\/art\\\/\",\"name\":\"Arte351 - Art Magazine Portugal\",\"description\":\"\",\"publisher\":{\"@id\":\"https:\\\/\\\/arte351.pt\\\/art\\\/#organization\"},\"potentialAction\":[{\"@type\":\"SearchAction\",\"target\":{\"@type\":\"EntryPoint\",\"urlTemplate\":\"https:\\\/\\\/arte351.pt\\\/art\\\/?s={search_term_string}\"},\"query-input\":{\"@type\":\"PropertyValueSpecification\",\"valueRequired\":true,\"valueName\":\"search_term_string\"}}],\"inLanguage\":\"pt-BR\"},{\"@type\":\"Organization\",\"@id\":\"https:\\\/\\\/arte351.pt\\\/art\\\/#organization\",\"name\":\"Arte351 - Art Magazine Portugal\",\"url\":\"https:\\\/\\\/arte351.pt\\\/art\\\/\",\"logo\":{\"@type\":\"ImageObject\",\"inLanguage\":\"pt-BR\",\"@id\":\"https:\\\/\\\/arte351.pt\\\/art\\\/#\\\/schema\\\/logo\\\/image\\\/\",\"url\":\"https:\\\/\\\/arte351.pt\\\/art\\\/wp-content\\\/uploads\\\/2020\\\/03\\\/cropped-logo-arte351-color.png\",\"contentUrl\":\"https:\\\/\\\/arte351.pt\\\/art\\\/wp-content\\\/uploads\\\/2020\\\/03\\\/cropped-logo-arte351-color.png\",\"width\":514,\"height\":200,\"caption\":\"Arte351 - Art Magazine Portugal\"},\"image\":{\"@id\":\"https:\\\/\\\/arte351.pt\\\/art\\\/#\\\/schema\\\/logo\\\/image\\\/\"},\"sameAs\":[\"https:\\\/\\\/www.facebook.com\\\/arte351magazine\\\/\"]},{\"@type\":\"Person\",\"@id\":\"https:\\\/\\\/arte351.pt\\\/art\\\/#\\\/schema\\\/person\\\/1d081d5dbc7c2a3f2317da95c823a5bd\",\"name\":\"Equipa Arte 351\",\"image\":{\"@type\":\"ImageObject\",\"inLanguage\":\"pt-BR\",\"@id\":\"https:\\\/\\\/secure.gravatar.com\\\/avatar\\\/3f97e62c832ede8fafe5d2f9e31f8a055e187b6b31056d1e065d95e034db52e2?s=96&d=mm&r=g\",\"url\":\"https:\\\/\\\/secure.gravatar.com\\\/avatar\\\/3f97e62c832ede8fafe5d2f9e31f8a055e187b6b31056d1e065d95e034db52e2?s=96&d=mm&r=g\",\"contentUrl\":\"https:\\\/\\\/secure.gravatar.com\\\/avatar\\\/3f97e62c832ede8fafe5d2f9e31f8a055e187b6b31056d1e065d95e034db52e2?s=96&d=mm&r=g\",\"caption\":\"Equipa Arte 351\"},\"url\":\"https:\\\/\\\/arte351.pt\\\/art\\\/author\\\/admin2\\\/\"}]}<\/script>\n<!-- \/ Yoast SEO plugin. -->","yoast_head_json":{"title":"A ARTE DE RUA EM LISBOA - Arte351 - Art Magazine Portugal","robots":{"index":"index","follow":"follow","max-snippet":"max-snippet:-1","max-image-preview":"max-image-preview:large","max-video-preview":"max-video-preview:-1"},"canonical":"https:\/\/arte351.pt\/art\/2015\/12\/22\/a-arte-de-rua-em-lisboa\/","og_locale":"pt_BR","og_type":"article","og_title":"A ARTE DE RUA EM LISBOA - Arte351 - Art Magazine Portugal","og_description":"Lisboa consegue mesclar o antigo e o contempor\u00e2neo de uma maneira \u00fanica. Entre seus elegantes edif\u00edcios, suas cal\u00e7adas e ladeiras de pedra pode se encontrar street art de primeira qualidade. [&hellip;]","og_url":"https:\/\/arte351.pt\/art\/2015\/12\/22\/a-arte-de-rua-em-lisboa\/","og_site_name":"Arte351 - Art Magazine Portugal","article_publisher":"https:\/\/www.facebook.com\/arte351magazine\/","article_published_time":"2015-12-22T19:21:07+00:00","article_modified_time":"2015-12-22T19:40:38+00:00","og_image":[{"width":1280,"height":600,"url":"https:\/\/arte351.pt\/art\/wp-content\/uploads\/2015\/12\/grafitti_001.jpg","type":"image\/jpeg"}],"author":"Equipa Arte 351","twitter_misc":{"Escrito por":"Equipa Arte 351","Est. tempo de leitura":"1 minuto"},"schema":{"@context":"https:\/\/schema.org","@graph":[{"@type":"Article","@id":"https:\/\/arte351.pt\/art\/2015\/12\/22\/a-arte-de-rua-em-lisboa\/#article","isPartOf":{"@id":"https:\/\/arte351.pt\/art\/2015\/12\/22\/a-arte-de-rua-em-lisboa\/"},"author":{"name":"Equipa Arte 351","@id":"https:\/\/arte351.pt\/art\/#\/schema\/person\/1d081d5dbc7c2a3f2317da95c823a5bd"},"headline":"A ARTE DE RUA EM LISBOA","datePublished":"2015-12-22T19:21:07+00:00","dateModified":"2015-12-22T19:40:38+00:00","mainEntityOfPage":{"@id":"https:\/\/arte351.pt\/art\/2015\/12\/22\/a-arte-de-rua-em-lisboa\/"},"wordCount":215,"commentCount":0,"publisher":{"@id":"https:\/\/arte351.pt\/art\/#organization"},"image":{"@id":"https:\/\/arte351.pt\/art\/2015\/12\/22\/a-arte-de-rua-em-lisboa\/#primaryimage"},"thumbnailUrl":"https:\/\/arte351.pt\/art\/wp-content\/uploads\/2015\/12\/grafitti_001.jpg","articleSection":["Street Art"],"inLanguage":"pt-BR","potentialAction":[{"@type":"CommentAction","name":"Comment","target":["https:\/\/arte351.pt\/art\/2015\/12\/22\/a-arte-de-rua-em-lisboa\/#respond"]}]},{"@type":"WebPage","@id":"https:\/\/arte351.pt\/art\/2015\/12\/22\/a-arte-de-rua-em-lisboa\/","url":"https:\/\/arte351.pt\/art\/2015\/12\/22\/a-arte-de-rua-em-lisboa\/","name":"A ARTE DE RUA EM LISBOA - Arte351 - Art Magazine Portugal","isPartOf":{"@id":"https:\/\/arte351.pt\/art\/#website"},"primaryImageOfPage":{"@id":"https:\/\/arte351.pt\/art\/2015\/12\/22\/a-arte-de-rua-em-lisboa\/#primaryimage"},"image":{"@id":"https:\/\/arte351.pt\/art\/2015\/12\/22\/a-arte-de-rua-em-lisboa\/#primaryimage"},"thumbnailUrl":"https:\/\/arte351.pt\/art\/wp-content\/uploads\/2015\/12\/grafitti_001.jpg","datePublished":"2015-12-22T19:21:07+00:00","dateModified":"2015-12-22T19:40:38+00:00","breadcrumb":{"@id":"https:\/\/arte351.pt\/art\/2015\/12\/22\/a-arte-de-rua-em-lisboa\/#breadcrumb"},"inLanguage":"pt-BR","potentialAction":[{"@type":"ReadAction","target":["https:\/\/arte351.pt\/art\/2015\/12\/22\/a-arte-de-rua-em-lisboa\/"]}]},{"@type":"ImageObject","inLanguage":"pt-BR","@id":"https:\/\/arte351.pt\/art\/2015\/12\/22\/a-arte-de-rua-em-lisboa\/#primaryimage","url":"https:\/\/arte351.pt\/art\/wp-content\/uploads\/2015\/12\/grafitti_001.jpg","contentUrl":"https:\/\/arte351.pt\/art\/wp-content\/uploads\/2015\/12\/grafitti_001.jpg","width":1280,"height":600},{"@type":"BreadcrumbList","@id":"https:\/\/arte351.pt\/art\/2015\/12\/22\/a-arte-de-rua-em-lisboa\/#breadcrumb","itemListElement":[{"@type":"ListItem","position":1,"name":"In\u00edcio","item":"https:\/\/arte351.pt\/art\/"},{"@type":"ListItem","position":2,"name":"A ARTE DE RUA EM LISBOA"}]},{"@type":"WebSite","@id":"https:\/\/arte351.pt\/art\/#website","url":"https:\/\/arte351.pt\/art\/","name":"Arte351 - Art Magazine Portugal","description":"","publisher":{"@id":"https:\/\/arte351.pt\/art\/#organization"},"potentialAction":[{"@type":"SearchAction","target":{"@type":"EntryPoint","urlTemplate":"https:\/\/arte351.pt\/art\/?s={search_term_string}"},"query-input":{"@type":"PropertyValueSpecification","valueRequired":true,"valueName":"search_term_string"}}],"inLanguage":"pt-BR"},{"@type":"Organization","@id":"https:\/\/arte351.pt\/art\/#organization","name":"Arte351 - Art Magazine Portugal","url":"https:\/\/arte351.pt\/art\/","logo":{"@type":"ImageObject","inLanguage":"pt-BR","@id":"https:\/\/arte351.pt\/art\/#\/schema\/logo\/image\/","url":"https:\/\/arte351.pt\/art\/wp-content\/uploads\/2020\/03\/cropped-logo-arte351-color.png","contentUrl":"https:\/\/arte351.pt\/art\/wp-content\/uploads\/2020\/03\/cropped-logo-arte351-color.png","width":514,"height":200,"caption":"Arte351 - Art Magazine Portugal"},"image":{"@id":"https:\/\/arte351.pt\/art\/#\/schema\/logo\/image\/"},"sameAs":["https:\/\/www.facebook.com\/arte351magazine\/"]},{"@type":"Person","@id":"https:\/\/arte351.pt\/art\/#\/schema\/person\/1d081d5dbc7c2a3f2317da95c823a5bd","name":"Equipa Arte 351","image":{"@type":"ImageObject","inLanguage":"pt-BR","@id":"https:\/\/secure.gravatar.com\/avatar\/3f97e62c832ede8fafe5d2f9e31f8a055e187b6b31056d1e065d95e034db52e2?s=96&d=mm&r=g","url":"https:\/\/secure.gravatar.com\/avatar\/3f97e62c832ede8fafe5d2f9e31f8a055e187b6b31056d1e065d95e034db52e2?s=96&d=mm&r=g","contentUrl":"https:\/\/secure.gravatar.com\/avatar\/3f97e62c832ede8fafe5d2f9e31f8a055e187b6b31056d1e065d95e034db52e2?s=96&d=mm&r=g","caption":"Equipa Arte 351"},"url":"https:\/\/arte351.pt\/art\/author\/admin2\/"}]}},"_links":{"self":[{"href":"https:\/\/arte351.pt\/art\/wp-json\/wp\/v2\/posts\/9","targetHints":{"allow":["GET"]}}],"collection":[{"href":"https:\/\/arte351.pt\/art\/wp-json\/wp\/v2\/posts"}],"about":[{"href":"https:\/\/arte351.pt\/art\/wp-json\/wp\/v2\/types\/post"}],"author":[{"embeddable":true,"href":"https:\/\/arte351.pt\/art\/wp-json\/wp\/v2\/users\/34415"}],"replies":[{"embeddable":true,"href":"https:\/\/arte351.pt\/art\/wp-json\/wp\/v2\/comments?post=9"}],"version-history":[{"count":1,"href":"https:\/\/arte351.pt\/art\/wp-json\/wp\/v2\/posts\/9\/revisions"}],"predecessor-version":[{"id":11,"href":"https:\/\/arte351.pt\/art\/wp-json\/wp\/v2\/posts\/9\/revisions\/11"}],"wp:featuredmedia":[{"embeddable":true,"href":"https:\/\/arte351.pt\/art\/wp-json\/wp\/v2\/media\/10"}],"wp:attachment":[{"href":"https:\/\/arte351.pt\/art\/wp-json\/wp\/v2\/media?parent=9"}],"wp:term":[{"taxonomy":"category","embeddable":true,"href":"https:\/\/arte351.pt\/art\/wp-json\/wp\/v2\/categories?post=9"},{"taxonomy":"post_tag","embeddable":true,"href":"https:\/\/arte351.pt\/art\/wp-json\/wp\/v2\/tags?post=9"}],"curies":[{"name":"wp","href":"https:\/\/api.w.org\/{rel}","templated":true}]}}