{"id":9024,"date":"2025-01-15T06:33:25","date_gmt":"2025-01-15T06:33:25","guid":{"rendered":"https:\/\/arte351.pt\/art\/?p=9024"},"modified":"2025-01-10T14:36:17","modified_gmt":"2025-01-10T14:36:17","slug":"mirage-do-artista-e-cineasta-indonesio-riar-rizaldi-inaugura-se","status":"publish","type":"post","link":"https:\/\/arte351.pt\/art\/2025\/01\/15\/mirage-do-artista-e-cineasta-indonesio-riar-rizaldi-inaugura-se\/","title":{"rendered":"&#8220;Mirage&#8221; do artista e cineasta indon\u00e9sio Riar Rizaldi inaugura-se"},"content":{"rendered":"<table border=\"0\" width=\"100%\" cellspacing=\"0\" cellpadding=\"0\" bgcolor=\"#FAFAFA\">\n<tbody>\n<tr id=\"m_2431062546576891705gmail-0bbb12af-f47c-bbfa-3426-3aa867bee491\">\n<td align=\"center\" valign=\"top\">\n<div>\n<table border=\"0\" width=\"600\" cellspacing=\"0\" cellpadding=\"0\" align=\"center\">\n<tbody>\n<tr>\n<td dir=\"ltr\" valign=\"top\" bgcolor=\"#ffffff\" width=\"100%\">\n<table border=\"0\" width=\"100%\" cellspacing=\"0\" cellpadding=\"0\">\n<tbody>\n<tr>\n<th valign=\"top\" width=\"100%\">\n<table border=\"0\" width=\"100%\" cellspacing=\"0\" cellpadding=\"0\">\n<tbody>\n<tr>\n<td dir=\"ltr\" valign=\"top\">\n<table id=\"m_2431062546576891705gmail-3f50c3db-072b-f21c-5a97-4a742b9875ec\" width=\"100%\">\n<tbody>\n<tr>\n<td dir=\"ltr\" lang=\"en\" role=\"textbox\" aria-label=\"Rich Text Editor. Editing area: main\">A exposi\u00e7\u00e3o<strong>\u00a0&#8220;Mirage&#8221;<\/strong>\u00a0do artista e cineasta indon\u00e9sio\u00a0<strong>Riar Rizaldi<\/strong>\u00a0inaugura no dia<strong>\u00a025 de janeiro<\/strong>\u00a0<strong>no\u00a0<u>Hangar &#8211; Centro de Investiga\u00e7\u00e3o Art\u00edstica<\/u><\/strong>, em Lisboa.<\/p>\n<p>Em &#8220;Mirage&#8221; o artista explora a rela\u00e7\u00e3o entre ci\u00eancia, fic\u00e7\u00e3o e tecnologia, apresentando o primeiro e o segundo cap\u00edtulos de um projeto em curso, que se debru\u00e7a sob a forma como a ci\u00eancia moderna e o avan\u00e7o da tecnologia impactam a vida dos seres humanos e n\u00e3o-humanos no Sudeste Asi\u00e1tico.<\/p>\n<p>Esta exposi\u00e7\u00e3o, encomendada e produzida pela\u00a0<a href=\"https:\/\/mkt.paristexas.pt\/got\/30ac80ae6jFte36H\" target=\"_blank\" rel=\"noopener\" data-saferedirecturl=\"https:\/\/www.google.com\/url?q=https:\/\/mkt.paristexas.pt\/got\/30ac80ae6jFte36H&amp;source=gmail&amp;ust=1736595437983000&amp;usg=AOvVaw2-DIkZ9k3UX3z1fCP7QDhE\">Gasworks<\/a>\u00a0(Londres) e com curadoria de\u00a0<strong>Rosa Tyhurst<\/strong>, \u00e9 composta por dois filmes: &#8220;Mirage &#8211; Eigenstate&#8221; (2024), que entrela\u00e7a investiga\u00e7\u00f5es id\u00eanticas sobre a natureza da realidade, enquadrando a ci\u00eancia ocidental como uma simples metodologia entre muitas numa constela\u00e7\u00e3o de vis\u00f5es do mundo pluralistas; e &#8220;Mirage &#8211; Metanoia (Prel\u00fadio)&#8221; (2023), que utiliza anima\u00e7\u00e3o inspirada no estilo Hanna-Barbera dos anos 70 para encenar uma conversa entre dois cosm\u00f3logos sobre a presen\u00e7a de Deus nos \u00e1tomos.<\/p>\n<p>Estes trabalhos v\u00eddeo s\u00e3o apresentados como parte de uma instala\u00e7\u00e3o maior que inclui um mural de parede baseado nas teorias do m\u00edstico persa Al Hallaj sobre a verdade e a realidade.<\/p>\n<p>A exposi\u00e7\u00e3o &#8220;Mirage&#8221; foi encomendada e \u00e9 produzida pela Gasworks, Londres, e \u00e9 exibida em parceria com o Hangar, Lisboa. O principal apoio da exposi\u00e7\u00e3o de Riar Rizaldi \u00e9 Prue MacLeod.<br \/>\nA inaugura\u00e7\u00e3o realiza-se no dia 25 de janeiro, \u00e0s 16h, no Hangar &#8211; Centro de Investiga\u00e7\u00e3o Art\u00edstica, em Lisboa, e est\u00e1 patente at\u00e9 ao dia 19 de abril. A entrada \u00e9 gratuita.<\/td>\n<\/tr>\n<\/tbody>\n<\/table>\n<\/td>\n<\/tr>\n<\/tbody>\n<\/table>\n<\/th>\n<\/tr>\n<\/tbody>\n<\/table>\n<\/td>\n<\/tr>\n<\/tbody>\n<\/table>\n<\/div>\n<\/td>\n<\/tr>\n<tr id=\"m_2431062546576891705gmail-0d1a2f2d-ade5-0673-1461-6376f6d9e9ab\">\n<td align=\"center\" valign=\"top\">\n<div>\n<table border=\"0\" width=\"600\" cellspacing=\"0\" cellpadding=\"0\" align=\"center\">\n<tbody>\n<tr>\n<td dir=\"ltr\" valign=\"top\" bgcolor=\"#ffffff\" width=\"100%\">\n<table border=\"0\" width=\"100%\" cellspacing=\"0\" cellpadding=\"0\">\n<tbody>\n<tr>\n<th valign=\"top\" width=\"100%\">\n<table border=\"0\" width=\"100%\" cellspacing=\"0\" cellpadding=\"0\">\n<tbody>\n<tr>\n<td dir=\"ltr\" valign=\"top\">\n<table id=\"m_2431062546576891705gmail-f9ae262b-6516-6f82-8bd0-208701ca840f\" width=\"100%\">\n<tbody>\n<tr>\n<td><strong><u>Hangar &#8211; Centro de Investiga\u00e7\u00e3o Art\u00edstica<\/u><\/strong><\/p>\n<p>Rua Damasceno Monteiro 12<\/p>\n<p>1170-112 Lisboa<\/p>\n<p><u>Quarta a s\u00e1bado | 15h \u2013 19h<\/u><\/p>\n<p><i><u>entrada livre<\/u><\/i><\/td>\n<\/tr>\n<\/tbody>\n<\/table>\n<\/td>\n<\/tr>\n<\/tbody>\n<\/table>\n<\/th>\n<\/tr>\n<\/tbody>\n<\/table>\n<\/td>\n<\/tr>\n<\/tbody>\n<\/table>\n<\/div>\n<\/td>\n<\/tr>\n<tr id=\"m_2431062546576891705gmail-881ab4fe-d7e0-f864-4678-a9ce75cea95a\">\n<td align=\"center\" valign=\"top\">\n<div>\n<table border=\"0\" width=\"600\" cellspacing=\"0\" cellpadding=\"0\" align=\"center\">\n<tbody>\n<tr>\n<td dir=\"ltr\" valign=\"top\" bgcolor=\"#ffffff\" width=\"100%\">\n<table border=\"0\" width=\"100%\" cellspacing=\"0\" cellpadding=\"0\">\n<tbody>\n<tr>\n<th valign=\"top\" width=\"100%\">\n<table border=\"0\" width=\"100%\" cellspacing=\"0\" cellpadding=\"0\">\n<tbody>\n<tr>\n<td dir=\"ltr\" valign=\"top\">\n<table width=\"33%\" align=\"center\">\n<tbody>\n<tr>\n<td><\/td>\n<\/tr>\n<\/tbody>\n<\/table>\n<\/td>\n<\/tr>\n<\/tbody>\n<\/table>\n<\/th>\n<\/tr>\n<\/tbody>\n<\/table>\n<\/td>\n<\/tr>\n<\/tbody>\n<\/table>\n<\/div>\n<\/td>\n<\/tr>\n<tr id=\"m_2431062546576891705gmail-2638fc5d-833c-f1df-2c2c-0f86ac92c052\">\n<td align=\"center\" valign=\"top\">\n<div>\n<table border=\"0\" width=\"600\" cellspacing=\"0\" cellpadding=\"0\" align=\"center\">\n<tbody>\n<tr>\n<td dir=\"ltr\" valign=\"top\" bgcolor=\"#ffffff\" width=\"100%\">\n<table border=\"0\" width=\"100%\" cellspacing=\"0\" cellpadding=\"0\">\n<tbody>\n<tr>\n<th valign=\"top\" width=\"100%\">\n<table border=\"0\" width=\"100%\" cellspacing=\"0\" cellpadding=\"0\">\n<tbody>\n<tr>\n<td dir=\"ltr\" valign=\"top\">\n<table id=\"m_2431062546576891705gmail-65b90e16-f450-0767-3adf-41d42d0dd731\" width=\"100%\">\n<tbody>\n<tr>\n<td><strong>SOBRE O ARTISTA<\/strong><\/p>\n<p>&nbsp;<\/p>\n<p><strong>\u00a0Riar Rizaldi\u00a0<\/strong>trabalha como artista e cineasta. A sua pr\u00e1tica art\u00edstica gira sobretudo em torno da rela\u00e7\u00e3o entre tecnologia, trabalho e natureza, vis\u00f5es do mundo, cinema de g\u00e9nero e a possibilidade de fic\u00e7\u00e3o te\u00f3rica. As suas obras j\u00e1 foram exibidas em in\u00fameros festivais de cinema internacionais (incluindo Locarno, IFFR, FID Marseille, Viennale, BFI London, Cin\u00e9ma du R\u00e9el, Vancouver, etc.), bem como no Centre Pompidou Paris (2021), no MoMA &#8211; Museum of Modern Art (2024), na Bienal de Whitney (2024), na Bienal de Taip\u00e9 (2023), na Bienal de Istambul (2023), na Bienal de Arquitetura de Veneza (2021), na Bienal de Jogja (2021), na Galeria Nacional da Indon\u00e9sia (2019) e noutros locais e institui\u00e7\u00f5es. Para al\u00e9m disso, foram realizadas exposi\u00e7\u00f5es individuais recentes e programas de exposi\u00e7\u00e3o das suas obras na Gasworks London (2024), Institute of Contemporary Arts (ICA) London (2024), Z33 Hasselt (2024), Centre de la photographie Gen\u00e8ve (2023) e Batalha Centro de Cinema Porto (2023), entre outros.<\/td>\n<\/tr>\n<\/tbody>\n<\/table>\n<\/td>\n<\/tr>\n<\/tbody>\n<\/table>\n<\/th>\n<\/tr>\n<\/tbody>\n<\/table>\n<\/td>\n<\/tr>\n<\/tbody>\n<\/table>\n<\/div>\n<\/td>\n<\/tr>\n<\/tbody>\n<\/table>\n","protected":false},"excerpt":{"rendered":"<p>A exposi\u00e7\u00e3o\u00a0&#8220;Mirage&#8221;\u00a0do artista e cineasta indon\u00e9sio\u00a0Riar Rizaldi\u00a0inaugura no dia\u00a025 de janeiro\u00a0no\u00a0Hangar &#8211; Centro de Investiga\u00e7\u00e3o Art\u00edstica, em Lisboa. Em &#8220;Mirage&#8221; o artista explora a rela\u00e7\u00e3o entre ci\u00eancia, fic\u00e7\u00e3o e tecnologia, [&hellip;]<\/p>\n","protected":false},"author":34415,"featured_media":9025,"comment_status":"closed","ping_status":"closed","sticky":false,"template":"","format":"standard","meta":{"_exactmetrics_skip_tracking":false,"_exactmetrics_sitenote_active":false,"_exactmetrics_sitenote_note":"","_exactmetrics_sitenote_category":0,"_uf_show_specific_survey":0,"_uf_disable_surveys":false,"footnotes":""},"categories":[1],"tags":[1767],"class_list":["post-9024","post","type-post","status-publish","format-standard","has-post-thumbnail","hentry","category-sem-categoria","tag-hangar-centro-de-investigacao-artistica"],"yoast_head":"<!-- This site is optimized with the Yoast SEO plugin v27.3 - https:\/\/yoast.com\/product\/yoast-seo-wordpress\/ -->\n<title>&quot;Mirage&quot; do artista e cineasta indon\u00e9sio Riar Rizaldi inaugura-se - Arte351 - Art Magazine Portugal<\/title>\n<meta name=\"description\" content=\"Riar Rizaldi\u00a0trabalha como artista e cineasta. A sua pr\u00e1tica art\u00edstica gira sobretudo em torno da............\" \/>\n<meta name=\"robots\" content=\"index, follow, max-snippet:-1, max-image-preview:large, max-video-preview:-1\" \/>\n<link rel=\"canonical\" href=\"https:\/\/arte351.pt\/art\/2025\/01\/15\/mirage-do-artista-e-cineasta-indonesio-riar-rizaldi-inaugura-se\/\" \/>\n<meta property=\"og:locale\" content=\"pt_BR\" \/>\n<meta property=\"og:type\" content=\"article\" \/>\n<meta property=\"og:title\" content=\"&quot;Mirage&quot; do artista e cineasta indon\u00e9sio Riar Rizaldi inaugura-se - Arte351 - Art Magazine Portugal\" \/>\n<meta property=\"og:description\" content=\"Riar Rizaldi\u00a0trabalha como artista e cineasta. A sua pr\u00e1tica art\u00edstica gira sobretudo em torno da............\" \/>\n<meta property=\"og:url\" content=\"https:\/\/arte351.pt\/art\/2025\/01\/15\/mirage-do-artista-e-cineasta-indonesio-riar-rizaldi-inaugura-se\/\" \/>\n<meta property=\"og:site_name\" content=\"Arte351 - Art Magazine Portugal\" \/>\n<meta property=\"article:publisher\" content=\"https:\/\/www.facebook.com\/arte351magazine\/\" \/>\n<meta property=\"article:published_time\" content=\"2025-01-15T06:33:25+00:00\" \/>\n<meta property=\"og:image\" content=\"https:\/\/arte351.pt\/art\/wp-content\/uploads\/2025\/01\/Mirage-de-Riar-Rizaldi-.jpg\" \/>\n\t<meta property=\"og:image:width\" content=\"1200\" \/>\n\t<meta property=\"og:image:height\" content=\"578\" \/>\n\t<meta property=\"og:image:type\" content=\"image\/jpeg\" \/>\n<meta name=\"author\" content=\"Equipa Arte 351\" \/>\n<meta name=\"twitter:label1\" content=\"Escrito por\" \/>\n\t<meta name=\"twitter:data1\" content=\"Equipa Arte 351\" \/>\n\t<meta name=\"twitter:label2\" content=\"Est. tempo de leitura\" \/>\n\t<meta name=\"twitter:data2\" content=\"3 minutos\" \/>\n<script type=\"application\/ld+json\" class=\"yoast-schema-graph\">{\"@context\":\"https:\\\/\\\/schema.org\",\"@graph\":[{\"@type\":\"Article\",\"@id\":\"https:\\\/\\\/arte351.pt\\\/art\\\/2025\\\/01\\\/15\\\/mirage-do-artista-e-cineasta-indonesio-riar-rizaldi-inaugura-se\\\/#article\",\"isPartOf\":{\"@id\":\"https:\\\/\\\/arte351.pt\\\/art\\\/2025\\\/01\\\/15\\\/mirage-do-artista-e-cineasta-indonesio-riar-rizaldi-inaugura-se\\\/\"},\"author\":{\"name\":\"Equipa Arte 351\",\"@id\":\"https:\\\/\\\/arte351.pt\\\/art\\\/#\\\/schema\\\/person\\\/1d081d5dbc7c2a3f2317da95c823a5bd\"},\"headline\":\"&#8220;Mirage&#8221; do artista e cineasta indon\u00e9sio Riar Rizaldi inaugura-se\",\"datePublished\":\"2025-01-15T06:33:25+00:00\",\"mainEntityOfPage\":{\"@id\":\"https:\\\/\\\/arte351.pt\\\/art\\\/2025\\\/01\\\/15\\\/mirage-do-artista-e-cineasta-indonesio-riar-rizaldi-inaugura-se\\\/\"},\"wordCount\":464,\"publisher\":{\"@id\":\"https:\\\/\\\/arte351.pt\\\/art\\\/#organization\"},\"image\":{\"@id\":\"https:\\\/\\\/arte351.pt\\\/art\\\/2025\\\/01\\\/15\\\/mirage-do-artista-e-cineasta-indonesio-riar-rizaldi-inaugura-se\\\/#primaryimage\"},\"thumbnailUrl\":\"https:\\\/\\\/arte351.pt\\\/art\\\/wp-content\\\/uploads\\\/2025\\\/01\\\/Mirage-de-Riar-Rizaldi-.jpg\",\"keywords\":[\"Hangar - Centro de Investiga\u00e7\u00e3o Art\u00edstica\"],\"articleSection\":[\"Blog ARTE-351\"],\"inLanguage\":\"pt-BR\"},{\"@type\":\"WebPage\",\"@id\":\"https:\\\/\\\/arte351.pt\\\/art\\\/2025\\\/01\\\/15\\\/mirage-do-artista-e-cineasta-indonesio-riar-rizaldi-inaugura-se\\\/\",\"url\":\"https:\\\/\\\/arte351.pt\\\/art\\\/2025\\\/01\\\/15\\\/mirage-do-artista-e-cineasta-indonesio-riar-rizaldi-inaugura-se\\\/\",\"name\":\"\\\"Mirage\\\" do artista e cineasta indon\u00e9sio Riar Rizaldi inaugura-se - Arte351 - Art Magazine Portugal\",\"isPartOf\":{\"@id\":\"https:\\\/\\\/arte351.pt\\\/art\\\/#website\"},\"primaryImageOfPage\":{\"@id\":\"https:\\\/\\\/arte351.pt\\\/art\\\/2025\\\/01\\\/15\\\/mirage-do-artista-e-cineasta-indonesio-riar-rizaldi-inaugura-se\\\/#primaryimage\"},\"image\":{\"@id\":\"https:\\\/\\\/arte351.pt\\\/art\\\/2025\\\/01\\\/15\\\/mirage-do-artista-e-cineasta-indonesio-riar-rizaldi-inaugura-se\\\/#primaryimage\"},\"thumbnailUrl\":\"https:\\\/\\\/arte351.pt\\\/art\\\/wp-content\\\/uploads\\\/2025\\\/01\\\/Mirage-de-Riar-Rizaldi-.jpg\",\"datePublished\":\"2025-01-15T06:33:25+00:00\",\"description\":\"Riar Rizaldi\u00a0trabalha como artista e cineasta. A sua pr\u00e1tica art\u00edstica gira sobretudo em torno da............\",\"breadcrumb\":{\"@id\":\"https:\\\/\\\/arte351.pt\\\/art\\\/2025\\\/01\\\/15\\\/mirage-do-artista-e-cineasta-indonesio-riar-rizaldi-inaugura-se\\\/#breadcrumb\"},\"inLanguage\":\"pt-BR\",\"potentialAction\":[{\"@type\":\"ReadAction\",\"target\":[\"https:\\\/\\\/arte351.pt\\\/art\\\/2025\\\/01\\\/15\\\/mirage-do-artista-e-cineasta-indonesio-riar-rizaldi-inaugura-se\\\/\"]}]},{\"@type\":\"ImageObject\",\"inLanguage\":\"pt-BR\",\"@id\":\"https:\\\/\\\/arte351.pt\\\/art\\\/2025\\\/01\\\/15\\\/mirage-do-artista-e-cineasta-indonesio-riar-rizaldi-inaugura-se\\\/#primaryimage\",\"url\":\"https:\\\/\\\/arte351.pt\\\/art\\\/wp-content\\\/uploads\\\/2025\\\/01\\\/Mirage-de-Riar-Rizaldi-.jpg\",\"contentUrl\":\"https:\\\/\\\/arte351.pt\\\/art\\\/wp-content\\\/uploads\\\/2025\\\/01\\\/Mirage-de-Riar-Rizaldi-.jpg\",\"width\":1200,\"height\":578},{\"@type\":\"BreadcrumbList\",\"@id\":\"https:\\\/\\\/arte351.pt\\\/art\\\/2025\\\/01\\\/15\\\/mirage-do-artista-e-cineasta-indonesio-riar-rizaldi-inaugura-se\\\/#breadcrumb\",\"itemListElement\":[{\"@type\":\"ListItem\",\"position\":1,\"name\":\"In\u00edcio\",\"item\":\"https:\\\/\\\/arte351.pt\\\/art\\\/\"},{\"@type\":\"ListItem\",\"position\":2,\"name\":\"&#8220;Mirage&#8221; do artista e cineasta indon\u00e9sio Riar Rizaldi inaugura-se\"}]},{\"@type\":\"WebSite\",\"@id\":\"https:\\\/\\\/arte351.pt\\\/art\\\/#website\",\"url\":\"https:\\\/\\\/arte351.pt\\\/art\\\/\",\"name\":\"Arte351 - Art Magazine Portugal\",\"description\":\"\",\"publisher\":{\"@id\":\"https:\\\/\\\/arte351.pt\\\/art\\\/#organization\"},\"potentialAction\":[{\"@type\":\"SearchAction\",\"target\":{\"@type\":\"EntryPoint\",\"urlTemplate\":\"https:\\\/\\\/arte351.pt\\\/art\\\/?s={search_term_string}\"},\"query-input\":{\"@type\":\"PropertyValueSpecification\",\"valueRequired\":true,\"valueName\":\"search_term_string\"}}],\"inLanguage\":\"pt-BR\"},{\"@type\":\"Organization\",\"@id\":\"https:\\\/\\\/arte351.pt\\\/art\\\/#organization\",\"name\":\"Arte351 - Art Magazine Portugal\",\"url\":\"https:\\\/\\\/arte351.pt\\\/art\\\/\",\"logo\":{\"@type\":\"ImageObject\",\"inLanguage\":\"pt-BR\",\"@id\":\"https:\\\/\\\/arte351.pt\\\/art\\\/#\\\/schema\\\/logo\\\/image\\\/\",\"url\":\"https:\\\/\\\/arte351.pt\\\/art\\\/wp-content\\\/uploads\\\/2020\\\/03\\\/cropped-logo-arte351-color.png\",\"contentUrl\":\"https:\\\/\\\/arte351.pt\\\/art\\\/wp-content\\\/uploads\\\/2020\\\/03\\\/cropped-logo-arte351-color.png\",\"width\":514,\"height\":200,\"caption\":\"Arte351 - Art Magazine Portugal\"},\"image\":{\"@id\":\"https:\\\/\\\/arte351.pt\\\/art\\\/#\\\/schema\\\/logo\\\/image\\\/\"},\"sameAs\":[\"https:\\\/\\\/www.facebook.com\\\/arte351magazine\\\/\"]},{\"@type\":\"Person\",\"@id\":\"https:\\\/\\\/arte351.pt\\\/art\\\/#\\\/schema\\\/person\\\/1d081d5dbc7c2a3f2317da95c823a5bd\",\"name\":\"Equipa Arte 351\",\"image\":{\"@type\":\"ImageObject\",\"inLanguage\":\"pt-BR\",\"@id\":\"https:\\\/\\\/secure.gravatar.com\\\/avatar\\\/3f97e62c832ede8fafe5d2f9e31f8a055e187b6b31056d1e065d95e034db52e2?s=96&d=mm&r=g\",\"url\":\"https:\\\/\\\/secure.gravatar.com\\\/avatar\\\/3f97e62c832ede8fafe5d2f9e31f8a055e187b6b31056d1e065d95e034db52e2?s=96&d=mm&r=g\",\"contentUrl\":\"https:\\\/\\\/secure.gravatar.com\\\/avatar\\\/3f97e62c832ede8fafe5d2f9e31f8a055e187b6b31056d1e065d95e034db52e2?s=96&d=mm&r=g\",\"caption\":\"Equipa Arte 351\"},\"url\":\"https:\\\/\\\/arte351.pt\\\/art\\\/author\\\/admin2\\\/\"}]}<\/script>\n<!-- \/ Yoast SEO plugin. -->","yoast_head_json":{"title":"\"Mirage\" do artista e cineasta indon\u00e9sio Riar Rizaldi inaugura-se - Arte351 - Art Magazine Portugal","description":"Riar Rizaldi\u00a0trabalha como artista e cineasta. A sua pr\u00e1tica art\u00edstica gira sobretudo em torno da............","robots":{"index":"index","follow":"follow","max-snippet":"max-snippet:-1","max-image-preview":"max-image-preview:large","max-video-preview":"max-video-preview:-1"},"canonical":"https:\/\/arte351.pt\/art\/2025\/01\/15\/mirage-do-artista-e-cineasta-indonesio-riar-rizaldi-inaugura-se\/","og_locale":"pt_BR","og_type":"article","og_title":"\"Mirage\" do artista e cineasta indon\u00e9sio Riar Rizaldi inaugura-se - Arte351 - Art Magazine Portugal","og_description":"Riar Rizaldi\u00a0trabalha como artista e cineasta. A sua pr\u00e1tica art\u00edstica gira sobretudo em torno da............","og_url":"https:\/\/arte351.pt\/art\/2025\/01\/15\/mirage-do-artista-e-cineasta-indonesio-riar-rizaldi-inaugura-se\/","og_site_name":"Arte351 - Art Magazine Portugal","article_publisher":"https:\/\/www.facebook.com\/arte351magazine\/","article_published_time":"2025-01-15T06:33:25+00:00","og_image":[{"width":1200,"height":578,"url":"https:\/\/arte351.pt\/art\/wp-content\/uploads\/2025\/01\/Mirage-de-Riar-Rizaldi-.jpg","type":"image\/jpeg"}],"author":"Equipa Arte 351","twitter_misc":{"Escrito por":"Equipa Arte 351","Est. tempo de leitura":"3 minutos"},"schema":{"@context":"https:\/\/schema.org","@graph":[{"@type":"Article","@id":"https:\/\/arte351.pt\/art\/2025\/01\/15\/mirage-do-artista-e-cineasta-indonesio-riar-rizaldi-inaugura-se\/#article","isPartOf":{"@id":"https:\/\/arte351.pt\/art\/2025\/01\/15\/mirage-do-artista-e-cineasta-indonesio-riar-rizaldi-inaugura-se\/"},"author":{"name":"Equipa Arte 351","@id":"https:\/\/arte351.pt\/art\/#\/schema\/person\/1d081d5dbc7c2a3f2317da95c823a5bd"},"headline":"&#8220;Mirage&#8221; do artista e cineasta indon\u00e9sio Riar Rizaldi inaugura-se","datePublished":"2025-01-15T06:33:25+00:00","mainEntityOfPage":{"@id":"https:\/\/arte351.pt\/art\/2025\/01\/15\/mirage-do-artista-e-cineasta-indonesio-riar-rizaldi-inaugura-se\/"},"wordCount":464,"publisher":{"@id":"https:\/\/arte351.pt\/art\/#organization"},"image":{"@id":"https:\/\/arte351.pt\/art\/2025\/01\/15\/mirage-do-artista-e-cineasta-indonesio-riar-rizaldi-inaugura-se\/#primaryimage"},"thumbnailUrl":"https:\/\/arte351.pt\/art\/wp-content\/uploads\/2025\/01\/Mirage-de-Riar-Rizaldi-.jpg","keywords":["Hangar - Centro de Investiga\u00e7\u00e3o Art\u00edstica"],"articleSection":["Blog ARTE-351"],"inLanguage":"pt-BR"},{"@type":"WebPage","@id":"https:\/\/arte351.pt\/art\/2025\/01\/15\/mirage-do-artista-e-cineasta-indonesio-riar-rizaldi-inaugura-se\/","url":"https:\/\/arte351.pt\/art\/2025\/01\/15\/mirage-do-artista-e-cineasta-indonesio-riar-rizaldi-inaugura-se\/","name":"\"Mirage\" do artista e cineasta indon\u00e9sio Riar Rizaldi inaugura-se - Arte351 - Art Magazine Portugal","isPartOf":{"@id":"https:\/\/arte351.pt\/art\/#website"},"primaryImageOfPage":{"@id":"https:\/\/arte351.pt\/art\/2025\/01\/15\/mirage-do-artista-e-cineasta-indonesio-riar-rizaldi-inaugura-se\/#primaryimage"},"image":{"@id":"https:\/\/arte351.pt\/art\/2025\/01\/15\/mirage-do-artista-e-cineasta-indonesio-riar-rizaldi-inaugura-se\/#primaryimage"},"thumbnailUrl":"https:\/\/arte351.pt\/art\/wp-content\/uploads\/2025\/01\/Mirage-de-Riar-Rizaldi-.jpg","datePublished":"2025-01-15T06:33:25+00:00","description":"Riar Rizaldi\u00a0trabalha como artista e cineasta. A sua pr\u00e1tica art\u00edstica gira sobretudo em torno da............","breadcrumb":{"@id":"https:\/\/arte351.pt\/art\/2025\/01\/15\/mirage-do-artista-e-cineasta-indonesio-riar-rizaldi-inaugura-se\/#breadcrumb"},"inLanguage":"pt-BR","potentialAction":[{"@type":"ReadAction","target":["https:\/\/arte351.pt\/art\/2025\/01\/15\/mirage-do-artista-e-cineasta-indonesio-riar-rizaldi-inaugura-se\/"]}]},{"@type":"ImageObject","inLanguage":"pt-BR","@id":"https:\/\/arte351.pt\/art\/2025\/01\/15\/mirage-do-artista-e-cineasta-indonesio-riar-rizaldi-inaugura-se\/#primaryimage","url":"https:\/\/arte351.pt\/art\/wp-content\/uploads\/2025\/01\/Mirage-de-Riar-Rizaldi-.jpg","contentUrl":"https:\/\/arte351.pt\/art\/wp-content\/uploads\/2025\/01\/Mirage-de-Riar-Rizaldi-.jpg","width":1200,"height":578},{"@type":"BreadcrumbList","@id":"https:\/\/arte351.pt\/art\/2025\/01\/15\/mirage-do-artista-e-cineasta-indonesio-riar-rizaldi-inaugura-se\/#breadcrumb","itemListElement":[{"@type":"ListItem","position":1,"name":"In\u00edcio","item":"https:\/\/arte351.pt\/art\/"},{"@type":"ListItem","position":2,"name":"&#8220;Mirage&#8221; do artista e cineasta indon\u00e9sio Riar Rizaldi inaugura-se"}]},{"@type":"WebSite","@id":"https:\/\/arte351.pt\/art\/#website","url":"https:\/\/arte351.pt\/art\/","name":"Arte351 - Art Magazine Portugal","description":"","publisher":{"@id":"https:\/\/arte351.pt\/art\/#organization"},"potentialAction":[{"@type":"SearchAction","target":{"@type":"EntryPoint","urlTemplate":"https:\/\/arte351.pt\/art\/?s={search_term_string}"},"query-input":{"@type":"PropertyValueSpecification","valueRequired":true,"valueName":"search_term_string"}}],"inLanguage":"pt-BR"},{"@type":"Organization","@id":"https:\/\/arte351.pt\/art\/#organization","name":"Arte351 - Art Magazine Portugal","url":"https:\/\/arte351.pt\/art\/","logo":{"@type":"ImageObject","inLanguage":"pt-BR","@id":"https:\/\/arte351.pt\/art\/#\/schema\/logo\/image\/","url":"https:\/\/arte351.pt\/art\/wp-content\/uploads\/2020\/03\/cropped-logo-arte351-color.png","contentUrl":"https:\/\/arte351.pt\/art\/wp-content\/uploads\/2020\/03\/cropped-logo-arte351-color.png","width":514,"height":200,"caption":"Arte351 - Art Magazine Portugal"},"image":{"@id":"https:\/\/arte351.pt\/art\/#\/schema\/logo\/image\/"},"sameAs":["https:\/\/www.facebook.com\/arte351magazine\/"]},{"@type":"Person","@id":"https:\/\/arte351.pt\/art\/#\/schema\/person\/1d081d5dbc7c2a3f2317da95c823a5bd","name":"Equipa Arte 351","image":{"@type":"ImageObject","inLanguage":"pt-BR","@id":"https:\/\/secure.gravatar.com\/avatar\/3f97e62c832ede8fafe5d2f9e31f8a055e187b6b31056d1e065d95e034db52e2?s=96&d=mm&r=g","url":"https:\/\/secure.gravatar.com\/avatar\/3f97e62c832ede8fafe5d2f9e31f8a055e187b6b31056d1e065d95e034db52e2?s=96&d=mm&r=g","contentUrl":"https:\/\/secure.gravatar.com\/avatar\/3f97e62c832ede8fafe5d2f9e31f8a055e187b6b31056d1e065d95e034db52e2?s=96&d=mm&r=g","caption":"Equipa Arte 351"},"url":"https:\/\/arte351.pt\/art\/author\/admin2\/"}]}},"_links":{"self":[{"href":"https:\/\/arte351.pt\/art\/wp-json\/wp\/v2\/posts\/9024","targetHints":{"allow":["GET"]}}],"collection":[{"href":"https:\/\/arte351.pt\/art\/wp-json\/wp\/v2\/posts"}],"about":[{"href":"https:\/\/arte351.pt\/art\/wp-json\/wp\/v2\/types\/post"}],"author":[{"embeddable":true,"href":"https:\/\/arte351.pt\/art\/wp-json\/wp\/v2\/users\/34415"}],"replies":[{"embeddable":true,"href":"https:\/\/arte351.pt\/art\/wp-json\/wp\/v2\/comments?post=9024"}],"version-history":[{"count":1,"href":"https:\/\/arte351.pt\/art\/wp-json\/wp\/v2\/posts\/9024\/revisions"}],"predecessor-version":[{"id":9026,"href":"https:\/\/arte351.pt\/art\/wp-json\/wp\/v2\/posts\/9024\/revisions\/9026"}],"wp:featuredmedia":[{"embeddable":true,"href":"https:\/\/arte351.pt\/art\/wp-json\/wp\/v2\/media\/9025"}],"wp:attachment":[{"href":"https:\/\/arte351.pt\/art\/wp-json\/wp\/v2\/media?parent=9024"}],"wp:term":[{"taxonomy":"category","embeddable":true,"href":"https:\/\/arte351.pt\/art\/wp-json\/wp\/v2\/categories?post=9024"},{"taxonomy":"post_tag","embeddable":true,"href":"https:\/\/arte351.pt\/art\/wp-json\/wp\/v2\/tags?post=9024"}],"curies":[{"name":"wp","href":"https:\/\/api.w.org\/{rel}","templated":true}]}}