{"id":9037,"date":"2025-01-14T15:35:16","date_gmt":"2025-01-14T15:35:16","guid":{"rendered":"https:\/\/arte351.pt\/art\/?p=9037"},"modified":"2025-01-14T15:35:16","modified_gmt":"2025-01-14T15:35:16","slug":"premio-a-arte-chegou-ao-colombo-anuncia-finalistas-e-leva-a-arte-contemporanea-a-era-da-ia","status":"publish","type":"post","link":"https:\/\/arte351.pt\/art\/2025\/01\/14\/premio-a-arte-chegou-ao-colombo-anuncia-finalistas-e-leva-a-arte-contemporanea-a-era-da-ia\/","title":{"rendered":"Pr\u00eamio \u201cA Arte Chegou ao Colombo\u201d anuncia finalistas e leva a arte contempor\u00e2nea \u00e0 era da IA"},"content":{"rendered":"<p>A criatividade encontra a tecnologia na terceira edi\u00e7\u00e3o do Pr\u00eamio \u201c<a href=\"https:\/\/www.colombo.pt\/premio-a-arte-chegou-ao-colombo\/#premio-a-arte-chegou-ao-colombo\" target=\"_blank\" rel=\"noopener\">A Arte Chegou ao Colombo<\/a>\u201d, que acaba de anunciar os dez projetos finalistas. Inspirados pelo tema \u201cNa Era da Intelig\u00eancia Artificial\u201d, artistas emergentes exploraram as possibilidades infinitas da interse\u00e7\u00e3o entre arte e inova\u00e7\u00e3o. As obras selecionadas estar\u00e3o em exibi\u00e7\u00e3o no Museu Nacional de Arte Contempor\u00e2nea (MNAC) entre os dias 22 de fevereiro e 30 de mar\u00e7o de 2025, prometendo uma experi\u00eancia imersiva e provocadora para o p\u00fablico.<\/p>\n<h3><strong>Os Destaques do Pr\u00eamio<\/strong><\/h3>\n<p>O concurso, que recebeu candidaturas de outubro a dezembro de 2024, \u00e9 um marco para apoiar novos talentos na cena art\u00edstica. Cada finalista receber\u00e1 1.000 euros para a produ\u00e7\u00e3o de sua obra, e o grande vencedor ser\u00e1 premiado com 10.000 euros no dia 31 de mar\u00e7o.<\/p>\n<p>Entre os finalistas est\u00e3o trabalhos que utilizam fotografia, pintura, instala\u00e7\u00e3o, escultura audiovisual e arte digital, demonstrando a diversidade criativa dos participantes. Destaque para o projeto fotogr\u00e1fico \u201cMedusa\u201d, de Nicoleta Sandulescu, e para a instala\u00e7\u00e3o de mixed media e realidade aumentada \u201cImmersive Canvas 5.0\u201d, de M\u00f3nica Gomes e S\u00edlvia Gomes.<\/p>\n<p>Na pintura, a obra \u201cBridge Vibrations\u201d, de Lu\u00edsa Ramires, se sobressai com sua t\u00e9cnica de monotipia e serigrafia. J\u00e1 na vertente digital, \u201cSil\u00eancio\u201d, de <a href=\"https:\/\/arte351.pt\/art\/2019\/07\/03\/os-filtros-secretos-no-instagram-a-comporem-a-11a-arte\/\" target=\"_blank\" rel=\"noopener\">Carolina Rocha<\/a>, e \u201cC\u00e9rebro\u201d, de Sonia Li, exploram as potencialidades da tecnologia na cria\u00e7\u00e3o art\u00edstica.<\/p>\n<p>A lista tamb\u00e9m inclui a escultura audiovisual \u201cSimetria da Fala\u201d, de Rodrigo Amarante Gomes, e \u201cResonance\u201d, uma instala\u00e7\u00e3o de Brimet Fernandes da Silva. A obra \u201cDeserto das Sombras\u201d, de Alexandra Faria, fecha o grupo, com uma reflex\u00e3o po\u00e9tica sobre o impacto da tecnologia na natureza e na humanidade.<\/p>\n<h3><strong>Intera\u00e7\u00e3o com o P\u00fablico<\/strong><\/h3>\n<p>Al\u00e9m da exposi\u00e7\u00e3o no MNAC, o p\u00fablico poder\u00e1 participar votando em sua obra favorita no site do Centro Colombo at\u00e9 24 de mar\u00e7o. O voto popular ter\u00e1 peso de 40% na escolha do vencedor, enquanto o j\u00fari t\u00e9cnico ser\u00e1 respons\u00e1vel pelos outros 60%.<\/p>\n<p>O j\u00fari desta edi\u00e7\u00e3o re\u00fane representantes de institui\u00e7\u00f5es de renome, como a Funda\u00e7\u00e3o Arpad-Szenes Vieira da Silva, a Funda\u00e7\u00e3o D. Lu\u00eds I e o Museu Nacional de Arte Antiga, al\u00e9m do MNAC.<\/p>\n<h3><strong>Leonel Moura: Embaixador do Futuro da Arte<\/strong><\/h3>\n<p>O renomado artista Leonel Moura, pioneiro na aplica\u00e7\u00e3o de rob\u00f3tica e intelig\u00eancia artificial na arte, atua como embaixador desta edi\u00e7\u00e3o do pr\u00eamio. Para Moura, o concurso \u201crepresenta uma oportunidade \u00fanica para jovens artistas explorarem novas fronteiras criativas em um momento de transforma\u00e7\u00e3o tecnol\u00f3gica acelerada.\u201d<\/p>\n<h3><strong>Servi\u00e7o<\/strong><\/h3>\n<ul>\n<li><strong>Exposi\u00e7\u00e3o:<\/strong> 22 de fevereiro a 30 de mar\u00e7o de 2025<\/li>\n<li><strong>Local:<\/strong> Museu Nacional de Arte Contempor\u00e2nea, Lisboa<\/li>\n<li><strong>Vota\u00e7\u00e3o Popular:<\/strong> At\u00e9 24 de mar\u00e7o no site do Centro Colombo<\/li>\n<li><strong>An\u00fancio do Vencedor:<\/strong> 31 de mar\u00e7o de 2025<\/li>\n<\/ul>\n","protected":false},"excerpt":{"rendered":"<p>A criatividade encontra a tecnologia na terceira edi\u00e7\u00e3o do Pr\u00eamio \u201cA Arte Chegou ao Colombo\u201d, que acaba de anunciar os dez projetos finalistas. Inspirados pelo tema \u201cNa Era da Intelig\u00eancia [&hellip;]<\/p>\n","protected":false},"author":34415,"featured_media":0,"comment_status":"closed","ping_status":"closed","sticky":false,"template":"","format":"standard","meta":{"_exactmetrics_skip_tracking":false,"_exactmetrics_sitenote_active":false,"_exactmetrics_sitenote_note":"","_exactmetrics_sitenote_category":0,"_uf_show_specific_survey":0,"_uf_disable_surveys":false,"footnotes":""},"categories":[1],"tags":[],"class_list":["post-9037","post","type-post","status-publish","format-standard","hentry","category-sem-categoria"],"yoast_head":"<!-- This site is optimized with the Yoast SEO plugin v27.3 - https:\/\/yoast.com\/product\/yoast-seo-wordpress\/ -->\n<title>Pr\u00eamio \u201cA Arte Chegou ao Colombo\u201d anuncia finalistas e leva a arte contempor\u00e2nea \u00e0 era da IA<\/title>\n<meta name=\"description\" content=\"terceira edi\u00e7\u00e3o do Pr\u00eamio \u201cA Arte Chegou ao Colombo\u201d, que acaba de anunciar os dez projetos finalistas......\" \/>\n<meta name=\"robots\" content=\"index, follow, max-snippet:-1, max-image-preview:large, max-video-preview:-1\" \/>\n<link rel=\"canonical\" href=\"https:\/\/arte351.pt\/art\/2025\/01\/14\/premio-a-arte-chegou-ao-colombo-anuncia-finalistas-e-leva-a-arte-contemporanea-a-era-da-ia\/\" \/>\n<meta property=\"og:locale\" content=\"pt_BR\" \/>\n<meta property=\"og:type\" content=\"article\" \/>\n<meta property=\"og:title\" content=\"Pr\u00eamio \u201cA Arte Chegou ao Colombo\u201d anuncia finalistas e leva a arte contempor\u00e2nea \u00e0 era da IA\" \/>\n<meta property=\"og:description\" content=\"terceira edi\u00e7\u00e3o do Pr\u00eamio \u201cA Arte Chegou ao Colombo\u201d, que acaba de anunciar os dez projetos finalistas......\" \/>\n<meta property=\"og:url\" content=\"https:\/\/arte351.pt\/art\/2025\/01\/14\/premio-a-arte-chegou-ao-colombo-anuncia-finalistas-e-leva-a-arte-contemporanea-a-era-da-ia\/\" \/>\n<meta property=\"og:site_name\" content=\"Arte351 - Art Magazine Portugal\" \/>\n<meta property=\"article:publisher\" content=\"https:\/\/www.facebook.com\/arte351magazine\/\" \/>\n<meta property=\"article:published_time\" content=\"2025-01-14T15:35:16+00:00\" \/>\n<meta name=\"author\" content=\"Equipa Arte 351\" \/>\n<meta name=\"twitter:label1\" content=\"Escrito por\" \/>\n\t<meta name=\"twitter:data1\" content=\"Equipa Arte 351\" \/>\n\t<meta name=\"twitter:label2\" content=\"Est. tempo de leitura\" \/>\n\t<meta name=\"twitter:data2\" content=\"3 minutos\" \/>\n<script type=\"application\/ld+json\" class=\"yoast-schema-graph\">{\"@context\":\"https:\\\/\\\/schema.org\",\"@graph\":[{\"@type\":\"Article\",\"@id\":\"https:\\\/\\\/arte351.pt\\\/art\\\/2025\\\/01\\\/14\\\/premio-a-arte-chegou-ao-colombo-anuncia-finalistas-e-leva-a-arte-contemporanea-a-era-da-ia\\\/#article\",\"isPartOf\":{\"@id\":\"https:\\\/\\\/arte351.pt\\\/art\\\/2025\\\/01\\\/14\\\/premio-a-arte-chegou-ao-colombo-anuncia-finalistas-e-leva-a-arte-contemporanea-a-era-da-ia\\\/\"},\"author\":{\"name\":\"Equipa Arte 351\",\"@id\":\"https:\\\/\\\/arte351.pt\\\/art\\\/#\\\/schema\\\/person\\\/1d081d5dbc7c2a3f2317da95c823a5bd\"},\"headline\":\"Pr\u00eamio \u201cA Arte Chegou ao Colombo\u201d anuncia finalistas e leva a arte contempor\u00e2nea \u00e0 era da IA\",\"datePublished\":\"2025-01-14T15:35:16+00:00\",\"mainEntityOfPage\":{\"@id\":\"https:\\\/\\\/arte351.pt\\\/art\\\/2025\\\/01\\\/14\\\/premio-a-arte-chegou-ao-colombo-anuncia-finalistas-e-leva-a-arte-contemporanea-a-era-da-ia\\\/\"},\"wordCount\":493,\"publisher\":{\"@id\":\"https:\\\/\\\/arte351.pt\\\/art\\\/#organization\"},\"articleSection\":[\"Blog ARTE-351\"],\"inLanguage\":\"pt-BR\"},{\"@type\":\"WebPage\",\"@id\":\"https:\\\/\\\/arte351.pt\\\/art\\\/2025\\\/01\\\/14\\\/premio-a-arte-chegou-ao-colombo-anuncia-finalistas-e-leva-a-arte-contemporanea-a-era-da-ia\\\/\",\"url\":\"https:\\\/\\\/arte351.pt\\\/art\\\/2025\\\/01\\\/14\\\/premio-a-arte-chegou-ao-colombo-anuncia-finalistas-e-leva-a-arte-contemporanea-a-era-da-ia\\\/\",\"name\":\"Pr\u00eamio \u201cA Arte Chegou ao Colombo\u201d anuncia finalistas e leva a arte contempor\u00e2nea \u00e0 era da IA\",\"isPartOf\":{\"@id\":\"https:\\\/\\\/arte351.pt\\\/art\\\/#website\"},\"datePublished\":\"2025-01-14T15:35:16+00:00\",\"description\":\"terceira edi\u00e7\u00e3o do Pr\u00eamio \u201cA Arte Chegou ao Colombo\u201d, que acaba de anunciar os dez projetos finalistas......\",\"breadcrumb\":{\"@id\":\"https:\\\/\\\/arte351.pt\\\/art\\\/2025\\\/01\\\/14\\\/premio-a-arte-chegou-ao-colombo-anuncia-finalistas-e-leva-a-arte-contemporanea-a-era-da-ia\\\/#breadcrumb\"},\"inLanguage\":\"pt-BR\",\"potentialAction\":[{\"@type\":\"ReadAction\",\"target\":[\"https:\\\/\\\/arte351.pt\\\/art\\\/2025\\\/01\\\/14\\\/premio-a-arte-chegou-ao-colombo-anuncia-finalistas-e-leva-a-arte-contemporanea-a-era-da-ia\\\/\"]}]},{\"@type\":\"BreadcrumbList\",\"@id\":\"https:\\\/\\\/arte351.pt\\\/art\\\/2025\\\/01\\\/14\\\/premio-a-arte-chegou-ao-colombo-anuncia-finalistas-e-leva-a-arte-contemporanea-a-era-da-ia\\\/#breadcrumb\",\"itemListElement\":[{\"@type\":\"ListItem\",\"position\":1,\"name\":\"In\u00edcio\",\"item\":\"https:\\\/\\\/arte351.pt\\\/art\\\/\"},{\"@type\":\"ListItem\",\"position\":2,\"name\":\"Pr\u00eamio \u201cA Arte Chegou ao Colombo\u201d anuncia finalistas e leva a arte contempor\u00e2nea \u00e0 era da IA\"}]},{\"@type\":\"WebSite\",\"@id\":\"https:\\\/\\\/arte351.pt\\\/art\\\/#website\",\"url\":\"https:\\\/\\\/arte351.pt\\\/art\\\/\",\"name\":\"Arte351 - Art Magazine Portugal\",\"description\":\"\",\"publisher\":{\"@id\":\"https:\\\/\\\/arte351.pt\\\/art\\\/#organization\"},\"potentialAction\":[{\"@type\":\"SearchAction\",\"target\":{\"@type\":\"EntryPoint\",\"urlTemplate\":\"https:\\\/\\\/arte351.pt\\\/art\\\/?s={search_term_string}\"},\"query-input\":{\"@type\":\"PropertyValueSpecification\",\"valueRequired\":true,\"valueName\":\"search_term_string\"}}],\"inLanguage\":\"pt-BR\"},{\"@type\":\"Organization\",\"@id\":\"https:\\\/\\\/arte351.pt\\\/art\\\/#organization\",\"name\":\"Arte351 - Art Magazine Portugal\",\"url\":\"https:\\\/\\\/arte351.pt\\\/art\\\/\",\"logo\":{\"@type\":\"ImageObject\",\"inLanguage\":\"pt-BR\",\"@id\":\"https:\\\/\\\/arte351.pt\\\/art\\\/#\\\/schema\\\/logo\\\/image\\\/\",\"url\":\"https:\\\/\\\/arte351.pt\\\/art\\\/wp-content\\\/uploads\\\/2020\\\/03\\\/cropped-logo-arte351-color.png\",\"contentUrl\":\"https:\\\/\\\/arte351.pt\\\/art\\\/wp-content\\\/uploads\\\/2020\\\/03\\\/cropped-logo-arte351-color.png\",\"width\":514,\"height\":200,\"caption\":\"Arte351 - Art Magazine Portugal\"},\"image\":{\"@id\":\"https:\\\/\\\/arte351.pt\\\/art\\\/#\\\/schema\\\/logo\\\/image\\\/\"},\"sameAs\":[\"https:\\\/\\\/www.facebook.com\\\/arte351magazine\\\/\"]},{\"@type\":\"Person\",\"@id\":\"https:\\\/\\\/arte351.pt\\\/art\\\/#\\\/schema\\\/person\\\/1d081d5dbc7c2a3f2317da95c823a5bd\",\"name\":\"Equipa Arte 351\",\"image\":{\"@type\":\"ImageObject\",\"inLanguage\":\"pt-BR\",\"@id\":\"https:\\\/\\\/secure.gravatar.com\\\/avatar\\\/3f97e62c832ede8fafe5d2f9e31f8a055e187b6b31056d1e065d95e034db52e2?s=96&d=mm&r=g\",\"url\":\"https:\\\/\\\/secure.gravatar.com\\\/avatar\\\/3f97e62c832ede8fafe5d2f9e31f8a055e187b6b31056d1e065d95e034db52e2?s=96&d=mm&r=g\",\"contentUrl\":\"https:\\\/\\\/secure.gravatar.com\\\/avatar\\\/3f97e62c832ede8fafe5d2f9e31f8a055e187b6b31056d1e065d95e034db52e2?s=96&d=mm&r=g\",\"caption\":\"Equipa Arte 351\"},\"url\":\"https:\\\/\\\/arte351.pt\\\/art\\\/author\\\/admin2\\\/\"}]}<\/script>\n<!-- \/ Yoast SEO plugin. -->","yoast_head_json":{"title":"Pr\u00eamio \u201cA Arte Chegou ao Colombo\u201d anuncia finalistas e leva a arte contempor\u00e2nea \u00e0 era da IA","description":"terceira edi\u00e7\u00e3o do Pr\u00eamio \u201cA Arte Chegou ao Colombo\u201d, que acaba de anunciar os dez projetos finalistas......","robots":{"index":"index","follow":"follow","max-snippet":"max-snippet:-1","max-image-preview":"max-image-preview:large","max-video-preview":"max-video-preview:-1"},"canonical":"https:\/\/arte351.pt\/art\/2025\/01\/14\/premio-a-arte-chegou-ao-colombo-anuncia-finalistas-e-leva-a-arte-contemporanea-a-era-da-ia\/","og_locale":"pt_BR","og_type":"article","og_title":"Pr\u00eamio \u201cA Arte Chegou ao Colombo\u201d anuncia finalistas e leva a arte contempor\u00e2nea \u00e0 era da IA","og_description":"terceira edi\u00e7\u00e3o do Pr\u00eamio \u201cA Arte Chegou ao Colombo\u201d, que acaba de anunciar os dez projetos finalistas......","og_url":"https:\/\/arte351.pt\/art\/2025\/01\/14\/premio-a-arte-chegou-ao-colombo-anuncia-finalistas-e-leva-a-arte-contemporanea-a-era-da-ia\/","og_site_name":"Arte351 - Art Magazine Portugal","article_publisher":"https:\/\/www.facebook.com\/arte351magazine\/","article_published_time":"2025-01-14T15:35:16+00:00","author":"Equipa Arte 351","twitter_misc":{"Escrito por":"Equipa Arte 351","Est. tempo de leitura":"3 minutos"},"schema":{"@context":"https:\/\/schema.org","@graph":[{"@type":"Article","@id":"https:\/\/arte351.pt\/art\/2025\/01\/14\/premio-a-arte-chegou-ao-colombo-anuncia-finalistas-e-leva-a-arte-contemporanea-a-era-da-ia\/#article","isPartOf":{"@id":"https:\/\/arte351.pt\/art\/2025\/01\/14\/premio-a-arte-chegou-ao-colombo-anuncia-finalistas-e-leva-a-arte-contemporanea-a-era-da-ia\/"},"author":{"name":"Equipa Arte 351","@id":"https:\/\/arte351.pt\/art\/#\/schema\/person\/1d081d5dbc7c2a3f2317da95c823a5bd"},"headline":"Pr\u00eamio \u201cA Arte Chegou ao Colombo\u201d anuncia finalistas e leva a arte contempor\u00e2nea \u00e0 era da IA","datePublished":"2025-01-14T15:35:16+00:00","mainEntityOfPage":{"@id":"https:\/\/arte351.pt\/art\/2025\/01\/14\/premio-a-arte-chegou-ao-colombo-anuncia-finalistas-e-leva-a-arte-contemporanea-a-era-da-ia\/"},"wordCount":493,"publisher":{"@id":"https:\/\/arte351.pt\/art\/#organization"},"articleSection":["Blog ARTE-351"],"inLanguage":"pt-BR"},{"@type":"WebPage","@id":"https:\/\/arte351.pt\/art\/2025\/01\/14\/premio-a-arte-chegou-ao-colombo-anuncia-finalistas-e-leva-a-arte-contemporanea-a-era-da-ia\/","url":"https:\/\/arte351.pt\/art\/2025\/01\/14\/premio-a-arte-chegou-ao-colombo-anuncia-finalistas-e-leva-a-arte-contemporanea-a-era-da-ia\/","name":"Pr\u00eamio \u201cA Arte Chegou ao Colombo\u201d anuncia finalistas e leva a arte contempor\u00e2nea \u00e0 era da IA","isPartOf":{"@id":"https:\/\/arte351.pt\/art\/#website"},"datePublished":"2025-01-14T15:35:16+00:00","description":"terceira edi\u00e7\u00e3o do Pr\u00eamio \u201cA Arte Chegou ao Colombo\u201d, que acaba de anunciar os dez projetos finalistas......","breadcrumb":{"@id":"https:\/\/arte351.pt\/art\/2025\/01\/14\/premio-a-arte-chegou-ao-colombo-anuncia-finalistas-e-leva-a-arte-contemporanea-a-era-da-ia\/#breadcrumb"},"inLanguage":"pt-BR","potentialAction":[{"@type":"ReadAction","target":["https:\/\/arte351.pt\/art\/2025\/01\/14\/premio-a-arte-chegou-ao-colombo-anuncia-finalistas-e-leva-a-arte-contemporanea-a-era-da-ia\/"]}]},{"@type":"BreadcrumbList","@id":"https:\/\/arte351.pt\/art\/2025\/01\/14\/premio-a-arte-chegou-ao-colombo-anuncia-finalistas-e-leva-a-arte-contemporanea-a-era-da-ia\/#breadcrumb","itemListElement":[{"@type":"ListItem","position":1,"name":"In\u00edcio","item":"https:\/\/arte351.pt\/art\/"},{"@type":"ListItem","position":2,"name":"Pr\u00eamio \u201cA Arte Chegou ao Colombo\u201d anuncia finalistas e leva a arte contempor\u00e2nea \u00e0 era da IA"}]},{"@type":"WebSite","@id":"https:\/\/arte351.pt\/art\/#website","url":"https:\/\/arte351.pt\/art\/","name":"Arte351 - Art Magazine Portugal","description":"","publisher":{"@id":"https:\/\/arte351.pt\/art\/#organization"},"potentialAction":[{"@type":"SearchAction","target":{"@type":"EntryPoint","urlTemplate":"https:\/\/arte351.pt\/art\/?s={search_term_string}"},"query-input":{"@type":"PropertyValueSpecification","valueRequired":true,"valueName":"search_term_string"}}],"inLanguage":"pt-BR"},{"@type":"Organization","@id":"https:\/\/arte351.pt\/art\/#organization","name":"Arte351 - Art Magazine Portugal","url":"https:\/\/arte351.pt\/art\/","logo":{"@type":"ImageObject","inLanguage":"pt-BR","@id":"https:\/\/arte351.pt\/art\/#\/schema\/logo\/image\/","url":"https:\/\/arte351.pt\/art\/wp-content\/uploads\/2020\/03\/cropped-logo-arte351-color.png","contentUrl":"https:\/\/arte351.pt\/art\/wp-content\/uploads\/2020\/03\/cropped-logo-arte351-color.png","width":514,"height":200,"caption":"Arte351 - Art Magazine Portugal"},"image":{"@id":"https:\/\/arte351.pt\/art\/#\/schema\/logo\/image\/"},"sameAs":["https:\/\/www.facebook.com\/arte351magazine\/"]},{"@type":"Person","@id":"https:\/\/arte351.pt\/art\/#\/schema\/person\/1d081d5dbc7c2a3f2317da95c823a5bd","name":"Equipa Arte 351","image":{"@type":"ImageObject","inLanguage":"pt-BR","@id":"https:\/\/secure.gravatar.com\/avatar\/3f97e62c832ede8fafe5d2f9e31f8a055e187b6b31056d1e065d95e034db52e2?s=96&d=mm&r=g","url":"https:\/\/secure.gravatar.com\/avatar\/3f97e62c832ede8fafe5d2f9e31f8a055e187b6b31056d1e065d95e034db52e2?s=96&d=mm&r=g","contentUrl":"https:\/\/secure.gravatar.com\/avatar\/3f97e62c832ede8fafe5d2f9e31f8a055e187b6b31056d1e065d95e034db52e2?s=96&d=mm&r=g","caption":"Equipa Arte 351"},"url":"https:\/\/arte351.pt\/art\/author\/admin2\/"}]}},"_links":{"self":[{"href":"https:\/\/arte351.pt\/art\/wp-json\/wp\/v2\/posts\/9037","targetHints":{"allow":["GET"]}}],"collection":[{"href":"https:\/\/arte351.pt\/art\/wp-json\/wp\/v2\/posts"}],"about":[{"href":"https:\/\/arte351.pt\/art\/wp-json\/wp\/v2\/types\/post"}],"author":[{"embeddable":true,"href":"https:\/\/arte351.pt\/art\/wp-json\/wp\/v2\/users\/34415"}],"replies":[{"embeddable":true,"href":"https:\/\/arte351.pt\/art\/wp-json\/wp\/v2\/comments?post=9037"}],"version-history":[{"count":1,"href":"https:\/\/arte351.pt\/art\/wp-json\/wp\/v2\/posts\/9037\/revisions"}],"predecessor-version":[{"id":9038,"href":"https:\/\/arte351.pt\/art\/wp-json\/wp\/v2\/posts\/9037\/revisions\/9038"}],"wp:attachment":[{"href":"https:\/\/arte351.pt\/art\/wp-json\/wp\/v2\/media?parent=9037"}],"wp:term":[{"taxonomy":"category","embeddable":true,"href":"https:\/\/arte351.pt\/art\/wp-json\/wp\/v2\/categories?post=9037"},{"taxonomy":"post_tag","embeddable":true,"href":"https:\/\/arte351.pt\/art\/wp-json\/wp\/v2\/tags?post=9037"}],"curies":[{"name":"wp","href":"https:\/\/api.w.org\/{rel}","templated":true}]}}