{"id":9050,"date":"2025-01-22T19:18:33","date_gmt":"2025-01-22T19:18:33","guid":{"rendered":"https:\/\/arte351.pt\/art\/?p=9050"},"modified":"2025-01-22T19:18:33","modified_gmt":"2025-01-22T19:18:33","slug":"procura-se-artistas-de-circo-bailarinos-e-interpretes-em-farmalicao","status":"publish","type":"post","link":"https:\/\/arte351.pt\/art\/2025\/01\/22\/procura-se-artistas-de-circo-bailarinos-e-interpretes-em-farmalicao\/","title":{"rendered":"Procura-se artistas de circo, bailarinos e int\u00e9rpretes em Farmalic\u00e3o"},"content":{"rendered":"<p><span>At\u00e9 dia 27 de Janeiro de 2025, est\u00e3o abertas as candidaturas para as audi\u00e7\u00f5es da nova cria\u00e7\u00e3o do INAC (Instituto Nacional de Artes do Circo), com a dire\u00e7\u00e3o art\u00edstica de Carolina Vasconcelos. Procura-se artistas de circo e\/ou bailarinos que dominem alguma t\u00e9cnica circense ou acrob\u00e1tica, ou algum g\u00e9nero de dan\u00e7a, que tenham tamb\u00e9m uma forte componente performativa e teatral.<u><\/u><u><\/u><\/span><\/p>\n<p><span>Para a escolha ir\u00e1 ser tida em considera\u00e7\u00e3o crit\u00e9rios de qualidade t\u00e9cnica e art\u00edstica, independente da idade, condi\u00e7\u00e3o f\u00edsica, intelectual ou social.<u><\/u><u><\/u><\/span><\/p>\n<p><span>Procura-se int\u00e9rpretes com e sem defici\u00eancia, vis\u00edveis ou n\u00e3o, para integrar um grupo diversificado e multifacetado.<u><\/u><u><\/u><\/span><\/p>\n<p><span>As audi\u00e7\u00f5es presenciais acontecem nas instala\u00e7\u00f5es do INAC, em Famalic\u00e3o, nos dias 1 e 2 de Fevereiro.<u><\/u><u><\/u><\/span><span><u><\/u>\u00a0<u><\/u><\/span><\/p>\n<p><span>Num universo dist\u00f3pico e sarc\u00e1stico surge HYENA, um espet\u00e1culo que revela a fragilidade da moralidade humana quando confrontada com a aus\u00eancia de controle e supervis\u00e3o externa. A pe\u00e7a constr\u00f3i uma met\u00e1fora em rela\u00e7\u00e3o \u00e0 efemeridade da civiliza\u00e7\u00e3o e \u00e1 brutalidade inerente ao ser humano e convida o p\u00fablico a refletir sobre a natureza do mal e a sua capacidade de se manifestar no homem. A pe\u00e7a tem como refer\u00eancia inicial de pesquisa e inspira\u00e7\u00e3o o livro &#8220;O deus das moscas&#8221; de William Golding, que tem como mensagem principal a ideia de que, quando o ser humano \u00e9 deixado \u00e0 pr\u00f3pria sorte e sem regras ou autoridade para impor a ordem, o mesmo pode acabar por sucumbir \u00e0 barb\u00e1rie e \u00e0 crueldade.<u><\/u><u><\/u><\/span><\/p>\n<p><span>Para se candidatar tem de preencher o formul\u00e1rio:\u00a0<a href=\"https:\/\/forms.gle\/aBBBdWKJNTom4C1J6\" target=\"_blank\" rel=\"noopener\" data-saferedirecturl=\"https:\/\/www.google.com\/url?q=https:\/\/forms.gle\/aBBBdWKJNTom4C1J6&amp;source=gmail&amp;ust=1737658643274000&amp;usg=AOvVaw1jvRYhOLScDwqjscDGXBZc\">https:\/\/forms.gle\/<wbr \/>aBBBdWKJNTom4C1J6<\/a><\/span><\/p>\n<p><span><u><\/u><u><\/u><\/span><span>Para informa\u00e7\u00f5es adicionais enviar email para:\u00a0<a href=\"mailto:producao@inac.com.pt\" target=\"_blank\" rel=\"noopener\">producao@inac.com.pt<\/a><u><\/u><u><\/u><\/span><\/p>\n<p align=\"center\"><span><u><\/u>\u00a0<u><\/u><\/span><\/p>\n<p align=\"center\"><span>Procura-se um(a) artista de circo, ou bailarino(a);<u><\/u><u><\/u><\/span><\/p>\n<p align=\"center\"><span>Com ou sem defici\u00eancia;<u><\/u><u><\/u><\/span><\/p>\n<p align=\"center\"><span>Profissionais ou com experi\u00eancia comprovada;<u><\/u><u><\/u><\/span><\/p>\n<p align=\"center\"><span>+ 18 anos;<u><\/u><u><\/u><\/span><\/p>\n<p align=\"center\"><span>Trabalho Presencial em Famalic\u00e3o;<u><\/u><u><\/u><\/span><\/p>\n<p align=\"center\"><span>Per\u00edodo de Cria\u00e7\u00e3o &#8211; in\u00edcio de mar\u00e7o ao final de junho;<u><\/u><u><\/u><\/span><\/p>\n<p align=\"center\"><span>Possibilidade de viajar nacional e internacional;<u><\/u><u><\/u><\/span><\/p>\n<p align=\"center\"><span>Se necessitar de adapta\u00e7\u00f5es \u00e0 audi\u00e7\u00e3o, por favor escrever nas notas finais;<u><\/u><u><\/u><\/span><\/p>\n<p align=\"center\"><span>Se possuir outro hobbie, interesse ou aptid\u00e3o peculiar, por favor escrever nas notas finais.<\/span><\/p>\n","protected":false},"excerpt":{"rendered":"<p>At\u00e9 dia 27 de Janeiro de 2025, est\u00e3o abertas as candidaturas para as audi\u00e7\u00f5es da nova cria\u00e7\u00e3o do INAC (Instituto Nacional de Artes do Circo), com a dire\u00e7\u00e3o art\u00edstica de [&hellip;]<\/p>\n","protected":false},"author":34415,"featured_media":0,"comment_status":"closed","ping_status":"closed","sticky":false,"template":"","format":"standard","meta":{"_exactmetrics_skip_tracking":false,"_exactmetrics_sitenote_active":false,"_exactmetrics_sitenote_note":"","_exactmetrics_sitenote_category":0,"_uf_show_specific_survey":0,"_uf_disable_surveys":false,"footnotes":""},"categories":[1],"tags":[],"class_list":["post-9050","post","type-post","status-publish","format-standard","hentry","category-sem-categoria"],"yoast_head":"<!-- This site is optimized with the Yoast SEO plugin v27.3 - https:\/\/yoast.com\/product\/yoast-seo-wordpress\/ -->\n<title>Procura-se artistas de circo, bailarinos e int\u00e9rpretes em Farmalic\u00e3o - Arte351 - Art Magazine Portugal<\/title>\n<meta name=\"description\" content=\"Procura-se um(a) artista de circo, ou bailarino(a); Com ou sem defici\u00eancia; INTERPR\u00c9TES E outras coisas que podes conferir..\" \/>\n<meta name=\"robots\" content=\"index, follow, max-snippet:-1, max-image-preview:large, max-video-preview:-1\" \/>\n<link rel=\"canonical\" href=\"https:\/\/arte351.pt\/art\/2025\/01\/22\/procura-se-artistas-de-circo-bailarinos-e-interpretes-em-farmalicao\/\" \/>\n<meta property=\"og:locale\" content=\"pt_BR\" \/>\n<meta property=\"og:type\" content=\"article\" \/>\n<meta property=\"og:title\" content=\"Procura-se artistas de circo, bailarinos e int\u00e9rpretes em Farmalic\u00e3o - Arte351 - Art Magazine Portugal\" \/>\n<meta property=\"og:description\" content=\"Procura-se um(a) artista de circo, ou bailarino(a); Com ou sem defici\u00eancia; INTERPR\u00c9TES E outras coisas que podes conferir..\" \/>\n<meta property=\"og:url\" content=\"https:\/\/arte351.pt\/art\/2025\/01\/22\/procura-se-artistas-de-circo-bailarinos-e-interpretes-em-farmalicao\/\" \/>\n<meta property=\"og:site_name\" content=\"Arte351 - Art Magazine Portugal\" \/>\n<meta property=\"article:publisher\" content=\"https:\/\/www.facebook.com\/arte351magazine\/\" \/>\n<meta property=\"article:published_time\" content=\"2025-01-22T19:18:33+00:00\" \/>\n<meta name=\"author\" content=\"Equipa Arte 351\" \/>\n<meta name=\"twitter:label1\" content=\"Escrito por\" \/>\n\t<meta name=\"twitter:data1\" content=\"Equipa Arte 351\" \/>\n\t<meta name=\"twitter:label2\" content=\"Est. tempo de leitura\" \/>\n\t<meta name=\"twitter:data2\" content=\"2 minutos\" \/>\n<script type=\"application\/ld+json\" class=\"yoast-schema-graph\">{\"@context\":\"https:\\\/\\\/schema.org\",\"@graph\":[{\"@type\":\"Article\",\"@id\":\"https:\\\/\\\/arte351.pt\\\/art\\\/2025\\\/01\\\/22\\\/procura-se-artistas-de-circo-bailarinos-e-interpretes-em-farmalicao\\\/#article\",\"isPartOf\":{\"@id\":\"https:\\\/\\\/arte351.pt\\\/art\\\/2025\\\/01\\\/22\\\/procura-se-artistas-de-circo-bailarinos-e-interpretes-em-farmalicao\\\/\"},\"author\":{\"name\":\"Equipa Arte 351\",\"@id\":\"https:\\\/\\\/arte351.pt\\\/art\\\/#\\\/schema\\\/person\\\/1d081d5dbc7c2a3f2317da95c823a5bd\"},\"headline\":\"Procura-se artistas de circo, bailarinos e int\u00e9rpretes em Farmalic\u00e3o\",\"datePublished\":\"2025-01-22T19:18:33+00:00\",\"mainEntityOfPage\":{\"@id\":\"https:\\\/\\\/arte351.pt\\\/art\\\/2025\\\/01\\\/22\\\/procura-se-artistas-de-circo-bailarinos-e-interpretes-em-farmalicao\\\/\"},\"wordCount\":377,\"publisher\":{\"@id\":\"https:\\\/\\\/arte351.pt\\\/art\\\/#organization\"},\"articleSection\":[\"Blog ARTE-351\"],\"inLanguage\":\"pt-BR\"},{\"@type\":\"WebPage\",\"@id\":\"https:\\\/\\\/arte351.pt\\\/art\\\/2025\\\/01\\\/22\\\/procura-se-artistas-de-circo-bailarinos-e-interpretes-em-farmalicao\\\/\",\"url\":\"https:\\\/\\\/arte351.pt\\\/art\\\/2025\\\/01\\\/22\\\/procura-se-artistas-de-circo-bailarinos-e-interpretes-em-farmalicao\\\/\",\"name\":\"Procura-se artistas de circo, bailarinos e int\u00e9rpretes em Farmalic\u00e3o - Arte351 - Art Magazine Portugal\",\"isPartOf\":{\"@id\":\"https:\\\/\\\/arte351.pt\\\/art\\\/#website\"},\"datePublished\":\"2025-01-22T19:18:33+00:00\",\"description\":\"Procura-se um(a) artista de circo, ou bailarino(a); Com ou sem defici\u00eancia; INTERPR\u00c9TES E outras coisas que podes conferir..\",\"breadcrumb\":{\"@id\":\"https:\\\/\\\/arte351.pt\\\/art\\\/2025\\\/01\\\/22\\\/procura-se-artistas-de-circo-bailarinos-e-interpretes-em-farmalicao\\\/#breadcrumb\"},\"inLanguage\":\"pt-BR\",\"potentialAction\":[{\"@type\":\"ReadAction\",\"target\":[\"https:\\\/\\\/arte351.pt\\\/art\\\/2025\\\/01\\\/22\\\/procura-se-artistas-de-circo-bailarinos-e-interpretes-em-farmalicao\\\/\"]}]},{\"@type\":\"BreadcrumbList\",\"@id\":\"https:\\\/\\\/arte351.pt\\\/art\\\/2025\\\/01\\\/22\\\/procura-se-artistas-de-circo-bailarinos-e-interpretes-em-farmalicao\\\/#breadcrumb\",\"itemListElement\":[{\"@type\":\"ListItem\",\"position\":1,\"name\":\"In\u00edcio\",\"item\":\"https:\\\/\\\/arte351.pt\\\/art\\\/\"},{\"@type\":\"ListItem\",\"position\":2,\"name\":\"Procura-se artistas de circo, bailarinos e int\u00e9rpretes em Farmalic\u00e3o\"}]},{\"@type\":\"WebSite\",\"@id\":\"https:\\\/\\\/arte351.pt\\\/art\\\/#website\",\"url\":\"https:\\\/\\\/arte351.pt\\\/art\\\/\",\"name\":\"Arte351 - Art Magazine Portugal\",\"description\":\"\",\"publisher\":{\"@id\":\"https:\\\/\\\/arte351.pt\\\/art\\\/#organization\"},\"potentialAction\":[{\"@type\":\"SearchAction\",\"target\":{\"@type\":\"EntryPoint\",\"urlTemplate\":\"https:\\\/\\\/arte351.pt\\\/art\\\/?s={search_term_string}\"},\"query-input\":{\"@type\":\"PropertyValueSpecification\",\"valueRequired\":true,\"valueName\":\"search_term_string\"}}],\"inLanguage\":\"pt-BR\"},{\"@type\":\"Organization\",\"@id\":\"https:\\\/\\\/arte351.pt\\\/art\\\/#organization\",\"name\":\"Arte351 - Art Magazine Portugal\",\"url\":\"https:\\\/\\\/arte351.pt\\\/art\\\/\",\"logo\":{\"@type\":\"ImageObject\",\"inLanguage\":\"pt-BR\",\"@id\":\"https:\\\/\\\/arte351.pt\\\/art\\\/#\\\/schema\\\/logo\\\/image\\\/\",\"url\":\"https:\\\/\\\/arte351.pt\\\/art\\\/wp-content\\\/uploads\\\/2020\\\/03\\\/cropped-logo-arte351-color.png\",\"contentUrl\":\"https:\\\/\\\/arte351.pt\\\/art\\\/wp-content\\\/uploads\\\/2020\\\/03\\\/cropped-logo-arte351-color.png\",\"width\":514,\"height\":200,\"caption\":\"Arte351 - Art Magazine Portugal\"},\"image\":{\"@id\":\"https:\\\/\\\/arte351.pt\\\/art\\\/#\\\/schema\\\/logo\\\/image\\\/\"},\"sameAs\":[\"https:\\\/\\\/www.facebook.com\\\/arte351magazine\\\/\"]},{\"@type\":\"Person\",\"@id\":\"https:\\\/\\\/arte351.pt\\\/art\\\/#\\\/schema\\\/person\\\/1d081d5dbc7c2a3f2317da95c823a5bd\",\"name\":\"Equipa Arte 351\",\"image\":{\"@type\":\"ImageObject\",\"inLanguage\":\"pt-BR\",\"@id\":\"https:\\\/\\\/secure.gravatar.com\\\/avatar\\\/3f97e62c832ede8fafe5d2f9e31f8a055e187b6b31056d1e065d95e034db52e2?s=96&d=mm&r=g\",\"url\":\"https:\\\/\\\/secure.gravatar.com\\\/avatar\\\/3f97e62c832ede8fafe5d2f9e31f8a055e187b6b31056d1e065d95e034db52e2?s=96&d=mm&r=g\",\"contentUrl\":\"https:\\\/\\\/secure.gravatar.com\\\/avatar\\\/3f97e62c832ede8fafe5d2f9e31f8a055e187b6b31056d1e065d95e034db52e2?s=96&d=mm&r=g\",\"caption\":\"Equipa Arte 351\"},\"url\":\"https:\\\/\\\/arte351.pt\\\/art\\\/author\\\/admin2\\\/\"}]}<\/script>\n<!-- \/ Yoast SEO plugin. -->","yoast_head_json":{"title":"Procura-se artistas de circo, bailarinos e int\u00e9rpretes em Farmalic\u00e3o - Arte351 - Art Magazine Portugal","description":"Procura-se um(a) artista de circo, ou bailarino(a); Com ou sem defici\u00eancia; INTERPR\u00c9TES E outras coisas que podes conferir..","robots":{"index":"index","follow":"follow","max-snippet":"max-snippet:-1","max-image-preview":"max-image-preview:large","max-video-preview":"max-video-preview:-1"},"canonical":"https:\/\/arte351.pt\/art\/2025\/01\/22\/procura-se-artistas-de-circo-bailarinos-e-interpretes-em-farmalicao\/","og_locale":"pt_BR","og_type":"article","og_title":"Procura-se artistas de circo, bailarinos e int\u00e9rpretes em Farmalic\u00e3o - Arte351 - Art Magazine Portugal","og_description":"Procura-se um(a) artista de circo, ou bailarino(a); Com ou sem defici\u00eancia; INTERPR\u00c9TES E outras coisas que podes conferir..","og_url":"https:\/\/arte351.pt\/art\/2025\/01\/22\/procura-se-artistas-de-circo-bailarinos-e-interpretes-em-farmalicao\/","og_site_name":"Arte351 - Art Magazine Portugal","article_publisher":"https:\/\/www.facebook.com\/arte351magazine\/","article_published_time":"2025-01-22T19:18:33+00:00","author":"Equipa Arte 351","twitter_misc":{"Escrito por":"Equipa Arte 351","Est. tempo de leitura":"2 minutos"},"schema":{"@context":"https:\/\/schema.org","@graph":[{"@type":"Article","@id":"https:\/\/arte351.pt\/art\/2025\/01\/22\/procura-se-artistas-de-circo-bailarinos-e-interpretes-em-farmalicao\/#article","isPartOf":{"@id":"https:\/\/arte351.pt\/art\/2025\/01\/22\/procura-se-artistas-de-circo-bailarinos-e-interpretes-em-farmalicao\/"},"author":{"name":"Equipa Arte 351","@id":"https:\/\/arte351.pt\/art\/#\/schema\/person\/1d081d5dbc7c2a3f2317da95c823a5bd"},"headline":"Procura-se artistas de circo, bailarinos e int\u00e9rpretes em Farmalic\u00e3o","datePublished":"2025-01-22T19:18:33+00:00","mainEntityOfPage":{"@id":"https:\/\/arte351.pt\/art\/2025\/01\/22\/procura-se-artistas-de-circo-bailarinos-e-interpretes-em-farmalicao\/"},"wordCount":377,"publisher":{"@id":"https:\/\/arte351.pt\/art\/#organization"},"articleSection":["Blog ARTE-351"],"inLanguage":"pt-BR"},{"@type":"WebPage","@id":"https:\/\/arte351.pt\/art\/2025\/01\/22\/procura-se-artistas-de-circo-bailarinos-e-interpretes-em-farmalicao\/","url":"https:\/\/arte351.pt\/art\/2025\/01\/22\/procura-se-artistas-de-circo-bailarinos-e-interpretes-em-farmalicao\/","name":"Procura-se artistas de circo, bailarinos e int\u00e9rpretes em Farmalic\u00e3o - Arte351 - Art Magazine Portugal","isPartOf":{"@id":"https:\/\/arte351.pt\/art\/#website"},"datePublished":"2025-01-22T19:18:33+00:00","description":"Procura-se um(a) artista de circo, ou bailarino(a); Com ou sem defici\u00eancia; INTERPR\u00c9TES E outras coisas que podes conferir..","breadcrumb":{"@id":"https:\/\/arte351.pt\/art\/2025\/01\/22\/procura-se-artistas-de-circo-bailarinos-e-interpretes-em-farmalicao\/#breadcrumb"},"inLanguage":"pt-BR","potentialAction":[{"@type":"ReadAction","target":["https:\/\/arte351.pt\/art\/2025\/01\/22\/procura-se-artistas-de-circo-bailarinos-e-interpretes-em-farmalicao\/"]}]},{"@type":"BreadcrumbList","@id":"https:\/\/arte351.pt\/art\/2025\/01\/22\/procura-se-artistas-de-circo-bailarinos-e-interpretes-em-farmalicao\/#breadcrumb","itemListElement":[{"@type":"ListItem","position":1,"name":"In\u00edcio","item":"https:\/\/arte351.pt\/art\/"},{"@type":"ListItem","position":2,"name":"Procura-se artistas de circo, bailarinos e int\u00e9rpretes em Farmalic\u00e3o"}]},{"@type":"WebSite","@id":"https:\/\/arte351.pt\/art\/#website","url":"https:\/\/arte351.pt\/art\/","name":"Arte351 - Art Magazine Portugal","description":"","publisher":{"@id":"https:\/\/arte351.pt\/art\/#organization"},"potentialAction":[{"@type":"SearchAction","target":{"@type":"EntryPoint","urlTemplate":"https:\/\/arte351.pt\/art\/?s={search_term_string}"},"query-input":{"@type":"PropertyValueSpecification","valueRequired":true,"valueName":"search_term_string"}}],"inLanguage":"pt-BR"},{"@type":"Organization","@id":"https:\/\/arte351.pt\/art\/#organization","name":"Arte351 - Art Magazine Portugal","url":"https:\/\/arte351.pt\/art\/","logo":{"@type":"ImageObject","inLanguage":"pt-BR","@id":"https:\/\/arte351.pt\/art\/#\/schema\/logo\/image\/","url":"https:\/\/arte351.pt\/art\/wp-content\/uploads\/2020\/03\/cropped-logo-arte351-color.png","contentUrl":"https:\/\/arte351.pt\/art\/wp-content\/uploads\/2020\/03\/cropped-logo-arte351-color.png","width":514,"height":200,"caption":"Arte351 - Art Magazine Portugal"},"image":{"@id":"https:\/\/arte351.pt\/art\/#\/schema\/logo\/image\/"},"sameAs":["https:\/\/www.facebook.com\/arte351magazine\/"]},{"@type":"Person","@id":"https:\/\/arte351.pt\/art\/#\/schema\/person\/1d081d5dbc7c2a3f2317da95c823a5bd","name":"Equipa Arte 351","image":{"@type":"ImageObject","inLanguage":"pt-BR","@id":"https:\/\/secure.gravatar.com\/avatar\/3f97e62c832ede8fafe5d2f9e31f8a055e187b6b31056d1e065d95e034db52e2?s=96&d=mm&r=g","url":"https:\/\/secure.gravatar.com\/avatar\/3f97e62c832ede8fafe5d2f9e31f8a055e187b6b31056d1e065d95e034db52e2?s=96&d=mm&r=g","contentUrl":"https:\/\/secure.gravatar.com\/avatar\/3f97e62c832ede8fafe5d2f9e31f8a055e187b6b31056d1e065d95e034db52e2?s=96&d=mm&r=g","caption":"Equipa Arte 351"},"url":"https:\/\/arte351.pt\/art\/author\/admin2\/"}]}},"_links":{"self":[{"href":"https:\/\/arte351.pt\/art\/wp-json\/wp\/v2\/posts\/9050","targetHints":{"allow":["GET"]}}],"collection":[{"href":"https:\/\/arte351.pt\/art\/wp-json\/wp\/v2\/posts"}],"about":[{"href":"https:\/\/arte351.pt\/art\/wp-json\/wp\/v2\/types\/post"}],"author":[{"embeddable":true,"href":"https:\/\/arte351.pt\/art\/wp-json\/wp\/v2\/users\/34415"}],"replies":[{"embeddable":true,"href":"https:\/\/arte351.pt\/art\/wp-json\/wp\/v2\/comments?post=9050"}],"version-history":[{"count":1,"href":"https:\/\/arte351.pt\/art\/wp-json\/wp\/v2\/posts\/9050\/revisions"}],"predecessor-version":[{"id":9051,"href":"https:\/\/arte351.pt\/art\/wp-json\/wp\/v2\/posts\/9050\/revisions\/9051"}],"wp:attachment":[{"href":"https:\/\/arte351.pt\/art\/wp-json\/wp\/v2\/media?parent=9050"}],"wp:term":[{"taxonomy":"category","embeddable":true,"href":"https:\/\/arte351.pt\/art\/wp-json\/wp\/v2\/categories?post=9050"},{"taxonomy":"post_tag","embeddable":true,"href":"https:\/\/arte351.pt\/art\/wp-json\/wp\/v2\/tags?post=9050"}],"curies":[{"name":"wp","href":"https:\/\/api.w.org\/{rel}","templated":true}]}}