{"id":9062,"date":"2025-01-30T17:41:41","date_gmt":"2025-01-30T17:41:41","guid":{"rendered":"https:\/\/arte351.pt\/art\/?p=9062"},"modified":"2025-01-30T17:41:41","modified_gmt":"2025-01-30T17:41:41","slug":"realidade-virtual-acontece-em-evento-em-braga","status":"publish","type":"post","link":"https:\/\/arte351.pt\/art\/2025\/01\/30\/realidade-virtual-acontece-em-evento-em-braga\/","title":{"rendered":"Realidade virtual acontece em evento em Braga"},"content":{"rendered":"<p><img fetchpriority=\"high\" decoding=\"async\" class=\"alignnone size-medium\" src=\"https:\/\/pt.cision.com\/c4j\/pr\/77903\/PrImage_28d9e54c989148b49667adb7ba4c0980.jpg\" width=\"864\" height=\"1080\" \/><\/p>\n<p><strong>At\u00e9 dia 5 de mar\u00e7o, o Nova Arcada transforma-se no palco de v\u00e1rias experi\u00eancias imersivas que prometem divers\u00e3o e adrenalina para todos.<\/strong><br \/>\n<span>\u00a0<\/span><br \/>\n<span>De 31 de janeiro a 5 de mar\u00e7o, o Nova Arcada convida mi\u00fados e gra\u00fados a embarcarem numa experi\u00eancia futurista com &#8220;Nova Arcada Virtual&#8221;, um evento de realidade virtual que promete adrenalina, divers\u00e3o e momentos inesquec\u00edveis &#8211; a escolha perfeita para os finais de tarde ou fins de semana em fam\u00edlia ou com amigos.<\/span><br \/>\n<span>\u00a0<\/span><br \/>\n<span>A Pra\u00e7a Central do Nova Arcada vai ser palco deste mundo imersivo, onde os visitantes podem experimentar diferentes cen\u00e1rios de simula\u00e7\u00e3o que desafiam a perce\u00e7\u00e3o e transportam os sentidos para outra dimens\u00e3o. Desde uma emocionante montanha-russa virtual at\u00e9 corridas alucinantes, h\u00e1 aventuras para todas as idades.<\/span><br \/>\n<span>\u00a0<\/span><br \/>\n<span>S\u00e3o v\u00e1rios os mundos a explorar neste evento, a come\u00e7ar pela Nave Virtual UFO VR 360\u00ba, com capacidade para cinco pessoas a partir dos tr\u00eas anos, que conta com um simulador de montanha-russa, um simulador virtual da cidade e um simulador surpresa. Para os mais pequenos, h\u00e1 ainda um simulador infantil com uma montanha-russa, um jogo de corridas e dois jogos surpresa.<\/span><br \/>\n<span>\u00a0<\/span><br \/>\n<span>Para os apaixonados por velocidade, os Simuladores de Corrida DOF 6 Racing s\u00e3o o s\u00edtio ideal, oferecem a possibilidade de competir em pistas de F1 e Racing, replicando os circuitos mais famosos de todo o mundo.<\/span><br \/>\n<span>\u00a0<\/span><br \/>\n<span>O \u201cNova Arcada Virtual\u201d vai funcionar de segunda a quinta, das 16h \u00e0s 22h. \u00c0s sextas-feiras, das 16h \u00e0s 23h. Aos s\u00e1bados, das 10h \u00e0s 23h e aos domingos, das 10h \u00e0s 22h. Em hor\u00e1rio especial, no dia 3 de mar\u00e7o, por ocasi\u00e3o do Carnaval, das 10h \u00e0s 23h e no dia 4 de mar\u00e7o das 10h \u00e0s 22h.<\/span><br \/>\n<span>\u00a0<\/span><br \/>\n<span>A Nave UFO VR 360\u00ba tem um valor de 5 euros por viagem, sendo que o pacote fam\u00edlia, com quatro lugares, custa 15 euros. Os simuladores individuais DOF 6 Racing, dispon\u00edveis a partir dos seis anos, custam 5 euros por viagem. O simulador infantil, pensado para os mais pequenos, tem um custo de 1 euro por viagem.<\/span><br \/>\n<span>\u00a0<\/span><br \/>\n<span>Com esta iniciativa inovadora, o Nova Arcada refor\u00e7a o seu compromisso de proporcionar momentos de lazer \u00fanicos e diferenciadores a pensar na comunidade e nas fam\u00edlias.<\/span><br \/>\n<span>\u00a0<\/span><br \/>\n<u>Agenda:<\/u><br \/>\n<span>Evento: Nova Arcada Virtual<\/span><br \/>\n<span>Local: Pra\u00e7a Central<\/span><br \/>\n<span>Hor\u00e1rios:\u00a0<\/span><br \/>\n<span>Segundas a quintas, das 16h \u00e0s 22h, sextas das 16h \u00e0s 23h<\/span><br \/>\n<span>S\u00e1bados das 10h \u00e0s 23h e Domingos das 10h \u00e0s 22h\u00a0<\/span><br \/>\n<span>Dia 3 de mar\u00e7o, das\u00a010h\u00a0\u00e0s\u00a023h e dia 4 de mar\u00e7o, das\u00a010h\u00a0\u00e0s\u00a022h<\/span><br \/>\n<span>Pre\u00e7os:<\/span><br \/>\n<span>Nave Virtual UFO VR 360\u00ba: 5 euros por viagem, pacote fam\u00edlia (4 bilhetes)15 euros.<\/span><br \/>\n<span>Simuladores de Corrida DOF 6 Racing: 5 euros por viagem<\/span><br \/>\n<span>Simulador infantil: 1 euro por viagem\u00a0<\/span><\/p>\n","protected":false},"excerpt":{"rendered":"<p>At\u00e9 dia 5 de mar\u00e7o, o Nova Arcada transforma-se no palco de v\u00e1rias experi\u00eancias imersivas que prometem divers\u00e3o e adrenalina para todos. \u00a0 De 31 de janeiro a 5 de [&hellip;]<\/p>\n","protected":false},"author":34415,"featured_media":0,"comment_status":"closed","ping_status":"closed","sticky":false,"template":"","format":"standard","meta":{"_exactmetrics_skip_tracking":false,"_exactmetrics_sitenote_active":false,"_exactmetrics_sitenote_note":"","_exactmetrics_sitenote_category":0,"_uf_show_specific_survey":0,"_uf_disable_surveys":false,"footnotes":""},"categories":[1],"tags":[],"class_list":["post-9062","post","type-post","status-publish","format-standard","hentry","category-sem-categoria"],"yoast_head":"<!-- This site is optimized with the Yoast SEO plugin v27.3 - https:\/\/yoast.com\/product\/yoast-seo-wordpress\/ -->\n<title>Realidade virtual acontece em evento em Braga - Arte351 - Art Magazine Portugal<\/title>\n<meta name=\"robots\" content=\"index, follow, max-snippet:-1, max-image-preview:large, max-video-preview:-1\" \/>\n<link rel=\"canonical\" href=\"https:\/\/arte351.pt\/art\/2025\/01\/30\/realidade-virtual-acontece-em-evento-em-braga\/\" \/>\n<meta property=\"og:locale\" content=\"pt_BR\" \/>\n<meta property=\"og:type\" content=\"article\" \/>\n<meta property=\"og:title\" content=\"Realidade virtual acontece em evento em Braga - Arte351 - Art Magazine Portugal\" \/>\n<meta property=\"og:description\" content=\"At\u00e9 dia 5 de mar\u00e7o, o Nova Arcada transforma-se no palco de v\u00e1rias experi\u00eancias imersivas que prometem divers\u00e3o e adrenalina para todos. \u00a0 De 31 de janeiro a 5 de [&hellip;]\" \/>\n<meta property=\"og:url\" content=\"https:\/\/arte351.pt\/art\/2025\/01\/30\/realidade-virtual-acontece-em-evento-em-braga\/\" \/>\n<meta property=\"og:site_name\" content=\"Arte351 - Art Magazine Portugal\" \/>\n<meta property=\"article:publisher\" content=\"https:\/\/www.facebook.com\/arte351magazine\/\" \/>\n<meta property=\"article:published_time\" content=\"2025-01-30T17:41:41+00:00\" \/>\n<meta property=\"og:image\" content=\"https:\/\/pt.cision.com\/c4j\/pr\/77903\/PrImage_28d9e54c989148b49667adb7ba4c0980.jpg\" \/>\n<meta name=\"author\" content=\"Equipa Arte 351\" \/>\n<meta name=\"twitter:label1\" content=\"Escrito por\" \/>\n\t<meta name=\"twitter:data1\" content=\"Equipa Arte 351\" \/>\n\t<meta name=\"twitter:label2\" content=\"Est. tempo de leitura\" \/>\n\t<meta name=\"twitter:data2\" content=\"3 minutos\" \/>\n<script type=\"application\/ld+json\" class=\"yoast-schema-graph\">{\"@context\":\"https:\\\/\\\/schema.org\",\"@graph\":[{\"@type\":\"Article\",\"@id\":\"https:\\\/\\\/arte351.pt\\\/art\\\/2025\\\/01\\\/30\\\/realidade-virtual-acontece-em-evento-em-braga\\\/#article\",\"isPartOf\":{\"@id\":\"https:\\\/\\\/arte351.pt\\\/art\\\/2025\\\/01\\\/30\\\/realidade-virtual-acontece-em-evento-em-braga\\\/\"},\"author\":{\"name\":\"Equipa Arte 351\",\"@id\":\"https:\\\/\\\/arte351.pt\\\/art\\\/#\\\/schema\\\/person\\\/1d081d5dbc7c2a3f2317da95c823a5bd\"},\"headline\":\"Realidade virtual acontece em evento em Braga\",\"datePublished\":\"2025-01-30T17:41:41+00:00\",\"mainEntityOfPage\":{\"@id\":\"https:\\\/\\\/arte351.pt\\\/art\\\/2025\\\/01\\\/30\\\/realidade-virtual-acontece-em-evento-em-braga\\\/\"},\"wordCount\":466,\"publisher\":{\"@id\":\"https:\\\/\\\/arte351.pt\\\/art\\\/#organization\"},\"image\":{\"@id\":\"https:\\\/\\\/arte351.pt\\\/art\\\/2025\\\/01\\\/30\\\/realidade-virtual-acontece-em-evento-em-braga\\\/#primaryimage\"},\"thumbnailUrl\":\"https:\\\/\\\/pt.cision.com\\\/c4j\\\/pr\\\/77903\\\/PrImage_28d9e54c989148b49667adb7ba4c0980.jpg\",\"articleSection\":[\"Blog ARTE-351\"],\"inLanguage\":\"pt-BR\"},{\"@type\":\"WebPage\",\"@id\":\"https:\\\/\\\/arte351.pt\\\/art\\\/2025\\\/01\\\/30\\\/realidade-virtual-acontece-em-evento-em-braga\\\/\",\"url\":\"https:\\\/\\\/arte351.pt\\\/art\\\/2025\\\/01\\\/30\\\/realidade-virtual-acontece-em-evento-em-braga\\\/\",\"name\":\"Realidade virtual acontece em evento em Braga - Arte351 - Art Magazine Portugal\",\"isPartOf\":{\"@id\":\"https:\\\/\\\/arte351.pt\\\/art\\\/#website\"},\"primaryImageOfPage\":{\"@id\":\"https:\\\/\\\/arte351.pt\\\/art\\\/2025\\\/01\\\/30\\\/realidade-virtual-acontece-em-evento-em-braga\\\/#primaryimage\"},\"image\":{\"@id\":\"https:\\\/\\\/arte351.pt\\\/art\\\/2025\\\/01\\\/30\\\/realidade-virtual-acontece-em-evento-em-braga\\\/#primaryimage\"},\"thumbnailUrl\":\"https:\\\/\\\/pt.cision.com\\\/c4j\\\/pr\\\/77903\\\/PrImage_28d9e54c989148b49667adb7ba4c0980.jpg\",\"datePublished\":\"2025-01-30T17:41:41+00:00\",\"breadcrumb\":{\"@id\":\"https:\\\/\\\/arte351.pt\\\/art\\\/2025\\\/01\\\/30\\\/realidade-virtual-acontece-em-evento-em-braga\\\/#breadcrumb\"},\"inLanguage\":\"pt-BR\",\"potentialAction\":[{\"@type\":\"ReadAction\",\"target\":[\"https:\\\/\\\/arte351.pt\\\/art\\\/2025\\\/01\\\/30\\\/realidade-virtual-acontece-em-evento-em-braga\\\/\"]}]},{\"@type\":\"ImageObject\",\"inLanguage\":\"pt-BR\",\"@id\":\"https:\\\/\\\/arte351.pt\\\/art\\\/2025\\\/01\\\/30\\\/realidade-virtual-acontece-em-evento-em-braga\\\/#primaryimage\",\"url\":\"https:\\\/\\\/pt.cision.com\\\/c4j\\\/pr\\\/77903\\\/PrImage_28d9e54c989148b49667adb7ba4c0980.jpg\",\"contentUrl\":\"https:\\\/\\\/pt.cision.com\\\/c4j\\\/pr\\\/77903\\\/PrImage_28d9e54c989148b49667adb7ba4c0980.jpg\"},{\"@type\":\"BreadcrumbList\",\"@id\":\"https:\\\/\\\/arte351.pt\\\/art\\\/2025\\\/01\\\/30\\\/realidade-virtual-acontece-em-evento-em-braga\\\/#breadcrumb\",\"itemListElement\":[{\"@type\":\"ListItem\",\"position\":1,\"name\":\"In\u00edcio\",\"item\":\"https:\\\/\\\/arte351.pt\\\/art\\\/\"},{\"@type\":\"ListItem\",\"position\":2,\"name\":\"Realidade virtual acontece em evento em Braga\"}]},{\"@type\":\"WebSite\",\"@id\":\"https:\\\/\\\/arte351.pt\\\/art\\\/#website\",\"url\":\"https:\\\/\\\/arte351.pt\\\/art\\\/\",\"name\":\"Arte351 - Art Magazine Portugal\",\"description\":\"\",\"publisher\":{\"@id\":\"https:\\\/\\\/arte351.pt\\\/art\\\/#organization\"},\"potentialAction\":[{\"@type\":\"SearchAction\",\"target\":{\"@type\":\"EntryPoint\",\"urlTemplate\":\"https:\\\/\\\/arte351.pt\\\/art\\\/?s={search_term_string}\"},\"query-input\":{\"@type\":\"PropertyValueSpecification\",\"valueRequired\":true,\"valueName\":\"search_term_string\"}}],\"inLanguage\":\"pt-BR\"},{\"@type\":\"Organization\",\"@id\":\"https:\\\/\\\/arte351.pt\\\/art\\\/#organization\",\"name\":\"Arte351 - Art Magazine Portugal\",\"url\":\"https:\\\/\\\/arte351.pt\\\/art\\\/\",\"logo\":{\"@type\":\"ImageObject\",\"inLanguage\":\"pt-BR\",\"@id\":\"https:\\\/\\\/arte351.pt\\\/art\\\/#\\\/schema\\\/logo\\\/image\\\/\",\"url\":\"https:\\\/\\\/arte351.pt\\\/art\\\/wp-content\\\/uploads\\\/2020\\\/03\\\/cropped-logo-arte351-color.png\",\"contentUrl\":\"https:\\\/\\\/arte351.pt\\\/art\\\/wp-content\\\/uploads\\\/2020\\\/03\\\/cropped-logo-arte351-color.png\",\"width\":514,\"height\":200,\"caption\":\"Arte351 - Art Magazine Portugal\"},\"image\":{\"@id\":\"https:\\\/\\\/arte351.pt\\\/art\\\/#\\\/schema\\\/logo\\\/image\\\/\"},\"sameAs\":[\"https:\\\/\\\/www.facebook.com\\\/arte351magazine\\\/\"]},{\"@type\":\"Person\",\"@id\":\"https:\\\/\\\/arte351.pt\\\/art\\\/#\\\/schema\\\/person\\\/1d081d5dbc7c2a3f2317da95c823a5bd\",\"name\":\"Equipa Arte 351\",\"image\":{\"@type\":\"ImageObject\",\"inLanguage\":\"pt-BR\",\"@id\":\"https:\\\/\\\/secure.gravatar.com\\\/avatar\\\/3f97e62c832ede8fafe5d2f9e31f8a055e187b6b31056d1e065d95e034db52e2?s=96&d=mm&r=g\",\"url\":\"https:\\\/\\\/secure.gravatar.com\\\/avatar\\\/3f97e62c832ede8fafe5d2f9e31f8a055e187b6b31056d1e065d95e034db52e2?s=96&d=mm&r=g\",\"contentUrl\":\"https:\\\/\\\/secure.gravatar.com\\\/avatar\\\/3f97e62c832ede8fafe5d2f9e31f8a055e187b6b31056d1e065d95e034db52e2?s=96&d=mm&r=g\",\"caption\":\"Equipa Arte 351\"},\"url\":\"https:\\\/\\\/arte351.pt\\\/art\\\/author\\\/admin2\\\/\"}]}<\/script>\n<!-- \/ Yoast SEO plugin. -->","yoast_head_json":{"title":"Realidade virtual acontece em evento em Braga - Arte351 - Art Magazine Portugal","robots":{"index":"index","follow":"follow","max-snippet":"max-snippet:-1","max-image-preview":"max-image-preview:large","max-video-preview":"max-video-preview:-1"},"canonical":"https:\/\/arte351.pt\/art\/2025\/01\/30\/realidade-virtual-acontece-em-evento-em-braga\/","og_locale":"pt_BR","og_type":"article","og_title":"Realidade virtual acontece em evento em Braga - Arte351 - Art Magazine Portugal","og_description":"At\u00e9 dia 5 de mar\u00e7o, o Nova Arcada transforma-se no palco de v\u00e1rias experi\u00eancias imersivas que prometem divers\u00e3o e adrenalina para todos. \u00a0 De 31 de janeiro a 5 de [&hellip;]","og_url":"https:\/\/arte351.pt\/art\/2025\/01\/30\/realidade-virtual-acontece-em-evento-em-braga\/","og_site_name":"Arte351 - Art Magazine Portugal","article_publisher":"https:\/\/www.facebook.com\/arte351magazine\/","article_published_time":"2025-01-30T17:41:41+00:00","og_image":[{"url":"https:\/\/pt.cision.com\/c4j\/pr\/77903\/PrImage_28d9e54c989148b49667adb7ba4c0980.jpg","type":"","width":"","height":""}],"author":"Equipa Arte 351","twitter_misc":{"Escrito por":"Equipa Arte 351","Est. tempo de leitura":"3 minutos"},"schema":{"@context":"https:\/\/schema.org","@graph":[{"@type":"Article","@id":"https:\/\/arte351.pt\/art\/2025\/01\/30\/realidade-virtual-acontece-em-evento-em-braga\/#article","isPartOf":{"@id":"https:\/\/arte351.pt\/art\/2025\/01\/30\/realidade-virtual-acontece-em-evento-em-braga\/"},"author":{"name":"Equipa Arte 351","@id":"https:\/\/arte351.pt\/art\/#\/schema\/person\/1d081d5dbc7c2a3f2317da95c823a5bd"},"headline":"Realidade virtual acontece em evento em Braga","datePublished":"2025-01-30T17:41:41+00:00","mainEntityOfPage":{"@id":"https:\/\/arte351.pt\/art\/2025\/01\/30\/realidade-virtual-acontece-em-evento-em-braga\/"},"wordCount":466,"publisher":{"@id":"https:\/\/arte351.pt\/art\/#organization"},"image":{"@id":"https:\/\/arte351.pt\/art\/2025\/01\/30\/realidade-virtual-acontece-em-evento-em-braga\/#primaryimage"},"thumbnailUrl":"https:\/\/pt.cision.com\/c4j\/pr\/77903\/PrImage_28d9e54c989148b49667adb7ba4c0980.jpg","articleSection":["Blog ARTE-351"],"inLanguage":"pt-BR"},{"@type":"WebPage","@id":"https:\/\/arte351.pt\/art\/2025\/01\/30\/realidade-virtual-acontece-em-evento-em-braga\/","url":"https:\/\/arte351.pt\/art\/2025\/01\/30\/realidade-virtual-acontece-em-evento-em-braga\/","name":"Realidade virtual acontece em evento em Braga - Arte351 - Art Magazine Portugal","isPartOf":{"@id":"https:\/\/arte351.pt\/art\/#website"},"primaryImageOfPage":{"@id":"https:\/\/arte351.pt\/art\/2025\/01\/30\/realidade-virtual-acontece-em-evento-em-braga\/#primaryimage"},"image":{"@id":"https:\/\/arte351.pt\/art\/2025\/01\/30\/realidade-virtual-acontece-em-evento-em-braga\/#primaryimage"},"thumbnailUrl":"https:\/\/pt.cision.com\/c4j\/pr\/77903\/PrImage_28d9e54c989148b49667adb7ba4c0980.jpg","datePublished":"2025-01-30T17:41:41+00:00","breadcrumb":{"@id":"https:\/\/arte351.pt\/art\/2025\/01\/30\/realidade-virtual-acontece-em-evento-em-braga\/#breadcrumb"},"inLanguage":"pt-BR","potentialAction":[{"@type":"ReadAction","target":["https:\/\/arte351.pt\/art\/2025\/01\/30\/realidade-virtual-acontece-em-evento-em-braga\/"]}]},{"@type":"ImageObject","inLanguage":"pt-BR","@id":"https:\/\/arte351.pt\/art\/2025\/01\/30\/realidade-virtual-acontece-em-evento-em-braga\/#primaryimage","url":"https:\/\/pt.cision.com\/c4j\/pr\/77903\/PrImage_28d9e54c989148b49667adb7ba4c0980.jpg","contentUrl":"https:\/\/pt.cision.com\/c4j\/pr\/77903\/PrImage_28d9e54c989148b49667adb7ba4c0980.jpg"},{"@type":"BreadcrumbList","@id":"https:\/\/arte351.pt\/art\/2025\/01\/30\/realidade-virtual-acontece-em-evento-em-braga\/#breadcrumb","itemListElement":[{"@type":"ListItem","position":1,"name":"In\u00edcio","item":"https:\/\/arte351.pt\/art\/"},{"@type":"ListItem","position":2,"name":"Realidade virtual acontece em evento em Braga"}]},{"@type":"WebSite","@id":"https:\/\/arte351.pt\/art\/#website","url":"https:\/\/arte351.pt\/art\/","name":"Arte351 - Art Magazine Portugal","description":"","publisher":{"@id":"https:\/\/arte351.pt\/art\/#organization"},"potentialAction":[{"@type":"SearchAction","target":{"@type":"EntryPoint","urlTemplate":"https:\/\/arte351.pt\/art\/?s={search_term_string}"},"query-input":{"@type":"PropertyValueSpecification","valueRequired":true,"valueName":"search_term_string"}}],"inLanguage":"pt-BR"},{"@type":"Organization","@id":"https:\/\/arte351.pt\/art\/#organization","name":"Arte351 - Art Magazine Portugal","url":"https:\/\/arte351.pt\/art\/","logo":{"@type":"ImageObject","inLanguage":"pt-BR","@id":"https:\/\/arte351.pt\/art\/#\/schema\/logo\/image\/","url":"https:\/\/arte351.pt\/art\/wp-content\/uploads\/2020\/03\/cropped-logo-arte351-color.png","contentUrl":"https:\/\/arte351.pt\/art\/wp-content\/uploads\/2020\/03\/cropped-logo-arte351-color.png","width":514,"height":200,"caption":"Arte351 - Art Magazine Portugal"},"image":{"@id":"https:\/\/arte351.pt\/art\/#\/schema\/logo\/image\/"},"sameAs":["https:\/\/www.facebook.com\/arte351magazine\/"]},{"@type":"Person","@id":"https:\/\/arte351.pt\/art\/#\/schema\/person\/1d081d5dbc7c2a3f2317da95c823a5bd","name":"Equipa Arte 351","image":{"@type":"ImageObject","inLanguage":"pt-BR","@id":"https:\/\/secure.gravatar.com\/avatar\/3f97e62c832ede8fafe5d2f9e31f8a055e187b6b31056d1e065d95e034db52e2?s=96&d=mm&r=g","url":"https:\/\/secure.gravatar.com\/avatar\/3f97e62c832ede8fafe5d2f9e31f8a055e187b6b31056d1e065d95e034db52e2?s=96&d=mm&r=g","contentUrl":"https:\/\/secure.gravatar.com\/avatar\/3f97e62c832ede8fafe5d2f9e31f8a055e187b6b31056d1e065d95e034db52e2?s=96&d=mm&r=g","caption":"Equipa Arte 351"},"url":"https:\/\/arte351.pt\/art\/author\/admin2\/"}]}},"_links":{"self":[{"href":"https:\/\/arte351.pt\/art\/wp-json\/wp\/v2\/posts\/9062","targetHints":{"allow":["GET"]}}],"collection":[{"href":"https:\/\/arte351.pt\/art\/wp-json\/wp\/v2\/posts"}],"about":[{"href":"https:\/\/arte351.pt\/art\/wp-json\/wp\/v2\/types\/post"}],"author":[{"embeddable":true,"href":"https:\/\/arte351.pt\/art\/wp-json\/wp\/v2\/users\/34415"}],"replies":[{"embeddable":true,"href":"https:\/\/arte351.pt\/art\/wp-json\/wp\/v2\/comments?post=9062"}],"version-history":[{"count":1,"href":"https:\/\/arte351.pt\/art\/wp-json\/wp\/v2\/posts\/9062\/revisions"}],"predecessor-version":[{"id":9063,"href":"https:\/\/arte351.pt\/art\/wp-json\/wp\/v2\/posts\/9062\/revisions\/9063"}],"wp:attachment":[{"href":"https:\/\/arte351.pt\/art\/wp-json\/wp\/v2\/media?parent=9062"}],"wp:term":[{"taxonomy":"category","embeddable":true,"href":"https:\/\/arte351.pt\/art\/wp-json\/wp\/v2\/categories?post=9062"},{"taxonomy":"post_tag","embeddable":true,"href":"https:\/\/arte351.pt\/art\/wp-json\/wp\/v2\/tags?post=9062"}],"curies":[{"name":"wp","href":"https:\/\/api.w.org\/{rel}","templated":true}]}}