{"id":9064,"date":"2025-01-29T17:43:14","date_gmt":"2025-01-29T17:43:14","guid":{"rendered":"https:\/\/arte351.pt\/art\/?p=9064"},"modified":"2025-01-30T17:46:09","modified_gmt":"2025-01-30T17:46:09","slug":"ageas-cooljazz-2025-confirma-ezra-collective-e-jordan-rakei","status":"publish","type":"post","link":"https:\/\/arte351.pt\/art\/2025\/01\/29\/ageas-cooljazz-2025-confirma-ezra-collective-e-jordan-rakei\/","title":{"rendered":"Ageas Cooljazz 2025 confirma Ezra Collective e Jordan Rakei"},"content":{"rendered":"<p>A noite de 15 de Julho<span>\u00a0<\/span><strong>traz dois concertos \u00fanicos ao Hip\u00f3dromo Manuel Possolo, em Cascais<\/strong>.<span>\u00a0<\/span><strong>Ezra Collective estreiam-se no Ageas Cooljazz 2025 e Jordan<\/strong><span>\u00a0<\/span><strong>Rakei<\/strong><span>\u00a0<\/span>volta para uma<span>\u00a0<\/span><strong>atua\u00e7\u00e3o especial<\/strong>. Uma noite \u00fanico do talento contempor\u00e2neo mundial do jazz.<\/p>\n<p>A estreia do coletivo Ezra Collective com o seu mais recente \u00e1lbum,<strong><span>\u00a0<\/span>\u201cDance, No One\u2019s Watching\u201d (Setembro 2024),<span>\u00a0<\/span><\/strong>\u00e9 o mote. Ezra Collective junta-se ao cartaz do Ageas Cooljazz para uma<span>\u00a0<\/span><strong>noite que une o que de mais refrescante se faz no jazz<\/strong><span>\u00a0<\/span><strong>mundial<\/strong>.<span>\u00a0<\/span><strong>Vencedores do Mercury Music Prize Award 2023<\/strong>, os Ezra Collective tornaram-se uma<span>\u00a0<\/span><strong>banda de culto inglesa,<\/strong><span>\u00a0<\/span>juntando influ\u00eancias de hip-hop, salsa, dub, reggae e Chicago House, tornando o som do colectivo<span>\u00a0<\/span><strong>diferenciador e cativante<\/strong>.<\/p>\n<p>O colectivo conta ainda com<span>\u00a0<\/span><strong>4 nomea\u00e7\u00f5es na edi\u00e7\u00e3o dos BRIT Awards 2025<\/strong>, nas categorias de Mastercard Album of the Year, Group of the Year, Best New Artist e Alternative\/Rock Act. O o novo \u00e1lbum, \u201cDance, No One\u2019s Watching\u201d (Setembro 2024), que conta com<span>\u00a0<\/span><strong>participa\u00e7\u00f5es de Olivia Dean, Yazmin Lacey, M.anifest e Moonchild Sanelly<\/strong>.<\/p>\n<p>Na mesma noite, o festival volta a receber<span>\u00a0<\/span><strong>Jordan Rakei, que apresenta o seu novo \u00e1lbum \u201cThe Loop\u201d (Maio 2024)<\/strong>, que para o artista \u00e9 o seu trabalho<span>\u00a0<\/span><strong>mais ousado e cinematogr\u00e1fico<\/strong>.<span>\u00a0<\/span><strong>Multi-instrumentista<\/strong>, Rakei apresenta um novo concerto, visitando alguns dos seus projetos anteriores. A sua m\u00fasica navega entre a<span>\u00a0<\/span><strong>soul, o jazz e o hip-hop<\/strong>, tendo colaborada com artistas como<span>\u00a0<\/span><strong>Tom Misch, Loyle Carner, and Barney Artist<\/strong>. As suas principais influ\u00eancias s\u00e3o The Roots, D\u2019Angelo ou Stevie Wonder.<br \/>\nO cantor e produtor australiano, sediado em Londres, traz ao<span>\u00a0<\/span><strong>Ageas Cooljazz um novo \u00e1lbum<\/strong><span>\u00a0<\/span>que aborda o<span>\u00a0<\/span><strong>grito pol\u00edtico ao luto da amizade<\/strong>, passando por uma<span>\u00a0<\/span><strong>ode sentimental ao filho pequeno, a quem dedica o \u00e1lbum<\/strong>.<\/p>\n<p><strong>Ezra Colletive e Jordan Rakei sobem ao Palco Ageas no pr\u00f3ximo dia 15 de Julho para uma noite a \u00fanica no Hip\u00f3dromo Manuel Possolo, em Cascais.<\/strong><\/p>\n<p>Tamb\u00e9m confirmados no Ageas Cooljazz 2025 est\u00e3o artistas como<strong><span>\u00a0<\/span>Benjamin Clementine (4 Julho), Seal e Beatriz Nunes (12 Julho),<\/strong><span>\u00a0<\/span><strong>Gilsons e Isabel Rato Quinteto (17 Julho), Slow J e Bokor (23 Julho), Masego e Razy (31 de Julho)<\/strong><span>\u00a0<\/span>na edi\u00e7\u00e3o de 2025 do Ageas Cooljazz.<\/p>\n<p><strong>Ageas Cooljazz, Cool by Nature<\/strong><\/p>\n<p><strong>O Ageas Cooljazz tem 4 Concertos por noite.<\/strong><br \/>\nCom abertura de portas \u00e0s 19h, as<span>\u00a0<\/span><strong>Cascais Jazz Sessions by Smooth FM<span>\u00a0<\/span><\/strong>t\u00eam in\u00edcio \u00e0s 20h no Anfiteatro do Parque Marechal Carmona depois no<span>\u00a0<\/span><strong>Palco Ageas, o primeiro Concerto<span>\u00a0<\/span><\/strong>seguindo-se<strong><span>\u00a0<\/span><\/strong>o<span>\u00a0<\/span><strong>Grande Concerto<\/strong>\u202fno mesmo palco<strong>.<span>\u00a0<\/span><\/strong>Ap\u00f3s t\u00e9rmino do grande concerto no palco Ageas,<span>\u00a0<\/span><strong>as Late Nights<span>\u00a0<\/span><\/strong>arrancam no Anfiteatro do Parque Marechal Carmona.<br \/>\n<strong>Venha mais cedo e desfrute do Cool Pick &amp; Go, no Parque Marechal Carmona.<\/strong><\/p>\n<p>Pode consultar todos os\u202f<strong><span>\u00a0<\/span>hor\u00e1rios do festival, em<span>\u00a0<\/span><\/strong><a href=\"http:\/\/ageascooljazz.pt\" target=\"_blank\" rel=\"nofollow noopener\"><strong>ageascooljazz.pt<\/strong><\/a><\/p>\n<p><strong>E muito mais a anunciar brevemente!<\/strong><\/p>\n<p><strong>Sobre o Ageas Cooljazz<\/strong><br \/>\nA Live Experiences apresentou a primeira edi\u00e7\u00e3o do Ageas Cooljazz em 2004, um festival de ver\u00e3o absolutamente diferenciado. Com o suceder dos anos, somaram-se os concertos ic\u00f3nicos, artistas a nascerem no festival, o p\u00fablico cada vez mais rendido ao crit\u00e9rio art\u00edstico, assim como ao conforto do espa\u00e7o. O Ageas Cooljazz tornou-se de forma inquestion\u00e1vel como um dos eventos culturais mais importantes do pa\u00eds, assumindo a sua diferencia\u00e7\u00e3o de ano para ano e tendo o foco no que o distingue: um cartaz cultural \u00fanico, a beleza \u00edmpar dos espa\u00e7os verdes, o usufruto da paisagem arquitet\u00f3nica, o conforto do lugar marcado num festival de ver\u00e3o e o foco total na sustentabilidade desde a primeira hora do seu nascimento. A Live Experiences orgulha-se dos 20 anos de Ageas Cooljazz, com muitas hist\u00f3rias feitas e muitas por fazer.<\/p>\n<p><strong>Sobre a Live Experiences<\/strong><br \/>\nA Live Experiences, que celebra 25 anos de funda\u00e7\u00e3o, \u00e9 a produtora do festival h\u00e1 20 anos e continua a proporcionar experi\u00eancias e emo\u00e7\u00f5es \u00fanicas aos espectadores e parceiros, apostando em projetos vibrantes e sustent\u00e1veis.<\/p>\n<p><strong>Sobre o Grupo Ageas Portugal<\/strong><br \/>\nFundada em 1824, a Ageas \u00e9 um Grupo segurador internacional com sede em Bruxelas e presente em 14 pa\u00edses da Europa e da \u00c1sia. A operar em Portugal, desde 2005, a Ageas aposta no pa\u00eds como um dos principais mercados, onde se pretende desenvolver, atrav\u00e9s de parcerias fortes e contribuindo para o desenvolvimento do pa\u00eds e da sociedade atrav\u00e9s da Funda\u00e7\u00e3o Ageas e ajudando Clientes a gerir, antecipar e proteger-se contra riscos e imprevistos, para que possam viver o presente e o futuro com a m\u00e1xima seguran\u00e7a e serenidade. A miss\u00e3o do Grupo Ageas Portugal \u00e9 proporcionar uma experi\u00eancia emocional e relevante na vida das Pessoas, sendo um parceiro de refer\u00eancia nos seguros e o melhor local de trabalho para Pessoas empreendedoras. Para isso, contamos com 1.328 Colaboradores e 2.261 Mediadores para prestar um servi\u00e7o de excel\u00eancia aos cerca de 1.8 milh\u00f5es de Clientes das v\u00e1rias marcas comerciais: Ageas Seguros, Ageas Pens\u00f5es, M\u00e9dis, Ocidental e Seguro Directo. Com o objetivo de diversificar o neg\u00f3cio e estar pr\u00f3ximo dos seus Clientes, o Grupo Ageas Portugal disponibiliza ainda uma oferta alargada de servi\u00e7os atrav\u00e9s da Cl\u00ednica M\u00e9dis, Kleya, Ageas Repara, Livo e P\u00e9tis. Para mais informa\u00e7\u00f5es pode visitar o\u00a0<a href=\"https:\/\/www.grupoageas.pt\/\" target=\"_blank\" rel=\"nofollow noopener\">website.<\/a><\/p>\n<p><strong>EZRA COLLECTIVE | JORDAN RAKEI<\/strong><br \/>\n<strong>15Julho 2025, Hip\u00f3dromo Manuel Possolo, Cascais<\/strong><br \/>\n<span>Abertura de portas \u2013 19h00<\/span><br \/>\n<span>Cascais Jazz Sessions by Smooth FM\u2013 20h00<\/span><br \/>\n<span>Primeiro Concerto Palco Ageas \u2013 hor\u00e1rio a anunciar<\/span><br \/>\n<span>Grande Concerto Palco Ageas \u2013 hor\u00e1rio a anunciar<\/span><\/p>\n<p><span># PLATEIA GOLD \u2013 45\u20ac<\/span><br \/>\n<span>* PLATEIA P\u00c9 (Geral) \u2013 30\u20ac<\/span><br \/>\n<span>* BANCADA (sem marca\u00e7\u00e3o) &#8211; 35\u20ac<\/span><br \/>\n<span>* CAMAROTE 1\u00aa ordem \u2013 40\u20ac<\/span><br \/>\n<span>* CAMAROTE 2\u00aa ordem \u2013 40\u20ac<\/span><br \/>\n<span>* CAMAROTE 3\u00aa ordem \u2013 40\u20ac<\/span><br \/>\n<span>* MOBILIDADE REDUZIDA | BANCADA &#8211; 35\u20ac<\/span><\/p>\n<p><span># lugar com marca\u00e7\u00e3o<\/span><br \/>\n<span>* lugar sem marca\u00e7\u00e3o<\/span><\/p>\n","protected":false},"excerpt":{"rendered":"<p>A noite de 15 de Julho\u00a0traz dois concertos \u00fanicos ao Hip\u00f3dromo Manuel Possolo, em Cascais.\u00a0Ezra Collective estreiam-se no Ageas Cooljazz 2025 e Jordan\u00a0Rakei\u00a0volta para uma\u00a0atua\u00e7\u00e3o especial. Uma noite \u00fanico do [&hellip;]<\/p>\n","protected":false},"author":34415,"featured_media":0,"comment_status":"closed","ping_status":"closed","sticky":false,"template":"","format":"standard","meta":{"_exactmetrics_skip_tracking":false,"_exactmetrics_sitenote_active":false,"_exactmetrics_sitenote_note":"","_exactmetrics_sitenote_category":0,"_uf_show_specific_survey":0,"_uf_disable_surveys":false,"footnotes":""},"categories":[1],"tags":[],"class_list":["post-9064","post","type-post","status-publish","format-standard","hentry","category-sem-categoria"],"yoast_head":"<!-- This site is optimized with the Yoast SEO plugin v27.3 - https:\/\/yoast.com\/product\/yoast-seo-wordpress\/ -->\n<title>Ageas Cooljazz 2025 confirma Ezra Collective e Jordan Rakei - Arte351 - Art Magazine Portugal<\/title>\n<meta name=\"description\" content=\"O Ageas Cooljazz 2025 tem 4 Concertos por noite.\u00a0Com abertura de portas \u00e0s 19h, as\u00a0Cascais Jazz Sessions by Smooth FM\u00a0..\" \/>\n<meta name=\"robots\" content=\"index, follow, max-snippet:-1, max-image-preview:large, max-video-preview:-1\" \/>\n<link rel=\"canonical\" href=\"https:\/\/arte351.pt\/art\/2025\/01\/29\/ageas-cooljazz-2025-confirma-ezra-collective-e-jordan-rakei\/\" \/>\n<meta property=\"og:locale\" content=\"pt_BR\" \/>\n<meta property=\"og:type\" content=\"article\" \/>\n<meta property=\"og:title\" content=\"Ageas Cooljazz 2025 confirma Ezra Collective e Jordan Rakei - Arte351 - Art Magazine Portugal\" \/>\n<meta property=\"og:description\" content=\"O Ageas Cooljazz 2025 tem 4 Concertos por noite.\u00a0Com abertura de portas \u00e0s 19h, as\u00a0Cascais Jazz Sessions by Smooth FM\u00a0..\" \/>\n<meta property=\"og:url\" content=\"https:\/\/arte351.pt\/art\/2025\/01\/29\/ageas-cooljazz-2025-confirma-ezra-collective-e-jordan-rakei\/\" \/>\n<meta property=\"og:site_name\" content=\"Arte351 - Art Magazine Portugal\" \/>\n<meta property=\"article:publisher\" content=\"https:\/\/www.facebook.com\/arte351magazine\/\" \/>\n<meta property=\"article:published_time\" content=\"2025-01-29T17:43:14+00:00\" \/>\n<meta property=\"article:modified_time\" content=\"2025-01-30T17:46:09+00:00\" \/>\n<meta name=\"author\" content=\"Equipa Arte 351\" \/>\n<meta name=\"twitter:label1\" content=\"Escrito por\" \/>\n\t<meta name=\"twitter:data1\" content=\"Equipa Arte 351\" \/>\n\t<meta name=\"twitter:label2\" content=\"Est. tempo de leitura\" \/>\n\t<meta name=\"twitter:data2\" content=\"6 minutos\" \/>\n<script type=\"application\/ld+json\" class=\"yoast-schema-graph\">{\"@context\":\"https:\\\/\\\/schema.org\",\"@graph\":[{\"@type\":\"Article\",\"@id\":\"https:\\\/\\\/arte351.pt\\\/art\\\/2025\\\/01\\\/29\\\/ageas-cooljazz-2025-confirma-ezra-collective-e-jordan-rakei\\\/#article\",\"isPartOf\":{\"@id\":\"https:\\\/\\\/arte351.pt\\\/art\\\/2025\\\/01\\\/29\\\/ageas-cooljazz-2025-confirma-ezra-collective-e-jordan-rakei\\\/\"},\"author\":{\"name\":\"Equipa Arte 351\",\"@id\":\"https:\\\/\\\/arte351.pt\\\/art\\\/#\\\/schema\\\/person\\\/1d081d5dbc7c2a3f2317da95c823a5bd\"},\"headline\":\"Ageas Cooljazz 2025 confirma Ezra Collective e Jordan Rakei\",\"datePublished\":\"2025-01-29T17:43:14+00:00\",\"dateModified\":\"2025-01-30T17:46:09+00:00\",\"mainEntityOfPage\":{\"@id\":\"https:\\\/\\\/arte351.pt\\\/art\\\/2025\\\/01\\\/29\\\/ageas-cooljazz-2025-confirma-ezra-collective-e-jordan-rakei\\\/\"},\"wordCount\":948,\"publisher\":{\"@id\":\"https:\\\/\\\/arte351.pt\\\/art\\\/#organization\"},\"articleSection\":[\"Blog ARTE-351\"],\"inLanguage\":\"pt-BR\"},{\"@type\":\"WebPage\",\"@id\":\"https:\\\/\\\/arte351.pt\\\/art\\\/2025\\\/01\\\/29\\\/ageas-cooljazz-2025-confirma-ezra-collective-e-jordan-rakei\\\/\",\"url\":\"https:\\\/\\\/arte351.pt\\\/art\\\/2025\\\/01\\\/29\\\/ageas-cooljazz-2025-confirma-ezra-collective-e-jordan-rakei\\\/\",\"name\":\"Ageas Cooljazz 2025 confirma Ezra Collective e Jordan Rakei - Arte351 - Art Magazine Portugal\",\"isPartOf\":{\"@id\":\"https:\\\/\\\/arte351.pt\\\/art\\\/#website\"},\"datePublished\":\"2025-01-29T17:43:14+00:00\",\"dateModified\":\"2025-01-30T17:46:09+00:00\",\"description\":\"O Ageas Cooljazz 2025 tem 4 Concertos por noite.\u00a0Com abertura de portas \u00e0s 19h, as\u00a0Cascais Jazz Sessions by Smooth FM\u00a0..\",\"breadcrumb\":{\"@id\":\"https:\\\/\\\/arte351.pt\\\/art\\\/2025\\\/01\\\/29\\\/ageas-cooljazz-2025-confirma-ezra-collective-e-jordan-rakei\\\/#breadcrumb\"},\"inLanguage\":\"pt-BR\",\"potentialAction\":[{\"@type\":\"ReadAction\",\"target\":[\"https:\\\/\\\/arte351.pt\\\/art\\\/2025\\\/01\\\/29\\\/ageas-cooljazz-2025-confirma-ezra-collective-e-jordan-rakei\\\/\"]}]},{\"@type\":\"BreadcrumbList\",\"@id\":\"https:\\\/\\\/arte351.pt\\\/art\\\/2025\\\/01\\\/29\\\/ageas-cooljazz-2025-confirma-ezra-collective-e-jordan-rakei\\\/#breadcrumb\",\"itemListElement\":[{\"@type\":\"ListItem\",\"position\":1,\"name\":\"In\u00edcio\",\"item\":\"https:\\\/\\\/arte351.pt\\\/art\\\/\"},{\"@type\":\"ListItem\",\"position\":2,\"name\":\"Ageas Cooljazz 2025 confirma Ezra Collective e Jordan Rakei\"}]},{\"@type\":\"WebSite\",\"@id\":\"https:\\\/\\\/arte351.pt\\\/art\\\/#website\",\"url\":\"https:\\\/\\\/arte351.pt\\\/art\\\/\",\"name\":\"Arte351 - Art Magazine Portugal\",\"description\":\"\",\"publisher\":{\"@id\":\"https:\\\/\\\/arte351.pt\\\/art\\\/#organization\"},\"potentialAction\":[{\"@type\":\"SearchAction\",\"target\":{\"@type\":\"EntryPoint\",\"urlTemplate\":\"https:\\\/\\\/arte351.pt\\\/art\\\/?s={search_term_string}\"},\"query-input\":{\"@type\":\"PropertyValueSpecification\",\"valueRequired\":true,\"valueName\":\"search_term_string\"}}],\"inLanguage\":\"pt-BR\"},{\"@type\":\"Organization\",\"@id\":\"https:\\\/\\\/arte351.pt\\\/art\\\/#organization\",\"name\":\"Arte351 - Art Magazine Portugal\",\"url\":\"https:\\\/\\\/arte351.pt\\\/art\\\/\",\"logo\":{\"@type\":\"ImageObject\",\"inLanguage\":\"pt-BR\",\"@id\":\"https:\\\/\\\/arte351.pt\\\/art\\\/#\\\/schema\\\/logo\\\/image\\\/\",\"url\":\"https:\\\/\\\/arte351.pt\\\/art\\\/wp-content\\\/uploads\\\/2020\\\/03\\\/cropped-logo-arte351-color.png\",\"contentUrl\":\"https:\\\/\\\/arte351.pt\\\/art\\\/wp-content\\\/uploads\\\/2020\\\/03\\\/cropped-logo-arte351-color.png\",\"width\":514,\"height\":200,\"caption\":\"Arte351 - Art Magazine Portugal\"},\"image\":{\"@id\":\"https:\\\/\\\/arte351.pt\\\/art\\\/#\\\/schema\\\/logo\\\/image\\\/\"},\"sameAs\":[\"https:\\\/\\\/www.facebook.com\\\/arte351magazine\\\/\"]},{\"@type\":\"Person\",\"@id\":\"https:\\\/\\\/arte351.pt\\\/art\\\/#\\\/schema\\\/person\\\/1d081d5dbc7c2a3f2317da95c823a5bd\",\"name\":\"Equipa Arte 351\",\"image\":{\"@type\":\"ImageObject\",\"inLanguage\":\"pt-BR\",\"@id\":\"https:\\\/\\\/secure.gravatar.com\\\/avatar\\\/3f97e62c832ede8fafe5d2f9e31f8a055e187b6b31056d1e065d95e034db52e2?s=96&d=mm&r=g\",\"url\":\"https:\\\/\\\/secure.gravatar.com\\\/avatar\\\/3f97e62c832ede8fafe5d2f9e31f8a055e187b6b31056d1e065d95e034db52e2?s=96&d=mm&r=g\",\"contentUrl\":\"https:\\\/\\\/secure.gravatar.com\\\/avatar\\\/3f97e62c832ede8fafe5d2f9e31f8a055e187b6b31056d1e065d95e034db52e2?s=96&d=mm&r=g\",\"caption\":\"Equipa Arte 351\"},\"url\":\"https:\\\/\\\/arte351.pt\\\/art\\\/author\\\/admin2\\\/\"}]}<\/script>\n<!-- \/ Yoast SEO plugin. -->","yoast_head_json":{"title":"Ageas Cooljazz 2025 confirma Ezra Collective e Jordan Rakei - Arte351 - Art Magazine Portugal","description":"O Ageas Cooljazz 2025 tem 4 Concertos por noite.\u00a0Com abertura de portas \u00e0s 19h, as\u00a0Cascais Jazz Sessions by Smooth FM\u00a0..","robots":{"index":"index","follow":"follow","max-snippet":"max-snippet:-1","max-image-preview":"max-image-preview:large","max-video-preview":"max-video-preview:-1"},"canonical":"https:\/\/arte351.pt\/art\/2025\/01\/29\/ageas-cooljazz-2025-confirma-ezra-collective-e-jordan-rakei\/","og_locale":"pt_BR","og_type":"article","og_title":"Ageas Cooljazz 2025 confirma Ezra Collective e Jordan Rakei - Arte351 - Art Magazine Portugal","og_description":"O Ageas Cooljazz 2025 tem 4 Concertos por noite.\u00a0Com abertura de portas \u00e0s 19h, as\u00a0Cascais Jazz Sessions by Smooth FM\u00a0..","og_url":"https:\/\/arte351.pt\/art\/2025\/01\/29\/ageas-cooljazz-2025-confirma-ezra-collective-e-jordan-rakei\/","og_site_name":"Arte351 - Art Magazine Portugal","article_publisher":"https:\/\/www.facebook.com\/arte351magazine\/","article_published_time":"2025-01-29T17:43:14+00:00","article_modified_time":"2025-01-30T17:46:09+00:00","author":"Equipa Arte 351","twitter_misc":{"Escrito por":"Equipa Arte 351","Est. tempo de leitura":"6 minutos"},"schema":{"@context":"https:\/\/schema.org","@graph":[{"@type":"Article","@id":"https:\/\/arte351.pt\/art\/2025\/01\/29\/ageas-cooljazz-2025-confirma-ezra-collective-e-jordan-rakei\/#article","isPartOf":{"@id":"https:\/\/arte351.pt\/art\/2025\/01\/29\/ageas-cooljazz-2025-confirma-ezra-collective-e-jordan-rakei\/"},"author":{"name":"Equipa Arte 351","@id":"https:\/\/arte351.pt\/art\/#\/schema\/person\/1d081d5dbc7c2a3f2317da95c823a5bd"},"headline":"Ageas Cooljazz 2025 confirma Ezra Collective e Jordan Rakei","datePublished":"2025-01-29T17:43:14+00:00","dateModified":"2025-01-30T17:46:09+00:00","mainEntityOfPage":{"@id":"https:\/\/arte351.pt\/art\/2025\/01\/29\/ageas-cooljazz-2025-confirma-ezra-collective-e-jordan-rakei\/"},"wordCount":948,"publisher":{"@id":"https:\/\/arte351.pt\/art\/#organization"},"articleSection":["Blog ARTE-351"],"inLanguage":"pt-BR"},{"@type":"WebPage","@id":"https:\/\/arte351.pt\/art\/2025\/01\/29\/ageas-cooljazz-2025-confirma-ezra-collective-e-jordan-rakei\/","url":"https:\/\/arte351.pt\/art\/2025\/01\/29\/ageas-cooljazz-2025-confirma-ezra-collective-e-jordan-rakei\/","name":"Ageas Cooljazz 2025 confirma Ezra Collective e Jordan Rakei - Arte351 - Art Magazine Portugal","isPartOf":{"@id":"https:\/\/arte351.pt\/art\/#website"},"datePublished":"2025-01-29T17:43:14+00:00","dateModified":"2025-01-30T17:46:09+00:00","description":"O Ageas Cooljazz 2025 tem 4 Concertos por noite.\u00a0Com abertura de portas \u00e0s 19h, as\u00a0Cascais Jazz Sessions by Smooth FM\u00a0..","breadcrumb":{"@id":"https:\/\/arte351.pt\/art\/2025\/01\/29\/ageas-cooljazz-2025-confirma-ezra-collective-e-jordan-rakei\/#breadcrumb"},"inLanguage":"pt-BR","potentialAction":[{"@type":"ReadAction","target":["https:\/\/arte351.pt\/art\/2025\/01\/29\/ageas-cooljazz-2025-confirma-ezra-collective-e-jordan-rakei\/"]}]},{"@type":"BreadcrumbList","@id":"https:\/\/arte351.pt\/art\/2025\/01\/29\/ageas-cooljazz-2025-confirma-ezra-collective-e-jordan-rakei\/#breadcrumb","itemListElement":[{"@type":"ListItem","position":1,"name":"In\u00edcio","item":"https:\/\/arte351.pt\/art\/"},{"@type":"ListItem","position":2,"name":"Ageas Cooljazz 2025 confirma Ezra Collective e Jordan Rakei"}]},{"@type":"WebSite","@id":"https:\/\/arte351.pt\/art\/#website","url":"https:\/\/arte351.pt\/art\/","name":"Arte351 - Art Magazine Portugal","description":"","publisher":{"@id":"https:\/\/arte351.pt\/art\/#organization"},"potentialAction":[{"@type":"SearchAction","target":{"@type":"EntryPoint","urlTemplate":"https:\/\/arte351.pt\/art\/?s={search_term_string}"},"query-input":{"@type":"PropertyValueSpecification","valueRequired":true,"valueName":"search_term_string"}}],"inLanguage":"pt-BR"},{"@type":"Organization","@id":"https:\/\/arte351.pt\/art\/#organization","name":"Arte351 - Art Magazine Portugal","url":"https:\/\/arte351.pt\/art\/","logo":{"@type":"ImageObject","inLanguage":"pt-BR","@id":"https:\/\/arte351.pt\/art\/#\/schema\/logo\/image\/","url":"https:\/\/arte351.pt\/art\/wp-content\/uploads\/2020\/03\/cropped-logo-arte351-color.png","contentUrl":"https:\/\/arte351.pt\/art\/wp-content\/uploads\/2020\/03\/cropped-logo-arte351-color.png","width":514,"height":200,"caption":"Arte351 - Art Magazine Portugal"},"image":{"@id":"https:\/\/arte351.pt\/art\/#\/schema\/logo\/image\/"},"sameAs":["https:\/\/www.facebook.com\/arte351magazine\/"]},{"@type":"Person","@id":"https:\/\/arte351.pt\/art\/#\/schema\/person\/1d081d5dbc7c2a3f2317da95c823a5bd","name":"Equipa Arte 351","image":{"@type":"ImageObject","inLanguage":"pt-BR","@id":"https:\/\/secure.gravatar.com\/avatar\/3f97e62c832ede8fafe5d2f9e31f8a055e187b6b31056d1e065d95e034db52e2?s=96&d=mm&r=g","url":"https:\/\/secure.gravatar.com\/avatar\/3f97e62c832ede8fafe5d2f9e31f8a055e187b6b31056d1e065d95e034db52e2?s=96&d=mm&r=g","contentUrl":"https:\/\/secure.gravatar.com\/avatar\/3f97e62c832ede8fafe5d2f9e31f8a055e187b6b31056d1e065d95e034db52e2?s=96&d=mm&r=g","caption":"Equipa Arte 351"},"url":"https:\/\/arte351.pt\/art\/author\/admin2\/"}]}},"_links":{"self":[{"href":"https:\/\/arte351.pt\/art\/wp-json\/wp\/v2\/posts\/9064","targetHints":{"allow":["GET"]}}],"collection":[{"href":"https:\/\/arte351.pt\/art\/wp-json\/wp\/v2\/posts"}],"about":[{"href":"https:\/\/arte351.pt\/art\/wp-json\/wp\/v2\/types\/post"}],"author":[{"embeddable":true,"href":"https:\/\/arte351.pt\/art\/wp-json\/wp\/v2\/users\/34415"}],"replies":[{"embeddable":true,"href":"https:\/\/arte351.pt\/art\/wp-json\/wp\/v2\/comments?post=9064"}],"version-history":[{"count":1,"href":"https:\/\/arte351.pt\/art\/wp-json\/wp\/v2\/posts\/9064\/revisions"}],"predecessor-version":[{"id":9065,"href":"https:\/\/arte351.pt\/art\/wp-json\/wp\/v2\/posts\/9064\/revisions\/9065"}],"wp:attachment":[{"href":"https:\/\/arte351.pt\/art\/wp-json\/wp\/v2\/media?parent=9064"}],"wp:term":[{"taxonomy":"category","embeddable":true,"href":"https:\/\/arte351.pt\/art\/wp-json\/wp\/v2\/categories?post=9064"},{"taxonomy":"post_tag","embeddable":true,"href":"https:\/\/arte351.pt\/art\/wp-json\/wp\/v2\/tags?post=9064"}],"curies":[{"name":"wp","href":"https:\/\/api.w.org\/{rel}","templated":true}]}}