{"id":9071,"date":"2025-02-01T23:55:10","date_gmt":"2025-02-01T23:55:10","guid":{"rendered":"https:\/\/arte351.pt\/art\/?p=9071"},"modified":"2025-02-05T23:57:34","modified_gmt":"2025-02-05T23:57:34","slug":"santa-bifana-chega-ao-mercado-bom-sucesso-e-em-fevereiro-ha-4-concertos-de-entrada-livre","status":"publish","type":"post","link":"https:\/\/arte351.pt\/art\/2025\/02\/01\/santa-bifana-chega-ao-mercado-bom-sucesso-e-em-fevereiro-ha-4-concertos-de-entrada-livre\/","title":{"rendered":"Santa Bifana chega ao Mercado Bom Sucesso (e em fevereiro h\u00e1 4 concertos de entrada livre)"},"content":{"rendered":"<p><strong>Este m\u00eas, h\u00e1 mais gastronomia para saborear no Mercado Bom Sucesso, concertos gratuitos e at\u00e9 uma atua\u00e7\u00e3o muito especial para celebrar no Dia dos Namorados<\/strong><\/p>\n<p><span>O Mercado Bom Sucesso, situado no cora\u00e7\u00e3o da vibrante zona da Boavista, continua a refor\u00e7ar a sua oferta gastron\u00f3mica com a chegada da\u00a0<\/span><strong>Santa Bifana<\/strong><span>, um novo espa\u00e7o dedicado \u00e0 ic\u00f3nica bifana portuguesa. Criado pelo prestigiado Grupo Cufra, refer\u00eancia na restaura\u00e7\u00e3o desde 1974, este conceito promete conquistar os amantes da gastronomia tradicional com um toque irresist\u00edvel. A par desta novidade, o mercado recebe mais uma edi\u00e7\u00e3o da iniciativa &#8220;H\u00e1 M\u00fasica no Mercado!&#8221;, um programa diversificado que traz ainda mais vida e ritmo \u00e0s noites de fevereiro.<\/span><br \/>\n<span>\u00a0<\/span><br \/>\n<span>A Santa Bifana apresenta-se como um destino obrigat\u00f3rio para quem procura uma experi\u00eancia gastron\u00f3mica aut\u00eantica e indulgente. Cada bifana \u00e9 confecionada, na hora, com carne tenra e suculenta, mergulhada num molho rico e arom\u00e1tico, resultando em sabores que fazem jus \u00e0 tradi\u00e7\u00e3o. O menu inclui propostas como a bifana \u00e0 moda do Porto, a gratinada com queijo ou a bifana com batata pala-pala, acompanhadas por petiscos irresist\u00edveis. Al\u00e9m disso, h\u00e1 ainda op\u00e7\u00f5es como a T\u00e1bua \u00e0 Santa, a codorniz crocante, as espetadinhas suculentas e as tapas repletas de sabor. Para complementar a refei\u00e7\u00e3o, est\u00e1 tamb\u00e9m dispon\u00edvel caldo verde, ideal para acompanhar cada bifana. Para quem prefere alternativas vegetarianas, o menu inclui ainda uma bifana vegetariana. Localizado no piso 0 do Mercado, de frente para o Hotel da M\u00fasica, este novo espa\u00e7o funciona todos os dias da semana, sempre pronto para satisfazer os paladares mais exigentes.<\/span><br \/>\n<span>\u00a0<\/span><br \/>\n<span>Al\u00e9m das novidades gastron\u00f3micas, fevereiro ser\u00e1 um m\u00eas de cultura vibrante com a programa\u00e7\u00e3o\u00a0<\/span><strong>&#8220;H\u00e1 M\u00fasica no Mercado!&#8221;<\/strong><span>\u00a0de volta, com atua\u00e7\u00f5es sempre \u00e0s\u00a0<\/span><strong>20h<\/strong><span>. No dia\u00a0<\/span><strong>5 de fevereiro<\/strong><span>, o duo\u00a0<\/span><strong>Chick\u2019n\u2019swings<\/strong><span>, composto por Gabriela Couto na voz e teclado e Sara Ribeiro no baixo el\u00e9trico, traz ao mercado uma fus\u00e3o envolvente de pop e jazz, com interpreta\u00e7\u00f5es \u00fanicas de cl\u00e1ssicos como &#8220;I Will Survive&#8221;, &#8220;You Know I&#8217;m No Good&#8221;, &#8220;Stayin&#8217; Alive&#8221; e &#8220;All About That Bass&#8221;.<\/span><br \/>\n<span>\u00a0<\/span><br \/>\n<span>No dia\u00a0<\/span><strong>14 de fevereiro<\/strong><span>, o Mercado veste-se de romance para celebrar o\u00a0<\/span><strong>Dia dos Namorados<\/strong><span>\u00a0ao som do projeto\u00a0<\/span><strong>FirstLight<\/strong><span>, que promete um ambiente intimista e memor\u00e1vel para apaixonados e para todos os que apreciam boa m\u00fasica.<\/span><br \/>\n<span>\u00a0<\/span><br \/>\n<span>No dia\u00a0<\/span><strong>18 de fevereiro<\/strong><span>, o\u00a0<\/span><strong>DJ Emanuel<\/strong><span>, um verdadeiro mestre da pista, comemora os seus 35 anos de carreira com um set eletrizante de house music, transformando o Mercado numa verdadeira festa\u00a0No dia\u00a0<\/span><strong>26 de fevereiro<\/strong><span>,\u00a0<\/span><strong>Davi Santiago<\/strong><span>\u00a0apresenta o projeto &#8220;Esquissos de Tempo&#8221;, um EP de ess\u00eancia filos\u00f3fica e po\u00e9tica, inspirado em grandes nomes da M\u00fasica Popular Brasileira, como Caetano Veloso, Vin\u00edcius de Moraes, Tim Bernardes e Milton Nascimento. Apenas com guitarra ac\u00fastica e voz, o artista promete uma viagem emotiva pelos sons e palavras que marcam gera\u00e7\u00f5es.<\/span><br \/>\n<span>\u00a0<\/span><br \/>\n<span>Nos \u00faltimos meses, o Mercado Bom Sucesso tem-se afirmado como um polo gastron\u00f3mico vibrante, com a chegada de conceitos inovadores como as Piadinas da Neuza, A Galinha do Mercado, Surf &amp; Turf e A-Lapa-Te, refor\u00e7ando a sua aposta na diversidade e na qualidade.<\/span><br \/>\n<span>\u00a0<\/span><br \/>\n<span>Seja para degustar uma bifana deliciosa e suculenta, para brindar ao amor no Dia dos Namorados ou para desfrutar de uma noite de m\u00fasica envolvente e ritmada, fevereiro promete ser um m\u00eas de sabores e experi\u00eancias\u00a0<\/span><strong>inesquec\u00edveis no Mercado Bom Sucesso.<\/strong><\/p>\n","protected":false},"excerpt":{"rendered":"<p>Este m\u00eas, h\u00e1 mais gastronomia para saborear no Mercado Bom Sucesso, concertos gratuitos e at\u00e9 uma atua\u00e7\u00e3o muito especial para celebrar no Dia dos Namorados O Mercado Bom Sucesso, situado [&hellip;]<\/p>\n","protected":false},"author":34415,"featured_media":0,"comment_status":"closed","ping_status":"closed","sticky":false,"template":"","format":"standard","meta":{"_exactmetrics_skip_tracking":false,"_exactmetrics_sitenote_active":false,"_exactmetrics_sitenote_note":"","_exactmetrics_sitenote_category":0,"_uf_show_specific_survey":0,"_uf_disable_surveys":false,"footnotes":""},"categories":[1],"tags":[],"class_list":["post-9071","post","type-post","status-publish","format-standard","hentry","category-sem-categoria"],"yoast_head":"<!-- This site is optimized with the Yoast SEO plugin v27.3 - https:\/\/yoast.com\/product\/yoast-seo-wordpress\/ -->\n<title>Santa Bifana chega ao Mercado Bom Sucesso (e em fevereiro h\u00e1 4 concertos de entrada livre)<\/title>\n<meta name=\"description\" content=\"Santa Bifana apresenta-se como um destino obrigat\u00f3rio para quem procura uma experi\u00eancia gastron\u00f3mica aut\u00eantica\" \/>\n<meta name=\"robots\" content=\"index, follow, max-snippet:-1, max-image-preview:large, max-video-preview:-1\" \/>\n<link rel=\"canonical\" href=\"https:\/\/arte351.pt\/art\/2025\/02\/01\/santa-bifana-chega-ao-mercado-bom-sucesso-e-em-fevereiro-ha-4-concertos-de-entrada-livre\/\" \/>\n<meta property=\"og:locale\" content=\"pt_BR\" \/>\n<meta property=\"og:type\" content=\"article\" \/>\n<meta property=\"og:title\" content=\"Santa Bifana chega ao Mercado Bom Sucesso (e em fevereiro h\u00e1 4 concertos de entrada livre)\" \/>\n<meta property=\"og:description\" content=\"Santa Bifana apresenta-se como um destino obrigat\u00f3rio para quem procura uma experi\u00eancia gastron\u00f3mica aut\u00eantica\" \/>\n<meta property=\"og:url\" content=\"https:\/\/arte351.pt\/art\/2025\/02\/01\/santa-bifana-chega-ao-mercado-bom-sucesso-e-em-fevereiro-ha-4-concertos-de-entrada-livre\/\" \/>\n<meta property=\"og:site_name\" content=\"Arte351 - Art Magazine Portugal\" \/>\n<meta property=\"article:publisher\" content=\"https:\/\/www.facebook.com\/arte351magazine\/\" \/>\n<meta property=\"article:published_time\" content=\"2025-02-01T23:55:10+00:00\" \/>\n<meta property=\"article:modified_time\" content=\"2025-02-05T23:57:34+00:00\" \/>\n<meta name=\"author\" content=\"Equipa Arte 351\" \/>\n<meta name=\"twitter:label1\" content=\"Escrito por\" \/>\n\t<meta name=\"twitter:data1\" content=\"Equipa Arte 351\" \/>\n\t<meta name=\"twitter:label2\" content=\"Est. tempo de leitura\" \/>\n\t<meta name=\"twitter:data2\" content=\"4 minutos\" \/>\n<script type=\"application\/ld+json\" class=\"yoast-schema-graph\">{\"@context\":\"https:\\\/\\\/schema.org\",\"@graph\":[{\"@type\":\"Article\",\"@id\":\"https:\\\/\\\/arte351.pt\\\/art\\\/2025\\\/02\\\/01\\\/santa-bifana-chega-ao-mercado-bom-sucesso-e-em-fevereiro-ha-4-concertos-de-entrada-livre\\\/#article\",\"isPartOf\":{\"@id\":\"https:\\\/\\\/arte351.pt\\\/art\\\/2025\\\/02\\\/01\\\/santa-bifana-chega-ao-mercado-bom-sucesso-e-em-fevereiro-ha-4-concertos-de-entrada-livre\\\/\"},\"author\":{\"name\":\"Equipa Arte 351\",\"@id\":\"https:\\\/\\\/arte351.pt\\\/art\\\/#\\\/schema\\\/person\\\/1d081d5dbc7c2a3f2317da95c823a5bd\"},\"headline\":\"Santa Bifana chega ao Mercado Bom Sucesso (e em fevereiro h\u00e1 4 concertos de entrada livre)\",\"datePublished\":\"2025-02-01T23:55:10+00:00\",\"dateModified\":\"2025-02-05T23:57:34+00:00\",\"mainEntityOfPage\":{\"@id\":\"https:\\\/\\\/arte351.pt\\\/art\\\/2025\\\/02\\\/01\\\/santa-bifana-chega-ao-mercado-bom-sucesso-e-em-fevereiro-ha-4-concertos-de-entrada-livre\\\/\"},\"wordCount\":604,\"publisher\":{\"@id\":\"https:\\\/\\\/arte351.pt\\\/art\\\/#organization\"},\"articleSection\":[\"Blog ARTE-351\"],\"inLanguage\":\"pt-BR\"},{\"@type\":\"WebPage\",\"@id\":\"https:\\\/\\\/arte351.pt\\\/art\\\/2025\\\/02\\\/01\\\/santa-bifana-chega-ao-mercado-bom-sucesso-e-em-fevereiro-ha-4-concertos-de-entrada-livre\\\/\",\"url\":\"https:\\\/\\\/arte351.pt\\\/art\\\/2025\\\/02\\\/01\\\/santa-bifana-chega-ao-mercado-bom-sucesso-e-em-fevereiro-ha-4-concertos-de-entrada-livre\\\/\",\"name\":\"Santa Bifana chega ao Mercado Bom Sucesso (e em fevereiro h\u00e1 4 concertos de entrada livre)\",\"isPartOf\":{\"@id\":\"https:\\\/\\\/arte351.pt\\\/art\\\/#website\"},\"datePublished\":\"2025-02-01T23:55:10+00:00\",\"dateModified\":\"2025-02-05T23:57:34+00:00\",\"description\":\"Santa Bifana apresenta-se como um destino obrigat\u00f3rio para quem procura uma experi\u00eancia gastron\u00f3mica aut\u00eantica\",\"breadcrumb\":{\"@id\":\"https:\\\/\\\/arte351.pt\\\/art\\\/2025\\\/02\\\/01\\\/santa-bifana-chega-ao-mercado-bom-sucesso-e-em-fevereiro-ha-4-concertos-de-entrada-livre\\\/#breadcrumb\"},\"inLanguage\":\"pt-BR\",\"potentialAction\":[{\"@type\":\"ReadAction\",\"target\":[\"https:\\\/\\\/arte351.pt\\\/art\\\/2025\\\/02\\\/01\\\/santa-bifana-chega-ao-mercado-bom-sucesso-e-em-fevereiro-ha-4-concertos-de-entrada-livre\\\/\"]}]},{\"@type\":\"BreadcrumbList\",\"@id\":\"https:\\\/\\\/arte351.pt\\\/art\\\/2025\\\/02\\\/01\\\/santa-bifana-chega-ao-mercado-bom-sucesso-e-em-fevereiro-ha-4-concertos-de-entrada-livre\\\/#breadcrumb\",\"itemListElement\":[{\"@type\":\"ListItem\",\"position\":1,\"name\":\"In\u00edcio\",\"item\":\"https:\\\/\\\/arte351.pt\\\/art\\\/\"},{\"@type\":\"ListItem\",\"position\":2,\"name\":\"Santa Bifana chega ao Mercado Bom Sucesso (e em fevereiro h\u00e1 4 concertos de entrada livre)\"}]},{\"@type\":\"WebSite\",\"@id\":\"https:\\\/\\\/arte351.pt\\\/art\\\/#website\",\"url\":\"https:\\\/\\\/arte351.pt\\\/art\\\/\",\"name\":\"Arte351 - Art Magazine Portugal\",\"description\":\"\",\"publisher\":{\"@id\":\"https:\\\/\\\/arte351.pt\\\/art\\\/#organization\"},\"potentialAction\":[{\"@type\":\"SearchAction\",\"target\":{\"@type\":\"EntryPoint\",\"urlTemplate\":\"https:\\\/\\\/arte351.pt\\\/art\\\/?s={search_term_string}\"},\"query-input\":{\"@type\":\"PropertyValueSpecification\",\"valueRequired\":true,\"valueName\":\"search_term_string\"}}],\"inLanguage\":\"pt-BR\"},{\"@type\":\"Organization\",\"@id\":\"https:\\\/\\\/arte351.pt\\\/art\\\/#organization\",\"name\":\"Arte351 - Art Magazine Portugal\",\"url\":\"https:\\\/\\\/arte351.pt\\\/art\\\/\",\"logo\":{\"@type\":\"ImageObject\",\"inLanguage\":\"pt-BR\",\"@id\":\"https:\\\/\\\/arte351.pt\\\/art\\\/#\\\/schema\\\/logo\\\/image\\\/\",\"url\":\"https:\\\/\\\/arte351.pt\\\/art\\\/wp-content\\\/uploads\\\/2020\\\/03\\\/cropped-logo-arte351-color.png\",\"contentUrl\":\"https:\\\/\\\/arte351.pt\\\/art\\\/wp-content\\\/uploads\\\/2020\\\/03\\\/cropped-logo-arte351-color.png\",\"width\":514,\"height\":200,\"caption\":\"Arte351 - Art Magazine Portugal\"},\"image\":{\"@id\":\"https:\\\/\\\/arte351.pt\\\/art\\\/#\\\/schema\\\/logo\\\/image\\\/\"},\"sameAs\":[\"https:\\\/\\\/www.facebook.com\\\/arte351magazine\\\/\"]},{\"@type\":\"Person\",\"@id\":\"https:\\\/\\\/arte351.pt\\\/art\\\/#\\\/schema\\\/person\\\/1d081d5dbc7c2a3f2317da95c823a5bd\",\"name\":\"Equipa Arte 351\",\"image\":{\"@type\":\"ImageObject\",\"inLanguage\":\"pt-BR\",\"@id\":\"https:\\\/\\\/secure.gravatar.com\\\/avatar\\\/3f97e62c832ede8fafe5d2f9e31f8a055e187b6b31056d1e065d95e034db52e2?s=96&d=mm&r=g\",\"url\":\"https:\\\/\\\/secure.gravatar.com\\\/avatar\\\/3f97e62c832ede8fafe5d2f9e31f8a055e187b6b31056d1e065d95e034db52e2?s=96&d=mm&r=g\",\"contentUrl\":\"https:\\\/\\\/secure.gravatar.com\\\/avatar\\\/3f97e62c832ede8fafe5d2f9e31f8a055e187b6b31056d1e065d95e034db52e2?s=96&d=mm&r=g\",\"caption\":\"Equipa Arte 351\"},\"url\":\"https:\\\/\\\/arte351.pt\\\/art\\\/author\\\/admin2\\\/\"}]}<\/script>\n<!-- \/ Yoast SEO plugin. -->","yoast_head_json":{"title":"Santa Bifana chega ao Mercado Bom Sucesso (e em fevereiro h\u00e1 4 concertos de entrada livre)","description":"Santa Bifana apresenta-se como um destino obrigat\u00f3rio para quem procura uma experi\u00eancia gastron\u00f3mica aut\u00eantica","robots":{"index":"index","follow":"follow","max-snippet":"max-snippet:-1","max-image-preview":"max-image-preview:large","max-video-preview":"max-video-preview:-1"},"canonical":"https:\/\/arte351.pt\/art\/2025\/02\/01\/santa-bifana-chega-ao-mercado-bom-sucesso-e-em-fevereiro-ha-4-concertos-de-entrada-livre\/","og_locale":"pt_BR","og_type":"article","og_title":"Santa Bifana chega ao Mercado Bom Sucesso (e em fevereiro h\u00e1 4 concertos de entrada livre)","og_description":"Santa Bifana apresenta-se como um destino obrigat\u00f3rio para quem procura uma experi\u00eancia gastron\u00f3mica aut\u00eantica","og_url":"https:\/\/arte351.pt\/art\/2025\/02\/01\/santa-bifana-chega-ao-mercado-bom-sucesso-e-em-fevereiro-ha-4-concertos-de-entrada-livre\/","og_site_name":"Arte351 - Art Magazine Portugal","article_publisher":"https:\/\/www.facebook.com\/arte351magazine\/","article_published_time":"2025-02-01T23:55:10+00:00","article_modified_time":"2025-02-05T23:57:34+00:00","author":"Equipa Arte 351","twitter_misc":{"Escrito por":"Equipa Arte 351","Est. tempo de leitura":"4 minutos"},"schema":{"@context":"https:\/\/schema.org","@graph":[{"@type":"Article","@id":"https:\/\/arte351.pt\/art\/2025\/02\/01\/santa-bifana-chega-ao-mercado-bom-sucesso-e-em-fevereiro-ha-4-concertos-de-entrada-livre\/#article","isPartOf":{"@id":"https:\/\/arte351.pt\/art\/2025\/02\/01\/santa-bifana-chega-ao-mercado-bom-sucesso-e-em-fevereiro-ha-4-concertos-de-entrada-livre\/"},"author":{"name":"Equipa Arte 351","@id":"https:\/\/arte351.pt\/art\/#\/schema\/person\/1d081d5dbc7c2a3f2317da95c823a5bd"},"headline":"Santa Bifana chega ao Mercado Bom Sucesso (e em fevereiro h\u00e1 4 concertos de entrada livre)","datePublished":"2025-02-01T23:55:10+00:00","dateModified":"2025-02-05T23:57:34+00:00","mainEntityOfPage":{"@id":"https:\/\/arte351.pt\/art\/2025\/02\/01\/santa-bifana-chega-ao-mercado-bom-sucesso-e-em-fevereiro-ha-4-concertos-de-entrada-livre\/"},"wordCount":604,"publisher":{"@id":"https:\/\/arte351.pt\/art\/#organization"},"articleSection":["Blog ARTE-351"],"inLanguage":"pt-BR"},{"@type":"WebPage","@id":"https:\/\/arte351.pt\/art\/2025\/02\/01\/santa-bifana-chega-ao-mercado-bom-sucesso-e-em-fevereiro-ha-4-concertos-de-entrada-livre\/","url":"https:\/\/arte351.pt\/art\/2025\/02\/01\/santa-bifana-chega-ao-mercado-bom-sucesso-e-em-fevereiro-ha-4-concertos-de-entrada-livre\/","name":"Santa Bifana chega ao Mercado Bom Sucesso (e em fevereiro h\u00e1 4 concertos de entrada livre)","isPartOf":{"@id":"https:\/\/arte351.pt\/art\/#website"},"datePublished":"2025-02-01T23:55:10+00:00","dateModified":"2025-02-05T23:57:34+00:00","description":"Santa Bifana apresenta-se como um destino obrigat\u00f3rio para quem procura uma experi\u00eancia gastron\u00f3mica aut\u00eantica","breadcrumb":{"@id":"https:\/\/arte351.pt\/art\/2025\/02\/01\/santa-bifana-chega-ao-mercado-bom-sucesso-e-em-fevereiro-ha-4-concertos-de-entrada-livre\/#breadcrumb"},"inLanguage":"pt-BR","potentialAction":[{"@type":"ReadAction","target":["https:\/\/arte351.pt\/art\/2025\/02\/01\/santa-bifana-chega-ao-mercado-bom-sucesso-e-em-fevereiro-ha-4-concertos-de-entrada-livre\/"]}]},{"@type":"BreadcrumbList","@id":"https:\/\/arte351.pt\/art\/2025\/02\/01\/santa-bifana-chega-ao-mercado-bom-sucesso-e-em-fevereiro-ha-4-concertos-de-entrada-livre\/#breadcrumb","itemListElement":[{"@type":"ListItem","position":1,"name":"In\u00edcio","item":"https:\/\/arte351.pt\/art\/"},{"@type":"ListItem","position":2,"name":"Santa Bifana chega ao Mercado Bom Sucesso (e em fevereiro h\u00e1 4 concertos de entrada livre)"}]},{"@type":"WebSite","@id":"https:\/\/arte351.pt\/art\/#website","url":"https:\/\/arte351.pt\/art\/","name":"Arte351 - Art Magazine Portugal","description":"","publisher":{"@id":"https:\/\/arte351.pt\/art\/#organization"},"potentialAction":[{"@type":"SearchAction","target":{"@type":"EntryPoint","urlTemplate":"https:\/\/arte351.pt\/art\/?s={search_term_string}"},"query-input":{"@type":"PropertyValueSpecification","valueRequired":true,"valueName":"search_term_string"}}],"inLanguage":"pt-BR"},{"@type":"Organization","@id":"https:\/\/arte351.pt\/art\/#organization","name":"Arte351 - Art Magazine Portugal","url":"https:\/\/arte351.pt\/art\/","logo":{"@type":"ImageObject","inLanguage":"pt-BR","@id":"https:\/\/arte351.pt\/art\/#\/schema\/logo\/image\/","url":"https:\/\/arte351.pt\/art\/wp-content\/uploads\/2020\/03\/cropped-logo-arte351-color.png","contentUrl":"https:\/\/arte351.pt\/art\/wp-content\/uploads\/2020\/03\/cropped-logo-arte351-color.png","width":514,"height":200,"caption":"Arte351 - Art Magazine Portugal"},"image":{"@id":"https:\/\/arte351.pt\/art\/#\/schema\/logo\/image\/"},"sameAs":["https:\/\/www.facebook.com\/arte351magazine\/"]},{"@type":"Person","@id":"https:\/\/arte351.pt\/art\/#\/schema\/person\/1d081d5dbc7c2a3f2317da95c823a5bd","name":"Equipa Arte 351","image":{"@type":"ImageObject","inLanguage":"pt-BR","@id":"https:\/\/secure.gravatar.com\/avatar\/3f97e62c832ede8fafe5d2f9e31f8a055e187b6b31056d1e065d95e034db52e2?s=96&d=mm&r=g","url":"https:\/\/secure.gravatar.com\/avatar\/3f97e62c832ede8fafe5d2f9e31f8a055e187b6b31056d1e065d95e034db52e2?s=96&d=mm&r=g","contentUrl":"https:\/\/secure.gravatar.com\/avatar\/3f97e62c832ede8fafe5d2f9e31f8a055e187b6b31056d1e065d95e034db52e2?s=96&d=mm&r=g","caption":"Equipa Arte 351"},"url":"https:\/\/arte351.pt\/art\/author\/admin2\/"}]}},"_links":{"self":[{"href":"https:\/\/arte351.pt\/art\/wp-json\/wp\/v2\/posts\/9071","targetHints":{"allow":["GET"]}}],"collection":[{"href":"https:\/\/arte351.pt\/art\/wp-json\/wp\/v2\/posts"}],"about":[{"href":"https:\/\/arte351.pt\/art\/wp-json\/wp\/v2\/types\/post"}],"author":[{"embeddable":true,"href":"https:\/\/arte351.pt\/art\/wp-json\/wp\/v2\/users\/34415"}],"replies":[{"embeddable":true,"href":"https:\/\/arte351.pt\/art\/wp-json\/wp\/v2\/comments?post=9071"}],"version-history":[{"count":1,"href":"https:\/\/arte351.pt\/art\/wp-json\/wp\/v2\/posts\/9071\/revisions"}],"predecessor-version":[{"id":9072,"href":"https:\/\/arte351.pt\/art\/wp-json\/wp\/v2\/posts\/9071\/revisions\/9072"}],"wp:attachment":[{"href":"https:\/\/arte351.pt\/art\/wp-json\/wp\/v2\/media?parent=9071"}],"wp:term":[{"taxonomy":"category","embeddable":true,"href":"https:\/\/arte351.pt\/art\/wp-json\/wp\/v2\/categories?post=9071"},{"taxonomy":"post_tag","embeddable":true,"href":"https:\/\/arte351.pt\/art\/wp-json\/wp\/v2\/tags?post=9071"}],"curies":[{"name":"wp","href":"https:\/\/api.w.org\/{rel}","templated":true}]}}