{"id":9113,"date":"2025-02-11T17:30:54","date_gmt":"2025-02-11T17:30:54","guid":{"rendered":"https:\/\/arte351.pt\/art\/?p=9113"},"modified":"2025-02-17T17:31:28","modified_gmt":"2025-02-17T17:31:28","slug":"tradidancas-2025-festival-de-tradicoes-danca-musica-e-natureza","status":"publish","type":"post","link":"https:\/\/arte351.pt\/art\/2025\/02\/11\/tradidancas-2025-festival-de-tradicoes-danca-musica-e-natureza\/","title":{"rendered":"Tradidan\u00e7as 2025: Festival de Tradi\u00e7\u00f5es, Dan\u00e7a, M\u00fasica e Natureza"},"content":{"rendered":"<p><span>O\u00a0<\/span><span><strong>Tradidan\u00e7as \u2013 Festival de Tradi\u00e7\u00f5es, Dan\u00e7a, M\u00fasica e Natureza<\/strong><\/span><span>\u00a0regressa a Carvalhais, S\u00e3o Pedro do Sul, para a sua s\u00e9tima edi\u00e7\u00e3o, a decorrer entre os dias\u00a0<\/span><strong>30 de julho e 3 de agosto<\/strong><span>. A organiza\u00e7\u00e3o anunciar\u00e1 brevemente a programa\u00e7\u00e3o, assim como outras novidades, mas os bilhetes j\u00e1 se encontram dispon\u00edveis para venda, com campismo inclu\u00eddo no pre\u00e7o e diferentes fases de aquisi\u00e7\u00e3o. \u00a0<\/span><\/p>\n<p><span>Organizado pela\u00a0<\/span><strong>Associa\u00e7\u00e3o Tur\u00edstica e Agr\u00edcola da Serra da Arada<\/strong><span>\u00a0(ATASA) em parceria com o\u00a0<\/span><strong>Munic\u00edpio de S\u00e3o Pedro do Sul<\/strong><span>, o\u00a0<\/span><strong>Tradidan\u00e7as<\/strong><span>\u00a0distingue-se pela forma como une m\u00fasica, dan\u00e7a, tradi\u00e7\u00e3o e natureza, promovendo um festival de cariz participativo e para todas as idades. Entre concertos, oficinas, conversas e experi\u00eancias imersivas, o evento re\u00fane m\u00fasicos, dan\u00e7arinos, artes\u00e3os e comunidades locais, promovendo a valoriza\u00e7\u00e3o do patrim\u00f3nio cultural e ambiental. \u00a0<\/span><\/p>\n<p><span>Na edi\u00e7\u00e3o de 2024, o festival contou com mais de 60 concertos, 71 atividades infantis e intergeracionais, 33 sess\u00f5es de desenvolvimento pessoal e perto de 70 oficinas de dan\u00e7a, estendendo-se para al\u00e9m do recinto do festival, com atividades em espa\u00e7os como a igreja e a eira. O evento integra ainda o\u00a0<\/span><strong>Laborat\u00f3rio da Tradi\u00e7\u00e3o<\/strong><span>, um espa\u00e7o de partilha e investiga\u00e7\u00e3o em torno das pr\u00e1ticas culturais do territ\u00f3rio, oficinas de instrumentos musicais, viagens de natureza e viagens de tradi\u00e7\u00e3o, com as comunidades locais no centro da experi\u00eancia. \u00a0<\/span><\/p>\n<p><span>A sustentabilidade, a inclus\u00e3o e a participa\u00e7\u00e3o ativa do p\u00fablico s\u00e3o princ\u00edpios que continuam a definir o\u00a0<\/span><strong>Tradidan\u00e7as<\/strong><span>, que, mais do que um festival, se afirma como um espa\u00e7o de celebra\u00e7\u00e3o da identidade, do encontro e da liga\u00e7\u00e3o \u00e0 terra. \u00a0<\/span><\/p>\n<p><span>Os bilhetes j\u00e1 se encontram dispon\u00edveis para compra\u00a0<\/span><span><strong>online<\/strong><\/span><span>, atrav\u00e9s do site do\u00a0<\/span><span><strong>Tradidan\u00e7as<\/strong><\/span><span>, e podem tamb\u00e9m ser adquiridos nos pontos de venda f\u00edsicos no\u00a0<\/span><strong>Posto de Turismo das Termas de S\u00e3o Pedro do Sul<\/strong><span>, no\u00a0<\/span><strong>Posto de Turismo de S\u00e3o Pedro do Sul<span>\u00a0<\/span><\/strong><span>e na\u00a0<\/span><strong>Biblioteca Municipal de S\u00e3o Pedro do Sul\u00a0(Centro Cultural de S\u00e3o Pedro do Sul)<\/strong><span>. Durante o decorrer do festival, os bilhetes estar\u00e3o ainda dispon\u00edveis presencialmente na\u00a0<\/span><strong>bilheteira do evento<\/strong><span>, mediante disponibilidade.<\/span><\/p>\n","protected":false},"excerpt":{"rendered":"<p>O\u00a0Tradidan\u00e7as \u2013 Festival de Tradi\u00e7\u00f5es, Dan\u00e7a, M\u00fasica e Natureza\u00a0regressa a Carvalhais, S\u00e3o Pedro do Sul, para a sua s\u00e9tima edi\u00e7\u00e3o, a decorrer entre os dias\u00a030 de julho e 3 de [&hellip;]<\/p>\n","protected":false},"author":34415,"featured_media":0,"comment_status":"closed","ping_status":"closed","sticky":false,"template":"","format":"standard","meta":{"_exactmetrics_skip_tracking":false,"_exactmetrics_sitenote_active":false,"_exactmetrics_sitenote_note":"","_exactmetrics_sitenote_category":0,"_uf_show_specific_survey":0,"_uf_disable_surveys":false,"footnotes":""},"categories":[1],"tags":[],"class_list":["post-9113","post","type-post","status-publish","format-standard","hentry","category-sem-categoria"],"yoast_head":"<!-- This site is optimized with the Yoast SEO plugin v27.3 - https:\/\/yoast.com\/product\/yoast-seo-wordpress\/ -->\n<title>Tradidan\u00e7as 2025: Festival de Tradi\u00e7\u00f5es, Dan\u00e7a, M\u00fasica e Natureza - Arte351 - Art Magazine Portugal<\/title>\n<meta name=\"robots\" content=\"index, follow, max-snippet:-1, max-image-preview:large, max-video-preview:-1\" \/>\n<link rel=\"canonical\" href=\"https:\/\/arte351.pt\/art\/2025\/02\/11\/tradidancas-2025-festival-de-tradicoes-danca-musica-e-natureza\/\" \/>\n<meta property=\"og:locale\" content=\"pt_BR\" \/>\n<meta property=\"og:type\" content=\"article\" \/>\n<meta property=\"og:title\" content=\"Tradidan\u00e7as 2025: Festival de Tradi\u00e7\u00f5es, Dan\u00e7a, M\u00fasica e Natureza - Arte351 - Art Magazine Portugal\" \/>\n<meta property=\"og:description\" content=\"O\u00a0Tradidan\u00e7as \u2013 Festival de Tradi\u00e7\u00f5es, Dan\u00e7a, M\u00fasica e Natureza\u00a0regressa a Carvalhais, S\u00e3o Pedro do Sul, para a sua s\u00e9tima edi\u00e7\u00e3o, a decorrer entre os dias\u00a030 de julho e 3 de [&hellip;]\" \/>\n<meta property=\"og:url\" content=\"https:\/\/arte351.pt\/art\/2025\/02\/11\/tradidancas-2025-festival-de-tradicoes-danca-musica-e-natureza\/\" \/>\n<meta property=\"og:site_name\" content=\"Arte351 - Art Magazine Portugal\" \/>\n<meta property=\"article:publisher\" content=\"https:\/\/www.facebook.com\/arte351magazine\/\" \/>\n<meta property=\"article:published_time\" content=\"2025-02-11T17:30:54+00:00\" \/>\n<meta property=\"article:modified_time\" content=\"2025-02-17T17:31:28+00:00\" \/>\n<meta name=\"author\" content=\"Equipa Arte 351\" \/>\n<meta name=\"twitter:label1\" content=\"Escrito por\" \/>\n\t<meta name=\"twitter:data1\" content=\"Equipa Arte 351\" \/>\n\t<meta name=\"twitter:label2\" content=\"Est. tempo de leitura\" \/>\n\t<meta name=\"twitter:data2\" content=\"2 minutos\" \/>\n<script type=\"application\/ld+json\" class=\"yoast-schema-graph\">{\"@context\":\"https:\\\/\\\/schema.org\",\"@graph\":[{\"@type\":\"Article\",\"@id\":\"https:\\\/\\\/arte351.pt\\\/art\\\/2025\\\/02\\\/11\\\/tradidancas-2025-festival-de-tradicoes-danca-musica-e-natureza\\\/#article\",\"isPartOf\":{\"@id\":\"https:\\\/\\\/arte351.pt\\\/art\\\/2025\\\/02\\\/11\\\/tradidancas-2025-festival-de-tradicoes-danca-musica-e-natureza\\\/\"},\"author\":{\"name\":\"Equipa Arte 351\",\"@id\":\"https:\\\/\\\/arte351.pt\\\/art\\\/#\\\/schema\\\/person\\\/1d081d5dbc7c2a3f2317da95c823a5bd\"},\"headline\":\"Tradidan\u00e7as 2025: Festival de Tradi\u00e7\u00f5es, Dan\u00e7a, M\u00fasica e Natureza\",\"datePublished\":\"2025-02-11T17:30:54+00:00\",\"dateModified\":\"2025-02-17T17:31:28+00:00\",\"mainEntityOfPage\":{\"@id\":\"https:\\\/\\\/arte351.pt\\\/art\\\/2025\\\/02\\\/11\\\/tradidancas-2025-festival-de-tradicoes-danca-musica-e-natureza\\\/\"},\"wordCount\":399,\"publisher\":{\"@id\":\"https:\\\/\\\/arte351.pt\\\/art\\\/#organization\"},\"articleSection\":[\"Blog ARTE-351\"],\"inLanguage\":\"pt-BR\"},{\"@type\":\"WebPage\",\"@id\":\"https:\\\/\\\/arte351.pt\\\/art\\\/2025\\\/02\\\/11\\\/tradidancas-2025-festival-de-tradicoes-danca-musica-e-natureza\\\/\",\"url\":\"https:\\\/\\\/arte351.pt\\\/art\\\/2025\\\/02\\\/11\\\/tradidancas-2025-festival-de-tradicoes-danca-musica-e-natureza\\\/\",\"name\":\"Tradidan\u00e7as 2025: Festival de Tradi\u00e7\u00f5es, Dan\u00e7a, M\u00fasica e Natureza - Arte351 - Art Magazine Portugal\",\"isPartOf\":{\"@id\":\"https:\\\/\\\/arte351.pt\\\/art\\\/#website\"},\"datePublished\":\"2025-02-11T17:30:54+00:00\",\"dateModified\":\"2025-02-17T17:31:28+00:00\",\"breadcrumb\":{\"@id\":\"https:\\\/\\\/arte351.pt\\\/art\\\/2025\\\/02\\\/11\\\/tradidancas-2025-festival-de-tradicoes-danca-musica-e-natureza\\\/#breadcrumb\"},\"inLanguage\":\"pt-BR\",\"potentialAction\":[{\"@type\":\"ReadAction\",\"target\":[\"https:\\\/\\\/arte351.pt\\\/art\\\/2025\\\/02\\\/11\\\/tradidancas-2025-festival-de-tradicoes-danca-musica-e-natureza\\\/\"]}]},{\"@type\":\"BreadcrumbList\",\"@id\":\"https:\\\/\\\/arte351.pt\\\/art\\\/2025\\\/02\\\/11\\\/tradidancas-2025-festival-de-tradicoes-danca-musica-e-natureza\\\/#breadcrumb\",\"itemListElement\":[{\"@type\":\"ListItem\",\"position\":1,\"name\":\"In\u00edcio\",\"item\":\"https:\\\/\\\/arte351.pt\\\/art\\\/\"},{\"@type\":\"ListItem\",\"position\":2,\"name\":\"Tradidan\u00e7as 2025: Festival de Tradi\u00e7\u00f5es, Dan\u00e7a, M\u00fasica e Natureza\"}]},{\"@type\":\"WebSite\",\"@id\":\"https:\\\/\\\/arte351.pt\\\/art\\\/#website\",\"url\":\"https:\\\/\\\/arte351.pt\\\/art\\\/\",\"name\":\"Arte351 - Art Magazine Portugal\",\"description\":\"\",\"publisher\":{\"@id\":\"https:\\\/\\\/arte351.pt\\\/art\\\/#organization\"},\"potentialAction\":[{\"@type\":\"SearchAction\",\"target\":{\"@type\":\"EntryPoint\",\"urlTemplate\":\"https:\\\/\\\/arte351.pt\\\/art\\\/?s={search_term_string}\"},\"query-input\":{\"@type\":\"PropertyValueSpecification\",\"valueRequired\":true,\"valueName\":\"search_term_string\"}}],\"inLanguage\":\"pt-BR\"},{\"@type\":\"Organization\",\"@id\":\"https:\\\/\\\/arte351.pt\\\/art\\\/#organization\",\"name\":\"Arte351 - Art Magazine Portugal\",\"url\":\"https:\\\/\\\/arte351.pt\\\/art\\\/\",\"logo\":{\"@type\":\"ImageObject\",\"inLanguage\":\"pt-BR\",\"@id\":\"https:\\\/\\\/arte351.pt\\\/art\\\/#\\\/schema\\\/logo\\\/image\\\/\",\"url\":\"https:\\\/\\\/arte351.pt\\\/art\\\/wp-content\\\/uploads\\\/2020\\\/03\\\/cropped-logo-arte351-color.png\",\"contentUrl\":\"https:\\\/\\\/arte351.pt\\\/art\\\/wp-content\\\/uploads\\\/2020\\\/03\\\/cropped-logo-arte351-color.png\",\"width\":514,\"height\":200,\"caption\":\"Arte351 - Art Magazine Portugal\"},\"image\":{\"@id\":\"https:\\\/\\\/arte351.pt\\\/art\\\/#\\\/schema\\\/logo\\\/image\\\/\"},\"sameAs\":[\"https:\\\/\\\/www.facebook.com\\\/arte351magazine\\\/\"]},{\"@type\":\"Person\",\"@id\":\"https:\\\/\\\/arte351.pt\\\/art\\\/#\\\/schema\\\/person\\\/1d081d5dbc7c2a3f2317da95c823a5bd\",\"name\":\"Equipa Arte 351\",\"image\":{\"@type\":\"ImageObject\",\"inLanguage\":\"pt-BR\",\"@id\":\"https:\\\/\\\/secure.gravatar.com\\\/avatar\\\/3f97e62c832ede8fafe5d2f9e31f8a055e187b6b31056d1e065d95e034db52e2?s=96&d=mm&r=g\",\"url\":\"https:\\\/\\\/secure.gravatar.com\\\/avatar\\\/3f97e62c832ede8fafe5d2f9e31f8a055e187b6b31056d1e065d95e034db52e2?s=96&d=mm&r=g\",\"contentUrl\":\"https:\\\/\\\/secure.gravatar.com\\\/avatar\\\/3f97e62c832ede8fafe5d2f9e31f8a055e187b6b31056d1e065d95e034db52e2?s=96&d=mm&r=g\",\"caption\":\"Equipa Arte 351\"},\"url\":\"https:\\\/\\\/arte351.pt\\\/art\\\/author\\\/admin2\\\/\"}]}<\/script>\n<!-- \/ Yoast SEO plugin. -->","yoast_head_json":{"title":"Tradidan\u00e7as 2025: Festival de Tradi\u00e7\u00f5es, Dan\u00e7a, M\u00fasica e Natureza - Arte351 - Art Magazine Portugal","robots":{"index":"index","follow":"follow","max-snippet":"max-snippet:-1","max-image-preview":"max-image-preview:large","max-video-preview":"max-video-preview:-1"},"canonical":"https:\/\/arte351.pt\/art\/2025\/02\/11\/tradidancas-2025-festival-de-tradicoes-danca-musica-e-natureza\/","og_locale":"pt_BR","og_type":"article","og_title":"Tradidan\u00e7as 2025: Festival de Tradi\u00e7\u00f5es, Dan\u00e7a, M\u00fasica e Natureza - Arte351 - Art Magazine Portugal","og_description":"O\u00a0Tradidan\u00e7as \u2013 Festival de Tradi\u00e7\u00f5es, Dan\u00e7a, M\u00fasica e Natureza\u00a0regressa a Carvalhais, S\u00e3o Pedro do Sul, para a sua s\u00e9tima edi\u00e7\u00e3o, a decorrer entre os dias\u00a030 de julho e 3 de [&hellip;]","og_url":"https:\/\/arte351.pt\/art\/2025\/02\/11\/tradidancas-2025-festival-de-tradicoes-danca-musica-e-natureza\/","og_site_name":"Arte351 - Art Magazine Portugal","article_publisher":"https:\/\/www.facebook.com\/arte351magazine\/","article_published_time":"2025-02-11T17:30:54+00:00","article_modified_time":"2025-02-17T17:31:28+00:00","author":"Equipa Arte 351","twitter_misc":{"Escrito por":"Equipa Arte 351","Est. tempo de leitura":"2 minutos"},"schema":{"@context":"https:\/\/schema.org","@graph":[{"@type":"Article","@id":"https:\/\/arte351.pt\/art\/2025\/02\/11\/tradidancas-2025-festival-de-tradicoes-danca-musica-e-natureza\/#article","isPartOf":{"@id":"https:\/\/arte351.pt\/art\/2025\/02\/11\/tradidancas-2025-festival-de-tradicoes-danca-musica-e-natureza\/"},"author":{"name":"Equipa Arte 351","@id":"https:\/\/arte351.pt\/art\/#\/schema\/person\/1d081d5dbc7c2a3f2317da95c823a5bd"},"headline":"Tradidan\u00e7as 2025: Festival de Tradi\u00e7\u00f5es, Dan\u00e7a, M\u00fasica e Natureza","datePublished":"2025-02-11T17:30:54+00:00","dateModified":"2025-02-17T17:31:28+00:00","mainEntityOfPage":{"@id":"https:\/\/arte351.pt\/art\/2025\/02\/11\/tradidancas-2025-festival-de-tradicoes-danca-musica-e-natureza\/"},"wordCount":399,"publisher":{"@id":"https:\/\/arte351.pt\/art\/#organization"},"articleSection":["Blog ARTE-351"],"inLanguage":"pt-BR"},{"@type":"WebPage","@id":"https:\/\/arte351.pt\/art\/2025\/02\/11\/tradidancas-2025-festival-de-tradicoes-danca-musica-e-natureza\/","url":"https:\/\/arte351.pt\/art\/2025\/02\/11\/tradidancas-2025-festival-de-tradicoes-danca-musica-e-natureza\/","name":"Tradidan\u00e7as 2025: Festival de Tradi\u00e7\u00f5es, Dan\u00e7a, M\u00fasica e Natureza - Arte351 - Art Magazine Portugal","isPartOf":{"@id":"https:\/\/arte351.pt\/art\/#website"},"datePublished":"2025-02-11T17:30:54+00:00","dateModified":"2025-02-17T17:31:28+00:00","breadcrumb":{"@id":"https:\/\/arte351.pt\/art\/2025\/02\/11\/tradidancas-2025-festival-de-tradicoes-danca-musica-e-natureza\/#breadcrumb"},"inLanguage":"pt-BR","potentialAction":[{"@type":"ReadAction","target":["https:\/\/arte351.pt\/art\/2025\/02\/11\/tradidancas-2025-festival-de-tradicoes-danca-musica-e-natureza\/"]}]},{"@type":"BreadcrumbList","@id":"https:\/\/arte351.pt\/art\/2025\/02\/11\/tradidancas-2025-festival-de-tradicoes-danca-musica-e-natureza\/#breadcrumb","itemListElement":[{"@type":"ListItem","position":1,"name":"In\u00edcio","item":"https:\/\/arte351.pt\/art\/"},{"@type":"ListItem","position":2,"name":"Tradidan\u00e7as 2025: Festival de Tradi\u00e7\u00f5es, Dan\u00e7a, M\u00fasica e Natureza"}]},{"@type":"WebSite","@id":"https:\/\/arte351.pt\/art\/#website","url":"https:\/\/arte351.pt\/art\/","name":"Arte351 - Art Magazine Portugal","description":"","publisher":{"@id":"https:\/\/arte351.pt\/art\/#organization"},"potentialAction":[{"@type":"SearchAction","target":{"@type":"EntryPoint","urlTemplate":"https:\/\/arte351.pt\/art\/?s={search_term_string}"},"query-input":{"@type":"PropertyValueSpecification","valueRequired":true,"valueName":"search_term_string"}}],"inLanguage":"pt-BR"},{"@type":"Organization","@id":"https:\/\/arte351.pt\/art\/#organization","name":"Arte351 - Art Magazine Portugal","url":"https:\/\/arte351.pt\/art\/","logo":{"@type":"ImageObject","inLanguage":"pt-BR","@id":"https:\/\/arte351.pt\/art\/#\/schema\/logo\/image\/","url":"https:\/\/arte351.pt\/art\/wp-content\/uploads\/2020\/03\/cropped-logo-arte351-color.png","contentUrl":"https:\/\/arte351.pt\/art\/wp-content\/uploads\/2020\/03\/cropped-logo-arte351-color.png","width":514,"height":200,"caption":"Arte351 - Art Magazine Portugal"},"image":{"@id":"https:\/\/arte351.pt\/art\/#\/schema\/logo\/image\/"},"sameAs":["https:\/\/www.facebook.com\/arte351magazine\/"]},{"@type":"Person","@id":"https:\/\/arte351.pt\/art\/#\/schema\/person\/1d081d5dbc7c2a3f2317da95c823a5bd","name":"Equipa Arte 351","image":{"@type":"ImageObject","inLanguage":"pt-BR","@id":"https:\/\/secure.gravatar.com\/avatar\/3f97e62c832ede8fafe5d2f9e31f8a055e187b6b31056d1e065d95e034db52e2?s=96&d=mm&r=g","url":"https:\/\/secure.gravatar.com\/avatar\/3f97e62c832ede8fafe5d2f9e31f8a055e187b6b31056d1e065d95e034db52e2?s=96&d=mm&r=g","contentUrl":"https:\/\/secure.gravatar.com\/avatar\/3f97e62c832ede8fafe5d2f9e31f8a055e187b6b31056d1e065d95e034db52e2?s=96&d=mm&r=g","caption":"Equipa Arte 351"},"url":"https:\/\/arte351.pt\/art\/author\/admin2\/"}]}},"_links":{"self":[{"href":"https:\/\/arte351.pt\/art\/wp-json\/wp\/v2\/posts\/9113","targetHints":{"allow":["GET"]}}],"collection":[{"href":"https:\/\/arte351.pt\/art\/wp-json\/wp\/v2\/posts"}],"about":[{"href":"https:\/\/arte351.pt\/art\/wp-json\/wp\/v2\/types\/post"}],"author":[{"embeddable":true,"href":"https:\/\/arte351.pt\/art\/wp-json\/wp\/v2\/users\/34415"}],"replies":[{"embeddable":true,"href":"https:\/\/arte351.pt\/art\/wp-json\/wp\/v2\/comments?post=9113"}],"version-history":[{"count":1,"href":"https:\/\/arte351.pt\/art\/wp-json\/wp\/v2\/posts\/9113\/revisions"}],"predecessor-version":[{"id":9114,"href":"https:\/\/arte351.pt\/art\/wp-json\/wp\/v2\/posts\/9113\/revisions\/9114"}],"wp:attachment":[{"href":"https:\/\/arte351.pt\/art\/wp-json\/wp\/v2\/media?parent=9113"}],"wp:term":[{"taxonomy":"category","embeddable":true,"href":"https:\/\/arte351.pt\/art\/wp-json\/wp\/v2\/categories?post=9113"},{"taxonomy":"post_tag","embeddable":true,"href":"https:\/\/arte351.pt\/art\/wp-json\/wp\/v2\/tags?post=9113"}],"curies":[{"name":"wp","href":"https:\/\/api.w.org\/{rel}","templated":true}]}}