{"id":9143,"date":"2025-02-24T12:03:53","date_gmt":"2025-02-24T12:03:53","guid":{"rendered":"https:\/\/arte351.pt\/art\/?p=9143"},"modified":"2025-02-24T12:03:53","modified_gmt":"2025-02-24T12:03:53","slug":"bloco-bue-tolo-e-banda-axe-baba-fazem-cortejo-de-benfica-a-amadora","status":"publish","type":"post","link":"https:\/\/arte351.pt\/art\/2025\/02\/24\/bloco-bue-tolo-e-banda-axe-baba-fazem-cortejo-de-benfica-a-amadora\/","title":{"rendered":"Bloco Bu\u00e9 Tolo e Banda Ax\u00e9 Bab\u00e1 fazem cortejo de Benfica a Amadora"},"content":{"rendered":"<p>A Junta de freguesia de Benfica, reconhecida pela sua din\u00e2mica cultural, promove pela primeira vez o<span>\u00a0<\/span><strong>\u201cCarnaval entre Portas\u201d<\/strong>, um evento que promete trazer o esp\u00edrito do carnaval brasileiro para as ruas de Lisboa e da Amadora. No dia<span>\u00a0<\/span><strong>4 de mar\u00e7o<\/strong>, ter\u00e7a-feira de Carnaval, a festa come\u00e7a em<span>\u00a0<\/span><strong>Benfica<\/strong><span>\u00a0<\/span>e segue em cortejo at\u00e9 \u00e0<span>\u00a0<\/span><strong>Amadora<\/strong>, com a anima\u00e7\u00e3o garantida pelo<span>\u00a0<\/span><strong>Bloco Bu\u00e9 Tolo<\/strong><span>\u00a0<\/span>e pela<span>\u00a0<\/span><strong>Banda Ax\u00e9 Bab\u00e1<\/strong>.<\/p>\n<h3><\/h3>\n<h3><strong>Programa\u00e7\u00e3o Bu\u00e9 Tolo e Ax\u00e9 Baba<\/strong><\/h3>\n<ul>\n<li><strong>14h \u00e0s 15h30<\/strong>: Concentra\u00e7\u00e3o e anima\u00e7\u00e3o no<span>\u00a0<\/span><strong>Parque Quinta da Granja<\/strong>, em Benfica, com o<span>\u00a0<\/span><strong>Bloco Bu\u00e9 Tolo<\/strong>.<\/li>\n<li><strong>15h30<\/strong>: In\u00edcio do cortejo pela<span>\u00a0<\/span><strong>Avenida do Col\u00e9gio Militar<\/strong>, passando pela<span>\u00a0<\/span><strong>Estrada de Benfica<\/strong><span>\u00a0<\/span>e<span>\u00a0<\/span><strong>Avenida Elias Garcia<\/strong>, at\u00e9 chegar \u00e0<span>\u00a0<\/span><strong>Esta\u00e7\u00e3o do Metro Amadora Este<\/strong>.<\/li>\n<li><strong>17h30<\/strong>: Encerramento do Carnaval de 2025 na Amadora.<\/li>\n<\/ul>\n<h3><\/h3>\n<h3><strong>Os animadores da festa &#8211; Bu\u00e9 Tolo e Ax\u00e9 Baba<\/strong><\/h3>\n<p>O<span>\u00a0<\/span><strong>Bloco Bu\u00e9 Tolo<\/strong>, criado por brasileiros residentes em Lisboa, traz a irrever\u00eancia dos blocos de rua do Rio de Janeiro, com um repert\u00f3rio que vai dos tradicionais sambas de enredo a cl\u00e1ssicos do rock\u2019n\u2019roll em vers\u00e3o carnavalesca. J\u00e1 a<span>\u00a0<\/span><strong>Banda Ax\u00e9 Bab\u00e1<\/strong>, formada por m\u00fasicos baianos, revive a energia dos trios el\u00e9tricos de Salvador, interpretando sucessos de \u00edcones como<span>\u00a0<\/span><strong>Ivete Sangalo<\/strong>,<span>\u00a0<\/span><strong>Daniela Mercury<\/strong><span>\u00a0<\/span>e<span>\u00a0<\/span><strong>Carlinhos Brown<\/strong>.<\/p>\n<p>O \u201cCarnaval Entre Portas\u201d \u00e9 mais do que uma festa; \u00e9 uma celebra\u00e7\u00e3o da diversidade e da uni\u00e3o entre bairros. Ao levar o Carnaval de Benfica para a Amadora, o evento refor\u00e7a o esp\u00edrito de comunidade e a alegria que esta tradi\u00e7\u00e3o representa.<\/p>\n<ul>\n<li><strong>Bloco Bu\u00e9 Tolo<\/strong>: Criado em 2018, o bloco j\u00e1 realizou seis edi\u00e7\u00f5es de Carnaval em Lisboa, levando cor e anima\u00e7\u00e3o ao<span>\u00a0<\/span><strong>Cais do Sodr\u00e9<\/strong><span>\u00a0<\/span>e participando de festivais como o<span>\u00a0<\/span><strong>Rock in Rio Lisboa<\/strong><span>\u00a0<\/span>e o<span>\u00a0<\/span><strong>Festival Mar me Quer<\/strong>.<\/li>\n<li><strong>Banda Ax\u00e9 Bab\u00e1<\/strong>: Fundada em Lisboa, a banda celebra os 40 anos do movimento<span>\u00a0<\/span><strong>Ax\u00e9 Music<\/strong>, revivendo os maiores sucessos das d\u00e9cadas de 80, 90 e 2000.<\/li>\n<\/ul>\n<h3><\/h3>\n<h3><strong>Mais informa\u00e7\u00f5es:<\/strong><\/h3>\n<ul>\n<li><strong>Data<\/strong>: 4 de mar\u00e7o de 2025 (ter\u00e7a-feira de Carnaval).<\/li>\n<li><strong>Hor\u00e1rio<\/strong>: Das 14h \u00e0s 17h30.<\/li>\n<li><strong>Locais<\/strong>:\n<ul>\n<li>Concentra\u00e7\u00e3o: Parque Quinta da Granja, Benfica.<\/li>\n<li>Cortejo: Avenida do Col\u00e9gio Militar, Estrada de Benfica, Avenida Elias Garcia.<\/li>\n<li>Encerramento: Esta\u00e7\u00e3o do Metro Amadora Este, Amadora.<\/li>\n<\/ul>\n<\/li>\n<\/ul>\n<p>Para mais informa\u00e7\u00f5es, acompanhe as redes sociais da<span>\u00a0<\/span><a href=\"https:\/\/www.instagram.com\/jfbenfica?igsh=ZnliMXMxN25ldXpm\" target=\"_blank\" rel=\"noopener\"><strong>Junta de Freguesia de Benfica<\/strong><\/a>.<\/p>\n<p>&nbsp;<\/p>\n","protected":false},"excerpt":{"rendered":"<p>A Junta de freguesia de Benfica, reconhecida pela sua din\u00e2mica cultural, promove pela primeira vez o\u00a0\u201cCarnaval entre Portas\u201d, um evento que promete trazer o esp\u00edrito do carnaval brasileiro para as [&hellip;]<\/p>\n","protected":false},"author":34415,"featured_media":9144,"comment_status":"closed","ping_status":"closed","sticky":false,"template":"","format":"standard","meta":{"_exactmetrics_skip_tracking":false,"_exactmetrics_sitenote_active":false,"_exactmetrics_sitenote_note":"","_exactmetrics_sitenote_category":0,"_uf_show_specific_survey":0,"_uf_disable_surveys":false,"footnotes":""},"categories":[457],"tags":[],"class_list":["post-9143","post","type-post","status-publish","format-standard","has-post-thumbnail","hentry","category-musica"],"yoast_head":"<!-- This site is optimized with the Yoast SEO plugin v27.3 - https:\/\/yoast.com\/product\/yoast-seo-wordpress\/ -->\n<title>Bloco Bu\u00e9 Tolo e Banda Ax\u00e9 Bab\u00e1 fazem cortejo de Benfica a Amadora<\/title>\n<meta name=\"description\" content=\"\u201cCarnaval Entre Portas\u201d \u00e9 mais do que uma festa; \u00e9 uma celebra\u00e7\u00e3o com o Bloco Bu\u00e9 Tolo e Banda Ax\u00e9 Bab\u00e1...\" \/>\n<meta name=\"robots\" content=\"index, follow, max-snippet:-1, max-image-preview:large, max-video-preview:-1\" \/>\n<link rel=\"canonical\" href=\"https:\/\/arte351.pt\/art\/2025\/02\/24\/bloco-bue-tolo-e-banda-axe-baba-fazem-cortejo-de-benfica-a-amadora\/\" \/>\n<meta property=\"og:locale\" content=\"pt_BR\" \/>\n<meta property=\"og:type\" content=\"article\" \/>\n<meta property=\"og:title\" content=\"Bloco Bu\u00e9 Tolo e Banda Ax\u00e9 Bab\u00e1 fazem cortejo de Benfica a Amadora\" \/>\n<meta property=\"og:description\" content=\"\u201cCarnaval Entre Portas\u201d \u00e9 mais do que uma festa; \u00e9 uma celebra\u00e7\u00e3o com o Bloco Bu\u00e9 Tolo e Banda Ax\u00e9 Bab\u00e1...\" \/>\n<meta property=\"og:url\" content=\"https:\/\/arte351.pt\/art\/2025\/02\/24\/bloco-bue-tolo-e-banda-axe-baba-fazem-cortejo-de-benfica-a-amadora\/\" \/>\n<meta property=\"og:site_name\" content=\"Arte351 - Art Magazine Portugal\" \/>\n<meta property=\"article:publisher\" content=\"https:\/\/www.facebook.com\/arte351magazine\/\" \/>\n<meta property=\"article:published_time\" content=\"2025-02-24T12:03:53+00:00\" \/>\n<meta property=\"og:image\" content=\"https:\/\/arte351.pt\/art\/wp-content\/uploads\/2025\/02\/bue-tolo.jpg\" \/>\n\t<meta property=\"og:image:width\" content=\"1200\" \/>\n\t<meta property=\"og:image:height\" content=\"578\" \/>\n\t<meta property=\"og:image:type\" content=\"image\/jpeg\" \/>\n<meta name=\"author\" content=\"Equipa Arte 351\" \/>\n<meta name=\"twitter:label1\" content=\"Escrito por\" \/>\n\t<meta name=\"twitter:data1\" content=\"Equipa Arte 351\" \/>\n\t<meta name=\"twitter:label2\" content=\"Est. tempo de leitura\" \/>\n\t<meta name=\"twitter:data2\" content=\"3 minutos\" \/>\n<script type=\"application\/ld+json\" class=\"yoast-schema-graph\">{\"@context\":\"https:\\\/\\\/schema.org\",\"@graph\":[{\"@type\":\"Article\",\"@id\":\"https:\\\/\\\/arte351.pt\\\/art\\\/2025\\\/02\\\/24\\\/bloco-bue-tolo-e-banda-axe-baba-fazem-cortejo-de-benfica-a-amadora\\\/#article\",\"isPartOf\":{\"@id\":\"https:\\\/\\\/arte351.pt\\\/art\\\/2025\\\/02\\\/24\\\/bloco-bue-tolo-e-banda-axe-baba-fazem-cortejo-de-benfica-a-amadora\\\/\"},\"author\":{\"name\":\"Equipa Arte 351\",\"@id\":\"https:\\\/\\\/arte351.pt\\\/art\\\/#\\\/schema\\\/person\\\/1d081d5dbc7c2a3f2317da95c823a5bd\"},\"headline\":\"Bloco Bu\u00e9 Tolo e Banda Ax\u00e9 Bab\u00e1 fazem cortejo de Benfica a Amadora\",\"datePublished\":\"2025-02-24T12:03:53+00:00\",\"mainEntityOfPage\":{\"@id\":\"https:\\\/\\\/arte351.pt\\\/art\\\/2025\\\/02\\\/24\\\/bloco-bue-tolo-e-banda-axe-baba-fazem-cortejo-de-benfica-a-amadora\\\/\"},\"wordCount\":406,\"publisher\":{\"@id\":\"https:\\\/\\\/arte351.pt\\\/art\\\/#organization\"},\"image\":{\"@id\":\"https:\\\/\\\/arte351.pt\\\/art\\\/2025\\\/02\\\/24\\\/bloco-bue-tolo-e-banda-axe-baba-fazem-cortejo-de-benfica-a-amadora\\\/#primaryimage\"},\"thumbnailUrl\":\"https:\\\/\\\/arte351.pt\\\/art\\\/wp-content\\\/uploads\\\/2025\\\/02\\\/bue-tolo.jpg\",\"articleSection\":[\"M\u00fasica\"],\"inLanguage\":\"pt-BR\"},{\"@type\":\"WebPage\",\"@id\":\"https:\\\/\\\/arte351.pt\\\/art\\\/2025\\\/02\\\/24\\\/bloco-bue-tolo-e-banda-axe-baba-fazem-cortejo-de-benfica-a-amadora\\\/\",\"url\":\"https:\\\/\\\/arte351.pt\\\/art\\\/2025\\\/02\\\/24\\\/bloco-bue-tolo-e-banda-axe-baba-fazem-cortejo-de-benfica-a-amadora\\\/\",\"name\":\"Bloco Bu\u00e9 Tolo e Banda Ax\u00e9 Bab\u00e1 fazem cortejo de Benfica a Amadora\",\"isPartOf\":{\"@id\":\"https:\\\/\\\/arte351.pt\\\/art\\\/#website\"},\"primaryImageOfPage\":{\"@id\":\"https:\\\/\\\/arte351.pt\\\/art\\\/2025\\\/02\\\/24\\\/bloco-bue-tolo-e-banda-axe-baba-fazem-cortejo-de-benfica-a-amadora\\\/#primaryimage\"},\"image\":{\"@id\":\"https:\\\/\\\/arte351.pt\\\/art\\\/2025\\\/02\\\/24\\\/bloco-bue-tolo-e-banda-axe-baba-fazem-cortejo-de-benfica-a-amadora\\\/#primaryimage\"},\"thumbnailUrl\":\"https:\\\/\\\/arte351.pt\\\/art\\\/wp-content\\\/uploads\\\/2025\\\/02\\\/bue-tolo.jpg\",\"datePublished\":\"2025-02-24T12:03:53+00:00\",\"description\":\"\u201cCarnaval Entre Portas\u201d \u00e9 mais do que uma festa; \u00e9 uma celebra\u00e7\u00e3o com o Bloco Bu\u00e9 Tolo e Banda Ax\u00e9 Bab\u00e1...\",\"breadcrumb\":{\"@id\":\"https:\\\/\\\/arte351.pt\\\/art\\\/2025\\\/02\\\/24\\\/bloco-bue-tolo-e-banda-axe-baba-fazem-cortejo-de-benfica-a-amadora\\\/#breadcrumb\"},\"inLanguage\":\"pt-BR\",\"potentialAction\":[{\"@type\":\"ReadAction\",\"target\":[\"https:\\\/\\\/arte351.pt\\\/art\\\/2025\\\/02\\\/24\\\/bloco-bue-tolo-e-banda-axe-baba-fazem-cortejo-de-benfica-a-amadora\\\/\"]}]},{\"@type\":\"ImageObject\",\"inLanguage\":\"pt-BR\",\"@id\":\"https:\\\/\\\/arte351.pt\\\/art\\\/2025\\\/02\\\/24\\\/bloco-bue-tolo-e-banda-axe-baba-fazem-cortejo-de-benfica-a-amadora\\\/#primaryimage\",\"url\":\"https:\\\/\\\/arte351.pt\\\/art\\\/wp-content\\\/uploads\\\/2025\\\/02\\\/bue-tolo.jpg\",\"contentUrl\":\"https:\\\/\\\/arte351.pt\\\/art\\\/wp-content\\\/uploads\\\/2025\\\/02\\\/bue-tolo.jpg\",\"width\":1200,\"height\":578},{\"@type\":\"BreadcrumbList\",\"@id\":\"https:\\\/\\\/arte351.pt\\\/art\\\/2025\\\/02\\\/24\\\/bloco-bue-tolo-e-banda-axe-baba-fazem-cortejo-de-benfica-a-amadora\\\/#breadcrumb\",\"itemListElement\":[{\"@type\":\"ListItem\",\"position\":1,\"name\":\"In\u00edcio\",\"item\":\"https:\\\/\\\/arte351.pt\\\/art\\\/\"},{\"@type\":\"ListItem\",\"position\":2,\"name\":\"Bloco Bu\u00e9 Tolo e Banda Ax\u00e9 Bab\u00e1 fazem cortejo de Benfica a Amadora\"}]},{\"@type\":\"WebSite\",\"@id\":\"https:\\\/\\\/arte351.pt\\\/art\\\/#website\",\"url\":\"https:\\\/\\\/arte351.pt\\\/art\\\/\",\"name\":\"Arte351 - Art Magazine Portugal\",\"description\":\"\",\"publisher\":{\"@id\":\"https:\\\/\\\/arte351.pt\\\/art\\\/#organization\"},\"potentialAction\":[{\"@type\":\"SearchAction\",\"target\":{\"@type\":\"EntryPoint\",\"urlTemplate\":\"https:\\\/\\\/arte351.pt\\\/art\\\/?s={search_term_string}\"},\"query-input\":{\"@type\":\"PropertyValueSpecification\",\"valueRequired\":true,\"valueName\":\"search_term_string\"}}],\"inLanguage\":\"pt-BR\"},{\"@type\":\"Organization\",\"@id\":\"https:\\\/\\\/arte351.pt\\\/art\\\/#organization\",\"name\":\"Arte351 - Art Magazine Portugal\",\"url\":\"https:\\\/\\\/arte351.pt\\\/art\\\/\",\"logo\":{\"@type\":\"ImageObject\",\"inLanguage\":\"pt-BR\",\"@id\":\"https:\\\/\\\/arte351.pt\\\/art\\\/#\\\/schema\\\/logo\\\/image\\\/\",\"url\":\"https:\\\/\\\/arte351.pt\\\/art\\\/wp-content\\\/uploads\\\/2020\\\/03\\\/cropped-logo-arte351-color.png\",\"contentUrl\":\"https:\\\/\\\/arte351.pt\\\/art\\\/wp-content\\\/uploads\\\/2020\\\/03\\\/cropped-logo-arte351-color.png\",\"width\":514,\"height\":200,\"caption\":\"Arte351 - Art Magazine Portugal\"},\"image\":{\"@id\":\"https:\\\/\\\/arte351.pt\\\/art\\\/#\\\/schema\\\/logo\\\/image\\\/\"},\"sameAs\":[\"https:\\\/\\\/www.facebook.com\\\/arte351magazine\\\/\"]},{\"@type\":\"Person\",\"@id\":\"https:\\\/\\\/arte351.pt\\\/art\\\/#\\\/schema\\\/person\\\/1d081d5dbc7c2a3f2317da95c823a5bd\",\"name\":\"Equipa Arte 351\",\"image\":{\"@type\":\"ImageObject\",\"inLanguage\":\"pt-BR\",\"@id\":\"https:\\\/\\\/secure.gravatar.com\\\/avatar\\\/3f97e62c832ede8fafe5d2f9e31f8a055e187b6b31056d1e065d95e034db52e2?s=96&d=mm&r=g\",\"url\":\"https:\\\/\\\/secure.gravatar.com\\\/avatar\\\/3f97e62c832ede8fafe5d2f9e31f8a055e187b6b31056d1e065d95e034db52e2?s=96&d=mm&r=g\",\"contentUrl\":\"https:\\\/\\\/secure.gravatar.com\\\/avatar\\\/3f97e62c832ede8fafe5d2f9e31f8a055e187b6b31056d1e065d95e034db52e2?s=96&d=mm&r=g\",\"caption\":\"Equipa Arte 351\"},\"url\":\"https:\\\/\\\/arte351.pt\\\/art\\\/author\\\/admin2\\\/\"}]}<\/script>\n<!-- \/ Yoast SEO plugin. -->","yoast_head_json":{"title":"Bloco Bu\u00e9 Tolo e Banda Ax\u00e9 Bab\u00e1 fazem cortejo de Benfica a Amadora","description":"\u201cCarnaval Entre Portas\u201d \u00e9 mais do que uma festa; \u00e9 uma celebra\u00e7\u00e3o com o Bloco Bu\u00e9 Tolo e Banda Ax\u00e9 Bab\u00e1...","robots":{"index":"index","follow":"follow","max-snippet":"max-snippet:-1","max-image-preview":"max-image-preview:large","max-video-preview":"max-video-preview:-1"},"canonical":"https:\/\/arte351.pt\/art\/2025\/02\/24\/bloco-bue-tolo-e-banda-axe-baba-fazem-cortejo-de-benfica-a-amadora\/","og_locale":"pt_BR","og_type":"article","og_title":"Bloco Bu\u00e9 Tolo e Banda Ax\u00e9 Bab\u00e1 fazem cortejo de Benfica a Amadora","og_description":"\u201cCarnaval Entre Portas\u201d \u00e9 mais do que uma festa; \u00e9 uma celebra\u00e7\u00e3o com o Bloco Bu\u00e9 Tolo e Banda Ax\u00e9 Bab\u00e1...","og_url":"https:\/\/arte351.pt\/art\/2025\/02\/24\/bloco-bue-tolo-e-banda-axe-baba-fazem-cortejo-de-benfica-a-amadora\/","og_site_name":"Arte351 - Art Magazine Portugal","article_publisher":"https:\/\/www.facebook.com\/arte351magazine\/","article_published_time":"2025-02-24T12:03:53+00:00","og_image":[{"width":1200,"height":578,"url":"https:\/\/arte351.pt\/art\/wp-content\/uploads\/2025\/02\/bue-tolo.jpg","type":"image\/jpeg"}],"author":"Equipa Arte 351","twitter_misc":{"Escrito por":"Equipa Arte 351","Est. tempo de leitura":"3 minutos"},"schema":{"@context":"https:\/\/schema.org","@graph":[{"@type":"Article","@id":"https:\/\/arte351.pt\/art\/2025\/02\/24\/bloco-bue-tolo-e-banda-axe-baba-fazem-cortejo-de-benfica-a-amadora\/#article","isPartOf":{"@id":"https:\/\/arte351.pt\/art\/2025\/02\/24\/bloco-bue-tolo-e-banda-axe-baba-fazem-cortejo-de-benfica-a-amadora\/"},"author":{"name":"Equipa Arte 351","@id":"https:\/\/arte351.pt\/art\/#\/schema\/person\/1d081d5dbc7c2a3f2317da95c823a5bd"},"headline":"Bloco Bu\u00e9 Tolo e Banda Ax\u00e9 Bab\u00e1 fazem cortejo de Benfica a Amadora","datePublished":"2025-02-24T12:03:53+00:00","mainEntityOfPage":{"@id":"https:\/\/arte351.pt\/art\/2025\/02\/24\/bloco-bue-tolo-e-banda-axe-baba-fazem-cortejo-de-benfica-a-amadora\/"},"wordCount":406,"publisher":{"@id":"https:\/\/arte351.pt\/art\/#organization"},"image":{"@id":"https:\/\/arte351.pt\/art\/2025\/02\/24\/bloco-bue-tolo-e-banda-axe-baba-fazem-cortejo-de-benfica-a-amadora\/#primaryimage"},"thumbnailUrl":"https:\/\/arte351.pt\/art\/wp-content\/uploads\/2025\/02\/bue-tolo.jpg","articleSection":["M\u00fasica"],"inLanguage":"pt-BR"},{"@type":"WebPage","@id":"https:\/\/arte351.pt\/art\/2025\/02\/24\/bloco-bue-tolo-e-banda-axe-baba-fazem-cortejo-de-benfica-a-amadora\/","url":"https:\/\/arte351.pt\/art\/2025\/02\/24\/bloco-bue-tolo-e-banda-axe-baba-fazem-cortejo-de-benfica-a-amadora\/","name":"Bloco Bu\u00e9 Tolo e Banda Ax\u00e9 Bab\u00e1 fazem cortejo de Benfica a Amadora","isPartOf":{"@id":"https:\/\/arte351.pt\/art\/#website"},"primaryImageOfPage":{"@id":"https:\/\/arte351.pt\/art\/2025\/02\/24\/bloco-bue-tolo-e-banda-axe-baba-fazem-cortejo-de-benfica-a-amadora\/#primaryimage"},"image":{"@id":"https:\/\/arte351.pt\/art\/2025\/02\/24\/bloco-bue-tolo-e-banda-axe-baba-fazem-cortejo-de-benfica-a-amadora\/#primaryimage"},"thumbnailUrl":"https:\/\/arte351.pt\/art\/wp-content\/uploads\/2025\/02\/bue-tolo.jpg","datePublished":"2025-02-24T12:03:53+00:00","description":"\u201cCarnaval Entre Portas\u201d \u00e9 mais do que uma festa; \u00e9 uma celebra\u00e7\u00e3o com o Bloco Bu\u00e9 Tolo e Banda Ax\u00e9 Bab\u00e1...","breadcrumb":{"@id":"https:\/\/arte351.pt\/art\/2025\/02\/24\/bloco-bue-tolo-e-banda-axe-baba-fazem-cortejo-de-benfica-a-amadora\/#breadcrumb"},"inLanguage":"pt-BR","potentialAction":[{"@type":"ReadAction","target":["https:\/\/arte351.pt\/art\/2025\/02\/24\/bloco-bue-tolo-e-banda-axe-baba-fazem-cortejo-de-benfica-a-amadora\/"]}]},{"@type":"ImageObject","inLanguage":"pt-BR","@id":"https:\/\/arte351.pt\/art\/2025\/02\/24\/bloco-bue-tolo-e-banda-axe-baba-fazem-cortejo-de-benfica-a-amadora\/#primaryimage","url":"https:\/\/arte351.pt\/art\/wp-content\/uploads\/2025\/02\/bue-tolo.jpg","contentUrl":"https:\/\/arte351.pt\/art\/wp-content\/uploads\/2025\/02\/bue-tolo.jpg","width":1200,"height":578},{"@type":"BreadcrumbList","@id":"https:\/\/arte351.pt\/art\/2025\/02\/24\/bloco-bue-tolo-e-banda-axe-baba-fazem-cortejo-de-benfica-a-amadora\/#breadcrumb","itemListElement":[{"@type":"ListItem","position":1,"name":"In\u00edcio","item":"https:\/\/arte351.pt\/art\/"},{"@type":"ListItem","position":2,"name":"Bloco Bu\u00e9 Tolo e Banda Ax\u00e9 Bab\u00e1 fazem cortejo de Benfica a Amadora"}]},{"@type":"WebSite","@id":"https:\/\/arte351.pt\/art\/#website","url":"https:\/\/arte351.pt\/art\/","name":"Arte351 - Art Magazine Portugal","description":"","publisher":{"@id":"https:\/\/arte351.pt\/art\/#organization"},"potentialAction":[{"@type":"SearchAction","target":{"@type":"EntryPoint","urlTemplate":"https:\/\/arte351.pt\/art\/?s={search_term_string}"},"query-input":{"@type":"PropertyValueSpecification","valueRequired":true,"valueName":"search_term_string"}}],"inLanguage":"pt-BR"},{"@type":"Organization","@id":"https:\/\/arte351.pt\/art\/#organization","name":"Arte351 - Art Magazine Portugal","url":"https:\/\/arte351.pt\/art\/","logo":{"@type":"ImageObject","inLanguage":"pt-BR","@id":"https:\/\/arte351.pt\/art\/#\/schema\/logo\/image\/","url":"https:\/\/arte351.pt\/art\/wp-content\/uploads\/2020\/03\/cropped-logo-arte351-color.png","contentUrl":"https:\/\/arte351.pt\/art\/wp-content\/uploads\/2020\/03\/cropped-logo-arte351-color.png","width":514,"height":200,"caption":"Arte351 - Art Magazine Portugal"},"image":{"@id":"https:\/\/arte351.pt\/art\/#\/schema\/logo\/image\/"},"sameAs":["https:\/\/www.facebook.com\/arte351magazine\/"]},{"@type":"Person","@id":"https:\/\/arte351.pt\/art\/#\/schema\/person\/1d081d5dbc7c2a3f2317da95c823a5bd","name":"Equipa Arte 351","image":{"@type":"ImageObject","inLanguage":"pt-BR","@id":"https:\/\/secure.gravatar.com\/avatar\/3f97e62c832ede8fafe5d2f9e31f8a055e187b6b31056d1e065d95e034db52e2?s=96&d=mm&r=g","url":"https:\/\/secure.gravatar.com\/avatar\/3f97e62c832ede8fafe5d2f9e31f8a055e187b6b31056d1e065d95e034db52e2?s=96&d=mm&r=g","contentUrl":"https:\/\/secure.gravatar.com\/avatar\/3f97e62c832ede8fafe5d2f9e31f8a055e187b6b31056d1e065d95e034db52e2?s=96&d=mm&r=g","caption":"Equipa Arte 351"},"url":"https:\/\/arte351.pt\/art\/author\/admin2\/"}]}},"_links":{"self":[{"href":"https:\/\/arte351.pt\/art\/wp-json\/wp\/v2\/posts\/9143","targetHints":{"allow":["GET"]}}],"collection":[{"href":"https:\/\/arte351.pt\/art\/wp-json\/wp\/v2\/posts"}],"about":[{"href":"https:\/\/arte351.pt\/art\/wp-json\/wp\/v2\/types\/post"}],"author":[{"embeddable":true,"href":"https:\/\/arte351.pt\/art\/wp-json\/wp\/v2\/users\/34415"}],"replies":[{"embeddable":true,"href":"https:\/\/arte351.pt\/art\/wp-json\/wp\/v2\/comments?post=9143"}],"version-history":[{"count":1,"href":"https:\/\/arte351.pt\/art\/wp-json\/wp\/v2\/posts\/9143\/revisions"}],"predecessor-version":[{"id":9145,"href":"https:\/\/arte351.pt\/art\/wp-json\/wp\/v2\/posts\/9143\/revisions\/9145"}],"wp:featuredmedia":[{"embeddable":true,"href":"https:\/\/arte351.pt\/art\/wp-json\/wp\/v2\/media\/9144"}],"wp:attachment":[{"href":"https:\/\/arte351.pt\/art\/wp-json\/wp\/v2\/media?parent=9143"}],"wp:term":[{"taxonomy":"category","embeddable":true,"href":"https:\/\/arte351.pt\/art\/wp-json\/wp\/v2\/categories?post=9143"},{"taxonomy":"post_tag","embeddable":true,"href":"https:\/\/arte351.pt\/art\/wp-json\/wp\/v2\/tags?post=9143"}],"curies":[{"name":"wp","href":"https:\/\/api.w.org\/{rel}","templated":true}]}}