{"id":9300,"date":"2025-03-22T19:02:03","date_gmt":"2025-03-22T19:02:03","guid":{"rendered":"https:\/\/arte351.pt\/art\/?p=9300"},"modified":"2025-03-25T19:02:32","modified_gmt":"2025-03-25T19:02:32","slug":"exposicao-naturezas-lugares-meus","status":"publish","type":"post","link":"https:\/\/arte351.pt\/art\/2025\/03\/22\/exposicao-naturezas-lugares-meus\/","title":{"rendered":"Exposi\u00e7\u00e3o \u201cNatureza(s) \u2013 Lugares Meus\u201d"},"content":{"rendered":"<p style=\"font-weight: 400;\">A Cooperativa \u00c1rvore recebe de 22 de mar\u00e7o a 12 de abril a Exposi\u00e7\u00e3o \u201cNatureza(s) \u2013 Lugares Meus\u201d da pintora Evelina Oliveira. Esta mostra \u00e9 composta por 5 telas de grandes dimens\u00f5es que funcionam como janelas para jardins imagin\u00e1rios. O espa\u00e7o f\u00edsico ser\u00e1 ocupado, maioritariamente, por objetos: caixas que abrem e fecham revelando segredos como apontamentos de um di\u00e1rio, objetos que servem de suporte a desenhos e v\u00e1rias assemblagens e esculturas de pequenas dimens\u00f5es &#8211; uma esp\u00e9cie de<span>\u00a0<\/span><em>Cabinet de Curiosit\u00e9s<\/em>.<\/p>\n<p style=\"font-weight: 400;\">\n<p style=\"font-weight: 400;\">Segundo a artista,<span>\u00a0<\/span><em>\u201cSendo a arte na sua ess\u00eancia a linguagem das emo\u00e7\u00f5es indiz\u00edveis, nesta mostra aqui apresentada na forma de pintura, modelagem e assemblagem, cada pe\u00e7a ou objeto encontrado num aparente acaso figura como uma nota que ecoa pelas paredes, encarnando o papel de espelhos da exist\u00eancia. Assim as mem\u00f3rias acumuladas como camadas de sentimentos funcionam como um herb\u00e1rio\/di\u00e1rio de viv\u00eancias, a arte veicula estes vest\u00edgios \/f\u00f3sseis do que fomos ou aspiramos ser nas superf\u00edcies.. telas, papeis, paredes&#8230;O passado funde-se com o presente revelando a beleza do ef\u00e9mero. A mem\u00f3ria transcende o ato de recordar, ela \u00e9 o reposit\u00f3rio da nossa exist\u00eancia. Arte e mem\u00f3ria permitem dar a ver emo\u00e7\u00f5es, sentimentos e sonhos, este espa\u00e7o de intersec\u00e7\u00e3o que une l\u00f3gica, racioc\u00ednio e emo\u00e7\u00f5es, revela as estrofes da vida, a minha, ou partes dela. Ent\u00e3o reinvento mundo, tecendo fios conectores de diferentes realidades do tempo, o meu no todo.\u201d<\/em><\/p>\n<p style=\"font-weight: 400;\"><strong>\u00a0<\/strong><\/p>\n<p style=\"font-weight: 400;\">\n<p style=\"font-weight: 400;\">\u00c1RVORE \u2013 Cooperativa de Actividades Art\u00edsticas, C.R.L.<\/p>\n<p style=\"font-weight: 400;\">Rua Azevedo de Albuquerque, n\u00ba 1<\/p>\n<p style=\"font-weight: 400;\">4050-076 Porto<\/p>\n<p style=\"font-weight: 400;\">\n<p style=\"font-weight: 400;\">\n<p style=\"font-weight: 400;\"><strong>BIOGRAFIA:<\/strong><\/p>\n<p style=\"font-weight: 400;\">Evelina Oliveira \u00e9 natural de Abrantes. Mestre em Ilustra\u00e7\u00e3o Art\u00edstica pela Universidade de \u00c9vora com p\u00f3s-gradua\u00e7\u00e3o \u2013 Especialista em Ilustra\u00e7\u00e3o pelo ISEC, Lisboa e curso de Hist\u00f3ria da Ilustra\u00e7\u00e3o na FBAUL.<\/p>\n<p style=\"font-weight: 400;\">Vive e trabalha no Porto, dando regularmente forma\u00e7\u00e3o em Workshops de Pintura, Desenho, T\u00e9cnicas de Impress\u00e3o artesanais e Ilustra\u00e7\u00e3o Art\u00edstica em Bibliotecas, Escolas e Museus.\u00a0 Professora convidada pela ESAD onde leciona a disciplina de Auto-Edi\u00e7\u00e3o e Serigrafia no curso P\u00f3s-gradua\u00e7\u00e3o em Ilustra\u00e7\u00e3o e Anima\u00e7\u00e3o Digital. Ilustrou diversos autores nacionais e estrangeiros, nomeadamente Nicolai Gogol, Monteiro Lobato, M\u00e1rio Cl\u00e1udio, Ad\u00e9lia Carvalho, Valter Hugo M\u00e3e, Jos\u00e9 Ant\u00f3nio Gomes, Jos\u00e9 Jorge Letria, Alice Vieira, Manuel Jorge Marmelo,\u00a0 Mariana Jones, Nuno Higino entre outros.<\/p>\n<p style=\"font-weight: 400;\">Galardoada com Merit Award no Concurso Internacional de Ilustra\u00e7\u00e3o Jungle Illustration Awards em 2022, Men\u00e7\u00e3o Honrosa -1\u00ba pr\u00e9mio de pintura de pequeno formato. Alhos Vedros em 2003,1\u00ba Pr\u00e9mio \u2013 Pr\u00e9mio Afonso Madeira, III Bienal de artes pl\u00e1sticas da Moita em 2007 e Pr\u00e9mio Revela\u00e7\u00e3o III Bienal de artes pl\u00e1sticas da Moita.<\/p>\n","protected":false},"excerpt":{"rendered":"<p>A Cooperativa \u00c1rvore recebe de 22 de mar\u00e7o a 12 de abril a Exposi\u00e7\u00e3o \u201cNatureza(s) \u2013 Lugares Meus\u201d da pintora Evelina Oliveira. Esta mostra \u00e9 composta por 5 telas de [&hellip;]<\/p>\n","protected":false},"author":34415,"featured_media":0,"comment_status":"closed","ping_status":"closed","sticky":false,"template":"","format":"standard","meta":{"_exactmetrics_skip_tracking":false,"_exactmetrics_sitenote_active":false,"_exactmetrics_sitenote_note":"","_exactmetrics_sitenote_category":0,"_uf_show_specific_survey":0,"_uf_disable_surveys":false,"footnotes":""},"categories":[1],"tags":[1832],"class_list":["post-9300","post","type-post","status-publish","format-standard","hentry","category-sem-categoria","tag-cooperativa-arvore"],"yoast_head":"<!-- This site is optimized with the Yoast SEO plugin v27.3 - https:\/\/yoast.com\/product\/yoast-seo-wordpress\/ -->\n<title>Exposi\u00e7\u00e3o \u201cNatureza(s) \u2013 Lugares Meus\u201d - Arte351 - Art Magazine Portugal<\/title>\n<meta name=\"robots\" content=\"index, follow, max-snippet:-1, max-image-preview:large, max-video-preview:-1\" \/>\n<link rel=\"canonical\" href=\"https:\/\/arte351.pt\/art\/2025\/03\/22\/exposicao-naturezas-lugares-meus\/\" \/>\n<meta property=\"og:locale\" content=\"pt_BR\" \/>\n<meta property=\"og:type\" content=\"article\" \/>\n<meta property=\"og:title\" content=\"Exposi\u00e7\u00e3o \u201cNatureza(s) \u2013 Lugares Meus\u201d - Arte351 - Art Magazine Portugal\" \/>\n<meta property=\"og:description\" content=\"A Cooperativa \u00c1rvore recebe de 22 de mar\u00e7o a 12 de abril a Exposi\u00e7\u00e3o \u201cNatureza(s) \u2013 Lugares Meus\u201d da pintora Evelina Oliveira. Esta mostra \u00e9 composta por 5 telas de [&hellip;]\" \/>\n<meta property=\"og:url\" content=\"https:\/\/arte351.pt\/art\/2025\/03\/22\/exposicao-naturezas-lugares-meus\/\" \/>\n<meta property=\"og:site_name\" content=\"Arte351 - Art Magazine Portugal\" \/>\n<meta property=\"article:publisher\" content=\"https:\/\/www.facebook.com\/arte351magazine\/\" \/>\n<meta property=\"article:published_time\" content=\"2025-03-22T19:02:03+00:00\" \/>\n<meta property=\"article:modified_time\" content=\"2025-03-25T19:02:32+00:00\" \/>\n<meta name=\"author\" content=\"Equipa Arte 351\" \/>\n<meta name=\"twitter:label1\" content=\"Escrito por\" \/>\n\t<meta name=\"twitter:data1\" content=\"Equipa Arte 351\" \/>\n\t<meta name=\"twitter:label2\" content=\"Est. tempo de leitura\" \/>\n\t<meta name=\"twitter:data2\" content=\"3 minutos\" \/>\n<script type=\"application\/ld+json\" class=\"yoast-schema-graph\">{\"@context\":\"https:\\\/\\\/schema.org\",\"@graph\":[{\"@type\":\"Article\",\"@id\":\"https:\\\/\\\/arte351.pt\\\/art\\\/2025\\\/03\\\/22\\\/exposicao-naturezas-lugares-meus\\\/#article\",\"isPartOf\":{\"@id\":\"https:\\\/\\\/arte351.pt\\\/art\\\/2025\\\/03\\\/22\\\/exposicao-naturezas-lugares-meus\\\/\"},\"author\":{\"name\":\"Equipa Arte 351\",\"@id\":\"https:\\\/\\\/arte351.pt\\\/art\\\/#\\\/schema\\\/person\\\/1d081d5dbc7c2a3f2317da95c823a5bd\"},\"headline\":\"Exposi\u00e7\u00e3o \u201cNatureza(s) \u2013 Lugares Meus\u201d\",\"datePublished\":\"2025-03-22T19:02:03+00:00\",\"dateModified\":\"2025-03-25T19:02:32+00:00\",\"mainEntityOfPage\":{\"@id\":\"https:\\\/\\\/arte351.pt\\\/art\\\/2025\\\/03\\\/22\\\/exposicao-naturezas-lugares-meus\\\/\"},\"wordCount\":472,\"publisher\":{\"@id\":\"https:\\\/\\\/arte351.pt\\\/art\\\/#organization\"},\"keywords\":[\"Cooperativa \u00c1rvore\"],\"articleSection\":[\"Blog ARTE-351\"],\"inLanguage\":\"pt-BR\"},{\"@type\":\"WebPage\",\"@id\":\"https:\\\/\\\/arte351.pt\\\/art\\\/2025\\\/03\\\/22\\\/exposicao-naturezas-lugares-meus\\\/\",\"url\":\"https:\\\/\\\/arte351.pt\\\/art\\\/2025\\\/03\\\/22\\\/exposicao-naturezas-lugares-meus\\\/\",\"name\":\"Exposi\u00e7\u00e3o \u201cNatureza(s) \u2013 Lugares Meus\u201d - Arte351 - Art Magazine Portugal\",\"isPartOf\":{\"@id\":\"https:\\\/\\\/arte351.pt\\\/art\\\/#website\"},\"datePublished\":\"2025-03-22T19:02:03+00:00\",\"dateModified\":\"2025-03-25T19:02:32+00:00\",\"breadcrumb\":{\"@id\":\"https:\\\/\\\/arte351.pt\\\/art\\\/2025\\\/03\\\/22\\\/exposicao-naturezas-lugares-meus\\\/#breadcrumb\"},\"inLanguage\":\"pt-BR\",\"potentialAction\":[{\"@type\":\"ReadAction\",\"target\":[\"https:\\\/\\\/arte351.pt\\\/art\\\/2025\\\/03\\\/22\\\/exposicao-naturezas-lugares-meus\\\/\"]}]},{\"@type\":\"BreadcrumbList\",\"@id\":\"https:\\\/\\\/arte351.pt\\\/art\\\/2025\\\/03\\\/22\\\/exposicao-naturezas-lugares-meus\\\/#breadcrumb\",\"itemListElement\":[{\"@type\":\"ListItem\",\"position\":1,\"name\":\"In\u00edcio\",\"item\":\"https:\\\/\\\/arte351.pt\\\/art\\\/\"},{\"@type\":\"ListItem\",\"position\":2,\"name\":\"Exposi\u00e7\u00e3o \u201cNatureza(s) \u2013 Lugares Meus\u201d\"}]},{\"@type\":\"WebSite\",\"@id\":\"https:\\\/\\\/arte351.pt\\\/art\\\/#website\",\"url\":\"https:\\\/\\\/arte351.pt\\\/art\\\/\",\"name\":\"Arte351 - Art Magazine Portugal\",\"description\":\"\",\"publisher\":{\"@id\":\"https:\\\/\\\/arte351.pt\\\/art\\\/#organization\"},\"potentialAction\":[{\"@type\":\"SearchAction\",\"target\":{\"@type\":\"EntryPoint\",\"urlTemplate\":\"https:\\\/\\\/arte351.pt\\\/art\\\/?s={search_term_string}\"},\"query-input\":{\"@type\":\"PropertyValueSpecification\",\"valueRequired\":true,\"valueName\":\"search_term_string\"}}],\"inLanguage\":\"pt-BR\"},{\"@type\":\"Organization\",\"@id\":\"https:\\\/\\\/arte351.pt\\\/art\\\/#organization\",\"name\":\"Arte351 - Art Magazine Portugal\",\"url\":\"https:\\\/\\\/arte351.pt\\\/art\\\/\",\"logo\":{\"@type\":\"ImageObject\",\"inLanguage\":\"pt-BR\",\"@id\":\"https:\\\/\\\/arte351.pt\\\/art\\\/#\\\/schema\\\/logo\\\/image\\\/\",\"url\":\"https:\\\/\\\/arte351.pt\\\/art\\\/wp-content\\\/uploads\\\/2020\\\/03\\\/cropped-logo-arte351-color.png\",\"contentUrl\":\"https:\\\/\\\/arte351.pt\\\/art\\\/wp-content\\\/uploads\\\/2020\\\/03\\\/cropped-logo-arte351-color.png\",\"width\":514,\"height\":200,\"caption\":\"Arte351 - Art Magazine Portugal\"},\"image\":{\"@id\":\"https:\\\/\\\/arte351.pt\\\/art\\\/#\\\/schema\\\/logo\\\/image\\\/\"},\"sameAs\":[\"https:\\\/\\\/www.facebook.com\\\/arte351magazine\\\/\"]},{\"@type\":\"Person\",\"@id\":\"https:\\\/\\\/arte351.pt\\\/art\\\/#\\\/schema\\\/person\\\/1d081d5dbc7c2a3f2317da95c823a5bd\",\"name\":\"Equipa Arte 351\",\"image\":{\"@type\":\"ImageObject\",\"inLanguage\":\"pt-BR\",\"@id\":\"https:\\\/\\\/secure.gravatar.com\\\/avatar\\\/3f97e62c832ede8fafe5d2f9e31f8a055e187b6b31056d1e065d95e034db52e2?s=96&d=mm&r=g\",\"url\":\"https:\\\/\\\/secure.gravatar.com\\\/avatar\\\/3f97e62c832ede8fafe5d2f9e31f8a055e187b6b31056d1e065d95e034db52e2?s=96&d=mm&r=g\",\"contentUrl\":\"https:\\\/\\\/secure.gravatar.com\\\/avatar\\\/3f97e62c832ede8fafe5d2f9e31f8a055e187b6b31056d1e065d95e034db52e2?s=96&d=mm&r=g\",\"caption\":\"Equipa Arte 351\"},\"url\":\"https:\\\/\\\/arte351.pt\\\/art\\\/author\\\/admin2\\\/\"}]}<\/script>\n<!-- \/ Yoast SEO plugin. -->","yoast_head_json":{"title":"Exposi\u00e7\u00e3o \u201cNatureza(s) \u2013 Lugares Meus\u201d - Arte351 - Art Magazine Portugal","robots":{"index":"index","follow":"follow","max-snippet":"max-snippet:-1","max-image-preview":"max-image-preview:large","max-video-preview":"max-video-preview:-1"},"canonical":"https:\/\/arte351.pt\/art\/2025\/03\/22\/exposicao-naturezas-lugares-meus\/","og_locale":"pt_BR","og_type":"article","og_title":"Exposi\u00e7\u00e3o \u201cNatureza(s) \u2013 Lugares Meus\u201d - Arte351 - Art Magazine Portugal","og_description":"A Cooperativa \u00c1rvore recebe de 22 de mar\u00e7o a 12 de abril a Exposi\u00e7\u00e3o \u201cNatureza(s) \u2013 Lugares Meus\u201d da pintora Evelina Oliveira. Esta mostra \u00e9 composta por 5 telas de [&hellip;]","og_url":"https:\/\/arte351.pt\/art\/2025\/03\/22\/exposicao-naturezas-lugares-meus\/","og_site_name":"Arte351 - Art Magazine Portugal","article_publisher":"https:\/\/www.facebook.com\/arte351magazine\/","article_published_time":"2025-03-22T19:02:03+00:00","article_modified_time":"2025-03-25T19:02:32+00:00","author":"Equipa Arte 351","twitter_misc":{"Escrito por":"Equipa Arte 351","Est. tempo de leitura":"3 minutos"},"schema":{"@context":"https:\/\/schema.org","@graph":[{"@type":"Article","@id":"https:\/\/arte351.pt\/art\/2025\/03\/22\/exposicao-naturezas-lugares-meus\/#article","isPartOf":{"@id":"https:\/\/arte351.pt\/art\/2025\/03\/22\/exposicao-naturezas-lugares-meus\/"},"author":{"name":"Equipa Arte 351","@id":"https:\/\/arte351.pt\/art\/#\/schema\/person\/1d081d5dbc7c2a3f2317da95c823a5bd"},"headline":"Exposi\u00e7\u00e3o \u201cNatureza(s) \u2013 Lugares Meus\u201d","datePublished":"2025-03-22T19:02:03+00:00","dateModified":"2025-03-25T19:02:32+00:00","mainEntityOfPage":{"@id":"https:\/\/arte351.pt\/art\/2025\/03\/22\/exposicao-naturezas-lugares-meus\/"},"wordCount":472,"publisher":{"@id":"https:\/\/arte351.pt\/art\/#organization"},"keywords":["Cooperativa \u00c1rvore"],"articleSection":["Blog ARTE-351"],"inLanguage":"pt-BR"},{"@type":"WebPage","@id":"https:\/\/arte351.pt\/art\/2025\/03\/22\/exposicao-naturezas-lugares-meus\/","url":"https:\/\/arte351.pt\/art\/2025\/03\/22\/exposicao-naturezas-lugares-meus\/","name":"Exposi\u00e7\u00e3o \u201cNatureza(s) \u2013 Lugares Meus\u201d - Arte351 - Art Magazine Portugal","isPartOf":{"@id":"https:\/\/arte351.pt\/art\/#website"},"datePublished":"2025-03-22T19:02:03+00:00","dateModified":"2025-03-25T19:02:32+00:00","breadcrumb":{"@id":"https:\/\/arte351.pt\/art\/2025\/03\/22\/exposicao-naturezas-lugares-meus\/#breadcrumb"},"inLanguage":"pt-BR","potentialAction":[{"@type":"ReadAction","target":["https:\/\/arte351.pt\/art\/2025\/03\/22\/exposicao-naturezas-lugares-meus\/"]}]},{"@type":"BreadcrumbList","@id":"https:\/\/arte351.pt\/art\/2025\/03\/22\/exposicao-naturezas-lugares-meus\/#breadcrumb","itemListElement":[{"@type":"ListItem","position":1,"name":"In\u00edcio","item":"https:\/\/arte351.pt\/art\/"},{"@type":"ListItem","position":2,"name":"Exposi\u00e7\u00e3o \u201cNatureza(s) \u2013 Lugares Meus\u201d"}]},{"@type":"WebSite","@id":"https:\/\/arte351.pt\/art\/#website","url":"https:\/\/arte351.pt\/art\/","name":"Arte351 - Art Magazine Portugal","description":"","publisher":{"@id":"https:\/\/arte351.pt\/art\/#organization"},"potentialAction":[{"@type":"SearchAction","target":{"@type":"EntryPoint","urlTemplate":"https:\/\/arte351.pt\/art\/?s={search_term_string}"},"query-input":{"@type":"PropertyValueSpecification","valueRequired":true,"valueName":"search_term_string"}}],"inLanguage":"pt-BR"},{"@type":"Organization","@id":"https:\/\/arte351.pt\/art\/#organization","name":"Arte351 - Art Magazine Portugal","url":"https:\/\/arte351.pt\/art\/","logo":{"@type":"ImageObject","inLanguage":"pt-BR","@id":"https:\/\/arte351.pt\/art\/#\/schema\/logo\/image\/","url":"https:\/\/arte351.pt\/art\/wp-content\/uploads\/2020\/03\/cropped-logo-arte351-color.png","contentUrl":"https:\/\/arte351.pt\/art\/wp-content\/uploads\/2020\/03\/cropped-logo-arte351-color.png","width":514,"height":200,"caption":"Arte351 - Art Magazine Portugal"},"image":{"@id":"https:\/\/arte351.pt\/art\/#\/schema\/logo\/image\/"},"sameAs":["https:\/\/www.facebook.com\/arte351magazine\/"]},{"@type":"Person","@id":"https:\/\/arte351.pt\/art\/#\/schema\/person\/1d081d5dbc7c2a3f2317da95c823a5bd","name":"Equipa Arte 351","image":{"@type":"ImageObject","inLanguage":"pt-BR","@id":"https:\/\/secure.gravatar.com\/avatar\/3f97e62c832ede8fafe5d2f9e31f8a055e187b6b31056d1e065d95e034db52e2?s=96&d=mm&r=g","url":"https:\/\/secure.gravatar.com\/avatar\/3f97e62c832ede8fafe5d2f9e31f8a055e187b6b31056d1e065d95e034db52e2?s=96&d=mm&r=g","contentUrl":"https:\/\/secure.gravatar.com\/avatar\/3f97e62c832ede8fafe5d2f9e31f8a055e187b6b31056d1e065d95e034db52e2?s=96&d=mm&r=g","caption":"Equipa Arte 351"},"url":"https:\/\/arte351.pt\/art\/author\/admin2\/"}]}},"_links":{"self":[{"href":"https:\/\/arte351.pt\/art\/wp-json\/wp\/v2\/posts\/9300","targetHints":{"allow":["GET"]}}],"collection":[{"href":"https:\/\/arte351.pt\/art\/wp-json\/wp\/v2\/posts"}],"about":[{"href":"https:\/\/arte351.pt\/art\/wp-json\/wp\/v2\/types\/post"}],"author":[{"embeddable":true,"href":"https:\/\/arte351.pt\/art\/wp-json\/wp\/v2\/users\/34415"}],"replies":[{"embeddable":true,"href":"https:\/\/arte351.pt\/art\/wp-json\/wp\/v2\/comments?post=9300"}],"version-history":[{"count":1,"href":"https:\/\/arte351.pt\/art\/wp-json\/wp\/v2\/posts\/9300\/revisions"}],"predecessor-version":[{"id":9301,"href":"https:\/\/arte351.pt\/art\/wp-json\/wp\/v2\/posts\/9300\/revisions\/9301"}],"wp:attachment":[{"href":"https:\/\/arte351.pt\/art\/wp-json\/wp\/v2\/media?parent=9300"}],"wp:term":[{"taxonomy":"category","embeddable":true,"href":"https:\/\/arte351.pt\/art\/wp-json\/wp\/v2\/categories?post=9300"},{"taxonomy":"post_tag","embeddable":true,"href":"https:\/\/arte351.pt\/art\/wp-json\/wp\/v2\/tags?post=9300"}],"curies":[{"name":"wp","href":"https:\/\/api.w.org\/{rel}","templated":true}]}}