{"id":931,"date":"2016-09-10T11:05:22","date_gmt":"2016-09-10T11:05:22","guid":{"rendered":"http:\/\/arte351.pt\/art\/?p=931"},"modified":"2016-09-15T11:18:15","modified_gmt":"2016-09-15T11:18:15","slug":"colunista-do-arte351-ozias-filho-lanca-livro-no-rio","status":"publish","type":"post","link":"https:\/\/arte351.pt\/art\/2016\/09\/10\/colunista-do-arte351-ozias-filho-lanca-livro-no-rio\/","title":{"rendered":"COLUNISTA DO ARTE351, OZIAS FILHO, LAN\u00c7A LIVRO NO RIO!"},"content":{"rendered":"<figure class=\"thumbnail wp-caption alignleft\" style=\"width: 230px\"><img fetchpriority=\"high\" decoding=\"async\" class=\"\" src=\"http:\/\/2.bp.blogspot.com\/-dgv9wwG4y_w\/UhaO9ZXiftI\/AAAAAAAAD_M\/KKrC2L38t0E\/s1600\/283641_298761613555810_1608664051_n.jpg\" alt=\"Ozias Filho\" width=\"220\" height=\"587\" \/><figcaption class=\"caption wp-caption-text\">Ozias Filho<\/figcaption><\/figure>\n<p style=\"text-align: justify;\">O escritor e colunista do Arte351, OZIAS FILHO lan\u00e7a no pr\u00f3ximo dia 24\/09, na Livraria Arlequim, na cidade do Rio de Janeiro, Brasil, o livro O REL\u00d3GIO AVARIADO DE DEUS, publicado pela Texto Territ\u00f3rio Editores. A todos os amantes das artes que estiverem no Rio de Janeiro, fica o convite!<\/p>\n<p style=\"text-align: justify;\">Lan\u00e7amento do Livro: O REL\u00d3GIO AVARIADO DE DEUS<br \/>\nEscritor: Ozias Filho<br \/>\nEditora: Texto Territ\u00f3rio Editores<br \/>\nLocal: Livraria Arlequim &#8211; Pra\u00e7a Quinze de Novembro, 48 &#8211; Loja 1 Centro, Rio de Janeiro<br \/>\nData e Hora: 24 de Setembro entre as 11hs e 14hs.<\/p>\n","protected":false},"excerpt":{"rendered":"<p>O escritor e colunista do Arte351, OZIAS FILHO lan\u00e7a no pr\u00f3ximo dia 24\/09, na Livraria Arlequim, na cidade do Rio de Janeiro, Brasil, o livro O REL\u00d3GIO AVARIADO DE DEUS, [&hellip;]<\/p>\n","protected":false},"author":34415,"featured_media":932,"comment_status":"open","ping_status":"open","sticky":false,"template":"","format":"standard","meta":{"_exactmetrics_skip_tracking":false,"_exactmetrics_sitenote_active":false,"_exactmetrics_sitenote_note":"","_exactmetrics_sitenote_category":0,"_uf_show_specific_survey":0,"_uf_disable_surveys":false,"footnotes":""},"categories":[2],"tags":[],"class_list":["post-931","post","type-post","status-publish","format-standard","has-post-thumbnail","hentry","category-art-contemp"],"yoast_head":"<!-- This site is optimized with the Yoast SEO plugin v27.3 - https:\/\/yoast.com\/product\/yoast-seo-wordpress\/ -->\n<title>COLUNISTA DO ARTE351, OZIAS FILHO, LAN\u00c7A LIVRO NO RIO! - Arte351 - Art Magazine Portugal<\/title>\n<meta name=\"robots\" content=\"index, follow, max-snippet:-1, max-image-preview:large, max-video-preview:-1\" \/>\n<link rel=\"canonical\" href=\"https:\/\/arte351.pt\/art\/2016\/09\/10\/colunista-do-arte351-ozias-filho-lanca-livro-no-rio\/\" \/>\n<meta property=\"og:locale\" content=\"pt_BR\" \/>\n<meta property=\"og:type\" content=\"article\" \/>\n<meta property=\"og:title\" content=\"COLUNISTA DO ARTE351, OZIAS FILHO, LAN\u00c7A LIVRO NO RIO! - Arte351 - Art Magazine Portugal\" \/>\n<meta property=\"og:description\" content=\"O escritor e colunista do Arte351, OZIAS FILHO lan\u00e7a no pr\u00f3ximo dia 24\/09, na Livraria Arlequim, na cidade do Rio de Janeiro, Brasil, o livro O REL\u00d3GIO AVARIADO DE DEUS, [&hellip;]\" \/>\n<meta property=\"og:url\" content=\"https:\/\/arte351.pt\/art\/2016\/09\/10\/colunista-do-arte351-ozias-filho-lanca-livro-no-rio\/\" \/>\n<meta property=\"og:site_name\" content=\"Arte351 - Art Magazine Portugal\" \/>\n<meta property=\"article:publisher\" content=\"https:\/\/www.facebook.com\/arte351magazine\/\" \/>\n<meta property=\"article:published_time\" content=\"2016-09-10T11:05:22+00:00\" \/>\n<meta property=\"article:modified_time\" content=\"2016-09-15T11:18:15+00:00\" \/>\n<meta property=\"og:image\" content=\"https:\/\/arte351.pt\/art\/wp-content\/uploads\/2016\/09\/trud_006.jpg\" \/>\n\t<meta property=\"og:image:width\" content=\"1280\" \/>\n\t<meta property=\"og:image:height\" content=\"600\" \/>\n\t<meta property=\"og:image:type\" content=\"image\/jpeg\" \/>\n<meta name=\"author\" content=\"Equipa Arte 351\" \/>\n<meta name=\"twitter:label1\" content=\"Escrito por\" \/>\n\t<meta name=\"twitter:data1\" content=\"Equipa Arte 351\" \/>\n\t<meta name=\"twitter:label2\" content=\"Est. tempo de leitura\" \/>\n\t<meta name=\"twitter:data2\" content=\"1 minuto\" \/>\n<script type=\"application\/ld+json\" class=\"yoast-schema-graph\">{\"@context\":\"https:\\\/\\\/schema.org\",\"@graph\":[{\"@type\":\"Article\",\"@id\":\"https:\\\/\\\/arte351.pt\\\/art\\\/2016\\\/09\\\/10\\\/colunista-do-arte351-ozias-filho-lanca-livro-no-rio\\\/#article\",\"isPartOf\":{\"@id\":\"https:\\\/\\\/arte351.pt\\\/art\\\/2016\\\/09\\\/10\\\/colunista-do-arte351-ozias-filho-lanca-livro-no-rio\\\/\"},\"author\":{\"name\":\"Equipa Arte 351\",\"@id\":\"https:\\\/\\\/arte351.pt\\\/art\\\/#\\\/schema\\\/person\\\/1d081d5dbc7c2a3f2317da95c823a5bd\"},\"headline\":\"COLUNISTA DO ARTE351, OZIAS FILHO, LAN\u00c7A LIVRO NO RIO!\",\"datePublished\":\"2016-09-10T11:05:22+00:00\",\"dateModified\":\"2016-09-15T11:18:15+00:00\",\"mainEntityOfPage\":{\"@id\":\"https:\\\/\\\/arte351.pt\\\/art\\\/2016\\\/09\\\/10\\\/colunista-do-arte351-ozias-filho-lanca-livro-no-rio\\\/\"},\"wordCount\":114,\"commentCount\":0,\"publisher\":{\"@id\":\"https:\\\/\\\/arte351.pt\\\/art\\\/#organization\"},\"image\":{\"@id\":\"https:\\\/\\\/arte351.pt\\\/art\\\/2016\\\/09\\\/10\\\/colunista-do-arte351-ozias-filho-lanca-livro-no-rio\\\/#primaryimage\"},\"thumbnailUrl\":\"https:\\\/\\\/arte351.pt\\\/art\\\/wp-content\\\/uploads\\\/2016\\\/09\\\/trud_006.jpg\",\"articleSection\":[\"Arte\"],\"inLanguage\":\"pt-BR\",\"potentialAction\":[{\"@type\":\"CommentAction\",\"name\":\"Comment\",\"target\":[\"https:\\\/\\\/arte351.pt\\\/art\\\/2016\\\/09\\\/10\\\/colunista-do-arte351-ozias-filho-lanca-livro-no-rio\\\/#respond\"]}]},{\"@type\":\"WebPage\",\"@id\":\"https:\\\/\\\/arte351.pt\\\/art\\\/2016\\\/09\\\/10\\\/colunista-do-arte351-ozias-filho-lanca-livro-no-rio\\\/\",\"url\":\"https:\\\/\\\/arte351.pt\\\/art\\\/2016\\\/09\\\/10\\\/colunista-do-arte351-ozias-filho-lanca-livro-no-rio\\\/\",\"name\":\"COLUNISTA DO ARTE351, OZIAS FILHO, LAN\u00c7A LIVRO NO RIO! - Arte351 - Art Magazine Portugal\",\"isPartOf\":{\"@id\":\"https:\\\/\\\/arte351.pt\\\/art\\\/#website\"},\"primaryImageOfPage\":{\"@id\":\"https:\\\/\\\/arte351.pt\\\/art\\\/2016\\\/09\\\/10\\\/colunista-do-arte351-ozias-filho-lanca-livro-no-rio\\\/#primaryimage\"},\"image\":{\"@id\":\"https:\\\/\\\/arte351.pt\\\/art\\\/2016\\\/09\\\/10\\\/colunista-do-arte351-ozias-filho-lanca-livro-no-rio\\\/#primaryimage\"},\"thumbnailUrl\":\"https:\\\/\\\/arte351.pt\\\/art\\\/wp-content\\\/uploads\\\/2016\\\/09\\\/trud_006.jpg\",\"datePublished\":\"2016-09-10T11:05:22+00:00\",\"dateModified\":\"2016-09-15T11:18:15+00:00\",\"breadcrumb\":{\"@id\":\"https:\\\/\\\/arte351.pt\\\/art\\\/2016\\\/09\\\/10\\\/colunista-do-arte351-ozias-filho-lanca-livro-no-rio\\\/#breadcrumb\"},\"inLanguage\":\"pt-BR\",\"potentialAction\":[{\"@type\":\"ReadAction\",\"target\":[\"https:\\\/\\\/arte351.pt\\\/art\\\/2016\\\/09\\\/10\\\/colunista-do-arte351-ozias-filho-lanca-livro-no-rio\\\/\"]}]},{\"@type\":\"ImageObject\",\"inLanguage\":\"pt-BR\",\"@id\":\"https:\\\/\\\/arte351.pt\\\/art\\\/2016\\\/09\\\/10\\\/colunista-do-arte351-ozias-filho-lanca-livro-no-rio\\\/#primaryimage\",\"url\":\"https:\\\/\\\/arte351.pt\\\/art\\\/wp-content\\\/uploads\\\/2016\\\/09\\\/trud_006.jpg\",\"contentUrl\":\"https:\\\/\\\/arte351.pt\\\/art\\\/wp-content\\\/uploads\\\/2016\\\/09\\\/trud_006.jpg\",\"width\":1280,\"height\":600},{\"@type\":\"BreadcrumbList\",\"@id\":\"https:\\\/\\\/arte351.pt\\\/art\\\/2016\\\/09\\\/10\\\/colunista-do-arte351-ozias-filho-lanca-livro-no-rio\\\/#breadcrumb\",\"itemListElement\":[{\"@type\":\"ListItem\",\"position\":1,\"name\":\"In\u00edcio\",\"item\":\"https:\\\/\\\/arte351.pt\\\/art\\\/\"},{\"@type\":\"ListItem\",\"position\":2,\"name\":\"COLUNISTA DO ARTE351, OZIAS FILHO, LAN\u00c7A LIVRO NO RIO!\"}]},{\"@type\":\"WebSite\",\"@id\":\"https:\\\/\\\/arte351.pt\\\/art\\\/#website\",\"url\":\"https:\\\/\\\/arte351.pt\\\/art\\\/\",\"name\":\"Arte351 - Art Magazine Portugal\",\"description\":\"\",\"publisher\":{\"@id\":\"https:\\\/\\\/arte351.pt\\\/art\\\/#organization\"},\"potentialAction\":[{\"@type\":\"SearchAction\",\"target\":{\"@type\":\"EntryPoint\",\"urlTemplate\":\"https:\\\/\\\/arte351.pt\\\/art\\\/?s={search_term_string}\"},\"query-input\":{\"@type\":\"PropertyValueSpecification\",\"valueRequired\":true,\"valueName\":\"search_term_string\"}}],\"inLanguage\":\"pt-BR\"},{\"@type\":\"Organization\",\"@id\":\"https:\\\/\\\/arte351.pt\\\/art\\\/#organization\",\"name\":\"Arte351 - Art Magazine Portugal\",\"url\":\"https:\\\/\\\/arte351.pt\\\/art\\\/\",\"logo\":{\"@type\":\"ImageObject\",\"inLanguage\":\"pt-BR\",\"@id\":\"https:\\\/\\\/arte351.pt\\\/art\\\/#\\\/schema\\\/logo\\\/image\\\/\",\"url\":\"https:\\\/\\\/arte351.pt\\\/art\\\/wp-content\\\/uploads\\\/2020\\\/03\\\/cropped-logo-arte351-color.png\",\"contentUrl\":\"https:\\\/\\\/arte351.pt\\\/art\\\/wp-content\\\/uploads\\\/2020\\\/03\\\/cropped-logo-arte351-color.png\",\"width\":514,\"height\":200,\"caption\":\"Arte351 - Art Magazine Portugal\"},\"image\":{\"@id\":\"https:\\\/\\\/arte351.pt\\\/art\\\/#\\\/schema\\\/logo\\\/image\\\/\"},\"sameAs\":[\"https:\\\/\\\/www.facebook.com\\\/arte351magazine\\\/\"]},{\"@type\":\"Person\",\"@id\":\"https:\\\/\\\/arte351.pt\\\/art\\\/#\\\/schema\\\/person\\\/1d081d5dbc7c2a3f2317da95c823a5bd\",\"name\":\"Equipa Arte 351\",\"image\":{\"@type\":\"ImageObject\",\"inLanguage\":\"pt-BR\",\"@id\":\"https:\\\/\\\/secure.gravatar.com\\\/avatar\\\/3f97e62c832ede8fafe5d2f9e31f8a055e187b6b31056d1e065d95e034db52e2?s=96&d=mm&r=g\",\"url\":\"https:\\\/\\\/secure.gravatar.com\\\/avatar\\\/3f97e62c832ede8fafe5d2f9e31f8a055e187b6b31056d1e065d95e034db52e2?s=96&d=mm&r=g\",\"contentUrl\":\"https:\\\/\\\/secure.gravatar.com\\\/avatar\\\/3f97e62c832ede8fafe5d2f9e31f8a055e187b6b31056d1e065d95e034db52e2?s=96&d=mm&r=g\",\"caption\":\"Equipa Arte 351\"},\"url\":\"https:\\\/\\\/arte351.pt\\\/art\\\/author\\\/admin2\\\/\"}]}<\/script>\n<!-- \/ Yoast SEO plugin. -->","yoast_head_json":{"title":"COLUNISTA DO ARTE351, OZIAS FILHO, LAN\u00c7A LIVRO NO RIO! - Arte351 - Art Magazine Portugal","robots":{"index":"index","follow":"follow","max-snippet":"max-snippet:-1","max-image-preview":"max-image-preview:large","max-video-preview":"max-video-preview:-1"},"canonical":"https:\/\/arte351.pt\/art\/2016\/09\/10\/colunista-do-arte351-ozias-filho-lanca-livro-no-rio\/","og_locale":"pt_BR","og_type":"article","og_title":"COLUNISTA DO ARTE351, OZIAS FILHO, LAN\u00c7A LIVRO NO RIO! - Arte351 - Art Magazine Portugal","og_description":"O escritor e colunista do Arte351, OZIAS FILHO lan\u00e7a no pr\u00f3ximo dia 24\/09, na Livraria Arlequim, na cidade do Rio de Janeiro, Brasil, o livro O REL\u00d3GIO AVARIADO DE DEUS, [&hellip;]","og_url":"https:\/\/arte351.pt\/art\/2016\/09\/10\/colunista-do-arte351-ozias-filho-lanca-livro-no-rio\/","og_site_name":"Arte351 - Art Magazine Portugal","article_publisher":"https:\/\/www.facebook.com\/arte351magazine\/","article_published_time":"2016-09-10T11:05:22+00:00","article_modified_time":"2016-09-15T11:18:15+00:00","og_image":[{"width":1280,"height":600,"url":"https:\/\/arte351.pt\/art\/wp-content\/uploads\/2016\/09\/trud_006.jpg","type":"image\/jpeg"}],"author":"Equipa Arte 351","twitter_misc":{"Escrito por":"Equipa Arte 351","Est. tempo de leitura":"1 minuto"},"schema":{"@context":"https:\/\/schema.org","@graph":[{"@type":"Article","@id":"https:\/\/arte351.pt\/art\/2016\/09\/10\/colunista-do-arte351-ozias-filho-lanca-livro-no-rio\/#article","isPartOf":{"@id":"https:\/\/arte351.pt\/art\/2016\/09\/10\/colunista-do-arte351-ozias-filho-lanca-livro-no-rio\/"},"author":{"name":"Equipa Arte 351","@id":"https:\/\/arte351.pt\/art\/#\/schema\/person\/1d081d5dbc7c2a3f2317da95c823a5bd"},"headline":"COLUNISTA DO ARTE351, OZIAS FILHO, LAN\u00c7A LIVRO NO RIO!","datePublished":"2016-09-10T11:05:22+00:00","dateModified":"2016-09-15T11:18:15+00:00","mainEntityOfPage":{"@id":"https:\/\/arte351.pt\/art\/2016\/09\/10\/colunista-do-arte351-ozias-filho-lanca-livro-no-rio\/"},"wordCount":114,"commentCount":0,"publisher":{"@id":"https:\/\/arte351.pt\/art\/#organization"},"image":{"@id":"https:\/\/arte351.pt\/art\/2016\/09\/10\/colunista-do-arte351-ozias-filho-lanca-livro-no-rio\/#primaryimage"},"thumbnailUrl":"https:\/\/arte351.pt\/art\/wp-content\/uploads\/2016\/09\/trud_006.jpg","articleSection":["Arte"],"inLanguage":"pt-BR","potentialAction":[{"@type":"CommentAction","name":"Comment","target":["https:\/\/arte351.pt\/art\/2016\/09\/10\/colunista-do-arte351-ozias-filho-lanca-livro-no-rio\/#respond"]}]},{"@type":"WebPage","@id":"https:\/\/arte351.pt\/art\/2016\/09\/10\/colunista-do-arte351-ozias-filho-lanca-livro-no-rio\/","url":"https:\/\/arte351.pt\/art\/2016\/09\/10\/colunista-do-arte351-ozias-filho-lanca-livro-no-rio\/","name":"COLUNISTA DO ARTE351, OZIAS FILHO, LAN\u00c7A LIVRO NO RIO! - Arte351 - Art Magazine Portugal","isPartOf":{"@id":"https:\/\/arte351.pt\/art\/#website"},"primaryImageOfPage":{"@id":"https:\/\/arte351.pt\/art\/2016\/09\/10\/colunista-do-arte351-ozias-filho-lanca-livro-no-rio\/#primaryimage"},"image":{"@id":"https:\/\/arte351.pt\/art\/2016\/09\/10\/colunista-do-arte351-ozias-filho-lanca-livro-no-rio\/#primaryimage"},"thumbnailUrl":"https:\/\/arte351.pt\/art\/wp-content\/uploads\/2016\/09\/trud_006.jpg","datePublished":"2016-09-10T11:05:22+00:00","dateModified":"2016-09-15T11:18:15+00:00","breadcrumb":{"@id":"https:\/\/arte351.pt\/art\/2016\/09\/10\/colunista-do-arte351-ozias-filho-lanca-livro-no-rio\/#breadcrumb"},"inLanguage":"pt-BR","potentialAction":[{"@type":"ReadAction","target":["https:\/\/arte351.pt\/art\/2016\/09\/10\/colunista-do-arte351-ozias-filho-lanca-livro-no-rio\/"]}]},{"@type":"ImageObject","inLanguage":"pt-BR","@id":"https:\/\/arte351.pt\/art\/2016\/09\/10\/colunista-do-arte351-ozias-filho-lanca-livro-no-rio\/#primaryimage","url":"https:\/\/arte351.pt\/art\/wp-content\/uploads\/2016\/09\/trud_006.jpg","contentUrl":"https:\/\/arte351.pt\/art\/wp-content\/uploads\/2016\/09\/trud_006.jpg","width":1280,"height":600},{"@type":"BreadcrumbList","@id":"https:\/\/arte351.pt\/art\/2016\/09\/10\/colunista-do-arte351-ozias-filho-lanca-livro-no-rio\/#breadcrumb","itemListElement":[{"@type":"ListItem","position":1,"name":"In\u00edcio","item":"https:\/\/arte351.pt\/art\/"},{"@type":"ListItem","position":2,"name":"COLUNISTA DO ARTE351, OZIAS FILHO, LAN\u00c7A LIVRO NO RIO!"}]},{"@type":"WebSite","@id":"https:\/\/arte351.pt\/art\/#website","url":"https:\/\/arte351.pt\/art\/","name":"Arte351 - Art Magazine Portugal","description":"","publisher":{"@id":"https:\/\/arte351.pt\/art\/#organization"},"potentialAction":[{"@type":"SearchAction","target":{"@type":"EntryPoint","urlTemplate":"https:\/\/arte351.pt\/art\/?s={search_term_string}"},"query-input":{"@type":"PropertyValueSpecification","valueRequired":true,"valueName":"search_term_string"}}],"inLanguage":"pt-BR"},{"@type":"Organization","@id":"https:\/\/arte351.pt\/art\/#organization","name":"Arte351 - Art Magazine Portugal","url":"https:\/\/arte351.pt\/art\/","logo":{"@type":"ImageObject","inLanguage":"pt-BR","@id":"https:\/\/arte351.pt\/art\/#\/schema\/logo\/image\/","url":"https:\/\/arte351.pt\/art\/wp-content\/uploads\/2020\/03\/cropped-logo-arte351-color.png","contentUrl":"https:\/\/arte351.pt\/art\/wp-content\/uploads\/2020\/03\/cropped-logo-arte351-color.png","width":514,"height":200,"caption":"Arte351 - Art Magazine Portugal"},"image":{"@id":"https:\/\/arte351.pt\/art\/#\/schema\/logo\/image\/"},"sameAs":["https:\/\/www.facebook.com\/arte351magazine\/"]},{"@type":"Person","@id":"https:\/\/arte351.pt\/art\/#\/schema\/person\/1d081d5dbc7c2a3f2317da95c823a5bd","name":"Equipa Arte 351","image":{"@type":"ImageObject","inLanguage":"pt-BR","@id":"https:\/\/secure.gravatar.com\/avatar\/3f97e62c832ede8fafe5d2f9e31f8a055e187b6b31056d1e065d95e034db52e2?s=96&d=mm&r=g","url":"https:\/\/secure.gravatar.com\/avatar\/3f97e62c832ede8fafe5d2f9e31f8a055e187b6b31056d1e065d95e034db52e2?s=96&d=mm&r=g","contentUrl":"https:\/\/secure.gravatar.com\/avatar\/3f97e62c832ede8fafe5d2f9e31f8a055e187b6b31056d1e065d95e034db52e2?s=96&d=mm&r=g","caption":"Equipa Arte 351"},"url":"https:\/\/arte351.pt\/art\/author\/admin2\/"}]}},"_links":{"self":[{"href":"https:\/\/arte351.pt\/art\/wp-json\/wp\/v2\/posts\/931","targetHints":{"allow":["GET"]}}],"collection":[{"href":"https:\/\/arte351.pt\/art\/wp-json\/wp\/v2\/posts"}],"about":[{"href":"https:\/\/arte351.pt\/art\/wp-json\/wp\/v2\/types\/post"}],"author":[{"embeddable":true,"href":"https:\/\/arte351.pt\/art\/wp-json\/wp\/v2\/users\/34415"}],"replies":[{"embeddable":true,"href":"https:\/\/arte351.pt\/art\/wp-json\/wp\/v2\/comments?post=931"}],"version-history":[{"count":1,"href":"https:\/\/arte351.pt\/art\/wp-json\/wp\/v2\/posts\/931\/revisions"}],"predecessor-version":[{"id":933,"href":"https:\/\/arte351.pt\/art\/wp-json\/wp\/v2\/posts\/931\/revisions\/933"}],"wp:featuredmedia":[{"embeddable":true,"href":"https:\/\/arte351.pt\/art\/wp-json\/wp\/v2\/media\/932"}],"wp:attachment":[{"href":"https:\/\/arte351.pt\/art\/wp-json\/wp\/v2\/media?parent=931"}],"wp:term":[{"taxonomy":"category","embeddable":true,"href":"https:\/\/arte351.pt\/art\/wp-json\/wp\/v2\/categories?post=931"},{"taxonomy":"post_tag","embeddable":true,"href":"https:\/\/arte351.pt\/art\/wp-json\/wp\/v2\/tags?post=931"}],"curies":[{"name":"wp","href":"https:\/\/api.w.org\/{rel}","templated":true}]}}