{"id":9335,"date":"2025-03-28T14:01:06","date_gmt":"2025-03-28T14:01:06","guid":{"rendered":"https:\/\/arte351.pt\/art\/?p=9335"},"modified":"2025-03-26T14:04:54","modified_gmt":"2025-03-26T14:04:54","slug":"invisibilidades-exposicao-amplifica-vozes-de-mulheres-e-pessoas-nao-binarias-no-porto","status":"publish","type":"post","link":"https:\/\/arte351.pt\/art\/2025\/03\/28\/invisibilidades-exposicao-amplifica-vozes-de-mulheres-e-pessoas-nao-binarias-no-porto\/","title":{"rendered":"&#8220;INVISIBILIDADES&#8221;: exposi\u00e7\u00e3o amplifica vozes de mulheres e pessoas n\u00e3o-bin\u00e1rias no Porto"},"content":{"rendered":"<p>De<span>\u00a0<\/span><strong>29 de mar\u00e7o a 24 de abril<\/strong>, as<span>\u00a0<\/span><strong>MIRA Galerias<\/strong>, no Porto, recebem a exposi\u00e7\u00e3o<span>\u00a0<\/span><strong>&#8220;INVISIBILIDADES&#8221;<\/strong>, uma iniciativa conjunta do<span>\u00a0<\/span><strong>Porto Femme<\/strong><span>\u00a0<\/span>e do<span>\u00a0<\/span><strong>MIRA FORUM<\/strong><span>\u00a0<\/span>que desafia narrativas dominantes e amplifica vozes historicamente silenciadas. Com curadoria a partir de uma<span>\u00a0<\/span><em>open call<\/em><span>\u00a0<\/span>dirigida a mulheres e pessoas n\u00e3o-bin\u00e1rias, a mostra re\u00fane 50 fotografias expostas e dezenas de proje\u00e7\u00f5es, criando um mosaico de olhares sobre temas como identidade, marginaliza\u00e7\u00e3o e resili\u00eancia.<\/p>\n<hr \/>\n<h3><strong>Um Espelho para o Invis\u00edvel<\/strong><\/h3>\n<p>A exposi\u00e7\u00e3o parte do conceito de<span>\u00a0<\/span><strong>&#8220;invisibilidades&#8221;<\/strong><span>\u00a0<\/span>para explorar como corpos, hist\u00f3rias e experi\u00eancias s\u00e3o apagados em estruturas sociais e culturais. As obras selecionadas \u2014 capturadas por artistas de Portugal, Brasil, Fran\u00e7a, It\u00e1lia, Pol\u00f3nia e outros pa\u00edses \u2014 abordam desde a discrimina\u00e7\u00e3o de g\u00e9nero at\u00e9 a interseccionalidade de ra\u00e7a, classe e orienta\u00e7\u00e3o sexual, usando a fotografia como ferramenta de den\u00fancia e celebra\u00e7\u00e3o.<\/p>\n<hr \/>\n<h3><strong>Artistas em Destaque<\/strong><\/h3>\n<p>Entre as 50 fotografias expostas, destacam-se trabalhos de:<\/p>\n<ul>\n<li><strong>Karen Divine<\/strong><span>\u00a0<\/span>(EUA), com sua abordagem surrealista sobre a fragmenta\u00e7\u00e3o identit\u00e1ria.<\/li>\n<li><strong>Lilit Danielyan<\/strong><span>\u00a0<\/span>(Arm\u00e9nia), que documenta a resist\u00eancia de mulheres em contextos de guerra.<\/li>\n<li><strong>Matilde Paraiso<\/strong><span>\u00a0<\/span>(Portugal), cujas imagens exploram a rela\u00e7\u00e3o entre corpo e espa\u00e7o urbano.<\/li>\n<\/ul>\n<p>Al\u00e9m das obras f\u00edsicas, proje\u00e7\u00f5es digitais exibir\u00e3o trabalhos de nomes como<span>\u00a0<\/span><strong>Sandra Carrillo<\/strong><span>\u00a0<\/span>(M\u00e9xico),<span>\u00a0<\/span><strong>Tet\u00ea Schmidt<\/strong><span>\u00a0<\/span>(Brasil) e<span>\u00a0<\/span><strong>Eunice Vasques<\/strong><span>\u00a0<\/span>(Portugal), expandindo o di\u00e1logo para al\u00e9m das paredes da galeria.<\/p>\n<hr \/>\n<h3><strong>Programa\u00e7\u00e3o e Visita\u00e7\u00e3o<\/strong><\/h3>\n<ul>\n<li><strong>Inaugura\u00e7\u00e3o<\/strong>: 29 de mar\u00e7o, 15h00, com apresenta\u00e7\u00e3o das artistas e interven\u00e7\u00e3o musical.<\/li>\n<li><strong>Hor\u00e1rio<\/strong>: De quarta a s\u00e1bado, 15h00\u201319h00.<\/li>\n<li><strong>Local<\/strong>: MIRA Galerias (Rua Padre Ant\u00f3nio Vieira, 68, Campanh\u00e3, Porto).<\/li>\n<li><strong>Entrada<\/strong>: Livre.<\/li>\n<\/ul>\n<p>A exposi\u00e7\u00e3o integra o projeto<span>\u00a0<\/span><strong>&#8220;(In)visibilidades e Derivas&#8221;<\/strong>, apoiado pela<span>\u00a0<\/span><strong>DGArtes<\/strong>, e refor\u00e7a o compromisso do Porto Femme e do MIRA FORUM em democratizar o acesso \u00e0 produ\u00e7\u00e3o art\u00edstica feminina e n\u00e3o-bin\u00e1ria.<\/p>\n<hr \/>\n<h3><strong>Lista Completa de Participantes<\/strong><\/h3>\n<p><strong>Fotografias expostas<\/strong>:<br \/>\nAdelaide S\u00e1, Alice WR, Antonieta Monteiro, Camila Tisott, Chica Miranda, Clara C\u00e1pua, Clarisse Clozier, Denise Amon, Dheia Ferrari, Eduarda Pinto, Ema Lavrador, Eug\u00e9nia Silva, Franziska Nagelov\u00e1, Gabrielle Neves, Goreti Ferraz, Irena Paskali, Isabel Leal, Isabel Pinto, Isbela Mota, Joana Pisca, Justyna Lichota, Karen Divine, Karine Menezes, Katarzyna Wo\u017anica, Lara Pl\u00e1cido, Larissa Ribeiro, Lilit Danielyan, Louyse Gerardo, L\u00facia Melo, Lu\u00edsa Cortez, Lu\u00edsa F Costa, Magda Rodrigues, Manuela Vaz, Marija Gebert, Martha Moreschi, Matilde Paraiso, M\u00e9lanie Janel, Mide Pl\u00e1cido, M\u00f3nica Brand\u00e3o, Ol\u00edmpia C Branco, Paula Veloso, Pilvikki Kause, Raquel Lamares, Raquel Marto, Sandra Carrillo, Sandra Unglert, Sofia Santos, Teresa Cabral, Teresa Santos, Vanessa Vox.<\/p>\n<p><strong>Proje\u00e7\u00f5es<\/strong>:<br \/>\nAlisa Velieva, Am\u00e9lie Pret, Ana Carvalho, Arlete Bonelli, Beatriz Capela, Beatriz Lopes, Cecilia Pinto, Circe Gon\u00e7alves, Claudia Ricciuti, Elizabeth Machado, Emanuelle Nabosne, Emma Charrin, Estela Rodrigues, Eunice Vasques, Francisca Salvado, Giulia Strippoli, Grace Ribeiro, In\u00eas Aleixo, Ingrid Costa, Isa Cancela, Isabel Serrano, Isabel Sixel, Joana Afonso, Joana Carrapatoso, Julia Schuvchinskaya, Julia Zyrina, Katia Gosselin, Katya Rosenzweig, Leila Soares, Leonor Lapa, Lena Wan, Luisa Carneiro, Lu\u00edsa Rodrigues, Manuela Ribeiro, Margarida S\u00e1, Maria Lurdes Ribeiro, Maria Ant\u00f3nio, Maria Moura, Mariana Benedetto, Nat\u00e1lia Marques, Noemi Moricz, Pirjo Sipilainen, Renata Paiva, Salom\u00e9 Carvalho, Sandra Ir\u0161evi\u0107, Severine Morizet, S\u00edlvia Torres, Sofia F Augusto, Susan Detroy, Tamara Moreira, Teresa Bermudez, Teresa Huertas, Tet\u00ea Schmidt.<\/p>\n","protected":false},"excerpt":{"rendered":"<p>De\u00a029 de mar\u00e7o a 24 de abril, as\u00a0MIRA Galerias, no Porto, recebem a exposi\u00e7\u00e3o\u00a0&#8220;INVISIBILIDADES&#8221;, uma iniciativa conjunta do\u00a0Porto Femme\u00a0e do\u00a0MIRA FORUM\u00a0que desafia narrativas dominantes e amplifica vozes historicamente silenciadas. Com [&hellip;]<\/p>\n","protected":false},"author":34415,"featured_media":0,"comment_status":"closed","ping_status":"closed","sticky":false,"template":"","format":"standard","meta":{"_exactmetrics_skip_tracking":false,"_exactmetrics_sitenote_active":false,"_exactmetrics_sitenote_note":"","_exactmetrics_sitenote_category":0,"_uf_show_specific_survey":0,"_uf_disable_surveys":false,"footnotes":""},"categories":[1],"tags":[2093],"class_list":["post-9335","post","type-post","status-publish","format-standard","hentry","category-sem-categoria","tag-mira-galerias"],"yoast_head":"<!-- This site is optimized with the Yoast SEO plugin v27.3 - https:\/\/yoast.com\/product\/yoast-seo-wordpress\/ -->\n<title>&quot;INVISIBILIDADES&quot;: exposi\u00e7\u00e3o amplifica vozes de mulheres e pessoas n\u00e3o-bin\u00e1rias no Porto - Arte351 - Art Magazine Portugal<\/title>\n<meta name=\"robots\" content=\"index, follow, max-snippet:-1, max-image-preview:large, max-video-preview:-1\" \/>\n<link rel=\"canonical\" href=\"https:\/\/arte351.pt\/art\/2025\/03\/28\/invisibilidades-exposicao-amplifica-vozes-de-mulheres-e-pessoas-nao-binarias-no-porto\/\" \/>\n<meta property=\"og:locale\" content=\"pt_BR\" \/>\n<meta property=\"og:type\" content=\"article\" \/>\n<meta property=\"og:title\" content=\"&quot;INVISIBILIDADES&quot;: exposi\u00e7\u00e3o amplifica vozes de mulheres e pessoas n\u00e3o-bin\u00e1rias no Porto - Arte351 - Art Magazine Portugal\" \/>\n<meta property=\"og:description\" content=\"De\u00a029 de mar\u00e7o a 24 de abril, as\u00a0MIRA Galerias, no Porto, recebem a exposi\u00e7\u00e3o\u00a0&#8220;INVISIBILIDADES&#8221;, uma iniciativa conjunta do\u00a0Porto Femme\u00a0e do\u00a0MIRA FORUM\u00a0que desafia narrativas dominantes e amplifica vozes historicamente silenciadas. Com [&hellip;]\" \/>\n<meta property=\"og:url\" content=\"https:\/\/arte351.pt\/art\/2025\/03\/28\/invisibilidades-exposicao-amplifica-vozes-de-mulheres-e-pessoas-nao-binarias-no-porto\/\" \/>\n<meta property=\"og:site_name\" content=\"Arte351 - Art Magazine Portugal\" \/>\n<meta property=\"article:publisher\" content=\"https:\/\/www.facebook.com\/arte351magazine\/\" \/>\n<meta property=\"article:published_time\" content=\"2025-03-28T14:01:06+00:00\" \/>\n<meta name=\"author\" content=\"Equipa Arte 351\" \/>\n<meta name=\"twitter:label1\" content=\"Escrito por\" \/>\n\t<meta name=\"twitter:data1\" content=\"Equipa Arte 351\" \/>\n\t<meta name=\"twitter:label2\" content=\"Est. tempo de leitura\" \/>\n\t<meta name=\"twitter:data2\" content=\"3 minutos\" \/>\n<script type=\"application\/ld+json\" class=\"yoast-schema-graph\">{\"@context\":\"https:\\\/\\\/schema.org\",\"@graph\":[{\"@type\":\"Article\",\"@id\":\"https:\\\/\\\/arte351.pt\\\/art\\\/2025\\\/03\\\/28\\\/invisibilidades-exposicao-amplifica-vozes-de-mulheres-e-pessoas-nao-binarias-no-porto\\\/#article\",\"isPartOf\":{\"@id\":\"https:\\\/\\\/arte351.pt\\\/art\\\/2025\\\/03\\\/28\\\/invisibilidades-exposicao-amplifica-vozes-de-mulheres-e-pessoas-nao-binarias-no-porto\\\/\"},\"author\":{\"name\":\"Equipa Arte 351\",\"@id\":\"https:\\\/\\\/arte351.pt\\\/art\\\/#\\\/schema\\\/person\\\/1d081d5dbc7c2a3f2317da95c823a5bd\"},\"headline\":\"&#8220;INVISIBILIDADES&#8221;: exposi\u00e7\u00e3o amplifica vozes de mulheres e pessoas n\u00e3o-bin\u00e1rias no Porto\",\"datePublished\":\"2025-03-28T14:01:06+00:00\",\"mainEntityOfPage\":{\"@id\":\"https:\\\/\\\/arte351.pt\\\/art\\\/2025\\\/03\\\/28\\\/invisibilidades-exposicao-amplifica-vozes-de-mulheres-e-pessoas-nao-binarias-no-porto\\\/\"},\"wordCount\":578,\"publisher\":{\"@id\":\"https:\\\/\\\/arte351.pt\\\/art\\\/#organization\"},\"keywords\":[\"MIRA Galerias\"],\"articleSection\":[\"Blog ARTE-351\"],\"inLanguage\":\"pt-BR\"},{\"@type\":\"WebPage\",\"@id\":\"https:\\\/\\\/arte351.pt\\\/art\\\/2025\\\/03\\\/28\\\/invisibilidades-exposicao-amplifica-vozes-de-mulheres-e-pessoas-nao-binarias-no-porto\\\/\",\"url\":\"https:\\\/\\\/arte351.pt\\\/art\\\/2025\\\/03\\\/28\\\/invisibilidades-exposicao-amplifica-vozes-de-mulheres-e-pessoas-nao-binarias-no-porto\\\/\",\"name\":\"\\\"INVISIBILIDADES\\\": exposi\u00e7\u00e3o amplifica vozes de mulheres e pessoas n\u00e3o-bin\u00e1rias no Porto - Arte351 - Art Magazine Portugal\",\"isPartOf\":{\"@id\":\"https:\\\/\\\/arte351.pt\\\/art\\\/#website\"},\"datePublished\":\"2025-03-28T14:01:06+00:00\",\"breadcrumb\":{\"@id\":\"https:\\\/\\\/arte351.pt\\\/art\\\/2025\\\/03\\\/28\\\/invisibilidades-exposicao-amplifica-vozes-de-mulheres-e-pessoas-nao-binarias-no-porto\\\/#breadcrumb\"},\"inLanguage\":\"pt-BR\",\"potentialAction\":[{\"@type\":\"ReadAction\",\"target\":[\"https:\\\/\\\/arte351.pt\\\/art\\\/2025\\\/03\\\/28\\\/invisibilidades-exposicao-amplifica-vozes-de-mulheres-e-pessoas-nao-binarias-no-porto\\\/\"]}]},{\"@type\":\"BreadcrumbList\",\"@id\":\"https:\\\/\\\/arte351.pt\\\/art\\\/2025\\\/03\\\/28\\\/invisibilidades-exposicao-amplifica-vozes-de-mulheres-e-pessoas-nao-binarias-no-porto\\\/#breadcrumb\",\"itemListElement\":[{\"@type\":\"ListItem\",\"position\":1,\"name\":\"In\u00edcio\",\"item\":\"https:\\\/\\\/arte351.pt\\\/art\\\/\"},{\"@type\":\"ListItem\",\"position\":2,\"name\":\"&#8220;INVISIBILIDADES&#8221;: exposi\u00e7\u00e3o amplifica vozes de mulheres e pessoas n\u00e3o-bin\u00e1rias no Porto\"}]},{\"@type\":\"WebSite\",\"@id\":\"https:\\\/\\\/arte351.pt\\\/art\\\/#website\",\"url\":\"https:\\\/\\\/arte351.pt\\\/art\\\/\",\"name\":\"Arte351 - Art Magazine Portugal\",\"description\":\"\",\"publisher\":{\"@id\":\"https:\\\/\\\/arte351.pt\\\/art\\\/#organization\"},\"potentialAction\":[{\"@type\":\"SearchAction\",\"target\":{\"@type\":\"EntryPoint\",\"urlTemplate\":\"https:\\\/\\\/arte351.pt\\\/art\\\/?s={search_term_string}\"},\"query-input\":{\"@type\":\"PropertyValueSpecification\",\"valueRequired\":true,\"valueName\":\"search_term_string\"}}],\"inLanguage\":\"pt-BR\"},{\"@type\":\"Organization\",\"@id\":\"https:\\\/\\\/arte351.pt\\\/art\\\/#organization\",\"name\":\"Arte351 - Art Magazine Portugal\",\"url\":\"https:\\\/\\\/arte351.pt\\\/art\\\/\",\"logo\":{\"@type\":\"ImageObject\",\"inLanguage\":\"pt-BR\",\"@id\":\"https:\\\/\\\/arte351.pt\\\/art\\\/#\\\/schema\\\/logo\\\/image\\\/\",\"url\":\"https:\\\/\\\/arte351.pt\\\/art\\\/wp-content\\\/uploads\\\/2020\\\/03\\\/cropped-logo-arte351-color.png\",\"contentUrl\":\"https:\\\/\\\/arte351.pt\\\/art\\\/wp-content\\\/uploads\\\/2020\\\/03\\\/cropped-logo-arte351-color.png\",\"width\":514,\"height\":200,\"caption\":\"Arte351 - Art Magazine Portugal\"},\"image\":{\"@id\":\"https:\\\/\\\/arte351.pt\\\/art\\\/#\\\/schema\\\/logo\\\/image\\\/\"},\"sameAs\":[\"https:\\\/\\\/www.facebook.com\\\/arte351magazine\\\/\"]},{\"@type\":\"Person\",\"@id\":\"https:\\\/\\\/arte351.pt\\\/art\\\/#\\\/schema\\\/person\\\/1d081d5dbc7c2a3f2317da95c823a5bd\",\"name\":\"Equipa Arte 351\",\"image\":{\"@type\":\"ImageObject\",\"inLanguage\":\"pt-BR\",\"@id\":\"https:\\\/\\\/secure.gravatar.com\\\/avatar\\\/3f97e62c832ede8fafe5d2f9e31f8a055e187b6b31056d1e065d95e034db52e2?s=96&d=mm&r=g\",\"url\":\"https:\\\/\\\/secure.gravatar.com\\\/avatar\\\/3f97e62c832ede8fafe5d2f9e31f8a055e187b6b31056d1e065d95e034db52e2?s=96&d=mm&r=g\",\"contentUrl\":\"https:\\\/\\\/secure.gravatar.com\\\/avatar\\\/3f97e62c832ede8fafe5d2f9e31f8a055e187b6b31056d1e065d95e034db52e2?s=96&d=mm&r=g\",\"caption\":\"Equipa Arte 351\"},\"url\":\"https:\\\/\\\/arte351.pt\\\/art\\\/author\\\/admin2\\\/\"}]}<\/script>\n<!-- \/ Yoast SEO plugin. -->","yoast_head_json":{"title":"\"INVISIBILIDADES\": exposi\u00e7\u00e3o amplifica vozes de mulheres e pessoas n\u00e3o-bin\u00e1rias no Porto - Arte351 - Art Magazine Portugal","robots":{"index":"index","follow":"follow","max-snippet":"max-snippet:-1","max-image-preview":"max-image-preview:large","max-video-preview":"max-video-preview:-1"},"canonical":"https:\/\/arte351.pt\/art\/2025\/03\/28\/invisibilidades-exposicao-amplifica-vozes-de-mulheres-e-pessoas-nao-binarias-no-porto\/","og_locale":"pt_BR","og_type":"article","og_title":"\"INVISIBILIDADES\": exposi\u00e7\u00e3o amplifica vozes de mulheres e pessoas n\u00e3o-bin\u00e1rias no Porto - Arte351 - Art Magazine Portugal","og_description":"De\u00a029 de mar\u00e7o a 24 de abril, as\u00a0MIRA Galerias, no Porto, recebem a exposi\u00e7\u00e3o\u00a0&#8220;INVISIBILIDADES&#8221;, uma iniciativa conjunta do\u00a0Porto Femme\u00a0e do\u00a0MIRA FORUM\u00a0que desafia narrativas dominantes e amplifica vozes historicamente silenciadas. Com [&hellip;]","og_url":"https:\/\/arte351.pt\/art\/2025\/03\/28\/invisibilidades-exposicao-amplifica-vozes-de-mulheres-e-pessoas-nao-binarias-no-porto\/","og_site_name":"Arte351 - Art Magazine Portugal","article_publisher":"https:\/\/www.facebook.com\/arte351magazine\/","article_published_time":"2025-03-28T14:01:06+00:00","author":"Equipa Arte 351","twitter_misc":{"Escrito por":"Equipa Arte 351","Est. tempo de leitura":"3 minutos"},"schema":{"@context":"https:\/\/schema.org","@graph":[{"@type":"Article","@id":"https:\/\/arte351.pt\/art\/2025\/03\/28\/invisibilidades-exposicao-amplifica-vozes-de-mulheres-e-pessoas-nao-binarias-no-porto\/#article","isPartOf":{"@id":"https:\/\/arte351.pt\/art\/2025\/03\/28\/invisibilidades-exposicao-amplifica-vozes-de-mulheres-e-pessoas-nao-binarias-no-porto\/"},"author":{"name":"Equipa Arte 351","@id":"https:\/\/arte351.pt\/art\/#\/schema\/person\/1d081d5dbc7c2a3f2317da95c823a5bd"},"headline":"&#8220;INVISIBILIDADES&#8221;: exposi\u00e7\u00e3o amplifica vozes de mulheres e pessoas n\u00e3o-bin\u00e1rias no Porto","datePublished":"2025-03-28T14:01:06+00:00","mainEntityOfPage":{"@id":"https:\/\/arte351.pt\/art\/2025\/03\/28\/invisibilidades-exposicao-amplifica-vozes-de-mulheres-e-pessoas-nao-binarias-no-porto\/"},"wordCount":578,"publisher":{"@id":"https:\/\/arte351.pt\/art\/#organization"},"keywords":["MIRA Galerias"],"articleSection":["Blog ARTE-351"],"inLanguage":"pt-BR"},{"@type":"WebPage","@id":"https:\/\/arte351.pt\/art\/2025\/03\/28\/invisibilidades-exposicao-amplifica-vozes-de-mulheres-e-pessoas-nao-binarias-no-porto\/","url":"https:\/\/arte351.pt\/art\/2025\/03\/28\/invisibilidades-exposicao-amplifica-vozes-de-mulheres-e-pessoas-nao-binarias-no-porto\/","name":"\"INVISIBILIDADES\": exposi\u00e7\u00e3o amplifica vozes de mulheres e pessoas n\u00e3o-bin\u00e1rias no Porto - Arte351 - Art Magazine Portugal","isPartOf":{"@id":"https:\/\/arte351.pt\/art\/#website"},"datePublished":"2025-03-28T14:01:06+00:00","breadcrumb":{"@id":"https:\/\/arte351.pt\/art\/2025\/03\/28\/invisibilidades-exposicao-amplifica-vozes-de-mulheres-e-pessoas-nao-binarias-no-porto\/#breadcrumb"},"inLanguage":"pt-BR","potentialAction":[{"@type":"ReadAction","target":["https:\/\/arte351.pt\/art\/2025\/03\/28\/invisibilidades-exposicao-amplifica-vozes-de-mulheres-e-pessoas-nao-binarias-no-porto\/"]}]},{"@type":"BreadcrumbList","@id":"https:\/\/arte351.pt\/art\/2025\/03\/28\/invisibilidades-exposicao-amplifica-vozes-de-mulheres-e-pessoas-nao-binarias-no-porto\/#breadcrumb","itemListElement":[{"@type":"ListItem","position":1,"name":"In\u00edcio","item":"https:\/\/arte351.pt\/art\/"},{"@type":"ListItem","position":2,"name":"&#8220;INVISIBILIDADES&#8221;: exposi\u00e7\u00e3o amplifica vozes de mulheres e pessoas n\u00e3o-bin\u00e1rias no Porto"}]},{"@type":"WebSite","@id":"https:\/\/arte351.pt\/art\/#website","url":"https:\/\/arte351.pt\/art\/","name":"Arte351 - Art Magazine Portugal","description":"","publisher":{"@id":"https:\/\/arte351.pt\/art\/#organization"},"potentialAction":[{"@type":"SearchAction","target":{"@type":"EntryPoint","urlTemplate":"https:\/\/arte351.pt\/art\/?s={search_term_string}"},"query-input":{"@type":"PropertyValueSpecification","valueRequired":true,"valueName":"search_term_string"}}],"inLanguage":"pt-BR"},{"@type":"Organization","@id":"https:\/\/arte351.pt\/art\/#organization","name":"Arte351 - Art Magazine Portugal","url":"https:\/\/arte351.pt\/art\/","logo":{"@type":"ImageObject","inLanguage":"pt-BR","@id":"https:\/\/arte351.pt\/art\/#\/schema\/logo\/image\/","url":"https:\/\/arte351.pt\/art\/wp-content\/uploads\/2020\/03\/cropped-logo-arte351-color.png","contentUrl":"https:\/\/arte351.pt\/art\/wp-content\/uploads\/2020\/03\/cropped-logo-arte351-color.png","width":514,"height":200,"caption":"Arte351 - Art Magazine Portugal"},"image":{"@id":"https:\/\/arte351.pt\/art\/#\/schema\/logo\/image\/"},"sameAs":["https:\/\/www.facebook.com\/arte351magazine\/"]},{"@type":"Person","@id":"https:\/\/arte351.pt\/art\/#\/schema\/person\/1d081d5dbc7c2a3f2317da95c823a5bd","name":"Equipa Arte 351","image":{"@type":"ImageObject","inLanguage":"pt-BR","@id":"https:\/\/secure.gravatar.com\/avatar\/3f97e62c832ede8fafe5d2f9e31f8a055e187b6b31056d1e065d95e034db52e2?s=96&d=mm&r=g","url":"https:\/\/secure.gravatar.com\/avatar\/3f97e62c832ede8fafe5d2f9e31f8a055e187b6b31056d1e065d95e034db52e2?s=96&d=mm&r=g","contentUrl":"https:\/\/secure.gravatar.com\/avatar\/3f97e62c832ede8fafe5d2f9e31f8a055e187b6b31056d1e065d95e034db52e2?s=96&d=mm&r=g","caption":"Equipa Arte 351"},"url":"https:\/\/arte351.pt\/art\/author\/admin2\/"}]}},"_links":{"self":[{"href":"https:\/\/arte351.pt\/art\/wp-json\/wp\/v2\/posts\/9335","targetHints":{"allow":["GET"]}}],"collection":[{"href":"https:\/\/arte351.pt\/art\/wp-json\/wp\/v2\/posts"}],"about":[{"href":"https:\/\/arte351.pt\/art\/wp-json\/wp\/v2\/types\/post"}],"author":[{"embeddable":true,"href":"https:\/\/arte351.pt\/art\/wp-json\/wp\/v2\/users\/34415"}],"replies":[{"embeddable":true,"href":"https:\/\/arte351.pt\/art\/wp-json\/wp\/v2\/comments?post=9335"}],"version-history":[{"count":1,"href":"https:\/\/arte351.pt\/art\/wp-json\/wp\/v2\/posts\/9335\/revisions"}],"predecessor-version":[{"id":9336,"href":"https:\/\/arte351.pt\/art\/wp-json\/wp\/v2\/posts\/9335\/revisions\/9336"}],"wp:attachment":[{"href":"https:\/\/arte351.pt\/art\/wp-json\/wp\/v2\/media?parent=9335"}],"wp:term":[{"taxonomy":"category","embeddable":true,"href":"https:\/\/arte351.pt\/art\/wp-json\/wp\/v2\/categories?post=9335"},{"taxonomy":"post_tag","embeddable":true,"href":"https:\/\/arte351.pt\/art\/wp-json\/wp\/v2\/tags?post=9335"}],"curies":[{"name":"wp","href":"https:\/\/api.w.org\/{rel}","templated":true}]}}