{"id":9379,"date":"2025-04-06T02:43:46","date_gmt":"2025-04-06T02:43:46","guid":{"rendered":"https:\/\/arte351.pt\/art\/?p=9379"},"modified":"2025-04-06T02:43:46","modified_gmt":"2025-04-06T02:43:46","slug":"maat-apresenta-programacao-cultural-diversificada-para-abril-a-setembro-de-2025","status":"publish","type":"post","link":"https:\/\/arte351.pt\/art\/2025\/04\/06\/maat-apresenta-programacao-cultural-diversificada-para-abril-a-setembro-de-2025\/","title":{"rendered":"MAAT apresenta programa\u00e7\u00e3o cultural diversificada para abril a setembro de 2025"},"content":{"rendered":"<p><strong>O Museu de Arte, Arquitetura e Tecnologia (MAAT) em Lisboa oferece uma ampla programa\u00e7\u00e3o que inclui exposi\u00e7\u00f5es tempor\u00e1rias, eventos especiais e visitas guiadas at\u00e9 setembro de 2025.<\/strong><\/p>\n<h3>Exposi\u00e7\u00f5es Tempor\u00e1rias<\/h3>\n<p><strong>Pr\u00e9mio Novos Artistas Funda\u00e7\u00e3o EDP &#8211; 15\u00aa Edi\u00e7\u00e3o<\/strong><br \/>\n 10 de abril a 8 de setembro<br \/>\n MAAT<br \/>\n\u2139\ufe0f Apresenta obras dos seis finalistas selecionados entre 600 candidaturas: Alice dos Reis, Evy Jokhova, Francisco Tr\u00eapa, In\u00eas Brites, Maja Escher e Sara Chang Yan. O vencedor receber\u00e1 20 mil euros.<\/p>\n<p><strong>Jeff Wall &#8211; Time Stands Still<\/strong><br \/>\n 23 de abril a 1 de setembro<br \/>\n MAAT Gallery<br \/>\n\u2139\ufe0f Primeira exposi\u00e7\u00e3o individual em Portugal do renomado fot\u00f3grafo canadense, com mais de 60 obras produzidas entre 1980-2023.<\/p>\n<figure class=\"thumbnail wp-caption alignnone\" style=\"width: 1009px\"><img fetchpriority=\"high\" decoding=\"async\" class=\"size-medium\" src=\"https:\/\/maat.pt\/sites\/default\/files\/styles\/in_time_detail_2x_100x1040\/public\/2025-04\/Jeff%20Wall%20Tattoos%20and%20Shadows%202000%20%28medium%20res%29%203.jpg?itok=fXalA6YK\" width=\"999\" height=\"709\" \/><figcaption class=\"caption wp-caption-text\">Exposi\u00e7\u00e3o Jeff Wall \u2013 Time Stands Still. Fotografias, 1980-2023<\/figcaption><\/figure>\n<p><strong>Rui Moreira &#8211; Transe<\/strong><br \/>\n At\u00e9 2 de junho<br \/>\n MAAT Central<br \/>\n\u2139\ufe0f Maior exposi\u00e7\u00e3o museol\u00f3gica do artista, com cerca de 80 desenhos e pinturas de m\u00e9dio e grande formato.<\/p>\n<p><strong>Ana L\u00e9on &#8211; Gestos<\/strong><br \/>\n At\u00e9 2 de junho<br \/>\n MAAT Central<br \/>\n\u2139\ufe0f Mostra que explora a evolu\u00e7\u00e3o da artista desde os anos 80 at\u00e9 suas recentes obras com bonecos masculinos.<\/p>\n<figure class=\"thumbnail wp-caption alignnone\" style=\"width: 1637px\"><img decoding=\"async\" class=\"size-medium\" src=\"https:\/\/www.maat.pt\/sites\/default\/files\/styles\/in_time_detail_2x_100x1040\/public\/2025-01\/Ana%20L%C3%A9on.%20Still%20do%20filme%20Percevoir%20%282023%29.png?itok=BWYyDW7X\" width=\"1627\" height=\"1040\" \/><figcaption class=\"caption wp-caption-text\">Ana L\u00e9on \u2013 Gestos<\/figcaption><\/figure>\n<h3>Exposi\u00e7\u00e3o Permanente<\/h3>\n<p><strong>A F\u00e1brica da Eletricidade<\/strong><br \/>\n MAAT Central<br \/>\n\u2139\ufe0f Apresenta a hist\u00f3ria da Central Tejo, antiga central termoel\u00e9trica que abasteceu Lisboa, com maquinaria original preservada.<\/p>\n<h3>Eventos Especiais<\/h3>\n<p><strong>MAATuridades: Arte \u00e0 hora do Ch\u00e1<\/strong><br \/>\n At\u00e9 14 de dezembro<br \/>\n V\u00e1rios hor\u00e1rios<br \/>\n\u2139\ufe0f Sess\u00f5es que exploram a rela\u00e7\u00e3o entre arte e cotidiano.<\/p>\n<p><strong>Visita de Arquitetura<\/strong><br \/>\n 10 de maio, 16h<br \/>\n\u23f3 90 minutos<br \/>\n\u2139\ufe0f Explora\u00e7\u00e3o dos edif\u00edcios MAAT Gallery e MAAT Central.<\/p>\n<p><strong>Yoga no Museu<\/strong><br \/>\n 31 de maio, 9h30-11h<br \/>\n MAAT Central<br \/>\n\u2139\ufe0f Aula de yoga que integra arte e movimento corporal.<\/p>\n<p><strong>Masterclass com Rui Moreira<\/strong><br \/>\n 6 de maio, 10h-22h<br \/>\n MAAT Central<br \/>\n\u2139\ufe0f Experi\u00eancia art\u00edstica de 12 horas com o artista.<\/p>\n<h3>Visitas Guiadas<\/h3>\n<p><strong>Como funciona este Museu?<\/strong><br \/>\n\u23f3 60 minutos<br \/>\n\u2139\ufe0f Explica os processos de um museu de arte contempor\u00e2nea.<\/p>\n<p><strong>Combust\u00edvel para a Arte<\/strong><br \/>\n\u23f3 60 minutos<br \/>\n\u2139\ufe0f Explora a rela\u00e7\u00e3o entre arte e tecnologia.<\/p>\n<p><strong>A Hist\u00f3ria da Energia<\/strong><br \/>\n 12h e 18h diariamente<br \/>\n\u2139\ufe0f Percorre a evolu\u00e7\u00e3o da energia e desafios atuais.<\/p>\n<p><strong>Visitas com acessibilidade<\/strong><br \/>\n\u2139\ufe0f Inclui audiodescri\u00e7\u00e3o e visitas t\u00e1teis para p\u00fablicos com necessidades especiais.<\/p>\n<h3>Informa\u00e7\u00f5es Pr\u00e1ticas<\/h3>\n<p> Marca\u00e7\u00f5es:<span>\u00a0<\/span><a href=\"https:\/\/mailto:visitar.maat@edp.pt\/\" target=\"_blank\" rel=\"noopener noreferrer\">visitar.maat@edp.pt<\/a><br \/>\n Mais informa\u00e7\u00f5es:<span>\u00a0<\/span><a href=\"http:\/\/www.maat.pt\/\" target=\"_blank\" rel=\"noopener noreferrer\">www.maat.pt<\/a><\/p>\n<p><em>Programa\u00e7\u00e3o sujeita a altera\u00e7\u00f5es. Recomenda-se verificar hor\u00e1rios e disponibilidade no site oficial.<\/em><\/p>\n","protected":false},"excerpt":{"rendered":"<p>O Museu de Arte, Arquitetura e Tecnologia (MAAT) em Lisboa oferece uma ampla programa\u00e7\u00e3o que inclui exposi\u00e7\u00f5es tempor\u00e1rias, eventos especiais e visitas guiadas at\u00e9 setembro de 2025. Exposi\u00e7\u00f5es Tempor\u00e1rias Pr\u00e9mio [&hellip;]<\/p>\n","protected":false},"author":34415,"featured_media":9380,"comment_status":"closed","ping_status":"closed","sticky":false,"template":"","format":"standard","meta":{"_exactmetrics_skip_tracking":false,"_exactmetrics_sitenote_active":false,"_exactmetrics_sitenote_note":"","_exactmetrics_sitenote_category":0,"_uf_show_specific_survey":0,"_uf_disable_surveys":false,"footnotes":""},"categories":[1],"tags":[1052],"class_list":["post-9379","post","type-post","status-publish","format-standard","has-post-thumbnail","hentry","category-sem-categoria","tag-maat"],"yoast_head":"<!-- This site is optimized with the Yoast SEO plugin v27.3 - https:\/\/yoast.com\/product\/yoast-seo-wordpress\/ -->\n<title>MAAT apresenta programa\u00e7\u00e3o cultural diversificada para abril a setembro de 2025 - Arte351 - Art Magazine Portugal<\/title>\n<meta name=\"robots\" content=\"index, follow, max-snippet:-1, max-image-preview:large, max-video-preview:-1\" \/>\n<link rel=\"canonical\" href=\"https:\/\/arte351.pt\/art\/2025\/04\/06\/maat-apresenta-programacao-cultural-diversificada-para-abril-a-setembro-de-2025\/\" \/>\n<meta property=\"og:locale\" content=\"pt_BR\" \/>\n<meta property=\"og:type\" content=\"article\" \/>\n<meta property=\"og:title\" content=\"MAAT apresenta programa\u00e7\u00e3o cultural diversificada para abril a setembro de 2025 - Arte351 - Art Magazine Portugal\" \/>\n<meta property=\"og:description\" content=\"O Museu de Arte, Arquitetura e Tecnologia (MAAT) em Lisboa oferece uma ampla programa\u00e7\u00e3o que inclui exposi\u00e7\u00f5es tempor\u00e1rias, eventos especiais e visitas guiadas at\u00e9 setembro de 2025. Exposi\u00e7\u00f5es Tempor\u00e1rias Pr\u00e9mio [&hellip;]\" \/>\n<meta property=\"og:url\" content=\"https:\/\/arte351.pt\/art\/2025\/04\/06\/maat-apresenta-programacao-cultural-diversificada-para-abril-a-setembro-de-2025\/\" \/>\n<meta property=\"og:site_name\" content=\"Arte351 - Art Magazine Portugal\" \/>\n<meta property=\"article:publisher\" content=\"https:\/\/www.facebook.com\/arte351magazine\/\" \/>\n<meta property=\"article:published_time\" content=\"2025-04-06T02:43:46+00:00\" \/>\n<meta property=\"og:image\" content=\"https:\/\/arte351.pt\/art\/wp-content\/uploads\/2025\/04\/\u00a9JoanaLinda.jpg\" \/>\n\t<meta property=\"og:image:width\" content=\"1200\" \/>\n\t<meta property=\"og:image:height\" content=\"578\" \/>\n\t<meta property=\"og:image:type\" content=\"image\/jpeg\" \/>\n<meta name=\"author\" content=\"Equipa Arte 351\" \/>\n<meta name=\"twitter:label1\" content=\"Escrito por\" \/>\n\t<meta name=\"twitter:data1\" content=\"Equipa Arte 351\" \/>\n\t<meta name=\"twitter:label2\" content=\"Est. tempo de leitura\" \/>\n\t<meta name=\"twitter:data2\" content=\"3 minutos\" \/>\n<script type=\"application\/ld+json\" class=\"yoast-schema-graph\">{\"@context\":\"https:\\\/\\\/schema.org\",\"@graph\":[{\"@type\":\"Article\",\"@id\":\"https:\\\/\\\/arte351.pt\\\/art\\\/2025\\\/04\\\/06\\\/maat-apresenta-programacao-cultural-diversificada-para-abril-a-setembro-de-2025\\\/#article\",\"isPartOf\":{\"@id\":\"https:\\\/\\\/arte351.pt\\\/art\\\/2025\\\/04\\\/06\\\/maat-apresenta-programacao-cultural-diversificada-para-abril-a-setembro-de-2025\\\/\"},\"author\":{\"name\":\"Equipa Arte 351\",\"@id\":\"https:\\\/\\\/arte351.pt\\\/art\\\/#\\\/schema\\\/person\\\/1d081d5dbc7c2a3f2317da95c823a5bd\"},\"headline\":\"MAAT apresenta programa\u00e7\u00e3o cultural diversificada para abril a setembro de 2025\",\"datePublished\":\"2025-04-06T02:43:46+00:00\",\"mainEntityOfPage\":{\"@id\":\"https:\\\/\\\/arte351.pt\\\/art\\\/2025\\\/04\\\/06\\\/maat-apresenta-programacao-cultural-diversificada-para-abril-a-setembro-de-2025\\\/\"},\"wordCount\":406,\"publisher\":{\"@id\":\"https:\\\/\\\/arte351.pt\\\/art\\\/#organization\"},\"image\":{\"@id\":\"https:\\\/\\\/arte351.pt\\\/art\\\/2025\\\/04\\\/06\\\/maat-apresenta-programacao-cultural-diversificada-para-abril-a-setembro-de-2025\\\/#primaryimage\"},\"thumbnailUrl\":\"https:\\\/\\\/arte351.pt\\\/art\\\/wp-content\\\/uploads\\\/2025\\\/04\\\/\u00a9JoanaLinda.jpg\",\"keywords\":[\"MAAT\"],\"articleSection\":[\"Blog ARTE-351\"],\"inLanguage\":\"pt-BR\"},{\"@type\":\"WebPage\",\"@id\":\"https:\\\/\\\/arte351.pt\\\/art\\\/2025\\\/04\\\/06\\\/maat-apresenta-programacao-cultural-diversificada-para-abril-a-setembro-de-2025\\\/\",\"url\":\"https:\\\/\\\/arte351.pt\\\/art\\\/2025\\\/04\\\/06\\\/maat-apresenta-programacao-cultural-diversificada-para-abril-a-setembro-de-2025\\\/\",\"name\":\"MAAT apresenta programa\u00e7\u00e3o cultural diversificada para abril a setembro de 2025 - Arte351 - Art Magazine Portugal\",\"isPartOf\":{\"@id\":\"https:\\\/\\\/arte351.pt\\\/art\\\/#website\"},\"primaryImageOfPage\":{\"@id\":\"https:\\\/\\\/arte351.pt\\\/art\\\/2025\\\/04\\\/06\\\/maat-apresenta-programacao-cultural-diversificada-para-abril-a-setembro-de-2025\\\/#primaryimage\"},\"image\":{\"@id\":\"https:\\\/\\\/arte351.pt\\\/art\\\/2025\\\/04\\\/06\\\/maat-apresenta-programacao-cultural-diversificada-para-abril-a-setembro-de-2025\\\/#primaryimage\"},\"thumbnailUrl\":\"https:\\\/\\\/arte351.pt\\\/art\\\/wp-content\\\/uploads\\\/2025\\\/04\\\/\u00a9JoanaLinda.jpg\",\"datePublished\":\"2025-04-06T02:43:46+00:00\",\"breadcrumb\":{\"@id\":\"https:\\\/\\\/arte351.pt\\\/art\\\/2025\\\/04\\\/06\\\/maat-apresenta-programacao-cultural-diversificada-para-abril-a-setembro-de-2025\\\/#breadcrumb\"},\"inLanguage\":\"pt-BR\",\"potentialAction\":[{\"@type\":\"ReadAction\",\"target\":[\"https:\\\/\\\/arte351.pt\\\/art\\\/2025\\\/04\\\/06\\\/maat-apresenta-programacao-cultural-diversificada-para-abril-a-setembro-de-2025\\\/\"]}]},{\"@type\":\"ImageObject\",\"inLanguage\":\"pt-BR\",\"@id\":\"https:\\\/\\\/arte351.pt\\\/art\\\/2025\\\/04\\\/06\\\/maat-apresenta-programacao-cultural-diversificada-para-abril-a-setembro-de-2025\\\/#primaryimage\",\"url\":\"https:\\\/\\\/arte351.pt\\\/art\\\/wp-content\\\/uploads\\\/2025\\\/04\\\/\u00a9JoanaLinda.jpg\",\"contentUrl\":\"https:\\\/\\\/arte351.pt\\\/art\\\/wp-content\\\/uploads\\\/2025\\\/04\\\/\u00a9JoanaLinda.jpg\",\"width\":1200,\"height\":578},{\"@type\":\"BreadcrumbList\",\"@id\":\"https:\\\/\\\/arte351.pt\\\/art\\\/2025\\\/04\\\/06\\\/maat-apresenta-programacao-cultural-diversificada-para-abril-a-setembro-de-2025\\\/#breadcrumb\",\"itemListElement\":[{\"@type\":\"ListItem\",\"position\":1,\"name\":\"In\u00edcio\",\"item\":\"https:\\\/\\\/arte351.pt\\\/art\\\/\"},{\"@type\":\"ListItem\",\"position\":2,\"name\":\"MAAT apresenta programa\u00e7\u00e3o cultural diversificada para abril a setembro de 2025\"}]},{\"@type\":\"WebSite\",\"@id\":\"https:\\\/\\\/arte351.pt\\\/art\\\/#website\",\"url\":\"https:\\\/\\\/arte351.pt\\\/art\\\/\",\"name\":\"Arte351 - Art Magazine Portugal\",\"description\":\"\",\"publisher\":{\"@id\":\"https:\\\/\\\/arte351.pt\\\/art\\\/#organization\"},\"potentialAction\":[{\"@type\":\"SearchAction\",\"target\":{\"@type\":\"EntryPoint\",\"urlTemplate\":\"https:\\\/\\\/arte351.pt\\\/art\\\/?s={search_term_string}\"},\"query-input\":{\"@type\":\"PropertyValueSpecification\",\"valueRequired\":true,\"valueName\":\"search_term_string\"}}],\"inLanguage\":\"pt-BR\"},{\"@type\":\"Organization\",\"@id\":\"https:\\\/\\\/arte351.pt\\\/art\\\/#organization\",\"name\":\"Arte351 - Art Magazine Portugal\",\"url\":\"https:\\\/\\\/arte351.pt\\\/art\\\/\",\"logo\":{\"@type\":\"ImageObject\",\"inLanguage\":\"pt-BR\",\"@id\":\"https:\\\/\\\/arte351.pt\\\/art\\\/#\\\/schema\\\/logo\\\/image\\\/\",\"url\":\"https:\\\/\\\/arte351.pt\\\/art\\\/wp-content\\\/uploads\\\/2020\\\/03\\\/cropped-logo-arte351-color.png\",\"contentUrl\":\"https:\\\/\\\/arte351.pt\\\/art\\\/wp-content\\\/uploads\\\/2020\\\/03\\\/cropped-logo-arte351-color.png\",\"width\":514,\"height\":200,\"caption\":\"Arte351 - Art Magazine Portugal\"},\"image\":{\"@id\":\"https:\\\/\\\/arte351.pt\\\/art\\\/#\\\/schema\\\/logo\\\/image\\\/\"},\"sameAs\":[\"https:\\\/\\\/www.facebook.com\\\/arte351magazine\\\/\"]},{\"@type\":\"Person\",\"@id\":\"https:\\\/\\\/arte351.pt\\\/art\\\/#\\\/schema\\\/person\\\/1d081d5dbc7c2a3f2317da95c823a5bd\",\"name\":\"Equipa Arte 351\",\"image\":{\"@type\":\"ImageObject\",\"inLanguage\":\"pt-BR\",\"@id\":\"https:\\\/\\\/secure.gravatar.com\\\/avatar\\\/3f97e62c832ede8fafe5d2f9e31f8a055e187b6b31056d1e065d95e034db52e2?s=96&d=mm&r=g\",\"url\":\"https:\\\/\\\/secure.gravatar.com\\\/avatar\\\/3f97e62c832ede8fafe5d2f9e31f8a055e187b6b31056d1e065d95e034db52e2?s=96&d=mm&r=g\",\"contentUrl\":\"https:\\\/\\\/secure.gravatar.com\\\/avatar\\\/3f97e62c832ede8fafe5d2f9e31f8a055e187b6b31056d1e065d95e034db52e2?s=96&d=mm&r=g\",\"caption\":\"Equipa Arte 351\"},\"url\":\"https:\\\/\\\/arte351.pt\\\/art\\\/author\\\/admin2\\\/\"}]}<\/script>\n<!-- \/ Yoast SEO plugin. -->","yoast_head_json":{"title":"MAAT apresenta programa\u00e7\u00e3o cultural diversificada para abril a setembro de 2025 - Arte351 - Art Magazine Portugal","robots":{"index":"index","follow":"follow","max-snippet":"max-snippet:-1","max-image-preview":"max-image-preview:large","max-video-preview":"max-video-preview:-1"},"canonical":"https:\/\/arte351.pt\/art\/2025\/04\/06\/maat-apresenta-programacao-cultural-diversificada-para-abril-a-setembro-de-2025\/","og_locale":"pt_BR","og_type":"article","og_title":"MAAT apresenta programa\u00e7\u00e3o cultural diversificada para abril a setembro de 2025 - Arte351 - Art Magazine Portugal","og_description":"O Museu de Arte, Arquitetura e Tecnologia (MAAT) em Lisboa oferece uma ampla programa\u00e7\u00e3o que inclui exposi\u00e7\u00f5es tempor\u00e1rias, eventos especiais e visitas guiadas at\u00e9 setembro de 2025. Exposi\u00e7\u00f5es Tempor\u00e1rias Pr\u00e9mio [&hellip;]","og_url":"https:\/\/arte351.pt\/art\/2025\/04\/06\/maat-apresenta-programacao-cultural-diversificada-para-abril-a-setembro-de-2025\/","og_site_name":"Arte351 - Art Magazine Portugal","article_publisher":"https:\/\/www.facebook.com\/arte351magazine\/","article_published_time":"2025-04-06T02:43:46+00:00","og_image":[{"width":1200,"height":578,"url":"https:\/\/arte351.pt\/art\/wp-content\/uploads\/2025\/04\/\u00a9JoanaLinda.jpg","type":"image\/jpeg"}],"author":"Equipa Arte 351","twitter_misc":{"Escrito por":"Equipa Arte 351","Est. tempo de leitura":"3 minutos"},"schema":{"@context":"https:\/\/schema.org","@graph":[{"@type":"Article","@id":"https:\/\/arte351.pt\/art\/2025\/04\/06\/maat-apresenta-programacao-cultural-diversificada-para-abril-a-setembro-de-2025\/#article","isPartOf":{"@id":"https:\/\/arte351.pt\/art\/2025\/04\/06\/maat-apresenta-programacao-cultural-diversificada-para-abril-a-setembro-de-2025\/"},"author":{"name":"Equipa Arte 351","@id":"https:\/\/arte351.pt\/art\/#\/schema\/person\/1d081d5dbc7c2a3f2317da95c823a5bd"},"headline":"MAAT apresenta programa\u00e7\u00e3o cultural diversificada para abril a setembro de 2025","datePublished":"2025-04-06T02:43:46+00:00","mainEntityOfPage":{"@id":"https:\/\/arte351.pt\/art\/2025\/04\/06\/maat-apresenta-programacao-cultural-diversificada-para-abril-a-setembro-de-2025\/"},"wordCount":406,"publisher":{"@id":"https:\/\/arte351.pt\/art\/#organization"},"image":{"@id":"https:\/\/arte351.pt\/art\/2025\/04\/06\/maat-apresenta-programacao-cultural-diversificada-para-abril-a-setembro-de-2025\/#primaryimage"},"thumbnailUrl":"https:\/\/arte351.pt\/art\/wp-content\/uploads\/2025\/04\/\u00a9JoanaLinda.jpg","keywords":["MAAT"],"articleSection":["Blog ARTE-351"],"inLanguage":"pt-BR"},{"@type":"WebPage","@id":"https:\/\/arte351.pt\/art\/2025\/04\/06\/maat-apresenta-programacao-cultural-diversificada-para-abril-a-setembro-de-2025\/","url":"https:\/\/arte351.pt\/art\/2025\/04\/06\/maat-apresenta-programacao-cultural-diversificada-para-abril-a-setembro-de-2025\/","name":"MAAT apresenta programa\u00e7\u00e3o cultural diversificada para abril a setembro de 2025 - Arte351 - Art Magazine Portugal","isPartOf":{"@id":"https:\/\/arte351.pt\/art\/#website"},"primaryImageOfPage":{"@id":"https:\/\/arte351.pt\/art\/2025\/04\/06\/maat-apresenta-programacao-cultural-diversificada-para-abril-a-setembro-de-2025\/#primaryimage"},"image":{"@id":"https:\/\/arte351.pt\/art\/2025\/04\/06\/maat-apresenta-programacao-cultural-diversificada-para-abril-a-setembro-de-2025\/#primaryimage"},"thumbnailUrl":"https:\/\/arte351.pt\/art\/wp-content\/uploads\/2025\/04\/\u00a9JoanaLinda.jpg","datePublished":"2025-04-06T02:43:46+00:00","breadcrumb":{"@id":"https:\/\/arte351.pt\/art\/2025\/04\/06\/maat-apresenta-programacao-cultural-diversificada-para-abril-a-setembro-de-2025\/#breadcrumb"},"inLanguage":"pt-BR","potentialAction":[{"@type":"ReadAction","target":["https:\/\/arte351.pt\/art\/2025\/04\/06\/maat-apresenta-programacao-cultural-diversificada-para-abril-a-setembro-de-2025\/"]}]},{"@type":"ImageObject","inLanguage":"pt-BR","@id":"https:\/\/arte351.pt\/art\/2025\/04\/06\/maat-apresenta-programacao-cultural-diversificada-para-abril-a-setembro-de-2025\/#primaryimage","url":"https:\/\/arte351.pt\/art\/wp-content\/uploads\/2025\/04\/\u00a9JoanaLinda.jpg","contentUrl":"https:\/\/arte351.pt\/art\/wp-content\/uploads\/2025\/04\/\u00a9JoanaLinda.jpg","width":1200,"height":578},{"@type":"BreadcrumbList","@id":"https:\/\/arte351.pt\/art\/2025\/04\/06\/maat-apresenta-programacao-cultural-diversificada-para-abril-a-setembro-de-2025\/#breadcrumb","itemListElement":[{"@type":"ListItem","position":1,"name":"In\u00edcio","item":"https:\/\/arte351.pt\/art\/"},{"@type":"ListItem","position":2,"name":"MAAT apresenta programa\u00e7\u00e3o cultural diversificada para abril a setembro de 2025"}]},{"@type":"WebSite","@id":"https:\/\/arte351.pt\/art\/#website","url":"https:\/\/arte351.pt\/art\/","name":"Arte351 - Art Magazine Portugal","description":"","publisher":{"@id":"https:\/\/arte351.pt\/art\/#organization"},"potentialAction":[{"@type":"SearchAction","target":{"@type":"EntryPoint","urlTemplate":"https:\/\/arte351.pt\/art\/?s={search_term_string}"},"query-input":{"@type":"PropertyValueSpecification","valueRequired":true,"valueName":"search_term_string"}}],"inLanguage":"pt-BR"},{"@type":"Organization","@id":"https:\/\/arte351.pt\/art\/#organization","name":"Arte351 - Art Magazine Portugal","url":"https:\/\/arte351.pt\/art\/","logo":{"@type":"ImageObject","inLanguage":"pt-BR","@id":"https:\/\/arte351.pt\/art\/#\/schema\/logo\/image\/","url":"https:\/\/arte351.pt\/art\/wp-content\/uploads\/2020\/03\/cropped-logo-arte351-color.png","contentUrl":"https:\/\/arte351.pt\/art\/wp-content\/uploads\/2020\/03\/cropped-logo-arte351-color.png","width":514,"height":200,"caption":"Arte351 - Art Magazine Portugal"},"image":{"@id":"https:\/\/arte351.pt\/art\/#\/schema\/logo\/image\/"},"sameAs":["https:\/\/www.facebook.com\/arte351magazine\/"]},{"@type":"Person","@id":"https:\/\/arte351.pt\/art\/#\/schema\/person\/1d081d5dbc7c2a3f2317da95c823a5bd","name":"Equipa Arte 351","image":{"@type":"ImageObject","inLanguage":"pt-BR","@id":"https:\/\/secure.gravatar.com\/avatar\/3f97e62c832ede8fafe5d2f9e31f8a055e187b6b31056d1e065d95e034db52e2?s=96&d=mm&r=g","url":"https:\/\/secure.gravatar.com\/avatar\/3f97e62c832ede8fafe5d2f9e31f8a055e187b6b31056d1e065d95e034db52e2?s=96&d=mm&r=g","contentUrl":"https:\/\/secure.gravatar.com\/avatar\/3f97e62c832ede8fafe5d2f9e31f8a055e187b6b31056d1e065d95e034db52e2?s=96&d=mm&r=g","caption":"Equipa Arte 351"},"url":"https:\/\/arte351.pt\/art\/author\/admin2\/"}]}},"_links":{"self":[{"href":"https:\/\/arte351.pt\/art\/wp-json\/wp\/v2\/posts\/9379","targetHints":{"allow":["GET"]}}],"collection":[{"href":"https:\/\/arte351.pt\/art\/wp-json\/wp\/v2\/posts"}],"about":[{"href":"https:\/\/arte351.pt\/art\/wp-json\/wp\/v2\/types\/post"}],"author":[{"embeddable":true,"href":"https:\/\/arte351.pt\/art\/wp-json\/wp\/v2\/users\/34415"}],"replies":[{"embeddable":true,"href":"https:\/\/arte351.pt\/art\/wp-json\/wp\/v2\/comments?post=9379"}],"version-history":[{"count":1,"href":"https:\/\/arte351.pt\/art\/wp-json\/wp\/v2\/posts\/9379\/revisions"}],"predecessor-version":[{"id":9381,"href":"https:\/\/arte351.pt\/art\/wp-json\/wp\/v2\/posts\/9379\/revisions\/9381"}],"wp:featuredmedia":[{"embeddable":true,"href":"https:\/\/arte351.pt\/art\/wp-json\/wp\/v2\/media\/9380"}],"wp:attachment":[{"href":"https:\/\/arte351.pt\/art\/wp-json\/wp\/v2\/media?parent=9379"}],"wp:term":[{"taxonomy":"category","embeddable":true,"href":"https:\/\/arte351.pt\/art\/wp-json\/wp\/v2\/categories?post=9379"},{"taxonomy":"post_tag","embeddable":true,"href":"https:\/\/arte351.pt\/art\/wp-json\/wp\/v2\/tags?post=9379"}],"curies":[{"name":"wp","href":"https:\/\/api.w.org\/{rel}","templated":true}]}}