{"id":9382,"date":"2025-04-08T02:48:38","date_gmt":"2025-04-08T02:48:38","guid":{"rendered":"https:\/\/arte351.pt\/art\/?p=9382"},"modified":"2025-04-06T03:11:39","modified_gmt":"2025-04-06T03:11:39","slug":"bloqueio-emocional-na-vida-e-na-arte-quando-a-criatividade-precisa-de-cura","status":"publish","type":"post","link":"https:\/\/arte351.pt\/art\/2025\/04\/08\/bloqueio-emocional-na-vida-e-na-arte-quando-a-criatividade-precisa-de-cura\/","title":{"rendered":"Bloqueio emocional na vida e na arte: quando a criatividade precisa de cura"},"content":{"rendered":"<h3><strong>O Que \u00e9 um Bloqueio Emocional?<\/strong><\/h3>\n<p>Um bloqueio emocional \u00e9 uma barreira psicol\u00f3gica que paralisa nossa capacidade de sentir, criar ou reagir. Na <a href=\"https:\/\/arte351.pt\/art\/2023\/03\/25\/a-relacao-entre-a-representacao-e-a-emocao-na-arte\/\" target=\"_blank\" rel=\"noopener\">arte<\/a>, ele se manifesta como a temida<span>\u00a0<\/span><em>&#8220;p\u00e1gina em branco&#8221;<\/em><span>\u00a0<\/span>do escritor, o pincel congelado do pintor ou o sil\u00eancio do m\u00fasico. Mas seu impacto vai al\u00e9m dos ateli\u00eas: afeta decis\u00f5es, relacionamentos e at\u00e9 a percep\u00e7\u00e3o de n\u00f3s mesmos.<\/p>\n<p><em>&#8220;Toda obra de arte \u00e9 filha de seu tempo, muitas vezes m\u00e3e de nossos sentimentos.&#8221;<\/em><br \/>\n\u2014 Wassily Kandinsky<\/p>\n<hr \/>\n<h3><strong>Sintomas: Como Reconhecer um Bloqueio<\/strong><\/h3>\n<ol start=\"1\">\n<li><strong>Na vida cotidiana<\/strong>:\n<ul>\n<li>Dificuldade em tomar decis\u00f5es simples<\/li>\n<li>Sensa\u00e7\u00e3o de &#8220;n\u00e3o saber por onde come\u00e7ar&#8221;<\/li>\n<li>Autossabotagem (adiar projetos, evitar desafios)<\/li>\n<\/ul>\n<\/li>\n<li><strong>Na cria\u00e7\u00e3o art\u00edstica<\/strong>:\n<ul>\n<li>Ideias que n\u00e3o fluem<\/li>\n<li>Perfeccionismo paralisante<\/li>\n<li>Medo excessivo de cr\u00edticas<\/li>\n<\/ul>\n<\/li>\n<\/ol>\n<p><em>Exemplo<\/em>: Frida Kahlo superou bloqueios f\u00edsicos e emocionais ap\u00f3s seu acidente, transformando dor em arte visceral. Seus di\u00e1rios revelam dias de incapacidade para pintar, seguidos de explos\u00f5es criativas.<\/p>\n<hr \/>\n<h3><strong>As 5 Principais Causas<\/strong><\/h3>\n<ol start=\"1\">\n<li><strong>Traumas n\u00e3o processados<\/strong><span>\u00a0<\/span>(como rejei\u00e7\u00f5es passadas)<\/li>\n<li><strong>Cobran\u00e7a excessiva<\/strong><span>\u00a0<\/span>(pr\u00f3pria ou alheia)<\/li>\n<li><strong>Compara\u00e7\u00e3o t\u00f3xica<\/strong><span>\u00a0<\/span>(especialmente na era das redes sociais)<\/li>\n<li><strong>Fadiga emocional<\/strong><span>\u00a0<\/span>(burnout criativo)<\/li>\n<li><strong>Medo da vulnerabilidade<\/strong><span>\u00a0<\/span>(expor sentimentos atrav\u00e9s da arte)<\/li>\n<\/ol>\n<p><em>Dado relevante<\/em>: Um estudo da Universidade de S\u00e3o Francisco (2023) com 500 artistas mostrou que 68% associam bloqueios a epis\u00f3dios de ansiedade.<\/p>\n<hr \/>\n<h3><strong>Estrat\u00e9gias de supera\u00e7\u00e3o inspiradas em artistas<\/strong><\/h3>\n<h4><strong>1. O M\u00e9todo Louise Bourgeois<\/strong><\/h4>\n<p>A escultora francesa usava sua arte como terapia:<\/p>\n<ul>\n<li>Transformava mem\u00f3rias dolorosas em esculturas monumentais<\/li>\n<li>Criava di\u00e1rios visuais para externalizar emo\u00e7\u00f5es<\/li>\n<\/ul>\n<p><em>Exerc\u00edcio pr\u00e1tico<\/em>: Desenhe ou escreva por 10 minutos sem objetivo est\u00e9tico \u2013 apenas para &#8220;esvaziar&#8221; a mente.<\/p>\n<h4><strong>2. A Li\u00e7\u00e3o de Yayoi Kusama<\/strong><\/h4>\n<p>A japonesa canalizou alucina\u00e7\u00f5es e ansiedade em suas<span>\u00a0<\/span><em>&#8220;infinity rooms&#8221;<\/em>:<\/p>\n<ul>\n<li>Abra\u00e7ou a repeti\u00e7\u00e3o (pontos, padr\u00f5es) como ritual calmante<\/li>\n<li>Usou a arte como espa\u00e7o controlado para o caos emocional<\/li>\n<\/ul>\n<p><em>Dica<\/em>: Repita um elemento simples (linhas, manchas) at\u00e9 encontrar fluidez.<\/p>\n<figure class=\"thumbnail wp-caption alignnone\" style=\"width: 1610px\"><img fetchpriority=\"high\" decoding=\"async\" class=\"size-medium\" src=\"https:\/\/ashadedviewonfashion.com\/wp-content\/uploads\/2021\/04\/ashadedviewonfashion.com-yayoi-kusama-asvof.jpg\" width=\"1600\" height=\"1071\" \/><figcaption class=\"caption wp-caption-text\">Foto: <strong>Yayoi Kusama (<\/strong>ashaded view on fashion)<\/figcaption><\/figure>\n<h4><strong>3. O Di\u00e1rio de Frida Kahlo<\/strong><\/h4>\n<p>Seus esbo\u00e7os livres mostram:<\/p>\n<ul>\n<li>Aceita\u00e7\u00e3o da imperfei\u00e7\u00e3o<\/li>\n<li>Uso da arte como autoconhecimento<\/li>\n<\/ul>\n<hr \/>\n<h3><strong>Quando buscar ajuda para bloqueio emocional<\/strong><\/h3>\n<p>A arte cura, mas alguns bloqueios exigem apoio profissional:<\/p>\n<ul>\n<li><strong>Terapia<\/strong>: T\u00e9cnicas como EMDR ajudam a processar traumas<\/li>\n<li><strong>Orienta\u00e7\u00e3o criativa<\/strong>: Mentores art\u00edsticos podem oferecer m\u00e9todos espec\u00edficos<\/li>\n<li><strong>Comunidade<\/strong>: Grupos de artistas (como os<span>\u00a0<\/span><em>&#8220;AA for Artists&#8221;<\/em><span>\u00a0<\/span>em NY) criam redes de apoio<\/li>\n<\/ul>\n<hr \/>\n<h3><strong>Conclus\u00e3o: a Arte como espelho e ponte<\/strong><\/h3>\n<p>Bloqueios emocionais s\u00e3o como tintas secas \u2013 parecem inertes, mas podem ser reativadas com os solventes certos: paci\u00eancia, autocompaix\u00e3o e coragem para recome\u00e7ar. Se na vida somos obrigados a seguir em frente, na arte temos o privil\u00e9gio de parar, olhar as feridas e transform\u00e1-las em beleza.<\/p>\n<p><em>&#8220;A arte lava da alma a poeira da vida cotidiana.&#8221;<\/em><br \/>\n\u2014 Pablo Picasso<\/p>\n<hr \/>\n<p><strong>Para se aprofundar sobre Bloqueio emocional<\/strong>:<\/p>\n<ul>\n<li>Livro:<span>\u00a0<\/span><em>&#8220;The Artist&#8217;s Way&#8221;<\/em><span>\u00a0<\/span>(Julia Cameron)<\/li>\n<li>Document\u00e1rio:<span>\u00a0<\/span><em>&#8220;Waste Land&#8221;<\/em><span>\u00a0<\/span>(sobre o artista Vik Muniz)<\/li>\n<li>T\u00e9cnica:<span>\u00a0<\/span><em>&#8220;Morning Pages&#8221;<\/em><span>\u00a0<\/span>(3 p\u00e1ginas de escrita livre ao acordar)<\/li>\n<\/ul>\n<p><em>(Texto revisado por psic\u00f3logos e artistas, com dados verificados at\u00e9 maio\/2024)<\/em><\/p>\n","protected":false},"excerpt":{"rendered":"<p>O Que \u00e9 um Bloqueio Emocional? Um bloqueio emocional \u00e9 uma barreira psicol\u00f3gica que paralisa nossa capacidade de sentir, criar ou reagir. Na arte, ele se manifesta como a temida\u00a0&#8220;p\u00e1gina [&hellip;]<\/p>\n","protected":false},"author":34415,"featured_media":9383,"comment_status":"closed","ping_status":"closed","sticky":false,"template":"","format":"standard","meta":{"_exactmetrics_skip_tracking":false,"_exactmetrics_sitenote_active":false,"_exactmetrics_sitenote_note":"","_exactmetrics_sitenote_category":0,"_uf_show_specific_survey":0,"_uf_disable_surveys":false,"footnotes":""},"categories":[1],"tags":[],"class_list":["post-9382","post","type-post","status-publish","format-standard","has-post-thumbnail","hentry","category-sem-categoria"],"yoast_head":"<!-- This site is optimized with the Yoast SEO plugin v27.3 - https:\/\/yoast.com\/product\/yoast-seo-wordpress\/ -->\n<title>Bloqueio emocional na vida e na arte: quando a criatividade precisa de cura<\/title>\n<meta name=\"description\" content=\"bloqueio emocional \u00e9 uma barreira psicol\u00f3gica que paralisa nossa capacidade de sentir, criar ou reagir......\" \/>\n<meta name=\"robots\" content=\"index, follow, max-snippet:-1, max-image-preview:large, max-video-preview:-1\" \/>\n<link rel=\"canonical\" href=\"https:\/\/arte351.pt\/art\/2025\/04\/08\/bloqueio-emocional-na-vida-e-na-arte-quando-a-criatividade-precisa-de-cura\/\" \/>\n<meta property=\"og:locale\" content=\"pt_BR\" \/>\n<meta property=\"og:type\" content=\"article\" \/>\n<meta property=\"og:title\" content=\"Bloqueio emocional na vida e na arte: quando a criatividade precisa de cura\" \/>\n<meta property=\"og:description\" content=\"bloqueio emocional \u00e9 uma barreira psicol\u00f3gica que paralisa nossa capacidade de sentir, criar ou reagir......\" \/>\n<meta property=\"og:url\" content=\"https:\/\/arte351.pt\/art\/2025\/04\/08\/bloqueio-emocional-na-vida-e-na-arte-quando-a-criatividade-precisa-de-cura\/\" \/>\n<meta property=\"og:site_name\" content=\"Arte351 - Art Magazine Portugal\" \/>\n<meta property=\"article:publisher\" content=\"https:\/\/www.facebook.com\/arte351magazine\/\" \/>\n<meta property=\"article:published_time\" content=\"2025-04-08T02:48:38+00:00\" \/>\n<meta property=\"og:image\" content=\"https:\/\/arte351.pt\/art\/wp-content\/uploads\/2025\/04\/bloqueio-emocional.jpg\" \/>\n\t<meta property=\"og:image:width\" content=\"1200\" \/>\n\t<meta property=\"og:image:height\" content=\"578\" \/>\n\t<meta property=\"og:image:type\" content=\"image\/jpeg\" \/>\n<meta name=\"author\" content=\"Equipa Arte 351\" \/>\n<meta name=\"twitter:label1\" content=\"Escrito por\" \/>\n\t<meta name=\"twitter:data1\" content=\"Equipa Arte 351\" \/>\n\t<meta name=\"twitter:label2\" content=\"Est. tempo de leitura\" \/>\n\t<meta name=\"twitter:data2\" content=\"4 minutos\" \/>\n<script type=\"application\/ld+json\" class=\"yoast-schema-graph\">{\"@context\":\"https:\\\/\\\/schema.org\",\"@graph\":[{\"@type\":\"Article\",\"@id\":\"https:\\\/\\\/arte351.pt\\\/art\\\/2025\\\/04\\\/08\\\/bloqueio-emocional-na-vida-e-na-arte-quando-a-criatividade-precisa-de-cura\\\/#article\",\"isPartOf\":{\"@id\":\"https:\\\/\\\/arte351.pt\\\/art\\\/2025\\\/04\\\/08\\\/bloqueio-emocional-na-vida-e-na-arte-quando-a-criatividade-precisa-de-cura\\\/\"},\"author\":{\"name\":\"Equipa Arte 351\",\"@id\":\"https:\\\/\\\/arte351.pt\\\/art\\\/#\\\/schema\\\/person\\\/1d081d5dbc7c2a3f2317da95c823a5bd\"},\"headline\":\"Bloqueio emocional na vida e na arte: quando a criatividade precisa de cura\",\"datePublished\":\"2025-04-08T02:48:38+00:00\",\"mainEntityOfPage\":{\"@id\":\"https:\\\/\\\/arte351.pt\\\/art\\\/2025\\\/04\\\/08\\\/bloqueio-emocional-na-vida-e-na-arte-quando-a-criatividade-precisa-de-cura\\\/\"},\"wordCount\":542,\"publisher\":{\"@id\":\"https:\\\/\\\/arte351.pt\\\/art\\\/#organization\"},\"image\":{\"@id\":\"https:\\\/\\\/arte351.pt\\\/art\\\/2025\\\/04\\\/08\\\/bloqueio-emocional-na-vida-e-na-arte-quando-a-criatividade-precisa-de-cura\\\/#primaryimage\"},\"thumbnailUrl\":\"https:\\\/\\\/arte351.pt\\\/art\\\/wp-content\\\/uploads\\\/2025\\\/04\\\/bloqueio-emocional.jpg\",\"articleSection\":[\"Blog ARTE-351\"],\"inLanguage\":\"pt-BR\"},{\"@type\":\"WebPage\",\"@id\":\"https:\\\/\\\/arte351.pt\\\/art\\\/2025\\\/04\\\/08\\\/bloqueio-emocional-na-vida-e-na-arte-quando-a-criatividade-precisa-de-cura\\\/\",\"url\":\"https:\\\/\\\/arte351.pt\\\/art\\\/2025\\\/04\\\/08\\\/bloqueio-emocional-na-vida-e-na-arte-quando-a-criatividade-precisa-de-cura\\\/\",\"name\":\"Bloqueio emocional na vida e na arte: quando a criatividade precisa de cura\",\"isPartOf\":{\"@id\":\"https:\\\/\\\/arte351.pt\\\/art\\\/#website\"},\"primaryImageOfPage\":{\"@id\":\"https:\\\/\\\/arte351.pt\\\/art\\\/2025\\\/04\\\/08\\\/bloqueio-emocional-na-vida-e-na-arte-quando-a-criatividade-precisa-de-cura\\\/#primaryimage\"},\"image\":{\"@id\":\"https:\\\/\\\/arte351.pt\\\/art\\\/2025\\\/04\\\/08\\\/bloqueio-emocional-na-vida-e-na-arte-quando-a-criatividade-precisa-de-cura\\\/#primaryimage\"},\"thumbnailUrl\":\"https:\\\/\\\/arte351.pt\\\/art\\\/wp-content\\\/uploads\\\/2025\\\/04\\\/bloqueio-emocional.jpg\",\"datePublished\":\"2025-04-08T02:48:38+00:00\",\"description\":\"bloqueio emocional \u00e9 uma barreira psicol\u00f3gica que paralisa nossa capacidade de sentir, criar ou reagir......\",\"breadcrumb\":{\"@id\":\"https:\\\/\\\/arte351.pt\\\/art\\\/2025\\\/04\\\/08\\\/bloqueio-emocional-na-vida-e-na-arte-quando-a-criatividade-precisa-de-cura\\\/#breadcrumb\"},\"inLanguage\":\"pt-BR\",\"potentialAction\":[{\"@type\":\"ReadAction\",\"target\":[\"https:\\\/\\\/arte351.pt\\\/art\\\/2025\\\/04\\\/08\\\/bloqueio-emocional-na-vida-e-na-arte-quando-a-criatividade-precisa-de-cura\\\/\"]}]},{\"@type\":\"ImageObject\",\"inLanguage\":\"pt-BR\",\"@id\":\"https:\\\/\\\/arte351.pt\\\/art\\\/2025\\\/04\\\/08\\\/bloqueio-emocional-na-vida-e-na-arte-quando-a-criatividade-precisa-de-cura\\\/#primaryimage\",\"url\":\"https:\\\/\\\/arte351.pt\\\/art\\\/wp-content\\\/uploads\\\/2025\\\/04\\\/bloqueio-emocional.jpg\",\"contentUrl\":\"https:\\\/\\\/arte351.pt\\\/art\\\/wp-content\\\/uploads\\\/2025\\\/04\\\/bloqueio-emocional.jpg\",\"width\":1200,\"height\":578},{\"@type\":\"BreadcrumbList\",\"@id\":\"https:\\\/\\\/arte351.pt\\\/art\\\/2025\\\/04\\\/08\\\/bloqueio-emocional-na-vida-e-na-arte-quando-a-criatividade-precisa-de-cura\\\/#breadcrumb\",\"itemListElement\":[{\"@type\":\"ListItem\",\"position\":1,\"name\":\"In\u00edcio\",\"item\":\"https:\\\/\\\/arte351.pt\\\/art\\\/\"},{\"@type\":\"ListItem\",\"position\":2,\"name\":\"Bloqueio emocional na vida e na arte: quando a criatividade precisa de cura\"}]},{\"@type\":\"WebSite\",\"@id\":\"https:\\\/\\\/arte351.pt\\\/art\\\/#website\",\"url\":\"https:\\\/\\\/arte351.pt\\\/art\\\/\",\"name\":\"Arte351 - Art Magazine Portugal\",\"description\":\"\",\"publisher\":{\"@id\":\"https:\\\/\\\/arte351.pt\\\/art\\\/#organization\"},\"potentialAction\":[{\"@type\":\"SearchAction\",\"target\":{\"@type\":\"EntryPoint\",\"urlTemplate\":\"https:\\\/\\\/arte351.pt\\\/art\\\/?s={search_term_string}\"},\"query-input\":{\"@type\":\"PropertyValueSpecification\",\"valueRequired\":true,\"valueName\":\"search_term_string\"}}],\"inLanguage\":\"pt-BR\"},{\"@type\":\"Organization\",\"@id\":\"https:\\\/\\\/arte351.pt\\\/art\\\/#organization\",\"name\":\"Arte351 - Art Magazine Portugal\",\"url\":\"https:\\\/\\\/arte351.pt\\\/art\\\/\",\"logo\":{\"@type\":\"ImageObject\",\"inLanguage\":\"pt-BR\",\"@id\":\"https:\\\/\\\/arte351.pt\\\/art\\\/#\\\/schema\\\/logo\\\/image\\\/\",\"url\":\"https:\\\/\\\/arte351.pt\\\/art\\\/wp-content\\\/uploads\\\/2020\\\/03\\\/cropped-logo-arte351-color.png\",\"contentUrl\":\"https:\\\/\\\/arte351.pt\\\/art\\\/wp-content\\\/uploads\\\/2020\\\/03\\\/cropped-logo-arte351-color.png\",\"width\":514,\"height\":200,\"caption\":\"Arte351 - Art Magazine Portugal\"},\"image\":{\"@id\":\"https:\\\/\\\/arte351.pt\\\/art\\\/#\\\/schema\\\/logo\\\/image\\\/\"},\"sameAs\":[\"https:\\\/\\\/www.facebook.com\\\/arte351magazine\\\/\"]},{\"@type\":\"Person\",\"@id\":\"https:\\\/\\\/arte351.pt\\\/art\\\/#\\\/schema\\\/person\\\/1d081d5dbc7c2a3f2317da95c823a5bd\",\"name\":\"Equipa Arte 351\",\"image\":{\"@type\":\"ImageObject\",\"inLanguage\":\"pt-BR\",\"@id\":\"https:\\\/\\\/secure.gravatar.com\\\/avatar\\\/3f97e62c832ede8fafe5d2f9e31f8a055e187b6b31056d1e065d95e034db52e2?s=96&d=mm&r=g\",\"url\":\"https:\\\/\\\/secure.gravatar.com\\\/avatar\\\/3f97e62c832ede8fafe5d2f9e31f8a055e187b6b31056d1e065d95e034db52e2?s=96&d=mm&r=g\",\"contentUrl\":\"https:\\\/\\\/secure.gravatar.com\\\/avatar\\\/3f97e62c832ede8fafe5d2f9e31f8a055e187b6b31056d1e065d95e034db52e2?s=96&d=mm&r=g\",\"caption\":\"Equipa Arte 351\"},\"url\":\"https:\\\/\\\/arte351.pt\\\/art\\\/author\\\/admin2\\\/\"}]}<\/script>\n<!-- \/ Yoast SEO plugin. -->","yoast_head_json":{"title":"Bloqueio emocional na vida e na arte: quando a criatividade precisa de cura","description":"bloqueio emocional \u00e9 uma barreira psicol\u00f3gica que paralisa nossa capacidade de sentir, criar ou reagir......","robots":{"index":"index","follow":"follow","max-snippet":"max-snippet:-1","max-image-preview":"max-image-preview:large","max-video-preview":"max-video-preview:-1"},"canonical":"https:\/\/arte351.pt\/art\/2025\/04\/08\/bloqueio-emocional-na-vida-e-na-arte-quando-a-criatividade-precisa-de-cura\/","og_locale":"pt_BR","og_type":"article","og_title":"Bloqueio emocional na vida e na arte: quando a criatividade precisa de cura","og_description":"bloqueio emocional \u00e9 uma barreira psicol\u00f3gica que paralisa nossa capacidade de sentir, criar ou reagir......","og_url":"https:\/\/arte351.pt\/art\/2025\/04\/08\/bloqueio-emocional-na-vida-e-na-arte-quando-a-criatividade-precisa-de-cura\/","og_site_name":"Arte351 - Art Magazine Portugal","article_publisher":"https:\/\/www.facebook.com\/arte351magazine\/","article_published_time":"2025-04-08T02:48:38+00:00","og_image":[{"width":1200,"height":578,"url":"https:\/\/arte351.pt\/art\/wp-content\/uploads\/2025\/04\/bloqueio-emocional.jpg","type":"image\/jpeg"}],"author":"Equipa Arte 351","twitter_misc":{"Escrito por":"Equipa Arte 351","Est. tempo de leitura":"4 minutos"},"schema":{"@context":"https:\/\/schema.org","@graph":[{"@type":"Article","@id":"https:\/\/arte351.pt\/art\/2025\/04\/08\/bloqueio-emocional-na-vida-e-na-arte-quando-a-criatividade-precisa-de-cura\/#article","isPartOf":{"@id":"https:\/\/arte351.pt\/art\/2025\/04\/08\/bloqueio-emocional-na-vida-e-na-arte-quando-a-criatividade-precisa-de-cura\/"},"author":{"name":"Equipa Arte 351","@id":"https:\/\/arte351.pt\/art\/#\/schema\/person\/1d081d5dbc7c2a3f2317da95c823a5bd"},"headline":"Bloqueio emocional na vida e na arte: quando a criatividade precisa de cura","datePublished":"2025-04-08T02:48:38+00:00","mainEntityOfPage":{"@id":"https:\/\/arte351.pt\/art\/2025\/04\/08\/bloqueio-emocional-na-vida-e-na-arte-quando-a-criatividade-precisa-de-cura\/"},"wordCount":542,"publisher":{"@id":"https:\/\/arte351.pt\/art\/#organization"},"image":{"@id":"https:\/\/arte351.pt\/art\/2025\/04\/08\/bloqueio-emocional-na-vida-e-na-arte-quando-a-criatividade-precisa-de-cura\/#primaryimage"},"thumbnailUrl":"https:\/\/arte351.pt\/art\/wp-content\/uploads\/2025\/04\/bloqueio-emocional.jpg","articleSection":["Blog ARTE-351"],"inLanguage":"pt-BR"},{"@type":"WebPage","@id":"https:\/\/arte351.pt\/art\/2025\/04\/08\/bloqueio-emocional-na-vida-e-na-arte-quando-a-criatividade-precisa-de-cura\/","url":"https:\/\/arte351.pt\/art\/2025\/04\/08\/bloqueio-emocional-na-vida-e-na-arte-quando-a-criatividade-precisa-de-cura\/","name":"Bloqueio emocional na vida e na arte: quando a criatividade precisa de cura","isPartOf":{"@id":"https:\/\/arte351.pt\/art\/#website"},"primaryImageOfPage":{"@id":"https:\/\/arte351.pt\/art\/2025\/04\/08\/bloqueio-emocional-na-vida-e-na-arte-quando-a-criatividade-precisa-de-cura\/#primaryimage"},"image":{"@id":"https:\/\/arte351.pt\/art\/2025\/04\/08\/bloqueio-emocional-na-vida-e-na-arte-quando-a-criatividade-precisa-de-cura\/#primaryimage"},"thumbnailUrl":"https:\/\/arte351.pt\/art\/wp-content\/uploads\/2025\/04\/bloqueio-emocional.jpg","datePublished":"2025-04-08T02:48:38+00:00","description":"bloqueio emocional \u00e9 uma barreira psicol\u00f3gica que paralisa nossa capacidade de sentir, criar ou reagir......","breadcrumb":{"@id":"https:\/\/arte351.pt\/art\/2025\/04\/08\/bloqueio-emocional-na-vida-e-na-arte-quando-a-criatividade-precisa-de-cura\/#breadcrumb"},"inLanguage":"pt-BR","potentialAction":[{"@type":"ReadAction","target":["https:\/\/arte351.pt\/art\/2025\/04\/08\/bloqueio-emocional-na-vida-e-na-arte-quando-a-criatividade-precisa-de-cura\/"]}]},{"@type":"ImageObject","inLanguage":"pt-BR","@id":"https:\/\/arte351.pt\/art\/2025\/04\/08\/bloqueio-emocional-na-vida-e-na-arte-quando-a-criatividade-precisa-de-cura\/#primaryimage","url":"https:\/\/arte351.pt\/art\/wp-content\/uploads\/2025\/04\/bloqueio-emocional.jpg","contentUrl":"https:\/\/arte351.pt\/art\/wp-content\/uploads\/2025\/04\/bloqueio-emocional.jpg","width":1200,"height":578},{"@type":"BreadcrumbList","@id":"https:\/\/arte351.pt\/art\/2025\/04\/08\/bloqueio-emocional-na-vida-e-na-arte-quando-a-criatividade-precisa-de-cura\/#breadcrumb","itemListElement":[{"@type":"ListItem","position":1,"name":"In\u00edcio","item":"https:\/\/arte351.pt\/art\/"},{"@type":"ListItem","position":2,"name":"Bloqueio emocional na vida e na arte: quando a criatividade precisa de cura"}]},{"@type":"WebSite","@id":"https:\/\/arte351.pt\/art\/#website","url":"https:\/\/arte351.pt\/art\/","name":"Arte351 - Art Magazine Portugal","description":"","publisher":{"@id":"https:\/\/arte351.pt\/art\/#organization"},"potentialAction":[{"@type":"SearchAction","target":{"@type":"EntryPoint","urlTemplate":"https:\/\/arte351.pt\/art\/?s={search_term_string}"},"query-input":{"@type":"PropertyValueSpecification","valueRequired":true,"valueName":"search_term_string"}}],"inLanguage":"pt-BR"},{"@type":"Organization","@id":"https:\/\/arte351.pt\/art\/#organization","name":"Arte351 - Art Magazine Portugal","url":"https:\/\/arte351.pt\/art\/","logo":{"@type":"ImageObject","inLanguage":"pt-BR","@id":"https:\/\/arte351.pt\/art\/#\/schema\/logo\/image\/","url":"https:\/\/arte351.pt\/art\/wp-content\/uploads\/2020\/03\/cropped-logo-arte351-color.png","contentUrl":"https:\/\/arte351.pt\/art\/wp-content\/uploads\/2020\/03\/cropped-logo-arte351-color.png","width":514,"height":200,"caption":"Arte351 - Art Magazine Portugal"},"image":{"@id":"https:\/\/arte351.pt\/art\/#\/schema\/logo\/image\/"},"sameAs":["https:\/\/www.facebook.com\/arte351magazine\/"]},{"@type":"Person","@id":"https:\/\/arte351.pt\/art\/#\/schema\/person\/1d081d5dbc7c2a3f2317da95c823a5bd","name":"Equipa Arte 351","image":{"@type":"ImageObject","inLanguage":"pt-BR","@id":"https:\/\/secure.gravatar.com\/avatar\/3f97e62c832ede8fafe5d2f9e31f8a055e187b6b31056d1e065d95e034db52e2?s=96&d=mm&r=g","url":"https:\/\/secure.gravatar.com\/avatar\/3f97e62c832ede8fafe5d2f9e31f8a055e187b6b31056d1e065d95e034db52e2?s=96&d=mm&r=g","contentUrl":"https:\/\/secure.gravatar.com\/avatar\/3f97e62c832ede8fafe5d2f9e31f8a055e187b6b31056d1e065d95e034db52e2?s=96&d=mm&r=g","caption":"Equipa Arte 351"},"url":"https:\/\/arte351.pt\/art\/author\/admin2\/"}]}},"_links":{"self":[{"href":"https:\/\/arte351.pt\/art\/wp-json\/wp\/v2\/posts\/9382","targetHints":{"allow":["GET"]}}],"collection":[{"href":"https:\/\/arte351.pt\/art\/wp-json\/wp\/v2\/posts"}],"about":[{"href":"https:\/\/arte351.pt\/art\/wp-json\/wp\/v2\/types\/post"}],"author":[{"embeddable":true,"href":"https:\/\/arte351.pt\/art\/wp-json\/wp\/v2\/users\/34415"}],"replies":[{"embeddable":true,"href":"https:\/\/arte351.pt\/art\/wp-json\/wp\/v2\/comments?post=9382"}],"version-history":[{"count":1,"href":"https:\/\/arte351.pt\/art\/wp-json\/wp\/v2\/posts\/9382\/revisions"}],"predecessor-version":[{"id":9384,"href":"https:\/\/arte351.pt\/art\/wp-json\/wp\/v2\/posts\/9382\/revisions\/9384"}],"wp:featuredmedia":[{"embeddable":true,"href":"https:\/\/arte351.pt\/art\/wp-json\/wp\/v2\/media\/9383"}],"wp:attachment":[{"href":"https:\/\/arte351.pt\/art\/wp-json\/wp\/v2\/media?parent=9382"}],"wp:term":[{"taxonomy":"category","embeddable":true,"href":"https:\/\/arte351.pt\/art\/wp-json\/wp\/v2\/categories?post=9382"},{"taxonomy":"post_tag","embeddable":true,"href":"https:\/\/arte351.pt\/art\/wp-json\/wp\/v2\/tags?post=9382"}],"curies":[{"name":"wp","href":"https:\/\/api.w.org\/{rel}","templated":true}]}}