{"id":9388,"date":"2025-04-09T05:33:18","date_gmt":"2025-04-09T05:33:18","guid":{"rendered":"https:\/\/arte351.pt\/art\/?p=9388"},"modified":"2025-04-06T12:39:04","modified_gmt":"2025-04-06T12:39:04","slug":"premio-literario-da-lusofonia-professor-adriano-moreira-e-a-lingua-portuguesa-em-prosa-e-patrimonio","status":"publish","type":"post","link":"https:\/\/arte351.pt\/art\/2025\/04\/09\/premio-literario-da-lusofonia-professor-adriano-moreira-e-a-lingua-portuguesa-em-prosa-e-patrimonio\/","title":{"rendered":"Pr\u00e9mio liter\u00e1rio da lusofonia professor Adriano Moreira e a L\u00edngua Portuguesa em prosa e patrim\u00f3nio"},"content":{"rendered":"<p><strong>At\u00e9 30 de abril de 2025, escritores lus\u00f3fonos podem concorrer \u00e0 4\u00aa edi\u00e7\u00e3o do prestigiado pr\u00e9mio que homenageia o legado do intelectual transmontano e valoriza a diversidade cultural dos povos de l\u00edngua portuguesa.<\/strong><\/p>\n<hr \/>\n<h3><strong>Um Pr\u00e9mio com Hist\u00f3ria e Prop\u00f3sito<\/strong><\/h3>\n<p>Institu\u00eddo em 2018 pela<span>\u00a0<\/span><strong>Biblioteca Adriano Moreira<\/strong><span>\u00a0<\/span>em Bragan\u00e7a, o galard\u00e3o:<\/p>\n<ul>\n<li><strong>Promove<\/strong><span>\u00a0<\/span>a cria\u00e7\u00e3o liter\u00e1ria em l\u00edngua portuguesa<\/li>\n<li><strong>Valoriza<\/strong><span>\u00a0<\/span>temas da Lusofonia em romances in\u00e9ditos (150-300 p\u00e1ginas)<\/li>\n<li><strong>Homenageia<\/strong><span>\u00a0<\/span>o professor Adriano Moreira (1922-2023), figura \u00edmpar que:\n<ul>\n<li>Aboliu o Estatuto do Indigenato durante o Estado Novo<\/li>\n<li>Fundou o Instituto Internacional da L\u00edngua Portuguesa no Recife<\/li>\n<li>Recebeu condecora\u00e7\u00f5es em Cabo Verde e Timor-Leste por sua defesa dos Direitos Humanos<\/li>\n<\/ul>\n<\/li>\n<\/ul>\n<p><em>&#8220;A P\u00e1tria n\u00e3o se ama a benef\u00edcio de invent\u00e1rio, mas pela contribui\u00e7\u00e3o ao patrim\u00f3nio imaterial da humanidade&#8221;<\/em><br \/>\n<em>(Pensamento que inspirou o pr\u00e9mio)<\/em><\/p>\n<hr \/>\n<h3><strong>Como Participar<\/strong><\/h3>\n<p><span>\u00a0<\/span><strong>Modalidade<\/strong>: Romance ficcional in\u00e9dito (n\u00e3o publicado em papel ou digital)<br \/>\n<span>\u00a0<\/span><strong>Tema<\/strong>: Lusofonia (abordagem livre \u2013 hist\u00f3rica, social ou contempor\u00e2nea)<br \/>\n<span>\u00a0<\/span><strong>Prazo<\/strong>: Envio at\u00e9 30 de abril de 2025<br \/>\n<span>\u00a0<\/span><strong>Envio<\/strong>: 5 c\u00f3pias impressas + envelope sigiloso com dados para:<br \/>\n<em>Academia de Letras de Tr\u00e1s-os-Montes, Pra\u00e7a Cam\u00f5es, 5300-104 Bragan\u00e7a<\/em><\/p>\n<hr \/>\n<h3><strong>Reconhecimento e Premia\u00e7\u00e3o<\/strong><\/h3>\n<p><span>\u00a0<\/span><strong>Trof\u00e9u<\/strong>: Obra original do escultor transmontano<span>\u00a0<\/span><strong>Ant\u00f3nio Nobre<\/strong><br \/>\n<span>\u00a0<\/span><strong>Valor<\/strong>: 5.000 euros<br \/>\n<span>\u00a0<\/span><strong>Direitos de edi\u00e7\u00e3o<\/strong>: Parceria com a C\u00e2mara Municipal de Bragan\u00e7a para publica\u00e7\u00e3o<\/p>\n<p>A cerim\u00f3nia de entrega ocorrer\u00e1 em<span>\u00a0<\/span><strong>outubro de 2025<\/strong>, durante o<span>\u00a0<\/span><strong>LUSOCONF 2025<\/strong><span>\u00a0<\/span>\u2013 VII Encontro Internacional da L\u00edngua Portuguesa.<\/p>\n<hr \/>\n<h3><strong>J\u00fari e Crit\u00e9rios<\/strong><\/h3>\n<p>O painel de 5 membros (indicados por institui\u00e7\u00f5es como o<span>\u00a0<\/span><strong>Instituto Polit\u00e9cnico de Bragan\u00e7a<\/strong><span>\u00a0<\/span>e a<span>\u00a0<\/span><strong>Diocese de Bragan\u00e7a-Miranda<\/strong>) avaliar\u00e1:<\/p>\n<ul>\n<li><strong>Qualidade liter\u00e1ria<\/strong><span>\u00a0<\/span>e dom\u00ednio da l\u00edngua<\/li>\n<li><strong>Originalidade tem\u00e1tica<\/strong><span>\u00a0<\/span>no contexto lus\u00f3fono<\/li>\n<li><strong>Potencial de divulga\u00e7\u00e3o<\/strong><span>\u00a0<\/span>dos valores culturais da Lusofonia<\/li>\n<\/ul>\n<hr \/>\n<h3><strong>Por Que Concorrer?<\/strong><\/h3>\n<p>1\ufe0f\u20e3<span>\u00a0<\/span><strong>Visibilidade<\/strong>: Obra publicada e divulgada em eventos liter\u00e1rios<br \/>\n2\ufe0f\u20e3<span>\u00a0<\/span><strong>Legado<\/strong>: Integra\u00e7\u00e3o no acervo da Biblioteca Adriano Moreira<br \/>\n3\ufe0f\u20e3<span>\u00a0<\/span><strong>Conex\u00e3o<\/strong>: Di\u00e1logo com uma rede de escritores e acad\u00e9micos lus\u00f3fonos<\/p>\n<hr \/>\n<h3><strong>Apoio Institucional<\/strong><\/h3>\n<p>O pr\u00e9mio \u00e9 organizado por:<\/p>\n<ul>\n<li>Academia de Letras de Tr\u00e1s-os-Montes<\/li>\n<li>C\u00e2mara Municipal de Bragan\u00e7a<\/li>\n<li>Comiss\u00e3o de Curadores da Biblioteca Adriano Moreira<\/li>\n<\/ul>\n<p>\u2139\ufe0f<span>\u00a0<\/span><strong>D\u00favidas<\/strong>:<span>\u00a0<\/span><a href=\"https:\/\/mailto:academiadeletrasosmontes@gmail.com\/\" target=\"_blank\" rel=\"noopener noreferrer\">academiadeletrasosmontes@gmail.com<\/a><\/p>\n<hr \/>\n<p><strong>&#8220;Mais que um concurso, uma celebra\u00e7\u00e3o da l\u00edngua portuguesa como espa\u00e7o de encontro entre continentes e gera\u00e7\u00f5es.&#8221;<\/strong><\/p>\n<p><em>(<a href=\"https:\/\/www.cm-braganca.pt\/visitar\/agenda-de-eventos\/evento\/premio-literario-professor-adriano-moreira-4-edicao-inscricoes\" target=\"_blank\" rel=\"noopener\">Regulamento completo dispon\u00edvel no site da Academia de Letras de Tr\u00e1s-os-Montes<\/a>)<\/em><\/p>\n","protected":false},"excerpt":{"rendered":"<p>At\u00e9 30 de abril de 2025, escritores lus\u00f3fonos podem concorrer \u00e0 4\u00aa edi\u00e7\u00e3o do prestigiado pr\u00e9mio que homenageia o legado do intelectual transmontano e valoriza a diversidade cultural dos povos [&hellip;]<\/p>\n","protected":false},"author":34415,"featured_media":0,"comment_status":"closed","ping_status":"closed","sticky":false,"template":"","format":"standard","meta":{"_exactmetrics_skip_tracking":false,"_exactmetrics_sitenote_active":false,"_exactmetrics_sitenote_note":"","_exactmetrics_sitenote_category":0,"_uf_show_specific_survey":0,"_uf_disable_surveys":false,"footnotes":""},"categories":[1161],"tags":[],"class_list":["post-9388","post","type-post","status-publish","format-standard","hentry","category-concurso"],"yoast_head":"<!-- This site is optimized with the Yoast SEO plugin v27.3 - https:\/\/yoast.com\/product\/yoast-seo-wordpress\/ -->\n<title>Pr\u00e9mio liter\u00e1rio da lusofonia professor Adriano Moreira e a L\u00edngua Portuguesa em prosa e patrim\u00f3nio<\/title>\n<meta name=\"robots\" content=\"index, follow, max-snippet:-1, max-image-preview:large, max-video-preview:-1\" \/>\n<link rel=\"canonical\" href=\"https:\/\/arte351.pt\/art\/2025\/04\/09\/premio-literario-da-lusofonia-professor-adriano-moreira-e-a-lingua-portuguesa-em-prosa-e-patrimonio\/\" \/>\n<meta property=\"og:locale\" content=\"pt_BR\" \/>\n<meta property=\"og:type\" content=\"article\" \/>\n<meta property=\"og:title\" content=\"Pr\u00e9mio liter\u00e1rio da lusofonia professor Adriano Moreira e a L\u00edngua Portuguesa em prosa e patrim\u00f3nio\" \/>\n<meta property=\"og:description\" content=\"At\u00e9 30 de abril de 2025, escritores lus\u00f3fonos podem concorrer \u00e0 4\u00aa edi\u00e7\u00e3o do prestigiado pr\u00e9mio que homenageia o legado do intelectual transmontano e valoriza a diversidade cultural dos povos [&hellip;]\" \/>\n<meta property=\"og:url\" content=\"https:\/\/arte351.pt\/art\/2025\/04\/09\/premio-literario-da-lusofonia-professor-adriano-moreira-e-a-lingua-portuguesa-em-prosa-e-patrimonio\/\" \/>\n<meta property=\"og:site_name\" content=\"Arte351 - Art Magazine Portugal\" \/>\n<meta property=\"article:publisher\" content=\"https:\/\/www.facebook.com\/arte351magazine\/\" \/>\n<meta property=\"article:published_time\" content=\"2025-04-09T05:33:18+00:00\" \/>\n<meta name=\"author\" content=\"Equipa Arte 351\" \/>\n<meta name=\"twitter:label1\" content=\"Escrito por\" \/>\n\t<meta name=\"twitter:data1\" content=\"Equipa Arte 351\" \/>\n\t<meta name=\"twitter:label2\" content=\"Est. tempo de leitura\" \/>\n\t<meta name=\"twitter:data2\" content=\"2 minutos\" \/>\n<script type=\"application\/ld+json\" class=\"yoast-schema-graph\">{\"@context\":\"https:\\\/\\\/schema.org\",\"@graph\":[{\"@type\":\"Article\",\"@id\":\"https:\\\/\\\/arte351.pt\\\/art\\\/2025\\\/04\\\/09\\\/premio-literario-da-lusofonia-professor-adriano-moreira-e-a-lingua-portuguesa-em-prosa-e-patrimonio\\\/#article\",\"isPartOf\":{\"@id\":\"https:\\\/\\\/arte351.pt\\\/art\\\/2025\\\/04\\\/09\\\/premio-literario-da-lusofonia-professor-adriano-moreira-e-a-lingua-portuguesa-em-prosa-e-patrimonio\\\/\"},\"author\":{\"name\":\"Equipa Arte 351\",\"@id\":\"https:\\\/\\\/arte351.pt\\\/art\\\/#\\\/schema\\\/person\\\/1d081d5dbc7c2a3f2317da95c823a5bd\"},\"headline\":\"Pr\u00e9mio liter\u00e1rio da lusofonia professor Adriano Moreira e a L\u00edngua Portuguesa em prosa e patrim\u00f3nio\",\"datePublished\":\"2025-04-09T05:33:18+00:00\",\"mainEntityOfPage\":{\"@id\":\"https:\\\/\\\/arte351.pt\\\/art\\\/2025\\\/04\\\/09\\\/premio-literario-da-lusofonia-professor-adriano-moreira-e-a-lingua-portuguesa-em-prosa-e-patrimonio\\\/\"},\"wordCount\":423,\"publisher\":{\"@id\":\"https:\\\/\\\/arte351.pt\\\/art\\\/#organization\"},\"articleSection\":[\"Concurso\"],\"inLanguage\":\"pt-BR\"},{\"@type\":\"WebPage\",\"@id\":\"https:\\\/\\\/arte351.pt\\\/art\\\/2025\\\/04\\\/09\\\/premio-literario-da-lusofonia-professor-adriano-moreira-e-a-lingua-portuguesa-em-prosa-e-patrimonio\\\/\",\"url\":\"https:\\\/\\\/arte351.pt\\\/art\\\/2025\\\/04\\\/09\\\/premio-literario-da-lusofonia-professor-adriano-moreira-e-a-lingua-portuguesa-em-prosa-e-patrimonio\\\/\",\"name\":\"Pr\u00e9mio liter\u00e1rio da lusofonia professor Adriano Moreira e a L\u00edngua Portuguesa em prosa e patrim\u00f3nio\",\"isPartOf\":{\"@id\":\"https:\\\/\\\/arte351.pt\\\/art\\\/#website\"},\"datePublished\":\"2025-04-09T05:33:18+00:00\",\"breadcrumb\":{\"@id\":\"https:\\\/\\\/arte351.pt\\\/art\\\/2025\\\/04\\\/09\\\/premio-literario-da-lusofonia-professor-adriano-moreira-e-a-lingua-portuguesa-em-prosa-e-patrimonio\\\/#breadcrumb\"},\"inLanguage\":\"pt-BR\",\"potentialAction\":[{\"@type\":\"ReadAction\",\"target\":[\"https:\\\/\\\/arte351.pt\\\/art\\\/2025\\\/04\\\/09\\\/premio-literario-da-lusofonia-professor-adriano-moreira-e-a-lingua-portuguesa-em-prosa-e-patrimonio\\\/\"]}]},{\"@type\":\"BreadcrumbList\",\"@id\":\"https:\\\/\\\/arte351.pt\\\/art\\\/2025\\\/04\\\/09\\\/premio-literario-da-lusofonia-professor-adriano-moreira-e-a-lingua-portuguesa-em-prosa-e-patrimonio\\\/#breadcrumb\",\"itemListElement\":[{\"@type\":\"ListItem\",\"position\":1,\"name\":\"In\u00edcio\",\"item\":\"https:\\\/\\\/arte351.pt\\\/art\\\/\"},{\"@type\":\"ListItem\",\"position\":2,\"name\":\"Pr\u00e9mio liter\u00e1rio da lusofonia professor Adriano Moreira e a L\u00edngua Portuguesa em prosa e patrim\u00f3nio\"}]},{\"@type\":\"WebSite\",\"@id\":\"https:\\\/\\\/arte351.pt\\\/art\\\/#website\",\"url\":\"https:\\\/\\\/arte351.pt\\\/art\\\/\",\"name\":\"Arte351 - Art Magazine Portugal\",\"description\":\"\",\"publisher\":{\"@id\":\"https:\\\/\\\/arte351.pt\\\/art\\\/#organization\"},\"potentialAction\":[{\"@type\":\"SearchAction\",\"target\":{\"@type\":\"EntryPoint\",\"urlTemplate\":\"https:\\\/\\\/arte351.pt\\\/art\\\/?s={search_term_string}\"},\"query-input\":{\"@type\":\"PropertyValueSpecification\",\"valueRequired\":true,\"valueName\":\"search_term_string\"}}],\"inLanguage\":\"pt-BR\"},{\"@type\":\"Organization\",\"@id\":\"https:\\\/\\\/arte351.pt\\\/art\\\/#organization\",\"name\":\"Arte351 - Art Magazine Portugal\",\"url\":\"https:\\\/\\\/arte351.pt\\\/art\\\/\",\"logo\":{\"@type\":\"ImageObject\",\"inLanguage\":\"pt-BR\",\"@id\":\"https:\\\/\\\/arte351.pt\\\/art\\\/#\\\/schema\\\/logo\\\/image\\\/\",\"url\":\"https:\\\/\\\/arte351.pt\\\/art\\\/wp-content\\\/uploads\\\/2020\\\/03\\\/cropped-logo-arte351-color.png\",\"contentUrl\":\"https:\\\/\\\/arte351.pt\\\/art\\\/wp-content\\\/uploads\\\/2020\\\/03\\\/cropped-logo-arte351-color.png\",\"width\":514,\"height\":200,\"caption\":\"Arte351 - Art Magazine Portugal\"},\"image\":{\"@id\":\"https:\\\/\\\/arte351.pt\\\/art\\\/#\\\/schema\\\/logo\\\/image\\\/\"},\"sameAs\":[\"https:\\\/\\\/www.facebook.com\\\/arte351magazine\\\/\"]},{\"@type\":\"Person\",\"@id\":\"https:\\\/\\\/arte351.pt\\\/art\\\/#\\\/schema\\\/person\\\/1d081d5dbc7c2a3f2317da95c823a5bd\",\"name\":\"Equipa Arte 351\",\"image\":{\"@type\":\"ImageObject\",\"inLanguage\":\"pt-BR\",\"@id\":\"https:\\\/\\\/secure.gravatar.com\\\/avatar\\\/3f97e62c832ede8fafe5d2f9e31f8a055e187b6b31056d1e065d95e034db52e2?s=96&d=mm&r=g\",\"url\":\"https:\\\/\\\/secure.gravatar.com\\\/avatar\\\/3f97e62c832ede8fafe5d2f9e31f8a055e187b6b31056d1e065d95e034db52e2?s=96&d=mm&r=g\",\"contentUrl\":\"https:\\\/\\\/secure.gravatar.com\\\/avatar\\\/3f97e62c832ede8fafe5d2f9e31f8a055e187b6b31056d1e065d95e034db52e2?s=96&d=mm&r=g\",\"caption\":\"Equipa Arte 351\"},\"url\":\"https:\\\/\\\/arte351.pt\\\/art\\\/author\\\/admin2\\\/\"}]}<\/script>\n<!-- \/ Yoast SEO plugin. -->","yoast_head_json":{"title":"Pr\u00e9mio liter\u00e1rio da lusofonia professor Adriano Moreira e a L\u00edngua Portuguesa em prosa e patrim\u00f3nio","robots":{"index":"index","follow":"follow","max-snippet":"max-snippet:-1","max-image-preview":"max-image-preview:large","max-video-preview":"max-video-preview:-1"},"canonical":"https:\/\/arte351.pt\/art\/2025\/04\/09\/premio-literario-da-lusofonia-professor-adriano-moreira-e-a-lingua-portuguesa-em-prosa-e-patrimonio\/","og_locale":"pt_BR","og_type":"article","og_title":"Pr\u00e9mio liter\u00e1rio da lusofonia professor Adriano Moreira e a L\u00edngua Portuguesa em prosa e patrim\u00f3nio","og_description":"At\u00e9 30 de abril de 2025, escritores lus\u00f3fonos podem concorrer \u00e0 4\u00aa edi\u00e7\u00e3o do prestigiado pr\u00e9mio que homenageia o legado do intelectual transmontano e valoriza a diversidade cultural dos povos [&hellip;]","og_url":"https:\/\/arte351.pt\/art\/2025\/04\/09\/premio-literario-da-lusofonia-professor-adriano-moreira-e-a-lingua-portuguesa-em-prosa-e-patrimonio\/","og_site_name":"Arte351 - Art Magazine Portugal","article_publisher":"https:\/\/www.facebook.com\/arte351magazine\/","article_published_time":"2025-04-09T05:33:18+00:00","author":"Equipa Arte 351","twitter_misc":{"Escrito por":"Equipa Arte 351","Est. tempo de leitura":"2 minutos"},"schema":{"@context":"https:\/\/schema.org","@graph":[{"@type":"Article","@id":"https:\/\/arte351.pt\/art\/2025\/04\/09\/premio-literario-da-lusofonia-professor-adriano-moreira-e-a-lingua-portuguesa-em-prosa-e-patrimonio\/#article","isPartOf":{"@id":"https:\/\/arte351.pt\/art\/2025\/04\/09\/premio-literario-da-lusofonia-professor-adriano-moreira-e-a-lingua-portuguesa-em-prosa-e-patrimonio\/"},"author":{"name":"Equipa Arte 351","@id":"https:\/\/arte351.pt\/art\/#\/schema\/person\/1d081d5dbc7c2a3f2317da95c823a5bd"},"headline":"Pr\u00e9mio liter\u00e1rio da lusofonia professor Adriano Moreira e a L\u00edngua Portuguesa em prosa e patrim\u00f3nio","datePublished":"2025-04-09T05:33:18+00:00","mainEntityOfPage":{"@id":"https:\/\/arte351.pt\/art\/2025\/04\/09\/premio-literario-da-lusofonia-professor-adriano-moreira-e-a-lingua-portuguesa-em-prosa-e-patrimonio\/"},"wordCount":423,"publisher":{"@id":"https:\/\/arte351.pt\/art\/#organization"},"articleSection":["Concurso"],"inLanguage":"pt-BR"},{"@type":"WebPage","@id":"https:\/\/arte351.pt\/art\/2025\/04\/09\/premio-literario-da-lusofonia-professor-adriano-moreira-e-a-lingua-portuguesa-em-prosa-e-patrimonio\/","url":"https:\/\/arte351.pt\/art\/2025\/04\/09\/premio-literario-da-lusofonia-professor-adriano-moreira-e-a-lingua-portuguesa-em-prosa-e-patrimonio\/","name":"Pr\u00e9mio liter\u00e1rio da lusofonia professor Adriano Moreira e a L\u00edngua Portuguesa em prosa e patrim\u00f3nio","isPartOf":{"@id":"https:\/\/arte351.pt\/art\/#website"},"datePublished":"2025-04-09T05:33:18+00:00","breadcrumb":{"@id":"https:\/\/arte351.pt\/art\/2025\/04\/09\/premio-literario-da-lusofonia-professor-adriano-moreira-e-a-lingua-portuguesa-em-prosa-e-patrimonio\/#breadcrumb"},"inLanguage":"pt-BR","potentialAction":[{"@type":"ReadAction","target":["https:\/\/arte351.pt\/art\/2025\/04\/09\/premio-literario-da-lusofonia-professor-adriano-moreira-e-a-lingua-portuguesa-em-prosa-e-patrimonio\/"]}]},{"@type":"BreadcrumbList","@id":"https:\/\/arte351.pt\/art\/2025\/04\/09\/premio-literario-da-lusofonia-professor-adriano-moreira-e-a-lingua-portuguesa-em-prosa-e-patrimonio\/#breadcrumb","itemListElement":[{"@type":"ListItem","position":1,"name":"In\u00edcio","item":"https:\/\/arte351.pt\/art\/"},{"@type":"ListItem","position":2,"name":"Pr\u00e9mio liter\u00e1rio da lusofonia professor Adriano Moreira e a L\u00edngua Portuguesa em prosa e patrim\u00f3nio"}]},{"@type":"WebSite","@id":"https:\/\/arte351.pt\/art\/#website","url":"https:\/\/arte351.pt\/art\/","name":"Arte351 - Art Magazine Portugal","description":"","publisher":{"@id":"https:\/\/arte351.pt\/art\/#organization"},"potentialAction":[{"@type":"SearchAction","target":{"@type":"EntryPoint","urlTemplate":"https:\/\/arte351.pt\/art\/?s={search_term_string}"},"query-input":{"@type":"PropertyValueSpecification","valueRequired":true,"valueName":"search_term_string"}}],"inLanguage":"pt-BR"},{"@type":"Organization","@id":"https:\/\/arte351.pt\/art\/#organization","name":"Arte351 - Art Magazine Portugal","url":"https:\/\/arte351.pt\/art\/","logo":{"@type":"ImageObject","inLanguage":"pt-BR","@id":"https:\/\/arte351.pt\/art\/#\/schema\/logo\/image\/","url":"https:\/\/arte351.pt\/art\/wp-content\/uploads\/2020\/03\/cropped-logo-arte351-color.png","contentUrl":"https:\/\/arte351.pt\/art\/wp-content\/uploads\/2020\/03\/cropped-logo-arte351-color.png","width":514,"height":200,"caption":"Arte351 - Art Magazine Portugal"},"image":{"@id":"https:\/\/arte351.pt\/art\/#\/schema\/logo\/image\/"},"sameAs":["https:\/\/www.facebook.com\/arte351magazine\/"]},{"@type":"Person","@id":"https:\/\/arte351.pt\/art\/#\/schema\/person\/1d081d5dbc7c2a3f2317da95c823a5bd","name":"Equipa Arte 351","image":{"@type":"ImageObject","inLanguage":"pt-BR","@id":"https:\/\/secure.gravatar.com\/avatar\/3f97e62c832ede8fafe5d2f9e31f8a055e187b6b31056d1e065d95e034db52e2?s=96&d=mm&r=g","url":"https:\/\/secure.gravatar.com\/avatar\/3f97e62c832ede8fafe5d2f9e31f8a055e187b6b31056d1e065d95e034db52e2?s=96&d=mm&r=g","contentUrl":"https:\/\/secure.gravatar.com\/avatar\/3f97e62c832ede8fafe5d2f9e31f8a055e187b6b31056d1e065d95e034db52e2?s=96&d=mm&r=g","caption":"Equipa Arte 351"},"url":"https:\/\/arte351.pt\/art\/author\/admin2\/"}]}},"_links":{"self":[{"href":"https:\/\/arte351.pt\/art\/wp-json\/wp\/v2\/posts\/9388","targetHints":{"allow":["GET"]}}],"collection":[{"href":"https:\/\/arte351.pt\/art\/wp-json\/wp\/v2\/posts"}],"about":[{"href":"https:\/\/arte351.pt\/art\/wp-json\/wp\/v2\/types\/post"}],"author":[{"embeddable":true,"href":"https:\/\/arte351.pt\/art\/wp-json\/wp\/v2\/users\/34415"}],"replies":[{"embeddable":true,"href":"https:\/\/arte351.pt\/art\/wp-json\/wp\/v2\/comments?post=9388"}],"version-history":[{"count":1,"href":"https:\/\/arte351.pt\/art\/wp-json\/wp\/v2\/posts\/9388\/revisions"}],"predecessor-version":[{"id":9389,"href":"https:\/\/arte351.pt\/art\/wp-json\/wp\/v2\/posts\/9388\/revisions\/9389"}],"wp:attachment":[{"href":"https:\/\/arte351.pt\/art\/wp-json\/wp\/v2\/media?parent=9388"}],"wp:term":[{"taxonomy":"category","embeddable":true,"href":"https:\/\/arte351.pt\/art\/wp-json\/wp\/v2\/categories?post=9388"},{"taxonomy":"post_tag","embeddable":true,"href":"https:\/\/arte351.pt\/art\/wp-json\/wp\/v2\/tags?post=9388"}],"curies":[{"name":"wp","href":"https:\/\/api.w.org\/{rel}","templated":true}]}}