{"id":9562,"date":"2025-06-30T14:22:56","date_gmt":"2025-06-30T14:22:56","guid":{"rendered":"https:\/\/arte351.pt\/art\/?p=9562"},"modified":"2025-07-07T14:27:25","modified_gmt":"2025-07-07T14:27:25","slug":"verao-de-cinema-ao-ar-livre-na-esplanada-da-cinemateca-portuguesa-comeca-dia-1-de-julho","status":"publish","type":"post","link":"https:\/\/arte351.pt\/art\/2025\/06\/30\/verao-de-cinema-ao-ar-livre-na-esplanada-da-cinemateca-portuguesa-comeca-dia-1-de-julho\/","title":{"rendered":"Ver\u00e3o de Cinema ao Ar Livre na Esplanada da Cinemateca Portuguesa come\u00e7a dia 1 de julho"},"content":{"rendered":"<p data-start=\"285\" data-end=\"732\">A partir do <strong data-start=\"310\" data-end=\"336\">dia 1 de julho de 2025<\/strong>, a <strong data-start=\"340\" data-end=\"365\">Cinemateca Portuguesa<\/strong> volta a abrir as portas da sua esplanada para uma nova temporada de <strong data-start=\"434\" data-end=\"456\">cinema ao ar livre<\/strong>, oferecendo sess\u00f5es noturnas sob o c\u00e9u estrelado de Lisboa. As exibi\u00e7\u00f5es decorrem <strong data-start=\"539\" data-end=\"572\">de segunda a s\u00e1bado, \u00e0s 21h45<\/strong>, e prometem uma sele\u00e7\u00e3o cuidada de <strong data-start=\"608\" data-end=\"639\">cl\u00e1ssicos e filmes de culto<\/strong>, alguns projetados em pel\u00edcula, numa experi\u00eancia cinematogr\u00e1fica \u00fanica no cora\u00e7\u00e3o da cidade.<\/p>\n<hr data-start=\"734\" data-end=\"737\" \/>\n<h3 data-start=\"739\" data-end=\"805\">\ufe0f Pacote Especial \u201cJantar + Filme\u201d no restaurante 39 Degraus<\/h3>\n<p data-start=\"807\" data-end=\"1208\">Em parceria com o <strong data-start=\"825\" data-end=\"851\">restaurante 39 Degraus<\/strong>, localizado no 1.\u00ba andar da Cinemateca, os visitantes podem desfrutar do <strong data-start=\"925\" data-end=\"950\">pacote \u201cJantar+Filme\u201d<\/strong>, uma experi\u00eancia integrada que une gastronomia e s\u00e9tima arte. Ao reservar uma mesa atrav\u00e9s do site <a class=\"\" href=\"http:\/\/www.39degraus.pt\" target=\"_new\" rel=\"noopener\" data-start=\"1050\" data-end=\"1093\">www.39degraus.pt<\/a> e consumir o m\u00ednimo de <strong data-start=\"1117\" data-end=\"1135\">12\u20ac por pessoa<\/strong>, o restaurante <strong data-start=\"1151\" data-end=\"1207\">oferece os bilhetes da sess\u00e3o da noite como cortesia<\/strong>.<\/p>\n<p data-start=\"1210\" data-end=\"1422\">\u00c9 poss\u00edvel jantar na mesma mesa onde se assistir\u00e1 ao filme, sendo necess\u00e1rio terminar a refei\u00e7\u00e3o antes do in\u00edcio da sess\u00e3o. Quem j\u00e1 tiver bilhete, mas quiser jantar, tem direito a <strong data-start=\"1390\" data-end=\"1421\">15% de desconto na refei\u00e7\u00e3o<\/strong>.<\/p>\n<p data-start=\"1424\" data-end=\"1579\">Reservas est\u00e3o sujeitas a aprova\u00e7\u00e3o e confirma\u00e7\u00e3o por email ou telefone, assegurando um servi\u00e7o personalizado para um m\u00e1ximo de <strong data-start=\"1552\" data-end=\"1578\">100 lugares por sess\u00e3o<\/strong>.<\/p>\n<hr data-start=\"1581\" data-end=\"1584\" \/>\n<h3 data-start=\"1586\" data-end=\"1653\">\ufe0f Programa\u00e7\u00e3o de Julho 2025 \u2013 Cinema ao Ar Livre na Esplanada<\/h3>\n<ul data-start=\"1655\" data-end=\"2558\">\n<li data-start=\"1655\" data-end=\"1687\">\n<p data-start=\"1657\" data-end=\"1687\"><strong data-start=\"1657\" data-end=\"1666\">01\/07<\/strong> \u2013 <em data-start=\"1669\" data-end=\"1685\">Jimmy the Gent<\/em><\/p>\n<\/li>\n<li data-start=\"1688\" data-end=\"1719\">\n<p data-start=\"1690\" data-end=\"1719\"><strong data-start=\"1690\" data-end=\"1699\">02\/07<\/strong> \u2013 <em data-start=\"1702\" data-end=\"1717\">British Agent<\/em><\/p>\n<\/li>\n<li data-start=\"1720\" data-end=\"1753\">\n<p data-start=\"1722\" data-end=\"1753\"><strong data-start=\"1722\" data-end=\"1731\">03\/07<\/strong> \u2013 <em data-start=\"1734\" data-end=\"1751\">Faccia a Faccia<\/em><\/p>\n<\/li>\n<li data-start=\"1754\" data-end=\"1793\">\n<p data-start=\"1756\" data-end=\"1793\"><strong data-start=\"1756\" data-end=\"1765\">04\/07<\/strong> \u2013 <em data-start=\"1768\" data-end=\"1791\">In the Company of Men<\/em><\/p>\n<\/li>\n<li data-start=\"1794\" data-end=\"1823\">\n<p data-start=\"1796\" data-end=\"1823\"><strong data-start=\"1796\" data-end=\"1805\">05\/07<\/strong> \u2013 <em data-start=\"1808\" data-end=\"1821\">Quien Sabe?<\/em><\/p>\n<\/li>\n<li data-start=\"1824\" data-end=\"1849\">\n<p data-start=\"1826\" data-end=\"1849\"><strong data-start=\"1826\" data-end=\"1835\">07\/07<\/strong> \u2013 <em data-start=\"1838\" data-end=\"1847\">El Topo<\/em><\/p>\n<\/li>\n<li data-start=\"1850\" data-end=\"1881\">\n<p data-start=\"1852\" data-end=\"1881\"><strong data-start=\"1852\" data-end=\"1861\">08\/07<\/strong> \u2013 <em data-start=\"1864\" data-end=\"1879\">Virginia City<\/em><\/p>\n<\/li>\n<li data-start=\"1882\" data-end=\"1932\">\n<p data-start=\"1884\" data-end=\"1932\"><strong data-start=\"1884\" data-end=\"1893\">09\/07<\/strong> \u2013 <em data-start=\"1896\" data-end=\"1930\">Terre \u00c9trangere \/ Das Weite Land<\/em><\/p>\n<\/li>\n<li data-start=\"1933\" data-end=\"1960\">\n<p data-start=\"1935\" data-end=\"1960\"><strong data-start=\"1935\" data-end=\"1944\">10\/07<\/strong> \u2013 <em data-start=\"1947\" data-end=\"1958\">Tricheurs<\/em><\/p>\n<\/li>\n<li data-start=\"1961\" data-end=\"1993\">\n<p data-start=\"1963\" data-end=\"1993\"><strong data-start=\"1963\" data-end=\"1972\">11\/07<\/strong> \u2013 <em data-start=\"1975\" data-end=\"1991\">Belle Toujours<\/em><\/p>\n<\/li>\n<li data-start=\"1994\" data-end=\"2032\">\n<p data-start=\"1996\" data-end=\"2032\"><strong data-start=\"1996\" data-end=\"2005\">12\/07<\/strong> \u2013 <em data-start=\"2008\" data-end=\"2030\">Sem Sombra de Pecado<\/em><\/p>\n<\/li>\n<li data-start=\"2033\" data-end=\"2074\">\n<p data-start=\"2035\" data-end=\"2074\"><strong data-start=\"2035\" data-end=\"2044\">14\/07<\/strong> \u2013 <em data-start=\"2047\" data-end=\"2072\">Le Mari de la Coiffeuse<\/em><\/p>\n<\/li>\n<li data-start=\"2075\" data-end=\"2109\">\n<p data-start=\"2077\" data-end=\"2109\"><strong data-start=\"2077\" data-end=\"2086\">15\/07<\/strong> \u2013 <em data-start=\"2089\" data-end=\"2107\">Marche \u00e0 l\u2019Ombre<\/em><\/p>\n<\/li>\n<li data-start=\"2110\" data-end=\"2148\">\n<p data-start=\"2112\" data-end=\"2148\"><strong data-start=\"2112\" data-end=\"2121\">16\/07<\/strong> \u2013 <em data-start=\"2124\" data-end=\"2146\">L\u2019Ivresse du Pouvoir<\/em><\/p>\n<\/li>\n<li data-start=\"2149\" data-end=\"2187\">\n<p data-start=\"2151\" data-end=\"2187\"><strong data-start=\"2151\" data-end=\"2160\">17\/07<\/strong> \u2013 <em data-start=\"2163\" data-end=\"2185\">What Dreams May Come<\/em><\/p>\n<\/li>\n<li data-start=\"2188\" data-end=\"2217\">\n<p data-start=\"2190\" data-end=\"2217\"><strong data-start=\"2190\" data-end=\"2199\">18\/07<\/strong> \u2013 <em data-start=\"2202\" data-end=\"2215\">Unbreakable<\/em><\/p>\n<\/li>\n<li data-start=\"2218\" data-end=\"2261\">\n<p data-start=\"2220\" data-end=\"2261\"><strong data-start=\"2220\" data-end=\"2229\">19\/07<\/strong> \u2013 <em data-start=\"2232\" data-end=\"2259\">Girl with a Pearl Earring<\/em><\/p>\n<\/li>\n<li data-start=\"2262\" data-end=\"2295\">\n<p data-start=\"2264\" data-end=\"2295\"><strong data-start=\"2264\" data-end=\"2273\">21\/07<\/strong> \u2013 <em data-start=\"2276\" data-end=\"2293\">Tiempo de Morir<\/em><\/p>\n<\/li>\n<li data-start=\"2296\" data-end=\"2332\">\n<p data-start=\"2298\" data-end=\"2332\"><strong data-start=\"2298\" data-end=\"2307\">22\/07<\/strong> \u2013 <em data-start=\"2310\" data-end=\"2330\">Il Grande Silenzio<\/em><\/p>\n<\/li>\n<li data-start=\"2333\" data-end=\"2358\">\n<p data-start=\"2335\" data-end=\"2358\"><strong data-start=\"2335\" data-end=\"2344\">23\/07<\/strong> \u2013 <em data-start=\"2347\" data-end=\"2356\">Starlet<\/em><\/p>\n<\/li>\n<li data-start=\"2359\" data-end=\"2386\">\n<p data-start=\"2361\" data-end=\"2386\"><strong data-start=\"2361\" data-end=\"2370\">24\/07<\/strong> \u2013 <em data-start=\"2373\" data-end=\"2384\">Bombshell<\/em><\/p>\n<\/li>\n<li data-start=\"2387\" data-end=\"2410\">\n<p data-start=\"2389\" data-end=\"2410\"><strong data-start=\"2389\" data-end=\"2398\">25\/07<\/strong> \u2013 <em data-start=\"2401\" data-end=\"2408\">Keoma<\/em><\/p>\n<\/li>\n<li data-start=\"2411\" data-end=\"2445\">\n<p data-start=\"2413\" data-end=\"2445\"><strong data-start=\"2413\" data-end=\"2422\">26\/07<\/strong> \u2013 <em data-start=\"2425\" data-end=\"2443\">Three on a Match<\/em><\/p>\n<\/li>\n<li data-start=\"2446\" data-end=\"2471\">\n<p data-start=\"2448\" data-end=\"2471\"><strong data-start=\"2448\" data-end=\"2457\">28\/07<\/strong> \u2013 <em data-start=\"2460\" data-end=\"2469\">Network<\/em><\/p>\n<\/li>\n<li data-start=\"2472\" data-end=\"2501\">\n<p data-start=\"2474\" data-end=\"2501\"><strong data-start=\"2474\" data-end=\"2483\">29\/07<\/strong> \u2013 <em data-start=\"2486\" data-end=\"2499\">The Goddess<\/em><\/p>\n<\/li>\n<li data-start=\"2502\" data-end=\"2539\">\n<p data-start=\"2504\" data-end=\"2539\"><strong data-start=\"2504\" data-end=\"2513\">30\/07<\/strong> \u2013 <em data-start=\"2516\" data-end=\"2537\">Victimas del Pecado<\/em><\/p>\n<\/li>\n<li data-start=\"2540\" data-end=\"2558\">\n<p data-start=\"2542\" data-end=\"2558\"><strong data-start=\"2542\" data-end=\"2551\">31\/07<\/strong> \u2013 <em data-start=\"2554\" data-end=\"2558\">It<\/em><\/p>\n<\/li>\n<\/ul>\n<p data-start=\"2560\" data-end=\"2753\">A programa\u00e7\u00e3o de agosto ser\u00e1 divulgada em breve. Recomenda-se a <strong data-start=\"2624\" data-end=\"2696\">compra antecipada de bilhetes na bilheteira da Cinemateca Portuguesa<\/strong> ou a reserva de mesa no restaurante para garantir lugar.<\/p>\n<hr data-start=\"2755\" data-end=\"2758\" \/>\n<h3 data-start=\"2760\" data-end=\"2785\">\u2139\ufe0f Informa\u00e7\u00f5es \u00fateis:<\/h3>\n<p data-start=\"2787\" data-end=\"3096\"> <strong data-start=\"2790\" data-end=\"2833\">Cinemateca Portuguesa \u2013 Museu do Cinema<\/strong><br data-start=\"2833\" data-end=\"2836\" \/>Rua Barata Salgueiro, 39, Lisboa<br data-start=\"2868\" data-end=\"2871\" \/> Sess\u00f5es de segunda a s\u00e1bado, \u00e0s 21h45<br data-start=\"2911\" data-end=\"2914\" \/>\ufe0f Entrada livre com o pacote jantar ou bilhetes dispon\u00edveis na bilheteira<br data-start=\"2989\" data-end=\"2992\" \/> <a class=\"\" href=\"http:\/\/www.39degraus.pt\" target=\"_new\" rel=\"noopener\" data-start=\"2995\" data-end=\"3038\">www.39degraus.pt<\/a><br data-start=\"3038\" data-end=\"3041\" \/> Reservas obrigat\u00f3rias para o pacote \u201cJantar+Filme\u201d<\/p>\n","protected":false},"excerpt":{"rendered":"<p>A partir do dia 1 de julho de 2025, a Cinemateca Portuguesa volta a abrir as portas da sua esplanada para uma nova temporada de cinema ao ar livre, oferecendo [&hellip;]<\/p>\n","protected":false},"author":34415,"featured_media":9563,"comment_status":"closed","ping_status":"closed","sticky":false,"template":"","format":"standard","meta":{"_exactmetrics_skip_tracking":false,"_exactmetrics_sitenote_active":false,"_exactmetrics_sitenote_note":"","_exactmetrics_sitenote_category":0,"_uf_show_specific_survey":0,"_uf_disable_surveys":false,"footnotes":""},"categories":[419],"tags":[],"class_list":["post-9562","post","type-post","status-publish","format-standard","has-post-thumbnail","hentry","category-cinema"],"yoast_head":"<!-- This site is optimized with the Yoast SEO plugin v27.3 - https:\/\/yoast.com\/product\/yoast-seo-wordpress\/ -->\n<title>Ver\u00e3o de Cinema ao Ar Livre na Esplanada da Cinemateca Portuguesa come\u00e7a dia 1 de julho<\/title>\n<meta name=\"robots\" content=\"index, follow, max-snippet:-1, max-image-preview:large, max-video-preview:-1\" \/>\n<link rel=\"canonical\" href=\"https:\/\/arte351.pt\/art\/2025\/06\/30\/verao-de-cinema-ao-ar-livre-na-esplanada-da-cinemateca-portuguesa-comeca-dia-1-de-julho\/\" \/>\n<meta property=\"og:locale\" content=\"pt_BR\" \/>\n<meta property=\"og:type\" content=\"article\" \/>\n<meta property=\"og:title\" content=\"Ver\u00e3o de Cinema ao Ar Livre na Esplanada da Cinemateca Portuguesa come\u00e7a dia 1 de julho\" \/>\n<meta property=\"og:description\" content=\"A partir do dia 1 de julho de 2025, a Cinemateca Portuguesa volta a abrir as portas da sua esplanada para uma nova temporada de cinema ao ar livre, oferecendo [&hellip;]\" \/>\n<meta property=\"og:url\" content=\"https:\/\/arte351.pt\/art\/2025\/06\/30\/verao-de-cinema-ao-ar-livre-na-esplanada-da-cinemateca-portuguesa-comeca-dia-1-de-julho\/\" \/>\n<meta property=\"og:site_name\" content=\"Arte351 - Art Magazine Portugal\" \/>\n<meta property=\"article:publisher\" content=\"https:\/\/www.facebook.com\/arte351magazine\/\" \/>\n<meta property=\"article:published_time\" content=\"2025-06-30T14:22:56+00:00\" \/>\n<meta property=\"article:modified_time\" content=\"2025-07-07T14:27:25+00:00\" \/>\n<meta property=\"og:image\" content=\"https:\/\/arte351.pt\/art\/wp-content\/uploads\/2025\/07\/CINEMATECA-AO-AR-LIVRE-LISBOA.jpg\" \/>\n\t<meta property=\"og:image:width\" content=\"1200\" \/>\n\t<meta property=\"og:image:height\" content=\"578\" \/>\n\t<meta property=\"og:image:type\" content=\"image\/jpeg\" \/>\n<meta name=\"author\" content=\"Equipa Arte 351\" \/>\n<meta name=\"twitter:label1\" content=\"Escrito por\" \/>\n\t<meta name=\"twitter:data1\" content=\"Equipa Arte 351\" \/>\n\t<meta name=\"twitter:label2\" content=\"Est. tempo de leitura\" \/>\n\t<meta name=\"twitter:data2\" content=\"3 minutos\" \/>\n<script type=\"application\/ld+json\" class=\"yoast-schema-graph\">{\"@context\":\"https:\\\/\\\/schema.org\",\"@graph\":[{\"@type\":\"Article\",\"@id\":\"https:\\\/\\\/arte351.pt\\\/art\\\/2025\\\/06\\\/30\\\/verao-de-cinema-ao-ar-livre-na-esplanada-da-cinemateca-portuguesa-comeca-dia-1-de-julho\\\/#article\",\"isPartOf\":{\"@id\":\"https:\\\/\\\/arte351.pt\\\/art\\\/2025\\\/06\\\/30\\\/verao-de-cinema-ao-ar-livre-na-esplanada-da-cinemateca-portuguesa-comeca-dia-1-de-julho\\\/\"},\"author\":{\"name\":\"Equipa Arte 351\",\"@id\":\"https:\\\/\\\/arte351.pt\\\/art\\\/#\\\/schema\\\/person\\\/1d081d5dbc7c2a3f2317da95c823a5bd\"},\"headline\":\"Ver\u00e3o de Cinema ao Ar Livre na Esplanada da Cinemateca Portuguesa come\u00e7a dia 1 de julho\",\"datePublished\":\"2025-06-30T14:22:56+00:00\",\"dateModified\":\"2025-07-07T14:27:25+00:00\",\"mainEntityOfPage\":{\"@id\":\"https:\\\/\\\/arte351.pt\\\/art\\\/2025\\\/06\\\/30\\\/verao-de-cinema-ao-ar-livre-na-esplanada-da-cinemateca-portuguesa-comeca-dia-1-de-julho\\\/\"},\"wordCount\":388,\"publisher\":{\"@id\":\"https:\\\/\\\/arte351.pt\\\/art\\\/#organization\"},\"image\":{\"@id\":\"https:\\\/\\\/arte351.pt\\\/art\\\/2025\\\/06\\\/30\\\/verao-de-cinema-ao-ar-livre-na-esplanada-da-cinemateca-portuguesa-comeca-dia-1-de-julho\\\/#primaryimage\"},\"thumbnailUrl\":\"https:\\\/\\\/arte351.pt\\\/art\\\/wp-content\\\/uploads\\\/2025\\\/07\\\/CINEMATECA-AO-AR-LIVRE-LISBOA.jpg\",\"articleSection\":[\"Cinema\"],\"inLanguage\":\"pt-BR\"},{\"@type\":\"WebPage\",\"@id\":\"https:\\\/\\\/arte351.pt\\\/art\\\/2025\\\/06\\\/30\\\/verao-de-cinema-ao-ar-livre-na-esplanada-da-cinemateca-portuguesa-comeca-dia-1-de-julho\\\/\",\"url\":\"https:\\\/\\\/arte351.pt\\\/art\\\/2025\\\/06\\\/30\\\/verao-de-cinema-ao-ar-livre-na-esplanada-da-cinemateca-portuguesa-comeca-dia-1-de-julho\\\/\",\"name\":\"Ver\u00e3o de Cinema ao Ar Livre na Esplanada da Cinemateca Portuguesa come\u00e7a dia 1 de julho\",\"isPartOf\":{\"@id\":\"https:\\\/\\\/arte351.pt\\\/art\\\/#website\"},\"primaryImageOfPage\":{\"@id\":\"https:\\\/\\\/arte351.pt\\\/art\\\/2025\\\/06\\\/30\\\/verao-de-cinema-ao-ar-livre-na-esplanada-da-cinemateca-portuguesa-comeca-dia-1-de-julho\\\/#primaryimage\"},\"image\":{\"@id\":\"https:\\\/\\\/arte351.pt\\\/art\\\/2025\\\/06\\\/30\\\/verao-de-cinema-ao-ar-livre-na-esplanada-da-cinemateca-portuguesa-comeca-dia-1-de-julho\\\/#primaryimage\"},\"thumbnailUrl\":\"https:\\\/\\\/arte351.pt\\\/art\\\/wp-content\\\/uploads\\\/2025\\\/07\\\/CINEMATECA-AO-AR-LIVRE-LISBOA.jpg\",\"datePublished\":\"2025-06-30T14:22:56+00:00\",\"dateModified\":\"2025-07-07T14:27:25+00:00\",\"breadcrumb\":{\"@id\":\"https:\\\/\\\/arte351.pt\\\/art\\\/2025\\\/06\\\/30\\\/verao-de-cinema-ao-ar-livre-na-esplanada-da-cinemateca-portuguesa-comeca-dia-1-de-julho\\\/#breadcrumb\"},\"inLanguage\":\"pt-BR\",\"potentialAction\":[{\"@type\":\"ReadAction\",\"target\":[\"https:\\\/\\\/arte351.pt\\\/art\\\/2025\\\/06\\\/30\\\/verao-de-cinema-ao-ar-livre-na-esplanada-da-cinemateca-portuguesa-comeca-dia-1-de-julho\\\/\"]}]},{\"@type\":\"ImageObject\",\"inLanguage\":\"pt-BR\",\"@id\":\"https:\\\/\\\/arte351.pt\\\/art\\\/2025\\\/06\\\/30\\\/verao-de-cinema-ao-ar-livre-na-esplanada-da-cinemateca-portuguesa-comeca-dia-1-de-julho\\\/#primaryimage\",\"url\":\"https:\\\/\\\/arte351.pt\\\/art\\\/wp-content\\\/uploads\\\/2025\\\/07\\\/CINEMATECA-AO-AR-LIVRE-LISBOA.jpg\",\"contentUrl\":\"https:\\\/\\\/arte351.pt\\\/art\\\/wp-content\\\/uploads\\\/2025\\\/07\\\/CINEMATECA-AO-AR-LIVRE-LISBOA.jpg\",\"width\":1200,\"height\":578},{\"@type\":\"BreadcrumbList\",\"@id\":\"https:\\\/\\\/arte351.pt\\\/art\\\/2025\\\/06\\\/30\\\/verao-de-cinema-ao-ar-livre-na-esplanada-da-cinemateca-portuguesa-comeca-dia-1-de-julho\\\/#breadcrumb\",\"itemListElement\":[{\"@type\":\"ListItem\",\"position\":1,\"name\":\"In\u00edcio\",\"item\":\"https:\\\/\\\/arte351.pt\\\/art\\\/\"},{\"@type\":\"ListItem\",\"position\":2,\"name\":\"Ver\u00e3o de Cinema ao Ar Livre na Esplanada da Cinemateca Portuguesa come\u00e7a dia 1 de julho\"}]},{\"@type\":\"WebSite\",\"@id\":\"https:\\\/\\\/arte351.pt\\\/art\\\/#website\",\"url\":\"https:\\\/\\\/arte351.pt\\\/art\\\/\",\"name\":\"Arte351 - Art Magazine Portugal\",\"description\":\"\",\"publisher\":{\"@id\":\"https:\\\/\\\/arte351.pt\\\/art\\\/#organization\"},\"potentialAction\":[{\"@type\":\"SearchAction\",\"target\":{\"@type\":\"EntryPoint\",\"urlTemplate\":\"https:\\\/\\\/arte351.pt\\\/art\\\/?s={search_term_string}\"},\"query-input\":{\"@type\":\"PropertyValueSpecification\",\"valueRequired\":true,\"valueName\":\"search_term_string\"}}],\"inLanguage\":\"pt-BR\"},{\"@type\":\"Organization\",\"@id\":\"https:\\\/\\\/arte351.pt\\\/art\\\/#organization\",\"name\":\"Arte351 - Art Magazine Portugal\",\"url\":\"https:\\\/\\\/arte351.pt\\\/art\\\/\",\"logo\":{\"@type\":\"ImageObject\",\"inLanguage\":\"pt-BR\",\"@id\":\"https:\\\/\\\/arte351.pt\\\/art\\\/#\\\/schema\\\/logo\\\/image\\\/\",\"url\":\"https:\\\/\\\/arte351.pt\\\/art\\\/wp-content\\\/uploads\\\/2020\\\/03\\\/cropped-logo-arte351-color.png\",\"contentUrl\":\"https:\\\/\\\/arte351.pt\\\/art\\\/wp-content\\\/uploads\\\/2020\\\/03\\\/cropped-logo-arte351-color.png\",\"width\":514,\"height\":200,\"caption\":\"Arte351 - Art Magazine Portugal\"},\"image\":{\"@id\":\"https:\\\/\\\/arte351.pt\\\/art\\\/#\\\/schema\\\/logo\\\/image\\\/\"},\"sameAs\":[\"https:\\\/\\\/www.facebook.com\\\/arte351magazine\\\/\"]},{\"@type\":\"Person\",\"@id\":\"https:\\\/\\\/arte351.pt\\\/art\\\/#\\\/schema\\\/person\\\/1d081d5dbc7c2a3f2317da95c823a5bd\",\"name\":\"Equipa Arte 351\",\"image\":{\"@type\":\"ImageObject\",\"inLanguage\":\"pt-BR\",\"@id\":\"https:\\\/\\\/secure.gravatar.com\\\/avatar\\\/3f97e62c832ede8fafe5d2f9e31f8a055e187b6b31056d1e065d95e034db52e2?s=96&d=mm&r=g\",\"url\":\"https:\\\/\\\/secure.gravatar.com\\\/avatar\\\/3f97e62c832ede8fafe5d2f9e31f8a055e187b6b31056d1e065d95e034db52e2?s=96&d=mm&r=g\",\"contentUrl\":\"https:\\\/\\\/secure.gravatar.com\\\/avatar\\\/3f97e62c832ede8fafe5d2f9e31f8a055e187b6b31056d1e065d95e034db52e2?s=96&d=mm&r=g\",\"caption\":\"Equipa Arte 351\"},\"url\":\"https:\\\/\\\/arte351.pt\\\/art\\\/author\\\/admin2\\\/\"}]}<\/script>\n<!-- \/ Yoast SEO plugin. -->","yoast_head_json":{"title":"Ver\u00e3o de Cinema ao Ar Livre na Esplanada da Cinemateca Portuguesa come\u00e7a dia 1 de julho","robots":{"index":"index","follow":"follow","max-snippet":"max-snippet:-1","max-image-preview":"max-image-preview:large","max-video-preview":"max-video-preview:-1"},"canonical":"https:\/\/arte351.pt\/art\/2025\/06\/30\/verao-de-cinema-ao-ar-livre-na-esplanada-da-cinemateca-portuguesa-comeca-dia-1-de-julho\/","og_locale":"pt_BR","og_type":"article","og_title":"Ver\u00e3o de Cinema ao Ar Livre na Esplanada da Cinemateca Portuguesa come\u00e7a dia 1 de julho","og_description":"A partir do dia 1 de julho de 2025, a Cinemateca Portuguesa volta a abrir as portas da sua esplanada para uma nova temporada de cinema ao ar livre, oferecendo [&hellip;]","og_url":"https:\/\/arte351.pt\/art\/2025\/06\/30\/verao-de-cinema-ao-ar-livre-na-esplanada-da-cinemateca-portuguesa-comeca-dia-1-de-julho\/","og_site_name":"Arte351 - Art Magazine Portugal","article_publisher":"https:\/\/www.facebook.com\/arte351magazine\/","article_published_time":"2025-06-30T14:22:56+00:00","article_modified_time":"2025-07-07T14:27:25+00:00","og_image":[{"width":1200,"height":578,"url":"https:\/\/arte351.pt\/art\/wp-content\/uploads\/2025\/07\/CINEMATECA-AO-AR-LIVRE-LISBOA.jpg","type":"image\/jpeg"}],"author":"Equipa Arte 351","twitter_misc":{"Escrito por":"Equipa Arte 351","Est. tempo de leitura":"3 minutos"},"schema":{"@context":"https:\/\/schema.org","@graph":[{"@type":"Article","@id":"https:\/\/arte351.pt\/art\/2025\/06\/30\/verao-de-cinema-ao-ar-livre-na-esplanada-da-cinemateca-portuguesa-comeca-dia-1-de-julho\/#article","isPartOf":{"@id":"https:\/\/arte351.pt\/art\/2025\/06\/30\/verao-de-cinema-ao-ar-livre-na-esplanada-da-cinemateca-portuguesa-comeca-dia-1-de-julho\/"},"author":{"name":"Equipa Arte 351","@id":"https:\/\/arte351.pt\/art\/#\/schema\/person\/1d081d5dbc7c2a3f2317da95c823a5bd"},"headline":"Ver\u00e3o de Cinema ao Ar Livre na Esplanada da Cinemateca Portuguesa come\u00e7a dia 1 de julho","datePublished":"2025-06-30T14:22:56+00:00","dateModified":"2025-07-07T14:27:25+00:00","mainEntityOfPage":{"@id":"https:\/\/arte351.pt\/art\/2025\/06\/30\/verao-de-cinema-ao-ar-livre-na-esplanada-da-cinemateca-portuguesa-comeca-dia-1-de-julho\/"},"wordCount":388,"publisher":{"@id":"https:\/\/arte351.pt\/art\/#organization"},"image":{"@id":"https:\/\/arte351.pt\/art\/2025\/06\/30\/verao-de-cinema-ao-ar-livre-na-esplanada-da-cinemateca-portuguesa-comeca-dia-1-de-julho\/#primaryimage"},"thumbnailUrl":"https:\/\/arte351.pt\/art\/wp-content\/uploads\/2025\/07\/CINEMATECA-AO-AR-LIVRE-LISBOA.jpg","articleSection":["Cinema"],"inLanguage":"pt-BR"},{"@type":"WebPage","@id":"https:\/\/arte351.pt\/art\/2025\/06\/30\/verao-de-cinema-ao-ar-livre-na-esplanada-da-cinemateca-portuguesa-comeca-dia-1-de-julho\/","url":"https:\/\/arte351.pt\/art\/2025\/06\/30\/verao-de-cinema-ao-ar-livre-na-esplanada-da-cinemateca-portuguesa-comeca-dia-1-de-julho\/","name":"Ver\u00e3o de Cinema ao Ar Livre na Esplanada da Cinemateca Portuguesa come\u00e7a dia 1 de julho","isPartOf":{"@id":"https:\/\/arte351.pt\/art\/#website"},"primaryImageOfPage":{"@id":"https:\/\/arte351.pt\/art\/2025\/06\/30\/verao-de-cinema-ao-ar-livre-na-esplanada-da-cinemateca-portuguesa-comeca-dia-1-de-julho\/#primaryimage"},"image":{"@id":"https:\/\/arte351.pt\/art\/2025\/06\/30\/verao-de-cinema-ao-ar-livre-na-esplanada-da-cinemateca-portuguesa-comeca-dia-1-de-julho\/#primaryimage"},"thumbnailUrl":"https:\/\/arte351.pt\/art\/wp-content\/uploads\/2025\/07\/CINEMATECA-AO-AR-LIVRE-LISBOA.jpg","datePublished":"2025-06-30T14:22:56+00:00","dateModified":"2025-07-07T14:27:25+00:00","breadcrumb":{"@id":"https:\/\/arte351.pt\/art\/2025\/06\/30\/verao-de-cinema-ao-ar-livre-na-esplanada-da-cinemateca-portuguesa-comeca-dia-1-de-julho\/#breadcrumb"},"inLanguage":"pt-BR","potentialAction":[{"@type":"ReadAction","target":["https:\/\/arte351.pt\/art\/2025\/06\/30\/verao-de-cinema-ao-ar-livre-na-esplanada-da-cinemateca-portuguesa-comeca-dia-1-de-julho\/"]}]},{"@type":"ImageObject","inLanguage":"pt-BR","@id":"https:\/\/arte351.pt\/art\/2025\/06\/30\/verao-de-cinema-ao-ar-livre-na-esplanada-da-cinemateca-portuguesa-comeca-dia-1-de-julho\/#primaryimage","url":"https:\/\/arte351.pt\/art\/wp-content\/uploads\/2025\/07\/CINEMATECA-AO-AR-LIVRE-LISBOA.jpg","contentUrl":"https:\/\/arte351.pt\/art\/wp-content\/uploads\/2025\/07\/CINEMATECA-AO-AR-LIVRE-LISBOA.jpg","width":1200,"height":578},{"@type":"BreadcrumbList","@id":"https:\/\/arte351.pt\/art\/2025\/06\/30\/verao-de-cinema-ao-ar-livre-na-esplanada-da-cinemateca-portuguesa-comeca-dia-1-de-julho\/#breadcrumb","itemListElement":[{"@type":"ListItem","position":1,"name":"In\u00edcio","item":"https:\/\/arte351.pt\/art\/"},{"@type":"ListItem","position":2,"name":"Ver\u00e3o de Cinema ao Ar Livre na Esplanada da Cinemateca Portuguesa come\u00e7a dia 1 de julho"}]},{"@type":"WebSite","@id":"https:\/\/arte351.pt\/art\/#website","url":"https:\/\/arte351.pt\/art\/","name":"Arte351 - Art Magazine Portugal","description":"","publisher":{"@id":"https:\/\/arte351.pt\/art\/#organization"},"potentialAction":[{"@type":"SearchAction","target":{"@type":"EntryPoint","urlTemplate":"https:\/\/arte351.pt\/art\/?s={search_term_string}"},"query-input":{"@type":"PropertyValueSpecification","valueRequired":true,"valueName":"search_term_string"}}],"inLanguage":"pt-BR"},{"@type":"Organization","@id":"https:\/\/arte351.pt\/art\/#organization","name":"Arte351 - Art Magazine Portugal","url":"https:\/\/arte351.pt\/art\/","logo":{"@type":"ImageObject","inLanguage":"pt-BR","@id":"https:\/\/arte351.pt\/art\/#\/schema\/logo\/image\/","url":"https:\/\/arte351.pt\/art\/wp-content\/uploads\/2020\/03\/cropped-logo-arte351-color.png","contentUrl":"https:\/\/arte351.pt\/art\/wp-content\/uploads\/2020\/03\/cropped-logo-arte351-color.png","width":514,"height":200,"caption":"Arte351 - Art Magazine Portugal"},"image":{"@id":"https:\/\/arte351.pt\/art\/#\/schema\/logo\/image\/"},"sameAs":["https:\/\/www.facebook.com\/arte351magazine\/"]},{"@type":"Person","@id":"https:\/\/arte351.pt\/art\/#\/schema\/person\/1d081d5dbc7c2a3f2317da95c823a5bd","name":"Equipa Arte 351","image":{"@type":"ImageObject","inLanguage":"pt-BR","@id":"https:\/\/secure.gravatar.com\/avatar\/3f97e62c832ede8fafe5d2f9e31f8a055e187b6b31056d1e065d95e034db52e2?s=96&d=mm&r=g","url":"https:\/\/secure.gravatar.com\/avatar\/3f97e62c832ede8fafe5d2f9e31f8a055e187b6b31056d1e065d95e034db52e2?s=96&d=mm&r=g","contentUrl":"https:\/\/secure.gravatar.com\/avatar\/3f97e62c832ede8fafe5d2f9e31f8a055e187b6b31056d1e065d95e034db52e2?s=96&d=mm&r=g","caption":"Equipa Arte 351"},"url":"https:\/\/arte351.pt\/art\/author\/admin2\/"}]}},"_links":{"self":[{"href":"https:\/\/arte351.pt\/art\/wp-json\/wp\/v2\/posts\/9562","targetHints":{"allow":["GET"]}}],"collection":[{"href":"https:\/\/arte351.pt\/art\/wp-json\/wp\/v2\/posts"}],"about":[{"href":"https:\/\/arte351.pt\/art\/wp-json\/wp\/v2\/types\/post"}],"author":[{"embeddable":true,"href":"https:\/\/arte351.pt\/art\/wp-json\/wp\/v2\/users\/34415"}],"replies":[{"embeddable":true,"href":"https:\/\/arte351.pt\/art\/wp-json\/wp\/v2\/comments?post=9562"}],"version-history":[{"count":1,"href":"https:\/\/arte351.pt\/art\/wp-json\/wp\/v2\/posts\/9562\/revisions"}],"predecessor-version":[{"id":9564,"href":"https:\/\/arte351.pt\/art\/wp-json\/wp\/v2\/posts\/9562\/revisions\/9564"}],"wp:featuredmedia":[{"embeddable":true,"href":"https:\/\/arte351.pt\/art\/wp-json\/wp\/v2\/media\/9563"}],"wp:attachment":[{"href":"https:\/\/arte351.pt\/art\/wp-json\/wp\/v2\/media?parent=9562"}],"wp:term":[{"taxonomy":"category","embeddable":true,"href":"https:\/\/arte351.pt\/art\/wp-json\/wp\/v2\/categories?post=9562"},{"taxonomy":"post_tag","embeddable":true,"href":"https:\/\/arte351.pt\/art\/wp-json\/wp\/v2\/tags?post=9562"}],"curies":[{"name":"wp","href":"https:\/\/api.w.org\/{rel}","templated":true}]}}