{"id":9750,"date":"2025-11-24T08:12:00","date_gmt":"2025-11-24T08:12:00","guid":{"rendered":"https:\/\/arte351.pt\/art\/?p=9750"},"modified":"2025-12-01T23:22:15","modified_gmt":"2025-12-01T23:22:15","slug":"a-vida-secreta-dos-velhos-o-espetaculo-que-faz-o-publico-rir-chorar-e-corar-ao-mesmo-tempo-chega-a-braga","status":"publish","type":"post","link":"https:\/\/arte351.pt\/art\/2025\/11\/24\/a-vida-secreta-dos-velhos-o-espetaculo-que-faz-o-publico-rir-chorar-e-corar-ao-mesmo-tempo-chega-a-braga\/","title":{"rendered":"A Vida Secreta dos Velhos: o espet\u00e1culo que faz o p\u00fablico rir, chorar e corar ao mesmo tempo chega a Braga"},"content":{"rendered":"<p dir=\"auto\">Se algu\u00e9m ainda acha que teatro sobre velhice tem de ser triste ou piegas, Mohamed El Khatib veio para provar exatamente o contr\u00e1rio. No dia 28 de novembro, \u00e0s 21h30, a Sala Principal do Theatro Circo abre as portas para <em>A Vida Secreta dos Velhos<\/em> (La Vie Secr\u00e8te des Vieux), uma das obras mais celebradas da cena europeia contempor\u00e2nea e, provavelmente, o espet\u00e1culo mais terno, engra\u00e7ado e desconcertante que Braga vai ver este ano.<\/p>\n<p dir=\"auto\">A premissa \u00e9 simples e devastadora: \u201cO fim da vida \u00e9 o fim do amor?\u201d A resposta de El Khatib \u00e9 um sonoro \u201cnem pensar\u201d.<\/p>\n<p dir=\"auto\">Durante anos, o encenador franc\u00eas (um dos nomes mais inventivos da nova gera\u00e7\u00e3o) sentou-se com centenas de idosos \u2013 de lares, apartamentos, vilas e bairros populares \u2013 e perguntou-lhes, sem rodeios, sobre desejo, sexo, amor e intimidade. O resultado \u00e9 um retrato coletivo que mistura document\u00e1rio, poesia e performance, onde quem sobe ao palco n\u00e3o s\u00e3o atores profissionais, mas pessoas entre os 70 e os 90 anos que contam, na primeira pessoa, as suas hist\u00f3rias mais secretas.<\/p>\n<p dir=\"auto\"><img fetchpriority=\"high\" decoding=\"async\" class=\"alignnone size-full\" src=\"https:\/\/theatrocirco.com\/wp-content\/uploads\/2025\/08\/LAMY-7320-scaled.jpg\" width=\"2560\" height=\"1707\" \/><\/p>\n<p dir=\"auto\">E que hist\u00f3rias. Fala-se de encontros \u00e0s escondidas em lares, de vibradores escondidos na gaveta das meias, de namoros que come\u00e7am aos 85, de orgasmos que \u201cagora demoram mais mas valem por dois\u201d. Tudo com um humor t\u00e3o leve quanto desarmante e uma sinceridade que faz o p\u00fablico alternar entre gargalhadas e l\u00e1grimas em segundos.<\/p>\n<p dir=\"auto\">A cr\u00edtica francesa rendeu-se sem reservas. O <em>Les Echos<\/em> chamou-lhe \u201cinfinitamente engra\u00e7ado e profundamente humano\u201d; o <em>Le Monde<\/em> elogiou o \u201cconfronto habilidoso entre a moralzinha cautelosa do espectador e esses idosos sem tabus\u201d. Em Portugal, quem j\u00e1 viu (o espet\u00e1culo passou por Lisboa e Porto nos \u00faltimos anos) sai da sala com a sensa\u00e7\u00e3o de ter sido abra\u00e7ado por um grupo de av\u00f3s muito atrevidos.<\/p>\n<p dir=\"auto\">Mohamed El Khatib, artista associado a algumas das casas mais prestigiadas de Fran\u00e7a, \u00e9 mestre em transformar a intimidade em mat\u00e9ria \u00e9pica. Depois do impacto de <em>Finir en beaut\u00e9<\/em> (sobre a morte da m\u00e3e, premiado em 2016), este trabalho sobre a sexualidade na terceira idade consolidou-o como um dos grandes observadores do nosso tempo.<\/p>\n<p dir=\"auto\">Em Braga, a pe\u00e7a chega integrada no programa <em>Cen\u00e1rios<\/em> do Teatro Nacional D. Maria II \u2013 uma iniciativa que, este ano, cruza a Capital Portuguesa da Cultura com as cidades finalistas \u00e0 Capital Europeia da Cultura 2027 (Aveiro e Ponta Delgada). \u00c9 mais um motivo para n\u00e3o perder: al\u00e9m do espet\u00e1culo, os dias 27 e 28 trazem debates sobre o futuro da arte em Portugal e o papel das cidades m\u00e9dias na Europa cultural.<\/p>\n<p dir=\"auto\"><strong>A Vida Secreta dos Velhos<\/strong> 28 novembro | 21h30 | Sala Principal do Theatro Circo Bilhetes: 12\u20ac (6\u20ac com cart\u00e3o Pent\u00e1gono) Dispon\u00edveis na bilheteira e na BOL <a href=\"http:\/\/www.theatrocirco.com\" target=\"_blank\" rel=\"noopener noreferrer nofollow\">www.theatrocirco.com<\/a><\/p>\n<p dir=\"auto\">Leve len\u00e7os, leve abertura de esp\u00edrito e, se poss\u00edvel, leve os seus av\u00f3s. V\u00e3o todos sair de l\u00e1 mais leves \u2013 e, quem sabe, com vontade de telefonar a algu\u00e9m especial.<\/p>\n","protected":false},"excerpt":{"rendered":"<p>Se algu\u00e9m ainda acha que teatro sobre velhice tem de ser triste ou piegas, Mohamed El Khatib veio para provar exatamente o contr\u00e1rio. No dia 28 de novembro, \u00e0s 21h30, [&hellip;]<\/p>\n","protected":false},"author":34415,"featured_media":9751,"comment_status":"closed","ping_status":"closed","sticky":false,"template":"","format":"standard","meta":{"_exactmetrics_skip_tracking":false,"_exactmetrics_sitenote_active":false,"_exactmetrics_sitenote_note":"","_exactmetrics_sitenote_category":0,"_uf_show_specific_survey":0,"_uf_disable_surveys":false,"footnotes":""},"categories":[811],"tags":[],"class_list":["post-9750","post","type-post","status-publish","format-standard","has-post-thumbnail","hentry","category-teatro"],"yoast_head":"<!-- This site is optimized with the Yoast SEO plugin v27.3 - https:\/\/yoast.com\/product\/yoast-seo-wordpress\/ -->\n<title>A Vida Secreta dos Velhos: o espet\u00e1culo que faz o p\u00fablico rir, chorar e corar ao mesmo tempo chega a Braga - Arte351 - Art Magazine Portugal<\/title>\n<meta name=\"description\" content=\"Mohamed El Khatib apresenta em Braga \u201cA Vida Secreta dos Velhos\u201d: idosos reais no palco falam sem filtros de amor, sexo e desejo. Humor, ternura e tabu quebrado no Theatro Circo, 28 nov, 21h30. Um dos grandes espet\u00e1culos da Europa contempor\u00e2nea.\" \/>\n<meta name=\"robots\" content=\"index, follow, max-snippet:-1, max-image-preview:large, max-video-preview:-1\" \/>\n<link rel=\"canonical\" href=\"https:\/\/arte351.pt\/art\/2025\/11\/24\/a-vida-secreta-dos-velhos-o-espetaculo-que-faz-o-publico-rir-chorar-e-corar-ao-mesmo-tempo-chega-a-braga\/\" \/>\n<meta property=\"og:locale\" content=\"pt_BR\" \/>\n<meta property=\"og:type\" content=\"article\" \/>\n<meta property=\"og:title\" content=\"A Vida Secreta dos Velhos: o espet\u00e1culo que faz o p\u00fablico rir, chorar e corar ao mesmo tempo chega a Braga - Arte351 - Art Magazine Portugal\" \/>\n<meta property=\"og:description\" content=\"Mohamed El Khatib apresenta em Braga \u201cA Vida Secreta dos Velhos\u201d: idosos reais no palco falam sem filtros de amor, sexo e desejo. Humor, ternura e tabu quebrado no Theatro Circo, 28 nov, 21h30. Um dos grandes espet\u00e1culos da Europa contempor\u00e2nea.\" \/>\n<meta property=\"og:url\" content=\"https:\/\/arte351.pt\/art\/2025\/11\/24\/a-vida-secreta-dos-velhos-o-espetaculo-que-faz-o-publico-rir-chorar-e-corar-ao-mesmo-tempo-chega-a-braga\/\" \/>\n<meta property=\"og:site_name\" content=\"Arte351 - Art Magazine Portugal\" \/>\n<meta property=\"article:publisher\" content=\"https:\/\/www.facebook.com\/arte351magazine\/\" \/>\n<meta property=\"article:published_time\" content=\"2025-11-24T08:12:00+00:00\" \/>\n<meta property=\"article:modified_time\" content=\"2025-12-01T23:22:15+00:00\" \/>\n<meta property=\"og:image\" content=\"https:\/\/arte351.pt\/art\/wp-content\/uploads\/2025\/11\/post-24-11-2025-1-22.jpg\" \/>\n\t<meta property=\"og:image:width\" content=\"1360\" \/>\n\t<meta property=\"og:image:height\" content=\"760\" \/>\n\t<meta property=\"og:image:type\" content=\"image\/jpeg\" \/>\n<meta name=\"author\" content=\"Equipa Arte 351\" \/>\n<meta name=\"twitter:label1\" content=\"Escrito por\" \/>\n\t<meta name=\"twitter:data1\" content=\"Equipa Arte 351\" \/>\n\t<meta name=\"twitter:label2\" content=\"Est. tempo de leitura\" \/>\n\t<meta name=\"twitter:data2\" content=\"4 minutos\" \/>\n<script type=\"application\/ld+json\" class=\"yoast-schema-graph\">{\"@context\":\"https:\\\/\\\/schema.org\",\"@graph\":[{\"@type\":\"Article\",\"@id\":\"https:\\\/\\\/arte351.pt\\\/art\\\/2025\\\/11\\\/24\\\/a-vida-secreta-dos-velhos-o-espetaculo-que-faz-o-publico-rir-chorar-e-corar-ao-mesmo-tempo-chega-a-braga\\\/#article\",\"isPartOf\":{\"@id\":\"https:\\\/\\\/arte351.pt\\\/art\\\/2025\\\/11\\\/24\\\/a-vida-secreta-dos-velhos-o-espetaculo-que-faz-o-publico-rir-chorar-e-corar-ao-mesmo-tempo-chega-a-braga\\\/\"},\"author\":{\"name\":\"Equipa Arte 351\",\"@id\":\"https:\\\/\\\/arte351.pt\\\/art\\\/#\\\/schema\\\/person\\\/1d081d5dbc7c2a3f2317da95c823a5bd\"},\"headline\":\"A Vida Secreta dos Velhos: o espet\u00e1culo que faz o p\u00fablico rir, chorar e corar ao mesmo tempo chega a Braga\",\"datePublished\":\"2025-11-24T08:12:00+00:00\",\"dateModified\":\"2025-12-01T23:22:15+00:00\",\"mainEntityOfPage\":{\"@id\":\"https:\\\/\\\/arte351.pt\\\/art\\\/2025\\\/11\\\/24\\\/a-vida-secreta-dos-velhos-o-espetaculo-que-faz-o-publico-rir-chorar-e-corar-ao-mesmo-tempo-chega-a-braga\\\/\"},\"wordCount\":525,\"publisher\":{\"@id\":\"https:\\\/\\\/arte351.pt\\\/art\\\/#organization\"},\"image\":{\"@id\":\"https:\\\/\\\/arte351.pt\\\/art\\\/2025\\\/11\\\/24\\\/a-vida-secreta-dos-velhos-o-espetaculo-que-faz-o-publico-rir-chorar-e-corar-ao-mesmo-tempo-chega-a-braga\\\/#primaryimage\"},\"thumbnailUrl\":\"https:\\\/\\\/arte351.pt\\\/art\\\/wp-content\\\/uploads\\\/2025\\\/11\\\/post-24-11-2025-1-22.jpg\",\"articleSection\":[\"Teatro\"],\"inLanguage\":\"pt-BR\"},{\"@type\":\"WebPage\",\"@id\":\"https:\\\/\\\/arte351.pt\\\/art\\\/2025\\\/11\\\/24\\\/a-vida-secreta-dos-velhos-o-espetaculo-que-faz-o-publico-rir-chorar-e-corar-ao-mesmo-tempo-chega-a-braga\\\/\",\"url\":\"https:\\\/\\\/arte351.pt\\\/art\\\/2025\\\/11\\\/24\\\/a-vida-secreta-dos-velhos-o-espetaculo-que-faz-o-publico-rir-chorar-e-corar-ao-mesmo-tempo-chega-a-braga\\\/\",\"name\":\"A Vida Secreta dos Velhos: o espet\u00e1culo que faz o p\u00fablico rir, chorar e corar ao mesmo tempo chega a Braga - Arte351 - Art Magazine Portugal\",\"isPartOf\":{\"@id\":\"https:\\\/\\\/arte351.pt\\\/art\\\/#website\"},\"primaryImageOfPage\":{\"@id\":\"https:\\\/\\\/arte351.pt\\\/art\\\/2025\\\/11\\\/24\\\/a-vida-secreta-dos-velhos-o-espetaculo-que-faz-o-publico-rir-chorar-e-corar-ao-mesmo-tempo-chega-a-braga\\\/#primaryimage\"},\"image\":{\"@id\":\"https:\\\/\\\/arte351.pt\\\/art\\\/2025\\\/11\\\/24\\\/a-vida-secreta-dos-velhos-o-espetaculo-que-faz-o-publico-rir-chorar-e-corar-ao-mesmo-tempo-chega-a-braga\\\/#primaryimage\"},\"thumbnailUrl\":\"https:\\\/\\\/arte351.pt\\\/art\\\/wp-content\\\/uploads\\\/2025\\\/11\\\/post-24-11-2025-1-22.jpg\",\"datePublished\":\"2025-11-24T08:12:00+00:00\",\"dateModified\":\"2025-12-01T23:22:15+00:00\",\"description\":\"Mohamed El Khatib apresenta em Braga \u201cA Vida Secreta dos Velhos\u201d: idosos reais no palco falam sem filtros de amor, sexo e desejo. Humor, ternura e tabu quebrado no Theatro Circo, 28 nov, 21h30. Um dos grandes espet\u00e1culos da Europa contempor\u00e2nea.\",\"breadcrumb\":{\"@id\":\"https:\\\/\\\/arte351.pt\\\/art\\\/2025\\\/11\\\/24\\\/a-vida-secreta-dos-velhos-o-espetaculo-que-faz-o-publico-rir-chorar-e-corar-ao-mesmo-tempo-chega-a-braga\\\/#breadcrumb\"},\"inLanguage\":\"pt-BR\",\"potentialAction\":[{\"@type\":\"ReadAction\",\"target\":[\"https:\\\/\\\/arte351.pt\\\/art\\\/2025\\\/11\\\/24\\\/a-vida-secreta-dos-velhos-o-espetaculo-que-faz-o-publico-rir-chorar-e-corar-ao-mesmo-tempo-chega-a-braga\\\/\"]}]},{\"@type\":\"ImageObject\",\"inLanguage\":\"pt-BR\",\"@id\":\"https:\\\/\\\/arte351.pt\\\/art\\\/2025\\\/11\\\/24\\\/a-vida-secreta-dos-velhos-o-espetaculo-que-faz-o-publico-rir-chorar-e-corar-ao-mesmo-tempo-chega-a-braga\\\/#primaryimage\",\"url\":\"https:\\\/\\\/arte351.pt\\\/art\\\/wp-content\\\/uploads\\\/2025\\\/11\\\/post-24-11-2025-1-22.jpg\",\"contentUrl\":\"https:\\\/\\\/arte351.pt\\\/art\\\/wp-content\\\/uploads\\\/2025\\\/11\\\/post-24-11-2025-1-22.jpg\",\"width\":1360,\"height\":760},{\"@type\":\"BreadcrumbList\",\"@id\":\"https:\\\/\\\/arte351.pt\\\/art\\\/2025\\\/11\\\/24\\\/a-vida-secreta-dos-velhos-o-espetaculo-que-faz-o-publico-rir-chorar-e-corar-ao-mesmo-tempo-chega-a-braga\\\/#breadcrumb\",\"itemListElement\":[{\"@type\":\"ListItem\",\"position\":1,\"name\":\"In\u00edcio\",\"item\":\"https:\\\/\\\/arte351.pt\\\/art\\\/\"},{\"@type\":\"ListItem\",\"position\":2,\"name\":\"A Vida Secreta dos Velhos: o espet\u00e1culo que faz o p\u00fablico rir, chorar e corar ao mesmo tempo chega a Braga\"}]},{\"@type\":\"WebSite\",\"@id\":\"https:\\\/\\\/arte351.pt\\\/art\\\/#website\",\"url\":\"https:\\\/\\\/arte351.pt\\\/art\\\/\",\"name\":\"Arte351 - Art Magazine Portugal\",\"description\":\"\",\"publisher\":{\"@id\":\"https:\\\/\\\/arte351.pt\\\/art\\\/#organization\"},\"potentialAction\":[{\"@type\":\"SearchAction\",\"target\":{\"@type\":\"EntryPoint\",\"urlTemplate\":\"https:\\\/\\\/arte351.pt\\\/art\\\/?s={search_term_string}\"},\"query-input\":{\"@type\":\"PropertyValueSpecification\",\"valueRequired\":true,\"valueName\":\"search_term_string\"}}],\"inLanguage\":\"pt-BR\"},{\"@type\":\"Organization\",\"@id\":\"https:\\\/\\\/arte351.pt\\\/art\\\/#organization\",\"name\":\"Arte351 - Art Magazine Portugal\",\"url\":\"https:\\\/\\\/arte351.pt\\\/art\\\/\",\"logo\":{\"@type\":\"ImageObject\",\"inLanguage\":\"pt-BR\",\"@id\":\"https:\\\/\\\/arte351.pt\\\/art\\\/#\\\/schema\\\/logo\\\/image\\\/\",\"url\":\"https:\\\/\\\/arte351.pt\\\/art\\\/wp-content\\\/uploads\\\/2020\\\/03\\\/cropped-logo-arte351-color.png\",\"contentUrl\":\"https:\\\/\\\/arte351.pt\\\/art\\\/wp-content\\\/uploads\\\/2020\\\/03\\\/cropped-logo-arte351-color.png\",\"width\":514,\"height\":200,\"caption\":\"Arte351 - Art Magazine Portugal\"},\"image\":{\"@id\":\"https:\\\/\\\/arte351.pt\\\/art\\\/#\\\/schema\\\/logo\\\/image\\\/\"},\"sameAs\":[\"https:\\\/\\\/www.facebook.com\\\/arte351magazine\\\/\"]},{\"@type\":\"Person\",\"@id\":\"https:\\\/\\\/arte351.pt\\\/art\\\/#\\\/schema\\\/person\\\/1d081d5dbc7c2a3f2317da95c823a5bd\",\"name\":\"Equipa Arte 351\",\"image\":{\"@type\":\"ImageObject\",\"inLanguage\":\"pt-BR\",\"@id\":\"https:\\\/\\\/secure.gravatar.com\\\/avatar\\\/3f97e62c832ede8fafe5d2f9e31f8a055e187b6b31056d1e065d95e034db52e2?s=96&d=mm&r=g\",\"url\":\"https:\\\/\\\/secure.gravatar.com\\\/avatar\\\/3f97e62c832ede8fafe5d2f9e31f8a055e187b6b31056d1e065d95e034db52e2?s=96&d=mm&r=g\",\"contentUrl\":\"https:\\\/\\\/secure.gravatar.com\\\/avatar\\\/3f97e62c832ede8fafe5d2f9e31f8a055e187b6b31056d1e065d95e034db52e2?s=96&d=mm&r=g\",\"caption\":\"Equipa Arte 351\"},\"url\":\"https:\\\/\\\/arte351.pt\\\/art\\\/author\\\/admin2\\\/\"}]}<\/script>\n<!-- \/ Yoast SEO plugin. -->","yoast_head_json":{"title":"A Vida Secreta dos Velhos: o espet\u00e1culo que faz o p\u00fablico rir, chorar e corar ao mesmo tempo chega a Braga - Arte351 - Art Magazine Portugal","description":"Mohamed El Khatib apresenta em Braga \u201cA Vida Secreta dos Velhos\u201d: idosos reais no palco falam sem filtros de amor, sexo e desejo. Humor, ternura e tabu quebrado no Theatro Circo, 28 nov, 21h30. Um dos grandes espet\u00e1culos da Europa contempor\u00e2nea.","robots":{"index":"index","follow":"follow","max-snippet":"max-snippet:-1","max-image-preview":"max-image-preview:large","max-video-preview":"max-video-preview:-1"},"canonical":"https:\/\/arte351.pt\/art\/2025\/11\/24\/a-vida-secreta-dos-velhos-o-espetaculo-que-faz-o-publico-rir-chorar-e-corar-ao-mesmo-tempo-chega-a-braga\/","og_locale":"pt_BR","og_type":"article","og_title":"A Vida Secreta dos Velhos: o espet\u00e1culo que faz o p\u00fablico rir, chorar e corar ao mesmo tempo chega a Braga - Arte351 - Art Magazine Portugal","og_description":"Mohamed El Khatib apresenta em Braga \u201cA Vida Secreta dos Velhos\u201d: idosos reais no palco falam sem filtros de amor, sexo e desejo. Humor, ternura e tabu quebrado no Theatro Circo, 28 nov, 21h30. Um dos grandes espet\u00e1culos da Europa contempor\u00e2nea.","og_url":"https:\/\/arte351.pt\/art\/2025\/11\/24\/a-vida-secreta-dos-velhos-o-espetaculo-que-faz-o-publico-rir-chorar-e-corar-ao-mesmo-tempo-chega-a-braga\/","og_site_name":"Arte351 - Art Magazine Portugal","article_publisher":"https:\/\/www.facebook.com\/arte351magazine\/","article_published_time":"2025-11-24T08:12:00+00:00","article_modified_time":"2025-12-01T23:22:15+00:00","og_image":[{"width":1360,"height":760,"url":"https:\/\/arte351.pt\/art\/wp-content\/uploads\/2025\/11\/post-24-11-2025-1-22.jpg","type":"image\/jpeg"}],"author":"Equipa Arte 351","twitter_misc":{"Escrito por":"Equipa Arte 351","Est. tempo de leitura":"4 minutos"},"schema":{"@context":"https:\/\/schema.org","@graph":[{"@type":"Article","@id":"https:\/\/arte351.pt\/art\/2025\/11\/24\/a-vida-secreta-dos-velhos-o-espetaculo-que-faz-o-publico-rir-chorar-e-corar-ao-mesmo-tempo-chega-a-braga\/#article","isPartOf":{"@id":"https:\/\/arte351.pt\/art\/2025\/11\/24\/a-vida-secreta-dos-velhos-o-espetaculo-que-faz-o-publico-rir-chorar-e-corar-ao-mesmo-tempo-chega-a-braga\/"},"author":{"name":"Equipa Arte 351","@id":"https:\/\/arte351.pt\/art\/#\/schema\/person\/1d081d5dbc7c2a3f2317da95c823a5bd"},"headline":"A Vida Secreta dos Velhos: o espet\u00e1culo que faz o p\u00fablico rir, chorar e corar ao mesmo tempo chega a Braga","datePublished":"2025-11-24T08:12:00+00:00","dateModified":"2025-12-01T23:22:15+00:00","mainEntityOfPage":{"@id":"https:\/\/arte351.pt\/art\/2025\/11\/24\/a-vida-secreta-dos-velhos-o-espetaculo-que-faz-o-publico-rir-chorar-e-corar-ao-mesmo-tempo-chega-a-braga\/"},"wordCount":525,"publisher":{"@id":"https:\/\/arte351.pt\/art\/#organization"},"image":{"@id":"https:\/\/arte351.pt\/art\/2025\/11\/24\/a-vida-secreta-dos-velhos-o-espetaculo-que-faz-o-publico-rir-chorar-e-corar-ao-mesmo-tempo-chega-a-braga\/#primaryimage"},"thumbnailUrl":"https:\/\/arte351.pt\/art\/wp-content\/uploads\/2025\/11\/post-24-11-2025-1-22.jpg","articleSection":["Teatro"],"inLanguage":"pt-BR"},{"@type":"WebPage","@id":"https:\/\/arte351.pt\/art\/2025\/11\/24\/a-vida-secreta-dos-velhos-o-espetaculo-que-faz-o-publico-rir-chorar-e-corar-ao-mesmo-tempo-chega-a-braga\/","url":"https:\/\/arte351.pt\/art\/2025\/11\/24\/a-vida-secreta-dos-velhos-o-espetaculo-que-faz-o-publico-rir-chorar-e-corar-ao-mesmo-tempo-chega-a-braga\/","name":"A Vida Secreta dos Velhos: o espet\u00e1culo que faz o p\u00fablico rir, chorar e corar ao mesmo tempo chega a Braga - Arte351 - Art Magazine Portugal","isPartOf":{"@id":"https:\/\/arte351.pt\/art\/#website"},"primaryImageOfPage":{"@id":"https:\/\/arte351.pt\/art\/2025\/11\/24\/a-vida-secreta-dos-velhos-o-espetaculo-que-faz-o-publico-rir-chorar-e-corar-ao-mesmo-tempo-chega-a-braga\/#primaryimage"},"image":{"@id":"https:\/\/arte351.pt\/art\/2025\/11\/24\/a-vida-secreta-dos-velhos-o-espetaculo-que-faz-o-publico-rir-chorar-e-corar-ao-mesmo-tempo-chega-a-braga\/#primaryimage"},"thumbnailUrl":"https:\/\/arte351.pt\/art\/wp-content\/uploads\/2025\/11\/post-24-11-2025-1-22.jpg","datePublished":"2025-11-24T08:12:00+00:00","dateModified":"2025-12-01T23:22:15+00:00","description":"Mohamed El Khatib apresenta em Braga \u201cA Vida Secreta dos Velhos\u201d: idosos reais no palco falam sem filtros de amor, sexo e desejo. Humor, ternura e tabu quebrado no Theatro Circo, 28 nov, 21h30. Um dos grandes espet\u00e1culos da Europa contempor\u00e2nea.","breadcrumb":{"@id":"https:\/\/arte351.pt\/art\/2025\/11\/24\/a-vida-secreta-dos-velhos-o-espetaculo-que-faz-o-publico-rir-chorar-e-corar-ao-mesmo-tempo-chega-a-braga\/#breadcrumb"},"inLanguage":"pt-BR","potentialAction":[{"@type":"ReadAction","target":["https:\/\/arte351.pt\/art\/2025\/11\/24\/a-vida-secreta-dos-velhos-o-espetaculo-que-faz-o-publico-rir-chorar-e-corar-ao-mesmo-tempo-chega-a-braga\/"]}]},{"@type":"ImageObject","inLanguage":"pt-BR","@id":"https:\/\/arte351.pt\/art\/2025\/11\/24\/a-vida-secreta-dos-velhos-o-espetaculo-que-faz-o-publico-rir-chorar-e-corar-ao-mesmo-tempo-chega-a-braga\/#primaryimage","url":"https:\/\/arte351.pt\/art\/wp-content\/uploads\/2025\/11\/post-24-11-2025-1-22.jpg","contentUrl":"https:\/\/arte351.pt\/art\/wp-content\/uploads\/2025\/11\/post-24-11-2025-1-22.jpg","width":1360,"height":760},{"@type":"BreadcrumbList","@id":"https:\/\/arte351.pt\/art\/2025\/11\/24\/a-vida-secreta-dos-velhos-o-espetaculo-que-faz-o-publico-rir-chorar-e-corar-ao-mesmo-tempo-chega-a-braga\/#breadcrumb","itemListElement":[{"@type":"ListItem","position":1,"name":"In\u00edcio","item":"https:\/\/arte351.pt\/art\/"},{"@type":"ListItem","position":2,"name":"A Vida Secreta dos Velhos: o espet\u00e1culo que faz o p\u00fablico rir, chorar e corar ao mesmo tempo chega a Braga"}]},{"@type":"WebSite","@id":"https:\/\/arte351.pt\/art\/#website","url":"https:\/\/arte351.pt\/art\/","name":"Arte351 - Art Magazine Portugal","description":"","publisher":{"@id":"https:\/\/arte351.pt\/art\/#organization"},"potentialAction":[{"@type":"SearchAction","target":{"@type":"EntryPoint","urlTemplate":"https:\/\/arte351.pt\/art\/?s={search_term_string}"},"query-input":{"@type":"PropertyValueSpecification","valueRequired":true,"valueName":"search_term_string"}}],"inLanguage":"pt-BR"},{"@type":"Organization","@id":"https:\/\/arte351.pt\/art\/#organization","name":"Arte351 - Art Magazine Portugal","url":"https:\/\/arte351.pt\/art\/","logo":{"@type":"ImageObject","inLanguage":"pt-BR","@id":"https:\/\/arte351.pt\/art\/#\/schema\/logo\/image\/","url":"https:\/\/arte351.pt\/art\/wp-content\/uploads\/2020\/03\/cropped-logo-arte351-color.png","contentUrl":"https:\/\/arte351.pt\/art\/wp-content\/uploads\/2020\/03\/cropped-logo-arte351-color.png","width":514,"height":200,"caption":"Arte351 - Art Magazine Portugal"},"image":{"@id":"https:\/\/arte351.pt\/art\/#\/schema\/logo\/image\/"},"sameAs":["https:\/\/www.facebook.com\/arte351magazine\/"]},{"@type":"Person","@id":"https:\/\/arte351.pt\/art\/#\/schema\/person\/1d081d5dbc7c2a3f2317da95c823a5bd","name":"Equipa Arte 351","image":{"@type":"ImageObject","inLanguage":"pt-BR","@id":"https:\/\/secure.gravatar.com\/avatar\/3f97e62c832ede8fafe5d2f9e31f8a055e187b6b31056d1e065d95e034db52e2?s=96&d=mm&r=g","url":"https:\/\/secure.gravatar.com\/avatar\/3f97e62c832ede8fafe5d2f9e31f8a055e187b6b31056d1e065d95e034db52e2?s=96&d=mm&r=g","contentUrl":"https:\/\/secure.gravatar.com\/avatar\/3f97e62c832ede8fafe5d2f9e31f8a055e187b6b31056d1e065d95e034db52e2?s=96&d=mm&r=g","caption":"Equipa Arte 351"},"url":"https:\/\/arte351.pt\/art\/author\/admin2\/"}]}},"_links":{"self":[{"href":"https:\/\/arte351.pt\/art\/wp-json\/wp\/v2\/posts\/9750","targetHints":{"allow":["GET"]}}],"collection":[{"href":"https:\/\/arte351.pt\/art\/wp-json\/wp\/v2\/posts"}],"about":[{"href":"https:\/\/arte351.pt\/art\/wp-json\/wp\/v2\/types\/post"}],"author":[{"embeddable":true,"href":"https:\/\/arte351.pt\/art\/wp-json\/wp\/v2\/users\/34415"}],"replies":[{"embeddable":true,"href":"https:\/\/arte351.pt\/art\/wp-json\/wp\/v2\/comments?post=9750"}],"version-history":[{"count":1,"href":"https:\/\/arte351.pt\/art\/wp-json\/wp\/v2\/posts\/9750\/revisions"}],"predecessor-version":[{"id":9752,"href":"https:\/\/arte351.pt\/art\/wp-json\/wp\/v2\/posts\/9750\/revisions\/9752"}],"wp:featuredmedia":[{"embeddable":true,"href":"https:\/\/arte351.pt\/art\/wp-json\/wp\/v2\/media\/9751"}],"wp:attachment":[{"href":"https:\/\/arte351.pt\/art\/wp-json\/wp\/v2\/media?parent=9750"}],"wp:term":[{"taxonomy":"category","embeddable":true,"href":"https:\/\/arte351.pt\/art\/wp-json\/wp\/v2\/categories?post=9750"},{"taxonomy":"post_tag","embeddable":true,"href":"https:\/\/arte351.pt\/art\/wp-json\/wp\/v2\/tags?post=9750"}],"curies":[{"name":"wp","href":"https:\/\/api.w.org\/{rel}","templated":true}]}}