{"id":9756,"date":"2025-11-29T20:36:08","date_gmt":"2025-11-29T20:36:08","guid":{"rendered":"https:\/\/arte351.pt\/art\/?p=9756"},"modified":"2025-12-01T21:45:43","modified_gmt":"2025-12-01T21:45:43","slug":"somos-feitos-de-historias","status":"publish","type":"post","link":"https:\/\/arte351.pt\/art\/2025\/11\/29\/somos-feitos-de-historias\/","title":{"rendered":"Somos Feitos de Hist\u00f3rias"},"content":{"rendered":"<h2 data-start=\"91\" data-end=\"180\"><strong data-start=\"94\" data-end=\"180\">Teresa Lampreia lan\u00e7a em Lisboa um livro que liga mem\u00f3ria, fic\u00e7\u00e3o e impacto social<\/strong><\/h2>\n<p data-start=\"182\" data-end=\"583\">A diretora brasileira-portuguesa Teresa Lampreia, conhecida por sucessos como <em data-start=\"261\" data-end=\"270\">O Clone<\/em>, <em data-start=\"272\" data-end=\"289\">P\u00e1ginas da Vida<\/em> e <em data-start=\"292\" data-end=\"318\">A Casa das Sete Mulheres, <\/em>voltou a Lisboa para lan\u00e7ar <em data-start=\"349\" data-end=\"428\">Somos Feitos de Hist\u00f3rias \u2013 Entretenimento de Impacto Social. E a Vida, Enfim<\/em>. O evento marca n\u00e3o s\u00f3 sua estreia liter\u00e1ria, mas tamb\u00e9m um reencontro com a cidade onde estudou Cinema e Televis\u00e3o e deu os primeiros passos da carreira.<\/p>\n<p data-start=\"585\" data-end=\"956\">O livro combina mem\u00f3rias pessoais com uma reflex\u00e3o direta sobre o papel do \u201centretenimento de impacto social\u201d, abordagem que usa produtos culturais, novelas, s\u00e9ries, filmes, como ponte entre narrativa e consci\u00eancia social. Teresa explica como esse conceito ganhou for\u00e7a internacional e como ele se relaciona com sua pr\u00f3pria trajet\u00f3ria nas grandes produ\u00e7\u00f5es brasileiras.<\/p>\n<figure class=\"thumbnail wp-caption aligncenter\" style=\"width: 490px\"><img fetchpriority=\"high\" decoding=\"async\" class=\"size-full\" src=\"https:\/\/media.assettype.com\/dn%2F2025-11-30%2Fxfqtrkez%2F18.jpeg?auto=format%2Ccompress&amp;fit=max&amp;rect=0%2C233%2C1066%2C600&amp;w=480\" width=\"480\" height=\"270\" \/><figcaption class=\"caption wp-caption-text\">Teresa Lampreia \u00e9 directora, roteirista, produtora e inovadora cultural.<\/figcaption><\/figure>\n<p data-start=\"958\" data-end=\"1303\">Embora o tom seja leve, a autora discute temas como ind\u00fastria criativa, diplomacia cultural e a responsabilidade de quem conta hist\u00f3rias para milh\u00f5es de pessoas. O resultado \u00e9 uma mistura acess\u00edvel de autobiografia e ensaio, escrita com o olhar de quem viveu por dentro o auge das novelas brasileiras e agora quer pensar o futuro do audiovisual.<\/p>\n<p data-start=\"1305\" data-end=\"1620\">Escolher Lisboa para o lan\u00e7amento n\u00e3o \u00e9 acaso: \u00e9 um retorno ao ponto de partida e um gesto de reconex\u00e3o com o universo lus\u00f3fono. E o livro, no fim, funciona exatamente assim, como um di\u00e1logo entre mundos, feito de experi\u00eancia, mem\u00f3ria e vontade de transformar o entretenimento em algo que tamb\u00e9m provoque reflex\u00e3o.<\/p>\n<blockquote class=\"instagram-media\" style=\"background: #FFF; border: 0; border-radius: 3px; box-shadow: 0 0 1px 0 rgba(0,0,0,0.5),0 1px 10px 0 rgba(0,0,0,0.15); margin: 1px; max-width: 540px; min-width: 326px; padding: 0; width: calc(100% - 2px);\" data-instgrm-captioned=\"\" data-instgrm-permalink=\"https:\/\/www.instagram.com\/p\/DQZ5t7WETXy\/?utm_source=ig_embed&amp;utm_campaign=loading\" data-instgrm-version=\"14\">\n<div style=\"padding: 16px;\">\n<div style=\"display: flex; flex-direction: row; align-items: center;\">\n<div style=\"background-color: #f4f4f4; border-radius: 50%; flex-grow: 0; height: 40px; margin-right: 14px; width: 40px;\"><\/div>\n<div style=\"display: flex; flex-direction: column; flex-grow: 1; justify-content: center;\">\n<div style=\"background-color: #f4f4f4; border-radius: 4px; flex-grow: 0; height: 14px; margin-bottom: 6px; width: 100px;\"><\/div>\n<div style=\"background-color: #f4f4f4; border-radius: 4px; flex-grow: 0; height: 14px; width: 60px;\"><\/div>\n<\/div>\n<\/div>\n<div style=\"padding: 19% 0;\"><\/div>\n<div style=\"display: block; height: 50px; margin: 0 auto 12px; width: 50px;\"><\/div>\n<div style=\"padding-top: 8px;\">\n<div style=\"color: #3897f0; font-family: Arial,sans-serif; font-size: 14px; font-style: normal; font-weight: 550; line-height: 18px;\">View this post on Instagram<\/div>\n<\/div>\n<p style=\"color: #c9c8cd; font-family: Arial,sans-serif; font-size: 14px; line-height: 17px; margin-bottom: 0; margin-top: 8px; overflow: hidden; padding: 8px 0 7px; text-align: center; text-overflow: ellipsis; white-space: nowrap;\"><a style=\"color: #c9c8cd; font-family: Arial,sans-serif; font-size: 14px; font-style: normal; font-weight: normal; line-height: 17px; text-decoration: none;\" href=\"https:\/\/www.instagram.com\/p\/DQZ5t7WETXy\/?utm_source=ig_embed&amp;utm_campaign=loading\" target=\"_blank\" rel=\"noopener\">A post shared by Teresa Lampreia (@teresalampreia)<\/a><\/p>\n<\/div>\n<\/blockquote>\n<p><script async src=\"\/\/www.instagram.com\/embed.js\"><\/script><\/p>\n<hr \/>\n<p data-start=\"1305\" data-end=\"1620\"><strong data-start=\"11\" data-end=\"22\">T\u00edtulo:<\/strong> <em data-start=\"23\" data-end=\"102\">Somos Feitos de Hist\u00f3rias \u2013 Entretenimento de Impacto Social. E a Vida, Enfim<\/em><br data-start=\"102\" data-end=\"105\" \/><strong data-start=\"105\" data-end=\"116\">Autora:<\/strong> Teresa Lampreia<br data-start=\"132\" data-end=\"135\" \/><strong data-start=\"135\" data-end=\"150\">Lan\u00e7amento:<\/strong> 2 de dezembro de 2025 | 18h<br data-start=\"172\" data-end=\"175\" \/><strong data-start=\"175\" data-end=\"185\">Local:<\/strong> Livraria Martins, Time Out Market Lisboa<br data-start=\"226\" data-end=\"229\" \/><strong data-start=\"229\" data-end=\"250\">Mais informa\u00e7\u00f5es: <a href=\"https:\/\/www.instagram.com\/teresalampreia\/\">@teresalampreia<\/a><\/strong><\/p>\n","protected":false},"excerpt":{"rendered":"<p>Teresa Lampreia lan\u00e7a em Lisboa um livro que liga mem\u00f3ria, fic\u00e7\u00e3o e impacto social A diretora brasileira-portuguesa Teresa Lampreia, conhecida por sucessos como O Clone, P\u00e1ginas da Vida e A [&hellip;]<\/p>\n","protected":false},"author":34415,"featured_media":9757,"comment_status":"closed","ping_status":"closed","sticky":false,"template":"","format":"standard","meta":{"_exactmetrics_skip_tracking":false,"_exactmetrics_sitenote_active":false,"_exactmetrics_sitenote_note":"","_exactmetrics_sitenote_category":0,"_uf_show_specific_survey":0,"_uf_disable_surveys":false,"footnotes":""},"categories":[2,2114],"tags":[],"class_list":["post-9756","post","type-post","status-publish","format-standard","has-post-thumbnail","hentry","category-art-contemp","category-literatura"],"yoast_head":"<!-- This site is optimized with the Yoast SEO plugin v27.3 - https:\/\/yoast.com\/product\/yoast-seo-wordpress\/ -->\n<title>Somos Feitos de Hist\u00f3rias - Arte351 - Art Magazine Portugal<\/title>\n<meta name=\"description\" content=\"Diretora luso-brasileira Teresa Lampreia lan\u00e7a em Lisboa Somos Feitos de Hist\u00f3rias, livro que mistura mem\u00f3rias e reflex\u00e3o sobre o entretenimento de impacto social e o papel transformador da fic\u00e7\u00e3o no audiovisual contempor\u00e2neo.\" \/>\n<meta name=\"robots\" content=\"index, follow, max-snippet:-1, max-image-preview:large, max-video-preview:-1\" \/>\n<link rel=\"canonical\" href=\"https:\/\/arte351.pt\/art\/2025\/11\/29\/somos-feitos-de-historias\/\" \/>\n<meta property=\"og:locale\" content=\"pt_BR\" \/>\n<meta property=\"og:type\" content=\"article\" \/>\n<meta property=\"og:title\" content=\"Somos Feitos de Hist\u00f3rias - Arte351 - Art Magazine Portugal\" \/>\n<meta property=\"og:description\" content=\"Diretora luso-brasileira Teresa Lampreia lan\u00e7a em Lisboa Somos Feitos de Hist\u00f3rias, livro que mistura mem\u00f3rias e reflex\u00e3o sobre o entretenimento de impacto social e o papel transformador da fic\u00e7\u00e3o no audiovisual contempor\u00e2neo.\" \/>\n<meta property=\"og:url\" content=\"https:\/\/arte351.pt\/art\/2025\/11\/29\/somos-feitos-de-historias\/\" \/>\n<meta property=\"og:site_name\" content=\"Arte351 - Art Magazine Portugal\" \/>\n<meta property=\"article:publisher\" content=\"https:\/\/www.facebook.com\/arte351magazine\/\" \/>\n<meta property=\"article:published_time\" content=\"2025-11-29T20:36:08+00:00\" \/>\n<meta property=\"article:modified_time\" content=\"2025-12-01T21:45:43+00:00\" \/>\n<meta property=\"og:image\" content=\"https:\/\/arte351.pt\/art\/wp-content\/uploads\/2025\/12\/post-01-12-2025-001.jpg\" \/>\n\t<meta property=\"og:image:width\" content=\"1360\" \/>\n\t<meta property=\"og:image:height\" content=\"760\" \/>\n\t<meta property=\"og:image:type\" content=\"image\/jpeg\" \/>\n<meta name=\"author\" content=\"Equipa Arte 351\" \/>\n<meta name=\"twitter:label1\" content=\"Escrito por\" \/>\n\t<meta name=\"twitter:data1\" content=\"Equipa Arte 351\" \/>\n\t<meta name=\"twitter:label2\" content=\"Est. tempo de leitura\" \/>\n\t<meta name=\"twitter:data2\" content=\"2 minutos\" \/>\n<script type=\"application\/ld+json\" class=\"yoast-schema-graph\">{\"@context\":\"https:\\\/\\\/schema.org\",\"@graph\":[{\"@type\":\"Article\",\"@id\":\"https:\\\/\\\/arte351.pt\\\/art\\\/2025\\\/11\\\/29\\\/somos-feitos-de-historias\\\/#article\",\"isPartOf\":{\"@id\":\"https:\\\/\\\/arte351.pt\\\/art\\\/2025\\\/11\\\/29\\\/somos-feitos-de-historias\\\/\"},\"author\":{\"name\":\"Equipa Arte 351\",\"@id\":\"https:\\\/\\\/arte351.pt\\\/art\\\/#\\\/schema\\\/person\\\/1d081d5dbc7c2a3f2317da95c823a5bd\"},\"headline\":\"Somos Feitos de Hist\u00f3rias\",\"datePublished\":\"2025-11-29T20:36:08+00:00\",\"dateModified\":\"2025-12-01T21:45:43+00:00\",\"mainEntityOfPage\":{\"@id\":\"https:\\\/\\\/arte351.pt\\\/art\\\/2025\\\/11\\\/29\\\/somos-feitos-de-historias\\\/\"},\"wordCount\":335,\"publisher\":{\"@id\":\"https:\\\/\\\/arte351.pt\\\/art\\\/#organization\"},\"image\":{\"@id\":\"https:\\\/\\\/arte351.pt\\\/art\\\/2025\\\/11\\\/29\\\/somos-feitos-de-historias\\\/#primaryimage\"},\"thumbnailUrl\":\"https:\\\/\\\/arte351.pt\\\/art\\\/wp-content\\\/uploads\\\/2025\\\/12\\\/post-01-12-2025-001.jpg\",\"articleSection\":[\"Arte\",\"Literatura\"],\"inLanguage\":\"pt-BR\"},{\"@type\":\"WebPage\",\"@id\":\"https:\\\/\\\/arte351.pt\\\/art\\\/2025\\\/11\\\/29\\\/somos-feitos-de-historias\\\/\",\"url\":\"https:\\\/\\\/arte351.pt\\\/art\\\/2025\\\/11\\\/29\\\/somos-feitos-de-historias\\\/\",\"name\":\"Somos Feitos de Hist\u00f3rias - Arte351 - Art Magazine Portugal\",\"isPartOf\":{\"@id\":\"https:\\\/\\\/arte351.pt\\\/art\\\/#website\"},\"primaryImageOfPage\":{\"@id\":\"https:\\\/\\\/arte351.pt\\\/art\\\/2025\\\/11\\\/29\\\/somos-feitos-de-historias\\\/#primaryimage\"},\"image\":{\"@id\":\"https:\\\/\\\/arte351.pt\\\/art\\\/2025\\\/11\\\/29\\\/somos-feitos-de-historias\\\/#primaryimage\"},\"thumbnailUrl\":\"https:\\\/\\\/arte351.pt\\\/art\\\/wp-content\\\/uploads\\\/2025\\\/12\\\/post-01-12-2025-001.jpg\",\"datePublished\":\"2025-11-29T20:36:08+00:00\",\"dateModified\":\"2025-12-01T21:45:43+00:00\",\"description\":\"Diretora luso-brasileira Teresa Lampreia lan\u00e7a em Lisboa Somos Feitos de Hist\u00f3rias, livro que mistura mem\u00f3rias e reflex\u00e3o sobre o entretenimento de impacto social e o papel transformador da fic\u00e7\u00e3o no audiovisual contempor\u00e2neo.\",\"breadcrumb\":{\"@id\":\"https:\\\/\\\/arte351.pt\\\/art\\\/2025\\\/11\\\/29\\\/somos-feitos-de-historias\\\/#breadcrumb\"},\"inLanguage\":\"pt-BR\",\"potentialAction\":[{\"@type\":\"ReadAction\",\"target\":[\"https:\\\/\\\/arte351.pt\\\/art\\\/2025\\\/11\\\/29\\\/somos-feitos-de-historias\\\/\"]}]},{\"@type\":\"ImageObject\",\"inLanguage\":\"pt-BR\",\"@id\":\"https:\\\/\\\/arte351.pt\\\/art\\\/2025\\\/11\\\/29\\\/somos-feitos-de-historias\\\/#primaryimage\",\"url\":\"https:\\\/\\\/arte351.pt\\\/art\\\/wp-content\\\/uploads\\\/2025\\\/12\\\/post-01-12-2025-001.jpg\",\"contentUrl\":\"https:\\\/\\\/arte351.pt\\\/art\\\/wp-content\\\/uploads\\\/2025\\\/12\\\/post-01-12-2025-001.jpg\",\"width\":1360,\"height\":760},{\"@type\":\"BreadcrumbList\",\"@id\":\"https:\\\/\\\/arte351.pt\\\/art\\\/2025\\\/11\\\/29\\\/somos-feitos-de-historias\\\/#breadcrumb\",\"itemListElement\":[{\"@type\":\"ListItem\",\"position\":1,\"name\":\"In\u00edcio\",\"item\":\"https:\\\/\\\/arte351.pt\\\/art\\\/\"},{\"@type\":\"ListItem\",\"position\":2,\"name\":\"Somos Feitos de Hist\u00f3rias\"}]},{\"@type\":\"WebSite\",\"@id\":\"https:\\\/\\\/arte351.pt\\\/art\\\/#website\",\"url\":\"https:\\\/\\\/arte351.pt\\\/art\\\/\",\"name\":\"Arte351 - Art Magazine Portugal\",\"description\":\"\",\"publisher\":{\"@id\":\"https:\\\/\\\/arte351.pt\\\/art\\\/#organization\"},\"potentialAction\":[{\"@type\":\"SearchAction\",\"target\":{\"@type\":\"EntryPoint\",\"urlTemplate\":\"https:\\\/\\\/arte351.pt\\\/art\\\/?s={search_term_string}\"},\"query-input\":{\"@type\":\"PropertyValueSpecification\",\"valueRequired\":true,\"valueName\":\"search_term_string\"}}],\"inLanguage\":\"pt-BR\"},{\"@type\":\"Organization\",\"@id\":\"https:\\\/\\\/arte351.pt\\\/art\\\/#organization\",\"name\":\"Arte351 - Art Magazine Portugal\",\"url\":\"https:\\\/\\\/arte351.pt\\\/art\\\/\",\"logo\":{\"@type\":\"ImageObject\",\"inLanguage\":\"pt-BR\",\"@id\":\"https:\\\/\\\/arte351.pt\\\/art\\\/#\\\/schema\\\/logo\\\/image\\\/\",\"url\":\"https:\\\/\\\/arte351.pt\\\/art\\\/wp-content\\\/uploads\\\/2020\\\/03\\\/cropped-logo-arte351-color.png\",\"contentUrl\":\"https:\\\/\\\/arte351.pt\\\/art\\\/wp-content\\\/uploads\\\/2020\\\/03\\\/cropped-logo-arte351-color.png\",\"width\":514,\"height\":200,\"caption\":\"Arte351 - Art Magazine Portugal\"},\"image\":{\"@id\":\"https:\\\/\\\/arte351.pt\\\/art\\\/#\\\/schema\\\/logo\\\/image\\\/\"},\"sameAs\":[\"https:\\\/\\\/www.facebook.com\\\/arte351magazine\\\/\"]},{\"@type\":\"Person\",\"@id\":\"https:\\\/\\\/arte351.pt\\\/art\\\/#\\\/schema\\\/person\\\/1d081d5dbc7c2a3f2317da95c823a5bd\",\"name\":\"Equipa Arte 351\",\"image\":{\"@type\":\"ImageObject\",\"inLanguage\":\"pt-BR\",\"@id\":\"https:\\\/\\\/secure.gravatar.com\\\/avatar\\\/3f97e62c832ede8fafe5d2f9e31f8a055e187b6b31056d1e065d95e034db52e2?s=96&d=mm&r=g\",\"url\":\"https:\\\/\\\/secure.gravatar.com\\\/avatar\\\/3f97e62c832ede8fafe5d2f9e31f8a055e187b6b31056d1e065d95e034db52e2?s=96&d=mm&r=g\",\"contentUrl\":\"https:\\\/\\\/secure.gravatar.com\\\/avatar\\\/3f97e62c832ede8fafe5d2f9e31f8a055e187b6b31056d1e065d95e034db52e2?s=96&d=mm&r=g\",\"caption\":\"Equipa Arte 351\"},\"url\":\"https:\\\/\\\/arte351.pt\\\/art\\\/author\\\/admin2\\\/\"}]}<\/script>\n<!-- \/ Yoast SEO plugin. -->","yoast_head_json":{"title":"Somos Feitos de Hist\u00f3rias - Arte351 - Art Magazine Portugal","description":"Diretora luso-brasileira Teresa Lampreia lan\u00e7a em Lisboa Somos Feitos de Hist\u00f3rias, livro que mistura mem\u00f3rias e reflex\u00e3o sobre o entretenimento de impacto social e o papel transformador da fic\u00e7\u00e3o no audiovisual contempor\u00e2neo.","robots":{"index":"index","follow":"follow","max-snippet":"max-snippet:-1","max-image-preview":"max-image-preview:large","max-video-preview":"max-video-preview:-1"},"canonical":"https:\/\/arte351.pt\/art\/2025\/11\/29\/somos-feitos-de-historias\/","og_locale":"pt_BR","og_type":"article","og_title":"Somos Feitos de Hist\u00f3rias - Arte351 - Art Magazine Portugal","og_description":"Diretora luso-brasileira Teresa Lampreia lan\u00e7a em Lisboa Somos Feitos de Hist\u00f3rias, livro que mistura mem\u00f3rias e reflex\u00e3o sobre o entretenimento de impacto social e o papel transformador da fic\u00e7\u00e3o no audiovisual contempor\u00e2neo.","og_url":"https:\/\/arte351.pt\/art\/2025\/11\/29\/somos-feitos-de-historias\/","og_site_name":"Arte351 - Art Magazine Portugal","article_publisher":"https:\/\/www.facebook.com\/arte351magazine\/","article_published_time":"2025-11-29T20:36:08+00:00","article_modified_time":"2025-12-01T21:45:43+00:00","og_image":[{"width":1360,"height":760,"url":"https:\/\/arte351.pt\/art\/wp-content\/uploads\/2025\/12\/post-01-12-2025-001.jpg","type":"image\/jpeg"}],"author":"Equipa Arte 351","twitter_misc":{"Escrito por":"Equipa Arte 351","Est. tempo de leitura":"2 minutos"},"schema":{"@context":"https:\/\/schema.org","@graph":[{"@type":"Article","@id":"https:\/\/arte351.pt\/art\/2025\/11\/29\/somos-feitos-de-historias\/#article","isPartOf":{"@id":"https:\/\/arte351.pt\/art\/2025\/11\/29\/somos-feitos-de-historias\/"},"author":{"name":"Equipa Arte 351","@id":"https:\/\/arte351.pt\/art\/#\/schema\/person\/1d081d5dbc7c2a3f2317da95c823a5bd"},"headline":"Somos Feitos de Hist\u00f3rias","datePublished":"2025-11-29T20:36:08+00:00","dateModified":"2025-12-01T21:45:43+00:00","mainEntityOfPage":{"@id":"https:\/\/arte351.pt\/art\/2025\/11\/29\/somos-feitos-de-historias\/"},"wordCount":335,"publisher":{"@id":"https:\/\/arte351.pt\/art\/#organization"},"image":{"@id":"https:\/\/arte351.pt\/art\/2025\/11\/29\/somos-feitos-de-historias\/#primaryimage"},"thumbnailUrl":"https:\/\/arte351.pt\/art\/wp-content\/uploads\/2025\/12\/post-01-12-2025-001.jpg","articleSection":["Arte","Literatura"],"inLanguage":"pt-BR"},{"@type":"WebPage","@id":"https:\/\/arte351.pt\/art\/2025\/11\/29\/somos-feitos-de-historias\/","url":"https:\/\/arte351.pt\/art\/2025\/11\/29\/somos-feitos-de-historias\/","name":"Somos Feitos de Hist\u00f3rias - Arte351 - Art Magazine Portugal","isPartOf":{"@id":"https:\/\/arte351.pt\/art\/#website"},"primaryImageOfPage":{"@id":"https:\/\/arte351.pt\/art\/2025\/11\/29\/somos-feitos-de-historias\/#primaryimage"},"image":{"@id":"https:\/\/arte351.pt\/art\/2025\/11\/29\/somos-feitos-de-historias\/#primaryimage"},"thumbnailUrl":"https:\/\/arte351.pt\/art\/wp-content\/uploads\/2025\/12\/post-01-12-2025-001.jpg","datePublished":"2025-11-29T20:36:08+00:00","dateModified":"2025-12-01T21:45:43+00:00","description":"Diretora luso-brasileira Teresa Lampreia lan\u00e7a em Lisboa Somos Feitos de Hist\u00f3rias, livro que mistura mem\u00f3rias e reflex\u00e3o sobre o entretenimento de impacto social e o papel transformador da fic\u00e7\u00e3o no audiovisual contempor\u00e2neo.","breadcrumb":{"@id":"https:\/\/arte351.pt\/art\/2025\/11\/29\/somos-feitos-de-historias\/#breadcrumb"},"inLanguage":"pt-BR","potentialAction":[{"@type":"ReadAction","target":["https:\/\/arte351.pt\/art\/2025\/11\/29\/somos-feitos-de-historias\/"]}]},{"@type":"ImageObject","inLanguage":"pt-BR","@id":"https:\/\/arte351.pt\/art\/2025\/11\/29\/somos-feitos-de-historias\/#primaryimage","url":"https:\/\/arte351.pt\/art\/wp-content\/uploads\/2025\/12\/post-01-12-2025-001.jpg","contentUrl":"https:\/\/arte351.pt\/art\/wp-content\/uploads\/2025\/12\/post-01-12-2025-001.jpg","width":1360,"height":760},{"@type":"BreadcrumbList","@id":"https:\/\/arte351.pt\/art\/2025\/11\/29\/somos-feitos-de-historias\/#breadcrumb","itemListElement":[{"@type":"ListItem","position":1,"name":"In\u00edcio","item":"https:\/\/arte351.pt\/art\/"},{"@type":"ListItem","position":2,"name":"Somos Feitos de Hist\u00f3rias"}]},{"@type":"WebSite","@id":"https:\/\/arte351.pt\/art\/#website","url":"https:\/\/arte351.pt\/art\/","name":"Arte351 - Art Magazine Portugal","description":"","publisher":{"@id":"https:\/\/arte351.pt\/art\/#organization"},"potentialAction":[{"@type":"SearchAction","target":{"@type":"EntryPoint","urlTemplate":"https:\/\/arte351.pt\/art\/?s={search_term_string}"},"query-input":{"@type":"PropertyValueSpecification","valueRequired":true,"valueName":"search_term_string"}}],"inLanguage":"pt-BR"},{"@type":"Organization","@id":"https:\/\/arte351.pt\/art\/#organization","name":"Arte351 - Art Magazine Portugal","url":"https:\/\/arte351.pt\/art\/","logo":{"@type":"ImageObject","inLanguage":"pt-BR","@id":"https:\/\/arte351.pt\/art\/#\/schema\/logo\/image\/","url":"https:\/\/arte351.pt\/art\/wp-content\/uploads\/2020\/03\/cropped-logo-arte351-color.png","contentUrl":"https:\/\/arte351.pt\/art\/wp-content\/uploads\/2020\/03\/cropped-logo-arte351-color.png","width":514,"height":200,"caption":"Arte351 - Art Magazine Portugal"},"image":{"@id":"https:\/\/arte351.pt\/art\/#\/schema\/logo\/image\/"},"sameAs":["https:\/\/www.facebook.com\/arte351magazine\/"]},{"@type":"Person","@id":"https:\/\/arte351.pt\/art\/#\/schema\/person\/1d081d5dbc7c2a3f2317da95c823a5bd","name":"Equipa Arte 351","image":{"@type":"ImageObject","inLanguage":"pt-BR","@id":"https:\/\/secure.gravatar.com\/avatar\/3f97e62c832ede8fafe5d2f9e31f8a055e187b6b31056d1e065d95e034db52e2?s=96&d=mm&r=g","url":"https:\/\/secure.gravatar.com\/avatar\/3f97e62c832ede8fafe5d2f9e31f8a055e187b6b31056d1e065d95e034db52e2?s=96&d=mm&r=g","contentUrl":"https:\/\/secure.gravatar.com\/avatar\/3f97e62c832ede8fafe5d2f9e31f8a055e187b6b31056d1e065d95e034db52e2?s=96&d=mm&r=g","caption":"Equipa Arte 351"},"url":"https:\/\/arte351.pt\/art\/author\/admin2\/"}]}},"_links":{"self":[{"href":"https:\/\/arte351.pt\/art\/wp-json\/wp\/v2\/posts\/9756","targetHints":{"allow":["GET"]}}],"collection":[{"href":"https:\/\/arte351.pt\/art\/wp-json\/wp\/v2\/posts"}],"about":[{"href":"https:\/\/arte351.pt\/art\/wp-json\/wp\/v2\/types\/post"}],"author":[{"embeddable":true,"href":"https:\/\/arte351.pt\/art\/wp-json\/wp\/v2\/users\/34415"}],"replies":[{"embeddable":true,"href":"https:\/\/arte351.pt\/art\/wp-json\/wp\/v2\/comments?post=9756"}],"version-history":[{"count":4,"href":"https:\/\/arte351.pt\/art\/wp-json\/wp\/v2\/posts\/9756\/revisions"}],"predecessor-version":[{"id":9762,"href":"https:\/\/arte351.pt\/art\/wp-json\/wp\/v2\/posts\/9756\/revisions\/9762"}],"wp:featuredmedia":[{"embeddable":true,"href":"https:\/\/arte351.pt\/art\/wp-json\/wp\/v2\/media\/9757"}],"wp:attachment":[{"href":"https:\/\/arte351.pt\/art\/wp-json\/wp\/v2\/media?parent=9756"}],"wp:term":[{"taxonomy":"category","embeddable":true,"href":"https:\/\/arte351.pt\/art\/wp-json\/wp\/v2\/categories?post=9756"},{"taxonomy":"post_tag","embeddable":true,"href":"https:\/\/arte351.pt\/art\/wp-json\/wp\/v2\/tags?post=9756"}],"curies":[{"name":"wp","href":"https:\/\/api.w.org\/{rel}","templated":true}]}}