{"id":998,"date":"2016-10-13T23:09:45","date_gmt":"2016-10-13T23:09:45","guid":{"rendered":"http:\/\/arte351.pt\/art\/?p=998"},"modified":"2016-10-13T23:17:29","modified_gmt":"2016-10-13T23:17:29","slug":"vera-world-fine-art-festival-2016","status":"publish","type":"post","link":"https:\/\/arte351.pt\/art\/2016\/10\/13\/vera-world-fine-art-festival-2016\/","title":{"rendered":"VERA World Fine Art Festival 2016"},"content":{"rendered":"<figure id=\"attachment_1004\" class=\"thumbnail wp-caption alignleft\" style=\"width: 310px\"><img fetchpriority=\"high\" decoding=\"async\" class=\"wp-image-1004 size-medium\" src=\"https:\/\/arte351.pt\/art\/wp-content\/uploads\/2016\/10\/arte351-rodyner_galley-300x224.jpg\" alt=\"arte351-rodyner_galley\" width=\"300\" height=\"224\" srcset=\"https:\/\/arte351.pt\/art\/wp-content\/uploads\/2016\/10\/arte351-rodyner_galley-300x224.jpg 300w, https:\/\/arte351.pt\/art\/wp-content\/uploads\/2016\/10\/arte351-rodyner_galley-640x480.jpg 640w, https:\/\/arte351.pt\/art\/wp-content\/uploads\/2016\/10\/arte351-rodyner_galley.jpg 670w\" sizes=\"(max-width: 300px) 100vw, 300px\" \/><figcaption class=\"caption wp-caption-text\">R. Rodyner Gallery, nossa parceiro no VERA-2016<\/figcaption><\/figure>\n<p style=\"text-align: justify;\">\u00a0VERA World Fine Art Festival, volta a Lisboa em mais uma edi\u00e7\u00e3o. Abrangente o \u201cVERA\u201d, como o festival \u00e9 conhecido, \u00e9 uma oportunidade para artistas, galeristas e curadores conhecerem e negociarem arte de qualidade. Apesar de alguns deslizes na abertura, uma vez que o evento teve in\u00edcio ainda com andaimes e pessoas trabalhando para finalizar os estandes e etc, o VERA \u00e9 uma bela iniciativa de fomento das artes pl\u00e1sticas em Portugal, e merece os parab\u00e9ns!<\/p>\n<p style=\"text-align: justify;\">O ARTE351 participa da organiza\u00e7\u00e3o de um estande em parceria com a R.Rodyner Gallery, galeria de nosso Diretor e Redator: Renato Rodyner. Em nosso estande poder\u00e3o encontrar diferentes obras como esculturas, desenhos, gravuras, fotos e pinturas do acervo particular dos artistas e da R.Rodyner Gallery. Tudo muito bem selecionado mostrando um pouco da arte que vem sendo exposta e desenvolvida em Portugal.<\/p>\n<figure id=\"attachment_1011\" class=\"thumbnail wp-caption alignright\" style=\"width: 296px\"><img decoding=\"async\" class=\"size-medium wp-image-1011\" src=\"https:\/\/arte351.pt\/art\/wp-content\/uploads\/2016\/10\/arte351-granato-286x300.jpg\" alt=\"Granato - Rembranato\" width=\"286\" height=\"300\" srcset=\"https:\/\/arte351.pt\/art\/wp-content\/uploads\/2016\/10\/arte351-granato-286x300.jpg 286w, https:\/\/arte351.pt\/art\/wp-content\/uploads\/2016\/10\/arte351-granato-768x805.jpg 768w, https:\/\/arte351.pt\/art\/wp-content\/uploads\/2016\/10\/arte351-granato-977x1024.jpg 977w, https:\/\/arte351.pt\/art\/wp-content\/uploads\/2016\/10\/arte351-granato.jpg 1092w\" sizes=\"(max-width: 286px) 100vw, 286px\" \/><figcaption class=\"caption wp-caption-text\">Granato &#8211; Rembranato<\/figcaption><\/figure>\n<p style=\"text-align: justify;\">Vale destacar duas gravuras do artista pl\u00e1stico brasileiro Ivald Granato (1949-2016). Granato foi um dos pioneiros no mundo da arte perform\u00e1tica que mesclavam recursos fotogr\u00e1ficos, cinematogr\u00e1ficos a elementos sensoriais e t\u00e1teis. Seu trabalho o coloca ao lado de H\u00e9lio Oiticica (1937-1980) e Lygia Pape (1927-2004).<\/p>\n<p style=\"text-align: justify;\">Outra novidade que demos in\u00edcio na abertura do VERA 2016, foi o quadro DROPS ARTE351. Um \u201cdrops\u201d de not\u00edcia que trar\u00e1 ao nosso leitor e seguidor uma op\u00e7\u00e3o de conhecer um pouco mais o que acontece na arte em Portugal. A primeira edi\u00e7\u00e3o vai ao ar em nosso canal no Youtube no pr\u00f3ximo s\u00e1bado, 15\/10. O DROPS ARTE351 tamb\u00e9m ser\u00e1 divulgado atrav\u00e9s de nosso site e de nossos canais nas redes sociais. Confira, apoie e compartilhe.<\/p>\n<figure id=\"attachment_1000\" class=\"thumbnail wp-caption alignleft\" style=\"width: 310px\"><img decoding=\"async\" class=\"wp-image-1000 size-medium\" src=\"https:\/\/arte351.pt\/art\/wp-content\/uploads\/2016\/10\/arte351-david-gerstein-300x224.jpg\" alt=\"arte351-david-gerstein\" width=\"300\" height=\"224\" srcset=\"https:\/\/arte351.pt\/art\/wp-content\/uploads\/2016\/10\/arte351-david-gerstein-300x224.jpg 300w, https:\/\/arte351.pt\/art\/wp-content\/uploads\/2016\/10\/arte351-david-gerstein-640x480.jpg 640w, https:\/\/arte351.pt\/art\/wp-content\/uploads\/2016\/10\/arte351-david-gerstein.jpg 670w\" sizes=\"(max-width: 300px) 100vw, 300px\" \/><figcaption class=\"caption wp-caption-text\">David Gerstein<\/figcaption><\/figure>\n<p style=\"text-align: justify;\">Este ano o VERA tem como principal patrocinador a LG Portugal e traz ao todo 100 artistas de 25 pa\u00edses. Organizado pela Funda\u00e7\u00e3o World Without Borders (WWB) e a Funda\u00e7\u00e3o P\u00fablica de Apoio \u00e0 Cultura e Desenvolvimento da Arte Contempor\u00e2nea de Moscovo, o VERA World Fine Art Festival 2016 acontece entre os dias 08 e 16 de outubro na Cordoaria Nacional. O evento apresenta um programa de palestras e mesas redondas sobre movimentos e tend\u00eancias da arte contempor\u00e2nea. A presen\u00e7a de artistas, cr\u00edticos e curadores reconhecidos \u00e9 esperado e o p\u00fablico contar\u00e1 com diferentes op\u00e7\u00f5es de arte para contemplar e negociar caso se interesse por alguma das muitas obras que est\u00e3o expostas nos diferentes estantes e espa\u00e7os da feira. Vale a visita!<\/p>\n<p style=\"text-align: justify;\">VERA World Fine Art Festival<br \/>\nLocal: Cordoaria Nacional, Bel\u00e9m, Lisboa<br \/>\nData: 08 \u00e1 16 de Outubro<br \/>\nBilhetes: \u20ac6 para adultos | \u20ac3 para crian\u00e7as (at\u00e9 12 anos) | seniores (mais de 65 anos) ou grupos superiores a 10 pessoas | Grupos com mais de 20, pagam \u20ac1,50 por pessoa.<br \/>\nInforma\u00e7\u00f5es: <a href=\"http:\/\/verafestival.com\/\">www.verafestival.com<\/a><\/p>\n","protected":false},"excerpt":{"rendered":"<p>\u00a0VERA World Fine Art Festival, volta a Lisboa em mais uma edi\u00e7\u00e3o. Abrangente o \u201cVERA\u201d, como o festival \u00e9 conhecido, \u00e9 uma oportunidade para artistas, galeristas e curadores conhecerem e [&hellip;]<\/p>\n","protected":false},"author":34415,"featured_media":999,"comment_status":"open","ping_status":"open","sticky":false,"template":"","format":"standard","meta":{"_exactmetrics_skip_tracking":false,"_exactmetrics_sitenote_active":false,"_exactmetrics_sitenote_note":"","_exactmetrics_sitenote_category":0,"_uf_show_specific_survey":0,"_uf_disable_surveys":false,"footnotes":""},"categories":[2],"tags":[],"class_list":["post-998","post","type-post","status-publish","format-standard","has-post-thumbnail","hentry","category-art-contemp"],"yoast_head":"<!-- This site is optimized with the Yoast SEO plugin v27.3 - https:\/\/yoast.com\/product\/yoast-seo-wordpress\/ -->\n<title>VERA World Fine Art Festival 2016 - Arte351 - Art Magazine Portugal<\/title>\n<meta name=\"robots\" content=\"index, follow, max-snippet:-1, max-image-preview:large, max-video-preview:-1\" \/>\n<link rel=\"canonical\" href=\"https:\/\/arte351.pt\/art\/2016\/10\/13\/vera-world-fine-art-festival-2016\/\" \/>\n<meta property=\"og:locale\" content=\"pt_BR\" \/>\n<meta property=\"og:type\" content=\"article\" \/>\n<meta property=\"og:title\" content=\"VERA World Fine Art Festival 2016 - Arte351 - Art Magazine Portugal\" \/>\n<meta property=\"og:description\" content=\"\u00a0VERA World Fine Art Festival, volta a Lisboa em mais uma edi\u00e7\u00e3o. Abrangente o \u201cVERA\u201d, como o festival \u00e9 conhecido, \u00e9 uma oportunidade para artistas, galeristas e curadores conhecerem e [&hellip;]\" \/>\n<meta property=\"og:url\" content=\"https:\/\/arte351.pt\/art\/2016\/10\/13\/vera-world-fine-art-festival-2016\/\" \/>\n<meta property=\"og:site_name\" content=\"Arte351 - Art Magazine Portugal\" \/>\n<meta property=\"article:publisher\" content=\"https:\/\/www.facebook.com\/arte351magazine\/\" \/>\n<meta property=\"article:published_time\" content=\"2016-10-13T23:09:45+00:00\" \/>\n<meta property=\"article:modified_time\" content=\"2016-10-13T23:17:29+00:00\" \/>\n<meta property=\"og:image\" content=\"https:\/\/arte351.pt\/art\/wp-content\/uploads\/2016\/10\/arte-351-vera-word-fine-art-festival.jpg\" \/>\n\t<meta property=\"og:image:width\" content=\"1280\" \/>\n\t<meta property=\"og:image:height\" content=\"600\" \/>\n\t<meta property=\"og:image:type\" content=\"image\/jpeg\" \/>\n<meta name=\"author\" content=\"Equipa Arte 351\" \/>\n<meta name=\"twitter:label1\" content=\"Escrito por\" \/>\n\t<meta name=\"twitter:data1\" content=\"Equipa Arte 351\" \/>\n\t<meta name=\"twitter:label2\" content=\"Est. tempo de leitura\" \/>\n\t<meta name=\"twitter:data2\" content=\"2 minutos\" \/>\n<script type=\"application\/ld+json\" class=\"yoast-schema-graph\">{\"@context\":\"https:\\\/\\\/schema.org\",\"@graph\":[{\"@type\":\"Article\",\"@id\":\"https:\\\/\\\/arte351.pt\\\/art\\\/2016\\\/10\\\/13\\\/vera-world-fine-art-festival-2016\\\/#article\",\"isPartOf\":{\"@id\":\"https:\\\/\\\/arte351.pt\\\/art\\\/2016\\\/10\\\/13\\\/vera-world-fine-art-festival-2016\\\/\"},\"author\":{\"name\":\"Equipa Arte 351\",\"@id\":\"https:\\\/\\\/arte351.pt\\\/art\\\/#\\\/schema\\\/person\\\/1d081d5dbc7c2a3f2317da95c823a5bd\"},\"headline\":\"VERA World Fine Art Festival 2016\",\"datePublished\":\"2016-10-13T23:09:45+00:00\",\"dateModified\":\"2016-10-13T23:17:29+00:00\",\"mainEntityOfPage\":{\"@id\":\"https:\\\/\\\/arte351.pt\\\/art\\\/2016\\\/10\\\/13\\\/vera-world-fine-art-festival-2016\\\/\"},\"wordCount\":485,\"commentCount\":1,\"publisher\":{\"@id\":\"https:\\\/\\\/arte351.pt\\\/art\\\/#organization\"},\"image\":{\"@id\":\"https:\\\/\\\/arte351.pt\\\/art\\\/2016\\\/10\\\/13\\\/vera-world-fine-art-festival-2016\\\/#primaryimage\"},\"thumbnailUrl\":\"https:\\\/\\\/arte351.pt\\\/art\\\/wp-content\\\/uploads\\\/2016\\\/10\\\/arte-351-vera-word-fine-art-festival.jpg\",\"articleSection\":[\"Arte\"],\"inLanguage\":\"pt-BR\",\"potentialAction\":[{\"@type\":\"CommentAction\",\"name\":\"Comment\",\"target\":[\"https:\\\/\\\/arte351.pt\\\/art\\\/2016\\\/10\\\/13\\\/vera-world-fine-art-festival-2016\\\/#respond\"]}]},{\"@type\":\"WebPage\",\"@id\":\"https:\\\/\\\/arte351.pt\\\/art\\\/2016\\\/10\\\/13\\\/vera-world-fine-art-festival-2016\\\/\",\"url\":\"https:\\\/\\\/arte351.pt\\\/art\\\/2016\\\/10\\\/13\\\/vera-world-fine-art-festival-2016\\\/\",\"name\":\"VERA World Fine Art Festival 2016 - Arte351 - Art Magazine Portugal\",\"isPartOf\":{\"@id\":\"https:\\\/\\\/arte351.pt\\\/art\\\/#website\"},\"primaryImageOfPage\":{\"@id\":\"https:\\\/\\\/arte351.pt\\\/art\\\/2016\\\/10\\\/13\\\/vera-world-fine-art-festival-2016\\\/#primaryimage\"},\"image\":{\"@id\":\"https:\\\/\\\/arte351.pt\\\/art\\\/2016\\\/10\\\/13\\\/vera-world-fine-art-festival-2016\\\/#primaryimage\"},\"thumbnailUrl\":\"https:\\\/\\\/arte351.pt\\\/art\\\/wp-content\\\/uploads\\\/2016\\\/10\\\/arte-351-vera-word-fine-art-festival.jpg\",\"datePublished\":\"2016-10-13T23:09:45+00:00\",\"dateModified\":\"2016-10-13T23:17:29+00:00\",\"breadcrumb\":{\"@id\":\"https:\\\/\\\/arte351.pt\\\/art\\\/2016\\\/10\\\/13\\\/vera-world-fine-art-festival-2016\\\/#breadcrumb\"},\"inLanguage\":\"pt-BR\",\"potentialAction\":[{\"@type\":\"ReadAction\",\"target\":[\"https:\\\/\\\/arte351.pt\\\/art\\\/2016\\\/10\\\/13\\\/vera-world-fine-art-festival-2016\\\/\"]}]},{\"@type\":\"ImageObject\",\"inLanguage\":\"pt-BR\",\"@id\":\"https:\\\/\\\/arte351.pt\\\/art\\\/2016\\\/10\\\/13\\\/vera-world-fine-art-festival-2016\\\/#primaryimage\",\"url\":\"https:\\\/\\\/arte351.pt\\\/art\\\/wp-content\\\/uploads\\\/2016\\\/10\\\/arte-351-vera-word-fine-art-festival.jpg\",\"contentUrl\":\"https:\\\/\\\/arte351.pt\\\/art\\\/wp-content\\\/uploads\\\/2016\\\/10\\\/arte-351-vera-word-fine-art-festival.jpg\",\"width\":1280,\"height\":600},{\"@type\":\"BreadcrumbList\",\"@id\":\"https:\\\/\\\/arte351.pt\\\/art\\\/2016\\\/10\\\/13\\\/vera-world-fine-art-festival-2016\\\/#breadcrumb\",\"itemListElement\":[{\"@type\":\"ListItem\",\"position\":1,\"name\":\"In\u00edcio\",\"item\":\"https:\\\/\\\/arte351.pt\\\/art\\\/\"},{\"@type\":\"ListItem\",\"position\":2,\"name\":\"VERA World Fine Art Festival 2016\"}]},{\"@type\":\"WebSite\",\"@id\":\"https:\\\/\\\/arte351.pt\\\/art\\\/#website\",\"url\":\"https:\\\/\\\/arte351.pt\\\/art\\\/\",\"name\":\"Arte351 - Art Magazine Portugal\",\"description\":\"\",\"publisher\":{\"@id\":\"https:\\\/\\\/arte351.pt\\\/art\\\/#organization\"},\"potentialAction\":[{\"@type\":\"SearchAction\",\"target\":{\"@type\":\"EntryPoint\",\"urlTemplate\":\"https:\\\/\\\/arte351.pt\\\/art\\\/?s={search_term_string}\"},\"query-input\":{\"@type\":\"PropertyValueSpecification\",\"valueRequired\":true,\"valueName\":\"search_term_string\"}}],\"inLanguage\":\"pt-BR\"},{\"@type\":\"Organization\",\"@id\":\"https:\\\/\\\/arte351.pt\\\/art\\\/#organization\",\"name\":\"Arte351 - Art Magazine Portugal\",\"url\":\"https:\\\/\\\/arte351.pt\\\/art\\\/\",\"logo\":{\"@type\":\"ImageObject\",\"inLanguage\":\"pt-BR\",\"@id\":\"https:\\\/\\\/arte351.pt\\\/art\\\/#\\\/schema\\\/logo\\\/image\\\/\",\"url\":\"https:\\\/\\\/arte351.pt\\\/art\\\/wp-content\\\/uploads\\\/2020\\\/03\\\/cropped-logo-arte351-color.png\",\"contentUrl\":\"https:\\\/\\\/arte351.pt\\\/art\\\/wp-content\\\/uploads\\\/2020\\\/03\\\/cropped-logo-arte351-color.png\",\"width\":514,\"height\":200,\"caption\":\"Arte351 - Art Magazine Portugal\"},\"image\":{\"@id\":\"https:\\\/\\\/arte351.pt\\\/art\\\/#\\\/schema\\\/logo\\\/image\\\/\"},\"sameAs\":[\"https:\\\/\\\/www.facebook.com\\\/arte351magazine\\\/\"]},{\"@type\":\"Person\",\"@id\":\"https:\\\/\\\/arte351.pt\\\/art\\\/#\\\/schema\\\/person\\\/1d081d5dbc7c2a3f2317da95c823a5bd\",\"name\":\"Equipa Arte 351\",\"image\":{\"@type\":\"ImageObject\",\"inLanguage\":\"pt-BR\",\"@id\":\"https:\\\/\\\/secure.gravatar.com\\\/avatar\\\/3f97e62c832ede8fafe5d2f9e31f8a055e187b6b31056d1e065d95e034db52e2?s=96&d=mm&r=g\",\"url\":\"https:\\\/\\\/secure.gravatar.com\\\/avatar\\\/3f97e62c832ede8fafe5d2f9e31f8a055e187b6b31056d1e065d95e034db52e2?s=96&d=mm&r=g\",\"contentUrl\":\"https:\\\/\\\/secure.gravatar.com\\\/avatar\\\/3f97e62c832ede8fafe5d2f9e31f8a055e187b6b31056d1e065d95e034db52e2?s=96&d=mm&r=g\",\"caption\":\"Equipa Arte 351\"},\"url\":\"https:\\\/\\\/arte351.pt\\\/art\\\/author\\\/admin2\\\/\"}]}<\/script>\n<!-- \/ Yoast SEO plugin. -->","yoast_head_json":{"title":"VERA World Fine Art Festival 2016 - Arte351 - Art Magazine Portugal","robots":{"index":"index","follow":"follow","max-snippet":"max-snippet:-1","max-image-preview":"max-image-preview:large","max-video-preview":"max-video-preview:-1"},"canonical":"https:\/\/arte351.pt\/art\/2016\/10\/13\/vera-world-fine-art-festival-2016\/","og_locale":"pt_BR","og_type":"article","og_title":"VERA World Fine Art Festival 2016 - Arte351 - Art Magazine Portugal","og_description":"\u00a0VERA World Fine Art Festival, volta a Lisboa em mais uma edi\u00e7\u00e3o. Abrangente o \u201cVERA\u201d, como o festival \u00e9 conhecido, \u00e9 uma oportunidade para artistas, galeristas e curadores conhecerem e [&hellip;]","og_url":"https:\/\/arte351.pt\/art\/2016\/10\/13\/vera-world-fine-art-festival-2016\/","og_site_name":"Arte351 - Art Magazine Portugal","article_publisher":"https:\/\/www.facebook.com\/arte351magazine\/","article_published_time":"2016-10-13T23:09:45+00:00","article_modified_time":"2016-10-13T23:17:29+00:00","og_image":[{"width":1280,"height":600,"url":"https:\/\/arte351.pt\/art\/wp-content\/uploads\/2016\/10\/arte-351-vera-word-fine-art-festival.jpg","type":"image\/jpeg"}],"author":"Equipa Arte 351","twitter_misc":{"Escrito por":"Equipa Arte 351","Est. tempo de leitura":"2 minutos"},"schema":{"@context":"https:\/\/schema.org","@graph":[{"@type":"Article","@id":"https:\/\/arte351.pt\/art\/2016\/10\/13\/vera-world-fine-art-festival-2016\/#article","isPartOf":{"@id":"https:\/\/arte351.pt\/art\/2016\/10\/13\/vera-world-fine-art-festival-2016\/"},"author":{"name":"Equipa Arte 351","@id":"https:\/\/arte351.pt\/art\/#\/schema\/person\/1d081d5dbc7c2a3f2317da95c823a5bd"},"headline":"VERA World Fine Art Festival 2016","datePublished":"2016-10-13T23:09:45+00:00","dateModified":"2016-10-13T23:17:29+00:00","mainEntityOfPage":{"@id":"https:\/\/arte351.pt\/art\/2016\/10\/13\/vera-world-fine-art-festival-2016\/"},"wordCount":485,"commentCount":1,"publisher":{"@id":"https:\/\/arte351.pt\/art\/#organization"},"image":{"@id":"https:\/\/arte351.pt\/art\/2016\/10\/13\/vera-world-fine-art-festival-2016\/#primaryimage"},"thumbnailUrl":"https:\/\/arte351.pt\/art\/wp-content\/uploads\/2016\/10\/arte-351-vera-word-fine-art-festival.jpg","articleSection":["Arte"],"inLanguage":"pt-BR","potentialAction":[{"@type":"CommentAction","name":"Comment","target":["https:\/\/arte351.pt\/art\/2016\/10\/13\/vera-world-fine-art-festival-2016\/#respond"]}]},{"@type":"WebPage","@id":"https:\/\/arte351.pt\/art\/2016\/10\/13\/vera-world-fine-art-festival-2016\/","url":"https:\/\/arte351.pt\/art\/2016\/10\/13\/vera-world-fine-art-festival-2016\/","name":"VERA World Fine Art Festival 2016 - Arte351 - Art Magazine Portugal","isPartOf":{"@id":"https:\/\/arte351.pt\/art\/#website"},"primaryImageOfPage":{"@id":"https:\/\/arte351.pt\/art\/2016\/10\/13\/vera-world-fine-art-festival-2016\/#primaryimage"},"image":{"@id":"https:\/\/arte351.pt\/art\/2016\/10\/13\/vera-world-fine-art-festival-2016\/#primaryimage"},"thumbnailUrl":"https:\/\/arte351.pt\/art\/wp-content\/uploads\/2016\/10\/arte-351-vera-word-fine-art-festival.jpg","datePublished":"2016-10-13T23:09:45+00:00","dateModified":"2016-10-13T23:17:29+00:00","breadcrumb":{"@id":"https:\/\/arte351.pt\/art\/2016\/10\/13\/vera-world-fine-art-festival-2016\/#breadcrumb"},"inLanguage":"pt-BR","potentialAction":[{"@type":"ReadAction","target":["https:\/\/arte351.pt\/art\/2016\/10\/13\/vera-world-fine-art-festival-2016\/"]}]},{"@type":"ImageObject","inLanguage":"pt-BR","@id":"https:\/\/arte351.pt\/art\/2016\/10\/13\/vera-world-fine-art-festival-2016\/#primaryimage","url":"https:\/\/arte351.pt\/art\/wp-content\/uploads\/2016\/10\/arte-351-vera-word-fine-art-festival.jpg","contentUrl":"https:\/\/arte351.pt\/art\/wp-content\/uploads\/2016\/10\/arte-351-vera-word-fine-art-festival.jpg","width":1280,"height":600},{"@type":"BreadcrumbList","@id":"https:\/\/arte351.pt\/art\/2016\/10\/13\/vera-world-fine-art-festival-2016\/#breadcrumb","itemListElement":[{"@type":"ListItem","position":1,"name":"In\u00edcio","item":"https:\/\/arte351.pt\/art\/"},{"@type":"ListItem","position":2,"name":"VERA World Fine Art Festival 2016"}]},{"@type":"WebSite","@id":"https:\/\/arte351.pt\/art\/#website","url":"https:\/\/arte351.pt\/art\/","name":"Arte351 - Art Magazine Portugal","description":"","publisher":{"@id":"https:\/\/arte351.pt\/art\/#organization"},"potentialAction":[{"@type":"SearchAction","target":{"@type":"EntryPoint","urlTemplate":"https:\/\/arte351.pt\/art\/?s={search_term_string}"},"query-input":{"@type":"PropertyValueSpecification","valueRequired":true,"valueName":"search_term_string"}}],"inLanguage":"pt-BR"},{"@type":"Organization","@id":"https:\/\/arte351.pt\/art\/#organization","name":"Arte351 - Art Magazine Portugal","url":"https:\/\/arte351.pt\/art\/","logo":{"@type":"ImageObject","inLanguage":"pt-BR","@id":"https:\/\/arte351.pt\/art\/#\/schema\/logo\/image\/","url":"https:\/\/arte351.pt\/art\/wp-content\/uploads\/2020\/03\/cropped-logo-arte351-color.png","contentUrl":"https:\/\/arte351.pt\/art\/wp-content\/uploads\/2020\/03\/cropped-logo-arte351-color.png","width":514,"height":200,"caption":"Arte351 - Art Magazine Portugal"},"image":{"@id":"https:\/\/arte351.pt\/art\/#\/schema\/logo\/image\/"},"sameAs":["https:\/\/www.facebook.com\/arte351magazine\/"]},{"@type":"Person","@id":"https:\/\/arte351.pt\/art\/#\/schema\/person\/1d081d5dbc7c2a3f2317da95c823a5bd","name":"Equipa Arte 351","image":{"@type":"ImageObject","inLanguage":"pt-BR","@id":"https:\/\/secure.gravatar.com\/avatar\/3f97e62c832ede8fafe5d2f9e31f8a055e187b6b31056d1e065d95e034db52e2?s=96&d=mm&r=g","url":"https:\/\/secure.gravatar.com\/avatar\/3f97e62c832ede8fafe5d2f9e31f8a055e187b6b31056d1e065d95e034db52e2?s=96&d=mm&r=g","contentUrl":"https:\/\/secure.gravatar.com\/avatar\/3f97e62c832ede8fafe5d2f9e31f8a055e187b6b31056d1e065d95e034db52e2?s=96&d=mm&r=g","caption":"Equipa Arte 351"},"url":"https:\/\/arte351.pt\/art\/author\/admin2\/"}]}},"_links":{"self":[{"href":"https:\/\/arte351.pt\/art\/wp-json\/wp\/v2\/posts\/998","targetHints":{"allow":["GET"]}}],"collection":[{"href":"https:\/\/arte351.pt\/art\/wp-json\/wp\/v2\/posts"}],"about":[{"href":"https:\/\/arte351.pt\/art\/wp-json\/wp\/v2\/types\/post"}],"author":[{"embeddable":true,"href":"https:\/\/arte351.pt\/art\/wp-json\/wp\/v2\/users\/34415"}],"replies":[{"embeddable":true,"href":"https:\/\/arte351.pt\/art\/wp-json\/wp\/v2\/comments?post=998"}],"version-history":[{"count":6,"href":"https:\/\/arte351.pt\/art\/wp-json\/wp\/v2\/posts\/998\/revisions"}],"predecessor-version":[{"id":1013,"href":"https:\/\/arte351.pt\/art\/wp-json\/wp\/v2\/posts\/998\/revisions\/1013"}],"wp:featuredmedia":[{"embeddable":true,"href":"https:\/\/arte351.pt\/art\/wp-json\/wp\/v2\/media\/999"}],"wp:attachment":[{"href":"https:\/\/arte351.pt\/art\/wp-json\/wp\/v2\/media?parent=998"}],"wp:term":[{"taxonomy":"category","embeddable":true,"href":"https:\/\/arte351.pt\/art\/wp-json\/wp\/v2\/categories?post=998"},{"taxonomy":"post_tag","embeddable":true,"href":"https:\/\/arte351.pt\/art\/wp-json\/wp\/v2\/tags?post=998"}],"curies":[{"name":"wp","href":"https:\/\/api.w.org\/{rel}","templated":true}]}}